{"id":4689,"date":"2025-01-29T17:18:04","date_gmt":"2025-01-29T16:18:04","guid":{"rendered":"https:\/\/vieassociative.be\/actualites\/huit-chansons-de-noel-populaires-qui-ne-sont-pas-vraiment-des-chansons-de-noel\/"},"modified":"2025-01-29T17:18:04","modified_gmt":"2025-01-29T16:18:04","slug":"huit-chansons-de-noel-populaires-qui-ne-sont-pas-vraiment-des-chansons-de-noel","status":"publish","type":"post","link":"https:\/\/vieassociative.be\/actualites\/huit-chansons-de-noel-populaires-qui-ne-sont-pas-vraiment-des-chansons-de-noel\/","title":{"rendered":"Huit \u00ab\u00a0 chansons de No\u00ebl \u00a0\u00bb populaires qui ne sont pas vraiment des chansons de No\u00ebl"},"content":{"rendered":"<div class=\"mt-4 leading-6 md:mb-8\">Parfois, les chansons deviennent des classiques de vacances sans aucune raison.<\/div>\n<p><\/p>\n<p>Chaque ann\u00e9e, la saison des f\u00eates semble s&rsquo;allonger. Au moment o\u00f9 No\u00ebl arrive r\u00e9ellement, vous avez entendu plus que votre juste part de la musique de No\u00ebl &#8211; c&rsquo;est pratiquement incontournable. Et chaque playlist des f\u00eates ressemble presque \u00e0 la suivante; Si vous recherchez la \u00abmusique de No\u00ebl\u00bb sur n&rsquo;importe quelle plate-forme, vous obtiendrez des r\u00e9sultats similaires, y compris un tas de chansons qui sont devenues \u00e9troitement associ\u00e9es aux vacances mais ne le sont pas <em>en fait<\/em> Chansons de No\u00ebl sauf par association.<\/p>\n<p>Parfois, ces chansons de No\u00ebl non-Christmas ont du sens, car leur imagerie lyrique est tout hivernale et il est facile de voir les vacances impliqu\u00e9es en eux. Mais si vous faites une pause un instant pour vraiment penser \u00e0 ces paroles, c&rsquo;est g\u00e9n\u00e9ralement assez \u00e9vident ce qui est et <em>non<\/em> un r\u00e9el, <em>authentique<\/em> Chanson de No\u00ebl. Voici onze qui se sont faufil\u00e9s dans la saison des f\u00eates sous de faux pr\u00e9textes.<\/p>\n<h2 id=\"winter-wonderland\">\u00abWinter Wonderland\u00bb<\/h2>\n<div class=\"mx-auto mt-8 w-full max-w-4xl\">\n<div id=\"video-container-oIKt5p3UmXg?si=tj-0_5mDaPDfxx-5\"><\/div>\n<\/div>\n<p>Une constante sur les listes de lecture des f\u00eates, \u00abWinter Wonderland\u00bb a commenc\u00e9 sa vie en tant que po\u00e8me compos\u00e9 par Richard Bernhard Smith alors qu&rsquo;il se remettait d&rsquo;un coup de tuberculose en 1934. Isol\u00e9 dans un sanatorium en raison de sa maladie tr\u00e8s contagieuse, Smith a pass\u00e9 le temps d&rsquo;entrer des concours \u00e9crivant commercial commercial commercial commercial Jingles pour les entreprises. Se r\u00e9veillant un jour \u00e0 des chutes de neige fra\u00eeches, il a \u00e9crit les mots qui allaient devenir ce classique des F\u00eates. La musique a \u00e9t\u00e9 compos\u00e9e pour cela la m\u00eame ann\u00e9e, et c&rsquo;est devenu un succ\u00e8s instantan\u00e9 &#8211; mais il n&rsquo;y a aucune mention de No\u00ebl l\u00e0-dedans, et la chanson n&rsquo;a jamais \u00e9t\u00e9 vraiment destin\u00e9e \u00e0 une chanson de vacances.<\/p>\n<h2 id=\"jingle-bells\">\u00ab\u00a0Jingle Bells\u00a0\u00bb<\/h2>\n<div class=\"mx-auto mt-8 w-full max-w-4xl\">\n<div id=\"video-container--aQw3DoGuqs?si=CvUB5gJcaFP7Sx1Z\"><\/div>\n<\/div>\n<p>Compos\u00e9 en 1857 par James Pierpont, \u00ab\u00a0Jingle Bells\u00a0\u00bb \u00e9tait \u00e0 l&rsquo;origine appel\u00e9 \u00ab\u00a0One Horse Open Sleigh\u00a0\u00bb. Il <em>est<\/em> Techniquement une chanson de vacances &#8211; elle \u00e9tait \u00e0 l&rsquo;origine destin\u00e9e \u00e0 \u00eatre un air sur le th\u00e8me de Thanksgiving. La chanson compl\u00e8te est en fait un peu espi\u00e8gle, racontant une histoire de jeunes hommes qui courent leurs tra\u00eeneaux, essayant de ramasser des filles et de se lancer dans un accident violent. C&rsquo;est essentiellement un appel \u00e0 semer ces avoines sauvages pendant que vous le pouvez, donc c&rsquo;est un peu remarquable que ce soit un classique de No\u00ebl.<\/p>\n<h2 id=\"jingle-bell-rock\">\u00ab\u00a0Jingle Bell Rock\u00a0\u00bb<\/h2>\n<div class=\"mx-auto mt-8 w-full max-w-4xl\">\n<div id=\"video-container-N_OG8CyKXO0?si=lJBXyP0t7UUvfWQ\"><\/div>\n<\/div>\n<p>\u00c9crit par une paire de dirigeants d&rsquo;\u00e2ge moyen et enregistr\u00e9 par une star de musique country \u00e9mergente du nom de Bobby Helms, \u00ab\u00a0Jingle Bell Rock\u00a0\u00bb ne manque pas d&rsquo;esprit de No\u00ebl litt\u00e9ral &#8211; it <em>d\u00e9lib\u00e9r\u00e9ment<\/em> manque de lui. Selon le Los Angeles Times, Helms est venu d&rsquo;un milieu assez religieux et savait que sa m\u00e8re n&rsquo;approuverait pas de m\u00e9langer la religion avec le rock n &lsquo;roll (c&rsquo;\u00e9tait en 1957, alors que la musique rock \u00e9tait toujours consid\u00e9r\u00e9e comme une tendance dangereuse corrompant la jeunesse d&rsquo;Am\u00e9rique ). Il s&rsquo;est donc assur\u00e9 que les paroles \u00e9taient compl\u00e8tement sans religion.<\/p>\n<h2 id=\"let-it-snow-let-it-snow-let-it-snow\">\u00abLaissez-le neige! Laissez-le neige! Laissez-le neige!<\/h2>\n<\/p>\n<div class=\"mx-auto mt-8 w-full max-w-4xl\">\n<div id=\"video-container-Rnil5LyK_B0?si=0nhPR82RmoAjBlNP\"><\/div>\n<\/div>\n<p>\u00c9crit par Sammy Cahn et Jule Styne en 1945, \u00ablaissez-le neige! Laissez-le neige! Laissez-le neige! (Oui, le titre officiel a la phrase r\u00e9p\u00e9t\u00e9e trois fois) a \u00e9t\u00e9 inspir\u00e9e par l&rsquo;oppos\u00e9 de Christmastime: une vague de chaleur. Smoulter dans la chaleur de Californie \u00e0 l&rsquo;\u00e9poque avant la climatisation, les auteurs-compositeurs ont \u00e9voqu\u00e9 une image d&rsquo;une matin\u00e9e froide et neigeuse pour refroidir leurs nerfs surchauff\u00e9s et un classique de vacances qui ne mentionne jamais une seule fois No\u00ebl.<\/p>\n<h2 id=\"frosty-the-snowman\">\u00ab\u00a0Frosty le bonhomme de neige\u00a0\u00bb<\/h2>\n<div class=\"mx-auto mt-8 w-full max-w-4xl\">\n<div id=\"video-container-k6zW225k_O0?si=xPSoVjyUeVWNxPq-\"><\/div>\n<\/div>\n<p>Peut-\u00eatre que la chanson de No\u00ebl la plus irritante de tous les temps est associ\u00e9e aux vacances en grande partie en raison du sp\u00e9cial de t\u00e9l\u00e9vision bien-aim\u00e9 de 1969 construit autour de la chanson, dans laquelle un bonhomme de neige prend vie via un chapeau magique et terrorise un quartier. Mais la chanson elle-m\u00eame a \u00e9t\u00e9 con\u00e7ue comme une chanson plus g\u00e9n\u00e9rique de la saison d&rsquo;hiver, \u00e9crite sp\u00e9cifiquement pour Gene Autry en 1950 en tant que suivi de son hit smash \u00ab\u00a0Rudolph the Red au nez rouge\u00a0\u00bb. Lorsque le sp\u00e9cial de la t\u00e9l\u00e9vision a \u00e9t\u00e9 con\u00e7u, l&rsquo;intrigue de la chanson a \u00e9t\u00e9 \u00e9largie et les trucs de No\u00ebl ont \u00e9t\u00e9 r\u00e9unis, y compris une parole finale modifi\u00e9e qui a chang\u00e9 \u00ab\u00e0 nouveau un jour\u00bb pour \u00abretour le jour de No\u00ebl\u00bb.<\/p>\n<h2 id=\"linus-and-lucy-by-the-vince-guaraldi-trio\">\u00abLinus et Lucy\u00bb par le trio de Vince Guaraldi<\/h2>\n<div class=\"mx-auto mt-8 w-full max-w-4xl\">\n<div id=\"video-container-x6zypc_LhnM?si=3oFkB-D6a7hZ3ro7\"><\/div>\n<\/div>\n<p>Compos\u00e9 \u00e0 l&rsquo;origine pour \u00eatre sur la bande originale d&rsquo;un documentaire, la chanson qui est devenue la norme de jazz (et la chanson th\u00e8me non officielle du <em>Arachides<\/em> dessins anim\u00e9s) n&rsquo;a aucun contenu lyrique. La seule raison pour laquelle nous l&rsquo;associons \u00e0 No\u00ebl est ses d\u00e9buts dans le cadre de la bande originale pour <em>Un No\u00ebl Charlie Brown<\/em> En 1965. M\u00eame si la chanson est apparue dans toutes les sp\u00e9ciaux suivantes de Charlie Brown et ne pr\u00e9sente m\u00eame pas de cloches ou d&rsquo;autres touches de vacances, elle est consid\u00e9r\u00e9e comme une chanson de No\u00ebl en cons\u00e9quence.<\/p>\n<h2 id=\"sleigh-ride\">\u00ab\u00a0Ride en tra\u00eeneau\u00a0\u00bb<\/h2>\n<div class=\"mx-auto mt-8 w-full max-w-4xl\">\n<div id=\"video-container-XZTzai1H9DM?si=MTExZECpuL8XPdGR\"><\/div>\n<\/div>\n<p>\u00abSleigh Ride\u00bb est un autre classique de No\u00ebl qui est \u00e0 la fois inspir\u00e9 par une vague de chaleur et n&rsquo;a rien \u00e0 voir avec No\u00ebl. Le compositeur Leroy Anderson a \u00e9t\u00e9 enferm\u00e9 dans un chalet chaud dans le Connecticut lors d&rsquo;un \u00e9t\u00e9 chaud de 1946, et a \u00e9crit \u00ab\u00a0Sleigh Ride\u00a0\u00bb tout en souhaitant un temps plus frais. Il le d\u00e9crit comme \u00abjuste un autre morceau de musique que j&rsquo;ai \u00e9crit\u00bb.<\/p>\n<h2 id=\"my-favorite-things\">\u00ab\u00a0Mes choses pr\u00e9f\u00e9r\u00e9es\u00a0\u00bb<\/h2>\n<div class=\"mx-auto mt-8 w-full max-w-4xl\">\n<div id=\"video-container-bACiODIbf84?si=LbbcpCmPA-WEsmL\"><\/div>\n<\/div>\n<p>Cette chanson classique est maintenant connue principalement gr\u00e2ce \u00e0 Julie Andrews et <em>Le son de la musique<\/em>mais il a fait ses d\u00e9buts publics en 1959 dans le cadre de la production de l&rsquo;histoire de Broadway. Il n&rsquo;\u00e9tait pas \u00e0 l&rsquo;origine destin\u00e9 \u00e0 une chanson sur le th\u00e8me des vacances, mais lorsque le film devait sortir en 1965, les producteurs craignaient de ne pas avoir de ventes de billets de conduite \u00e0 succ\u00e8s, alors ils se sont approch\u00e9s du chanteur Jack Jones sur l&rsquo;enregistrement de l&rsquo;une des Chansons dans l&rsquo;espoir d&rsquo;atterrir sur les graphiques. Jones faisait un album de No\u00ebl et aimait \u00abMy Favorite Things\u00bb, mais craignait que ce ne soit pas vraiment une chanson de No\u00ebl. La solution? \u00ab\u00a0Ajoutez simplement des cloches de tra\u00eeneau.\u00a0\u00bb Cela a fonctionn\u00e9.<\/p>\n","protected":false},"excerpt":{"rendered":"<p>Parfois, les chansons deviennent des classiques de vacances sans aucune raison. Chaque ann\u00e9e, la saison des f\u00eates semble s&rsquo;allonger. Au moment o\u00f9 No\u00ebl arrive r\u00e9ellement,<\/p>\n","protected":false},"author":1,"featured_media":4690,"comment_status":"","ping_status":"","sticky":false,"template":"","format":"standard","meta":{"footnotes":""},"categories":[36],"tags":[5025,29,78,1557,126,2795,99,18,523],"class_list":["post-4689","post","type-post","status-publish","format-standard","has-post-thumbnail","hentry","category-divertissement","tag-chansons","tag-des","tag-huit","tag-noel","tag-pas","tag-populaires","tag-qui","tag-sont","tag-vraiment","generate-columns","tablet-grid-50","mobile-grid-100","grid-parent","grid-33"],"yoast_head":"<!-- This site is optimized with the Yoast SEO plugin v24.0 - https:\/\/yoast.com\/wordpress\/plugins\/seo\/ -->\n<title>Huit `` chansons de No\u00ebl &#039;&#039; populaires qui ne sont pas vraiment des chansons de No\u00ebl | Vie Associative<\/title>\n<meta name=\"robots\" content=\"index, follow, max-snippet:-1, max-image-preview:large, max-video-preview:-1\" \/>\n<link rel=\"canonical\" href=\"https:\/\/vieassociative.be\/actualites\/huit-chansons-de-noel-populaires-qui-ne-sont-pas-vraiment-des-chansons-de-noel\/\" \/>\n<meta property=\"og:locale\" content=\"fr_FR\" \/>\n<meta property=\"og:type\" content=\"article\" \/>\n<meta property=\"og:title\" content=\"Huit `` chansons de No\u00ebl &#039;&#039; populaires qui ne sont pas vraiment des chansons de No\u00ebl | Vie Associative\" \/>\n<meta property=\"og:description\" content=\"Parfois, les chansons deviennent des classiques de vacances sans aucune raison. Chaque ann\u00e9e, la saison des f\u00eates semble s&rsquo;allonger. Au moment o\u00f9 No\u00ebl arrive r\u00e9ellement,\" \/>\n<meta property=\"og:url\" content=\"https:\/\/vieassociative.be\/actualites\/huit-chansons-de-noel-populaires-qui-ne-sont-pas-vraiment-des-chansons-de-noel\/\" \/>\n<meta property=\"og:site_name\" content=\"Vie Associative\" \/>\n<meta property=\"article:published_time\" content=\"2025-01-29T16:18:04+00:00\" \/>\n<meta property=\"og:image\" content=\"https:\/\/vieassociative.be\/actualites\/wp-content\/uploads\/2024\/09\/header_backgroundk-01-e1726694325946.png\" \/>\n\t<meta property=\"og:image:width\" content=\"279\" \/>\n\t<meta property=\"og:image:height\" content=\"92\" \/>\n\t<meta property=\"og:image:type\" content=\"image\/png\" \/>\n<meta name=\"author\" content=\"Julien\" \/>\n<meta name=\"twitter:card\" content=\"summary_large_image\" \/>\n<meta name=\"twitter:label1\" content=\"\u00c9crit par\" \/>\n\t<meta name=\"twitter:data1\" content=\"Julien\" \/>\n\t<meta name=\"twitter:label2\" content=\"Dur\u00e9e de lecture est.\" \/>\n\t<meta name=\"twitter:data2\" content=\"5 minutes\" \/>\n<script type=\"application\/ld+json\" class=\"yoast-schema-graph\">{\"@context\":\"https:\/\/schema.org\",\"@graph\":[{\"@type\":\"Article\",\"@id\":\"https:\/\/vieassociative.be\/actualites\/huit-chansons-de-noel-populaires-qui-ne-sont-pas-vraiment-des-chansons-de-noel\/#article\",\"isPartOf\":{\"@id\":\"https:\/\/vieassociative.be\/actualites\/huit-chansons-de-noel-populaires-qui-ne-sont-pas-vraiment-des-chansons-de-noel\/\"},\"author\":{\"name\":\"Julien\",\"@id\":\"https:\/\/vieassociative.be\/actualites\/#\/schema\/person\/b87ac4f82f9d4e7b7cec7395b679edc4\"},\"headline\":\"Huit \u00ab\u00a0 chansons de No\u00ebl \u00a0\u00bb populaires qui ne sont pas vraiment des chansons de No\u00ebl\",\"datePublished\":\"2025-01-29T16:18:04+00:00\",\"dateModified\":\"2025-01-29T16:18:04+00:00\",\"mainEntityOfPage\":{\"@id\":\"https:\/\/vieassociative.be\/actualites\/huit-chansons-de-noel-populaires-qui-ne-sont-pas-vraiment-des-chansons-de-noel\/\"},\"wordCount\":1145,\"publisher\":{\"@id\":\"https:\/\/vieassociative.be\/actualites\/#organization\"},\"image\":{\"@id\":\"https:\/\/vieassociative.be\/actualites\/huit-chansons-de-noel-populaires-qui-ne-sont-pas-vraiment-des-chansons-de-noel\/#primaryimage\"},\"thumbnailUrl\":\"https:\/\/vieassociative.be\/actualites\/wp-content\/uploads\/2025\/01\/Huit-chansons-de-Noel-populaires-qui-ne-sont-pas.png\",\"keywords\":[\"chansons\",\"Des\",\"Huit\",\"No\u00ebl\",\"pas\",\"populaires\",\"qui\",\"sont\",\"vraiment\"],\"articleSection\":[\"Divertissement\"],\"inLanguage\":\"fr-BE\"},{\"@type\":\"WebPage\",\"@id\":\"https:\/\/vieassociative.be\/actualites\/huit-chansons-de-noel-populaires-qui-ne-sont-pas-vraiment-des-chansons-de-noel\/\",\"url\":\"https:\/\/vieassociative.be\/actualites\/huit-chansons-de-noel-populaires-qui-ne-sont-pas-vraiment-des-chansons-de-noel\/\",\"name\":\"Huit `` chansons de No\u00ebl '' populaires qui ne sont pas vraiment des chansons de No\u00ebl | Vie Associative\",\"isPartOf\":{\"@id\":\"https:\/\/vieassociative.be\/actualites\/#website\"},\"primaryImageOfPage\":{\"@id\":\"https:\/\/vieassociative.be\/actualites\/huit-chansons-de-noel-populaires-qui-ne-sont-pas-vraiment-des-chansons-de-noel\/#primaryimage\"},\"image\":{\"@id\":\"https:\/\/vieassociative.be\/actualites\/huit-chansons-de-noel-populaires-qui-ne-sont-pas-vraiment-des-chansons-de-noel\/#primaryimage\"},\"thumbnailUrl\":\"https:\/\/vieassociative.be\/actualites\/wp-content\/uploads\/2025\/01\/Huit-chansons-de-Noel-populaires-qui-ne-sont-pas.png\",\"datePublished\":\"2025-01-29T16:18:04+00:00\",\"dateModified\":\"2025-01-29T16:18:04+00:00\",\"breadcrumb\":{\"@id\":\"https:\/\/vieassociative.be\/actualites\/huit-chansons-de-noel-populaires-qui-ne-sont-pas-vraiment-des-chansons-de-noel\/#breadcrumb\"},\"inLanguage\":\"fr-BE\",\"potentialAction\":[{\"@type\":\"ReadAction\",\"target\":[\"https:\/\/vieassociative.be\/actualites\/huit-chansons-de-noel-populaires-qui-ne-sont-pas-vraiment-des-chansons-de-noel\/\"]}]},{\"@type\":\"ImageObject\",\"inLanguage\":\"fr-BE\",\"@id\":\"https:\/\/vieassociative.be\/actualites\/huit-chansons-de-noel-populaires-qui-ne-sont-pas-vraiment-des-chansons-de-noel\/#primaryimage\",\"url\":\"https:\/\/vieassociative.be\/actualites\/wp-content\/uploads\/2025\/01\/Huit-chansons-de-Noel-populaires-qui-ne-sont-pas.png\",\"contentUrl\":\"https:\/\/vieassociative.be\/actualites\/wp-content\/uploads\/2025\/01\/Huit-chansons-de-Noel-populaires-qui-ne-sont-pas.png\",\"width\":1200,\"height\":675,\"caption\":\"Huit `` chansons de No\u00ebl '' populaires qui ne sont pas vraiment des chansons de No\u00ebl\"},{\"@type\":\"BreadcrumbList\",\"@id\":\"https:\/\/vieassociative.be\/actualites\/huit-chansons-de-noel-populaires-qui-ne-sont-pas-vraiment-des-chansons-de-noel\/#breadcrumb\",\"itemListElement\":[{\"@type\":\"ListItem\",\"position\":1,\"name\":\"Accueil\",\"item\":\"https:\/\/vieassociative.be\/actualites\/\"},{\"@type\":\"ListItem\",\"position\":2,\"name\":\"Huit \u00ab\u00a0 chansons de No\u00ebl \u00a0\u00bb populaires qui ne sont pas vraiment des chansons de No\u00ebl\"}]},{\"@type\":\"WebSite\",\"@id\":\"https:\/\/vieassociative.be\/actualites\/#website\",\"url\":\"https:\/\/vieassociative.be\/actualites\/\",\"name\":\"Vie Associative\",\"description\":\"\",\"publisher\":{\"@id\":\"https:\/\/vieassociative.be\/actualites\/#organization\"},\"potentialAction\":[{\"@type\":\"SearchAction\",\"target\":{\"@type\":\"EntryPoint\",\"urlTemplate\":\"https:\/\/vieassociative.be\/actualites\/?s={search_term_string}\"},\"query-input\":{\"@type\":\"PropertyValueSpecification\",\"valueRequired\":true,\"valueName\":\"search_term_string\"}}],\"inLanguage\":\"fr-BE\"},{\"@type\":\"Organization\",\"@id\":\"https:\/\/vieassociative.be\/actualites\/#organization\",\"name\":\"Vie Associative\",\"url\":\"https:\/\/vieassociative.be\/actualites\/\",\"logo\":{\"@type\":\"ImageObject\",\"inLanguage\":\"fr-BE\",\"@id\":\"https:\/\/vieassociative.be\/actualites\/#\/schema\/logo\/image\/\",\"url\":\"https:\/\/vieassociative.be\/actualites\/wp-content\/uploads\/2024\/09\/cropped-vieassociative_favicon.ico.png\",\"contentUrl\":\"https:\/\/vieassociative.be\/actualites\/wp-content\/uploads\/2024\/09\/cropped-vieassociative_favicon.ico.png\",\"width\":512,\"height\":512,\"caption\":\"Vie Associative\"},\"image\":{\"@id\":\"https:\/\/vieassociative.be\/actualites\/#\/schema\/logo\/image\/\"}},{\"@type\":\"Person\",\"@id\":\"https:\/\/vieassociative.be\/actualites\/#\/schema\/person\/b87ac4f82f9d4e7b7cec7395b679edc4\",\"name\":\"Julien\",\"image\":{\"@type\":\"ImageObject\",\"inLanguage\":\"fr-BE\",\"@id\":\"https:\/\/vieassociative.be\/actualites\/#\/schema\/person\/image\/\",\"url\":\"https:\/\/vieassociative.be\/actualites\/wp-content\/uploads\/2024\/09\/vie-associative-1-150x150.jpg\",\"contentUrl\":\"https:\/\/vieassociative.be\/actualites\/wp-content\/uploads\/2024\/09\/vie-associative-1-150x150.jpg\",\"caption\":\"Julien\"},\"description\":\"Je suis Julien, r\u00e9dacteur pour Vie Associative. Passionn\u00e9 par le monde associatif depuis plus de 10 ans, j'ai \u00e0 c\u0153ur de partager des histoires inspirantes et de mettre en lumi\u00e8re les initiatives locales. Mon objectif est de sensibiliser et d'encourager l'engagement communautaire \u00e0 travers mes articles.\",\"sameAs\":[\"https:\/\/vieassociative.be\/\"]}]}<\/script>\n<!-- \/ Yoast SEO plugin. -->","yoast_head_json":{"title":"Huit `` chansons de No\u00ebl '' populaires qui ne sont pas vraiment des chansons de No\u00ebl | Vie Associative","robots":{"index":"index","follow":"follow","max-snippet":"max-snippet:-1","max-image-preview":"max-image-preview:large","max-video-preview":"max-video-preview:-1"},"canonical":"https:\/\/vieassociative.be\/actualites\/huit-chansons-de-noel-populaires-qui-ne-sont-pas-vraiment-des-chansons-de-noel\/","og_locale":"fr_FR","og_type":"article","og_title":"Huit `` chansons de No\u00ebl '' populaires qui ne sont pas vraiment des chansons de No\u00ebl | Vie Associative","og_description":"Parfois, les chansons deviennent des classiques de vacances sans aucune raison. Chaque ann\u00e9e, la saison des f\u00eates semble s&rsquo;allonger. Au moment o\u00f9 No\u00ebl arrive r\u00e9ellement,","og_url":"https:\/\/vieassociative.be\/actualites\/huit-chansons-de-noel-populaires-qui-ne-sont-pas-vraiment-des-chansons-de-noel\/","og_site_name":"Vie Associative","article_published_time":"2025-01-29T16:18:04+00:00","og_image":[{"width":279,"height":92,"url":"https:\/\/vieassociative.be\/actualites\/wp-content\/uploads\/2024\/09\/header_backgroundk-01-e1726694325946.png","type":"image\/png"}],"author":"Julien","twitter_card":"summary_large_image","twitter_misc":{"\u00c9crit par":"Julien","Dur\u00e9e de lecture est.":"5 minutes"},"schema":{"@context":"https:\/\/schema.org","@graph":[{"@type":"Article","@id":"https:\/\/vieassociative.be\/actualites\/huit-chansons-de-noel-populaires-qui-ne-sont-pas-vraiment-des-chansons-de-noel\/#article","isPartOf":{"@id":"https:\/\/vieassociative.be\/actualites\/huit-chansons-de-noel-populaires-qui-ne-sont-pas-vraiment-des-chansons-de-noel\/"},"author":{"name":"Julien","@id":"https:\/\/vieassociative.be\/actualites\/#\/schema\/person\/b87ac4f82f9d4e7b7cec7395b679edc4"},"headline":"Huit \u00ab\u00a0 chansons de No\u00ebl \u00a0\u00bb populaires qui ne sont pas vraiment des chansons de No\u00ebl","datePublished":"2025-01-29T16:18:04+00:00","dateModified":"2025-01-29T16:18:04+00:00","mainEntityOfPage":{"@id":"https:\/\/vieassociative.be\/actualites\/huit-chansons-de-noel-populaires-qui-ne-sont-pas-vraiment-des-chansons-de-noel\/"},"wordCount":1145,"publisher":{"@id":"https:\/\/vieassociative.be\/actualites\/#organization"},"image":{"@id":"https:\/\/vieassociative.be\/actualites\/huit-chansons-de-noel-populaires-qui-ne-sont-pas-vraiment-des-chansons-de-noel\/#primaryimage"},"thumbnailUrl":"https:\/\/vieassociative.be\/actualites\/wp-content\/uploads\/2025\/01\/Huit-chansons-de-Noel-populaires-qui-ne-sont-pas.png","keywords":["chansons","Des","Huit","No\u00ebl","pas","populaires","qui","sont","vraiment"],"articleSection":["Divertissement"],"inLanguage":"fr-BE"},{"@type":"WebPage","@id":"https:\/\/vieassociative.be\/actualites\/huit-chansons-de-noel-populaires-qui-ne-sont-pas-vraiment-des-chansons-de-noel\/","url":"https:\/\/vieassociative.be\/actualites\/huit-chansons-de-noel-populaires-qui-ne-sont-pas-vraiment-des-chansons-de-noel\/","name":"Huit `` chansons de No\u00ebl '' populaires qui ne sont pas vraiment des chansons de No\u00ebl | Vie Associative","isPartOf":{"@id":"https:\/\/vieassociative.be\/actualites\/#website"},"primaryImageOfPage":{"@id":"https:\/\/vieassociative.be\/actualites\/huit-chansons-de-noel-populaires-qui-ne-sont-pas-vraiment-des-chansons-de-noel\/#primaryimage"},"image":{"@id":"https:\/\/vieassociative.be\/actualites\/huit-chansons-de-noel-populaires-qui-ne-sont-pas-vraiment-des-chansons-de-noel\/#primaryimage"},"thumbnailUrl":"https:\/\/vieassociative.be\/actualites\/wp-content\/uploads\/2025\/01\/Huit-chansons-de-Noel-populaires-qui-ne-sont-pas.png","datePublished":"2025-01-29T16:18:04+00:00","dateModified":"2025-01-29T16:18:04+00:00","breadcrumb":{"@id":"https:\/\/vieassociative.be\/actualites\/huit-chansons-de-noel-populaires-qui-ne-sont-pas-vraiment-des-chansons-de-noel\/#breadcrumb"},"inLanguage":"fr-BE","potentialAction":[{"@type":"ReadAction","target":["https:\/\/vieassociative.be\/actualites\/huit-chansons-de-noel-populaires-qui-ne-sont-pas-vraiment-des-chansons-de-noel\/"]}]},{"@type":"ImageObject","inLanguage":"fr-BE","@id":"https:\/\/vieassociative.be\/actualites\/huit-chansons-de-noel-populaires-qui-ne-sont-pas-vraiment-des-chansons-de-noel\/#primaryimage","url":"https:\/\/vieassociative.be\/actualites\/wp-content\/uploads\/2025\/01\/Huit-chansons-de-Noel-populaires-qui-ne-sont-pas.png","contentUrl":"https:\/\/vieassociative.be\/actualites\/wp-content\/uploads\/2025\/01\/Huit-chansons-de-Noel-populaires-qui-ne-sont-pas.png","width":1200,"height":675,"caption":"Huit `` chansons de No\u00ebl '' populaires qui ne sont pas vraiment des chansons de No\u00ebl"},{"@type":"BreadcrumbList","@id":"https:\/\/vieassociative.be\/actualites\/huit-chansons-de-noel-populaires-qui-ne-sont-pas-vraiment-des-chansons-de-noel\/#breadcrumb","itemListElement":[{"@type":"ListItem","position":1,"name":"Accueil","item":"https:\/\/vieassociative.be\/actualites\/"},{"@type":"ListItem","position":2,"name":"Huit \u00ab\u00a0 chansons de No\u00ebl \u00a0\u00bb populaires qui ne sont pas vraiment des chansons de No\u00ebl"}]},{"@type":"WebSite","@id":"https:\/\/vieassociative.be\/actualites\/#website","url":"https:\/\/vieassociative.be\/actualites\/","name":"Vie Associative","description":"","publisher":{"@id":"https:\/\/vieassociative.be\/actualites\/#organization"},"potentialAction":[{"@type":"SearchAction","target":{"@type":"EntryPoint","urlTemplate":"https:\/\/vieassociative.be\/actualites\/?s={search_term_string}"},"query-input":{"@type":"PropertyValueSpecification","valueRequired":true,"valueName":"search_term_string"}}],"inLanguage":"fr-BE"},{"@type":"Organization","@id":"https:\/\/vieassociative.be\/actualites\/#organization","name":"Vie Associative","url":"https:\/\/vieassociative.be\/actualites\/","logo":{"@type":"ImageObject","inLanguage":"fr-BE","@id":"https:\/\/vieassociative.be\/actualites\/#\/schema\/logo\/image\/","url":"https:\/\/vieassociative.be\/actualites\/wp-content\/uploads\/2024\/09\/cropped-vieassociative_favicon.ico.png","contentUrl":"https:\/\/vieassociative.be\/actualites\/wp-content\/uploads\/2024\/09\/cropped-vieassociative_favicon.ico.png","width":512,"height":512,"caption":"Vie Associative"},"image":{"@id":"https:\/\/vieassociative.be\/actualites\/#\/schema\/logo\/image\/"}},{"@type":"Person","@id":"https:\/\/vieassociative.be\/actualites\/#\/schema\/person\/b87ac4f82f9d4e7b7cec7395b679edc4","name":"Julien","image":{"@type":"ImageObject","inLanguage":"fr-BE","@id":"https:\/\/vieassociative.be\/actualites\/#\/schema\/person\/image\/","url":"https:\/\/vieassociative.be\/actualites\/wp-content\/uploads\/2024\/09\/vie-associative-1-150x150.jpg","contentUrl":"https:\/\/vieassociative.be\/actualites\/wp-content\/uploads\/2024\/09\/vie-associative-1-150x150.jpg","caption":"Julien"},"description":"Je suis Julien, r\u00e9dacteur pour Vie Associative. Passionn\u00e9 par le monde associatif depuis plus de 10 ans, j'ai \u00e0 c\u0153ur de partager des histoires inspirantes et de mettre en lumi\u00e8re les initiatives locales. Mon objectif est de sensibiliser et d'encourager l'engagement communautaire \u00e0 travers mes articles.","sameAs":["https:\/\/vieassociative.be\/"]}]}},"_links":{"self":[{"href":"https:\/\/vieassociative.be\/actualites\/wp-json\/wp\/v2\/posts\/4689"}],"collection":[{"href":"https:\/\/vieassociative.be\/actualites\/wp-json\/wp\/v2\/posts"}],"about":[{"href":"https:\/\/vieassociative.be\/actualites\/wp-json\/wp\/v2\/types\/post"}],"author":[{"embeddable":true,"href":"https:\/\/vieassociative.be\/actualites\/wp-json\/wp\/v2\/users\/1"}],"replies":[{"embeddable":true,"href":"https:\/\/vieassociative.be\/actualites\/wp-json\/wp\/v2\/comments?post=4689"}],"version-history":[{"count":0,"href":"https:\/\/vieassociative.be\/actualites\/wp-json\/wp\/v2\/posts\/4689\/revisions"}],"wp:featuredmedia":[{"embeddable":true,"href":"https:\/\/vieassociative.be\/actualites\/wp-json\/wp\/v2\/media\/4690"}],"wp:attachment":[{"href":"https:\/\/vieassociative.be\/actualites\/wp-json\/wp\/v2\/media?parent=4689"}],"wp:term":[{"taxonomy":"category","embeddable":true,"href":"https:\/\/vieassociative.be\/actualites\/wp-json\/wp\/v2\/categories?post=4689"},{"taxonomy":"post_tag","embeddable":true,"href":"https:\/\/vieassociative.be\/actualites\/wp-json\/wp\/v2\/tags?post=4689"}],"curies":[{"name":"wp","href":"https:\/\/api.w.org\/{rel}","templated":true}]}}