{"id":4687,"date":"2025-01-29T15:17:49","date_gmt":"2025-01-29T14:17:49","guid":{"rendered":"https:\/\/vieassociative.be\/actualites\/e-scooter-la-zone-de-police-weser-gohl-rappelle-les-regles\/"},"modified":"2025-01-29T15:17:49","modified_gmt":"2025-01-29T14:17:49","slug":"e-scooter-la-zone-de-police-weser-gohl-rappelle-les-regles","status":"publish","type":"post","link":"https:\/\/vieassociative.be\/actualites\/e-scooter-la-zone-de-police-weser-gohl-rappelle-les-regles\/","title":{"rendered":"E-Scooter: la zone de police Weser-G\u00f6hl rappelle les r\u00e8gles"},"content":{"rendered":"<p><strong>Compte tenu du nombre croissant de scooters, \u00e9galement appel\u00e9s e-scooters, la zone de police de Weser-G\u00f6hl rappelle les r\u00e8gles applicables et pr\u00e9vient les violations.<\/strong><\/p>\n<p><span id=\"more-407084\"><\/span>Au cours des derniers mois, les postes de police ont d\u00e9termin\u00e9 une augmentation des violations avec les e-scooters, en particulier par les mineurs.<\/p>\n<p><strong>&#8211; Qu&rsquo;est-ce qui est interdit? Qu&rsquo;est-ce qui est prescrit? Qu&rsquo;est-ce qui est conseill\u00e9?<\/strong><\/p>\n<p>\u2713 Prendre un passager sur un e-scooter est strictement interdit.<br \/>\n\u2713 E-scooter qui peut conduire plus rapidement que 25 km \/ h ne sont pas autoris\u00e9s.<br \/>\n\u2713 Le stationnement d&rsquo;un scooter sur le trottoir n&rsquo;est autoris\u00e9 que si ce sont les autres<br \/>\nLes usagers de la route ne sont pas \u00e0 risque ou entrav\u00e9s.<br \/>\n\u2713 Vous devez avoir au moins 16 ans pour conduire un e-scooter. Il y a un couple<br \/>\nExceptions de cette r\u00e8gle, par exemple B. dans les zones calcul\u00e9es de trafic qui ne sont r\u00e9serv\u00e9es qu&rsquo;\u00e0 certains groupes de personnes.<\/p>\n<div id=\"attachment_198584\" class=\"wp-caption alignnone\" style=\"max-width: 300px\"><img fetchpriority=\"high\" decoding=\"async\" class=\"wp-image-198584 size-medium\" src=\"https:\/\/vieassociative.be\/actualites\/wp-content\/uploads\/2025\/01\/E-Scooter-la-zone-de-police-Weser-Gohl-rappelle-les-regles.jpeg\" alt=\"\" width=\"300\" height=\"204\"  ><\/p>\n<p class=\"wp-caption-text\">Un homme se rend pour travailler avec un scooter \u00e9lectrique. Bien que non prescrit, le port d&rsquo;un casque est fortement recommand\u00e9. Photo: Nicolas Armer \/ DPA<\/p>\n<\/div>\n<p>Les e-scooters doivent conduire sur la piste cyclable ou, si ce n&rsquo;est pas disponible, dans la rue<br \/>\nJamais sur le trottoir. Donc, le scooter doit \u00eatre sur les trottoirs<br \/>\n\u00eatre pouss\u00e9.<\/p>\n<p>Le scooter E doit avec des r\u00e9flecteurs \u00e0 l&rsquo;avant et \u00e0 l&rsquo;arri\u00e8re (blanc \u00e0 l&rsquo;avant, en arri\u00e8re rouge) et avec<br \/>\nun \u00e9tiquetage r\u00e9fl\u00e9chissant lat\u00e9rale. En conduisant la nuit<br \/>\nOu en mauvaise visibilit\u00e9, les lampes (blanc \u00e0 l&rsquo;avant, arri\u00e8re rouge) doivent \u00eatre activ\u00e9es.<\/p>\n<p>\u2713 L&rsquo;e-scooter doit \u00eatre \u00e9quip\u00e9 d&rsquo;une cloche, qui est d&rsquo;au moins 20 m\u00e8tres<br \/>\nLa distance est audible.<br \/>\n\u2713 L&rsquo;e-scooter doit \u00eatre \u00e9quip\u00e9 de freins efficaces.<br \/>\n\u2713 Bien que non prescrit, le port d&rsquo;un casque est fortement recommand\u00e9.<\/p>\n<p><b>-Les dangers des e-scooters r\u00e9gl\u00e9s: <\/b>La police indique \u00e9galement les dangers des e-scooters qui ont \u00e9t\u00e9 manipul\u00e9s afin qu&rsquo;ils conduisent plus vite que 25 km \/ h. Ces scooters sont consid\u00e9r\u00e9s comme des v\u00e9hicules \u00e0 moteur et doivent \u00eatre approuv\u00e9s, assur\u00e9s et fournis avec une plaque d&rsquo;immatriculation. Le conducteur doit \u00e9galement avoir un permis de conduire valide.<\/p>\n<p><b>&#8211; Sensibilisation des parents et des enfants: <\/b>La police demande aux parents de clarifier leurs enfants sur les r\u00e8gles d&rsquo;utilisation des e-scooters. Il est important d&rsquo;expliquer les risques li\u00e9s \u00e0 la non-observation de la l\u00e9gislation.<\/p>\n<p>La police vous rappelle que la s\u00e9curit\u00e9 routi\u00e8re est concern\u00e9e. La conformit\u00e9 aux r\u00e8gles applicables est essentielle pour garantir la s\u00e9curit\u00e9 des utilisateurs des e-scooters et d&rsquo;autres usagers de la route. Les violations peuvent \u00eatre punies d&rsquo;amendes et d&rsquo;assurer le scooter.<\/p>\n","protected":false},"excerpt":{"rendered":"<p>Compte tenu du nombre croissant de scooters, \u00e9galement appel\u00e9s e-scooters, la zone de police de Weser-G\u00f6hl rappelle les r\u00e8gles applicables et pr\u00e9vient les violations. Au<\/p>\n","protected":false},"author":1,"featured_media":4688,"comment_status":"","ping_status":"","sticky":false,"template":"","format":"standard","meta":{"footnotes":""},"categories":[298],"tags":[5022,14,2741,5024,226,5023,4291],"class_list":["post-4687","post","type-post","status-publish","format-standard","has-post-thumbnail","hentry","category-belgique","tag-escooter","tag-les","tag-police","tag-rappelle","tag-regles","tag-wesergohl","tag-zone","generate-columns","tablet-grid-50","mobile-grid-100","grid-parent","grid-33"],"yoast_head":"<!-- This site is optimized with the Yoast SEO plugin v24.0 - https:\/\/yoast.com\/wordpress\/plugins\/seo\/ -->\n<title>E-Scooter: la zone de police Weser-G\u00f6hl rappelle les r\u00e8gles | Vie Associative<\/title>\n<meta name=\"robots\" content=\"index, follow, max-snippet:-1, max-image-preview:large, max-video-preview:-1\" \/>\n<link rel=\"canonical\" href=\"https:\/\/vieassociative.be\/actualites\/e-scooter-la-zone-de-police-weser-gohl-rappelle-les-regles\/\" \/>\n<meta property=\"og:locale\" content=\"fr_FR\" \/>\n<meta property=\"og:type\" content=\"article\" \/>\n<meta property=\"og:title\" content=\"E-Scooter: la zone de police Weser-G\u00f6hl rappelle les r\u00e8gles | Vie Associative\" \/>\n<meta property=\"og:description\" content=\"Compte tenu du nombre croissant de scooters, \u00e9galement appel\u00e9s e-scooters, la zone de police de Weser-G\u00f6hl rappelle les r\u00e8gles applicables et pr\u00e9vient les violations. Au\" \/>\n<meta property=\"og:url\" content=\"https:\/\/vieassociative.be\/actualites\/e-scooter-la-zone-de-police-weser-gohl-rappelle-les-regles\/\" \/>\n<meta property=\"og:site_name\" content=\"Vie Associative\" \/>\n<meta property=\"article:published_time\" content=\"2025-01-29T14:17:49+00:00\" \/>\n<meta property=\"og:image\" content=\"https:\/\/vieassociative.be\/actualites\/wp-content\/uploads\/2024\/09\/header_backgroundk-01-e1726694325946.png\" \/>\n\t<meta property=\"og:image:width\" content=\"279\" \/>\n\t<meta property=\"og:image:height\" content=\"92\" \/>\n\t<meta property=\"og:image:type\" content=\"image\/png\" \/>\n<meta name=\"author\" content=\"Julien\" \/>\n<meta name=\"twitter:card\" content=\"summary_large_image\" \/>\n<meta name=\"twitter:label1\" content=\"\u00c9crit par\" \/>\n\t<meta name=\"twitter:data1\" content=\"Julien\" \/>\n\t<meta name=\"twitter:label2\" content=\"Dur\u00e9e de lecture est.\" \/>\n\t<meta name=\"twitter:data2\" content=\"2 minutes\" \/>\n<script type=\"application\/ld+json\" class=\"yoast-schema-graph\">{\"@context\":\"https:\/\/schema.org\",\"@graph\":[{\"@type\":\"Article\",\"@id\":\"https:\/\/vieassociative.be\/actualites\/e-scooter-la-zone-de-police-weser-gohl-rappelle-les-regles\/#article\",\"isPartOf\":{\"@id\":\"https:\/\/vieassociative.be\/actualites\/e-scooter-la-zone-de-police-weser-gohl-rappelle-les-regles\/\"},\"author\":{\"name\":\"Julien\",\"@id\":\"https:\/\/vieassociative.be\/actualites\/#\/schema\/person\/b87ac4f82f9d4e7b7cec7395b679edc4\"},\"headline\":\"E-Scooter: la zone de police Weser-G\u00f6hl rappelle les r\u00e8gles\",\"datePublished\":\"2025-01-29T14:17:49+00:00\",\"dateModified\":\"2025-01-29T14:17:49+00:00\",\"mainEntityOfPage\":{\"@id\":\"https:\/\/vieassociative.be\/actualites\/e-scooter-la-zone-de-police-weser-gohl-rappelle-les-regles\/\"},\"wordCount\":471,\"publisher\":{\"@id\":\"https:\/\/vieassociative.be\/actualites\/#organization\"},\"image\":{\"@id\":\"https:\/\/vieassociative.be\/actualites\/e-scooter-la-zone-de-police-weser-gohl-rappelle-les-regles\/#primaryimage\"},\"thumbnailUrl\":\"https:\/\/vieassociative.be\/actualites\/wp-content\/uploads\/2025\/01\/1738160269_E-Scooter-la-zone-de-police-Weser-Gohl-rappelle-les-regles.jpeg\",\"keywords\":[\"EScooter\",\"Les\",\"police\",\"rappelle\",\"r\u00e8gles\",\"WeserG\u00f6hl\",\"zone\"],\"articleSection\":[\"Belgique\"],\"inLanguage\":\"fr-BE\"},{\"@type\":\"WebPage\",\"@id\":\"https:\/\/vieassociative.be\/actualites\/e-scooter-la-zone-de-police-weser-gohl-rappelle-les-regles\/\",\"url\":\"https:\/\/vieassociative.be\/actualites\/e-scooter-la-zone-de-police-weser-gohl-rappelle-les-regles\/\",\"name\":\"E-Scooter: la zone de police Weser-G\u00f6hl rappelle les r\u00e8gles | Vie Associative\",\"isPartOf\":{\"@id\":\"https:\/\/vieassociative.be\/actualites\/#website\"},\"primaryImageOfPage\":{\"@id\":\"https:\/\/vieassociative.be\/actualites\/e-scooter-la-zone-de-police-weser-gohl-rappelle-les-regles\/#primaryimage\"},\"image\":{\"@id\":\"https:\/\/vieassociative.be\/actualites\/e-scooter-la-zone-de-police-weser-gohl-rappelle-les-regles\/#primaryimage\"},\"thumbnailUrl\":\"https:\/\/vieassociative.be\/actualites\/wp-content\/uploads\/2025\/01\/1738160269_E-Scooter-la-zone-de-police-Weser-Gohl-rappelle-les-regles.jpeg\",\"datePublished\":\"2025-01-29T14:17:49+00:00\",\"dateModified\":\"2025-01-29T14:17:49+00:00\",\"breadcrumb\":{\"@id\":\"https:\/\/vieassociative.be\/actualites\/e-scooter-la-zone-de-police-weser-gohl-rappelle-les-regles\/#breadcrumb\"},\"inLanguage\":\"fr-BE\",\"potentialAction\":[{\"@type\":\"ReadAction\",\"target\":[\"https:\/\/vieassociative.be\/actualites\/e-scooter-la-zone-de-police-weser-gohl-rappelle-les-regles\/\"]}]},{\"@type\":\"ImageObject\",\"inLanguage\":\"fr-BE\",\"@id\":\"https:\/\/vieassociative.be\/actualites\/e-scooter-la-zone-de-police-weser-gohl-rappelle-les-regles\/#primaryimage\",\"url\":\"https:\/\/vieassociative.be\/actualites\/wp-content\/uploads\/2025\/01\/1738160269_E-Scooter-la-zone-de-police-Weser-Gohl-rappelle-les-regles.jpeg\",\"contentUrl\":\"https:\/\/vieassociative.be\/actualites\/wp-content\/uploads\/2025\/01\/1738160269_E-Scooter-la-zone-de-police-Weser-Gohl-rappelle-les-regles.jpeg\",\"width\":1200,\"height\":852,\"caption\":\"E-Scooter: la zone de police Weser-G\u00f6hl rappelle les r\u00e8gles\"},{\"@type\":\"BreadcrumbList\",\"@id\":\"https:\/\/vieassociative.be\/actualites\/e-scooter-la-zone-de-police-weser-gohl-rappelle-les-regles\/#breadcrumb\",\"itemListElement\":[{\"@type\":\"ListItem\",\"position\":1,\"name\":\"Accueil\",\"item\":\"https:\/\/vieassociative.be\/actualites\/\"},{\"@type\":\"ListItem\",\"position\":2,\"name\":\"E-Scooter: la zone de police Weser-G\u00f6hl rappelle les r\u00e8gles\"}]},{\"@type\":\"WebSite\",\"@id\":\"https:\/\/vieassociative.be\/actualites\/#website\",\"url\":\"https:\/\/vieassociative.be\/actualites\/\",\"name\":\"Vie Associative\",\"description\":\"\",\"publisher\":{\"@id\":\"https:\/\/vieassociative.be\/actualites\/#organization\"},\"potentialAction\":[{\"@type\":\"SearchAction\",\"target\":{\"@type\":\"EntryPoint\",\"urlTemplate\":\"https:\/\/vieassociative.be\/actualites\/?s={search_term_string}\"},\"query-input\":{\"@type\":\"PropertyValueSpecification\",\"valueRequired\":true,\"valueName\":\"search_term_string\"}}],\"inLanguage\":\"fr-BE\"},{\"@type\":\"Organization\",\"@id\":\"https:\/\/vieassociative.be\/actualites\/#organization\",\"name\":\"Vie Associative\",\"url\":\"https:\/\/vieassociative.be\/actualites\/\",\"logo\":{\"@type\":\"ImageObject\",\"inLanguage\":\"fr-BE\",\"@id\":\"https:\/\/vieassociative.be\/actualites\/#\/schema\/logo\/image\/\",\"url\":\"https:\/\/vieassociative.be\/actualites\/wp-content\/uploads\/2024\/09\/cropped-vieassociative_favicon.ico.png\",\"contentUrl\":\"https:\/\/vieassociative.be\/actualites\/wp-content\/uploads\/2024\/09\/cropped-vieassociative_favicon.ico.png\",\"width\":512,\"height\":512,\"caption\":\"Vie Associative\"},\"image\":{\"@id\":\"https:\/\/vieassociative.be\/actualites\/#\/schema\/logo\/image\/\"}},{\"@type\":\"Person\",\"@id\":\"https:\/\/vieassociative.be\/actualites\/#\/schema\/person\/b87ac4f82f9d4e7b7cec7395b679edc4\",\"name\":\"Julien\",\"image\":{\"@type\":\"ImageObject\",\"inLanguage\":\"fr-BE\",\"@id\":\"https:\/\/vieassociative.be\/actualites\/#\/schema\/person\/image\/\",\"url\":\"https:\/\/vieassociative.be\/actualites\/wp-content\/uploads\/2024\/09\/vie-associative-1-150x150.jpg\",\"contentUrl\":\"https:\/\/vieassociative.be\/actualites\/wp-content\/uploads\/2024\/09\/vie-associative-1-150x150.jpg\",\"caption\":\"Julien\"},\"description\":\"Je suis Julien, r\u00e9dacteur pour Vie Associative. Passionn\u00e9 par le monde associatif depuis plus de 10 ans, j'ai \u00e0 c\u0153ur de partager des histoires inspirantes et de mettre en lumi\u00e8re les initiatives locales. Mon objectif est de sensibiliser et d'encourager l'engagement communautaire \u00e0 travers mes articles.\",\"sameAs\":[\"https:\/\/vieassociative.be\/\"]}]}<\/script>\n<!-- \/ Yoast SEO plugin. -->","yoast_head_json":{"title":"E-Scooter: la zone de police Weser-G\u00f6hl rappelle les r\u00e8gles | Vie Associative","robots":{"index":"index","follow":"follow","max-snippet":"max-snippet:-1","max-image-preview":"max-image-preview:large","max-video-preview":"max-video-preview:-1"},"canonical":"https:\/\/vieassociative.be\/actualites\/e-scooter-la-zone-de-police-weser-gohl-rappelle-les-regles\/","og_locale":"fr_FR","og_type":"article","og_title":"E-Scooter: la zone de police Weser-G\u00f6hl rappelle les r\u00e8gles | Vie Associative","og_description":"Compte tenu du nombre croissant de scooters, \u00e9galement appel\u00e9s e-scooters, la zone de police de Weser-G\u00f6hl rappelle les r\u00e8gles applicables et pr\u00e9vient les violations. Au","og_url":"https:\/\/vieassociative.be\/actualites\/e-scooter-la-zone-de-police-weser-gohl-rappelle-les-regles\/","og_site_name":"Vie Associative","article_published_time":"2025-01-29T14:17:49+00:00","og_image":[{"width":279,"height":92,"url":"https:\/\/vieassociative.be\/actualites\/wp-content\/uploads\/2024\/09\/header_backgroundk-01-e1726694325946.png","type":"image\/png"}],"author":"Julien","twitter_card":"summary_large_image","twitter_misc":{"\u00c9crit par":"Julien","Dur\u00e9e de lecture est.":"2 minutes"},"schema":{"@context":"https:\/\/schema.org","@graph":[{"@type":"Article","@id":"https:\/\/vieassociative.be\/actualites\/e-scooter-la-zone-de-police-weser-gohl-rappelle-les-regles\/#article","isPartOf":{"@id":"https:\/\/vieassociative.be\/actualites\/e-scooter-la-zone-de-police-weser-gohl-rappelle-les-regles\/"},"author":{"name":"Julien","@id":"https:\/\/vieassociative.be\/actualites\/#\/schema\/person\/b87ac4f82f9d4e7b7cec7395b679edc4"},"headline":"E-Scooter: la zone de police Weser-G\u00f6hl rappelle les r\u00e8gles","datePublished":"2025-01-29T14:17:49+00:00","dateModified":"2025-01-29T14:17:49+00:00","mainEntityOfPage":{"@id":"https:\/\/vieassociative.be\/actualites\/e-scooter-la-zone-de-police-weser-gohl-rappelle-les-regles\/"},"wordCount":471,"publisher":{"@id":"https:\/\/vieassociative.be\/actualites\/#organization"},"image":{"@id":"https:\/\/vieassociative.be\/actualites\/e-scooter-la-zone-de-police-weser-gohl-rappelle-les-regles\/#primaryimage"},"thumbnailUrl":"https:\/\/vieassociative.be\/actualites\/wp-content\/uploads\/2025\/01\/1738160269_E-Scooter-la-zone-de-police-Weser-Gohl-rappelle-les-regles.jpeg","keywords":["EScooter","Les","police","rappelle","r\u00e8gles","WeserG\u00f6hl","zone"],"articleSection":["Belgique"],"inLanguage":"fr-BE"},{"@type":"WebPage","@id":"https:\/\/vieassociative.be\/actualites\/e-scooter-la-zone-de-police-weser-gohl-rappelle-les-regles\/","url":"https:\/\/vieassociative.be\/actualites\/e-scooter-la-zone-de-police-weser-gohl-rappelle-les-regles\/","name":"E-Scooter: la zone de police Weser-G\u00f6hl rappelle les r\u00e8gles | Vie Associative","isPartOf":{"@id":"https:\/\/vieassociative.be\/actualites\/#website"},"primaryImageOfPage":{"@id":"https:\/\/vieassociative.be\/actualites\/e-scooter-la-zone-de-police-weser-gohl-rappelle-les-regles\/#primaryimage"},"image":{"@id":"https:\/\/vieassociative.be\/actualites\/e-scooter-la-zone-de-police-weser-gohl-rappelle-les-regles\/#primaryimage"},"thumbnailUrl":"https:\/\/vieassociative.be\/actualites\/wp-content\/uploads\/2025\/01\/1738160269_E-Scooter-la-zone-de-police-Weser-Gohl-rappelle-les-regles.jpeg","datePublished":"2025-01-29T14:17:49+00:00","dateModified":"2025-01-29T14:17:49+00:00","breadcrumb":{"@id":"https:\/\/vieassociative.be\/actualites\/e-scooter-la-zone-de-police-weser-gohl-rappelle-les-regles\/#breadcrumb"},"inLanguage":"fr-BE","potentialAction":[{"@type":"ReadAction","target":["https:\/\/vieassociative.be\/actualites\/e-scooter-la-zone-de-police-weser-gohl-rappelle-les-regles\/"]}]},{"@type":"ImageObject","inLanguage":"fr-BE","@id":"https:\/\/vieassociative.be\/actualites\/e-scooter-la-zone-de-police-weser-gohl-rappelle-les-regles\/#primaryimage","url":"https:\/\/vieassociative.be\/actualites\/wp-content\/uploads\/2025\/01\/1738160269_E-Scooter-la-zone-de-police-Weser-Gohl-rappelle-les-regles.jpeg","contentUrl":"https:\/\/vieassociative.be\/actualites\/wp-content\/uploads\/2025\/01\/1738160269_E-Scooter-la-zone-de-police-Weser-Gohl-rappelle-les-regles.jpeg","width":1200,"height":852,"caption":"E-Scooter: la zone de police Weser-G\u00f6hl rappelle les r\u00e8gles"},{"@type":"BreadcrumbList","@id":"https:\/\/vieassociative.be\/actualites\/e-scooter-la-zone-de-police-weser-gohl-rappelle-les-regles\/#breadcrumb","itemListElement":[{"@type":"ListItem","position":1,"name":"Accueil","item":"https:\/\/vieassociative.be\/actualites\/"},{"@type":"ListItem","position":2,"name":"E-Scooter: la zone de police Weser-G\u00f6hl rappelle les r\u00e8gles"}]},{"@type":"WebSite","@id":"https:\/\/vieassociative.be\/actualites\/#website","url":"https:\/\/vieassociative.be\/actualites\/","name":"Vie Associative","description":"","publisher":{"@id":"https:\/\/vieassociative.be\/actualites\/#organization"},"potentialAction":[{"@type":"SearchAction","target":{"@type":"EntryPoint","urlTemplate":"https:\/\/vieassociative.be\/actualites\/?s={search_term_string}"},"query-input":{"@type":"PropertyValueSpecification","valueRequired":true,"valueName":"search_term_string"}}],"inLanguage":"fr-BE"},{"@type":"Organization","@id":"https:\/\/vieassociative.be\/actualites\/#organization","name":"Vie Associative","url":"https:\/\/vieassociative.be\/actualites\/","logo":{"@type":"ImageObject","inLanguage":"fr-BE","@id":"https:\/\/vieassociative.be\/actualites\/#\/schema\/logo\/image\/","url":"https:\/\/vieassociative.be\/actualites\/wp-content\/uploads\/2024\/09\/cropped-vieassociative_favicon.ico.png","contentUrl":"https:\/\/vieassociative.be\/actualites\/wp-content\/uploads\/2024\/09\/cropped-vieassociative_favicon.ico.png","width":512,"height":512,"caption":"Vie Associative"},"image":{"@id":"https:\/\/vieassociative.be\/actualites\/#\/schema\/logo\/image\/"}},{"@type":"Person","@id":"https:\/\/vieassociative.be\/actualites\/#\/schema\/person\/b87ac4f82f9d4e7b7cec7395b679edc4","name":"Julien","image":{"@type":"ImageObject","inLanguage":"fr-BE","@id":"https:\/\/vieassociative.be\/actualites\/#\/schema\/person\/image\/","url":"https:\/\/vieassociative.be\/actualites\/wp-content\/uploads\/2024\/09\/vie-associative-1-150x150.jpg","contentUrl":"https:\/\/vieassociative.be\/actualites\/wp-content\/uploads\/2024\/09\/vie-associative-1-150x150.jpg","caption":"Julien"},"description":"Je suis Julien, r\u00e9dacteur pour Vie Associative. Passionn\u00e9 par le monde associatif depuis plus de 10 ans, j'ai \u00e0 c\u0153ur de partager des histoires inspirantes et de mettre en lumi\u00e8re les initiatives locales. Mon objectif est de sensibiliser et d'encourager l'engagement communautaire \u00e0 travers mes articles.","sameAs":["https:\/\/vieassociative.be\/"]}]}},"_links":{"self":[{"href":"https:\/\/vieassociative.be\/actualites\/wp-json\/wp\/v2\/posts\/4687"}],"collection":[{"href":"https:\/\/vieassociative.be\/actualites\/wp-json\/wp\/v2\/posts"}],"about":[{"href":"https:\/\/vieassociative.be\/actualites\/wp-json\/wp\/v2\/types\/post"}],"author":[{"embeddable":true,"href":"https:\/\/vieassociative.be\/actualites\/wp-json\/wp\/v2\/users\/1"}],"replies":[{"embeddable":true,"href":"https:\/\/vieassociative.be\/actualites\/wp-json\/wp\/v2\/comments?post=4687"}],"version-history":[{"count":0,"href":"https:\/\/vieassociative.be\/actualites\/wp-json\/wp\/v2\/posts\/4687\/revisions"}],"wp:featuredmedia":[{"embeddable":true,"href":"https:\/\/vieassociative.be\/actualites\/wp-json\/wp\/v2\/media\/4688"}],"wp:attachment":[{"href":"https:\/\/vieassociative.be\/actualites\/wp-json\/wp\/v2\/media?parent=4687"}],"wp:term":[{"taxonomy":"category","embeddable":true,"href":"https:\/\/vieassociative.be\/actualites\/wp-json\/wp\/v2\/categories?post=4687"},{"taxonomy":"post_tag","embeddable":true,"href":"https:\/\/vieassociative.be\/actualites\/wp-json\/wp\/v2\/tags?post=4687"}],"curies":[{"name":"wp","href":"https:\/\/api.w.org\/{rel}","templated":true}]}}