{"id":4685,"date":"2025-01-29T14:17:12","date_gmt":"2025-01-29T13:17:12","guid":{"rendered":"https:\/\/vieassociative.be\/actualites\/apple-intelligence-est-maintenant-allumee-par-defaut-mais-vous-pouvez-le-desactiver\/"},"modified":"2025-01-29T14:17:12","modified_gmt":"2025-01-29T13:17:12","slug":"apple-intelligence-est-maintenant-allumee-par-defaut-mais-vous-pouvez-le-desactiver","status":"publish","type":"post","link":"https:\/\/vieassociative.be\/actualites\/apple-intelligence-est-maintenant-allumee-par-defaut-mais-vous-pouvez-le-desactiver\/","title":{"rendered":"Apple Intelligence est maintenant allum\u00e9e par d\u00e9faut, mais vous pouvez le d\u00e9sactiver"},"content":{"rendered":"<div class=\"mt-4 leading-6 md:mb-8\">iOS 18.3 va vous entra\u00eener des coups de pied et des cris dans l&rsquo;\u00e8re AI.<\/div>\n<p><\/p>\n<p>Apple Intelligence a eu un d\u00e9ploiement lent, lanc\u00e9 avec une liste d&rsquo;attente et seulement r\u00e9cemment permettant d&rsquo;acc\u00e9der aux images AI et \u00e0 son g\u00e9n\u00e9rateur d&#8217;emoji. Mais apr\u00e8s la sortie d&rsquo;hier de iOS 18.3 \/ iPados 18.3 \/ MacOS 15.3, il semble qu&rsquo;Apple soit enfin pr\u00eat \u00e0 suivre les fils de Microsoft et Google et \u00e0 commencer \u00e0 mettre ses fonctionnalit\u00e9s AI avant-et-centre.<\/p>\n<p>Selon les notes de publication de la mise \u00e0 jour, Apple Intelligence est pass\u00e9e d&rsquo;une fonction d&rsquo;opt-in \u00e0 une fonctionnalit\u00e9. En d&rsquo;autres termes, si vous avez un iPhone compatible AI (c&rsquo;est-\u00e0-dire l&rsquo;iPhone 15 Pro et plus) ou l&rsquo;iPad (ce qui signifie qu&rsquo;il a une puce A17 ou plus), Apple Intelligence sera activ\u00e9e par d\u00e9faut d\u00e8s la mise \u00e0 niveau. Comme le montre un article s\u00e9par\u00e9 ici, qui s&rsquo;\u00e9tend \u00e9galement \u00e0 des Mac compatibles AI, ou \u00e0 tout Mac ex\u00e9cutant une puce M1 ou sup\u00e9rieure.<\/p>\n<p>Voici Apple l&rsquo;expliquant dans les propres mots de l&rsquo;entreprise:<\/p>\n<blockquote>\n<p>Pour les utilisateurs neufs ou la mise \u00e0 niveau vers iOS 18.3, Apple Intelligence sera activ\u00e9e automatiquement pendant l&rsquo;int\u00e9gration de l&rsquo;iPhone. Les utilisateurs auront acc\u00e8s aux fonctionnalit\u00e9s d&rsquo;Apple Intelligence apr\u00e8s la configuration de leurs appareils. Pour d\u00e9sactiver l&rsquo;Apple Intelligence, les utilisateurs devront acc\u00e9der au volet des param\u00e8tres Apple Intelligence &#038; Siri et d\u00e9sactiver la bascule d&rsquo;Apple Intelligence. Cela d\u00e9sactivera les fonctionnalit\u00e9s d&rsquo;Apple Intelligence sur leur appareil.<\/p>\n<\/blockquote>\n<p>C&rsquo;est un changement majeur de derni\u00e8re minute \u00e0 ce qui a \u00e9t\u00e9 une mise \u00e0 jour assez ennuyeuse pendant ses b\u00eatas &#8211; bien que contrairement au plan de Google pour \u00e9ventuellement remplacer Google Assistant par Google par Gemini, au moins Apple vous donne toujours le <em>option<\/em> se retirer. Cela suit les autres grands changements d&rsquo;Apple pour le patch, qui voit l&rsquo;entreprise faire reculer certaines des fonctionnalit\u00e9s associ\u00e9es aux r\u00e9sum\u00e9s de notification g\u00e9n\u00e9r\u00e9s par AI-AI d&rsquo;Apple Intelligence.<\/p>\n<p>Apple Intelligence n&rsquo;est pas sans ses avantages, bien que pour moi, la plus grande diff\u00e9rence que j&rsquo;ai vue depuis qu&rsquo;il l&rsquo;a permis est que l&rsquo;interface utilisateur de Siri semble un peu diff\u00e9rente. Il a toujours plus de fonctionnalit\u00e9s sur le chemin, y compris la possibilit\u00e9 pour Siri de retirer le contexte nativement de votre \u00e9cran et de vos messages, donc cela ira probablement mieux, mais c&rsquo;est compr\u00e9hensible si vous pr\u00e9f\u00e9rez vous tenir pour l&rsquo;instant. Surtout \u00e9tant donn\u00e9 qu&rsquo;il occupe d\u00e9sormais 7 Go d&rsquo;espace de stockage.<\/p>\n<h2 id=\"how-to-opt-out-of-apple-intelligence-in-ios-183\">Comment se retirer de l&rsquo;Apple Intelligence dans iOS 18.3<\/h2>\n<p>Pour vous assurer que vous avez la d\u00e9sactivation de l&rsquo;intelligence d&rsquo;Apple, gardez un \u0153il sur l&rsquo;\u00e9cran de votre appareil. Si l&rsquo;invocation Siri allume une bordure violette tout autour de votre \u00e9cran, vous avez \u00e9t\u00e9 opt\u00e9 dans l&rsquo;IA. <\/p>\n<p>Pour se retirer de l&rsquo;Apple Intelligence et revenir \u00e0 l&rsquo;exp\u00e9rience standard et sans AI, acc\u00e9der \u00e0 <strong>Param\u00e8tres> Apple Intelligence &#038; Siri <\/strong>et retourner le <strong>Apple Intelligence<\/strong> Bascule en haut de la page.<\/p>\n","protected":false},"excerpt":{"rendered":"<p>iOS 18.3 va vous entra\u00eener des coups de pied et des cris dans l&rsquo;\u00e8re AI. Apple Intelligence a eu un d\u00e9ploiement lent, lanc\u00e9 avec une<\/p>\n","protected":false},"author":1,"featured_media":4686,"comment_status":"","ping_status":"","sticky":false,"template":"","format":"standard","meta":{"footnotes":""},"categories":[13],"tags":[5021,54,2930,2010,76,591,233,156,676,5,4],"class_list":["post-4685","post","type-post","status-publish","format-standard","has-post-thumbnail","hentry","category-technologie","tag-allumee","tag-apple","tag-defaut","tag-desactiver","tag-est","tag-intelligence","tag-maintenant","tag-mais","tag-par","tag-pouvez","tag-vous","generate-columns","tablet-grid-50","mobile-grid-100","grid-parent","grid-33"],"yoast_head":"<!-- This site is optimized with the Yoast SEO plugin v24.0 - https:\/\/yoast.com\/wordpress\/plugins\/seo\/ -->\n<title>Apple Intelligence est maintenant allum\u00e9e par d\u00e9faut, mais vous pouvez le d\u00e9sactiver | Vie Associative<\/title>\n<meta name=\"robots\" content=\"index, follow, max-snippet:-1, max-image-preview:large, max-video-preview:-1\" \/>\n<link rel=\"canonical\" href=\"https:\/\/vieassociative.be\/actualites\/apple-intelligence-est-maintenant-allumee-par-defaut-mais-vous-pouvez-le-desactiver\/\" \/>\n<meta property=\"og:locale\" content=\"fr_FR\" \/>\n<meta property=\"og:type\" content=\"article\" \/>\n<meta property=\"og:title\" content=\"Apple Intelligence est maintenant allum\u00e9e par d\u00e9faut, mais vous pouvez le d\u00e9sactiver | Vie Associative\" \/>\n<meta property=\"og:description\" content=\"iOS 18.3 va vous entra\u00eener des coups de pied et des cris dans l&rsquo;\u00e8re AI. Apple Intelligence a eu un d\u00e9ploiement lent, lanc\u00e9 avec une\" \/>\n<meta property=\"og:url\" content=\"https:\/\/vieassociative.be\/actualites\/apple-intelligence-est-maintenant-allumee-par-defaut-mais-vous-pouvez-le-desactiver\/\" \/>\n<meta property=\"og:site_name\" content=\"Vie Associative\" \/>\n<meta property=\"article:published_time\" content=\"2025-01-29T13:17:12+00:00\" \/>\n<meta property=\"og:image\" content=\"https:\/\/vieassociative.be\/actualites\/wp-content\/uploads\/2024\/09\/header_backgroundk-01-e1726694325946.png\" \/>\n\t<meta property=\"og:image:width\" content=\"279\" \/>\n\t<meta property=\"og:image:height\" content=\"92\" \/>\n\t<meta property=\"og:image:type\" content=\"image\/png\" \/>\n<meta name=\"author\" content=\"Julien\" \/>\n<meta name=\"twitter:card\" content=\"summary_large_image\" \/>\n<meta name=\"twitter:label1\" content=\"\u00c9crit par\" \/>\n\t<meta name=\"twitter:data1\" content=\"Julien\" \/>\n\t<meta name=\"twitter:label2\" content=\"Dur\u00e9e de lecture est.\" \/>\n\t<meta name=\"twitter:data2\" content=\"3 minutes\" \/>\n<script type=\"application\/ld+json\" class=\"yoast-schema-graph\">{\"@context\":\"https:\/\/schema.org\",\"@graph\":[{\"@type\":\"Article\",\"@id\":\"https:\/\/vieassociative.be\/actualites\/apple-intelligence-est-maintenant-allumee-par-defaut-mais-vous-pouvez-le-desactiver\/#article\",\"isPartOf\":{\"@id\":\"https:\/\/vieassociative.be\/actualites\/apple-intelligence-est-maintenant-allumee-par-defaut-mais-vous-pouvez-le-desactiver\/\"},\"author\":{\"name\":\"Julien\",\"@id\":\"https:\/\/vieassociative.be\/actualites\/#\/schema\/person\/b87ac4f82f9d4e7b7cec7395b679edc4\"},\"headline\":\"Apple Intelligence est maintenant allum\u00e9e par d\u00e9faut, mais vous pouvez le d\u00e9sactiver\",\"datePublished\":\"2025-01-29T13:17:12+00:00\",\"dateModified\":\"2025-01-29T13:17:12+00:00\",\"mainEntityOfPage\":{\"@id\":\"https:\/\/vieassociative.be\/actualites\/apple-intelligence-est-maintenant-allumee-par-defaut-mais-vous-pouvez-le-desactiver\/\"},\"wordCount\":555,\"publisher\":{\"@id\":\"https:\/\/vieassociative.be\/actualites\/#organization\"},\"image\":{\"@id\":\"https:\/\/vieassociative.be\/actualites\/apple-intelligence-est-maintenant-allumee-par-defaut-mais-vous-pouvez-le-desactiver\/#primaryimage\"},\"thumbnailUrl\":\"https:\/\/vieassociative.be\/actualites\/wp-content\/uploads\/2025\/01\/Apple-Intelligence-est-maintenant-allumee-par-defaut-mais-vous-pouvez.png\",\"keywords\":[\"allum\u00e9e\",\"Apple\",\"d\u00e9faut\",\"d\u00e9sactiver\",\"est\",\"Intelligence\",\"maintenant\",\"mais\",\"par\",\"pouvez\",\"Vous\"],\"articleSection\":[\"Technologie\"],\"inLanguage\":\"fr-BE\"},{\"@type\":\"WebPage\",\"@id\":\"https:\/\/vieassociative.be\/actualites\/apple-intelligence-est-maintenant-allumee-par-defaut-mais-vous-pouvez-le-desactiver\/\",\"url\":\"https:\/\/vieassociative.be\/actualites\/apple-intelligence-est-maintenant-allumee-par-defaut-mais-vous-pouvez-le-desactiver\/\",\"name\":\"Apple Intelligence est maintenant allum\u00e9e par d\u00e9faut, mais vous pouvez le d\u00e9sactiver | Vie Associative\",\"isPartOf\":{\"@id\":\"https:\/\/vieassociative.be\/actualites\/#website\"},\"primaryImageOfPage\":{\"@id\":\"https:\/\/vieassociative.be\/actualites\/apple-intelligence-est-maintenant-allumee-par-defaut-mais-vous-pouvez-le-desactiver\/#primaryimage\"},\"image\":{\"@id\":\"https:\/\/vieassociative.be\/actualites\/apple-intelligence-est-maintenant-allumee-par-defaut-mais-vous-pouvez-le-desactiver\/#primaryimage\"},\"thumbnailUrl\":\"https:\/\/vieassociative.be\/actualites\/wp-content\/uploads\/2025\/01\/Apple-Intelligence-est-maintenant-allumee-par-defaut-mais-vous-pouvez.png\",\"datePublished\":\"2025-01-29T13:17:12+00:00\",\"dateModified\":\"2025-01-29T13:17:12+00:00\",\"breadcrumb\":{\"@id\":\"https:\/\/vieassociative.be\/actualites\/apple-intelligence-est-maintenant-allumee-par-defaut-mais-vous-pouvez-le-desactiver\/#breadcrumb\"},\"inLanguage\":\"fr-BE\",\"potentialAction\":[{\"@type\":\"ReadAction\",\"target\":[\"https:\/\/vieassociative.be\/actualites\/apple-intelligence-est-maintenant-allumee-par-defaut-mais-vous-pouvez-le-desactiver\/\"]}]},{\"@type\":\"ImageObject\",\"inLanguage\":\"fr-BE\",\"@id\":\"https:\/\/vieassociative.be\/actualites\/apple-intelligence-est-maintenant-allumee-par-defaut-mais-vous-pouvez-le-desactiver\/#primaryimage\",\"url\":\"https:\/\/vieassociative.be\/actualites\/wp-content\/uploads\/2025\/01\/Apple-Intelligence-est-maintenant-allumee-par-defaut-mais-vous-pouvez.png\",\"contentUrl\":\"https:\/\/vieassociative.be\/actualites\/wp-content\/uploads\/2025\/01\/Apple-Intelligence-est-maintenant-allumee-par-defaut-mais-vous-pouvez.png\",\"width\":1200,\"height\":675,\"caption\":\"Apple Intelligence est maintenant allum\u00e9e par d\u00e9faut, mais vous pouvez le d\u00e9sactiver\"},{\"@type\":\"BreadcrumbList\",\"@id\":\"https:\/\/vieassociative.be\/actualites\/apple-intelligence-est-maintenant-allumee-par-defaut-mais-vous-pouvez-le-desactiver\/#breadcrumb\",\"itemListElement\":[{\"@type\":\"ListItem\",\"position\":1,\"name\":\"Accueil\",\"item\":\"https:\/\/vieassociative.be\/actualites\/\"},{\"@type\":\"ListItem\",\"position\":2,\"name\":\"Apple Intelligence est maintenant allum\u00e9e par d\u00e9faut, mais vous pouvez le d\u00e9sactiver\"}]},{\"@type\":\"WebSite\",\"@id\":\"https:\/\/vieassociative.be\/actualites\/#website\",\"url\":\"https:\/\/vieassociative.be\/actualites\/\",\"name\":\"Vie Associative\",\"description\":\"\",\"publisher\":{\"@id\":\"https:\/\/vieassociative.be\/actualites\/#organization\"},\"potentialAction\":[{\"@type\":\"SearchAction\",\"target\":{\"@type\":\"EntryPoint\",\"urlTemplate\":\"https:\/\/vieassociative.be\/actualites\/?s={search_term_string}\"},\"query-input\":{\"@type\":\"PropertyValueSpecification\",\"valueRequired\":true,\"valueName\":\"search_term_string\"}}],\"inLanguage\":\"fr-BE\"},{\"@type\":\"Organization\",\"@id\":\"https:\/\/vieassociative.be\/actualites\/#organization\",\"name\":\"Vie Associative\",\"url\":\"https:\/\/vieassociative.be\/actualites\/\",\"logo\":{\"@type\":\"ImageObject\",\"inLanguage\":\"fr-BE\",\"@id\":\"https:\/\/vieassociative.be\/actualites\/#\/schema\/logo\/image\/\",\"url\":\"https:\/\/vieassociative.be\/actualites\/wp-content\/uploads\/2024\/09\/cropped-vieassociative_favicon.ico.png\",\"contentUrl\":\"https:\/\/vieassociative.be\/actualites\/wp-content\/uploads\/2024\/09\/cropped-vieassociative_favicon.ico.png\",\"width\":512,\"height\":512,\"caption\":\"Vie Associative\"},\"image\":{\"@id\":\"https:\/\/vieassociative.be\/actualites\/#\/schema\/logo\/image\/\"}},{\"@type\":\"Person\",\"@id\":\"https:\/\/vieassociative.be\/actualites\/#\/schema\/person\/b87ac4f82f9d4e7b7cec7395b679edc4\",\"name\":\"Julien\",\"image\":{\"@type\":\"ImageObject\",\"inLanguage\":\"fr-BE\",\"@id\":\"https:\/\/vieassociative.be\/actualites\/#\/schema\/person\/image\/\",\"url\":\"https:\/\/vieassociative.be\/actualites\/wp-content\/uploads\/2024\/09\/vie-associative-1-150x150.jpg\",\"contentUrl\":\"https:\/\/vieassociative.be\/actualites\/wp-content\/uploads\/2024\/09\/vie-associative-1-150x150.jpg\",\"caption\":\"Julien\"},\"description\":\"Je suis Julien, r\u00e9dacteur pour Vie Associative. Passionn\u00e9 par le monde associatif depuis plus de 10 ans, j'ai \u00e0 c\u0153ur de partager des histoires inspirantes et de mettre en lumi\u00e8re les initiatives locales. Mon objectif est de sensibiliser et d'encourager l'engagement communautaire \u00e0 travers mes articles.\",\"sameAs\":[\"https:\/\/vieassociative.be\/\"]}]}<\/script>\n<!-- \/ Yoast SEO plugin. -->","yoast_head_json":{"title":"Apple Intelligence est maintenant allum\u00e9e par d\u00e9faut, mais vous pouvez le d\u00e9sactiver | Vie Associative","robots":{"index":"index","follow":"follow","max-snippet":"max-snippet:-1","max-image-preview":"max-image-preview:large","max-video-preview":"max-video-preview:-1"},"canonical":"https:\/\/vieassociative.be\/actualites\/apple-intelligence-est-maintenant-allumee-par-defaut-mais-vous-pouvez-le-desactiver\/","og_locale":"fr_FR","og_type":"article","og_title":"Apple Intelligence est maintenant allum\u00e9e par d\u00e9faut, mais vous pouvez le d\u00e9sactiver | Vie Associative","og_description":"iOS 18.3 va vous entra\u00eener des coups de pied et des cris dans l&rsquo;\u00e8re AI. Apple Intelligence a eu un d\u00e9ploiement lent, lanc\u00e9 avec une","og_url":"https:\/\/vieassociative.be\/actualites\/apple-intelligence-est-maintenant-allumee-par-defaut-mais-vous-pouvez-le-desactiver\/","og_site_name":"Vie Associative","article_published_time":"2025-01-29T13:17:12+00:00","og_image":[{"width":279,"height":92,"url":"https:\/\/vieassociative.be\/actualites\/wp-content\/uploads\/2024\/09\/header_backgroundk-01-e1726694325946.png","type":"image\/png"}],"author":"Julien","twitter_card":"summary_large_image","twitter_misc":{"\u00c9crit par":"Julien","Dur\u00e9e de lecture est.":"3 minutes"},"schema":{"@context":"https:\/\/schema.org","@graph":[{"@type":"Article","@id":"https:\/\/vieassociative.be\/actualites\/apple-intelligence-est-maintenant-allumee-par-defaut-mais-vous-pouvez-le-desactiver\/#article","isPartOf":{"@id":"https:\/\/vieassociative.be\/actualites\/apple-intelligence-est-maintenant-allumee-par-defaut-mais-vous-pouvez-le-desactiver\/"},"author":{"name":"Julien","@id":"https:\/\/vieassociative.be\/actualites\/#\/schema\/person\/b87ac4f82f9d4e7b7cec7395b679edc4"},"headline":"Apple Intelligence est maintenant allum\u00e9e par d\u00e9faut, mais vous pouvez le d\u00e9sactiver","datePublished":"2025-01-29T13:17:12+00:00","dateModified":"2025-01-29T13:17:12+00:00","mainEntityOfPage":{"@id":"https:\/\/vieassociative.be\/actualites\/apple-intelligence-est-maintenant-allumee-par-defaut-mais-vous-pouvez-le-desactiver\/"},"wordCount":555,"publisher":{"@id":"https:\/\/vieassociative.be\/actualites\/#organization"},"image":{"@id":"https:\/\/vieassociative.be\/actualites\/apple-intelligence-est-maintenant-allumee-par-defaut-mais-vous-pouvez-le-desactiver\/#primaryimage"},"thumbnailUrl":"https:\/\/vieassociative.be\/actualites\/wp-content\/uploads\/2025\/01\/Apple-Intelligence-est-maintenant-allumee-par-defaut-mais-vous-pouvez.png","keywords":["allum\u00e9e","Apple","d\u00e9faut","d\u00e9sactiver","est","Intelligence","maintenant","mais","par","pouvez","Vous"],"articleSection":["Technologie"],"inLanguage":"fr-BE"},{"@type":"WebPage","@id":"https:\/\/vieassociative.be\/actualites\/apple-intelligence-est-maintenant-allumee-par-defaut-mais-vous-pouvez-le-desactiver\/","url":"https:\/\/vieassociative.be\/actualites\/apple-intelligence-est-maintenant-allumee-par-defaut-mais-vous-pouvez-le-desactiver\/","name":"Apple Intelligence est maintenant allum\u00e9e par d\u00e9faut, mais vous pouvez le d\u00e9sactiver | Vie Associative","isPartOf":{"@id":"https:\/\/vieassociative.be\/actualites\/#website"},"primaryImageOfPage":{"@id":"https:\/\/vieassociative.be\/actualites\/apple-intelligence-est-maintenant-allumee-par-defaut-mais-vous-pouvez-le-desactiver\/#primaryimage"},"image":{"@id":"https:\/\/vieassociative.be\/actualites\/apple-intelligence-est-maintenant-allumee-par-defaut-mais-vous-pouvez-le-desactiver\/#primaryimage"},"thumbnailUrl":"https:\/\/vieassociative.be\/actualites\/wp-content\/uploads\/2025\/01\/Apple-Intelligence-est-maintenant-allumee-par-defaut-mais-vous-pouvez.png","datePublished":"2025-01-29T13:17:12+00:00","dateModified":"2025-01-29T13:17:12+00:00","breadcrumb":{"@id":"https:\/\/vieassociative.be\/actualites\/apple-intelligence-est-maintenant-allumee-par-defaut-mais-vous-pouvez-le-desactiver\/#breadcrumb"},"inLanguage":"fr-BE","potentialAction":[{"@type":"ReadAction","target":["https:\/\/vieassociative.be\/actualites\/apple-intelligence-est-maintenant-allumee-par-defaut-mais-vous-pouvez-le-desactiver\/"]}]},{"@type":"ImageObject","inLanguage":"fr-BE","@id":"https:\/\/vieassociative.be\/actualites\/apple-intelligence-est-maintenant-allumee-par-defaut-mais-vous-pouvez-le-desactiver\/#primaryimage","url":"https:\/\/vieassociative.be\/actualites\/wp-content\/uploads\/2025\/01\/Apple-Intelligence-est-maintenant-allumee-par-defaut-mais-vous-pouvez.png","contentUrl":"https:\/\/vieassociative.be\/actualites\/wp-content\/uploads\/2025\/01\/Apple-Intelligence-est-maintenant-allumee-par-defaut-mais-vous-pouvez.png","width":1200,"height":675,"caption":"Apple Intelligence est maintenant allum\u00e9e par d\u00e9faut, mais vous pouvez le d\u00e9sactiver"},{"@type":"BreadcrumbList","@id":"https:\/\/vieassociative.be\/actualites\/apple-intelligence-est-maintenant-allumee-par-defaut-mais-vous-pouvez-le-desactiver\/#breadcrumb","itemListElement":[{"@type":"ListItem","position":1,"name":"Accueil","item":"https:\/\/vieassociative.be\/actualites\/"},{"@type":"ListItem","position":2,"name":"Apple Intelligence est maintenant allum\u00e9e par d\u00e9faut, mais vous pouvez le d\u00e9sactiver"}]},{"@type":"WebSite","@id":"https:\/\/vieassociative.be\/actualites\/#website","url":"https:\/\/vieassociative.be\/actualites\/","name":"Vie Associative","description":"","publisher":{"@id":"https:\/\/vieassociative.be\/actualites\/#organization"},"potentialAction":[{"@type":"SearchAction","target":{"@type":"EntryPoint","urlTemplate":"https:\/\/vieassociative.be\/actualites\/?s={search_term_string}"},"query-input":{"@type":"PropertyValueSpecification","valueRequired":true,"valueName":"search_term_string"}}],"inLanguage":"fr-BE"},{"@type":"Organization","@id":"https:\/\/vieassociative.be\/actualites\/#organization","name":"Vie Associative","url":"https:\/\/vieassociative.be\/actualites\/","logo":{"@type":"ImageObject","inLanguage":"fr-BE","@id":"https:\/\/vieassociative.be\/actualites\/#\/schema\/logo\/image\/","url":"https:\/\/vieassociative.be\/actualites\/wp-content\/uploads\/2024\/09\/cropped-vieassociative_favicon.ico.png","contentUrl":"https:\/\/vieassociative.be\/actualites\/wp-content\/uploads\/2024\/09\/cropped-vieassociative_favicon.ico.png","width":512,"height":512,"caption":"Vie Associative"},"image":{"@id":"https:\/\/vieassociative.be\/actualites\/#\/schema\/logo\/image\/"}},{"@type":"Person","@id":"https:\/\/vieassociative.be\/actualites\/#\/schema\/person\/b87ac4f82f9d4e7b7cec7395b679edc4","name":"Julien","image":{"@type":"ImageObject","inLanguage":"fr-BE","@id":"https:\/\/vieassociative.be\/actualites\/#\/schema\/person\/image\/","url":"https:\/\/vieassociative.be\/actualites\/wp-content\/uploads\/2024\/09\/vie-associative-1-150x150.jpg","contentUrl":"https:\/\/vieassociative.be\/actualites\/wp-content\/uploads\/2024\/09\/vie-associative-1-150x150.jpg","caption":"Julien"},"description":"Je suis Julien, r\u00e9dacteur pour Vie Associative. Passionn\u00e9 par le monde associatif depuis plus de 10 ans, j'ai \u00e0 c\u0153ur de partager des histoires inspirantes et de mettre en lumi\u00e8re les initiatives locales. Mon objectif est de sensibiliser et d'encourager l'engagement communautaire \u00e0 travers mes articles.","sameAs":["https:\/\/vieassociative.be\/"]}]}},"_links":{"self":[{"href":"https:\/\/vieassociative.be\/actualites\/wp-json\/wp\/v2\/posts\/4685"}],"collection":[{"href":"https:\/\/vieassociative.be\/actualites\/wp-json\/wp\/v2\/posts"}],"about":[{"href":"https:\/\/vieassociative.be\/actualites\/wp-json\/wp\/v2\/types\/post"}],"author":[{"embeddable":true,"href":"https:\/\/vieassociative.be\/actualites\/wp-json\/wp\/v2\/users\/1"}],"replies":[{"embeddable":true,"href":"https:\/\/vieassociative.be\/actualites\/wp-json\/wp\/v2\/comments?post=4685"}],"version-history":[{"count":0,"href":"https:\/\/vieassociative.be\/actualites\/wp-json\/wp\/v2\/posts\/4685\/revisions"}],"wp:featuredmedia":[{"embeddable":true,"href":"https:\/\/vieassociative.be\/actualites\/wp-json\/wp\/v2\/media\/4686"}],"wp:attachment":[{"href":"https:\/\/vieassociative.be\/actualites\/wp-json\/wp\/v2\/media?parent=4685"}],"wp:term":[{"taxonomy":"category","embeddable":true,"href":"https:\/\/vieassociative.be\/actualites\/wp-json\/wp\/v2\/categories?post=4685"},{"taxonomy":"post_tag","embeddable":true,"href":"https:\/\/vieassociative.be\/actualites\/wp-json\/wp\/v2\/tags?post=4685"}],"curies":[{"name":"wp","href":"https:\/\/api.w.org\/{rel}","templated":true}]}}