{"id":4681,"date":"2025-01-29T11:18:23","date_gmt":"2025-01-29T10:18:23","guid":{"rendered":"https:\/\/vieassociative.be\/actualites\/12-podcasts-pour-les-personnes-qui-manquent-de-repondre-a-tous\/"},"modified":"2025-01-29T11:18:23","modified_gmt":"2025-01-29T10:18:23","slug":"12-podcasts-pour-les-personnes-qui-manquent-de-repondre-a-tous","status":"publish","type":"post","link":"https:\/\/vieassociative.be\/actualites\/12-podcasts-pour-les-personnes-qui-manquent-de-repondre-a-tous\/","title":{"rendered":"12 podcasts pour les personnes qui manquent de \u00abr\u00e9pondre \u00e0 tous\u00bb"},"content":{"rendered":"<div class=\"mt-4 leading-6 md:mb-8\">Si vous \u00eates l&rsquo;un des nombreux qui manquent la \u00abr\u00e9ponse \u00e0 tous\u00bb tr\u00e8s appr\u00e9ci\u00e9e, consultez ces grands podcasts.<\/div>\n<p><\/p>\n<p>Neuf amants de podcast sur 10 qui ont \u00e9cout\u00e9 <em>R\u00e9pondre \u00e0 tous<\/em>&#8211; Le podcast pr\u00e9f\u00e9r\u00e9 de tout le monde sur Internet, h\u00e9berg\u00e9 par PJ Vogt et Alex Goldman &#8211; le manque profond\u00e9ment, profond\u00e9ment. Cela fait plus d&rsquo;un an depuis la fin du spectacle, et m\u00eame si rien ne peut vraiment remplacer ce qui a \u00e9t\u00e9 perdu, certains spectacles se rapprochent terriblement. <\/p>\n<h2 id=\"search-engine\"><em>Moteur de recherche<\/em><\/h2>\n<div class=\"eloquent-imagery-image\">\n<div class=\"flex justify-center\">\n                    <img decoding=\"async\" class=\"border border-gray-100\" src=\"https:\/\/vieassociative.be\/actualites\/wp-content\/uploads\/2025\/01\/12-podcasts-pour-les-personnes-qui-manquent-de-repondre-a.jpg\" alt=\"Logo du podcast des moteurs de recherche\" width=\"2000\" height=\"2000\" loading=\"lazy\"  >\n            <\/div>\n<\/p><\/div>\n<p>Si vous \u00e9tiez fan de <em>R\u00e9pondre \u00e0 tous<\/em>vous avez peut-\u00eatre suivi PJ Vogt \u00e0 sa prochaine poursuite, <em>\u00cele cryptographique<\/em>qui a explor\u00e9 le monde de la crypto-monnaie et les histoires humaines \u00e9tranges derri\u00e8re la blockchain. Il utilise maintenant ce flux pour un nouveau spectacle, <em>Moteur de recherche<\/em>o\u00f9 il explore le type de questions que vous ne trouvez g\u00e9n\u00e9ralement pas en ligne. (Pourquoi les singes au zoo sont-ils tristes? Pourquoi le cannibalisme est-il tabou?) Si vous manquez <em>R\u00e9pondre \u00e0 tous<\/em> En partie pour le rire de PJ, rassurez-vous &#8211; c&rsquo;est le dos.<\/p>\n<h2 id=\"never-post\"><em>Ne jamais publier<\/em><\/h2>\n<div class=\"eloquent-imagery-image\">\n<div class=\"flex justify-center\">\n                    <img decoding=\"async\" class=\"border border-gray-100\" src=\"https:\/\/vieassociative.be\/actualites\/wp-content\/uploads\/2025\/01\/1738145897_434_12-podcasts-pour-les-personnes-qui-manquent-de-repondre-a.jpg\" alt=\"Ne jamais publier le logo du podcast \" width=\"2000\" height=\"2000\" loading=\"lazy\"  >\n            <\/div>\n<\/p><\/div>\n<p><em>Ne jamais publier<\/em> est un tout nouveau podcast sur ce qui se passe avec, \u00e0 et sur Internet, et ce que les gens en disent, pla\u00e7ant l&rsquo;\u00e9trange et merveilleux et contradictoire aux c\u00f4t\u00e9s des philosophiques, juridiques, linguistiques, artistiques et plus encore. Il \u00e9tablit des liens et pose des questions &#8211; il s&rsquo;agit autant des questions que les r\u00e9ponses. Ces conversations susciteront votre curiosit\u00e9 pour Internet et votre relation avec elle, et comment cela a un impact sur votre relation avec les autres. Il est h\u00e9berg\u00e9 par Mike Rugnetta (anciennement de la s\u00e9rie YouTube \u00e0 cinq reprises qui a \u00e9t\u00e9 laur\u00e9ate de Webby \u00ab\u00a0Idea Channel\u00a0\u00bb, \u00e9galement \u00ab\u00a0Fun City\u00a0\u00bb et \u00ab\u00a0Raisonnally Sound\u00a0\u00bb) et produite par Hans Buetow (qui \u00e9tait derri\u00e8re de nombreuses \u00e9missions que vous avez \u00e9cout\u00e9es et aim\u00e9, comme <em>Traitement toujours<\/em>, <em>Amour moderne<\/em>, <em>Le quotidien<\/em>, <em>Dans l&rsquo;obscurit\u00e9<\/em>et plus.)<\/p>\n<h2 id=\"heavyweight\"><em>Poids lourd<\/em><\/h2>\n<div class=\"eloquent-imagery-image\">\n<div class=\"flex justify-center\">\n                    <img decoding=\"async\" class=\"border border-gray-100\" src=\"https:\/\/vieassociative.be\/actualites\/wp-content\/uploads\/2025\/01\/1738145897_931_12-podcasts-pour-les-personnes-qui-manquent-de-repondre-a.jpg\" alt=\"Logo du podcast poids lourd \" width=\"2000\" height=\"2000\" loading=\"lazy\"  >\n            <\/div>\n<\/p><\/div>\n<p>D\u00e9butant en 2016, Gimlet&rsquo;s <em>Poids lourd<\/em>tr\u00e8s probablement le podcast le plus aim\u00e9 de tous les temps, est une \u00e9mission narrative qui place l&rsquo;h\u00f4te original Jonathan Goldstein dans la poursuite de la r\u00e9solution des myst\u00e8res personnels et intimes, comme si les histoires que le p\u00e8re d&rsquo;une femme lui a racont\u00e9es, ou pourquoi les plus jolies de l&rsquo;\u00e9cole de l&rsquo;\u00e9cole , les filles les plus populaires ont demand\u00e9 \u00e0 un inadapt\u00e9 le bal. Il ne s&rsquo;agit pas d&rsquo;Internet, mais il partage ce sentiment d&rsquo;\u00e9merveillement et d&rsquo;optimisme pour le monde qui nous entoure que je pense <em>R\u00e9pondre \u00e0 tous<\/em> Les auditeurs appr\u00e9cieront. L&rsquo;auto-d\u00e9pr\u00e9ciation Jonathan apporte de l&rsquo;humour et du c\u0153ur \u00e0 ses enqu\u00eates, et la meilleure partie est que ce n&rsquo;est pas seulement divertissant: Jonathan aide vraiment les gens. Tout le monde a un \u00e9pisode des poids lourds pr\u00e9f\u00e9r\u00e9s, de Gregor au Skye prim\u00e9. <\/p>\n<h2 id=\"decoder-ring\"><em>Bague de d\u00e9codeur<\/em><\/h2>\n<div class=\"eloquent-imagery-image\">\n<div class=\"flex justify-center\">\n                    <img decoding=\"async\" class=\"border border-gray-100\" src=\"https:\/\/vieassociative.be\/actualites\/wp-content\/uploads\/2025\/01\/12-podcasts-pour-les-personnes-qui-manquent-de-repondre-a.png\" alt=\"Logo du podcast de d\u00e9codeur \" width=\"2000\" height=\"1984\" loading=\"lazy\"  >\n            <\/div>\n<\/p><\/div>\n<p>Ardoise <em>Bague de d\u00e9codeur<\/em><em> <\/em>Explore l&rsquo;histoire culturelle et la signification des objets, des concepts et des ph\u00e9nom\u00e8nes originaux &#8211; tout du visage souriant au centre commercial de banlieue \u00e0 la s\u00e9rie de livres \u00abPoulet Soup for the Soul\u00bb. L&rsquo;animatrice Willa Paskin plonge dans les origines et l&rsquo;\u00e9volution de chaque sujet, r\u00e9v\u00e9lant toujours des connexions inattendues et des histoires surprenantes en cours de route alors qu&rsquo;elle discute avec des experts, des historiens et des commentateurs culturels, nous permettant une compr\u00e9hension plus approfondie du monde qui nous entoure et de la culture invisible des voies invisibles fa\u00e7onne nos vies.<\/p>\n<h2 id=\"underunderstood\"><em>Sous-compris<\/em><\/h2>\n<div class=\"eloquent-imagery-image\">\n<div class=\"flex justify-center\">\n                    <img decoding=\"async\" class=\"border border-gray-100\" src=\"https:\/\/vieassociative.be\/actualites\/wp-content\/uploads\/2025\/01\/1738145899_191_12-podcasts-pour-les-personnes-qui-manquent-de-repondre-a.jpg\" alt=\"Logo du podcast sous-compris \" width=\"2000\" height=\"2000\" loading=\"lazy\"  >\n            <\/div>\n<\/p><\/div>\n<p>Chaque \u00e9pisode de <em>Sous-compris<\/em> Jet un \u0153il \u00e0 un myst\u00e8re non googleable et arrive au fond. Les h\u00f4tes se prom\u00e8nent \u00e0 travers les myst\u00e8res, comme retrouver des \u00e9trangers sur des photos, d\u00e9mystifier les scandales de t\u00e9l\u00e9-r\u00e9alit\u00e9, r\u00e9pondre aux fils Twitter abandonn\u00e9s, et plus encore. C&rsquo;est une partie du chat, un documentaire en partie et presque toujours surprenant. Si vous avez aim\u00e9 le <em>R\u00e9pondre \u00e0 tous<\/em> \u00c9pisode n \u00b0 158 Le cas du succ\u00e8s manquant, puis commencez par l&rsquo;\u00e9pisode sous-compris Lou Pearlman a essay\u00e9 d&rsquo;envoyer un groupe de gar\u00e7ons dans l&rsquo;espace.<\/p>\n<h2 id=\"go-touch-grass\"><em>Aller toucher l&rsquo;herbe<\/em><\/h2>\n<div class=\"eloquent-imagery-image\">\n<div class=\"flex justify-center\">\n                    <img decoding=\"async\" class=\"border border-gray-100\" src=\"https:\/\/vieassociative.be\/actualites\/wp-content\/uploads\/2025\/01\/1738145899_470_12-podcasts-pour-les-personnes-qui-manquent-de-repondre-a.jpg\" alt=\"GO TOCH TOCH GRASS PODCAST LOGO \" width=\"2000\" height=\"2000\" loading=\"lazy\"  >\n            <\/div>\n<\/p><\/div>\n<p>Les com\u00e9diens Milly et Alise pensent que nous devons tous nous d\u00e9connecter d&rsquo;Internet &#8211; maintenant! &#8211; Et <em>Aller toucher l&rsquo;herbe<\/em>. Dans leur \u00e9mission, ils passent tout leur temps \u00e0 nous tenir au courant des potins Internet, ainsi que des tendances, des m\u00e8mes et des hashtags qui allument Internet aujourd&rsquo;hui. Les entretiens avec des influenceurs et d&rsquo;autres personnalit\u00e9s num\u00e9riques donnent un aper\u00e7u non filtr\u00e9 des histoires que nos \u00e9crans nous racontent. Milly et Alise sont hilarants. Les mouches du temps lorsque vous les \u00e9coutez d\u00e9baller sur Internet; J&rsquo;ai l&rsquo;impression de sauter dans le meilleur chat de groupe. <\/p>\n<h2 id=\"endless-thread\"><em>Fil sans fin<\/em><\/h2>\n<div class=\"eloquent-imagery-image\">\n<div class=\"flex justify-center\">\n                    <img decoding=\"async\" class=\"border border-gray-100\" src=\"https:\/\/vieassociative.be\/actualites\/wp-content\/uploads\/2025\/01\/1738145900_1_12-podcasts-pour-les-personnes-qui-manquent-de-repondre-a.jpg\" alt=\"Logo du podcast de thread sans fin \" width=\"2000\" height=\"2000\" loading=\"lazy\"  >\n            <\/div>\n<\/p><\/div>\n<p>La plupart <em>Fil sans fin<\/em> Les histoires commencent par quelque chose d&rsquo;\u00e9trange trouv\u00e9 sur Reddit et \u00e9voluent de l\u00e0 en une histoire sur les gens IRL. En utilisant la narration, les interviews et les discussions, les h\u00f4tes Ben Brock Johnson et Amory Sivertson trouvent les personnes impliqu\u00e9es dans les histoires et donnent vie \u00e0 leurs fils. Le spectacle est plein de myst\u00e8res et d&rsquo;exp\u00e9riences personnelles qui vous donneront un aper\u00e7u de la vie des gens du monde entier, \u00e0 la fois en ligne et hors.<\/p>\n<h2 id=\"the-content-mines\"><em>Les mines de contenu <\/em><\/h2>\n<div class=\"eloquent-imagery-image\">\n<div class=\"flex justify-center\">\n                    <img decoding=\"async\" class=\"border border-gray-100\" src=\"https:\/\/vieassociative.be\/actualites\/wp-content\/uploads\/2025\/01\/1738145900_735_12-podcasts-pour-les-personnes-qui-manquent-de-repondre-a.jpg\" alt=\"Le logo du podcast de contenu des mines \" width=\"2000\" height=\"2000\" loading=\"lazy\"  >\n            <\/div>\n<\/p><\/div>\n<p>Manquer la culture Internet amusante et <em>R\u00e9pondre all&rsquo;s <\/em>Buddy vibrations? Sur <em>Les mines de contenu<\/em>accueille Ryan Broderick (de la newsletter du Jour de Garbage) et Luke Bailey (responsable du num\u00e9rique pour Inews.co.uk) parle du contenu num\u00e9rique &#8211; que ce soit des magiciens Facebook, des propri\u00e9taires Tiktok, des escroqueries crypto &#8211; et ce qui le rend bon et mauvais. Ryan et Luke passent beaucoup de temps en ligne, s&rsquo;engagent avec lui et l&rsquo;expliquent aux autres, et sont assez intelligents pour en donner un sens d&rsquo;une mani\u00e8re vraiment divertissante.<\/p>\n<h2 id=\"mystery-show\"><em>Spectacle myst\u00e8re<\/em><\/h2>\n<div class=\"eloquent-imagery-image\">\n<div class=\"flex justify-center\">\n                    <img decoding=\"async\" class=\"border border-gray-100\" src=\"https:\/\/vieassociative.be\/actualites\/wp-content\/uploads\/2025\/01\/1738145901_209_12-podcasts-pour-les-personnes-qui-manquent-de-repondre-a.png\" alt=\"Logo du podcast Show Mystery \" width=\"2000\" height=\"2000\" loading=\"lazy\"  >\n            <\/div>\n<\/p><\/div>\n<p>Si vous avez demand\u00e9 \u00e0 10 000 podcast fous l&rsquo;\u00e9mission n \u00b0 1 qui leur manque, je parie que vous obtiendrez une tonne de votes pour <em>Spectacle myst\u00e8re<\/em>et il partage l&rsquo;ADN avec <em>R\u00e9pondre \u00e0 tous<\/em>. Il y a longtemps, au d\u00e9but du podcasting, Starlee Kine r\u00e9soudrait des myst\u00e8res \u00e9tranges, comme ce qui est arriv\u00e9 \u00e0 un magasin de vid\u00e9os ou \u00e0 la vraie hauteur de Jake Gyllenhaal. Starlee \u00e9tait pleinement attach\u00e9e \u00e0 ces minuscules myst\u00e8res et a \u00e9tudi\u00e9 \u00e0 la fois avec le s\u00e9rieux et un sens de l&rsquo;humour, et tout son c\u0153ur. Il n&rsquo;y a que six \u00e9pisodes. Ch\u00e9rissez-les. <\/p>\n<h2 id=\"icymi\"><em>Imymi<\/em><\/h2>\n<div class=\"eloquent-imagery-image\">\n<div class=\"flex justify-center\">\n                    <img decoding=\"async\" class=\"border border-gray-100\" src=\"https:\/\/vieassociative.be\/actualites\/wp-content\/uploads\/2025\/01\/1738145902_924_12-podcasts-pour-les-personnes-qui-manquent-de-repondre-a.png\" alt=\"Logo du podcast ICYMI \" width=\"2000\" height=\"2000\" loading=\"lazy\"  >\n            <\/div>\n<\/p><\/div>\n<p>Sur <em>Imymi<\/em>Hosts Rachelle Hampton et Candice Lim ramassent les fils et les tendances num\u00e9riques dont tout le monde parle &#8211; ceux qui fa\u00e7onnent notre culture et expliquent pourquoi. Si vous vous \u00eates d\u00e9j\u00e0 senti exclu du discours, c&rsquo;est une fa\u00e7on d&rsquo;enrouler votre cerveau autour de lui. Les h\u00f4tes sont compl\u00e8tement bien inform\u00e9s sur #Cruisetok, l&rsquo;\u00e8re de l&rsquo;influenceur de Gypsy Rose Blanchard, la joie Tiktok de MyChal le biblioth\u00e9caire, et toute chose sauvage se passe dans le zeitgeist num\u00e9rique. <\/p>\n<h2 id=\"every-little-thing\"><em>Chaque petite chose<\/em><\/h2>\n<div class=\"eloquent-imagery-image\">\n<div class=\"flex justify-center\">\n                    <img decoding=\"async\" class=\"border border-gray-100\" src=\"https:\/\/vieassociative.be\/actualites\/wp-content\/uploads\/2025\/01\/1738145903_770_12-podcasts-pour-les-personnes-qui-manquent-de-repondre-a.jpg\" alt=\"Logo du podcast de chaque petite chose \" width=\"2000\" height=\"2000\" loading=\"lazy\"  >\n            <\/div>\n<\/p><\/div>\n<p>Pourquoi parlons-nous pour b\u00e9b\u00e9? Pourquoi gardons-nous du poisson rouge dans des bols dans nos maisons? Pourquoi est-il si difficile d&rsquo;attraper un roadrunner? Pourquoi, pourquoi, pourquoi? <em>Chaque petite chose<\/em> (Un autre \u00e9mission aim\u00e9e et maintenant disparue) a pris des appels des auditeurs sur les petites choses qui les ont intrigu\u00e9s et ont retrouv\u00e9 des experts pour trouver une r\u00e9ponse. Les questions ne sont pas n\u00e9cessairement idiotes; Ils \u00e9taient toujours sur des choses auxquelles vous n&rsquo;aviez probablement jamais vraiment pens\u00e9 auparavant. Deep Dives de Flora Lichtman fera de vous un expert \u00e0 la fin de chaque court \u00e9pisode. <\/p>\n<h2 id=\"tldr\"><em>TLDR <\/em><\/h2>\n<div class=\"eloquent-imagery-image\">\n<div class=\"flex justify-center\">\n                    <img decoding=\"async\" class=\"border border-gray-100\" src=\"https:\/\/vieassociative.be\/actualites\/wp-content\/uploads\/2025\/01\/1738145903_608_12-podcasts-pour-les-personnes-qui-manquent-de-repondre-a.png\" alt=\"Logo du podcast TLDR \" width=\"2000\" height=\"2000\" loading=\"lazy\"  >\n            <\/div>\n<\/p><\/div>\n<p>Cela fait presque 10 ans depuis <em>TLDR<\/em> a publi\u00e9 son dernier \u00e9pisode, mais quand il s&rsquo;agit de <em>R\u00e9pondre \u00e0 tous<\/em>c&rsquo;est un peu o\u00f9 tout a commenc\u00e9 &#8211;<em>TLDR<\/em> C&rsquo;\u00e9tait l\u00e0 o\u00f9 PJ et Alex ont commenc\u00e9 le podcasting. Pour chaque \u00e9pisode, ils partageaient \u00e0 tour de r\u00f4le des histoires \u00e9tranges sur Internet. Un nouvel h\u00f4te, Meredith Haggerty, est apparu \u00e0 la fin. Ces \u00e9pisodes sont \u00e9galement super.<\/p>\n","protected":false},"excerpt":{"rendered":"<p>Si vous \u00eates l&rsquo;un des nombreux qui manquent la \u00abr\u00e9ponse \u00e0 tous\u00bb tr\u00e8s appr\u00e9ci\u00e9e, consultez ces grands podcasts. Neuf amants de podcast sur 10 qui<\/p>\n","protected":false},"author":1,"featured_media":4682,"comment_status":"","ping_status":"","sticky":false,"template":"","format":"standard","meta":{"footnotes":""},"categories":[36],"tags":[14,5019,714,158,81,99,1955,546],"class_list":["post-4681","post","type-post","status-publish","format-standard","has-post-thumbnail","hentry","category-divertissement","tag-les","tag-manquent","tag-personnes","tag-podcasts","tag-pour","tag-qui","tag-repondre","tag-tous","generate-columns","tablet-grid-50","mobile-grid-100","grid-parent","grid-33"],"yoast_head":"<!-- This site is optimized with the Yoast SEO plugin v24.0 - https:\/\/yoast.com\/wordpress\/plugins\/seo\/ -->\n<title>12 podcasts pour les personnes qui manquent de \u00abr\u00e9pondre \u00e0 tous\u00bb | Vie Associative<\/title>\n<meta name=\"robots\" content=\"index, follow, max-snippet:-1, max-image-preview:large, max-video-preview:-1\" \/>\n<link rel=\"canonical\" href=\"https:\/\/vieassociative.be\/actualites\/12-podcasts-pour-les-personnes-qui-manquent-de-repondre-a-tous\/\" \/>\n<meta property=\"og:locale\" content=\"fr_FR\" \/>\n<meta property=\"og:type\" content=\"article\" \/>\n<meta property=\"og:title\" content=\"12 podcasts pour les personnes qui manquent de \u00abr\u00e9pondre \u00e0 tous\u00bb | Vie Associative\" \/>\n<meta property=\"og:description\" content=\"Si vous \u00eates l&rsquo;un des nombreux qui manquent la \u00abr\u00e9ponse \u00e0 tous\u00bb tr\u00e8s appr\u00e9ci\u00e9e, consultez ces grands podcasts. Neuf amants de podcast sur 10 qui\" \/>\n<meta property=\"og:url\" content=\"https:\/\/vieassociative.be\/actualites\/12-podcasts-pour-les-personnes-qui-manquent-de-repondre-a-tous\/\" \/>\n<meta property=\"og:site_name\" content=\"Vie Associative\" \/>\n<meta property=\"article:published_time\" content=\"2025-01-29T10:18:23+00:00\" \/>\n<meta property=\"og:image\" content=\"https:\/\/vieassociative.be\/actualites\/wp-content\/uploads\/2025\/01\/12-podcasts-pour-les-personnes-qui-manquent-de-repondre-a.jpg\" \/>\n<meta name=\"author\" content=\"Julien\" \/>\n<meta name=\"twitter:card\" content=\"summary_large_image\" \/>\n<meta name=\"twitter:label1\" content=\"\u00c9crit par\" \/>\n\t<meta name=\"twitter:data1\" content=\"Julien\" \/>\n\t<meta name=\"twitter:label2\" content=\"Dur\u00e9e de lecture est.\" \/>\n\t<meta name=\"twitter:data2\" content=\"7 minutes\" \/>\n<script type=\"application\/ld+json\" class=\"yoast-schema-graph\">{\"@context\":\"https:\/\/schema.org\",\"@graph\":[{\"@type\":\"Article\",\"@id\":\"https:\/\/vieassociative.be\/actualites\/12-podcasts-pour-les-personnes-qui-manquent-de-repondre-a-tous\/#article\",\"isPartOf\":{\"@id\":\"https:\/\/vieassociative.be\/actualites\/12-podcasts-pour-les-personnes-qui-manquent-de-repondre-a-tous\/\"},\"author\":{\"name\":\"Julien\",\"@id\":\"https:\/\/vieassociative.be\/actualites\/#\/schema\/person\/b87ac4f82f9d4e7b7cec7395b679edc4\"},\"headline\":\"12 podcasts pour les personnes qui manquent de \u00abr\u00e9pondre \u00e0 tous\u00bb\",\"datePublished\":\"2025-01-29T10:18:23+00:00\",\"dateModified\":\"2025-01-29T10:18:23+00:00\",\"mainEntityOfPage\":{\"@id\":\"https:\/\/vieassociative.be\/actualites\/12-podcasts-pour-les-personnes-qui-manquent-de-repondre-a-tous\/\"},\"wordCount\":1409,\"publisher\":{\"@id\":\"https:\/\/vieassociative.be\/actualites\/#organization\"},\"image\":{\"@id\":\"https:\/\/vieassociative.be\/actualites\/12-podcasts-pour-les-personnes-qui-manquent-de-repondre-a-tous\/#primaryimage\"},\"thumbnailUrl\":\"https:\/\/vieassociative.be\/actualites\/wp-content\/uploads\/2025\/01\/1738145904_12-podcasts-pour-les-personnes-qui-manquent-de-repondre-a.png\",\"keywords\":[\"Les\",\"manquent\",\"personnes\",\"podcasts\",\"pour\",\"qui\",\"r\u00e9pondre\",\"tous\"],\"articleSection\":[\"Divertissement\"],\"inLanguage\":\"fr-BE\"},{\"@type\":\"WebPage\",\"@id\":\"https:\/\/vieassociative.be\/actualites\/12-podcasts-pour-les-personnes-qui-manquent-de-repondre-a-tous\/\",\"url\":\"https:\/\/vieassociative.be\/actualites\/12-podcasts-pour-les-personnes-qui-manquent-de-repondre-a-tous\/\",\"name\":\"12 podcasts pour les personnes qui manquent de \u00abr\u00e9pondre \u00e0 tous\u00bb | Vie Associative\",\"isPartOf\":{\"@id\":\"https:\/\/vieassociative.be\/actualites\/#website\"},\"primaryImageOfPage\":{\"@id\":\"https:\/\/vieassociative.be\/actualites\/12-podcasts-pour-les-personnes-qui-manquent-de-repondre-a-tous\/#primaryimage\"},\"image\":{\"@id\":\"https:\/\/vieassociative.be\/actualites\/12-podcasts-pour-les-personnes-qui-manquent-de-repondre-a-tous\/#primaryimage\"},\"thumbnailUrl\":\"https:\/\/vieassociative.be\/actualites\/wp-content\/uploads\/2025\/01\/1738145904_12-podcasts-pour-les-personnes-qui-manquent-de-repondre-a.png\",\"datePublished\":\"2025-01-29T10:18:23+00:00\",\"dateModified\":\"2025-01-29T10:18:23+00:00\",\"breadcrumb\":{\"@id\":\"https:\/\/vieassociative.be\/actualites\/12-podcasts-pour-les-personnes-qui-manquent-de-repondre-a-tous\/#breadcrumb\"},\"inLanguage\":\"fr-BE\",\"potentialAction\":[{\"@type\":\"ReadAction\",\"target\":[\"https:\/\/vieassociative.be\/actualites\/12-podcasts-pour-les-personnes-qui-manquent-de-repondre-a-tous\/\"]}]},{\"@type\":\"ImageObject\",\"inLanguage\":\"fr-BE\",\"@id\":\"https:\/\/vieassociative.be\/actualites\/12-podcasts-pour-les-personnes-qui-manquent-de-repondre-a-tous\/#primaryimage\",\"url\":\"https:\/\/vieassociative.be\/actualites\/wp-content\/uploads\/2025\/01\/1738145904_12-podcasts-pour-les-personnes-qui-manquent-de-repondre-a.png\",\"contentUrl\":\"https:\/\/vieassociative.be\/actualites\/wp-content\/uploads\/2025\/01\/1738145904_12-podcasts-pour-les-personnes-qui-manquent-de-repondre-a.png\",\"width\":1200,\"height\":675,\"caption\":\"12 podcasts pour les personnes qui manquent de \u00abr\u00e9pondre \u00e0 tous\u00bb\"},{\"@type\":\"BreadcrumbList\",\"@id\":\"https:\/\/vieassociative.be\/actualites\/12-podcasts-pour-les-personnes-qui-manquent-de-repondre-a-tous\/#breadcrumb\",\"itemListElement\":[{\"@type\":\"ListItem\",\"position\":1,\"name\":\"Accueil\",\"item\":\"https:\/\/vieassociative.be\/actualites\/\"},{\"@type\":\"ListItem\",\"position\":2,\"name\":\"12 podcasts pour les personnes qui manquent de \u00abr\u00e9pondre \u00e0 tous\u00bb\"}]},{\"@type\":\"WebSite\",\"@id\":\"https:\/\/vieassociative.be\/actualites\/#website\",\"url\":\"https:\/\/vieassociative.be\/actualites\/\",\"name\":\"Vie Associative\",\"description\":\"\",\"publisher\":{\"@id\":\"https:\/\/vieassociative.be\/actualites\/#organization\"},\"potentialAction\":[{\"@type\":\"SearchAction\",\"target\":{\"@type\":\"EntryPoint\",\"urlTemplate\":\"https:\/\/vieassociative.be\/actualites\/?s={search_term_string}\"},\"query-input\":{\"@type\":\"PropertyValueSpecification\",\"valueRequired\":true,\"valueName\":\"search_term_string\"}}],\"inLanguage\":\"fr-BE\"},{\"@type\":\"Organization\",\"@id\":\"https:\/\/vieassociative.be\/actualites\/#organization\",\"name\":\"Vie Associative\",\"url\":\"https:\/\/vieassociative.be\/actualites\/\",\"logo\":{\"@type\":\"ImageObject\",\"inLanguage\":\"fr-BE\",\"@id\":\"https:\/\/vieassociative.be\/actualites\/#\/schema\/logo\/image\/\",\"url\":\"https:\/\/vieassociative.be\/actualites\/wp-content\/uploads\/2024\/09\/cropped-vieassociative_favicon.ico.png\",\"contentUrl\":\"https:\/\/vieassociative.be\/actualites\/wp-content\/uploads\/2024\/09\/cropped-vieassociative_favicon.ico.png\",\"width\":512,\"height\":512,\"caption\":\"Vie Associative\"},\"image\":{\"@id\":\"https:\/\/vieassociative.be\/actualites\/#\/schema\/logo\/image\/\"}},{\"@type\":\"Person\",\"@id\":\"https:\/\/vieassociative.be\/actualites\/#\/schema\/person\/b87ac4f82f9d4e7b7cec7395b679edc4\",\"name\":\"Julien\",\"image\":{\"@type\":\"ImageObject\",\"inLanguage\":\"fr-BE\",\"@id\":\"https:\/\/vieassociative.be\/actualites\/#\/schema\/person\/image\/\",\"url\":\"https:\/\/vieassociative.be\/actualites\/wp-content\/uploads\/2024\/09\/vie-associative-1-150x150.jpg\",\"contentUrl\":\"https:\/\/vieassociative.be\/actualites\/wp-content\/uploads\/2024\/09\/vie-associative-1-150x150.jpg\",\"caption\":\"Julien\"},\"description\":\"Je suis Julien, r\u00e9dacteur pour Vie Associative. Passionn\u00e9 par le monde associatif depuis plus de 10 ans, j'ai \u00e0 c\u0153ur de partager des histoires inspirantes et de mettre en lumi\u00e8re les initiatives locales. Mon objectif est de sensibiliser et d'encourager l'engagement communautaire \u00e0 travers mes articles.\",\"sameAs\":[\"https:\/\/vieassociative.be\/\"]}]}<\/script>\n<!-- \/ Yoast SEO plugin. -->","yoast_head_json":{"title":"12 podcasts pour les personnes qui manquent de \u00abr\u00e9pondre \u00e0 tous\u00bb | Vie Associative","robots":{"index":"index","follow":"follow","max-snippet":"max-snippet:-1","max-image-preview":"max-image-preview:large","max-video-preview":"max-video-preview:-1"},"canonical":"https:\/\/vieassociative.be\/actualites\/12-podcasts-pour-les-personnes-qui-manquent-de-repondre-a-tous\/","og_locale":"fr_FR","og_type":"article","og_title":"12 podcasts pour les personnes qui manquent de \u00abr\u00e9pondre \u00e0 tous\u00bb | Vie Associative","og_description":"Si vous \u00eates l&rsquo;un des nombreux qui manquent la \u00abr\u00e9ponse \u00e0 tous\u00bb tr\u00e8s appr\u00e9ci\u00e9e, consultez ces grands podcasts. Neuf amants de podcast sur 10 qui","og_url":"https:\/\/vieassociative.be\/actualites\/12-podcasts-pour-les-personnes-qui-manquent-de-repondre-a-tous\/","og_site_name":"Vie Associative","article_published_time":"2025-01-29T10:18:23+00:00","og_image":[{"url":"https:\/\/vieassociative.be\/actualites\/wp-content\/uploads\/2025\/01\/12-podcasts-pour-les-personnes-qui-manquent-de-repondre-a.jpg","type":"","width":"","height":""}],"author":"Julien","twitter_card":"summary_large_image","twitter_misc":{"\u00c9crit par":"Julien","Dur\u00e9e de lecture est.":"7 minutes"},"schema":{"@context":"https:\/\/schema.org","@graph":[{"@type":"Article","@id":"https:\/\/vieassociative.be\/actualites\/12-podcasts-pour-les-personnes-qui-manquent-de-repondre-a-tous\/#article","isPartOf":{"@id":"https:\/\/vieassociative.be\/actualites\/12-podcasts-pour-les-personnes-qui-manquent-de-repondre-a-tous\/"},"author":{"name":"Julien","@id":"https:\/\/vieassociative.be\/actualites\/#\/schema\/person\/b87ac4f82f9d4e7b7cec7395b679edc4"},"headline":"12 podcasts pour les personnes qui manquent de \u00abr\u00e9pondre \u00e0 tous\u00bb","datePublished":"2025-01-29T10:18:23+00:00","dateModified":"2025-01-29T10:18:23+00:00","mainEntityOfPage":{"@id":"https:\/\/vieassociative.be\/actualites\/12-podcasts-pour-les-personnes-qui-manquent-de-repondre-a-tous\/"},"wordCount":1409,"publisher":{"@id":"https:\/\/vieassociative.be\/actualites\/#organization"},"image":{"@id":"https:\/\/vieassociative.be\/actualites\/12-podcasts-pour-les-personnes-qui-manquent-de-repondre-a-tous\/#primaryimage"},"thumbnailUrl":"https:\/\/vieassociative.be\/actualites\/wp-content\/uploads\/2025\/01\/1738145904_12-podcasts-pour-les-personnes-qui-manquent-de-repondre-a.png","keywords":["Les","manquent","personnes","podcasts","pour","qui","r\u00e9pondre","tous"],"articleSection":["Divertissement"],"inLanguage":"fr-BE"},{"@type":"WebPage","@id":"https:\/\/vieassociative.be\/actualites\/12-podcasts-pour-les-personnes-qui-manquent-de-repondre-a-tous\/","url":"https:\/\/vieassociative.be\/actualites\/12-podcasts-pour-les-personnes-qui-manquent-de-repondre-a-tous\/","name":"12 podcasts pour les personnes qui manquent de \u00abr\u00e9pondre \u00e0 tous\u00bb | Vie Associative","isPartOf":{"@id":"https:\/\/vieassociative.be\/actualites\/#website"},"primaryImageOfPage":{"@id":"https:\/\/vieassociative.be\/actualites\/12-podcasts-pour-les-personnes-qui-manquent-de-repondre-a-tous\/#primaryimage"},"image":{"@id":"https:\/\/vieassociative.be\/actualites\/12-podcasts-pour-les-personnes-qui-manquent-de-repondre-a-tous\/#primaryimage"},"thumbnailUrl":"https:\/\/vieassociative.be\/actualites\/wp-content\/uploads\/2025\/01\/1738145904_12-podcasts-pour-les-personnes-qui-manquent-de-repondre-a.png","datePublished":"2025-01-29T10:18:23+00:00","dateModified":"2025-01-29T10:18:23+00:00","breadcrumb":{"@id":"https:\/\/vieassociative.be\/actualites\/12-podcasts-pour-les-personnes-qui-manquent-de-repondre-a-tous\/#breadcrumb"},"inLanguage":"fr-BE","potentialAction":[{"@type":"ReadAction","target":["https:\/\/vieassociative.be\/actualites\/12-podcasts-pour-les-personnes-qui-manquent-de-repondre-a-tous\/"]}]},{"@type":"ImageObject","inLanguage":"fr-BE","@id":"https:\/\/vieassociative.be\/actualites\/12-podcasts-pour-les-personnes-qui-manquent-de-repondre-a-tous\/#primaryimage","url":"https:\/\/vieassociative.be\/actualites\/wp-content\/uploads\/2025\/01\/1738145904_12-podcasts-pour-les-personnes-qui-manquent-de-repondre-a.png","contentUrl":"https:\/\/vieassociative.be\/actualites\/wp-content\/uploads\/2025\/01\/1738145904_12-podcasts-pour-les-personnes-qui-manquent-de-repondre-a.png","width":1200,"height":675,"caption":"12 podcasts pour les personnes qui manquent de \u00abr\u00e9pondre \u00e0 tous\u00bb"},{"@type":"BreadcrumbList","@id":"https:\/\/vieassociative.be\/actualites\/12-podcasts-pour-les-personnes-qui-manquent-de-repondre-a-tous\/#breadcrumb","itemListElement":[{"@type":"ListItem","position":1,"name":"Accueil","item":"https:\/\/vieassociative.be\/actualites\/"},{"@type":"ListItem","position":2,"name":"12 podcasts pour les personnes qui manquent de \u00abr\u00e9pondre \u00e0 tous\u00bb"}]},{"@type":"WebSite","@id":"https:\/\/vieassociative.be\/actualites\/#website","url":"https:\/\/vieassociative.be\/actualites\/","name":"Vie Associative","description":"","publisher":{"@id":"https:\/\/vieassociative.be\/actualites\/#organization"},"potentialAction":[{"@type":"SearchAction","target":{"@type":"EntryPoint","urlTemplate":"https:\/\/vieassociative.be\/actualites\/?s={search_term_string}"},"query-input":{"@type":"PropertyValueSpecification","valueRequired":true,"valueName":"search_term_string"}}],"inLanguage":"fr-BE"},{"@type":"Organization","@id":"https:\/\/vieassociative.be\/actualites\/#organization","name":"Vie Associative","url":"https:\/\/vieassociative.be\/actualites\/","logo":{"@type":"ImageObject","inLanguage":"fr-BE","@id":"https:\/\/vieassociative.be\/actualites\/#\/schema\/logo\/image\/","url":"https:\/\/vieassociative.be\/actualites\/wp-content\/uploads\/2024\/09\/cropped-vieassociative_favicon.ico.png","contentUrl":"https:\/\/vieassociative.be\/actualites\/wp-content\/uploads\/2024\/09\/cropped-vieassociative_favicon.ico.png","width":512,"height":512,"caption":"Vie Associative"},"image":{"@id":"https:\/\/vieassociative.be\/actualites\/#\/schema\/logo\/image\/"}},{"@type":"Person","@id":"https:\/\/vieassociative.be\/actualites\/#\/schema\/person\/b87ac4f82f9d4e7b7cec7395b679edc4","name":"Julien","image":{"@type":"ImageObject","inLanguage":"fr-BE","@id":"https:\/\/vieassociative.be\/actualites\/#\/schema\/person\/image\/","url":"https:\/\/vieassociative.be\/actualites\/wp-content\/uploads\/2024\/09\/vie-associative-1-150x150.jpg","contentUrl":"https:\/\/vieassociative.be\/actualites\/wp-content\/uploads\/2024\/09\/vie-associative-1-150x150.jpg","caption":"Julien"},"description":"Je suis Julien, r\u00e9dacteur pour Vie Associative. Passionn\u00e9 par le monde associatif depuis plus de 10 ans, j'ai \u00e0 c\u0153ur de partager des histoires inspirantes et de mettre en lumi\u00e8re les initiatives locales. Mon objectif est de sensibiliser et d'encourager l'engagement communautaire \u00e0 travers mes articles.","sameAs":["https:\/\/vieassociative.be\/"]}]}},"_links":{"self":[{"href":"https:\/\/vieassociative.be\/actualites\/wp-json\/wp\/v2\/posts\/4681"}],"collection":[{"href":"https:\/\/vieassociative.be\/actualites\/wp-json\/wp\/v2\/posts"}],"about":[{"href":"https:\/\/vieassociative.be\/actualites\/wp-json\/wp\/v2\/types\/post"}],"author":[{"embeddable":true,"href":"https:\/\/vieassociative.be\/actualites\/wp-json\/wp\/v2\/users\/1"}],"replies":[{"embeddable":true,"href":"https:\/\/vieassociative.be\/actualites\/wp-json\/wp\/v2\/comments?post=4681"}],"version-history":[{"count":0,"href":"https:\/\/vieassociative.be\/actualites\/wp-json\/wp\/v2\/posts\/4681\/revisions"}],"wp:featuredmedia":[{"embeddable":true,"href":"https:\/\/vieassociative.be\/actualites\/wp-json\/wp\/v2\/media\/4682"}],"wp:attachment":[{"href":"https:\/\/vieassociative.be\/actualites\/wp-json\/wp\/v2\/media?parent=4681"}],"wp:term":[{"taxonomy":"category","embeddable":true,"href":"https:\/\/vieassociative.be\/actualites\/wp-json\/wp\/v2\/categories?post=4681"},{"taxonomy":"post_tag","embeddable":true,"href":"https:\/\/vieassociative.be\/actualites\/wp-json\/wp\/v2\/tags?post=4681"}],"curies":[{"name":"wp","href":"https:\/\/api.w.org\/{rel}","templated":true}]}}