{"id":4680,"date":"2025-01-29T09:19:30","date_gmt":"2025-01-29T08:19:30","guid":{"rendered":"https:\/\/vieassociative.be\/actualites\/reduisez-la-lettre-a-lediteur-reduisez-la-bureaucratie-pour-proteger-notre-prosperite\/"},"modified":"2025-01-29T09:19:30","modified_gmt":"2025-01-29T08:19:30","slug":"reduisez-la-lettre-a-lediteur-reduisez-la-bureaucratie-pour-proteger-notre-prosperite","status":"publish","type":"post","link":"https:\/\/vieassociative.be\/actualites\/reduisez-la-lettre-a-lediteur-reduisez-la-bureaucratie-pour-proteger-notre-prosperite\/","title":{"rendered":"R\u00e9duisez la lettre \u00e0 l&rsquo;\u00e9diteur &#8211; R\u00e9duisez la bureaucratie pour prot\u00e9ger notre prosp\u00e9rit\u00e9"},"content":{"rendered":"<p><strong>Imaginez une maison qui est surpeupl\u00e9e de meubles inutiles &#8211; si surcharg\u00e9 que vous pouvez \u00e0 peine bouger. C&rsquo;est exactement ainsi que la bureaucratie fonctionne: plus elle est grande, plus elle est ch\u00e8re et inefficace. Et qui paie pour cet \u00e9norme appareil administratif? Nous tous &#8211; avec nos imp\u00f4ts.<\/strong><\/p>\n<p><span id=\"more-406985\"><\/span>Aujourd&rsquo;hui, notre \u00e9conomie est comme un navire surcharg\u00e9 qui menace de diminuer. Chaque nouvelle autorit\u00e9, chaque employ\u00e9 administratif suppl\u00e9mentaire est comme un autre poids qui rend le navire plus lent. Le probl\u00e8me avec cela: les co\u00fbts de cette bureaucratie sont couverts par des imp\u00f4ts toujours plus \u00e9lev\u00e9s qui r\u00e9duisent nos revenus et notre pouvoir d&rsquo;achat.<\/p>\n<p>Bien s\u00fbr, la bureaucratie devrait \u00eatre l\u00e0 pour nous servir &#8211; pour des choses comme les \u00e9coles, les rues ou les h\u00f4pitaux. Mais en r\u00e9alit\u00e9, elle tourne souvent autour d&rsquo;elle. Cela signifie que la bureaucratie continue de se d\u00e9velopper sans que nous en b\u00e9n\u00e9ficions vraiment en tant que citoyen. En attendant, nos vies deviennent plus ch\u00e8res, car de plus en plus de contribuables sont n\u00e9cessaires pour maintenir cet appareil \u00e9norme.<\/p>\n<p>Le pire: contrairement aux entreprises qui d\u00e9pendent de la satisfaction de leurs clients, une autorit\u00e9 inefficace peut simplement continuer d&rsquo;exister. Et si quelque chose ne fonctionne pas, une nouvelle autorit\u00e9 est souvent cr\u00e9\u00e9e qui devrait \u00ab\u00a0r\u00e9parer\u00a0\u00bb les choses &#8211; ce qui aggrave le probl\u00e8me.<\/p>\n<p>Personnellement, je remarque \u00e0 quel point il sera difficile de joindre les deux bouts financi\u00e8rement. Et je pense que beaucoup d&rsquo;autres citoyens sont les m\u00eames. La hausse des prix de la nourriture, de l&rsquo;\u00e9nergie et d&rsquo;autres choses de base de la vie rend de plus en plus difficile de rassembler les extr\u00e9mit\u00e9s. Alors que nous attachons de plus en plus notre ceinture, la bureaucratie continue de cro\u00eetre &#8211; et \u00e0 nos d\u00e9pens.<br \/>\nNous sommes \u00e0 un tournant. Si nous ne r\u00e9duisons pas la bureaucratie bient\u00f4t, il continuera d&rsquo;absorber nos ressources comme une \u00e9ponge. Cela signifie moins d&rsquo;argent dans nos poches, tandis que les prix de la vie quotidienne augmentent.<\/p>\n<p>La r\u00e9duction de la bureaucratie ne signifie pas que nous sommes contre les services publics ou publics. Cela signifie seulement que nous voulons travailler plus efficacement. Moins de paperasse, moins de d\u00e9chets, plus d&rsquo;argent pour les citoyens am\u00e9ricains.<\/p>\n<p>Si nous voulons emp\u00eacher la chute \u00e9conomique, nous devons agir. Notre \u00abnavire\u00bb a besoin de soulagement avant de tomber. Il ne s&rsquo;agit pas seulement des chiffres, mais de notre niveau de vie, de notre avenir et de l&rsquo;opportunit\u00e9 de vivre une vie digne.<\/p>\n<p><b>28.01.2025 Pascale Baudimont, Eupen<\/b><\/p>\n","protected":false},"excerpt":{"rendered":"<p>Imaginez une maison qui est surpeupl\u00e9e de meubles inutiles &#8211; si surcharg\u00e9 que vous pouvez \u00e0 peine bouger. C&rsquo;est exactement ainsi que la bureaucratie fonctionne:<\/p>\n","protected":false},"author":1,"featured_media":2567,"comment_status":"","ping_status":"","sticky":false,"template":"","format":"standard","meta":{"footnotes":""},"categories":[298],"tags":[5017,4400,2628,609,81,5018,275,5016],"class_list":["post-4680","post","type-post","status-publish","format-standard","has-post-thumbnail","hentry","category-belgique","tag-bureaucratie","tag-lediteur","tag-lettre","tag-notre","tag-pour","tag-prosperite","tag-proteger","tag-reduisez","generate-columns","tablet-grid-50","mobile-grid-100","grid-parent","grid-33"],"yoast_head":"<!-- This site is optimized with the Yoast SEO plugin v24.0 - https:\/\/yoast.com\/wordpress\/plugins\/seo\/ -->\n<title>R\u00e9duisez la lettre \u00e0 l&#039;\u00e9diteur - R\u00e9duisez la bureaucratie pour prot\u00e9ger notre prosp\u00e9rit\u00e9 | Vie Associative<\/title>\n<meta name=\"robots\" content=\"index, follow, max-snippet:-1, max-image-preview:large, max-video-preview:-1\" \/>\n<link rel=\"canonical\" href=\"https:\/\/vieassociative.be\/actualites\/reduisez-la-lettre-a-lediteur-reduisez-la-bureaucratie-pour-proteger-notre-prosperite\/\" \/>\n<meta property=\"og:locale\" content=\"fr_FR\" \/>\n<meta property=\"og:type\" content=\"article\" \/>\n<meta property=\"og:title\" content=\"R\u00e9duisez la lettre \u00e0 l&#039;\u00e9diteur - R\u00e9duisez la bureaucratie pour prot\u00e9ger notre prosp\u00e9rit\u00e9 | Vie Associative\" \/>\n<meta property=\"og:description\" content=\"Imaginez une maison qui est surpeupl\u00e9e de meubles inutiles &#8211; si surcharg\u00e9 que vous pouvez \u00e0 peine bouger. C&rsquo;est exactement ainsi que la bureaucratie fonctionne:\" \/>\n<meta property=\"og:url\" content=\"https:\/\/vieassociative.be\/actualites\/reduisez-la-lettre-a-lediteur-reduisez-la-bureaucratie-pour-proteger-notre-prosperite\/\" \/>\n<meta property=\"og:site_name\" content=\"Vie Associative\" \/>\n<meta property=\"article:published_time\" content=\"2025-01-29T08:19:30+00:00\" \/>\n<meta property=\"og:image\" content=\"https:\/\/vieassociative.be\/actualites\/wp-content\/uploads\/2024\/09\/header_backgroundk-01-e1726694325946.png\" \/>\n\t<meta property=\"og:image:width\" content=\"279\" \/>\n\t<meta property=\"og:image:height\" content=\"92\" \/>\n\t<meta property=\"og:image:type\" content=\"image\/png\" \/>\n<meta name=\"author\" content=\"Julien\" \/>\n<meta name=\"twitter:card\" content=\"summary_large_image\" \/>\n<meta name=\"twitter:label1\" content=\"\u00c9crit par\" \/>\n\t<meta name=\"twitter:data1\" content=\"Julien\" \/>\n\t<meta name=\"twitter:label2\" content=\"Dur\u00e9e de lecture est.\" \/>\n\t<meta name=\"twitter:data2\" content=\"2 minutes\" \/>\n<script type=\"application\/ld+json\" class=\"yoast-schema-graph\">{\"@context\":\"https:\/\/schema.org\",\"@graph\":[{\"@type\":\"Article\",\"@id\":\"https:\/\/vieassociative.be\/actualites\/reduisez-la-lettre-a-lediteur-reduisez-la-bureaucratie-pour-proteger-notre-prosperite\/#article\",\"isPartOf\":{\"@id\":\"https:\/\/vieassociative.be\/actualites\/reduisez-la-lettre-a-lediteur-reduisez-la-bureaucratie-pour-proteger-notre-prosperite\/\"},\"author\":{\"name\":\"Julien\",\"@id\":\"https:\/\/vieassociative.be\/actualites\/#\/schema\/person\/b87ac4f82f9d4e7b7cec7395b679edc4\"},\"headline\":\"R\u00e9duisez la lettre \u00e0 l&rsquo;\u00e9diteur &#8211; R\u00e9duisez la bureaucratie pour prot\u00e9ger notre prosp\u00e9rit\u00e9\",\"datePublished\":\"2025-01-29T08:19:30+00:00\",\"dateModified\":\"2025-01-29T08:19:30+00:00\",\"mainEntityOfPage\":{\"@id\":\"https:\/\/vieassociative.be\/actualites\/reduisez-la-lettre-a-lediteur-reduisez-la-bureaucratie-pour-proteger-notre-prosperite\/\"},\"wordCount\":470,\"publisher\":{\"@id\":\"https:\/\/vieassociative.be\/actualites\/#organization\"},\"image\":{\"@id\":\"https:\/\/vieassociative.be\/actualites\/reduisez-la-lettre-a-lediteur-reduisez-la-bureaucratie-pour-proteger-notre-prosperite\/#primaryimage\"},\"thumbnailUrl\":\"https:\/\/vieassociative.be\/actualites\/wp-content\/uploads\/2024\/11\/LETTRE-A-LA-REDACTION-\u2013-Audi-Bruxelles-dernier-avertissement-du.jpeg\",\"keywords\":[\"bureaucratie\",\"L\u00c9DITEUR\",\"lettre\",\"notre\",\"pour\",\"prosp\u00e9rit\u00e9\",\"prot\u00e9ger\",\"R\u00e9duisez\"],\"articleSection\":[\"Belgique\"],\"inLanguage\":\"fr-BE\"},{\"@type\":\"WebPage\",\"@id\":\"https:\/\/vieassociative.be\/actualites\/reduisez-la-lettre-a-lediteur-reduisez-la-bureaucratie-pour-proteger-notre-prosperite\/\",\"url\":\"https:\/\/vieassociative.be\/actualites\/reduisez-la-lettre-a-lediteur-reduisez-la-bureaucratie-pour-proteger-notre-prosperite\/\",\"name\":\"R\u00e9duisez la lettre \u00e0 l'\u00e9diteur - R\u00e9duisez la bureaucratie pour prot\u00e9ger notre prosp\u00e9rit\u00e9 | Vie Associative\",\"isPartOf\":{\"@id\":\"https:\/\/vieassociative.be\/actualites\/#website\"},\"primaryImageOfPage\":{\"@id\":\"https:\/\/vieassociative.be\/actualites\/reduisez-la-lettre-a-lediteur-reduisez-la-bureaucratie-pour-proteger-notre-prosperite\/#primaryimage\"},\"image\":{\"@id\":\"https:\/\/vieassociative.be\/actualites\/reduisez-la-lettre-a-lediteur-reduisez-la-bureaucratie-pour-proteger-notre-prosperite\/#primaryimage\"},\"thumbnailUrl\":\"https:\/\/vieassociative.be\/actualites\/wp-content\/uploads\/2024\/11\/LETTRE-A-LA-REDACTION-\u2013-Audi-Bruxelles-dernier-avertissement-du.jpeg\",\"datePublished\":\"2025-01-29T08:19:30+00:00\",\"dateModified\":\"2025-01-29T08:19:30+00:00\",\"breadcrumb\":{\"@id\":\"https:\/\/vieassociative.be\/actualites\/reduisez-la-lettre-a-lediteur-reduisez-la-bureaucratie-pour-proteger-notre-prosperite\/#breadcrumb\"},\"inLanguage\":\"fr-BE\",\"potentialAction\":[{\"@type\":\"ReadAction\",\"target\":[\"https:\/\/vieassociative.be\/actualites\/reduisez-la-lettre-a-lediteur-reduisez-la-bureaucratie-pour-proteger-notre-prosperite\/\"]}]},{\"@type\":\"ImageObject\",\"inLanguage\":\"fr-BE\",\"@id\":\"https:\/\/vieassociative.be\/actualites\/reduisez-la-lettre-a-lediteur-reduisez-la-bureaucratie-pour-proteger-notre-prosperite\/#primaryimage\",\"url\":\"https:\/\/vieassociative.be\/actualites\/wp-content\/uploads\/2024\/11\/LETTRE-A-LA-REDACTION-\u2013-Audi-Bruxelles-dernier-avertissement-du.jpeg\",\"contentUrl\":\"https:\/\/vieassociative.be\/actualites\/wp-content\/uploads\/2024\/11\/LETTRE-A-LA-REDACTION-\u2013-Audi-Bruxelles-dernier-avertissement-du.jpeg\",\"width\":1024,\"height\":747,\"caption\":\"LETTRE \u00c0 LA R\u00c9DACTION \u2013 Audi Bruxelles, dernier avertissement du gouffre\"},{\"@type\":\"BreadcrumbList\",\"@id\":\"https:\/\/vieassociative.be\/actualites\/reduisez-la-lettre-a-lediteur-reduisez-la-bureaucratie-pour-proteger-notre-prosperite\/#breadcrumb\",\"itemListElement\":[{\"@type\":\"ListItem\",\"position\":1,\"name\":\"Accueil\",\"item\":\"https:\/\/vieassociative.be\/actualites\/\"},{\"@type\":\"ListItem\",\"position\":2,\"name\":\"R\u00e9duisez la lettre \u00e0 l&rsquo;\u00e9diteur &#8211; R\u00e9duisez la bureaucratie pour prot\u00e9ger notre prosp\u00e9rit\u00e9\"}]},{\"@type\":\"WebSite\",\"@id\":\"https:\/\/vieassociative.be\/actualites\/#website\",\"url\":\"https:\/\/vieassociative.be\/actualites\/\",\"name\":\"Vie Associative\",\"description\":\"\",\"publisher\":{\"@id\":\"https:\/\/vieassociative.be\/actualites\/#organization\"},\"potentialAction\":[{\"@type\":\"SearchAction\",\"target\":{\"@type\":\"EntryPoint\",\"urlTemplate\":\"https:\/\/vieassociative.be\/actualites\/?s={search_term_string}\"},\"query-input\":{\"@type\":\"PropertyValueSpecification\",\"valueRequired\":true,\"valueName\":\"search_term_string\"}}],\"inLanguage\":\"fr-BE\"},{\"@type\":\"Organization\",\"@id\":\"https:\/\/vieassociative.be\/actualites\/#organization\",\"name\":\"Vie Associative\",\"url\":\"https:\/\/vieassociative.be\/actualites\/\",\"logo\":{\"@type\":\"ImageObject\",\"inLanguage\":\"fr-BE\",\"@id\":\"https:\/\/vieassociative.be\/actualites\/#\/schema\/logo\/image\/\",\"url\":\"https:\/\/vieassociative.be\/actualites\/wp-content\/uploads\/2024\/09\/cropped-vieassociative_favicon.ico.png\",\"contentUrl\":\"https:\/\/vieassociative.be\/actualites\/wp-content\/uploads\/2024\/09\/cropped-vieassociative_favicon.ico.png\",\"width\":512,\"height\":512,\"caption\":\"Vie Associative\"},\"image\":{\"@id\":\"https:\/\/vieassociative.be\/actualites\/#\/schema\/logo\/image\/\"}},{\"@type\":\"Person\",\"@id\":\"https:\/\/vieassociative.be\/actualites\/#\/schema\/person\/b87ac4f82f9d4e7b7cec7395b679edc4\",\"name\":\"Julien\",\"image\":{\"@type\":\"ImageObject\",\"inLanguage\":\"fr-BE\",\"@id\":\"https:\/\/vieassociative.be\/actualites\/#\/schema\/person\/image\/\",\"url\":\"https:\/\/vieassociative.be\/actualites\/wp-content\/uploads\/2024\/09\/vie-associative-1-150x150.jpg\",\"contentUrl\":\"https:\/\/vieassociative.be\/actualites\/wp-content\/uploads\/2024\/09\/vie-associative-1-150x150.jpg\",\"caption\":\"Julien\"},\"description\":\"Je suis Julien, r\u00e9dacteur pour Vie Associative. Passionn\u00e9 par le monde associatif depuis plus de 10 ans, j'ai \u00e0 c\u0153ur de partager des histoires inspirantes et de mettre en lumi\u00e8re les initiatives locales. Mon objectif est de sensibiliser et d'encourager l'engagement communautaire \u00e0 travers mes articles.\",\"sameAs\":[\"https:\/\/vieassociative.be\/\"]}]}<\/script>\n<!-- \/ Yoast SEO plugin. -->","yoast_head_json":{"title":"R\u00e9duisez la lettre \u00e0 l'\u00e9diteur - R\u00e9duisez la bureaucratie pour prot\u00e9ger notre prosp\u00e9rit\u00e9 | Vie Associative","robots":{"index":"index","follow":"follow","max-snippet":"max-snippet:-1","max-image-preview":"max-image-preview:large","max-video-preview":"max-video-preview:-1"},"canonical":"https:\/\/vieassociative.be\/actualites\/reduisez-la-lettre-a-lediteur-reduisez-la-bureaucratie-pour-proteger-notre-prosperite\/","og_locale":"fr_FR","og_type":"article","og_title":"R\u00e9duisez la lettre \u00e0 l'\u00e9diteur - R\u00e9duisez la bureaucratie pour prot\u00e9ger notre prosp\u00e9rit\u00e9 | Vie Associative","og_description":"Imaginez une maison qui est surpeupl\u00e9e de meubles inutiles &#8211; si surcharg\u00e9 que vous pouvez \u00e0 peine bouger. C&rsquo;est exactement ainsi que la bureaucratie fonctionne:","og_url":"https:\/\/vieassociative.be\/actualites\/reduisez-la-lettre-a-lediteur-reduisez-la-bureaucratie-pour-proteger-notre-prosperite\/","og_site_name":"Vie Associative","article_published_time":"2025-01-29T08:19:30+00:00","og_image":[{"width":279,"height":92,"url":"https:\/\/vieassociative.be\/actualites\/wp-content\/uploads\/2024\/09\/header_backgroundk-01-e1726694325946.png","type":"image\/png"}],"author":"Julien","twitter_card":"summary_large_image","twitter_misc":{"\u00c9crit par":"Julien","Dur\u00e9e de lecture est.":"2 minutes"},"schema":{"@context":"https:\/\/schema.org","@graph":[{"@type":"Article","@id":"https:\/\/vieassociative.be\/actualites\/reduisez-la-lettre-a-lediteur-reduisez-la-bureaucratie-pour-proteger-notre-prosperite\/#article","isPartOf":{"@id":"https:\/\/vieassociative.be\/actualites\/reduisez-la-lettre-a-lediteur-reduisez-la-bureaucratie-pour-proteger-notre-prosperite\/"},"author":{"name":"Julien","@id":"https:\/\/vieassociative.be\/actualites\/#\/schema\/person\/b87ac4f82f9d4e7b7cec7395b679edc4"},"headline":"R\u00e9duisez la lettre \u00e0 l&rsquo;\u00e9diteur &#8211; R\u00e9duisez la bureaucratie pour prot\u00e9ger notre prosp\u00e9rit\u00e9","datePublished":"2025-01-29T08:19:30+00:00","dateModified":"2025-01-29T08:19:30+00:00","mainEntityOfPage":{"@id":"https:\/\/vieassociative.be\/actualites\/reduisez-la-lettre-a-lediteur-reduisez-la-bureaucratie-pour-proteger-notre-prosperite\/"},"wordCount":470,"publisher":{"@id":"https:\/\/vieassociative.be\/actualites\/#organization"},"image":{"@id":"https:\/\/vieassociative.be\/actualites\/reduisez-la-lettre-a-lediteur-reduisez-la-bureaucratie-pour-proteger-notre-prosperite\/#primaryimage"},"thumbnailUrl":"https:\/\/vieassociative.be\/actualites\/wp-content\/uploads\/2024\/11\/LETTRE-A-LA-REDACTION-\u2013-Audi-Bruxelles-dernier-avertissement-du.jpeg","keywords":["bureaucratie","L\u00c9DITEUR","lettre","notre","pour","prosp\u00e9rit\u00e9","prot\u00e9ger","R\u00e9duisez"],"articleSection":["Belgique"],"inLanguage":"fr-BE"},{"@type":"WebPage","@id":"https:\/\/vieassociative.be\/actualites\/reduisez-la-lettre-a-lediteur-reduisez-la-bureaucratie-pour-proteger-notre-prosperite\/","url":"https:\/\/vieassociative.be\/actualites\/reduisez-la-lettre-a-lediteur-reduisez-la-bureaucratie-pour-proteger-notre-prosperite\/","name":"R\u00e9duisez la lettre \u00e0 l'\u00e9diteur - R\u00e9duisez la bureaucratie pour prot\u00e9ger notre prosp\u00e9rit\u00e9 | Vie Associative","isPartOf":{"@id":"https:\/\/vieassociative.be\/actualites\/#website"},"primaryImageOfPage":{"@id":"https:\/\/vieassociative.be\/actualites\/reduisez-la-lettre-a-lediteur-reduisez-la-bureaucratie-pour-proteger-notre-prosperite\/#primaryimage"},"image":{"@id":"https:\/\/vieassociative.be\/actualites\/reduisez-la-lettre-a-lediteur-reduisez-la-bureaucratie-pour-proteger-notre-prosperite\/#primaryimage"},"thumbnailUrl":"https:\/\/vieassociative.be\/actualites\/wp-content\/uploads\/2024\/11\/LETTRE-A-LA-REDACTION-\u2013-Audi-Bruxelles-dernier-avertissement-du.jpeg","datePublished":"2025-01-29T08:19:30+00:00","dateModified":"2025-01-29T08:19:30+00:00","breadcrumb":{"@id":"https:\/\/vieassociative.be\/actualites\/reduisez-la-lettre-a-lediteur-reduisez-la-bureaucratie-pour-proteger-notre-prosperite\/#breadcrumb"},"inLanguage":"fr-BE","potentialAction":[{"@type":"ReadAction","target":["https:\/\/vieassociative.be\/actualites\/reduisez-la-lettre-a-lediteur-reduisez-la-bureaucratie-pour-proteger-notre-prosperite\/"]}]},{"@type":"ImageObject","inLanguage":"fr-BE","@id":"https:\/\/vieassociative.be\/actualites\/reduisez-la-lettre-a-lediteur-reduisez-la-bureaucratie-pour-proteger-notre-prosperite\/#primaryimage","url":"https:\/\/vieassociative.be\/actualites\/wp-content\/uploads\/2024\/11\/LETTRE-A-LA-REDACTION-\u2013-Audi-Bruxelles-dernier-avertissement-du.jpeg","contentUrl":"https:\/\/vieassociative.be\/actualites\/wp-content\/uploads\/2024\/11\/LETTRE-A-LA-REDACTION-\u2013-Audi-Bruxelles-dernier-avertissement-du.jpeg","width":1024,"height":747,"caption":"LETTRE \u00c0 LA R\u00c9DACTION \u2013 Audi Bruxelles, dernier avertissement du gouffre"},{"@type":"BreadcrumbList","@id":"https:\/\/vieassociative.be\/actualites\/reduisez-la-lettre-a-lediteur-reduisez-la-bureaucratie-pour-proteger-notre-prosperite\/#breadcrumb","itemListElement":[{"@type":"ListItem","position":1,"name":"Accueil","item":"https:\/\/vieassociative.be\/actualites\/"},{"@type":"ListItem","position":2,"name":"R\u00e9duisez la lettre \u00e0 l&rsquo;\u00e9diteur &#8211; R\u00e9duisez la bureaucratie pour prot\u00e9ger notre prosp\u00e9rit\u00e9"}]},{"@type":"WebSite","@id":"https:\/\/vieassociative.be\/actualites\/#website","url":"https:\/\/vieassociative.be\/actualites\/","name":"Vie Associative","description":"","publisher":{"@id":"https:\/\/vieassociative.be\/actualites\/#organization"},"potentialAction":[{"@type":"SearchAction","target":{"@type":"EntryPoint","urlTemplate":"https:\/\/vieassociative.be\/actualites\/?s={search_term_string}"},"query-input":{"@type":"PropertyValueSpecification","valueRequired":true,"valueName":"search_term_string"}}],"inLanguage":"fr-BE"},{"@type":"Organization","@id":"https:\/\/vieassociative.be\/actualites\/#organization","name":"Vie Associative","url":"https:\/\/vieassociative.be\/actualites\/","logo":{"@type":"ImageObject","inLanguage":"fr-BE","@id":"https:\/\/vieassociative.be\/actualites\/#\/schema\/logo\/image\/","url":"https:\/\/vieassociative.be\/actualites\/wp-content\/uploads\/2024\/09\/cropped-vieassociative_favicon.ico.png","contentUrl":"https:\/\/vieassociative.be\/actualites\/wp-content\/uploads\/2024\/09\/cropped-vieassociative_favicon.ico.png","width":512,"height":512,"caption":"Vie Associative"},"image":{"@id":"https:\/\/vieassociative.be\/actualites\/#\/schema\/logo\/image\/"}},{"@type":"Person","@id":"https:\/\/vieassociative.be\/actualites\/#\/schema\/person\/b87ac4f82f9d4e7b7cec7395b679edc4","name":"Julien","image":{"@type":"ImageObject","inLanguage":"fr-BE","@id":"https:\/\/vieassociative.be\/actualites\/#\/schema\/person\/image\/","url":"https:\/\/vieassociative.be\/actualites\/wp-content\/uploads\/2024\/09\/vie-associative-1-150x150.jpg","contentUrl":"https:\/\/vieassociative.be\/actualites\/wp-content\/uploads\/2024\/09\/vie-associative-1-150x150.jpg","caption":"Julien"},"description":"Je suis Julien, r\u00e9dacteur pour Vie Associative. Passionn\u00e9 par le monde associatif depuis plus de 10 ans, j'ai \u00e0 c\u0153ur de partager des histoires inspirantes et de mettre en lumi\u00e8re les initiatives locales. Mon objectif est de sensibiliser et d'encourager l'engagement communautaire \u00e0 travers mes articles.","sameAs":["https:\/\/vieassociative.be\/"]}]}},"_links":{"self":[{"href":"https:\/\/vieassociative.be\/actualites\/wp-json\/wp\/v2\/posts\/4680"}],"collection":[{"href":"https:\/\/vieassociative.be\/actualites\/wp-json\/wp\/v2\/posts"}],"about":[{"href":"https:\/\/vieassociative.be\/actualites\/wp-json\/wp\/v2\/types\/post"}],"author":[{"embeddable":true,"href":"https:\/\/vieassociative.be\/actualites\/wp-json\/wp\/v2\/users\/1"}],"replies":[{"embeddable":true,"href":"https:\/\/vieassociative.be\/actualites\/wp-json\/wp\/v2\/comments?post=4680"}],"version-history":[{"count":0,"href":"https:\/\/vieassociative.be\/actualites\/wp-json\/wp\/v2\/posts\/4680\/revisions"}],"wp:featuredmedia":[{"embeddable":true,"href":"https:\/\/vieassociative.be\/actualites\/wp-json\/wp\/v2\/media\/2567"}],"wp:attachment":[{"href":"https:\/\/vieassociative.be\/actualites\/wp-json\/wp\/v2\/media?parent=4680"}],"wp:term":[{"taxonomy":"category","embeddable":true,"href":"https:\/\/vieassociative.be\/actualites\/wp-json\/wp\/v2\/categories?post=4680"},{"taxonomy":"post_tag","embeddable":true,"href":"https:\/\/vieassociative.be\/actualites\/wp-json\/wp\/v2\/tags?post=4680"}],"curies":[{"name":"wp","href":"https:\/\/api.w.org\/{rel}","templated":true}]}}