{"id":4674,"date":"2025-01-29T03:21:34","date_gmt":"2025-01-29T02:21:34","guid":{"rendered":"https:\/\/vieassociative.be\/actualites\/comme-eupen-nobtient-pas-vraiment-0-0-dans-lokerren\/"},"modified":"2025-01-29T03:21:34","modified_gmt":"2025-01-29T02:21:34","slug":"comme-eupen-nobtient-pas-vraiment-0-0-dans-lokerren","status":"publish","type":"post","link":"https:\/\/vieassociative.be\/actualites\/comme-eupen-nobtient-pas-vraiment-0-0-dans-lokerren\/","title":{"rendered":"Comme Eupen n&rsquo;obtient pas vraiment 0-0 dans Lokerren"},"content":{"rendered":"<p><strong>Apr\u00e8s cinq d\u00e9faites cons\u00e9cutives, Eupen a finalement marqu\u00e9 mardi. Cependant, cela n&rsquo;a \u00e9t\u00e9 suffisant que pour l&rsquo;\u00e9quipe de l&rsquo;entra\u00eeneur Mersad Seimbegovic \u00e0 un 0-0 au KSC Lokerren-Temse.<\/strong><\/p>\n<p><span id=\"more-407022\"><\/span>L&rsquo;arrestation de l&rsquo;ancien professionnel de football r\u00e9activ\u00e9 par Rome, Inter Milan et Royal Anvers, Radja Nainggolan, qui a sign\u00e9 Lokeren Temse \u00e0 KSC la semaine derni\u00e8re, a \u00e9clips\u00e9 le jeu dans le Dakramstadion. Mardi, Nainggolan a \u00e9t\u00e9 accus\u00e9 de membre d&rsquo;une organisation criminelle, mais a \u00e9t\u00e9 laiss\u00e9 en libert\u00e9 dans des conditions (voir rapport ailleurs).<\/p>\n<p>En ce qui concerne les pr\u00e9occupations sportives, l&rsquo;Aupen des deux Reddoers dans le jeu n&rsquo;a \u00e9t\u00e9 bloqu\u00e9e que dans le jeu avec le Waregem Waregem, mais pas Gedikli. \u00c0 As As D\u00e9om et Keita, se sont d\u00e9plac\u00e9s vers les onze de d\u00e9part de l&rsquo;As Eupen jouant en rouge.<\/p>\n<div id=\"attachment_403633\" class=\"wp-caption alignleft\" style=\"max-width: 300px\"><img fetchpriority=\"high\" decoding=\"async\" class=\"wp-image-403633 size-medium\" src=\"https:\/\/vieassociative.be\/actualites\/wp-content\/uploads\/2024\/12\/Defaite-23-AS-sest-embarrasse-face-a-la-derniere.jpg\" alt=\"\" width=\"300\" height=\"200\"  ><\/p>\n<p class=\"wp-caption-text\">Eupens J\u00e9r\u00f4me est dans le onze de d\u00e9part de l&rsquo;AS. Photo: Belga<\/p>\n<\/div>\n<p>As-Trainer Selimbegovic a opt\u00e9 pour la formation initiale suivante: Renner-Van Genecht, Paeshuyse, Gorenc, Alloh-Baiye, D\u00e9om, Keita, Niang-Calisriskan, Gedikli.<\/p>\n<p>Les spectateurs ont d\u00fb attendre la premi\u00e8re sc\u00e8ne de but pendant 20 minutes. \u00c0 la 21e minute, ce sont Brebels qui ont forc\u00e9 le coup dans Eupener Tor \u00e0 un brillant d\u00e9fil\u00e9. Mais ce n&rsquo;\u00e9tait rien compar\u00e9 \u00e0 ce qui s&rsquo;est pass\u00e9 deux minutes plus tard du c\u00f4t\u00e9 oppos\u00e9: le premier Baiye n&rsquo;a fait que le poteau \u00e0 un tir \u00e0 long terme, et peu de temps apr\u00e8s, Gedikli a frapp\u00e9 le ballon sur la barre transversale du Tor de Lokeren-Connach.<\/p>\n<p>Le latte a \u00e9galement emp\u00each\u00e9 les h\u00f4tes d&rsquo;un but \u00e0 la 31e minute. Marijnissen a poursuivi le ballon avec force sur la barre transversale. C&rsquo;est comme \u00e7a dans la bataille de la rel\u00e9gation: au d\u00e9but, vous n&rsquo;\u00eates pas chanceux puis malchance &#8230;<\/p>\n<p>\u00ab\u00a0Winter Wonderland First Ice on the Square, puis neige avec un joueur\u00a0\u00bb, a \u00e9t\u00e9 lu sur une banni\u00e8re dans le bloc de fan d&rsquo;Eupen, faisant allusion \u00e0 l&rsquo;annulation du jeu le 10 janvier et l&rsquo;affaire sur Radja Nainggolan.<\/p>\n<\/p>\n<div id=\"attachment_403611\" class=\"wp-caption alignleft\" style=\"max-width: 300px\"><img decoding=\"async\" class=\"wp-image-403611 size-medium\" src=\"https:\/\/vieassociative.be\/actualites\/wp-content\/uploads\/2024\/12\/1733689145_956_Defaite-23-AS-sest-embarrasse-face-a-la-derniere.jpg\" alt=\"\" width=\"300\" height=\"200\"  ><\/p>\n<p class=\"wp-caption-text\">Mersad Selimbegovic, entra\u00eeneur de l&rsquo;Eeupen. Photo: Belga<\/p>\n<\/div>\n<p><\/p>\n<p>Jusqu&rsquo;\u00e0 la pause, il est rest\u00e9 dans un jeu faible \u00e0 0-0, dans lequel rien ne devait \u00eatre fait \u00e0 l&rsquo;exception d&rsquo;un poteau et de deux sc\u00e8ne \u00e0 lattes.<\/p>\n<p>Cela a chang\u00e9 lorsque la deuxi\u00e8me mi-temps a d\u00e9but\u00e9 lorsque Lokeren a eu une \u00e9norme chance. Van Moerzeke a \u00e9chou\u00e9 \u00e0 cause de Renner. Lokerren \u00e9tait mieux sorti de la pause et avait gagn\u00e9 le plus de duels. Lokeren a pouss\u00e9 Eupen dans sa propre moiti\u00e9. Il est bon qu&rsquo;apr\u00e8s une heure de jeu dans les deux matchs parall\u00e8les, le RFC Seraug (contre Lierse) et Jong Genk (chez RSC Anderlecht Futures) \u00e9taient derri\u00e8re.<\/p>\n<p>Eupen n&rsquo;a eu que la premi\u00e8re chance \u00e0 la 63e minute apr\u00e8s le changement de c\u00f4t\u00e9s: apr\u00e8s un coup de pied de l&rsquo;angle du D\u00e9om, Gabriel a par\u00e9 une t\u00eate de Niang avant que Van Genechen ne puisse accueillir le ballon dans le but de Lokerren.<\/p>\n<p>Le 1-0 pour les habitants \u00e9tait dans les airs. Du c\u00f4t\u00e9 de l&rsquo;Eupen, Caliskan et les D\u00e9om ont \u00e9t\u00e9 remplac\u00e9s. Pour eux, deux nouvelles forces sont venues avec Widlarz et Malhage. \u00c0 la 81e minute, Emond a \u00e9t\u00e9 substitu\u00e9 \u00e0 Alloh. Van Aerschot avait le but gagnant sur sa t\u00eate \u00e0 la 82e minute apr\u00e8s un flanc pointu du Ntamack tr\u00e8s mobile.<\/p>\n<p>En fin de compte, Eupen pourrait \u00eatre satisfait d&rsquo;un point, d&rsquo;autant plus que dans les deux matchs parall\u00e8les, la RFC SerAing (d\u00e9faite 0-2 contre Sk Liense) et Jong Genk (d\u00e9faite 1: 4 \u00e0 RSC Anderlecht Futures) ont perdu. L&rsquo;AS Eupen recevra l&rsquo;\u00e9quipe Lommel samedi prochain \u00e0 20 h. (Cre)<\/p>\n<p><em><strong>Sur le sujet, voir \u00e9galement l&rsquo;article suivant sur OD:<\/strong><\/em><\/p>\n<div class=\"responsive-embed widescreen\">\n<blockquote class=\"wp-embedded-content\" data-secret=\"XG6qeRsHFa\">\n<p>Fall Nainggolan a \u00e9clips\u00e9 le AS \u00e0 Lokerren<\/p>\n<\/blockquote>\n<p><iframe loading=\"lazy\" class=\"wp-embedded-content\" sandbox=\"allow-scripts\" security=\"restricted\" style=\"position: absolute; visibility: hidden;\" title=\"\u201eFall Nainggolan \u00fcberschattet Spiel der AS in Lokeren\u201c \u2014 Ostbelgien Direkt\" src=\"https:\/\/ostbelgiendirekt.be\/about:blank\" data-secret=\"XG6qeRsHFa\" width=\"500\" height=\"282\" frameborder=\"0\" marginwidth=\"0\" marginheight=\"0\" scrolling=\"no\" data-rocket-lazyload=\"fitvidscompatible\" data-lazy-src=\"https:\/\/ostbelgiendirekt.be\/radja-nainggolan-zu-lokeren-temse-406602\/embed#?secret=uCAnrnWRZn#?secret=XG6qeRsHFa\"><\/iframe><noscript><iframe class=\"wp-embedded-content\" sandbox=\"allow-scripts\" security=\"restricted\" style=\"position: absolute; visibility: hidden;\" title=\"\u201eFall Nainggolan \u00fcberschattet Spiel der AS in Lokeren\u201c \u2014 Ostbelgien Direkt\" src=\"https:\/\/ostbelgiendirekt.be\/radja-nainggolan-zu-lokeren-temse-406602\/embed#?secret=uCAnrnWRZn#?secret=XG6qeRsHFa\" data-secret=\"XG6qeRsHFa\" width=\"500\" height=\"282\" frameborder=\"0\" marginwidth=\"0\" marginheight=\"0\" scrolling=\"no\"><\/iframe><\/noscript><\/p>\n<\/div>\n","protected":false},"excerpt":{"rendered":"<p>Apr\u00e8s cinq d\u00e9faites cons\u00e9cutives, Eupen a finalement marqu\u00e9 mardi. Cependant, cela n&rsquo;a \u00e9t\u00e9 suffisant que pour l&rsquo;\u00e9quipe de l&rsquo;entra\u00eeneur Mersad Seimbegovic \u00e0 un 0-0 au<\/p>\n","protected":false},"author":1,"featured_media":4675,"comment_status":"","ping_status":"","sticky":false,"template":"","format":"standard","meta":{"footnotes":""},"categories":[298],"tags":[1254,166,2329,5015,5014,126,523],"class_list":["post-4674","post","type-post","status-publish","format-standard","has-post-thumbnail","hentry","category-belgique","tag-comme","tag-dans","tag-eupen","tag-lokerren","tag-nobtient","tag-pas","tag-vraiment","generate-columns","tablet-grid-50","mobile-grid-100","grid-parent","grid-33"],"yoast_head":"<!-- This site is optimized with the Yoast SEO plugin v24.0 - https:\/\/yoast.com\/wordpress\/plugins\/seo\/ -->\n<title>Comme Eupen n&#039;obtient pas vraiment 0-0 dans Lokerren | Vie Associative<\/title>\n<meta name=\"robots\" content=\"index, follow, max-snippet:-1, max-image-preview:large, max-video-preview:-1\" \/>\n<link rel=\"canonical\" href=\"https:\/\/vieassociative.be\/actualites\/comme-eupen-nobtient-pas-vraiment-0-0-dans-lokerren\/\" \/>\n<meta property=\"og:locale\" content=\"fr_FR\" \/>\n<meta property=\"og:type\" content=\"article\" \/>\n<meta property=\"og:title\" content=\"Comme Eupen n&#039;obtient pas vraiment 0-0 dans Lokerren | Vie Associative\" \/>\n<meta property=\"og:description\" content=\"Apr\u00e8s cinq d\u00e9faites cons\u00e9cutives, Eupen a finalement marqu\u00e9 mardi. Cependant, cela n&rsquo;a \u00e9t\u00e9 suffisant que pour l&rsquo;\u00e9quipe de l&rsquo;entra\u00eeneur Mersad Seimbegovic \u00e0 un 0-0 au\" \/>\n<meta property=\"og:url\" content=\"https:\/\/vieassociative.be\/actualites\/comme-eupen-nobtient-pas-vraiment-0-0-dans-lokerren\/\" \/>\n<meta property=\"og:site_name\" content=\"Vie Associative\" \/>\n<meta property=\"article:published_time\" content=\"2025-01-29T02:21:34+00:00\" \/>\n<meta property=\"og:image\" content=\"https:\/\/vieassociative.be\/actualites\/wp-content\/uploads\/2024\/09\/header_backgroundk-01-e1726694325946.png\" \/>\n\t<meta property=\"og:image:width\" content=\"279\" \/>\n\t<meta property=\"og:image:height\" content=\"92\" \/>\n\t<meta property=\"og:image:type\" content=\"image\/png\" \/>\n<meta name=\"author\" content=\"Julien\" \/>\n<meta name=\"twitter:card\" content=\"summary_large_image\" \/>\n<meta name=\"twitter:label1\" content=\"\u00c9crit par\" \/>\n\t<meta name=\"twitter:data1\" content=\"Julien\" \/>\n\t<meta name=\"twitter:label2\" content=\"Dur\u00e9e de lecture est.\" \/>\n\t<meta name=\"twitter:data2\" content=\"3 minutes\" \/>\n<script type=\"application\/ld+json\" class=\"yoast-schema-graph\">{\"@context\":\"https:\/\/schema.org\",\"@graph\":[{\"@type\":\"Article\",\"@id\":\"https:\/\/vieassociative.be\/actualites\/comme-eupen-nobtient-pas-vraiment-0-0-dans-lokerren\/#article\",\"isPartOf\":{\"@id\":\"https:\/\/vieassociative.be\/actualites\/comme-eupen-nobtient-pas-vraiment-0-0-dans-lokerren\/\"},\"author\":{\"name\":\"Julien\",\"@id\":\"https:\/\/vieassociative.be\/actualites\/#\/schema\/person\/b87ac4f82f9d4e7b7cec7395b679edc4\"},\"headline\":\"Comme Eupen n&rsquo;obtient pas vraiment 0-0 dans Lokerren\",\"datePublished\":\"2025-01-29T02:21:34+00:00\",\"dateModified\":\"2025-01-29T02:21:34+00:00\",\"mainEntityOfPage\":{\"@id\":\"https:\/\/vieassociative.be\/actualites\/comme-eupen-nobtient-pas-vraiment-0-0-dans-lokerren\/\"},\"wordCount\":666,\"publisher\":{\"@id\":\"https:\/\/vieassociative.be\/actualites\/#organization\"},\"image\":{\"@id\":\"https:\/\/vieassociative.be\/actualites\/comme-eupen-nobtient-pas-vraiment-0-0-dans-lokerren\/#primaryimage\"},\"thumbnailUrl\":\"https:\/\/vieassociative.be\/actualites\/wp-content\/uploads\/2025\/01\/Comme-Eupen-nobtient-pas-vraiment-0-0-dans-Lokerren.jpg\",\"keywords\":[\"comme\",\"dans\",\"Eupen\",\"Lokerren\",\"nobtient\",\"pas\",\"vraiment\"],\"articleSection\":[\"Belgique\"],\"inLanguage\":\"fr-BE\"},{\"@type\":\"WebPage\",\"@id\":\"https:\/\/vieassociative.be\/actualites\/comme-eupen-nobtient-pas-vraiment-0-0-dans-lokerren\/\",\"url\":\"https:\/\/vieassociative.be\/actualites\/comme-eupen-nobtient-pas-vraiment-0-0-dans-lokerren\/\",\"name\":\"Comme Eupen n'obtient pas vraiment 0-0 dans Lokerren | Vie Associative\",\"isPartOf\":{\"@id\":\"https:\/\/vieassociative.be\/actualites\/#website\"},\"primaryImageOfPage\":{\"@id\":\"https:\/\/vieassociative.be\/actualites\/comme-eupen-nobtient-pas-vraiment-0-0-dans-lokerren\/#primaryimage\"},\"image\":{\"@id\":\"https:\/\/vieassociative.be\/actualites\/comme-eupen-nobtient-pas-vraiment-0-0-dans-lokerren\/#primaryimage\"},\"thumbnailUrl\":\"https:\/\/vieassociative.be\/actualites\/wp-content\/uploads\/2025\/01\/Comme-Eupen-nobtient-pas-vraiment-0-0-dans-Lokerren.jpg\",\"datePublished\":\"2025-01-29T02:21:34+00:00\",\"dateModified\":\"2025-01-29T02:21:34+00:00\",\"breadcrumb\":{\"@id\":\"https:\/\/vieassociative.be\/actualites\/comme-eupen-nobtient-pas-vraiment-0-0-dans-lokerren\/#breadcrumb\"},\"inLanguage\":\"fr-BE\",\"potentialAction\":[{\"@type\":\"ReadAction\",\"target\":[\"https:\/\/vieassociative.be\/actualites\/comme-eupen-nobtient-pas-vraiment-0-0-dans-lokerren\/\"]}]},{\"@type\":\"ImageObject\",\"inLanguage\":\"fr-BE\",\"@id\":\"https:\/\/vieassociative.be\/actualites\/comme-eupen-nobtient-pas-vraiment-0-0-dans-lokerren\/#primaryimage\",\"url\":\"https:\/\/vieassociative.be\/actualites\/wp-content\/uploads\/2025\/01\/Comme-Eupen-nobtient-pas-vraiment-0-0-dans-Lokerren.jpg\",\"contentUrl\":\"https:\/\/vieassociative.be\/actualites\/wp-content\/uploads\/2025\/01\/Comme-Eupen-nobtient-pas-vraiment-0-0-dans-Lokerren.jpg\",\"width\":1200,\"height\":728,\"caption\":\"Comme Eupen n'obtient pas vraiment 0-0 dans Lokerren\"},{\"@type\":\"BreadcrumbList\",\"@id\":\"https:\/\/vieassociative.be\/actualites\/comme-eupen-nobtient-pas-vraiment-0-0-dans-lokerren\/#breadcrumb\",\"itemListElement\":[{\"@type\":\"ListItem\",\"position\":1,\"name\":\"Accueil\",\"item\":\"https:\/\/vieassociative.be\/actualites\/\"},{\"@type\":\"ListItem\",\"position\":2,\"name\":\"Comme Eupen n&rsquo;obtient pas vraiment 0-0 dans Lokerren\"}]},{\"@type\":\"WebSite\",\"@id\":\"https:\/\/vieassociative.be\/actualites\/#website\",\"url\":\"https:\/\/vieassociative.be\/actualites\/\",\"name\":\"Vie Associative\",\"description\":\"\",\"publisher\":{\"@id\":\"https:\/\/vieassociative.be\/actualites\/#organization\"},\"potentialAction\":[{\"@type\":\"SearchAction\",\"target\":{\"@type\":\"EntryPoint\",\"urlTemplate\":\"https:\/\/vieassociative.be\/actualites\/?s={search_term_string}\"},\"query-input\":{\"@type\":\"PropertyValueSpecification\",\"valueRequired\":true,\"valueName\":\"search_term_string\"}}],\"inLanguage\":\"fr-BE\"},{\"@type\":\"Organization\",\"@id\":\"https:\/\/vieassociative.be\/actualites\/#organization\",\"name\":\"Vie Associative\",\"url\":\"https:\/\/vieassociative.be\/actualites\/\",\"logo\":{\"@type\":\"ImageObject\",\"inLanguage\":\"fr-BE\",\"@id\":\"https:\/\/vieassociative.be\/actualites\/#\/schema\/logo\/image\/\",\"url\":\"https:\/\/vieassociative.be\/actualites\/wp-content\/uploads\/2024\/09\/cropped-vieassociative_favicon.ico.png\",\"contentUrl\":\"https:\/\/vieassociative.be\/actualites\/wp-content\/uploads\/2024\/09\/cropped-vieassociative_favicon.ico.png\",\"width\":512,\"height\":512,\"caption\":\"Vie Associative\"},\"image\":{\"@id\":\"https:\/\/vieassociative.be\/actualites\/#\/schema\/logo\/image\/\"}},{\"@type\":\"Person\",\"@id\":\"https:\/\/vieassociative.be\/actualites\/#\/schema\/person\/b87ac4f82f9d4e7b7cec7395b679edc4\",\"name\":\"Julien\",\"image\":{\"@type\":\"ImageObject\",\"inLanguage\":\"fr-BE\",\"@id\":\"https:\/\/vieassociative.be\/actualites\/#\/schema\/person\/image\/\",\"url\":\"https:\/\/vieassociative.be\/actualites\/wp-content\/uploads\/2024\/09\/vie-associative-1-150x150.jpg\",\"contentUrl\":\"https:\/\/vieassociative.be\/actualites\/wp-content\/uploads\/2024\/09\/vie-associative-1-150x150.jpg\",\"caption\":\"Julien\"},\"description\":\"Je suis Julien, r\u00e9dacteur pour Vie Associative. Passionn\u00e9 par le monde associatif depuis plus de 10 ans, j'ai \u00e0 c\u0153ur de partager des histoires inspirantes et de mettre en lumi\u00e8re les initiatives locales. Mon objectif est de sensibiliser et d'encourager l'engagement communautaire \u00e0 travers mes articles.\",\"sameAs\":[\"https:\/\/vieassociative.be\/\"]}]}<\/script>\n<!-- \/ Yoast SEO plugin. -->","yoast_head_json":{"title":"Comme Eupen n'obtient pas vraiment 0-0 dans Lokerren | Vie Associative","robots":{"index":"index","follow":"follow","max-snippet":"max-snippet:-1","max-image-preview":"max-image-preview:large","max-video-preview":"max-video-preview:-1"},"canonical":"https:\/\/vieassociative.be\/actualites\/comme-eupen-nobtient-pas-vraiment-0-0-dans-lokerren\/","og_locale":"fr_FR","og_type":"article","og_title":"Comme Eupen n'obtient pas vraiment 0-0 dans Lokerren | Vie Associative","og_description":"Apr\u00e8s cinq d\u00e9faites cons\u00e9cutives, Eupen a finalement marqu\u00e9 mardi. Cependant, cela n&rsquo;a \u00e9t\u00e9 suffisant que pour l&rsquo;\u00e9quipe de l&rsquo;entra\u00eeneur Mersad Seimbegovic \u00e0 un 0-0 au","og_url":"https:\/\/vieassociative.be\/actualites\/comme-eupen-nobtient-pas-vraiment-0-0-dans-lokerren\/","og_site_name":"Vie Associative","article_published_time":"2025-01-29T02:21:34+00:00","og_image":[{"width":279,"height":92,"url":"https:\/\/vieassociative.be\/actualites\/wp-content\/uploads\/2024\/09\/header_backgroundk-01-e1726694325946.png","type":"image\/png"}],"author":"Julien","twitter_card":"summary_large_image","twitter_misc":{"\u00c9crit par":"Julien","Dur\u00e9e de lecture est.":"3 minutes"},"schema":{"@context":"https:\/\/schema.org","@graph":[{"@type":"Article","@id":"https:\/\/vieassociative.be\/actualites\/comme-eupen-nobtient-pas-vraiment-0-0-dans-lokerren\/#article","isPartOf":{"@id":"https:\/\/vieassociative.be\/actualites\/comme-eupen-nobtient-pas-vraiment-0-0-dans-lokerren\/"},"author":{"name":"Julien","@id":"https:\/\/vieassociative.be\/actualites\/#\/schema\/person\/b87ac4f82f9d4e7b7cec7395b679edc4"},"headline":"Comme Eupen n&rsquo;obtient pas vraiment 0-0 dans Lokerren","datePublished":"2025-01-29T02:21:34+00:00","dateModified":"2025-01-29T02:21:34+00:00","mainEntityOfPage":{"@id":"https:\/\/vieassociative.be\/actualites\/comme-eupen-nobtient-pas-vraiment-0-0-dans-lokerren\/"},"wordCount":666,"publisher":{"@id":"https:\/\/vieassociative.be\/actualites\/#organization"},"image":{"@id":"https:\/\/vieassociative.be\/actualites\/comme-eupen-nobtient-pas-vraiment-0-0-dans-lokerren\/#primaryimage"},"thumbnailUrl":"https:\/\/vieassociative.be\/actualites\/wp-content\/uploads\/2025\/01\/Comme-Eupen-nobtient-pas-vraiment-0-0-dans-Lokerren.jpg","keywords":["comme","dans","Eupen","Lokerren","nobtient","pas","vraiment"],"articleSection":["Belgique"],"inLanguage":"fr-BE"},{"@type":"WebPage","@id":"https:\/\/vieassociative.be\/actualites\/comme-eupen-nobtient-pas-vraiment-0-0-dans-lokerren\/","url":"https:\/\/vieassociative.be\/actualites\/comme-eupen-nobtient-pas-vraiment-0-0-dans-lokerren\/","name":"Comme Eupen n'obtient pas vraiment 0-0 dans Lokerren | Vie Associative","isPartOf":{"@id":"https:\/\/vieassociative.be\/actualites\/#website"},"primaryImageOfPage":{"@id":"https:\/\/vieassociative.be\/actualites\/comme-eupen-nobtient-pas-vraiment-0-0-dans-lokerren\/#primaryimage"},"image":{"@id":"https:\/\/vieassociative.be\/actualites\/comme-eupen-nobtient-pas-vraiment-0-0-dans-lokerren\/#primaryimage"},"thumbnailUrl":"https:\/\/vieassociative.be\/actualites\/wp-content\/uploads\/2025\/01\/Comme-Eupen-nobtient-pas-vraiment-0-0-dans-Lokerren.jpg","datePublished":"2025-01-29T02:21:34+00:00","dateModified":"2025-01-29T02:21:34+00:00","breadcrumb":{"@id":"https:\/\/vieassociative.be\/actualites\/comme-eupen-nobtient-pas-vraiment-0-0-dans-lokerren\/#breadcrumb"},"inLanguage":"fr-BE","potentialAction":[{"@type":"ReadAction","target":["https:\/\/vieassociative.be\/actualites\/comme-eupen-nobtient-pas-vraiment-0-0-dans-lokerren\/"]}]},{"@type":"ImageObject","inLanguage":"fr-BE","@id":"https:\/\/vieassociative.be\/actualites\/comme-eupen-nobtient-pas-vraiment-0-0-dans-lokerren\/#primaryimage","url":"https:\/\/vieassociative.be\/actualites\/wp-content\/uploads\/2025\/01\/Comme-Eupen-nobtient-pas-vraiment-0-0-dans-Lokerren.jpg","contentUrl":"https:\/\/vieassociative.be\/actualites\/wp-content\/uploads\/2025\/01\/Comme-Eupen-nobtient-pas-vraiment-0-0-dans-Lokerren.jpg","width":1200,"height":728,"caption":"Comme Eupen n'obtient pas vraiment 0-0 dans Lokerren"},{"@type":"BreadcrumbList","@id":"https:\/\/vieassociative.be\/actualites\/comme-eupen-nobtient-pas-vraiment-0-0-dans-lokerren\/#breadcrumb","itemListElement":[{"@type":"ListItem","position":1,"name":"Accueil","item":"https:\/\/vieassociative.be\/actualites\/"},{"@type":"ListItem","position":2,"name":"Comme Eupen n&rsquo;obtient pas vraiment 0-0 dans Lokerren"}]},{"@type":"WebSite","@id":"https:\/\/vieassociative.be\/actualites\/#website","url":"https:\/\/vieassociative.be\/actualites\/","name":"Vie Associative","description":"","publisher":{"@id":"https:\/\/vieassociative.be\/actualites\/#organization"},"potentialAction":[{"@type":"SearchAction","target":{"@type":"EntryPoint","urlTemplate":"https:\/\/vieassociative.be\/actualites\/?s={search_term_string}"},"query-input":{"@type":"PropertyValueSpecification","valueRequired":true,"valueName":"search_term_string"}}],"inLanguage":"fr-BE"},{"@type":"Organization","@id":"https:\/\/vieassociative.be\/actualites\/#organization","name":"Vie Associative","url":"https:\/\/vieassociative.be\/actualites\/","logo":{"@type":"ImageObject","inLanguage":"fr-BE","@id":"https:\/\/vieassociative.be\/actualites\/#\/schema\/logo\/image\/","url":"https:\/\/vieassociative.be\/actualites\/wp-content\/uploads\/2024\/09\/cropped-vieassociative_favicon.ico.png","contentUrl":"https:\/\/vieassociative.be\/actualites\/wp-content\/uploads\/2024\/09\/cropped-vieassociative_favicon.ico.png","width":512,"height":512,"caption":"Vie Associative"},"image":{"@id":"https:\/\/vieassociative.be\/actualites\/#\/schema\/logo\/image\/"}},{"@type":"Person","@id":"https:\/\/vieassociative.be\/actualites\/#\/schema\/person\/b87ac4f82f9d4e7b7cec7395b679edc4","name":"Julien","image":{"@type":"ImageObject","inLanguage":"fr-BE","@id":"https:\/\/vieassociative.be\/actualites\/#\/schema\/person\/image\/","url":"https:\/\/vieassociative.be\/actualites\/wp-content\/uploads\/2024\/09\/vie-associative-1-150x150.jpg","contentUrl":"https:\/\/vieassociative.be\/actualites\/wp-content\/uploads\/2024\/09\/vie-associative-1-150x150.jpg","caption":"Julien"},"description":"Je suis Julien, r\u00e9dacteur pour Vie Associative. Passionn\u00e9 par le monde associatif depuis plus de 10 ans, j'ai \u00e0 c\u0153ur de partager des histoires inspirantes et de mettre en lumi\u00e8re les initiatives locales. Mon objectif est de sensibiliser et d'encourager l'engagement communautaire \u00e0 travers mes articles.","sameAs":["https:\/\/vieassociative.be\/"]}]}},"_links":{"self":[{"href":"https:\/\/vieassociative.be\/actualites\/wp-json\/wp\/v2\/posts\/4674"}],"collection":[{"href":"https:\/\/vieassociative.be\/actualites\/wp-json\/wp\/v2\/posts"}],"about":[{"href":"https:\/\/vieassociative.be\/actualites\/wp-json\/wp\/v2\/types\/post"}],"author":[{"embeddable":true,"href":"https:\/\/vieassociative.be\/actualites\/wp-json\/wp\/v2\/users\/1"}],"replies":[{"embeddable":true,"href":"https:\/\/vieassociative.be\/actualites\/wp-json\/wp\/v2\/comments?post=4674"}],"version-history":[{"count":0,"href":"https:\/\/vieassociative.be\/actualites\/wp-json\/wp\/v2\/posts\/4674\/revisions"}],"wp:featuredmedia":[{"embeddable":true,"href":"https:\/\/vieassociative.be\/actualites\/wp-json\/wp\/v2\/media\/4675"}],"wp:attachment":[{"href":"https:\/\/vieassociative.be\/actualites\/wp-json\/wp\/v2\/media?parent=4674"}],"wp:term":[{"taxonomy":"category","embeddable":true,"href":"https:\/\/vieassociative.be\/actualites\/wp-json\/wp\/v2\/categories?post=4674"},{"taxonomy":"post_tag","embeddable":true,"href":"https:\/\/vieassociative.be\/actualites\/wp-json\/wp\/v2\/tags?post=4674"}],"curies":[{"name":"wp","href":"https:\/\/api.w.org\/{rel}","templated":true}]}}