{"id":467,"date":"2024-09-25T17:22:17","date_gmt":"2024-09-25T15:22:17","guid":{"rendered":"https:\/\/vieassociative.be\/actualites\/preparez-des-maintenant-votre-boite-a-medicaments-pour-la-saison-du-rhume-et-de-la-grippe\/"},"modified":"2024-09-25T17:22:17","modified_gmt":"2024-09-25T15:22:17","slug":"preparez-des-maintenant-votre-boite-a-medicaments-pour-la-saison-du-rhume-et-de-la-grippe","status":"publish","type":"post","link":"https:\/\/vieassociative.be\/actualites\/preparez-des-maintenant-votre-boite-a-medicaments-pour-la-saison-du-rhume-et-de-la-grippe\/","title":{"rendered":"Pr\u00e9parez d\u00e8s maintenant votre \u00ab bo\u00eete \u00e0 m\u00e9dicaments \u00bb pour la saison du rhume et de la grippe"},"content":{"rendered":"<div class=\"mt-4 leading-6 md:mb-8\">M\u00eame si vos enfants n\u2019ont (esp\u00e9rons-le) pas \u00e9t\u00e9 touch\u00e9s par la maladie jusqu\u2019\u00e0 pr\u00e9sent, vous savez que cela ne durera pas.<\/div>\n<p><\/p>\n<p>Les familles sont maintenant \u00e0 quelques semaines de la rentr\u00e9e scolaire et m\u00eame si vos enfants n&rsquo;ont pas encore \u00e9t\u00e9 touch\u00e9s par la maladie (esp\u00e9rons-le), vous savez que cela ne durera pas. La saison du rhume, de la grippe et des virus approche et il est pr\u00e9f\u00e9rable de se pr\u00e9parer \u00e0 l&rsquo;in\u00e9vitable.<\/p>\n<p>Meghan Martin, maman et m\u00e9decin sur TikTok, a r\u00e9cemment publi\u00e9 sur son compte une liste de choses que chaque parent devrait avoir dans sa \u00ab bo\u00eete \u00e0 malades \u00bb, une collection d&rsquo;articles essentiels pour aider les soignants \u00e0 \u00eatre pr\u00eats lorsque la maladie frappe leur foyer. Nous avons rassembl\u00e9 certains des meilleurs produits qu&rsquo;elle et l&rsquo;Acad\u00e9mie am\u00e9ricaine de p\u00e9diatrie recommandent pour que vous puissiez constituer votre propre trousse \u00e0 malades.<\/p>\n<h2 id=\"60-pack-disposable-barf-bags\">Lot de 60 sacs \u00e0 vomi jetables<\/h2>\n<p>Un bol \u00e0 c\u00f4t\u00e9 du lit de votre enfant peut quand m\u00eame laisser des traces sur ses couvertures, ses draps et ses peluches. Ces sacs de qualit\u00e9 hospitali\u00e8re de 1\u00a0000 ml contiennent beaucoup de liquide pour les moments o\u00f9 vos enfants ne peuvent plus le garder, et il y en a suffisamment, vous pouvez donc en mettre quelques-uns dans votre v\u00e9hicule au cas o\u00f9 votre enfant aurait le mal des transports. <\/p>\n<h2 id=\"digital-thermometer\">Thermom\u00e8tre num\u00e9rique<\/h2>\n<p>Il n&rsquo;est pas n\u00e9cessaire d&rsquo;acheter un thermom\u00e8tre sophistiqu\u00e9 et hors de prix pour v\u00e9rifier la temp\u00e9rature de votre enfant. Il suffit de coller ce thermom\u00e8tre num\u00e9rique fiable sous sa langue et, en 10 secondes, l&rsquo;\u00e9cran LCD vous indiquera s&rsquo;il a de la fi\u00e8vre. <\/p>\n<h2 id=\"liquid-acetaminophen\">Parac\u00e9tamol liquide<\/h2>\n<p>Lorsque la temp\u00e9rature de votre enfant augmente, une dose d&rsquo;ac\u00e9taminoph\u00e8ne liquide (comme le Tylenol liquide) peut aider \u00e0 r\u00e9duire la fi\u00e8vre et \u00e0 g\u00e9rer les sympt\u00f4mes. Il suffit de v\u00e9rifier l&rsquo;\u00e9tiquette pour vous assurer de donner la dose adapt\u00e9e \u00e0 l&rsquo;\u00e2ge et au poids de votre enfant. <\/p>\n<h2 id=\"oximeter\">Oxym\u00e8tre <\/h2>\n<p>La grippe et la COVID-19 peuvent affecter les poumons et r\u00e9duire la quantit\u00e9 d&rsquo;oxyg\u00e8ne essentielle dans le sang. Un faible taux d&rsquo;oxyg\u00e8ne dans le sang peut entra\u00eener une crise cardiaque ou un arr\u00eat cardiaque. Cet oxym\u00e8tre mesure votre pouls et la quantit\u00e9 d&rsquo;oxyg\u00e8ne dans votre sang afin que vous puissiez v\u00e9rifier si vos sympt\u00f4mes affectent votre c\u0153ur.<\/p>\n<h2 id=\"electrolytes\">\u00c9lectrolytes<\/h2>\n<p>Les vomissements et la diarrh\u00e9e peuvent mettre votre enfant en danger de d\u00e9shydratation. Cette poudre \u00e9lectrolytique ne contient ni colorants ni \u00e9dulcorants artificiels. Elle contient \u00e9galement plus d&rsquo;\u00e9lectrolytes et moins de sucre que des produits similaires, ce qui permet aux enfants de rester hydrat\u00e9s sans avoir mal au ventre. <\/p>\n<h2 id=\"throat-soothing-lollipops\">Sucettes apaisantes pour la gorge<\/h2>\n<p>Un mal de gorge peut \u00eatre insupportable pour votre enfant. Ces sucettes contiennent de la pectine de fruits et du miel biologique pour apaiser les gorges irrit\u00e9es. Elles sont destin\u00e9es aux enfants de 3 ans et plus, mais l&rsquo;Acad\u00e9mie am\u00e9ricaine de p\u00e9diatrie consid\u00e8re que les sucettes et autres bonbons durs pr\u00e9sentent un risque d&rsquo;\u00e9touffement jusqu&rsquo;\u00e0 4 ans. R\u00e9servez-les \u00e0 vos enfants plus \u00e2g\u00e9s.<\/p>\n<h2 id=\"saline-mist-spray-and-nasal-aspirator\">Spray salin et aspirateur nasal<\/h2>\n<p>Les b\u00e9b\u00e9s ne peuvent pas se moucher, c&rsquo;est pourquoi le NoseFrida est un outil fantastique lorsque votre enfant est malade. L&rsquo;appareil aspire la morve rapidement et en toute s\u00e9curit\u00e9, et c&rsquo;est l&rsquo;outil que nous avons le plus utilis\u00e9 pour aider mes enfants \u00e0 se sentir \u00e0 l&rsquo;aise lorsqu&rsquo;ils \u00e9taient malades. Vous pouvez \u00e9galement opter pour un aspirateur \u00e0 poire traditionnel, qui fait essentiellement le m\u00eame travail.<\/p>\n<p>Pour pr\u00e9parer les voies nasales de votre enfant \u00e0 l&rsquo;\u00e9limination des crottes de nez, vous devrez y mettre quelques gouttes de solution saline pour d\u00e9tendre les voies nasales et garder son nez hydrat\u00e9. <\/p>\n<h2 id=\"ultrasonic-humidifier\">Humidificateur \u00e0 ultrasons<\/h2>\n<p>Une autre fa\u00e7on d&rsquo;humidifier la gorge et le nez de votre enfant est de garder un humidificateur dans sa chambre afin que ses sinus ne soient pas irrit\u00e9s par l&rsquo;air sec. De nombreux appareils sophistiqu\u00e9s ont des personnages de dessins anim\u00e9s, mais cet adorable humidificateur \u00e0 ultrasons est propos\u00e9 \u00e0 un prix comp\u00e9titif et s&rsquo;int\u00e9grera dans la d\u00e9coration ludique de n&rsquo;importe quelle pi\u00e8ce. <\/p>\n<h2 id><\/h2>\n<p><script async src=\"\/\/www.tiktok.com\/embed.js\"><\/script><\/p>\n","protected":false},"excerpt":{"rendered":"<p>M\u00eame si vos enfants n\u2019ont (esp\u00e9rons-le) pas \u00e9t\u00e9 touch\u00e9s par la maladie jusqu\u2019\u00e0 pr\u00e9sent, vous savez que cela ne durera pas. Les familles sont maintenant<\/p>\n","protected":false},"author":1,"featured_media":468,"comment_status":"","ping_status":"","sticky":false,"template":"","format":"standard","meta":{"footnotes":""},"categories":[38],"tags":[626,29,758,233,756,81,755,757,690,8],"class_list":["post-467","post","type-post","status-publish","format-standard","has-post-thumbnail","hentry","category-sante","tag-boite","tag-des","tag-grippe","tag-maintenant","tag-medicaments","tag-pour","tag-preparez","tag-rhume","tag-saison","tag-votre","generate-columns","tablet-grid-50","mobile-grid-100","grid-parent","grid-33"],"yoast_head":"<!-- This site is optimized with the Yoast SEO plugin v24.0 - https:\/\/yoast.com\/wordpress\/plugins\/seo\/ -->\n<title>Pr\u00e9parez d\u00e8s maintenant votre \u00ab bo\u00eete \u00e0 m\u00e9dicaments \u00bb pour la saison du rhume et de la grippe | Vie Associative<\/title>\n<meta name=\"robots\" content=\"index, follow, max-snippet:-1, max-image-preview:large, max-video-preview:-1\" \/>\n<link rel=\"canonical\" href=\"https:\/\/vieassociative.be\/actualites\/preparez-des-maintenant-votre-boite-a-medicaments-pour-la-saison-du-rhume-et-de-la-grippe\/\" \/>\n<meta property=\"og:locale\" content=\"fr_FR\" \/>\n<meta property=\"og:type\" content=\"article\" \/>\n<meta property=\"og:title\" content=\"Pr\u00e9parez d\u00e8s maintenant votre \u00ab bo\u00eete \u00e0 m\u00e9dicaments \u00bb pour la saison du rhume et de la grippe | Vie Associative\" \/>\n<meta property=\"og:description\" content=\"M\u00eame si vos enfants n\u2019ont (esp\u00e9rons-le) pas \u00e9t\u00e9 touch\u00e9s par la maladie jusqu\u2019\u00e0 pr\u00e9sent, vous savez que cela ne durera pas. Les familles sont maintenant\" \/>\n<meta property=\"og:url\" content=\"https:\/\/vieassociative.be\/actualites\/preparez-des-maintenant-votre-boite-a-medicaments-pour-la-saison-du-rhume-et-de-la-grippe\/\" \/>\n<meta property=\"og:site_name\" content=\"Vie Associative\" \/>\n<meta property=\"article:published_time\" content=\"2024-09-25T15:22:17+00:00\" \/>\n<meta property=\"og:image\" content=\"https:\/\/vieassociative.be\/actualites\/wp-content\/uploads\/2024\/09\/header_backgroundk-01-e1726694325946.png\" \/>\n\t<meta property=\"og:image:width\" content=\"279\" \/>\n\t<meta property=\"og:image:height\" content=\"92\" \/>\n\t<meta property=\"og:image:type\" content=\"image\/png\" \/>\n<meta name=\"author\" content=\"Julien\" \/>\n<meta name=\"twitter:card\" content=\"summary_large_image\" \/>\n<meta name=\"twitter:label1\" content=\"\u00c9crit par\" \/>\n\t<meta name=\"twitter:data1\" content=\"Julien\" \/>\n\t<meta name=\"twitter:label2\" content=\"Dur\u00e9e de lecture est.\" \/>\n\t<meta name=\"twitter:data2\" content=\"4 minutes\" \/>\n<script type=\"application\/ld+json\" class=\"yoast-schema-graph\">{\"@context\":\"https:\/\/schema.org\",\"@graph\":[{\"@type\":\"Article\",\"@id\":\"https:\/\/vieassociative.be\/actualites\/preparez-des-maintenant-votre-boite-a-medicaments-pour-la-saison-du-rhume-et-de-la-grippe\/#article\",\"isPartOf\":{\"@id\":\"https:\/\/vieassociative.be\/actualites\/preparez-des-maintenant-votre-boite-a-medicaments-pour-la-saison-du-rhume-et-de-la-grippe\/\"},\"author\":{\"name\":\"Julien\",\"@id\":\"https:\/\/vieassociative.be\/actualites\/#\/schema\/person\/b87ac4f82f9d4e7b7cec7395b679edc4\"},\"headline\":\"Pr\u00e9parez d\u00e8s maintenant votre \u00ab bo\u00eete \u00e0 m\u00e9dicaments \u00bb pour la saison du rhume et de la grippe\",\"datePublished\":\"2024-09-25T15:22:17+00:00\",\"dateModified\":\"2024-09-25T15:22:17+00:00\",\"mainEntityOfPage\":{\"@id\":\"https:\/\/vieassociative.be\/actualites\/preparez-des-maintenant-votre-boite-a-medicaments-pour-la-saison-du-rhume-et-de-la-grippe\/\"},\"wordCount\":764,\"publisher\":{\"@id\":\"https:\/\/vieassociative.be\/actualites\/#organization\"},\"image\":{\"@id\":\"https:\/\/vieassociative.be\/actualites\/preparez-des-maintenant-votre-boite-a-medicaments-pour-la-saison-du-rhume-et-de-la-grippe\/#primaryimage\"},\"thumbnailUrl\":\"https:\/\/vieassociative.be\/actualites\/wp-content\/uploads\/2024\/09\/Preparez-des-maintenant-votre-boite-a-medicaments-pour.jpg\",\"keywords\":[\"bo\u00eete\",\"Des\",\"grippe\",\"maintenant\",\"m\u00e9dicaments\",\"pour\",\"Pr\u00e9parez\",\"rhume\",\"Saison\",\"votre\"],\"articleSection\":[\"Sant\u00e9\"],\"inLanguage\":\"fr-BE\"},{\"@type\":\"WebPage\",\"@id\":\"https:\/\/vieassociative.be\/actualites\/preparez-des-maintenant-votre-boite-a-medicaments-pour-la-saison-du-rhume-et-de-la-grippe\/\",\"url\":\"https:\/\/vieassociative.be\/actualites\/preparez-des-maintenant-votre-boite-a-medicaments-pour-la-saison-du-rhume-et-de-la-grippe\/\",\"name\":\"Pr\u00e9parez d\u00e8s maintenant votre \u00ab bo\u00eete \u00e0 m\u00e9dicaments \u00bb pour la saison du rhume et de la grippe | Vie Associative\",\"isPartOf\":{\"@id\":\"https:\/\/vieassociative.be\/actualites\/#website\"},\"primaryImageOfPage\":{\"@id\":\"https:\/\/vieassociative.be\/actualites\/preparez-des-maintenant-votre-boite-a-medicaments-pour-la-saison-du-rhume-et-de-la-grippe\/#primaryimage\"},\"image\":{\"@id\":\"https:\/\/vieassociative.be\/actualites\/preparez-des-maintenant-votre-boite-a-medicaments-pour-la-saison-du-rhume-et-de-la-grippe\/#primaryimage\"},\"thumbnailUrl\":\"https:\/\/vieassociative.be\/actualites\/wp-content\/uploads\/2024\/09\/Preparez-des-maintenant-votre-boite-a-medicaments-pour.jpg\",\"datePublished\":\"2024-09-25T15:22:17+00:00\",\"dateModified\":\"2024-09-25T15:22:17+00:00\",\"breadcrumb\":{\"@id\":\"https:\/\/vieassociative.be\/actualites\/preparez-des-maintenant-votre-boite-a-medicaments-pour-la-saison-du-rhume-et-de-la-grippe\/#breadcrumb\"},\"inLanguage\":\"fr-BE\",\"potentialAction\":[{\"@type\":\"ReadAction\",\"target\":[\"https:\/\/vieassociative.be\/actualites\/preparez-des-maintenant-votre-boite-a-medicaments-pour-la-saison-du-rhume-et-de-la-grippe\/\"]}]},{\"@type\":\"ImageObject\",\"inLanguage\":\"fr-BE\",\"@id\":\"https:\/\/vieassociative.be\/actualites\/preparez-des-maintenant-votre-boite-a-medicaments-pour-la-saison-du-rhume-et-de-la-grippe\/#primaryimage\",\"url\":\"https:\/\/vieassociative.be\/actualites\/wp-content\/uploads\/2024\/09\/Preparez-des-maintenant-votre-boite-a-medicaments-pour.jpg\",\"contentUrl\":\"https:\/\/vieassociative.be\/actualites\/wp-content\/uploads\/2024\/09\/Preparez-des-maintenant-votre-boite-a-medicaments-pour.jpg\",\"width\":1200,\"height\":675,\"caption\":\"Pr\u00e9parez d\u00e8s maintenant votre \u00ab bo\u00eete \u00e0 m\u00e9dicaments \u00bb pour la saison du rhume et de la grippe\"},{\"@type\":\"BreadcrumbList\",\"@id\":\"https:\/\/vieassociative.be\/actualites\/preparez-des-maintenant-votre-boite-a-medicaments-pour-la-saison-du-rhume-et-de-la-grippe\/#breadcrumb\",\"itemListElement\":[{\"@type\":\"ListItem\",\"position\":1,\"name\":\"Accueil\",\"item\":\"https:\/\/vieassociative.be\/actualites\/\"},{\"@type\":\"ListItem\",\"position\":2,\"name\":\"Pr\u00e9parez d\u00e8s maintenant votre \u00ab bo\u00eete \u00e0 m\u00e9dicaments \u00bb pour la saison du rhume et de la grippe\"}]},{\"@type\":\"WebSite\",\"@id\":\"https:\/\/vieassociative.be\/actualites\/#website\",\"url\":\"https:\/\/vieassociative.be\/actualites\/\",\"name\":\"Vie Associative\",\"description\":\"\",\"publisher\":{\"@id\":\"https:\/\/vieassociative.be\/actualites\/#organization\"},\"potentialAction\":[{\"@type\":\"SearchAction\",\"target\":{\"@type\":\"EntryPoint\",\"urlTemplate\":\"https:\/\/vieassociative.be\/actualites\/?s={search_term_string}\"},\"query-input\":{\"@type\":\"PropertyValueSpecification\",\"valueRequired\":true,\"valueName\":\"search_term_string\"}}],\"inLanguage\":\"fr-BE\"},{\"@type\":\"Organization\",\"@id\":\"https:\/\/vieassociative.be\/actualites\/#organization\",\"name\":\"Vie Associative\",\"url\":\"https:\/\/vieassociative.be\/actualites\/\",\"logo\":{\"@type\":\"ImageObject\",\"inLanguage\":\"fr-BE\",\"@id\":\"https:\/\/vieassociative.be\/actualites\/#\/schema\/logo\/image\/\",\"url\":\"https:\/\/vieassociative.be\/actualites\/wp-content\/uploads\/2024\/09\/cropped-vieassociative_favicon.ico.png\",\"contentUrl\":\"https:\/\/vieassociative.be\/actualites\/wp-content\/uploads\/2024\/09\/cropped-vieassociative_favicon.ico.png\",\"width\":512,\"height\":512,\"caption\":\"Vie Associative\"},\"image\":{\"@id\":\"https:\/\/vieassociative.be\/actualites\/#\/schema\/logo\/image\/\"}},{\"@type\":\"Person\",\"@id\":\"https:\/\/vieassociative.be\/actualites\/#\/schema\/person\/b87ac4f82f9d4e7b7cec7395b679edc4\",\"name\":\"Julien\",\"image\":{\"@type\":\"ImageObject\",\"inLanguage\":\"fr-BE\",\"@id\":\"https:\/\/vieassociative.be\/actualites\/#\/schema\/person\/image\/\",\"url\":\"https:\/\/vieassociative.be\/actualites\/wp-content\/uploads\/2024\/09\/vie-associative-1-150x150.jpg\",\"contentUrl\":\"https:\/\/vieassociative.be\/actualites\/wp-content\/uploads\/2024\/09\/vie-associative-1-150x150.jpg\",\"caption\":\"Julien\"},\"description\":\"Je suis Julien, r\u00e9dacteur pour Vie Associative. Passionn\u00e9 par le monde associatif depuis plus de 10 ans, j'ai \u00e0 c\u0153ur de partager des histoires inspirantes et de mettre en lumi\u00e8re les initiatives locales. Mon objectif est de sensibiliser et d'encourager l'engagement communautaire \u00e0 travers mes articles.\",\"sameAs\":[\"https:\/\/vieassociative.be\/\"]}]}<\/script>\n<!-- \/ Yoast SEO plugin. -->","yoast_head_json":{"title":"Pr\u00e9parez d\u00e8s maintenant votre \u00ab bo\u00eete \u00e0 m\u00e9dicaments \u00bb pour la saison du rhume et de la grippe | Vie Associative","robots":{"index":"index","follow":"follow","max-snippet":"max-snippet:-1","max-image-preview":"max-image-preview:large","max-video-preview":"max-video-preview:-1"},"canonical":"https:\/\/vieassociative.be\/actualites\/preparez-des-maintenant-votre-boite-a-medicaments-pour-la-saison-du-rhume-et-de-la-grippe\/","og_locale":"fr_FR","og_type":"article","og_title":"Pr\u00e9parez d\u00e8s maintenant votre \u00ab bo\u00eete \u00e0 m\u00e9dicaments \u00bb pour la saison du rhume et de la grippe | Vie Associative","og_description":"M\u00eame si vos enfants n\u2019ont (esp\u00e9rons-le) pas \u00e9t\u00e9 touch\u00e9s par la maladie jusqu\u2019\u00e0 pr\u00e9sent, vous savez que cela ne durera pas. Les familles sont maintenant","og_url":"https:\/\/vieassociative.be\/actualites\/preparez-des-maintenant-votre-boite-a-medicaments-pour-la-saison-du-rhume-et-de-la-grippe\/","og_site_name":"Vie Associative","article_published_time":"2024-09-25T15:22:17+00:00","og_image":[{"width":279,"height":92,"url":"https:\/\/vieassociative.be\/actualites\/wp-content\/uploads\/2024\/09\/header_backgroundk-01-e1726694325946.png","type":"image\/png"}],"author":"Julien","twitter_card":"summary_large_image","twitter_misc":{"\u00c9crit par":"Julien","Dur\u00e9e de lecture est.":"4 minutes"},"schema":{"@context":"https:\/\/schema.org","@graph":[{"@type":"Article","@id":"https:\/\/vieassociative.be\/actualites\/preparez-des-maintenant-votre-boite-a-medicaments-pour-la-saison-du-rhume-et-de-la-grippe\/#article","isPartOf":{"@id":"https:\/\/vieassociative.be\/actualites\/preparez-des-maintenant-votre-boite-a-medicaments-pour-la-saison-du-rhume-et-de-la-grippe\/"},"author":{"name":"Julien","@id":"https:\/\/vieassociative.be\/actualites\/#\/schema\/person\/b87ac4f82f9d4e7b7cec7395b679edc4"},"headline":"Pr\u00e9parez d\u00e8s maintenant votre \u00ab bo\u00eete \u00e0 m\u00e9dicaments \u00bb pour la saison du rhume et de la grippe","datePublished":"2024-09-25T15:22:17+00:00","dateModified":"2024-09-25T15:22:17+00:00","mainEntityOfPage":{"@id":"https:\/\/vieassociative.be\/actualites\/preparez-des-maintenant-votre-boite-a-medicaments-pour-la-saison-du-rhume-et-de-la-grippe\/"},"wordCount":764,"publisher":{"@id":"https:\/\/vieassociative.be\/actualites\/#organization"},"image":{"@id":"https:\/\/vieassociative.be\/actualites\/preparez-des-maintenant-votre-boite-a-medicaments-pour-la-saison-du-rhume-et-de-la-grippe\/#primaryimage"},"thumbnailUrl":"https:\/\/vieassociative.be\/actualites\/wp-content\/uploads\/2024\/09\/Preparez-des-maintenant-votre-boite-a-medicaments-pour.jpg","keywords":["bo\u00eete","Des","grippe","maintenant","m\u00e9dicaments","pour","Pr\u00e9parez","rhume","Saison","votre"],"articleSection":["Sant\u00e9"],"inLanguage":"fr-BE"},{"@type":"WebPage","@id":"https:\/\/vieassociative.be\/actualites\/preparez-des-maintenant-votre-boite-a-medicaments-pour-la-saison-du-rhume-et-de-la-grippe\/","url":"https:\/\/vieassociative.be\/actualites\/preparez-des-maintenant-votre-boite-a-medicaments-pour-la-saison-du-rhume-et-de-la-grippe\/","name":"Pr\u00e9parez d\u00e8s maintenant votre \u00ab bo\u00eete \u00e0 m\u00e9dicaments \u00bb pour la saison du rhume et de la grippe | Vie Associative","isPartOf":{"@id":"https:\/\/vieassociative.be\/actualites\/#website"},"primaryImageOfPage":{"@id":"https:\/\/vieassociative.be\/actualites\/preparez-des-maintenant-votre-boite-a-medicaments-pour-la-saison-du-rhume-et-de-la-grippe\/#primaryimage"},"image":{"@id":"https:\/\/vieassociative.be\/actualites\/preparez-des-maintenant-votre-boite-a-medicaments-pour-la-saison-du-rhume-et-de-la-grippe\/#primaryimage"},"thumbnailUrl":"https:\/\/vieassociative.be\/actualites\/wp-content\/uploads\/2024\/09\/Preparez-des-maintenant-votre-boite-a-medicaments-pour.jpg","datePublished":"2024-09-25T15:22:17+00:00","dateModified":"2024-09-25T15:22:17+00:00","breadcrumb":{"@id":"https:\/\/vieassociative.be\/actualites\/preparez-des-maintenant-votre-boite-a-medicaments-pour-la-saison-du-rhume-et-de-la-grippe\/#breadcrumb"},"inLanguage":"fr-BE","potentialAction":[{"@type":"ReadAction","target":["https:\/\/vieassociative.be\/actualites\/preparez-des-maintenant-votre-boite-a-medicaments-pour-la-saison-du-rhume-et-de-la-grippe\/"]}]},{"@type":"ImageObject","inLanguage":"fr-BE","@id":"https:\/\/vieassociative.be\/actualites\/preparez-des-maintenant-votre-boite-a-medicaments-pour-la-saison-du-rhume-et-de-la-grippe\/#primaryimage","url":"https:\/\/vieassociative.be\/actualites\/wp-content\/uploads\/2024\/09\/Preparez-des-maintenant-votre-boite-a-medicaments-pour.jpg","contentUrl":"https:\/\/vieassociative.be\/actualites\/wp-content\/uploads\/2024\/09\/Preparez-des-maintenant-votre-boite-a-medicaments-pour.jpg","width":1200,"height":675,"caption":"Pr\u00e9parez d\u00e8s maintenant votre \u00ab bo\u00eete \u00e0 m\u00e9dicaments \u00bb pour la saison du rhume et de la grippe"},{"@type":"BreadcrumbList","@id":"https:\/\/vieassociative.be\/actualites\/preparez-des-maintenant-votre-boite-a-medicaments-pour-la-saison-du-rhume-et-de-la-grippe\/#breadcrumb","itemListElement":[{"@type":"ListItem","position":1,"name":"Accueil","item":"https:\/\/vieassociative.be\/actualites\/"},{"@type":"ListItem","position":2,"name":"Pr\u00e9parez d\u00e8s maintenant votre \u00ab bo\u00eete \u00e0 m\u00e9dicaments \u00bb pour la saison du rhume et de la grippe"}]},{"@type":"WebSite","@id":"https:\/\/vieassociative.be\/actualites\/#website","url":"https:\/\/vieassociative.be\/actualites\/","name":"Vie Associative","description":"","publisher":{"@id":"https:\/\/vieassociative.be\/actualites\/#organization"},"potentialAction":[{"@type":"SearchAction","target":{"@type":"EntryPoint","urlTemplate":"https:\/\/vieassociative.be\/actualites\/?s={search_term_string}"},"query-input":{"@type":"PropertyValueSpecification","valueRequired":true,"valueName":"search_term_string"}}],"inLanguage":"fr-BE"},{"@type":"Organization","@id":"https:\/\/vieassociative.be\/actualites\/#organization","name":"Vie Associative","url":"https:\/\/vieassociative.be\/actualites\/","logo":{"@type":"ImageObject","inLanguage":"fr-BE","@id":"https:\/\/vieassociative.be\/actualites\/#\/schema\/logo\/image\/","url":"https:\/\/vieassociative.be\/actualites\/wp-content\/uploads\/2024\/09\/cropped-vieassociative_favicon.ico.png","contentUrl":"https:\/\/vieassociative.be\/actualites\/wp-content\/uploads\/2024\/09\/cropped-vieassociative_favicon.ico.png","width":512,"height":512,"caption":"Vie Associative"},"image":{"@id":"https:\/\/vieassociative.be\/actualites\/#\/schema\/logo\/image\/"}},{"@type":"Person","@id":"https:\/\/vieassociative.be\/actualites\/#\/schema\/person\/b87ac4f82f9d4e7b7cec7395b679edc4","name":"Julien","image":{"@type":"ImageObject","inLanguage":"fr-BE","@id":"https:\/\/vieassociative.be\/actualites\/#\/schema\/person\/image\/","url":"https:\/\/vieassociative.be\/actualites\/wp-content\/uploads\/2024\/09\/vie-associative-1-150x150.jpg","contentUrl":"https:\/\/vieassociative.be\/actualites\/wp-content\/uploads\/2024\/09\/vie-associative-1-150x150.jpg","caption":"Julien"},"description":"Je suis Julien, r\u00e9dacteur pour Vie Associative. Passionn\u00e9 par le monde associatif depuis plus de 10 ans, j'ai \u00e0 c\u0153ur de partager des histoires inspirantes et de mettre en lumi\u00e8re les initiatives locales. Mon objectif est de sensibiliser et d'encourager l'engagement communautaire \u00e0 travers mes articles.","sameAs":["https:\/\/vieassociative.be\/"]}]}},"_links":{"self":[{"href":"https:\/\/vieassociative.be\/actualites\/wp-json\/wp\/v2\/posts\/467"}],"collection":[{"href":"https:\/\/vieassociative.be\/actualites\/wp-json\/wp\/v2\/posts"}],"about":[{"href":"https:\/\/vieassociative.be\/actualites\/wp-json\/wp\/v2\/types\/post"}],"author":[{"embeddable":true,"href":"https:\/\/vieassociative.be\/actualites\/wp-json\/wp\/v2\/users\/1"}],"replies":[{"embeddable":true,"href":"https:\/\/vieassociative.be\/actualites\/wp-json\/wp\/v2\/comments?post=467"}],"version-history":[{"count":0,"href":"https:\/\/vieassociative.be\/actualites\/wp-json\/wp\/v2\/posts\/467\/revisions"}],"wp:featuredmedia":[{"embeddable":true,"href":"https:\/\/vieassociative.be\/actualites\/wp-json\/wp\/v2\/media\/468"}],"wp:attachment":[{"href":"https:\/\/vieassociative.be\/actualites\/wp-json\/wp\/v2\/media?parent=467"}],"wp:term":[{"taxonomy":"category","embeddable":true,"href":"https:\/\/vieassociative.be\/actualites\/wp-json\/wp\/v2\/categories?post=467"},{"taxonomy":"post_tag","embeddable":true,"href":"https:\/\/vieassociative.be\/actualites\/wp-json\/wp\/v2\/tags?post=467"}],"curies":[{"name":"wp","href":"https:\/\/api.w.org\/{rel}","templated":true}]}}