{"id":4660,"date":"2025-01-28T15:18:52","date_gmt":"2025-01-28T14:18:52","guid":{"rendered":"https:\/\/vieassociative.be\/actualites\/ex-red-teufel-snelders-en-raison-de-plusieurs-cas-dabus-sexuels-aujourdhui\/"},"modified":"2025-01-28T15:18:52","modified_gmt":"2025-01-28T14:18:52","slug":"ex-red-teufel-snelders-en-raison-de-plusieurs-cas-dabus-sexuels-aujourdhui","status":"publish","type":"post","link":"https:\/\/vieassociative.be\/actualites\/ex-red-teufel-snelders-en-raison-de-plusieurs-cas-dabus-sexuels-aujourdhui\/","title":{"rendered":"EX-RED Teufel Snelders en raison de plusieurs cas d&rsquo;abus sexuels aujourd&rsquo;hui"},"content":{"rendered":"<p><strong>Eddy Snelders n&rsquo;est pas \u00e9tranger au football belge: le professionnel du football avec plus de 600 matchs dans la plus haute division, joueur national, assistant d&rsquo;entra\u00eeneurs par Aim\u00e9 Anthuenis aux Red Devils et plus tard \u00e9galement commentateur sportif. Ce mardi, la flamme de 65 ans est jug\u00e9e \u00e0 Anvers.<\/strong><\/p>\n<p><span id=\"more-406953\"><\/span>L&rsquo;exhibitionnisme, le voyeurisme, l&rsquo;excitation de la g\u00eane publique, la possession de photos d&rsquo;abus sexuels des mineurs et l&rsquo;attaque contre trois femmes, dont sa belle-fille mineure, sont accus\u00e9es de l&rsquo;ancien joueur de football Ua von Antwerp, Lierse et Standard Li\u00e8ge.<\/p>\n<p>L&rsquo;affaire a \u00e9t\u00e9 explos\u00e9e en 2023 apr\u00e8s qu&rsquo;un voisin a d\u00e9pos\u00e9 une publicit\u00e9 contre l&rsquo;ancien entra\u00eeneur adjoint des Red Devils pour l&rsquo;exhibitionnisme. Elle avait donn\u00e9 aux autorit\u00e9s d&rsquo;avoir observ\u00e9 l&rsquo;homme de 60 ans \u00e0 plusieurs reprises \u00e0 la masturbation publique.<\/p>\n<div id=\"attachment_373361\" class=\"wp-caption alignleft\" style=\"max-width: 300px\"><img fetchpriority=\"high\" decoding=\"async\" class=\"wp-image-373361 size-medium\" src=\"https:\/\/vieassociative.be\/actualites\/wp-content\/uploads\/2024\/11\/Lequipe-nationale-belge-de-football-risque-t-elle-une-periode-de-secheresse.jpg\" alt=\"\" width=\"300\" height=\"200\"  ><\/p>\n<p class=\"wp-caption-text\">06.09.2002, Belgique, Bruxelles: l&rsquo;assistant d&rsquo;entra\u00eeneurs Eddy Snelders (L) avec l&rsquo;entra\u00eeneur national belge d&rsquo;Aim\u00e9 Anthuenis (R) de l&rsquo;\u00e9poque \u00e0 Kraainem avant un match de qualification du Red Devil contre la Bulgarie. Photo: Belga<\/p>\n<\/div>\n<p><strong>&#8211; Les femmes film\u00e9es \u00e0 leur insu:<\/strong> Apr\u00e8s que la police ait effectu\u00e9 une recherche avec lui, elle a confisqu\u00e9 du mat\u00e9riel informatique dans lequel de nombreuses photos de plusieurs dizaines de femmes ont \u00e9t\u00e9 d\u00e9couvertes sur les toilettes et sous la douche que Eddy Snelders avait secr\u00e8tement pris.<\/p>\n<p>Dans sa maison \u00e0 Braschaat pr\u00e8s d&rsquo;Anvers et dans son chalet dans les Ardennes, des enregistrements ont \u00e9t\u00e9 faits avec une cam\u00e9ra cach\u00e9e. Des enregistrements d&rsquo;abus sexuels sur les enfants ont \u00e9galement \u00e9t\u00e9 trouv\u00e9s dans un vieil ordinateur.<\/p>\n<p>L&rsquo;ancien diable rouge a admis avoir op\u00e9r\u00e9 un exhibitionnisme et un voyeurisme. Son avocate Sanne de Clerck a d\u00e9clar\u00e9 que son client avait subi un traumatisme sexuel de l&rsquo;enfance et \u00e9tait soign\u00e9 psychologiquement.<\/p>\n<p>Les enqu\u00eateurs ont constat\u00e9 que Snelders avait abus\u00e9 de son voisin, de sa femme de m\u00e9nage et de son ancienne fille -in -law, qui \u00e9tait encore mineure au moment du crime. Cependant, l&rsquo;homme de 65 ans a rejet\u00e9 les all\u00e9gations.<\/p>\n<p>En d\u00e9cembre, la Chambre du Conseil avait trouv\u00e9 suffisamment d&rsquo;objections au dossier pour la renvoyer au tribunal p\u00e9nal. (Cre)<\/p>\n","protected":false},"excerpt":{"rendered":"<p>Eddy Snelders n&rsquo;est pas \u00e9tranger au football belge: le professionnel du football avec plus de 600 matchs dans la plus haute division, joueur national, assistant<\/p>\n","protected":false},"author":1,"featured_media":4661,"comment_status":"","ping_status":"","sticky":false,"template":"","format":"standard","meta":{"footnotes":""},"categories":[298],"tags":[2330,2691,5001,4998,3320,3261,250,5000,4999],"class_list":["post-4660","post","type-post","status-publish","format-standard","has-post-thumbnail","hentry","category-belgique","tag-aujourdhui","tag-cas","tag-dabus","tag-exred","tag-plusieurs","tag-raison","tag-sexuels","tag-snelders","tag-teufel","generate-columns","tablet-grid-50","mobile-grid-100","grid-parent","grid-33"],"yoast_head":"<!-- This site is optimized with the Yoast SEO plugin v24.0 - https:\/\/yoast.com\/wordpress\/plugins\/seo\/ -->\n<title>EX-RED Teufel Snelders en raison de plusieurs cas d&#039;abus sexuels aujourd&#039;hui | Vie Associative<\/title>\n<meta name=\"robots\" content=\"index, follow, max-snippet:-1, max-image-preview:large, max-video-preview:-1\" \/>\n<link rel=\"canonical\" href=\"https:\/\/vieassociative.be\/actualites\/ex-red-teufel-snelders-en-raison-de-plusieurs-cas-dabus-sexuels-aujourdhui\/\" \/>\n<meta property=\"og:locale\" content=\"fr_FR\" \/>\n<meta property=\"og:type\" content=\"article\" \/>\n<meta property=\"og:title\" content=\"EX-RED Teufel Snelders en raison de plusieurs cas d&#039;abus sexuels aujourd&#039;hui | Vie Associative\" \/>\n<meta property=\"og:description\" content=\"Eddy Snelders n&rsquo;est pas \u00e9tranger au football belge: le professionnel du football avec plus de 600 matchs dans la plus haute division, joueur national, assistant\" \/>\n<meta property=\"og:url\" content=\"https:\/\/vieassociative.be\/actualites\/ex-red-teufel-snelders-en-raison-de-plusieurs-cas-dabus-sexuels-aujourdhui\/\" \/>\n<meta property=\"og:site_name\" content=\"Vie Associative\" \/>\n<meta property=\"article:published_time\" content=\"2025-01-28T14:18:52+00:00\" \/>\n<meta property=\"og:image\" content=\"https:\/\/vieassociative.be\/actualites\/wp-content\/uploads\/2024\/09\/header_backgroundk-01-e1726694325946.png\" \/>\n\t<meta property=\"og:image:width\" content=\"279\" \/>\n\t<meta property=\"og:image:height\" content=\"92\" \/>\n\t<meta property=\"og:image:type\" content=\"image\/png\" \/>\n<meta name=\"author\" content=\"Julien\" \/>\n<meta name=\"twitter:card\" content=\"summary_large_image\" \/>\n<meta name=\"twitter:label1\" content=\"\u00c9crit par\" \/>\n\t<meta name=\"twitter:data1\" content=\"Julien\" \/>\n\t<meta name=\"twitter:label2\" content=\"Dur\u00e9e de lecture est.\" \/>\n\t<meta name=\"twitter:data2\" content=\"2 minutes\" \/>\n<script type=\"application\/ld+json\" class=\"yoast-schema-graph\">{\"@context\":\"https:\/\/schema.org\",\"@graph\":[{\"@type\":\"Article\",\"@id\":\"https:\/\/vieassociative.be\/actualites\/ex-red-teufel-snelders-en-raison-de-plusieurs-cas-dabus-sexuels-aujourdhui\/#article\",\"isPartOf\":{\"@id\":\"https:\/\/vieassociative.be\/actualites\/ex-red-teufel-snelders-en-raison-de-plusieurs-cas-dabus-sexuels-aujourdhui\/\"},\"author\":{\"name\":\"Julien\",\"@id\":\"https:\/\/vieassociative.be\/actualites\/#\/schema\/person\/b87ac4f82f9d4e7b7cec7395b679edc4\"},\"headline\":\"EX-RED Teufel Snelders en raison de plusieurs cas d&rsquo;abus sexuels aujourd&rsquo;hui\",\"datePublished\":\"2025-01-28T14:18:52+00:00\",\"dateModified\":\"2025-01-28T14:18:52+00:00\",\"mainEntityOfPage\":{\"@id\":\"https:\/\/vieassociative.be\/actualites\/ex-red-teufel-snelders-en-raison-de-plusieurs-cas-dabus-sexuels-aujourdhui\/\"},\"wordCount\":392,\"publisher\":{\"@id\":\"https:\/\/vieassociative.be\/actualites\/#organization\"},\"image\":{\"@id\":\"https:\/\/vieassociative.be\/actualites\/ex-red-teufel-snelders-en-raison-de-plusieurs-cas-dabus-sexuels-aujourdhui\/#primaryimage\"},\"thumbnailUrl\":\"https:\/\/vieassociative.be\/actualites\/wp-content\/uploads\/2025\/01\/EX-RED-Teufel-Snelders-en-raison-de-plusieurs-cas-dabus-sexuels.jpg\",\"keywords\":[\"aujourdhui\",\"cas\",\"dabus\",\"EXRED\",\"Plusieurs\",\"raison\",\"sexuels\",\"Snelders\",\"Teufel\"],\"articleSection\":[\"Belgique\"],\"inLanguage\":\"fr-BE\"},{\"@type\":\"WebPage\",\"@id\":\"https:\/\/vieassociative.be\/actualites\/ex-red-teufel-snelders-en-raison-de-plusieurs-cas-dabus-sexuels-aujourdhui\/\",\"url\":\"https:\/\/vieassociative.be\/actualites\/ex-red-teufel-snelders-en-raison-de-plusieurs-cas-dabus-sexuels-aujourdhui\/\",\"name\":\"EX-RED Teufel Snelders en raison de plusieurs cas d'abus sexuels aujourd'hui | Vie Associative\",\"isPartOf\":{\"@id\":\"https:\/\/vieassociative.be\/actualites\/#website\"},\"primaryImageOfPage\":{\"@id\":\"https:\/\/vieassociative.be\/actualites\/ex-red-teufel-snelders-en-raison-de-plusieurs-cas-dabus-sexuels-aujourdhui\/#primaryimage\"},\"image\":{\"@id\":\"https:\/\/vieassociative.be\/actualites\/ex-red-teufel-snelders-en-raison-de-plusieurs-cas-dabus-sexuels-aujourdhui\/#primaryimage\"},\"thumbnailUrl\":\"https:\/\/vieassociative.be\/actualites\/wp-content\/uploads\/2025\/01\/EX-RED-Teufel-Snelders-en-raison-de-plusieurs-cas-dabus-sexuels.jpg\",\"datePublished\":\"2025-01-28T14:18:52+00:00\",\"dateModified\":\"2025-01-28T14:18:52+00:00\",\"breadcrumb\":{\"@id\":\"https:\/\/vieassociative.be\/actualites\/ex-red-teufel-snelders-en-raison-de-plusieurs-cas-dabus-sexuels-aujourdhui\/#breadcrumb\"},\"inLanguage\":\"fr-BE\",\"potentialAction\":[{\"@type\":\"ReadAction\",\"target\":[\"https:\/\/vieassociative.be\/actualites\/ex-red-teufel-snelders-en-raison-de-plusieurs-cas-dabus-sexuels-aujourdhui\/\"]}]},{\"@type\":\"ImageObject\",\"inLanguage\":\"fr-BE\",\"@id\":\"https:\/\/vieassociative.be\/actualites\/ex-red-teufel-snelders-en-raison-de-plusieurs-cas-dabus-sexuels-aujourdhui\/#primaryimage\",\"url\":\"https:\/\/vieassociative.be\/actualites\/wp-content\/uploads\/2025\/01\/EX-RED-Teufel-Snelders-en-raison-de-plusieurs-cas-dabus-sexuels.jpg\",\"contentUrl\":\"https:\/\/vieassociative.be\/actualites\/wp-content\/uploads\/2025\/01\/EX-RED-Teufel-Snelders-en-raison-de-plusieurs-cas-dabus-sexuels.jpg\",\"width\":1200,\"height\":800,\"caption\":\"EX-RED Teufel Snelders en raison de plusieurs cas d'abus sexuels aujourd'hui\"},{\"@type\":\"BreadcrumbList\",\"@id\":\"https:\/\/vieassociative.be\/actualites\/ex-red-teufel-snelders-en-raison-de-plusieurs-cas-dabus-sexuels-aujourdhui\/#breadcrumb\",\"itemListElement\":[{\"@type\":\"ListItem\",\"position\":1,\"name\":\"Accueil\",\"item\":\"https:\/\/vieassociative.be\/actualites\/\"},{\"@type\":\"ListItem\",\"position\":2,\"name\":\"EX-RED Teufel Snelders en raison de plusieurs cas d&rsquo;abus sexuels aujourd&rsquo;hui\"}]},{\"@type\":\"WebSite\",\"@id\":\"https:\/\/vieassociative.be\/actualites\/#website\",\"url\":\"https:\/\/vieassociative.be\/actualites\/\",\"name\":\"Vie Associative\",\"description\":\"\",\"publisher\":{\"@id\":\"https:\/\/vieassociative.be\/actualites\/#organization\"},\"potentialAction\":[{\"@type\":\"SearchAction\",\"target\":{\"@type\":\"EntryPoint\",\"urlTemplate\":\"https:\/\/vieassociative.be\/actualites\/?s={search_term_string}\"},\"query-input\":{\"@type\":\"PropertyValueSpecification\",\"valueRequired\":true,\"valueName\":\"search_term_string\"}}],\"inLanguage\":\"fr-BE\"},{\"@type\":\"Organization\",\"@id\":\"https:\/\/vieassociative.be\/actualites\/#organization\",\"name\":\"Vie Associative\",\"url\":\"https:\/\/vieassociative.be\/actualites\/\",\"logo\":{\"@type\":\"ImageObject\",\"inLanguage\":\"fr-BE\",\"@id\":\"https:\/\/vieassociative.be\/actualites\/#\/schema\/logo\/image\/\",\"url\":\"https:\/\/vieassociative.be\/actualites\/wp-content\/uploads\/2024\/09\/cropped-vieassociative_favicon.ico.png\",\"contentUrl\":\"https:\/\/vieassociative.be\/actualites\/wp-content\/uploads\/2024\/09\/cropped-vieassociative_favicon.ico.png\",\"width\":512,\"height\":512,\"caption\":\"Vie Associative\"},\"image\":{\"@id\":\"https:\/\/vieassociative.be\/actualites\/#\/schema\/logo\/image\/\"}},{\"@type\":\"Person\",\"@id\":\"https:\/\/vieassociative.be\/actualites\/#\/schema\/person\/b87ac4f82f9d4e7b7cec7395b679edc4\",\"name\":\"Julien\",\"image\":{\"@type\":\"ImageObject\",\"inLanguage\":\"fr-BE\",\"@id\":\"https:\/\/vieassociative.be\/actualites\/#\/schema\/person\/image\/\",\"url\":\"https:\/\/vieassociative.be\/actualites\/wp-content\/uploads\/2024\/09\/vie-associative-1-150x150.jpg\",\"contentUrl\":\"https:\/\/vieassociative.be\/actualites\/wp-content\/uploads\/2024\/09\/vie-associative-1-150x150.jpg\",\"caption\":\"Julien\"},\"description\":\"Je suis Julien, r\u00e9dacteur pour Vie Associative. Passionn\u00e9 par le monde associatif depuis plus de 10 ans, j'ai \u00e0 c\u0153ur de partager des histoires inspirantes et de mettre en lumi\u00e8re les initiatives locales. Mon objectif est de sensibiliser et d'encourager l'engagement communautaire \u00e0 travers mes articles.\",\"sameAs\":[\"https:\/\/vieassociative.be\/\"]}]}<\/script>\n<!-- \/ Yoast SEO plugin. -->","yoast_head_json":{"title":"EX-RED Teufel Snelders en raison de plusieurs cas d'abus sexuels aujourd'hui | Vie Associative","robots":{"index":"index","follow":"follow","max-snippet":"max-snippet:-1","max-image-preview":"max-image-preview:large","max-video-preview":"max-video-preview:-1"},"canonical":"https:\/\/vieassociative.be\/actualites\/ex-red-teufel-snelders-en-raison-de-plusieurs-cas-dabus-sexuels-aujourdhui\/","og_locale":"fr_FR","og_type":"article","og_title":"EX-RED Teufel Snelders en raison de plusieurs cas d'abus sexuels aujourd'hui | Vie Associative","og_description":"Eddy Snelders n&rsquo;est pas \u00e9tranger au football belge: le professionnel du football avec plus de 600 matchs dans la plus haute division, joueur national, assistant","og_url":"https:\/\/vieassociative.be\/actualites\/ex-red-teufel-snelders-en-raison-de-plusieurs-cas-dabus-sexuels-aujourdhui\/","og_site_name":"Vie Associative","article_published_time":"2025-01-28T14:18:52+00:00","og_image":[{"width":279,"height":92,"url":"https:\/\/vieassociative.be\/actualites\/wp-content\/uploads\/2024\/09\/header_backgroundk-01-e1726694325946.png","type":"image\/png"}],"author":"Julien","twitter_card":"summary_large_image","twitter_misc":{"\u00c9crit par":"Julien","Dur\u00e9e de lecture est.":"2 minutes"},"schema":{"@context":"https:\/\/schema.org","@graph":[{"@type":"Article","@id":"https:\/\/vieassociative.be\/actualites\/ex-red-teufel-snelders-en-raison-de-plusieurs-cas-dabus-sexuels-aujourdhui\/#article","isPartOf":{"@id":"https:\/\/vieassociative.be\/actualites\/ex-red-teufel-snelders-en-raison-de-plusieurs-cas-dabus-sexuels-aujourdhui\/"},"author":{"name":"Julien","@id":"https:\/\/vieassociative.be\/actualites\/#\/schema\/person\/b87ac4f82f9d4e7b7cec7395b679edc4"},"headline":"EX-RED Teufel Snelders en raison de plusieurs cas d&rsquo;abus sexuels aujourd&rsquo;hui","datePublished":"2025-01-28T14:18:52+00:00","dateModified":"2025-01-28T14:18:52+00:00","mainEntityOfPage":{"@id":"https:\/\/vieassociative.be\/actualites\/ex-red-teufel-snelders-en-raison-de-plusieurs-cas-dabus-sexuels-aujourdhui\/"},"wordCount":392,"publisher":{"@id":"https:\/\/vieassociative.be\/actualites\/#organization"},"image":{"@id":"https:\/\/vieassociative.be\/actualites\/ex-red-teufel-snelders-en-raison-de-plusieurs-cas-dabus-sexuels-aujourdhui\/#primaryimage"},"thumbnailUrl":"https:\/\/vieassociative.be\/actualites\/wp-content\/uploads\/2025\/01\/EX-RED-Teufel-Snelders-en-raison-de-plusieurs-cas-dabus-sexuels.jpg","keywords":["aujourdhui","cas","dabus","EXRED","Plusieurs","raison","sexuels","Snelders","Teufel"],"articleSection":["Belgique"],"inLanguage":"fr-BE"},{"@type":"WebPage","@id":"https:\/\/vieassociative.be\/actualites\/ex-red-teufel-snelders-en-raison-de-plusieurs-cas-dabus-sexuels-aujourdhui\/","url":"https:\/\/vieassociative.be\/actualites\/ex-red-teufel-snelders-en-raison-de-plusieurs-cas-dabus-sexuels-aujourdhui\/","name":"EX-RED Teufel Snelders en raison de plusieurs cas d'abus sexuels aujourd'hui | Vie Associative","isPartOf":{"@id":"https:\/\/vieassociative.be\/actualites\/#website"},"primaryImageOfPage":{"@id":"https:\/\/vieassociative.be\/actualites\/ex-red-teufel-snelders-en-raison-de-plusieurs-cas-dabus-sexuels-aujourdhui\/#primaryimage"},"image":{"@id":"https:\/\/vieassociative.be\/actualites\/ex-red-teufel-snelders-en-raison-de-plusieurs-cas-dabus-sexuels-aujourdhui\/#primaryimage"},"thumbnailUrl":"https:\/\/vieassociative.be\/actualites\/wp-content\/uploads\/2025\/01\/EX-RED-Teufel-Snelders-en-raison-de-plusieurs-cas-dabus-sexuels.jpg","datePublished":"2025-01-28T14:18:52+00:00","dateModified":"2025-01-28T14:18:52+00:00","breadcrumb":{"@id":"https:\/\/vieassociative.be\/actualites\/ex-red-teufel-snelders-en-raison-de-plusieurs-cas-dabus-sexuels-aujourdhui\/#breadcrumb"},"inLanguage":"fr-BE","potentialAction":[{"@type":"ReadAction","target":["https:\/\/vieassociative.be\/actualites\/ex-red-teufel-snelders-en-raison-de-plusieurs-cas-dabus-sexuels-aujourdhui\/"]}]},{"@type":"ImageObject","inLanguage":"fr-BE","@id":"https:\/\/vieassociative.be\/actualites\/ex-red-teufel-snelders-en-raison-de-plusieurs-cas-dabus-sexuels-aujourdhui\/#primaryimage","url":"https:\/\/vieassociative.be\/actualites\/wp-content\/uploads\/2025\/01\/EX-RED-Teufel-Snelders-en-raison-de-plusieurs-cas-dabus-sexuels.jpg","contentUrl":"https:\/\/vieassociative.be\/actualites\/wp-content\/uploads\/2025\/01\/EX-RED-Teufel-Snelders-en-raison-de-plusieurs-cas-dabus-sexuels.jpg","width":1200,"height":800,"caption":"EX-RED Teufel Snelders en raison de plusieurs cas d'abus sexuels aujourd'hui"},{"@type":"BreadcrumbList","@id":"https:\/\/vieassociative.be\/actualites\/ex-red-teufel-snelders-en-raison-de-plusieurs-cas-dabus-sexuels-aujourdhui\/#breadcrumb","itemListElement":[{"@type":"ListItem","position":1,"name":"Accueil","item":"https:\/\/vieassociative.be\/actualites\/"},{"@type":"ListItem","position":2,"name":"EX-RED Teufel Snelders en raison de plusieurs cas d&rsquo;abus sexuels aujourd&rsquo;hui"}]},{"@type":"WebSite","@id":"https:\/\/vieassociative.be\/actualites\/#website","url":"https:\/\/vieassociative.be\/actualites\/","name":"Vie Associative","description":"","publisher":{"@id":"https:\/\/vieassociative.be\/actualites\/#organization"},"potentialAction":[{"@type":"SearchAction","target":{"@type":"EntryPoint","urlTemplate":"https:\/\/vieassociative.be\/actualites\/?s={search_term_string}"},"query-input":{"@type":"PropertyValueSpecification","valueRequired":true,"valueName":"search_term_string"}}],"inLanguage":"fr-BE"},{"@type":"Organization","@id":"https:\/\/vieassociative.be\/actualites\/#organization","name":"Vie Associative","url":"https:\/\/vieassociative.be\/actualites\/","logo":{"@type":"ImageObject","inLanguage":"fr-BE","@id":"https:\/\/vieassociative.be\/actualites\/#\/schema\/logo\/image\/","url":"https:\/\/vieassociative.be\/actualites\/wp-content\/uploads\/2024\/09\/cropped-vieassociative_favicon.ico.png","contentUrl":"https:\/\/vieassociative.be\/actualites\/wp-content\/uploads\/2024\/09\/cropped-vieassociative_favicon.ico.png","width":512,"height":512,"caption":"Vie Associative"},"image":{"@id":"https:\/\/vieassociative.be\/actualites\/#\/schema\/logo\/image\/"}},{"@type":"Person","@id":"https:\/\/vieassociative.be\/actualites\/#\/schema\/person\/b87ac4f82f9d4e7b7cec7395b679edc4","name":"Julien","image":{"@type":"ImageObject","inLanguage":"fr-BE","@id":"https:\/\/vieassociative.be\/actualites\/#\/schema\/person\/image\/","url":"https:\/\/vieassociative.be\/actualites\/wp-content\/uploads\/2024\/09\/vie-associative-1-150x150.jpg","contentUrl":"https:\/\/vieassociative.be\/actualites\/wp-content\/uploads\/2024\/09\/vie-associative-1-150x150.jpg","caption":"Julien"},"description":"Je suis Julien, r\u00e9dacteur pour Vie Associative. Passionn\u00e9 par le monde associatif depuis plus de 10 ans, j'ai \u00e0 c\u0153ur de partager des histoires inspirantes et de mettre en lumi\u00e8re les initiatives locales. Mon objectif est de sensibiliser et d'encourager l'engagement communautaire \u00e0 travers mes articles.","sameAs":["https:\/\/vieassociative.be\/"]}]}},"_links":{"self":[{"href":"https:\/\/vieassociative.be\/actualites\/wp-json\/wp\/v2\/posts\/4660"}],"collection":[{"href":"https:\/\/vieassociative.be\/actualites\/wp-json\/wp\/v2\/posts"}],"about":[{"href":"https:\/\/vieassociative.be\/actualites\/wp-json\/wp\/v2\/types\/post"}],"author":[{"embeddable":true,"href":"https:\/\/vieassociative.be\/actualites\/wp-json\/wp\/v2\/users\/1"}],"replies":[{"embeddable":true,"href":"https:\/\/vieassociative.be\/actualites\/wp-json\/wp\/v2\/comments?post=4660"}],"version-history":[{"count":0,"href":"https:\/\/vieassociative.be\/actualites\/wp-json\/wp\/v2\/posts\/4660\/revisions"}],"wp:featuredmedia":[{"embeddable":true,"href":"https:\/\/vieassociative.be\/actualites\/wp-json\/wp\/v2\/media\/4661"}],"wp:attachment":[{"href":"https:\/\/vieassociative.be\/actualites\/wp-json\/wp\/v2\/media?parent=4660"}],"wp:term":[{"taxonomy":"category","embeddable":true,"href":"https:\/\/vieassociative.be\/actualites\/wp-json\/wp\/v2\/categories?post=4660"},{"taxonomy":"post_tag","embeddable":true,"href":"https:\/\/vieassociative.be\/actualites\/wp-json\/wp\/v2\/tags?post=4660"}],"curies":[{"name":"wp","href":"https:\/\/api.w.org\/{rel}","templated":true}]}}