{"id":4658,"date":"2025-01-28T14:17:52","date_gmt":"2025-01-28T13:17:52","guid":{"rendered":"https:\/\/vieassociative.be\/actualites\/lasus-rog-ally-extreme-est-de-200-de-reduction-en-ce-moment\/"},"modified":"2025-01-28T14:17:52","modified_gmt":"2025-01-28T13:17:52","slug":"lasus-rog-ally-extreme-est-de-200-de-reduction-en-ce-moment","status":"publish","type":"post","link":"https:\/\/vieassociative.be\/actualites\/lasus-rog-ally-extreme-est-de-200-de-reduction-en-ce-moment\/","title":{"rendered":"L&rsquo;Asus Rog Ally Extreme est de 200 $ de r\u00e9duction en ce moment"},"content":{"rendered":"<div class=\"mt-4 leading-6 md:mb-8\">La version plus premium de l&rsquo;Asus Rog Ally tombe \u00e0 son prix le plus bas apr\u00e8s une forte r\u00e9duction de Best Buy.<\/div>\n<p><\/p>\n<p>Les consoles de jeux portables ne sont plus domin\u00e9es par Nintendo; Les jeux PC sont entr\u00e9s sur le march\u00e9 de l&rsquo;industrie portable avec la concurrence de Valve et Asus. Le jeu de vapeur de Valve \u00e9tait la meilleure option budg\u00e9taire disponible jusqu&rsquo;\u00e0 ce qu&rsquo;Asus publie l&rsquo;ASUS ROG Ally Z1 en 2023, qui est la version budg\u00e9taire de l&rsquo;Asus Rog Ally Z1 Extreme le plus puissant. Lors de la vente flash de 48 heures de Best Buy, vous pouvez r\u00e9ellement obtenir l&rsquo;alli\u00e9 ASUS ROG plus haut de gamme pour moins cher que l&rsquo;alli\u00e9 ROG de base. C&rsquo;est actuellement <strong>449,99 $<\/strong> (\u00e0 l&rsquo;origine 649,99 $), actuellement le prix le plus bas que j&rsquo;ai vu au cours des derniers mois, selon les outils de suivi des prix. <\/p>\n<div class=\"shadow-b-2 mb-12 mt-10 rounded-md border-2 border-(#F0F0F0) px-6 py-2 shadow-lg md:px-12\" role=\"region\" aria-label=\"Products List\" x-data=\"{ showMore: false }\">\n<div class=\"flex w-full gap-x-5\">\n<div class=\"flex w-full flex-col flex-nowrap justify-center gap-2 text-black no-underline md:order-2 md:gap-y-6\">\n<div class=\"flex flex-col justify-between gap-y-2 md:w-full md:gap-y-1\">\n<div class=\"block w-fit cursor-pointer font-akshar text-lg font-medium leading-5 text-brand-green duration-200 ease-in-out hover:text-brand-green-700 md:text-xl md:leading-6\">\n<p>                            Asus Rog Ally 7 \u00ab\u00a0Extreme\n                        <\/p><\/div>\n<\/p><\/div>\n<div class=\"hidden md:flex md:justify-between md:gap-x-4\">\n<div class=\"w-full mb-0 md:flex md:flex-col md:justify-center font-sans leading-4 text-black\">\n<div class=\"flex flex-wrap items-center justify-center gap-x-1 md:justify-start\">\n        <span class=\"font-bold\"><\/p>\n<p>            449,99 $<br \/>\n                            <span class=\"font-medium\">\u00e0 Best Buy<\/span><br \/>\n                    <\/span>\n            <\/div>\n<div class=\"flex items-center justify-center gap-x-1 font-bold md:justify-start\">\n            <span class=\"text-sm line-through\">649,99 $<\/span><br \/>\n            <span class=\"text-sm text-brand-green\">\u00c9conomisez 200 $<\/span>\n        <\/div>\n<\/p><\/div>\n<p>                            <button class=\"flex justify-center items-center w-full bg-brand-green text-white text-base font-sans font-medium rounded-md hover:bg-brand-green-700 hover:cursor-pointer md:text-sm hidden self-end h-12 max-w-(10rem) duration-200 ease-in-out hover:bg-brand-green-700 md:flex md:h-10\"><\/p>\n<p>    Conclure un accord<br \/>\n<\/button>\n                        <\/div>\n<\/p><\/div>\n<div class=\"flex aspect-video h-(90px) shrink-0 items-center justify-center self-center md:order-1\">\n                        <img decoding=\"async\" class=\"m-0 max-h-full max-w-full rounded-md\" src=\"https:\/\/vieassociative.be\/actualites\/wp-content\/uploads\/2025\/01\/LAsus-Rog-Ally-Extreme-est-de-200-de-reduction.webp.webp\" alt=\"ASUS - ROG Ally 7\" width=\"auto\" height=\"auto\" loading=\"lazy\">\n                    <\/div>\n<\/p><\/div>\n<p>                            <button class=\"flex justify-center items-center w-full bg-brand-green text-white text-base font-sans font-medium rounded-md hover:bg-brand-green-700 hover:cursor-pointer md:text-sm w-full h-12 duration-200 ease-in-out hover:bg-brand-green-700 md:hidden md:h-10\"><\/p>\n<p>    Conclure un accord<br \/>\n<\/button><\/p>\n<div class=\"flex flex-col items-center w-full md:hidden font-sans leading-4 text-black\">\n<div class=\"flex flex-wrap items-center justify-center gap-x-1 md:justify-start\">\n        <span class=\"font-bold\"><\/p>\n<p>            449,99 $<br \/>\n                            <span class=\"font-medium\">\u00e0 Best Buy<\/span><br \/>\n                    <\/span>\n            <\/div>\n<div class=\"flex items-center justify-center gap-x-1 font-bold md:justify-start\">\n            <span class=\"text-sm line-through\">649,99 $<\/span><br \/>\n            <span class=\"text-sm text-brand-green\">\u00c9conomisez 200 $<\/span>\n        <\/div>\n<\/p><\/div>\n<\/div>\n<p>L&rsquo;Asus Rog Ally Z1 est une excellente option pour les joueurs PC qui sont habitu\u00e9s au syst\u00e8me Windows et qui souhaitent jouer \u00e0 leurs jeux sur un syst\u00e8me portable. L&rsquo;Asus ROG Ally Z1 Extreme est moins cher que la plupart des ordinateurs portables de jeu \u00e0 petit budget, bien que sa puissance de traitement et ses graphiques soient limit\u00e9s. Vous pouvez voir si le budget ou la version extr\u00eame ou le Z1 est meilleur pour vous ici. <\/p>\n<p>Ne vous attendez pas \u00e0 jouer \u00e0 chaque AAA en douceur sans avoir une sorte de probl\u00e8me. Pour la plupart des grands jeux AAA, vous aurez besoin d&rsquo;un ordinateur de bureau ou d&rsquo;un ordinateur portable de jeu pleine grandeur pour fonctionner sans hoquet. Bien que vous puissiez en jouer sur l&rsquo;ASUS ROG Ally Z1, vous devrez accepter de jouer avec des cadres inf\u00e9rieurs par seconde pour les faire fonctionner (nos lecteurs pr\u00e9tendent pouvoir jouer \u00e0 des jeux AAA \u00e0 60 images par seconde sans probl\u00e8mes). Si vous n&rsquo;\u00eates pas familier avec le syst\u00e8me d&rsquo;exploitation Windows 11, cela peut \u00eatre difficile \u00e0 faire. <\/p>\n<p>L&rsquo;Asus ROG Ally Z1 vous apporte 512 Go de m\u00e9moire avec un emplacement de carte m\u00e9moire micro SD si vous souhaitez le d\u00e9velopper, un processeur AMD Ryzen Z1, 16 Go de RAM et un \u00e9cran tactile de sept pouces avec une r\u00e9solution vid\u00e9o maximale de 1080p. La batterie rechargeable vous donnera environ huit heures et demie de temps de batterie. <\/p>\n<p>Vous pouvez lire la revue PCMAG compl\u00e8te de l&rsquo;ASUS ROG Ally Z1 ici. Bien que l&rsquo;alli\u00e9 ASUS ROG ne soit pas objectivement meilleur ou pire que le pont de vapeur, \u00e0 son prix actuel, l&rsquo;alli\u00e9 Z1 peut \u00eatre une meilleure option que le pont de vapeur pour la plupart des gens. <\/p>\n","protected":false},"excerpt":{"rendered":"<p>La version plus premium de l&rsquo;Asus Rog Ally tombe \u00e0 son prix le plus bas apr\u00e8s une forte r\u00e9duction de Best Buy. Les consoles de<\/p>\n","protected":false},"author":1,"featured_media":4659,"comment_status":"","ping_status":"","sticky":false,"template":"","format":"standard","meta":{"footnotes":""},"categories":[36],"tags":[1125,76,1139,1123,1429,308,1124],"class_list":["post-4658","post","type-post","status-publish","format-standard","has-post-thumbnail","hentry","category-divertissement","tag-ally","tag-est","tag-extreme","tag-lasus","tag-moment","tag-reduction","tag-rog","generate-columns","tablet-grid-50","mobile-grid-100","grid-parent","grid-33"],"yoast_head":"<!-- This site is optimized with the Yoast SEO plugin v24.0 - https:\/\/yoast.com\/wordpress\/plugins\/seo\/ -->\n<title>L&#039;Asus Rog Ally Extreme est de 200 $ de r\u00e9duction en ce moment | Vie Associative<\/title>\n<meta name=\"robots\" content=\"index, follow, max-snippet:-1, max-image-preview:large, max-video-preview:-1\" \/>\n<link rel=\"canonical\" href=\"https:\/\/vieassociative.be\/actualites\/lasus-rog-ally-extreme-est-de-200-de-reduction-en-ce-moment\/\" \/>\n<meta property=\"og:locale\" content=\"fr_FR\" \/>\n<meta property=\"og:type\" content=\"article\" \/>\n<meta property=\"og:title\" content=\"L&#039;Asus Rog Ally Extreme est de 200 $ de r\u00e9duction en ce moment | Vie Associative\" \/>\n<meta property=\"og:description\" content=\"La version plus premium de l&rsquo;Asus Rog Ally tombe \u00e0 son prix le plus bas apr\u00e8s une forte r\u00e9duction de Best Buy. Les consoles de\" \/>\n<meta property=\"og:url\" content=\"https:\/\/vieassociative.be\/actualites\/lasus-rog-ally-extreme-est-de-200-de-reduction-en-ce-moment\/\" \/>\n<meta property=\"og:site_name\" content=\"Vie Associative\" \/>\n<meta property=\"article:published_time\" content=\"2025-01-28T13:17:52+00:00\" \/>\n<meta property=\"og:image\" content=\"https:\/\/vieassociative.be\/actualites\/wp-content\/uploads\/2025\/01\/LAsus-Rog-Ally-Extreme-est-de-200-de-reduction.webp.webp\" \/>\n<meta name=\"author\" content=\"Julien\" \/>\n<meta name=\"twitter:card\" content=\"summary_large_image\" \/>\n<meta name=\"twitter:label1\" content=\"\u00c9crit par\" \/>\n\t<meta name=\"twitter:data1\" content=\"Julien\" \/>\n\t<meta name=\"twitter:label2\" content=\"Dur\u00e9e de lecture est.\" \/>\n\t<meta name=\"twitter:data2\" content=\"2 minutes\" \/>\n<script type=\"application\/ld+json\" class=\"yoast-schema-graph\">{\"@context\":\"https:\/\/schema.org\",\"@graph\":[{\"@type\":\"Article\",\"@id\":\"https:\/\/vieassociative.be\/actualites\/lasus-rog-ally-extreme-est-de-200-de-reduction-en-ce-moment\/#article\",\"isPartOf\":{\"@id\":\"https:\/\/vieassociative.be\/actualites\/lasus-rog-ally-extreme-est-de-200-de-reduction-en-ce-moment\/\"},\"author\":{\"name\":\"Julien\",\"@id\":\"https:\/\/vieassociative.be\/actualites\/#\/schema\/person\/b87ac4f82f9d4e7b7cec7395b679edc4\"},\"headline\":\"L&rsquo;Asus Rog Ally Extreme est de 200 $ de r\u00e9duction en ce moment\",\"datePublished\":\"2025-01-28T13:17:52+00:00\",\"dateModified\":\"2025-01-28T13:17:52+00:00\",\"mainEntityOfPage\":{\"@id\":\"https:\/\/vieassociative.be\/actualites\/lasus-rog-ally-extreme-est-de-200-de-reduction-en-ce-moment\/\"},\"wordCount\":489,\"publisher\":{\"@id\":\"https:\/\/vieassociative.be\/actualites\/#organization\"},\"image\":{\"@id\":\"https:\/\/vieassociative.be\/actualites\/lasus-rog-ally-extreme-est-de-200-de-reduction-en-ce-moment\/#primaryimage\"},\"thumbnailUrl\":\"https:\/\/vieassociative.be\/actualites\/wp-content\/uploads\/2025\/01\/LAsus-Rog-Ally-Extreme-est-de-200-de-reduction.png\",\"keywords\":[\"Ally\",\"est\",\"Extreme\",\"LASUS\",\"moment\",\"r\u00e9duction\",\"Rog\"],\"articleSection\":[\"Divertissement\"],\"inLanguage\":\"fr-BE\"},{\"@type\":\"WebPage\",\"@id\":\"https:\/\/vieassociative.be\/actualites\/lasus-rog-ally-extreme-est-de-200-de-reduction-en-ce-moment\/\",\"url\":\"https:\/\/vieassociative.be\/actualites\/lasus-rog-ally-extreme-est-de-200-de-reduction-en-ce-moment\/\",\"name\":\"L'Asus Rog Ally Extreme est de 200 $ de r\u00e9duction en ce moment | Vie Associative\",\"isPartOf\":{\"@id\":\"https:\/\/vieassociative.be\/actualites\/#website\"},\"primaryImageOfPage\":{\"@id\":\"https:\/\/vieassociative.be\/actualites\/lasus-rog-ally-extreme-est-de-200-de-reduction-en-ce-moment\/#primaryimage\"},\"image\":{\"@id\":\"https:\/\/vieassociative.be\/actualites\/lasus-rog-ally-extreme-est-de-200-de-reduction-en-ce-moment\/#primaryimage\"},\"thumbnailUrl\":\"https:\/\/vieassociative.be\/actualites\/wp-content\/uploads\/2025\/01\/LAsus-Rog-Ally-Extreme-est-de-200-de-reduction.png\",\"datePublished\":\"2025-01-28T13:17:52+00:00\",\"dateModified\":\"2025-01-28T13:17:52+00:00\",\"breadcrumb\":{\"@id\":\"https:\/\/vieassociative.be\/actualites\/lasus-rog-ally-extreme-est-de-200-de-reduction-en-ce-moment\/#breadcrumb\"},\"inLanguage\":\"fr-BE\",\"potentialAction\":[{\"@type\":\"ReadAction\",\"target\":[\"https:\/\/vieassociative.be\/actualites\/lasus-rog-ally-extreme-est-de-200-de-reduction-en-ce-moment\/\"]}]},{\"@type\":\"ImageObject\",\"inLanguage\":\"fr-BE\",\"@id\":\"https:\/\/vieassociative.be\/actualites\/lasus-rog-ally-extreme-est-de-200-de-reduction-en-ce-moment\/#primaryimage\",\"url\":\"https:\/\/vieassociative.be\/actualites\/wp-content\/uploads\/2025\/01\/LAsus-Rog-Ally-Extreme-est-de-200-de-reduction.png\",\"contentUrl\":\"https:\/\/vieassociative.be\/actualites\/wp-content\/uploads\/2025\/01\/LAsus-Rog-Ally-Extreme-est-de-200-de-reduction.png\",\"width\":1200,\"height\":675,\"caption\":\"L'Asus Rog Ally Extreme est de 200 $ de r\u00e9duction en ce moment\"},{\"@type\":\"BreadcrumbList\",\"@id\":\"https:\/\/vieassociative.be\/actualites\/lasus-rog-ally-extreme-est-de-200-de-reduction-en-ce-moment\/#breadcrumb\",\"itemListElement\":[{\"@type\":\"ListItem\",\"position\":1,\"name\":\"Accueil\",\"item\":\"https:\/\/vieassociative.be\/actualites\/\"},{\"@type\":\"ListItem\",\"position\":2,\"name\":\"L&rsquo;Asus Rog Ally Extreme est de 200 $ de r\u00e9duction en ce moment\"}]},{\"@type\":\"WebSite\",\"@id\":\"https:\/\/vieassociative.be\/actualites\/#website\",\"url\":\"https:\/\/vieassociative.be\/actualites\/\",\"name\":\"Vie Associative\",\"description\":\"\",\"publisher\":{\"@id\":\"https:\/\/vieassociative.be\/actualites\/#organization\"},\"potentialAction\":[{\"@type\":\"SearchAction\",\"target\":{\"@type\":\"EntryPoint\",\"urlTemplate\":\"https:\/\/vieassociative.be\/actualites\/?s={search_term_string}\"},\"query-input\":{\"@type\":\"PropertyValueSpecification\",\"valueRequired\":true,\"valueName\":\"search_term_string\"}}],\"inLanguage\":\"fr-BE\"},{\"@type\":\"Organization\",\"@id\":\"https:\/\/vieassociative.be\/actualites\/#organization\",\"name\":\"Vie Associative\",\"url\":\"https:\/\/vieassociative.be\/actualites\/\",\"logo\":{\"@type\":\"ImageObject\",\"inLanguage\":\"fr-BE\",\"@id\":\"https:\/\/vieassociative.be\/actualites\/#\/schema\/logo\/image\/\",\"url\":\"https:\/\/vieassociative.be\/actualites\/wp-content\/uploads\/2024\/09\/cropped-vieassociative_favicon.ico.png\",\"contentUrl\":\"https:\/\/vieassociative.be\/actualites\/wp-content\/uploads\/2024\/09\/cropped-vieassociative_favicon.ico.png\",\"width\":512,\"height\":512,\"caption\":\"Vie Associative\"},\"image\":{\"@id\":\"https:\/\/vieassociative.be\/actualites\/#\/schema\/logo\/image\/\"}},{\"@type\":\"Person\",\"@id\":\"https:\/\/vieassociative.be\/actualites\/#\/schema\/person\/b87ac4f82f9d4e7b7cec7395b679edc4\",\"name\":\"Julien\",\"image\":{\"@type\":\"ImageObject\",\"inLanguage\":\"fr-BE\",\"@id\":\"https:\/\/vieassociative.be\/actualites\/#\/schema\/person\/image\/\",\"url\":\"https:\/\/vieassociative.be\/actualites\/wp-content\/uploads\/2024\/09\/vie-associative-1-150x150.jpg\",\"contentUrl\":\"https:\/\/vieassociative.be\/actualites\/wp-content\/uploads\/2024\/09\/vie-associative-1-150x150.jpg\",\"caption\":\"Julien\"},\"description\":\"Je suis Julien, r\u00e9dacteur pour Vie Associative. Passionn\u00e9 par le monde associatif depuis plus de 10 ans, j'ai \u00e0 c\u0153ur de partager des histoires inspirantes et de mettre en lumi\u00e8re les initiatives locales. Mon objectif est de sensibiliser et d'encourager l'engagement communautaire \u00e0 travers mes articles.\",\"sameAs\":[\"https:\/\/vieassociative.be\/\"]}]}<\/script>\n<!-- \/ Yoast SEO plugin. -->","yoast_head_json":{"title":"L'Asus Rog Ally Extreme est de 200 $ de r\u00e9duction en ce moment | Vie Associative","robots":{"index":"index","follow":"follow","max-snippet":"max-snippet:-1","max-image-preview":"max-image-preview:large","max-video-preview":"max-video-preview:-1"},"canonical":"https:\/\/vieassociative.be\/actualites\/lasus-rog-ally-extreme-est-de-200-de-reduction-en-ce-moment\/","og_locale":"fr_FR","og_type":"article","og_title":"L'Asus Rog Ally Extreme est de 200 $ de r\u00e9duction en ce moment | Vie Associative","og_description":"La version plus premium de l&rsquo;Asus Rog Ally tombe \u00e0 son prix le plus bas apr\u00e8s une forte r\u00e9duction de Best Buy. Les consoles de","og_url":"https:\/\/vieassociative.be\/actualites\/lasus-rog-ally-extreme-est-de-200-de-reduction-en-ce-moment\/","og_site_name":"Vie Associative","article_published_time":"2025-01-28T13:17:52+00:00","og_image":[{"url":"https:\/\/vieassociative.be\/actualites\/wp-content\/uploads\/2025\/01\/LAsus-Rog-Ally-Extreme-est-de-200-de-reduction.webp.webp","type":"","width":"","height":""}],"author":"Julien","twitter_card":"summary_large_image","twitter_misc":{"\u00c9crit par":"Julien","Dur\u00e9e de lecture est.":"2 minutes"},"schema":{"@context":"https:\/\/schema.org","@graph":[{"@type":"Article","@id":"https:\/\/vieassociative.be\/actualites\/lasus-rog-ally-extreme-est-de-200-de-reduction-en-ce-moment\/#article","isPartOf":{"@id":"https:\/\/vieassociative.be\/actualites\/lasus-rog-ally-extreme-est-de-200-de-reduction-en-ce-moment\/"},"author":{"name":"Julien","@id":"https:\/\/vieassociative.be\/actualites\/#\/schema\/person\/b87ac4f82f9d4e7b7cec7395b679edc4"},"headline":"L&rsquo;Asus Rog Ally Extreme est de 200 $ de r\u00e9duction en ce moment","datePublished":"2025-01-28T13:17:52+00:00","dateModified":"2025-01-28T13:17:52+00:00","mainEntityOfPage":{"@id":"https:\/\/vieassociative.be\/actualites\/lasus-rog-ally-extreme-est-de-200-de-reduction-en-ce-moment\/"},"wordCount":489,"publisher":{"@id":"https:\/\/vieassociative.be\/actualites\/#organization"},"image":{"@id":"https:\/\/vieassociative.be\/actualites\/lasus-rog-ally-extreme-est-de-200-de-reduction-en-ce-moment\/#primaryimage"},"thumbnailUrl":"https:\/\/vieassociative.be\/actualites\/wp-content\/uploads\/2025\/01\/LAsus-Rog-Ally-Extreme-est-de-200-de-reduction.png","keywords":["Ally","est","Extreme","LASUS","moment","r\u00e9duction","Rog"],"articleSection":["Divertissement"],"inLanguage":"fr-BE"},{"@type":"WebPage","@id":"https:\/\/vieassociative.be\/actualites\/lasus-rog-ally-extreme-est-de-200-de-reduction-en-ce-moment\/","url":"https:\/\/vieassociative.be\/actualites\/lasus-rog-ally-extreme-est-de-200-de-reduction-en-ce-moment\/","name":"L'Asus Rog Ally Extreme est de 200 $ de r\u00e9duction en ce moment | Vie Associative","isPartOf":{"@id":"https:\/\/vieassociative.be\/actualites\/#website"},"primaryImageOfPage":{"@id":"https:\/\/vieassociative.be\/actualites\/lasus-rog-ally-extreme-est-de-200-de-reduction-en-ce-moment\/#primaryimage"},"image":{"@id":"https:\/\/vieassociative.be\/actualites\/lasus-rog-ally-extreme-est-de-200-de-reduction-en-ce-moment\/#primaryimage"},"thumbnailUrl":"https:\/\/vieassociative.be\/actualites\/wp-content\/uploads\/2025\/01\/LAsus-Rog-Ally-Extreme-est-de-200-de-reduction.png","datePublished":"2025-01-28T13:17:52+00:00","dateModified":"2025-01-28T13:17:52+00:00","breadcrumb":{"@id":"https:\/\/vieassociative.be\/actualites\/lasus-rog-ally-extreme-est-de-200-de-reduction-en-ce-moment\/#breadcrumb"},"inLanguage":"fr-BE","potentialAction":[{"@type":"ReadAction","target":["https:\/\/vieassociative.be\/actualites\/lasus-rog-ally-extreme-est-de-200-de-reduction-en-ce-moment\/"]}]},{"@type":"ImageObject","inLanguage":"fr-BE","@id":"https:\/\/vieassociative.be\/actualites\/lasus-rog-ally-extreme-est-de-200-de-reduction-en-ce-moment\/#primaryimage","url":"https:\/\/vieassociative.be\/actualites\/wp-content\/uploads\/2025\/01\/LAsus-Rog-Ally-Extreme-est-de-200-de-reduction.png","contentUrl":"https:\/\/vieassociative.be\/actualites\/wp-content\/uploads\/2025\/01\/LAsus-Rog-Ally-Extreme-est-de-200-de-reduction.png","width":1200,"height":675,"caption":"L'Asus Rog Ally Extreme est de 200 $ de r\u00e9duction en ce moment"},{"@type":"BreadcrumbList","@id":"https:\/\/vieassociative.be\/actualites\/lasus-rog-ally-extreme-est-de-200-de-reduction-en-ce-moment\/#breadcrumb","itemListElement":[{"@type":"ListItem","position":1,"name":"Accueil","item":"https:\/\/vieassociative.be\/actualites\/"},{"@type":"ListItem","position":2,"name":"L&rsquo;Asus Rog Ally Extreme est de 200 $ de r\u00e9duction en ce moment"}]},{"@type":"WebSite","@id":"https:\/\/vieassociative.be\/actualites\/#website","url":"https:\/\/vieassociative.be\/actualites\/","name":"Vie Associative","description":"","publisher":{"@id":"https:\/\/vieassociative.be\/actualites\/#organization"},"potentialAction":[{"@type":"SearchAction","target":{"@type":"EntryPoint","urlTemplate":"https:\/\/vieassociative.be\/actualites\/?s={search_term_string}"},"query-input":{"@type":"PropertyValueSpecification","valueRequired":true,"valueName":"search_term_string"}}],"inLanguage":"fr-BE"},{"@type":"Organization","@id":"https:\/\/vieassociative.be\/actualites\/#organization","name":"Vie Associative","url":"https:\/\/vieassociative.be\/actualites\/","logo":{"@type":"ImageObject","inLanguage":"fr-BE","@id":"https:\/\/vieassociative.be\/actualites\/#\/schema\/logo\/image\/","url":"https:\/\/vieassociative.be\/actualites\/wp-content\/uploads\/2024\/09\/cropped-vieassociative_favicon.ico.png","contentUrl":"https:\/\/vieassociative.be\/actualites\/wp-content\/uploads\/2024\/09\/cropped-vieassociative_favicon.ico.png","width":512,"height":512,"caption":"Vie Associative"},"image":{"@id":"https:\/\/vieassociative.be\/actualites\/#\/schema\/logo\/image\/"}},{"@type":"Person","@id":"https:\/\/vieassociative.be\/actualites\/#\/schema\/person\/b87ac4f82f9d4e7b7cec7395b679edc4","name":"Julien","image":{"@type":"ImageObject","inLanguage":"fr-BE","@id":"https:\/\/vieassociative.be\/actualites\/#\/schema\/person\/image\/","url":"https:\/\/vieassociative.be\/actualites\/wp-content\/uploads\/2024\/09\/vie-associative-1-150x150.jpg","contentUrl":"https:\/\/vieassociative.be\/actualites\/wp-content\/uploads\/2024\/09\/vie-associative-1-150x150.jpg","caption":"Julien"},"description":"Je suis Julien, r\u00e9dacteur pour Vie Associative. Passionn\u00e9 par le monde associatif depuis plus de 10 ans, j'ai \u00e0 c\u0153ur de partager des histoires inspirantes et de mettre en lumi\u00e8re les initiatives locales. Mon objectif est de sensibiliser et d'encourager l'engagement communautaire \u00e0 travers mes articles.","sameAs":["https:\/\/vieassociative.be\/"]}]}},"_links":{"self":[{"href":"https:\/\/vieassociative.be\/actualites\/wp-json\/wp\/v2\/posts\/4658"}],"collection":[{"href":"https:\/\/vieassociative.be\/actualites\/wp-json\/wp\/v2\/posts"}],"about":[{"href":"https:\/\/vieassociative.be\/actualites\/wp-json\/wp\/v2\/types\/post"}],"author":[{"embeddable":true,"href":"https:\/\/vieassociative.be\/actualites\/wp-json\/wp\/v2\/users\/1"}],"replies":[{"embeddable":true,"href":"https:\/\/vieassociative.be\/actualites\/wp-json\/wp\/v2\/comments?post=4658"}],"version-history":[{"count":0,"href":"https:\/\/vieassociative.be\/actualites\/wp-json\/wp\/v2\/posts\/4658\/revisions"}],"wp:featuredmedia":[{"embeddable":true,"href":"https:\/\/vieassociative.be\/actualites\/wp-json\/wp\/v2\/media\/4659"}],"wp:attachment":[{"href":"https:\/\/vieassociative.be\/actualites\/wp-json\/wp\/v2\/media?parent=4658"}],"wp:term":[{"taxonomy":"category","embeddable":true,"href":"https:\/\/vieassociative.be\/actualites\/wp-json\/wp\/v2\/categories?post=4658"},{"taxonomy":"post_tag","embeddable":true,"href":"https:\/\/vieassociative.be\/actualites\/wp-json\/wp\/v2\/tags?post=4658"}],"curies":[{"name":"wp","href":"https:\/\/api.w.org\/{rel}","templated":true}]}}