{"id":4593,"date":"2025-01-26T02:17:35","date_gmt":"2025-01-26T01:17:35","guid":{"rendered":"https:\/\/vieassociative.be\/actualites\/quatre-nouvelles-fonctionnalites-experimentales-de-premium-youtube-qui-ont-ete-lancees-cette-semaine\/"},"modified":"2025-01-26T02:17:35","modified_gmt":"2025-01-26T01:17:35","slug":"quatre-nouvelles-fonctionnalites-experimentales-de-premium-youtube-qui-ont-ete-lancees-cette-semaine","status":"publish","type":"post","link":"https:\/\/vieassociative.be\/actualites\/quatre-nouvelles-fonctionnalites-experimentales-de-premium-youtube-qui-ont-ete-lancees-cette-semaine\/","title":{"rendered":"Quatre nouvelles fonctionnalit\u00e9s exp\u00e9rimentales de Premium YouTube qui ont \u00e9t\u00e9 lanc\u00e9es cette semaine"},"content":{"rendered":"<div class=\"mt-4 leading-6 md:mb-8\">Plus un abonnement \u00e0 la prime YouTube \u00e0 prix r\u00e9duit.<\/div>\n<p><\/p>\n<p>YouTube Premium \u00e9tend sa liste de fonctionnalit\u00e9s payantes, du moins, pour ceux qui sont pr\u00eats \u00e0 exp\u00e9rimenter. <\/p>\n<p>Dans un article de blog cette semaine, la soci\u00e9t\u00e9 a annonc\u00e9 une poign\u00e9e de nouvelles fonctionnalit\u00e9s exp\u00e9rimentales disponibles pour les abonn\u00e9s premium. Ces fonctionnalit\u00e9s, bien qu&rsquo;elles ne soient pas activ\u00e9es par d\u00e9faut, peuvent \u00eatre activ\u00e9es \u00e0 partir de youtube.com\/new, et peuvent \u00eatre utilis\u00e9es jusqu&rsquo;\u00e0 ce qu&rsquo;elles expirent. De plus, YouTube a \u00e9galement annonc\u00e9 un aper\u00e7u d&rsquo;une fonctionnalit\u00e9 en cours, ainsi qu&rsquo;une remise premium pour les abonnements Google One.  <\/p>\n<h2 id=\"higher-quality-music\">Musique de meilleure qualit\u00e9<\/h2>\n<p>YouTube Premium ajoute un nouveau d\u00e9bit audio de haute qualit\u00e9 pour les clips musicaux. Maintenant, les chansons peuvent atteindre 256 kbps, correspondant \u00e0 la plus haute qualit\u00e9 audio trouv\u00e9e sur la musique YouTube. Cette fonctionnalit\u00e9 n&rsquo;est disponible que sur iOS et Android en ce moment, du 22 f\u00e9vrier.<\/p>\n<h2 id=\"jump-ahead-on-the-web\">Sauter en avant (sur le web)<\/h2>\n<p>Jump Award est une fonctionnalit\u00e9 YouTube aliment\u00e9e par AI qui analyse le comportement de la montre sur une vid\u00e9o donn\u00e9e pour d\u00e9terminer sa \u00ab\u00a0meilleure\u00a0\u00bb partie, offrant de \u00ab\u00a0sauter\u00a0\u00bb dans cette section. YouTube a initialement d\u00e9ploy\u00e9 la fonctionnalit\u00e9 comme test il y a pr\u00e8s d&rsquo;un an, et en a depuis fait une option Premium YouTube sur mobile. Maintenant, vous pouvez y acc\u00e9der sur le Web en tant que fonctionnalit\u00e9 exp\u00e9rimentale, \u00e0 partir de maintenant jusqu&rsquo;au 5 f\u00e9vrier.<\/p>\n<h2 id=\"picture-in-picture-for-shorts\">Image en image pour shorts<\/h2>\n<p>L&rsquo;image dans la situation (ou PIP) est un moyen utile de regarder une vid\u00e9o tout en multit\u00e2che sur votre appareil. Si la vid\u00e9o en question est un court-circuit sur YouTube, cependant, Pip ne fonctionnera pas, probablement parce que, eh bien, les vid\u00e9os sont assez courtes. <\/p>\n<p>Si vous avez un abonnement premium, cependant, vous pouvez activer une fonctionnalit\u00e9 exp\u00e9rimentale qui vous permet de regarder des shorts dans PIP. Je suppose que c&rsquo;est une bonne nouvelle pour les t\u00e9l\u00e9spectateurs extr\u00eamement occup\u00e9s qui veulent regarder une vid\u00e9o de 60 secondes ou moins, mais qui doivent se retourner au travail imm\u00e9diatement. Curieusement, cette fonctionnalit\u00e9 n&rsquo;est disponible que sur iOS, et seulement jusqu&rsquo;au 19 f\u00e9vrier.  <\/p>\n<h2 id=\"automatic-shorts-downloads\">T\u00e9l\u00e9chargements automatiques de shorts<\/h2>\n<p>En parlant de shorts, une nouvelle fonctionnalit\u00e9 exp\u00e9rimentale premium t\u00e9l\u00e9chargera automatiquement des courts m\u00e9trages pour la visualisation hors ligne. Cette fonctionnalit\u00e9 est \u00e9galement une exclusivit\u00e9 iOS: lorsque vous vous inscrivez \u00e0 la fonctionnalit\u00e9 exp\u00e9rimentale, vous pouvez vous diriger vers la section T\u00e9l\u00e9chargements de YouTube et faire d\u00e9filer les \u00ab\u00a0t\u00e9l\u00e9chargements intelligents\u00a0\u00bb, o\u00f9 vous trouverez des courts m\u00e9trages r\u00e9cemment t\u00e9l\u00e9charg\u00e9s. Cette fonctionnalit\u00e9 est disponible jusqu&rsquo;au 19 f\u00e9vrier. <\/p>\n<h2 id=\"youtube-premium-discount-through-google-one\">Remise premium YouTube via Google One<\/h2>\n<p>Google d\u00e9ploie \u00e9galement une nouvelle remise pour YouTube Premium lorsqu&rsquo;il est achet\u00e9 avec un abonnement Google One Premium (ou plus). Google One Premium commence \u00e0 9,99 $ par mois, et bien que la prime YouTube co\u00fbte g\u00e9n\u00e9ralement 13,99 $ par mois, vous pouvez baisser ce co\u00fbt \u00e0 11,99 par mois. Ce n&rsquo;est pas un <em>\u00e9norme<\/em> \u00c9conomies, mais je pense que ce sera une offre int\u00e9ressante \u00e0 tous ceux qui s&rsquo;abonnent d\u00e9j\u00e0 aux deux ou qui ont l&rsquo;un des deux abonnements et qui est sur la cl\u00f4ture de l&rsquo;abonnement \u00e0 l&rsquo;autre. <\/p>\n<p>Si vous pensez: \u00ab\u00a0Attendez: je paie 19 $ par mois pour YouTube Premium. Qu&rsquo;est-ce que c&rsquo;est environ 14 $ par mois?\u00a0\u00bb Cela signifie que vous avez probablement abonn\u00e9 dans l&rsquo;application plut\u00f4t que sur le site Web (au moins sur iOS). Les entreprises augmentent fr\u00e9quemment les co\u00fbts des abonnements dans les applications par rapport au Web, car elles doivent payer une taxe de 30% \u00e0 Apple ou Google. Si vous avez abonn\u00e9 via l&rsquo;application Android, vous n&rsquo;aviez probablement pas cette randonn\u00e9e premium.<\/p>\n<div class=\"mx-auto mt-8 w-full max-w-4xl\">\n<div id=\"video-container-qjol6J3GZzk\"><\/div>\n<\/div>\n<h2 id=\"faster-playback-speeds-on-ios-and-android-coming-soon\">Vitesses de lecture plus rapides sur iOS et Android (\u00e0 venir bient\u00f4t)<\/h2>\n<p>Cette fonctionnalit\u00e9 n&rsquo;est pas encore sortie, mais dans son article de blog, YouTube a annonc\u00e9 une fonctionnalit\u00e9 dans les travaux qui \u00e9tendra les options de vitesse de lecture sur mobile. Les utilisateurs iOS et Android pourront diffuser jusqu&rsquo;\u00e0 4x vitesse. Quant \u00e0 savoir qui voudrait regarder ou \u00e9couter du contenu \u00e0 cette vitesse, je ne peux pas le dire.   <\/p>\n","protected":false},"excerpt":{"rendered":"<p>Plus un abonnement \u00e0 la prime YouTube \u00e0 prix r\u00e9duit. YouTube Premium \u00e9tend sa liste de fonctionnalit\u00e9s payantes, du moins, pour ceux qui sont pr\u00eats<\/p>\n","protected":false},"author":1,"featured_media":4575,"comment_status":"","ping_status":"","sticky":false,"template":"","format":"standard","meta":{"footnotes":""},"categories":[13],"tags":[206,217,4942,1216,2100,1215,1374,332,1435,99,1348,35],"class_list":["post-4593","post","type-post","status-publish","format-standard","has-post-thumbnail","hentry","category-technologie","tag-cette","tag-ete","tag-experimentales","tag-fonctionnalites","tag-lancees","tag-nouvelles","tag-ont","tag-premium","tag-quatre","tag-qui","tag-semaine","tag-youtube","generate-columns","tablet-grid-50","mobile-grid-100","grid-parent","grid-33"],"yoast_head":"<!-- This site is optimized with the Yoast SEO plugin v24.0 - https:\/\/yoast.com\/wordpress\/plugins\/seo\/ -->\n<title>Quatre nouvelles fonctionnalit\u00e9s exp\u00e9rimentales de Premium YouTube qui ont \u00e9t\u00e9 lanc\u00e9es cette semaine | Vie Associative<\/title>\n<meta name=\"robots\" content=\"index, follow, max-snippet:-1, max-image-preview:large, max-video-preview:-1\" \/>\n<link rel=\"canonical\" href=\"https:\/\/vieassociative.be\/actualites\/quatre-nouvelles-fonctionnalites-experimentales-de-premium-youtube-qui-ont-ete-lancees-cette-semaine\/\" \/>\n<meta property=\"og:locale\" content=\"fr_FR\" \/>\n<meta property=\"og:type\" content=\"article\" \/>\n<meta property=\"og:title\" content=\"Quatre nouvelles fonctionnalit\u00e9s exp\u00e9rimentales de Premium YouTube qui ont \u00e9t\u00e9 lanc\u00e9es cette semaine | Vie Associative\" \/>\n<meta property=\"og:description\" content=\"Plus un abonnement \u00e0 la prime YouTube \u00e0 prix r\u00e9duit. YouTube Premium \u00e9tend sa liste de fonctionnalit\u00e9s payantes, du moins, pour ceux qui sont pr\u00eats\" \/>\n<meta property=\"og:url\" content=\"https:\/\/vieassociative.be\/actualites\/quatre-nouvelles-fonctionnalites-experimentales-de-premium-youtube-qui-ont-ete-lancees-cette-semaine\/\" \/>\n<meta property=\"og:site_name\" content=\"Vie Associative\" \/>\n<meta property=\"article:published_time\" content=\"2025-01-26T01:17:35+00:00\" \/>\n<meta property=\"og:image\" content=\"https:\/\/vieassociative.be\/actualites\/wp-content\/uploads\/2024\/09\/header_backgroundk-01-e1726694325946.png\" \/>\n\t<meta property=\"og:image:width\" content=\"279\" \/>\n\t<meta property=\"og:image:height\" content=\"92\" \/>\n\t<meta property=\"og:image:type\" content=\"image\/png\" \/>\n<meta name=\"author\" content=\"Julien\" \/>\n<meta name=\"twitter:card\" content=\"summary_large_image\" \/>\n<meta name=\"twitter:label1\" content=\"\u00c9crit par\" \/>\n\t<meta name=\"twitter:data1\" content=\"Julien\" \/>\n\t<meta name=\"twitter:label2\" content=\"Dur\u00e9e de lecture est.\" \/>\n\t<meta name=\"twitter:data2\" content=\"4 minutes\" \/>\n<script type=\"application\/ld+json\" class=\"yoast-schema-graph\">{\"@context\":\"https:\/\/schema.org\",\"@graph\":[{\"@type\":\"Article\",\"@id\":\"https:\/\/vieassociative.be\/actualites\/quatre-nouvelles-fonctionnalites-experimentales-de-premium-youtube-qui-ont-ete-lancees-cette-semaine\/#article\",\"isPartOf\":{\"@id\":\"https:\/\/vieassociative.be\/actualites\/quatre-nouvelles-fonctionnalites-experimentales-de-premium-youtube-qui-ont-ete-lancees-cette-semaine\/\"},\"author\":{\"name\":\"Julien\",\"@id\":\"https:\/\/vieassociative.be\/actualites\/#\/schema\/person\/b87ac4f82f9d4e7b7cec7395b679edc4\"},\"headline\":\"Quatre nouvelles fonctionnalit\u00e9s exp\u00e9rimentales de Premium YouTube qui ont \u00e9t\u00e9 lanc\u00e9es cette semaine\",\"datePublished\":\"2025-01-26T01:17:35+00:00\",\"dateModified\":\"2025-01-26T01:17:35+00:00\",\"mainEntityOfPage\":{\"@id\":\"https:\/\/vieassociative.be\/actualites\/quatre-nouvelles-fonctionnalites-experimentales-de-premium-youtube-qui-ont-ete-lancees-cette-semaine\/\"},\"wordCount\":742,\"publisher\":{\"@id\":\"https:\/\/vieassociative.be\/actualites\/#organization\"},\"image\":{\"@id\":\"https:\/\/vieassociative.be\/actualites\/quatre-nouvelles-fonctionnalites-experimentales-de-premium-youtube-qui-ont-ete-lancees-cette-semaine\/#primaryimage\"},\"thumbnailUrl\":\"https:\/\/vieassociative.be\/actualites\/wp-content\/uploads\/2025\/01\/Quatre-nouvelles-fonctionnalites-experimentales-YouTube-Premium-lancees-cette-semaine.png\",\"keywords\":[\"cette\",\"\u00e9t\u00e9\",\"exp\u00e9rimentales\",\"fonctionnalit\u00e9s\",\"lanc\u00e9es\",\"nouvelles\",\"ont\",\"Premium\",\"Quatre\",\"qui\",\"semaine\",\"YouTube\"],\"articleSection\":[\"Technologie\"],\"inLanguage\":\"fr-BE\"},{\"@type\":\"WebPage\",\"@id\":\"https:\/\/vieassociative.be\/actualites\/quatre-nouvelles-fonctionnalites-experimentales-de-premium-youtube-qui-ont-ete-lancees-cette-semaine\/\",\"url\":\"https:\/\/vieassociative.be\/actualites\/quatre-nouvelles-fonctionnalites-experimentales-de-premium-youtube-qui-ont-ete-lancees-cette-semaine\/\",\"name\":\"Quatre nouvelles fonctionnalit\u00e9s exp\u00e9rimentales de Premium YouTube qui ont \u00e9t\u00e9 lanc\u00e9es cette semaine | Vie Associative\",\"isPartOf\":{\"@id\":\"https:\/\/vieassociative.be\/actualites\/#website\"},\"primaryImageOfPage\":{\"@id\":\"https:\/\/vieassociative.be\/actualites\/quatre-nouvelles-fonctionnalites-experimentales-de-premium-youtube-qui-ont-ete-lancees-cette-semaine\/#primaryimage\"},\"image\":{\"@id\":\"https:\/\/vieassociative.be\/actualites\/quatre-nouvelles-fonctionnalites-experimentales-de-premium-youtube-qui-ont-ete-lancees-cette-semaine\/#primaryimage\"},\"thumbnailUrl\":\"https:\/\/vieassociative.be\/actualites\/wp-content\/uploads\/2025\/01\/Quatre-nouvelles-fonctionnalites-experimentales-YouTube-Premium-lancees-cette-semaine.png\",\"datePublished\":\"2025-01-26T01:17:35+00:00\",\"dateModified\":\"2025-01-26T01:17:35+00:00\",\"breadcrumb\":{\"@id\":\"https:\/\/vieassociative.be\/actualites\/quatre-nouvelles-fonctionnalites-experimentales-de-premium-youtube-qui-ont-ete-lancees-cette-semaine\/#breadcrumb\"},\"inLanguage\":\"fr-BE\",\"potentialAction\":[{\"@type\":\"ReadAction\",\"target\":[\"https:\/\/vieassociative.be\/actualites\/quatre-nouvelles-fonctionnalites-experimentales-de-premium-youtube-qui-ont-ete-lancees-cette-semaine\/\"]}]},{\"@type\":\"ImageObject\",\"inLanguage\":\"fr-BE\",\"@id\":\"https:\/\/vieassociative.be\/actualites\/quatre-nouvelles-fonctionnalites-experimentales-de-premium-youtube-qui-ont-ete-lancees-cette-semaine\/#primaryimage\",\"url\":\"https:\/\/vieassociative.be\/actualites\/wp-content\/uploads\/2025\/01\/Quatre-nouvelles-fonctionnalites-experimentales-YouTube-Premium-lancees-cette-semaine.png\",\"contentUrl\":\"https:\/\/vieassociative.be\/actualites\/wp-content\/uploads\/2025\/01\/Quatre-nouvelles-fonctionnalites-experimentales-YouTube-Premium-lancees-cette-semaine.png\",\"width\":1200,\"height\":675,\"caption\":\"Quatre nouvelles fonctionnalit\u00e9s exp\u00e9rimentales YouTube Premium lanc\u00e9es cette semaine\"},{\"@type\":\"BreadcrumbList\",\"@id\":\"https:\/\/vieassociative.be\/actualites\/quatre-nouvelles-fonctionnalites-experimentales-de-premium-youtube-qui-ont-ete-lancees-cette-semaine\/#breadcrumb\",\"itemListElement\":[{\"@type\":\"ListItem\",\"position\":1,\"name\":\"Accueil\",\"item\":\"https:\/\/vieassociative.be\/actualites\/\"},{\"@type\":\"ListItem\",\"position\":2,\"name\":\"Quatre nouvelles fonctionnalit\u00e9s exp\u00e9rimentales de Premium YouTube qui ont \u00e9t\u00e9 lanc\u00e9es cette semaine\"}]},{\"@type\":\"WebSite\",\"@id\":\"https:\/\/vieassociative.be\/actualites\/#website\",\"url\":\"https:\/\/vieassociative.be\/actualites\/\",\"name\":\"Vie Associative\",\"description\":\"\",\"publisher\":{\"@id\":\"https:\/\/vieassociative.be\/actualites\/#organization\"},\"potentialAction\":[{\"@type\":\"SearchAction\",\"target\":{\"@type\":\"EntryPoint\",\"urlTemplate\":\"https:\/\/vieassociative.be\/actualites\/?s={search_term_string}\"},\"query-input\":{\"@type\":\"PropertyValueSpecification\",\"valueRequired\":true,\"valueName\":\"search_term_string\"}}],\"inLanguage\":\"fr-BE\"},{\"@type\":\"Organization\",\"@id\":\"https:\/\/vieassociative.be\/actualites\/#organization\",\"name\":\"Vie Associative\",\"url\":\"https:\/\/vieassociative.be\/actualites\/\",\"logo\":{\"@type\":\"ImageObject\",\"inLanguage\":\"fr-BE\",\"@id\":\"https:\/\/vieassociative.be\/actualites\/#\/schema\/logo\/image\/\",\"url\":\"https:\/\/vieassociative.be\/actualites\/wp-content\/uploads\/2024\/09\/cropped-vieassociative_favicon.ico.png\",\"contentUrl\":\"https:\/\/vieassociative.be\/actualites\/wp-content\/uploads\/2024\/09\/cropped-vieassociative_favicon.ico.png\",\"width\":512,\"height\":512,\"caption\":\"Vie Associative\"},\"image\":{\"@id\":\"https:\/\/vieassociative.be\/actualites\/#\/schema\/logo\/image\/\"}},{\"@type\":\"Person\",\"@id\":\"https:\/\/vieassociative.be\/actualites\/#\/schema\/person\/b87ac4f82f9d4e7b7cec7395b679edc4\",\"name\":\"Julien\",\"image\":{\"@type\":\"ImageObject\",\"inLanguage\":\"fr-BE\",\"@id\":\"https:\/\/vieassociative.be\/actualites\/#\/schema\/person\/image\/\",\"url\":\"https:\/\/vieassociative.be\/actualites\/wp-content\/uploads\/2024\/09\/vie-associative-1-150x150.jpg\",\"contentUrl\":\"https:\/\/vieassociative.be\/actualites\/wp-content\/uploads\/2024\/09\/vie-associative-1-150x150.jpg\",\"caption\":\"Julien\"},\"description\":\"Je suis Julien, r\u00e9dacteur pour Vie Associative. Passionn\u00e9 par le monde associatif depuis plus de 10 ans, j'ai \u00e0 c\u0153ur de partager des histoires inspirantes et de mettre en lumi\u00e8re les initiatives locales. Mon objectif est de sensibiliser et d'encourager l'engagement communautaire \u00e0 travers mes articles.\",\"sameAs\":[\"https:\/\/vieassociative.be\/\"]}]}<\/script>\n<!-- \/ Yoast SEO plugin. -->","yoast_head_json":{"title":"Quatre nouvelles fonctionnalit\u00e9s exp\u00e9rimentales de Premium YouTube qui ont \u00e9t\u00e9 lanc\u00e9es cette semaine | Vie Associative","robots":{"index":"index","follow":"follow","max-snippet":"max-snippet:-1","max-image-preview":"max-image-preview:large","max-video-preview":"max-video-preview:-1"},"canonical":"https:\/\/vieassociative.be\/actualites\/quatre-nouvelles-fonctionnalites-experimentales-de-premium-youtube-qui-ont-ete-lancees-cette-semaine\/","og_locale":"fr_FR","og_type":"article","og_title":"Quatre nouvelles fonctionnalit\u00e9s exp\u00e9rimentales de Premium YouTube qui ont \u00e9t\u00e9 lanc\u00e9es cette semaine | Vie Associative","og_description":"Plus un abonnement \u00e0 la prime YouTube \u00e0 prix r\u00e9duit. YouTube Premium \u00e9tend sa liste de fonctionnalit\u00e9s payantes, du moins, pour ceux qui sont pr\u00eats","og_url":"https:\/\/vieassociative.be\/actualites\/quatre-nouvelles-fonctionnalites-experimentales-de-premium-youtube-qui-ont-ete-lancees-cette-semaine\/","og_site_name":"Vie Associative","article_published_time":"2025-01-26T01:17:35+00:00","og_image":[{"width":279,"height":92,"url":"https:\/\/vieassociative.be\/actualites\/wp-content\/uploads\/2024\/09\/header_backgroundk-01-e1726694325946.png","type":"image\/png"}],"author":"Julien","twitter_card":"summary_large_image","twitter_misc":{"\u00c9crit par":"Julien","Dur\u00e9e de lecture est.":"4 minutes"},"schema":{"@context":"https:\/\/schema.org","@graph":[{"@type":"Article","@id":"https:\/\/vieassociative.be\/actualites\/quatre-nouvelles-fonctionnalites-experimentales-de-premium-youtube-qui-ont-ete-lancees-cette-semaine\/#article","isPartOf":{"@id":"https:\/\/vieassociative.be\/actualites\/quatre-nouvelles-fonctionnalites-experimentales-de-premium-youtube-qui-ont-ete-lancees-cette-semaine\/"},"author":{"name":"Julien","@id":"https:\/\/vieassociative.be\/actualites\/#\/schema\/person\/b87ac4f82f9d4e7b7cec7395b679edc4"},"headline":"Quatre nouvelles fonctionnalit\u00e9s exp\u00e9rimentales de Premium YouTube qui ont \u00e9t\u00e9 lanc\u00e9es cette semaine","datePublished":"2025-01-26T01:17:35+00:00","dateModified":"2025-01-26T01:17:35+00:00","mainEntityOfPage":{"@id":"https:\/\/vieassociative.be\/actualites\/quatre-nouvelles-fonctionnalites-experimentales-de-premium-youtube-qui-ont-ete-lancees-cette-semaine\/"},"wordCount":742,"publisher":{"@id":"https:\/\/vieassociative.be\/actualites\/#organization"},"image":{"@id":"https:\/\/vieassociative.be\/actualites\/quatre-nouvelles-fonctionnalites-experimentales-de-premium-youtube-qui-ont-ete-lancees-cette-semaine\/#primaryimage"},"thumbnailUrl":"https:\/\/vieassociative.be\/actualites\/wp-content\/uploads\/2025\/01\/Quatre-nouvelles-fonctionnalites-experimentales-YouTube-Premium-lancees-cette-semaine.png","keywords":["cette","\u00e9t\u00e9","exp\u00e9rimentales","fonctionnalit\u00e9s","lanc\u00e9es","nouvelles","ont","Premium","Quatre","qui","semaine","YouTube"],"articleSection":["Technologie"],"inLanguage":"fr-BE"},{"@type":"WebPage","@id":"https:\/\/vieassociative.be\/actualites\/quatre-nouvelles-fonctionnalites-experimentales-de-premium-youtube-qui-ont-ete-lancees-cette-semaine\/","url":"https:\/\/vieassociative.be\/actualites\/quatre-nouvelles-fonctionnalites-experimentales-de-premium-youtube-qui-ont-ete-lancees-cette-semaine\/","name":"Quatre nouvelles fonctionnalit\u00e9s exp\u00e9rimentales de Premium YouTube qui ont \u00e9t\u00e9 lanc\u00e9es cette semaine | Vie Associative","isPartOf":{"@id":"https:\/\/vieassociative.be\/actualites\/#website"},"primaryImageOfPage":{"@id":"https:\/\/vieassociative.be\/actualites\/quatre-nouvelles-fonctionnalites-experimentales-de-premium-youtube-qui-ont-ete-lancees-cette-semaine\/#primaryimage"},"image":{"@id":"https:\/\/vieassociative.be\/actualites\/quatre-nouvelles-fonctionnalites-experimentales-de-premium-youtube-qui-ont-ete-lancees-cette-semaine\/#primaryimage"},"thumbnailUrl":"https:\/\/vieassociative.be\/actualites\/wp-content\/uploads\/2025\/01\/Quatre-nouvelles-fonctionnalites-experimentales-YouTube-Premium-lancees-cette-semaine.png","datePublished":"2025-01-26T01:17:35+00:00","dateModified":"2025-01-26T01:17:35+00:00","breadcrumb":{"@id":"https:\/\/vieassociative.be\/actualites\/quatre-nouvelles-fonctionnalites-experimentales-de-premium-youtube-qui-ont-ete-lancees-cette-semaine\/#breadcrumb"},"inLanguage":"fr-BE","potentialAction":[{"@type":"ReadAction","target":["https:\/\/vieassociative.be\/actualites\/quatre-nouvelles-fonctionnalites-experimentales-de-premium-youtube-qui-ont-ete-lancees-cette-semaine\/"]}]},{"@type":"ImageObject","inLanguage":"fr-BE","@id":"https:\/\/vieassociative.be\/actualites\/quatre-nouvelles-fonctionnalites-experimentales-de-premium-youtube-qui-ont-ete-lancees-cette-semaine\/#primaryimage","url":"https:\/\/vieassociative.be\/actualites\/wp-content\/uploads\/2025\/01\/Quatre-nouvelles-fonctionnalites-experimentales-YouTube-Premium-lancees-cette-semaine.png","contentUrl":"https:\/\/vieassociative.be\/actualites\/wp-content\/uploads\/2025\/01\/Quatre-nouvelles-fonctionnalites-experimentales-YouTube-Premium-lancees-cette-semaine.png","width":1200,"height":675,"caption":"Quatre nouvelles fonctionnalit\u00e9s exp\u00e9rimentales YouTube Premium lanc\u00e9es cette semaine"},{"@type":"BreadcrumbList","@id":"https:\/\/vieassociative.be\/actualites\/quatre-nouvelles-fonctionnalites-experimentales-de-premium-youtube-qui-ont-ete-lancees-cette-semaine\/#breadcrumb","itemListElement":[{"@type":"ListItem","position":1,"name":"Accueil","item":"https:\/\/vieassociative.be\/actualites\/"},{"@type":"ListItem","position":2,"name":"Quatre nouvelles fonctionnalit\u00e9s exp\u00e9rimentales de Premium YouTube qui ont \u00e9t\u00e9 lanc\u00e9es cette semaine"}]},{"@type":"WebSite","@id":"https:\/\/vieassociative.be\/actualites\/#website","url":"https:\/\/vieassociative.be\/actualites\/","name":"Vie Associative","description":"","publisher":{"@id":"https:\/\/vieassociative.be\/actualites\/#organization"},"potentialAction":[{"@type":"SearchAction","target":{"@type":"EntryPoint","urlTemplate":"https:\/\/vieassociative.be\/actualites\/?s={search_term_string}"},"query-input":{"@type":"PropertyValueSpecification","valueRequired":true,"valueName":"search_term_string"}}],"inLanguage":"fr-BE"},{"@type":"Organization","@id":"https:\/\/vieassociative.be\/actualites\/#organization","name":"Vie Associative","url":"https:\/\/vieassociative.be\/actualites\/","logo":{"@type":"ImageObject","inLanguage":"fr-BE","@id":"https:\/\/vieassociative.be\/actualites\/#\/schema\/logo\/image\/","url":"https:\/\/vieassociative.be\/actualites\/wp-content\/uploads\/2024\/09\/cropped-vieassociative_favicon.ico.png","contentUrl":"https:\/\/vieassociative.be\/actualites\/wp-content\/uploads\/2024\/09\/cropped-vieassociative_favicon.ico.png","width":512,"height":512,"caption":"Vie Associative"},"image":{"@id":"https:\/\/vieassociative.be\/actualites\/#\/schema\/logo\/image\/"}},{"@type":"Person","@id":"https:\/\/vieassociative.be\/actualites\/#\/schema\/person\/b87ac4f82f9d4e7b7cec7395b679edc4","name":"Julien","image":{"@type":"ImageObject","inLanguage":"fr-BE","@id":"https:\/\/vieassociative.be\/actualites\/#\/schema\/person\/image\/","url":"https:\/\/vieassociative.be\/actualites\/wp-content\/uploads\/2024\/09\/vie-associative-1-150x150.jpg","contentUrl":"https:\/\/vieassociative.be\/actualites\/wp-content\/uploads\/2024\/09\/vie-associative-1-150x150.jpg","caption":"Julien"},"description":"Je suis Julien, r\u00e9dacteur pour Vie Associative. Passionn\u00e9 par le monde associatif depuis plus de 10 ans, j'ai \u00e0 c\u0153ur de partager des histoires inspirantes et de mettre en lumi\u00e8re les initiatives locales. Mon objectif est de sensibiliser et d'encourager l'engagement communautaire \u00e0 travers mes articles.","sameAs":["https:\/\/vieassociative.be\/"]}]}},"_links":{"self":[{"href":"https:\/\/vieassociative.be\/actualites\/wp-json\/wp\/v2\/posts\/4593"}],"collection":[{"href":"https:\/\/vieassociative.be\/actualites\/wp-json\/wp\/v2\/posts"}],"about":[{"href":"https:\/\/vieassociative.be\/actualites\/wp-json\/wp\/v2\/types\/post"}],"author":[{"embeddable":true,"href":"https:\/\/vieassociative.be\/actualites\/wp-json\/wp\/v2\/users\/1"}],"replies":[{"embeddable":true,"href":"https:\/\/vieassociative.be\/actualites\/wp-json\/wp\/v2\/comments?post=4593"}],"version-history":[{"count":0,"href":"https:\/\/vieassociative.be\/actualites\/wp-json\/wp\/v2\/posts\/4593\/revisions"}],"wp:featuredmedia":[{"embeddable":true,"href":"https:\/\/vieassociative.be\/actualites\/wp-json\/wp\/v2\/media\/4575"}],"wp:attachment":[{"href":"https:\/\/vieassociative.be\/actualites\/wp-json\/wp\/v2\/media?parent=4593"}],"wp:term":[{"taxonomy":"category","embeddable":true,"href":"https:\/\/vieassociative.be\/actualites\/wp-json\/wp\/v2\/categories?post=4593"},{"taxonomy":"post_tag","embeddable":true,"href":"https:\/\/vieassociative.be\/actualites\/wp-json\/wp\/v2\/tags?post=4593"}],"curies":[{"name":"wp","href":"https:\/\/api.w.org\/{rel}","templated":true}]}}