{"id":4588,"date":"2025-01-25T21:17:32","date_gmt":"2025-01-25T20:17:32","guid":{"rendered":"https:\/\/vieassociative.be\/actualites\/le-fc-bayern-utilise-patzer-de-bayer-04-leverkusen-borussia-dortmund-dans-la-crise\/"},"modified":"2025-01-25T21:17:32","modified_gmt":"2025-01-25T20:17:32","slug":"le-fc-bayern-utilise-patzer-de-bayer-04-leverkusen-borussia-dortmund-dans-la-crise","status":"publish","type":"post","link":"https:\/\/vieassociative.be\/actualites\/le-fc-bayern-utilise-patzer-de-bayer-04-leverkusen-borussia-dortmund-dans-la-crise\/","title":{"rendered":"Le FC Bayern utilise Patzer de Bayer 04 Leverkusen &#8211; Borussia Dortmund dans la crise"},"content":{"rendered":"<p><strong>Le FC Bayern a augment\u00e9 l&rsquo;avance sur Master Leverkusen \u00e0 six points. Le Borussia Dortmund ne peut pas non plus gagner sous l&rsquo;entra\u00eeneur int\u00e9rimaire Tullberg.<\/strong><\/p>\n<p><span id=\"more-406848\"><\/span>Le coureur de croyance FC Bayern est parti un peu plus loin de Meister Bayer Leverkusen dans la course en titre de la Bundesliga. L&rsquo;\u00e9quipe de Munich est revenue avec un 2-1 (1-0) \u00e0 SC Freiburg pour la faillite de la Ligue des champions \u00e0 Rotterdam.<\/p>\n<p>Le champion record est maintenant \u00e0 six points devant les Leverkuseners, qui malgr\u00e9 un solide joueur national Florian Wirtz ont jou\u00e9 une avance de 2-0 dans le 2-2 (2: 1) dans la performance des invit\u00e9s \u00e0 RB Leipzig.<\/p>\n<div id=\"attachment_406854\" class=\"wp-caption alignleft\" style=\"max-width: 300px\"><img fetchpriority=\"high\" decoding=\"async\" class=\"wp-image-406854 size-medium\" src=\"https:\/\/vieassociative.be\/actualites\/wp-content\/uploads\/2025\/01\/Le-FC-Bayern-utilise-Patzer-de-Bayer-04-Leverkusen.jpg\" alt=\"\" width=\"300\" height=\"200\"><\/p>\n<p class=\"wp-caption-text\">25\/01\/2025, Bade-W\u00fcrttemberg, Freiburg Im Breisgau: Harry Kane de Munich applaudit apr\u00e8s le match. Photo: Tom Weller \/ DPA<\/p>\n<\/div>\n<p>Pendant ce temps, le Borussia Dortmund continue de gagner lors du premier match apr\u00e8s la s\u00e9paration de l&rsquo;entra\u00eeneur Nuri Sahin. Avec l&rsquo;entra\u00eeneur int\u00e9rimaire Mike Tullberg sur la touche, il n&rsquo;\u00e9tait que 2: 2 (1: 0) contre Werder Br\u00eame malgr\u00e9 une avance de 2-0 en plus longtemps. Pour BVB, six points sont l&rsquo;\u00e9cart des places de la Ligue des champions. Avec le 0: 2 (0: 1) \u00e0 FSV Mayin 05, VFB Stuttgart a rat\u00e9 la chance de s&rsquo;\u00e9loigner davantage. Le FC Augsburg a \u00e9galement vaincu 1. FC Heidenheim 2-1 (1-0) \u00e0 la derni\u00e8re minute.<\/p>\n<p><strong>&#8211; Cane pas du point de p\u00e9nalit\u00e9:<\/strong> Gr\u00e2ce \u00e0 Harry Kane (15e) et \u00e0 une t\u00eate de Minjae Kim (54e), les Bavariens sont venus \u00e0 la victoire \u00e0 Freiburg. Les h\u00f4tes ne pouvaient raccourcir que par Matthias Ginter (69.).<\/p>\n<p>Pour Kane, c&rsquo;\u00e9tait le premier but du match depuis le 22 novembre de l&rsquo;ann\u00e9e derni\u00e8re. Plus r\u00e9cemment, le capitaine de l&rsquo;\u00e9quipe nationale anglaise n&rsquo;avait fait que le point de p\u00e9nalit\u00e9.<\/p>\n<p>Au cours de la semaine, l&rsquo;\u00e9quipe de Munich a eu une faillite chaleureuse de 0: 3 \u00e0 Feyenoord Rotterdam et a donc obtenu une bonne position de d\u00e9part pour une manche directe de 16 en Ligue des champions.<\/p>\n<div id=\"attachment_406855\" class=\"wp-caption alignleft\" style=\"max-width: 300px\"><img decoding=\"async\" class=\"wp-image-406855 size-medium\" src=\"https:\/\/vieassociative.be\/actualites\/wp-content\/uploads\/2025\/01\/1737836252_836_Le-FC-Bayern-utilise-Patzer-de-Bayer-04-Leverkusen.jpg\" alt=\"\" width=\"300\" height=\"196\"><\/p>\n<p class=\"wp-caption-text\">25\/01\/2025, Rhin-Westphalie du Nord, Dortmund: l&rsquo;entra\u00eeneur par int\u00e9rim Mike Tullberg entre dans le stade. Photo: Bernd Thissen \/ DPA<\/p>\n<\/div>\n<p>Leverkusen a d\u00fb \u00eatre d\u00e9chir\u00e9 derri\u00e8re la Bavi\u00e8re, \u00e9galement parce qu&rsquo;un Wirtz exceptionnel a rat\u00e9 les meilleures chances. Le noble technicien a \u00e9galement \u00e9t\u00e9 impliqu\u00e9 dans les deux buts de Patrik Schick (18e) et d&rsquo;Aleix Garcia (36e) et peut avoir appr\u00e9ci\u00e9 l&rsquo;entra\u00eeneur national Julian Nagelsmann dans les tribunes. Le Leipziger, qui a fourni la seule faillite de Bayer dans la premi\u00e8re moiti\u00e9 de la saison, est revenu de David Raum (41.) et un propre objectif d&rsquo;Edmond Tapsoba (85.).<\/p>\n<p><strong>-BVB Playful 2-0 avance:<\/strong> M\u00eame sous Tullberg, Dortmund n&rsquo;a pas fait le tour en rang apr\u00e8s quatre d\u00e9faites. BVB \u00e9tait d\u00e9j\u00e0 2-0 en t\u00eate de Serhou Guirassy (28e) et un propre objectif de Marco Friedl (51e). Mais Leonardo Bittencourt (65e) et Marvin Ducksch (72e) ont donn\u00e9 un autre point \u00e0 Werder. Cela a \u00e9galement aid\u00e9 que le BVB ait d\u00fb jouer en inf\u00e9riorit\u00e9 num\u00e9rique \u00e0 partir de la 21e minute apr\u00e8s que le d\u00e9fenseur national Nico Schlotterbeck ait vu le carton rouge en raison d&rsquo;un frein d&rsquo;urgence.<\/p>\n<p>Pour le finaliste de Stuttgart, la s\u00e9rie de quatre victoires comp\u00e9titives s&rsquo;est termin\u00e9e mercredi avant le duel d\u00e9cisif en Ligue des champions avec le Paris Saint-Germain. Nelson Weiper, \u00e2g\u00e9 de 19 ans (19e) et Anthony Caci (86.) marquent les buts de Mayin.<\/p>\n<p>Avec la troisi\u00e8me victoire de la s\u00e9rie, Augsbourg s&rsquo;est d&rsquo;abord d\u00e9barrass\u00e9 de toutes les inqui\u00e9tudes de la rel\u00e9gation. Keven Schlotterbeck a atteint l&rsquo;objectif gagnant (90. + 2) dans le temps suppl\u00e9mentaire. Patrick Mainka (76.) avait pr\u00e9c\u00e9demment compens\u00e9 la premi\u00e8re avance de FCA par Chrislain Matsima (45. + 1). Augsbourg est donc onze points devant les Heidenheimers, qui continuent de s&rsquo;inqui\u00e9ter de la rel\u00e9gation sur le lieu de rel\u00e9gation. (DPA)<\/p>\n","protected":false},"excerpt":{"rendered":"<p>Le FC Bayern a augment\u00e9 l&rsquo;avance sur Master Leverkusen \u00e0 six points. Le Borussia Dortmund ne peut pas non plus gagner sous l&rsquo;entra\u00eeneur int\u00e9rimaire Tullberg.<\/p>\n","protected":false},"author":1,"featured_media":4589,"comment_status":"","ping_status":"","sticky":false,"template":"","format":"standard","meta":{"footnotes":""},"categories":[298],"tags":[2821,2298,4677,644,166,2475,2822,4949,153],"class_list":["post-4588","post","type-post","status-publish","format-standard","has-post-thumbnail","hentry","category-belgique","tag-bayer","tag-bayern","tag-borussia","tag-crise","tag-dans","tag-dortmund","tag-leverkusen","tag-patzer","tag-utilise","generate-columns","tablet-grid-50","mobile-grid-100","grid-parent","grid-33"],"yoast_head":"<!-- This site is optimized with the Yoast SEO plugin v24.0 - https:\/\/yoast.com\/wordpress\/plugins\/seo\/ -->\n<title>Le FC Bayern utilise Patzer de Bayer 04 Leverkusen - Borussia Dortmund dans la crise | Vie Associative<\/title>\n<meta name=\"robots\" content=\"index, follow, max-snippet:-1, max-image-preview:large, max-video-preview:-1\" \/>\n<link rel=\"canonical\" href=\"https:\/\/vieassociative.be\/actualites\/le-fc-bayern-utilise-patzer-de-bayer-04-leverkusen-borussia-dortmund-dans-la-crise\/\" \/>\n<meta property=\"og:locale\" content=\"fr_FR\" \/>\n<meta property=\"og:type\" content=\"article\" \/>\n<meta property=\"og:title\" content=\"Le FC Bayern utilise Patzer de Bayer 04 Leverkusen - Borussia Dortmund dans la crise | Vie Associative\" \/>\n<meta property=\"og:description\" content=\"Le FC Bayern a augment\u00e9 l&rsquo;avance sur Master Leverkusen \u00e0 six points. Le Borussia Dortmund ne peut pas non plus gagner sous l&rsquo;entra\u00eeneur int\u00e9rimaire Tullberg.\" \/>\n<meta property=\"og:url\" content=\"https:\/\/vieassociative.be\/actualites\/le-fc-bayern-utilise-patzer-de-bayer-04-leverkusen-borussia-dortmund-dans-la-crise\/\" \/>\n<meta property=\"og:site_name\" content=\"Vie Associative\" \/>\n<meta property=\"article:published_time\" content=\"2025-01-25T20:17:32+00:00\" \/>\n<meta property=\"og:image\" content=\"https:\/\/vieassociative.be\/actualites\/wp-content\/uploads\/2024\/09\/header_backgroundk-01-e1726694325946.png\" \/>\n\t<meta property=\"og:image:width\" content=\"279\" \/>\n\t<meta property=\"og:image:height\" content=\"92\" \/>\n\t<meta property=\"og:image:type\" content=\"image\/png\" \/>\n<meta name=\"author\" content=\"Julien\" \/>\n<meta name=\"twitter:card\" content=\"summary_large_image\" \/>\n<meta name=\"twitter:label1\" content=\"\u00c9crit par\" \/>\n\t<meta name=\"twitter:data1\" content=\"Julien\" \/>\n\t<meta name=\"twitter:label2\" content=\"Dur\u00e9e de lecture est.\" \/>\n\t<meta name=\"twitter:data2\" content=\"3 minutes\" \/>\n<script type=\"application\/ld+json\" class=\"yoast-schema-graph\">{\"@context\":\"https:\/\/schema.org\",\"@graph\":[{\"@type\":\"Article\",\"@id\":\"https:\/\/vieassociative.be\/actualites\/le-fc-bayern-utilise-patzer-de-bayer-04-leverkusen-borussia-dortmund-dans-la-crise\/#article\",\"isPartOf\":{\"@id\":\"https:\/\/vieassociative.be\/actualites\/le-fc-bayern-utilise-patzer-de-bayer-04-leverkusen-borussia-dortmund-dans-la-crise\/\"},\"author\":{\"name\":\"Julien\",\"@id\":\"https:\/\/vieassociative.be\/actualites\/#\/schema\/person\/b87ac4f82f9d4e7b7cec7395b679edc4\"},\"headline\":\"Le FC Bayern utilise Patzer de Bayer 04 Leverkusen &#8211; Borussia Dortmund dans la crise\",\"datePublished\":\"2025-01-25T20:17:32+00:00\",\"dateModified\":\"2025-01-25T20:17:32+00:00\",\"mainEntityOfPage\":{\"@id\":\"https:\/\/vieassociative.be\/actualites\/le-fc-bayern-utilise-patzer-de-bayer-04-leverkusen-borussia-dortmund-dans-la-crise\/\"},\"wordCount\":670,\"publisher\":{\"@id\":\"https:\/\/vieassociative.be\/actualites\/#organization\"},\"image\":{\"@id\":\"https:\/\/vieassociative.be\/actualites\/le-fc-bayern-utilise-patzer-de-bayer-04-leverkusen-borussia-dortmund-dans-la-crise\/#primaryimage\"},\"thumbnailUrl\":\"https:\/\/vieassociative.be\/actualites\/wp-content\/uploads\/2025\/01\/1737836252_Le-FC-Bayern-utilise-Patzer-de-Bayer-04-Leverkusen.jpg\",\"keywords\":[\"Bayer\",\"Bayern\",\"Borussia\",\"Crise\",\"dans\",\"Dortmund\",\"Leverkusen\",\"Patzer\",\"utilise\"],\"articleSection\":[\"Belgique\"],\"inLanguage\":\"fr-BE\"},{\"@type\":\"WebPage\",\"@id\":\"https:\/\/vieassociative.be\/actualites\/le-fc-bayern-utilise-patzer-de-bayer-04-leverkusen-borussia-dortmund-dans-la-crise\/\",\"url\":\"https:\/\/vieassociative.be\/actualites\/le-fc-bayern-utilise-patzer-de-bayer-04-leverkusen-borussia-dortmund-dans-la-crise\/\",\"name\":\"Le FC Bayern utilise Patzer de Bayer 04 Leverkusen - Borussia Dortmund dans la crise | Vie Associative\",\"isPartOf\":{\"@id\":\"https:\/\/vieassociative.be\/actualites\/#website\"},\"primaryImageOfPage\":{\"@id\":\"https:\/\/vieassociative.be\/actualites\/le-fc-bayern-utilise-patzer-de-bayer-04-leverkusen-borussia-dortmund-dans-la-crise\/#primaryimage\"},\"image\":{\"@id\":\"https:\/\/vieassociative.be\/actualites\/le-fc-bayern-utilise-patzer-de-bayer-04-leverkusen-borussia-dortmund-dans-la-crise\/#primaryimage\"},\"thumbnailUrl\":\"https:\/\/vieassociative.be\/actualites\/wp-content\/uploads\/2025\/01\/1737836252_Le-FC-Bayern-utilise-Patzer-de-Bayer-04-Leverkusen.jpg\",\"datePublished\":\"2025-01-25T20:17:32+00:00\",\"dateModified\":\"2025-01-25T20:17:32+00:00\",\"breadcrumb\":{\"@id\":\"https:\/\/vieassociative.be\/actualites\/le-fc-bayern-utilise-patzer-de-bayer-04-leverkusen-borussia-dortmund-dans-la-crise\/#breadcrumb\"},\"inLanguage\":\"fr-BE\",\"potentialAction\":[{\"@type\":\"ReadAction\",\"target\":[\"https:\/\/vieassociative.be\/actualites\/le-fc-bayern-utilise-patzer-de-bayer-04-leverkusen-borussia-dortmund-dans-la-crise\/\"]}]},{\"@type\":\"ImageObject\",\"inLanguage\":\"fr-BE\",\"@id\":\"https:\/\/vieassociative.be\/actualites\/le-fc-bayern-utilise-patzer-de-bayer-04-leverkusen-borussia-dortmund-dans-la-crise\/#primaryimage\",\"url\":\"https:\/\/vieassociative.be\/actualites\/wp-content\/uploads\/2025\/01\/1737836252_Le-FC-Bayern-utilise-Patzer-de-Bayer-04-Leverkusen.jpg\",\"contentUrl\":\"https:\/\/vieassociative.be\/actualites\/wp-content\/uploads\/2025\/01\/1737836252_Le-FC-Bayern-utilise-Patzer-de-Bayer-04-Leverkusen.jpg\",\"width\":1200,\"height\":800,\"caption\":\"Le FC Bayern utilise Patzer de Bayer 04 Leverkusen - Borussia Dortmund dans la crise\"},{\"@type\":\"BreadcrumbList\",\"@id\":\"https:\/\/vieassociative.be\/actualites\/le-fc-bayern-utilise-patzer-de-bayer-04-leverkusen-borussia-dortmund-dans-la-crise\/#breadcrumb\",\"itemListElement\":[{\"@type\":\"ListItem\",\"position\":1,\"name\":\"Accueil\",\"item\":\"https:\/\/vieassociative.be\/actualites\/\"},{\"@type\":\"ListItem\",\"position\":2,\"name\":\"Le FC Bayern utilise Patzer de Bayer 04 Leverkusen &#8211; Borussia Dortmund dans la crise\"}]},{\"@type\":\"WebSite\",\"@id\":\"https:\/\/vieassociative.be\/actualites\/#website\",\"url\":\"https:\/\/vieassociative.be\/actualites\/\",\"name\":\"Vie Associative\",\"description\":\"\",\"publisher\":{\"@id\":\"https:\/\/vieassociative.be\/actualites\/#organization\"},\"potentialAction\":[{\"@type\":\"SearchAction\",\"target\":{\"@type\":\"EntryPoint\",\"urlTemplate\":\"https:\/\/vieassociative.be\/actualites\/?s={search_term_string}\"},\"query-input\":{\"@type\":\"PropertyValueSpecification\",\"valueRequired\":true,\"valueName\":\"search_term_string\"}}],\"inLanguage\":\"fr-BE\"},{\"@type\":\"Organization\",\"@id\":\"https:\/\/vieassociative.be\/actualites\/#organization\",\"name\":\"Vie Associative\",\"url\":\"https:\/\/vieassociative.be\/actualites\/\",\"logo\":{\"@type\":\"ImageObject\",\"inLanguage\":\"fr-BE\",\"@id\":\"https:\/\/vieassociative.be\/actualites\/#\/schema\/logo\/image\/\",\"url\":\"https:\/\/vieassociative.be\/actualites\/wp-content\/uploads\/2024\/09\/cropped-vieassociative_favicon.ico.png\",\"contentUrl\":\"https:\/\/vieassociative.be\/actualites\/wp-content\/uploads\/2024\/09\/cropped-vieassociative_favicon.ico.png\",\"width\":512,\"height\":512,\"caption\":\"Vie Associative\"},\"image\":{\"@id\":\"https:\/\/vieassociative.be\/actualites\/#\/schema\/logo\/image\/\"}},{\"@type\":\"Person\",\"@id\":\"https:\/\/vieassociative.be\/actualites\/#\/schema\/person\/b87ac4f82f9d4e7b7cec7395b679edc4\",\"name\":\"Julien\",\"image\":{\"@type\":\"ImageObject\",\"inLanguage\":\"fr-BE\",\"@id\":\"https:\/\/vieassociative.be\/actualites\/#\/schema\/person\/image\/\",\"url\":\"https:\/\/vieassociative.be\/actualites\/wp-content\/uploads\/2024\/09\/vie-associative-1-150x150.jpg\",\"contentUrl\":\"https:\/\/vieassociative.be\/actualites\/wp-content\/uploads\/2024\/09\/vie-associative-1-150x150.jpg\",\"caption\":\"Julien\"},\"description\":\"Je suis Julien, r\u00e9dacteur pour Vie Associative. Passionn\u00e9 par le monde associatif depuis plus de 10 ans, j'ai \u00e0 c\u0153ur de partager des histoires inspirantes et de mettre en lumi\u00e8re les initiatives locales. Mon objectif est de sensibiliser et d'encourager l'engagement communautaire \u00e0 travers mes articles.\",\"sameAs\":[\"https:\/\/vieassociative.be\/\"]}]}<\/script>\n<!-- \/ Yoast SEO plugin. -->","yoast_head_json":{"title":"Le FC Bayern utilise Patzer de Bayer 04 Leverkusen - Borussia Dortmund dans la crise | Vie Associative","robots":{"index":"index","follow":"follow","max-snippet":"max-snippet:-1","max-image-preview":"max-image-preview:large","max-video-preview":"max-video-preview:-1"},"canonical":"https:\/\/vieassociative.be\/actualites\/le-fc-bayern-utilise-patzer-de-bayer-04-leverkusen-borussia-dortmund-dans-la-crise\/","og_locale":"fr_FR","og_type":"article","og_title":"Le FC Bayern utilise Patzer de Bayer 04 Leverkusen - Borussia Dortmund dans la crise | Vie Associative","og_description":"Le FC Bayern a augment\u00e9 l&rsquo;avance sur Master Leverkusen \u00e0 six points. Le Borussia Dortmund ne peut pas non plus gagner sous l&rsquo;entra\u00eeneur int\u00e9rimaire Tullberg.","og_url":"https:\/\/vieassociative.be\/actualites\/le-fc-bayern-utilise-patzer-de-bayer-04-leverkusen-borussia-dortmund-dans-la-crise\/","og_site_name":"Vie Associative","article_published_time":"2025-01-25T20:17:32+00:00","og_image":[{"width":279,"height":92,"url":"https:\/\/vieassociative.be\/actualites\/wp-content\/uploads\/2024\/09\/header_backgroundk-01-e1726694325946.png","type":"image\/png"}],"author":"Julien","twitter_card":"summary_large_image","twitter_misc":{"\u00c9crit par":"Julien","Dur\u00e9e de lecture est.":"3 minutes"},"schema":{"@context":"https:\/\/schema.org","@graph":[{"@type":"Article","@id":"https:\/\/vieassociative.be\/actualites\/le-fc-bayern-utilise-patzer-de-bayer-04-leverkusen-borussia-dortmund-dans-la-crise\/#article","isPartOf":{"@id":"https:\/\/vieassociative.be\/actualites\/le-fc-bayern-utilise-patzer-de-bayer-04-leverkusen-borussia-dortmund-dans-la-crise\/"},"author":{"name":"Julien","@id":"https:\/\/vieassociative.be\/actualites\/#\/schema\/person\/b87ac4f82f9d4e7b7cec7395b679edc4"},"headline":"Le FC Bayern utilise Patzer de Bayer 04 Leverkusen &#8211; Borussia Dortmund dans la crise","datePublished":"2025-01-25T20:17:32+00:00","dateModified":"2025-01-25T20:17:32+00:00","mainEntityOfPage":{"@id":"https:\/\/vieassociative.be\/actualites\/le-fc-bayern-utilise-patzer-de-bayer-04-leverkusen-borussia-dortmund-dans-la-crise\/"},"wordCount":670,"publisher":{"@id":"https:\/\/vieassociative.be\/actualites\/#organization"},"image":{"@id":"https:\/\/vieassociative.be\/actualites\/le-fc-bayern-utilise-patzer-de-bayer-04-leverkusen-borussia-dortmund-dans-la-crise\/#primaryimage"},"thumbnailUrl":"https:\/\/vieassociative.be\/actualites\/wp-content\/uploads\/2025\/01\/1737836252_Le-FC-Bayern-utilise-Patzer-de-Bayer-04-Leverkusen.jpg","keywords":["Bayer","Bayern","Borussia","Crise","dans","Dortmund","Leverkusen","Patzer","utilise"],"articleSection":["Belgique"],"inLanguage":"fr-BE"},{"@type":"WebPage","@id":"https:\/\/vieassociative.be\/actualites\/le-fc-bayern-utilise-patzer-de-bayer-04-leverkusen-borussia-dortmund-dans-la-crise\/","url":"https:\/\/vieassociative.be\/actualites\/le-fc-bayern-utilise-patzer-de-bayer-04-leverkusen-borussia-dortmund-dans-la-crise\/","name":"Le FC Bayern utilise Patzer de Bayer 04 Leverkusen - Borussia Dortmund dans la crise | Vie Associative","isPartOf":{"@id":"https:\/\/vieassociative.be\/actualites\/#website"},"primaryImageOfPage":{"@id":"https:\/\/vieassociative.be\/actualites\/le-fc-bayern-utilise-patzer-de-bayer-04-leverkusen-borussia-dortmund-dans-la-crise\/#primaryimage"},"image":{"@id":"https:\/\/vieassociative.be\/actualites\/le-fc-bayern-utilise-patzer-de-bayer-04-leverkusen-borussia-dortmund-dans-la-crise\/#primaryimage"},"thumbnailUrl":"https:\/\/vieassociative.be\/actualites\/wp-content\/uploads\/2025\/01\/1737836252_Le-FC-Bayern-utilise-Patzer-de-Bayer-04-Leverkusen.jpg","datePublished":"2025-01-25T20:17:32+00:00","dateModified":"2025-01-25T20:17:32+00:00","breadcrumb":{"@id":"https:\/\/vieassociative.be\/actualites\/le-fc-bayern-utilise-patzer-de-bayer-04-leverkusen-borussia-dortmund-dans-la-crise\/#breadcrumb"},"inLanguage":"fr-BE","potentialAction":[{"@type":"ReadAction","target":["https:\/\/vieassociative.be\/actualites\/le-fc-bayern-utilise-patzer-de-bayer-04-leverkusen-borussia-dortmund-dans-la-crise\/"]}]},{"@type":"ImageObject","inLanguage":"fr-BE","@id":"https:\/\/vieassociative.be\/actualites\/le-fc-bayern-utilise-patzer-de-bayer-04-leverkusen-borussia-dortmund-dans-la-crise\/#primaryimage","url":"https:\/\/vieassociative.be\/actualites\/wp-content\/uploads\/2025\/01\/1737836252_Le-FC-Bayern-utilise-Patzer-de-Bayer-04-Leverkusen.jpg","contentUrl":"https:\/\/vieassociative.be\/actualites\/wp-content\/uploads\/2025\/01\/1737836252_Le-FC-Bayern-utilise-Patzer-de-Bayer-04-Leverkusen.jpg","width":1200,"height":800,"caption":"Le FC Bayern utilise Patzer de Bayer 04 Leverkusen - Borussia Dortmund dans la crise"},{"@type":"BreadcrumbList","@id":"https:\/\/vieassociative.be\/actualites\/le-fc-bayern-utilise-patzer-de-bayer-04-leverkusen-borussia-dortmund-dans-la-crise\/#breadcrumb","itemListElement":[{"@type":"ListItem","position":1,"name":"Accueil","item":"https:\/\/vieassociative.be\/actualites\/"},{"@type":"ListItem","position":2,"name":"Le FC Bayern utilise Patzer de Bayer 04 Leverkusen &#8211; Borussia Dortmund dans la crise"}]},{"@type":"WebSite","@id":"https:\/\/vieassociative.be\/actualites\/#website","url":"https:\/\/vieassociative.be\/actualites\/","name":"Vie Associative","description":"","publisher":{"@id":"https:\/\/vieassociative.be\/actualites\/#organization"},"potentialAction":[{"@type":"SearchAction","target":{"@type":"EntryPoint","urlTemplate":"https:\/\/vieassociative.be\/actualites\/?s={search_term_string}"},"query-input":{"@type":"PropertyValueSpecification","valueRequired":true,"valueName":"search_term_string"}}],"inLanguage":"fr-BE"},{"@type":"Organization","@id":"https:\/\/vieassociative.be\/actualites\/#organization","name":"Vie Associative","url":"https:\/\/vieassociative.be\/actualites\/","logo":{"@type":"ImageObject","inLanguage":"fr-BE","@id":"https:\/\/vieassociative.be\/actualites\/#\/schema\/logo\/image\/","url":"https:\/\/vieassociative.be\/actualites\/wp-content\/uploads\/2024\/09\/cropped-vieassociative_favicon.ico.png","contentUrl":"https:\/\/vieassociative.be\/actualites\/wp-content\/uploads\/2024\/09\/cropped-vieassociative_favicon.ico.png","width":512,"height":512,"caption":"Vie Associative"},"image":{"@id":"https:\/\/vieassociative.be\/actualites\/#\/schema\/logo\/image\/"}},{"@type":"Person","@id":"https:\/\/vieassociative.be\/actualites\/#\/schema\/person\/b87ac4f82f9d4e7b7cec7395b679edc4","name":"Julien","image":{"@type":"ImageObject","inLanguage":"fr-BE","@id":"https:\/\/vieassociative.be\/actualites\/#\/schema\/person\/image\/","url":"https:\/\/vieassociative.be\/actualites\/wp-content\/uploads\/2024\/09\/vie-associative-1-150x150.jpg","contentUrl":"https:\/\/vieassociative.be\/actualites\/wp-content\/uploads\/2024\/09\/vie-associative-1-150x150.jpg","caption":"Julien"},"description":"Je suis Julien, r\u00e9dacteur pour Vie Associative. Passionn\u00e9 par le monde associatif depuis plus de 10 ans, j'ai \u00e0 c\u0153ur de partager des histoires inspirantes et de mettre en lumi\u00e8re les initiatives locales. Mon objectif est de sensibiliser et d'encourager l'engagement communautaire \u00e0 travers mes articles.","sameAs":["https:\/\/vieassociative.be\/"]}]}},"_links":{"self":[{"href":"https:\/\/vieassociative.be\/actualites\/wp-json\/wp\/v2\/posts\/4588"}],"collection":[{"href":"https:\/\/vieassociative.be\/actualites\/wp-json\/wp\/v2\/posts"}],"about":[{"href":"https:\/\/vieassociative.be\/actualites\/wp-json\/wp\/v2\/types\/post"}],"author":[{"embeddable":true,"href":"https:\/\/vieassociative.be\/actualites\/wp-json\/wp\/v2\/users\/1"}],"replies":[{"embeddable":true,"href":"https:\/\/vieassociative.be\/actualites\/wp-json\/wp\/v2\/comments?post=4588"}],"version-history":[{"count":0,"href":"https:\/\/vieassociative.be\/actualites\/wp-json\/wp\/v2\/posts\/4588\/revisions"}],"wp:featuredmedia":[{"embeddable":true,"href":"https:\/\/vieassociative.be\/actualites\/wp-json\/wp\/v2\/media\/4589"}],"wp:attachment":[{"href":"https:\/\/vieassociative.be\/actualites\/wp-json\/wp\/v2\/media?parent=4588"}],"wp:term":[{"taxonomy":"category","embeddable":true,"href":"https:\/\/vieassociative.be\/actualites\/wp-json\/wp\/v2\/categories?post=4588"},{"taxonomy":"post_tag","embeddable":true,"href":"https:\/\/vieassociative.be\/actualites\/wp-json\/wp\/v2\/tags?post=4588"}],"curies":[{"name":"wp","href":"https:\/\/api.w.org\/{rel}","templated":true}]}}