{"id":4586,"date":"2025-01-25T20:22:33","date_gmt":"2025-01-25T19:22:33","guid":{"rendered":"https:\/\/vieassociative.be\/actualites\/mes-deux-astuces-preferees-pour-enlever-les-autocollants-et-ladhesif\/"},"modified":"2025-01-25T20:22:33","modified_gmt":"2025-01-25T19:22:33","slug":"mes-deux-astuces-preferees-pour-enlever-les-autocollants-et-ladhesif","status":"publish","type":"post","link":"https:\/\/vieassociative.be\/actualites\/mes-deux-astuces-preferees-pour-enlever-les-autocollants-et-ladhesif\/","title":{"rendered":"Mes deux astuces pr\u00e9f\u00e9r\u00e9es pour enlever les autocollants et l&rsquo;adh\u00e9sif"},"content":{"rendered":"<div class=\"mt-4 leading-6 md:mb-8\">Dites adieu aux autocollants de prix une fois pour toutes.<\/div>\n<p><\/p>\n<p>Il existe un nombre surprenant de produits qui arrivent dans votre maison avec des autocollants tenaces. De nombreux magasins utilisent encore des autocollants de prix, par exemple, et les verreries ont presque toujours un autocollant qui vous donne des informations sur votre article. Les d\u00e9coller est laborieux et peut laisser des r\u00e9sidus, mais j&rsquo;ai trouv\u00e9 quelques conseils sur les r\u00e9seaux sociaux, qui fonctionnent tous deux \u00e0 merveille. <\/p>\n<h2 id=\"adhesive-removal-hack-1-the-melamine-sponge\">Astuce de retrait d&rsquo;adh\u00e9sif 1 : L&rsquo;\u00e9ponge m\u00e9lamine<\/h2>\n<p>Je ne me souviens m\u00eame pas o\u00f9 j&rsquo;ai entendu pour la premi\u00e8re fois qu&rsquo;il fallait utiliser une \u00e9ponge en m\u00e9lamine, comme une gomme magique Mr. Clean, pour \u00e9liminer rapidement les autocollants et les r\u00e9sidus d&rsquo;adh\u00e9sif, mais je sais que c&rsquo;\u00e9tait quelque part sur TikTok. je <em>faire <\/em>Mais rappelez-vous o\u00f9 je l&rsquo;ai essay\u00e9 pour la premi\u00e8re fois\u00a0: il y a quelques mois, j&rsquo;ai command\u00e9 une nouvelle table en verre et, en l&rsquo;assemblant, j&rsquo;ai remarqu\u00e9 que le fabricant avait coll\u00e9 des autocollants d&rsquo;information directement sur le verre. Comme ils sont gentils ! Un vieux hack TikTok est sorti de ma m\u00e9moire \u00e0 long terme. J&rsquo;ai attrap\u00e9 une gomme magique Mr. Clean (l&rsquo;Ultra Foamy, pour \u00eatre exact), je l&rsquo;ai humidifi\u00e9e et j&rsquo;ai commenc\u00e9 \u00e0 frotter. L&rsquo;autocollant s&rsquo;est dissous. Il a disparu. Il avait disparu avant m\u00eame que je m&rsquo;en rende compte\u00a0; Je ne frottais rien. <\/p>\n<p>N&rsquo;importe quelle \u00e9ponge en m\u00e9lamine peut faire cela, m\u00eame si je pr\u00e9f\u00e8re l&rsquo;Ultra Foamy simplement parce que sa mousse est quelque chose de s\u00e9rieux. Pour d\u00e9montrer \u00e0 quel point cela fonctionne, j&rsquo;ai identifi\u00e9 un autocollant coll\u00e9 sur une autre table depuis quelques semaines ; mon objectif \u00e9tait d&rsquo;en supprimer la moiti\u00e9 avec le Magic Eraser et l&rsquo;autre moiti\u00e9 avec le deuxi\u00e8me hack, que je pr\u00e9senterai sous peu, mais encore une fois, l&rsquo;Ultra Foamy a trop bien fonctionn\u00e9. L&rsquo;ensemble de l&rsquo;autocollant, que je n&rsquo;ai pas pu retirer facilement avec mes propres ongles, s&rsquo;est d\u00e9tach\u00e9 instantan\u00e9ment, la majorit\u00e9 se dissolvant sur place et le reste \u00e9tant facile \u00e0 ramasser \u00e0 la main. Dommage pour ma d\u00e9monstration, mais heureusement pour moi dans l&rsquo;ensemble. Cela s\u2019est pass\u00e9 si vite et si parfaitement qu\u2019il ne servait \u00e0 rien de prendre une photo d\u2019action en plein gommage. L\u00e0 o\u00f9 autrefois il y avait un autocollant de bronzage errant pour me rappeler l&rsquo;\u00e9t\u00e9, maintenant il n&rsquo;y avait plus rien : aucun autocollant, aucun r\u00e9sidu de colle, rien. <\/p>\n<h2 id=\"adhesive-removal-hack-2-the-hair-dryer\">Astuce 2 pour enlever les adh\u00e9sifs : Le s\u00e8che-cheveux<\/h2>\n<p>Avec mon projet d&rsquo;utiliser le m\u00eame autocollant pour d\u00e9montrer les deux hacks litt\u00e9ralement nettoy\u00e9s, j&rsquo;ai commenc\u00e9 \u00e0 chercher un autre autocollant vraiment coll\u00e9 que je pourrais retirer avec la deuxi\u00e8me m\u00e9thode : le fid\u00e8le s\u00e8che-cheveux. J&rsquo;ai trouv\u00e9 une bougie vieille de six ans que je n&rsquo;utilise jamais car son parfum est pour moi sentimental. S\u2019il y avait vraiment un autocollant coll\u00e9, c\u2019\u00e9tait bien celui qui avait eu plus d\u2019une demi-d\u00e9cennie pour se cacher sous cette bougie. <\/p>\n<p>Ce hack est tr\u00e8s populaire sur TikTok, o\u00f9 les cr\u00e9ateurs montrent \u00e0 quel point il fonctionne facilement et efficacement. C&rsquo;est simple : soufflez l&rsquo;autocollant avec le s\u00e8che-cheveux pendant quelques secondes et vous pourrez soudain remonter le bord. (S&rsquo;il s&rsquo;agit d&rsquo;un autocollant plus grand, cela peut prendre une minute ou deux.) De plus, l&rsquo;adh\u00e9sif sur toute la longueur de l&rsquo;autocollant sera fondu, de sorte qu&rsquo;il se d\u00e9colle imm\u00e9diatement sans se d\u00e9chirer ni laisser de traces.<\/p>\n<blockquote class=\"tiktokEmbed tiktok-embed\" data-video-id=\"7159982408744307994\" style=\"max-width: 605px;min-width: 325px;\">\n<section><\/section>\n<\/blockquote>\n<p>Je recommande cette technique pour les gros autocollants pleins, mais pas pour traiter les restes d&rsquo;anciens autocollants \u00e0 moiti\u00e9 retir\u00e9s. Si vous avez de la colle adh\u00e9sive coll\u00e9e \u00e0 quelque chose mais qu&rsquo;il n&rsquo;y a pas d&rsquo;autocollant sur lequel tirer, la faire fondre ne fera que cr\u00e9er un g\u00e2chis que vous devrez nettoyer. De toute fa\u00e7on, vous aurez recours \u00e0 l&rsquo;\u00e9ponge en m\u00e9lamine, alors \u00e9vitez simplement le s\u00e8che-cheveux et allez-y directement. <\/p>\n<p>Alors revenons \u00e0 ma bougie. J&rsquo;ai \u00e9valu\u00e9 l&rsquo;autocollant en bas et j&rsquo;ai d\u00e9couvert qu&rsquo;il \u00e9tait enti\u00e8rement coll\u00e9, sans aucun soul\u00e8vement et sans aucun point faible que je pourrais commencer \u00e0 d\u00e9coller. Je l&rsquo;ai retourn\u00e9 sur une surface plane, je l&rsquo;ai frapp\u00e9 avec mon Dyson bien-aim\u00e9 et, apr\u00e8s seulement deux minutes, j&rsquo;ai pu tout retirer sans laisser m\u00eame un petit r\u00e9sidu derri\u00e8re moi. <\/p>\n<div class=\"eloquent-imagery-image\">\n<div class=\"flex justify-center\">\n                    <img decoding=\"async\" class=\"border border-gray-100\" src=\"https:\/\/vieassociative.be\/actualites\/wp-content\/uploads\/2025\/01\/Mes-deux-astuces-preferees-pour-enlever-les-autocollants-et-ladhesif.png\" alt=\"Utiliser un s\u00e8che-cheveux pour retirer un autocollant\" width=\"2000\" height=\"1128\" loading=\"lazy\"  >\n            <\/div>\n<\/p><\/div>\n<p>Ces deux hacks fonctionnent parfaitement et je les pr\u00e9f\u00e8re aux autres que j&rsquo;ai essay\u00e9s. L&rsquo;ac\u00e9tone, par exemple, fonctionne, mais il faut <em>pour toujours<\/em> pour d\u00e9composer l&rsquo;autocollant et l&rsquo;adh\u00e9sif, laissant des traces que vous devez continuer \u00e0 frotter. (De plus, si vous faites peindre vos ongles, vous devez porter des gants pour cela.) De m\u00eame, l&rsquo;eau et le savon peuvent dissoudre la partie en papier d&rsquo;un autocollant si vous avez de la patience, mais cela prend beaucoup trop de temps et, encore une fois, n\u00e9cessite beaucoup trop de frottement. Le vinaigre fonctionne aussi, mais \u00e7a pue. La gomme magique absorbe l&rsquo;adh\u00e9sif et le s\u00e8che-cheveux rend n&rsquo;importe quel autocollant d\u00e9collable en un rien de temps, le tout sans que vous ayez \u00e0 en faire trop ou \u00e0 sentir mauvais.<\/p>\n","protected":false},"excerpt":{"rendered":"<p>Dites adieu aux autocollants de prix une fois pour toutes. Il existe un nombre surprenant de produits qui arrivent dans votre maison avec des autocollants<\/p>\n","protected":false},"author":1,"featured_media":4587,"comment_status":"","ping_status":"","sticky":false,"template":"","format":"standard","meta":{"footnotes":""},"categories":[40],"tags":[301,4947,114,4946,4948,14,87,81,116],"class_list":["post-4586","post","type-post","status-publish","format-standard","has-post-thumbnail","hentry","category-maison","tag-astuces","tag-autocollants","tag-deux","tag-enlever","tag-ladhesif","tag-les","tag-mes","tag-pour","tag-preferees","generate-columns","tablet-grid-50","mobile-grid-100","grid-parent","grid-33"],"yoast_head":"<!-- This site is optimized with the Yoast SEO plugin v24.0 - https:\/\/yoast.com\/wordpress\/plugins\/seo\/ -->\n<title>Mes deux astuces pr\u00e9f\u00e9r\u00e9es pour enlever les autocollants et l&#039;adh\u00e9sif | Vie Associative<\/title>\n<meta name=\"robots\" content=\"index, follow, max-snippet:-1, max-image-preview:large, max-video-preview:-1\" \/>\n<link rel=\"canonical\" href=\"https:\/\/vieassociative.be\/actualites\/mes-deux-astuces-preferees-pour-enlever-les-autocollants-et-ladhesif\/\" \/>\n<meta property=\"og:locale\" content=\"fr_FR\" \/>\n<meta property=\"og:type\" content=\"article\" \/>\n<meta property=\"og:title\" content=\"Mes deux astuces pr\u00e9f\u00e9r\u00e9es pour enlever les autocollants et l&#039;adh\u00e9sif | Vie Associative\" \/>\n<meta property=\"og:description\" content=\"Dites adieu aux autocollants de prix une fois pour toutes. Il existe un nombre surprenant de produits qui arrivent dans votre maison avec des autocollants\" \/>\n<meta property=\"og:url\" content=\"https:\/\/vieassociative.be\/actualites\/mes-deux-astuces-preferees-pour-enlever-les-autocollants-et-ladhesif\/\" \/>\n<meta property=\"og:site_name\" content=\"Vie Associative\" \/>\n<meta property=\"article:published_time\" content=\"2025-01-25T19:22:33+00:00\" \/>\n<meta property=\"og:image\" content=\"https:\/\/vieassociative.be\/actualites\/wp-content\/uploads\/2025\/01\/Mes-deux-astuces-preferees-pour-enlever-les-autocollants-et-ladhesif.png\" \/>\n<meta name=\"author\" content=\"Julien\" \/>\n<meta name=\"twitter:card\" content=\"summary_large_image\" \/>\n<meta name=\"twitter:label1\" content=\"\u00c9crit par\" \/>\n\t<meta name=\"twitter:data1\" content=\"Julien\" \/>\n\t<meta name=\"twitter:label2\" content=\"Dur\u00e9e de lecture est.\" \/>\n\t<meta name=\"twitter:data2\" content=\"4 minutes\" \/>\n<script type=\"application\/ld+json\" class=\"yoast-schema-graph\">{\"@context\":\"https:\/\/schema.org\",\"@graph\":[{\"@type\":\"Article\",\"@id\":\"https:\/\/vieassociative.be\/actualites\/mes-deux-astuces-preferees-pour-enlever-les-autocollants-et-ladhesif\/#article\",\"isPartOf\":{\"@id\":\"https:\/\/vieassociative.be\/actualites\/mes-deux-astuces-preferees-pour-enlever-les-autocollants-et-ladhesif\/\"},\"author\":{\"name\":\"Julien\",\"@id\":\"https:\/\/vieassociative.be\/actualites\/#\/schema\/person\/b87ac4f82f9d4e7b7cec7395b679edc4\"},\"headline\":\"Mes deux astuces pr\u00e9f\u00e9r\u00e9es pour enlever les autocollants et l&rsquo;adh\u00e9sif\",\"datePublished\":\"2025-01-25T19:22:33+00:00\",\"dateModified\":\"2025-01-25T19:22:33+00:00\",\"mainEntityOfPage\":{\"@id\":\"https:\/\/vieassociative.be\/actualites\/mes-deux-astuces-preferees-pour-enlever-les-autocollants-et-ladhesif\/\"},\"wordCount\":946,\"publisher\":{\"@id\":\"https:\/\/vieassociative.be\/actualites\/#organization\"},\"image\":{\"@id\":\"https:\/\/vieassociative.be\/actualites\/mes-deux-astuces-preferees-pour-enlever-les-autocollants-et-ladhesif\/#primaryimage\"},\"thumbnailUrl\":\"https:\/\/vieassociative.be\/actualites\/wp-content\/uploads\/2025\/01\/1737832954_Mes-deux-astuces-preferees-pour-enlever-les-autocollants-et-ladhesif.png\",\"keywords\":[\"astuces\",\"autocollants\",\"deux\",\"enlever\",\"ladh\u00e9sif\",\"Les\",\"Mes\",\"pour\",\"pr\u00e9f\u00e9r\u00e9es\"],\"articleSection\":[\"Maison\"],\"inLanguage\":\"fr-BE\"},{\"@type\":\"WebPage\",\"@id\":\"https:\/\/vieassociative.be\/actualites\/mes-deux-astuces-preferees-pour-enlever-les-autocollants-et-ladhesif\/\",\"url\":\"https:\/\/vieassociative.be\/actualites\/mes-deux-astuces-preferees-pour-enlever-les-autocollants-et-ladhesif\/\",\"name\":\"Mes deux astuces pr\u00e9f\u00e9r\u00e9es pour enlever les autocollants et l'adh\u00e9sif | Vie Associative\",\"isPartOf\":{\"@id\":\"https:\/\/vieassociative.be\/actualites\/#website\"},\"primaryImageOfPage\":{\"@id\":\"https:\/\/vieassociative.be\/actualites\/mes-deux-astuces-preferees-pour-enlever-les-autocollants-et-ladhesif\/#primaryimage\"},\"image\":{\"@id\":\"https:\/\/vieassociative.be\/actualites\/mes-deux-astuces-preferees-pour-enlever-les-autocollants-et-ladhesif\/#primaryimage\"},\"thumbnailUrl\":\"https:\/\/vieassociative.be\/actualites\/wp-content\/uploads\/2025\/01\/1737832954_Mes-deux-astuces-preferees-pour-enlever-les-autocollants-et-ladhesif.png\",\"datePublished\":\"2025-01-25T19:22:33+00:00\",\"dateModified\":\"2025-01-25T19:22:33+00:00\",\"breadcrumb\":{\"@id\":\"https:\/\/vieassociative.be\/actualites\/mes-deux-astuces-preferees-pour-enlever-les-autocollants-et-ladhesif\/#breadcrumb\"},\"inLanguage\":\"fr-BE\",\"potentialAction\":[{\"@type\":\"ReadAction\",\"target\":[\"https:\/\/vieassociative.be\/actualites\/mes-deux-astuces-preferees-pour-enlever-les-autocollants-et-ladhesif\/\"]}]},{\"@type\":\"ImageObject\",\"inLanguage\":\"fr-BE\",\"@id\":\"https:\/\/vieassociative.be\/actualites\/mes-deux-astuces-preferees-pour-enlever-les-autocollants-et-ladhesif\/#primaryimage\",\"url\":\"https:\/\/vieassociative.be\/actualites\/wp-content\/uploads\/2025\/01\/1737832954_Mes-deux-astuces-preferees-pour-enlever-les-autocollants-et-ladhesif.png\",\"contentUrl\":\"https:\/\/vieassociative.be\/actualites\/wp-content\/uploads\/2025\/01\/1737832954_Mes-deux-astuces-preferees-pour-enlever-les-autocollants-et-ladhesif.png\",\"width\":1200,\"height\":674,\"caption\":\"Mes deux astuces pr\u00e9f\u00e9r\u00e9es pour enlever les autocollants et l'adh\u00e9sif\"},{\"@type\":\"BreadcrumbList\",\"@id\":\"https:\/\/vieassociative.be\/actualites\/mes-deux-astuces-preferees-pour-enlever-les-autocollants-et-ladhesif\/#breadcrumb\",\"itemListElement\":[{\"@type\":\"ListItem\",\"position\":1,\"name\":\"Accueil\",\"item\":\"https:\/\/vieassociative.be\/actualites\/\"},{\"@type\":\"ListItem\",\"position\":2,\"name\":\"Mes deux astuces pr\u00e9f\u00e9r\u00e9es pour enlever les autocollants et l&rsquo;adh\u00e9sif\"}]},{\"@type\":\"WebSite\",\"@id\":\"https:\/\/vieassociative.be\/actualites\/#website\",\"url\":\"https:\/\/vieassociative.be\/actualites\/\",\"name\":\"Vie Associative\",\"description\":\"\",\"publisher\":{\"@id\":\"https:\/\/vieassociative.be\/actualites\/#organization\"},\"potentialAction\":[{\"@type\":\"SearchAction\",\"target\":{\"@type\":\"EntryPoint\",\"urlTemplate\":\"https:\/\/vieassociative.be\/actualites\/?s={search_term_string}\"},\"query-input\":{\"@type\":\"PropertyValueSpecification\",\"valueRequired\":true,\"valueName\":\"search_term_string\"}}],\"inLanguage\":\"fr-BE\"},{\"@type\":\"Organization\",\"@id\":\"https:\/\/vieassociative.be\/actualites\/#organization\",\"name\":\"Vie Associative\",\"url\":\"https:\/\/vieassociative.be\/actualites\/\",\"logo\":{\"@type\":\"ImageObject\",\"inLanguage\":\"fr-BE\",\"@id\":\"https:\/\/vieassociative.be\/actualites\/#\/schema\/logo\/image\/\",\"url\":\"https:\/\/vieassociative.be\/actualites\/wp-content\/uploads\/2024\/09\/cropped-vieassociative_favicon.ico.png\",\"contentUrl\":\"https:\/\/vieassociative.be\/actualites\/wp-content\/uploads\/2024\/09\/cropped-vieassociative_favicon.ico.png\",\"width\":512,\"height\":512,\"caption\":\"Vie Associative\"},\"image\":{\"@id\":\"https:\/\/vieassociative.be\/actualites\/#\/schema\/logo\/image\/\"}},{\"@type\":\"Person\",\"@id\":\"https:\/\/vieassociative.be\/actualites\/#\/schema\/person\/b87ac4f82f9d4e7b7cec7395b679edc4\",\"name\":\"Julien\",\"image\":{\"@type\":\"ImageObject\",\"inLanguage\":\"fr-BE\",\"@id\":\"https:\/\/vieassociative.be\/actualites\/#\/schema\/person\/image\/\",\"url\":\"https:\/\/vieassociative.be\/actualites\/wp-content\/uploads\/2024\/09\/vie-associative-1-150x150.jpg\",\"contentUrl\":\"https:\/\/vieassociative.be\/actualites\/wp-content\/uploads\/2024\/09\/vie-associative-1-150x150.jpg\",\"caption\":\"Julien\"},\"description\":\"Je suis Julien, r\u00e9dacteur pour Vie Associative. Passionn\u00e9 par le monde associatif depuis plus de 10 ans, j'ai \u00e0 c\u0153ur de partager des histoires inspirantes et de mettre en lumi\u00e8re les initiatives locales. Mon objectif est de sensibiliser et d'encourager l'engagement communautaire \u00e0 travers mes articles.\",\"sameAs\":[\"https:\/\/vieassociative.be\/\"]}]}<\/script>\n<!-- \/ Yoast SEO plugin. -->","yoast_head_json":{"title":"Mes deux astuces pr\u00e9f\u00e9r\u00e9es pour enlever les autocollants et l'adh\u00e9sif | Vie Associative","robots":{"index":"index","follow":"follow","max-snippet":"max-snippet:-1","max-image-preview":"max-image-preview:large","max-video-preview":"max-video-preview:-1"},"canonical":"https:\/\/vieassociative.be\/actualites\/mes-deux-astuces-preferees-pour-enlever-les-autocollants-et-ladhesif\/","og_locale":"fr_FR","og_type":"article","og_title":"Mes deux astuces pr\u00e9f\u00e9r\u00e9es pour enlever les autocollants et l'adh\u00e9sif | Vie Associative","og_description":"Dites adieu aux autocollants de prix une fois pour toutes. Il existe un nombre surprenant de produits qui arrivent dans votre maison avec des autocollants","og_url":"https:\/\/vieassociative.be\/actualites\/mes-deux-astuces-preferees-pour-enlever-les-autocollants-et-ladhesif\/","og_site_name":"Vie Associative","article_published_time":"2025-01-25T19:22:33+00:00","og_image":[{"url":"https:\/\/vieassociative.be\/actualites\/wp-content\/uploads\/2025\/01\/Mes-deux-astuces-preferees-pour-enlever-les-autocollants-et-ladhesif.png","type":"","width":"","height":""}],"author":"Julien","twitter_card":"summary_large_image","twitter_misc":{"\u00c9crit par":"Julien","Dur\u00e9e de lecture est.":"4 minutes"},"schema":{"@context":"https:\/\/schema.org","@graph":[{"@type":"Article","@id":"https:\/\/vieassociative.be\/actualites\/mes-deux-astuces-preferees-pour-enlever-les-autocollants-et-ladhesif\/#article","isPartOf":{"@id":"https:\/\/vieassociative.be\/actualites\/mes-deux-astuces-preferees-pour-enlever-les-autocollants-et-ladhesif\/"},"author":{"name":"Julien","@id":"https:\/\/vieassociative.be\/actualites\/#\/schema\/person\/b87ac4f82f9d4e7b7cec7395b679edc4"},"headline":"Mes deux astuces pr\u00e9f\u00e9r\u00e9es pour enlever les autocollants et l&rsquo;adh\u00e9sif","datePublished":"2025-01-25T19:22:33+00:00","dateModified":"2025-01-25T19:22:33+00:00","mainEntityOfPage":{"@id":"https:\/\/vieassociative.be\/actualites\/mes-deux-astuces-preferees-pour-enlever-les-autocollants-et-ladhesif\/"},"wordCount":946,"publisher":{"@id":"https:\/\/vieassociative.be\/actualites\/#organization"},"image":{"@id":"https:\/\/vieassociative.be\/actualites\/mes-deux-astuces-preferees-pour-enlever-les-autocollants-et-ladhesif\/#primaryimage"},"thumbnailUrl":"https:\/\/vieassociative.be\/actualites\/wp-content\/uploads\/2025\/01\/1737832954_Mes-deux-astuces-preferees-pour-enlever-les-autocollants-et-ladhesif.png","keywords":["astuces","autocollants","deux","enlever","ladh\u00e9sif","Les","Mes","pour","pr\u00e9f\u00e9r\u00e9es"],"articleSection":["Maison"],"inLanguage":"fr-BE"},{"@type":"WebPage","@id":"https:\/\/vieassociative.be\/actualites\/mes-deux-astuces-preferees-pour-enlever-les-autocollants-et-ladhesif\/","url":"https:\/\/vieassociative.be\/actualites\/mes-deux-astuces-preferees-pour-enlever-les-autocollants-et-ladhesif\/","name":"Mes deux astuces pr\u00e9f\u00e9r\u00e9es pour enlever les autocollants et l'adh\u00e9sif | Vie Associative","isPartOf":{"@id":"https:\/\/vieassociative.be\/actualites\/#website"},"primaryImageOfPage":{"@id":"https:\/\/vieassociative.be\/actualites\/mes-deux-astuces-preferees-pour-enlever-les-autocollants-et-ladhesif\/#primaryimage"},"image":{"@id":"https:\/\/vieassociative.be\/actualites\/mes-deux-astuces-preferees-pour-enlever-les-autocollants-et-ladhesif\/#primaryimage"},"thumbnailUrl":"https:\/\/vieassociative.be\/actualites\/wp-content\/uploads\/2025\/01\/1737832954_Mes-deux-astuces-preferees-pour-enlever-les-autocollants-et-ladhesif.png","datePublished":"2025-01-25T19:22:33+00:00","dateModified":"2025-01-25T19:22:33+00:00","breadcrumb":{"@id":"https:\/\/vieassociative.be\/actualites\/mes-deux-astuces-preferees-pour-enlever-les-autocollants-et-ladhesif\/#breadcrumb"},"inLanguage":"fr-BE","potentialAction":[{"@type":"ReadAction","target":["https:\/\/vieassociative.be\/actualites\/mes-deux-astuces-preferees-pour-enlever-les-autocollants-et-ladhesif\/"]}]},{"@type":"ImageObject","inLanguage":"fr-BE","@id":"https:\/\/vieassociative.be\/actualites\/mes-deux-astuces-preferees-pour-enlever-les-autocollants-et-ladhesif\/#primaryimage","url":"https:\/\/vieassociative.be\/actualites\/wp-content\/uploads\/2025\/01\/1737832954_Mes-deux-astuces-preferees-pour-enlever-les-autocollants-et-ladhesif.png","contentUrl":"https:\/\/vieassociative.be\/actualites\/wp-content\/uploads\/2025\/01\/1737832954_Mes-deux-astuces-preferees-pour-enlever-les-autocollants-et-ladhesif.png","width":1200,"height":674,"caption":"Mes deux astuces pr\u00e9f\u00e9r\u00e9es pour enlever les autocollants et l'adh\u00e9sif"},{"@type":"BreadcrumbList","@id":"https:\/\/vieassociative.be\/actualites\/mes-deux-astuces-preferees-pour-enlever-les-autocollants-et-ladhesif\/#breadcrumb","itemListElement":[{"@type":"ListItem","position":1,"name":"Accueil","item":"https:\/\/vieassociative.be\/actualites\/"},{"@type":"ListItem","position":2,"name":"Mes deux astuces pr\u00e9f\u00e9r\u00e9es pour enlever les autocollants et l&rsquo;adh\u00e9sif"}]},{"@type":"WebSite","@id":"https:\/\/vieassociative.be\/actualites\/#website","url":"https:\/\/vieassociative.be\/actualites\/","name":"Vie Associative","description":"","publisher":{"@id":"https:\/\/vieassociative.be\/actualites\/#organization"},"potentialAction":[{"@type":"SearchAction","target":{"@type":"EntryPoint","urlTemplate":"https:\/\/vieassociative.be\/actualites\/?s={search_term_string}"},"query-input":{"@type":"PropertyValueSpecification","valueRequired":true,"valueName":"search_term_string"}}],"inLanguage":"fr-BE"},{"@type":"Organization","@id":"https:\/\/vieassociative.be\/actualites\/#organization","name":"Vie Associative","url":"https:\/\/vieassociative.be\/actualites\/","logo":{"@type":"ImageObject","inLanguage":"fr-BE","@id":"https:\/\/vieassociative.be\/actualites\/#\/schema\/logo\/image\/","url":"https:\/\/vieassociative.be\/actualites\/wp-content\/uploads\/2024\/09\/cropped-vieassociative_favicon.ico.png","contentUrl":"https:\/\/vieassociative.be\/actualites\/wp-content\/uploads\/2024\/09\/cropped-vieassociative_favicon.ico.png","width":512,"height":512,"caption":"Vie Associative"},"image":{"@id":"https:\/\/vieassociative.be\/actualites\/#\/schema\/logo\/image\/"}},{"@type":"Person","@id":"https:\/\/vieassociative.be\/actualites\/#\/schema\/person\/b87ac4f82f9d4e7b7cec7395b679edc4","name":"Julien","image":{"@type":"ImageObject","inLanguage":"fr-BE","@id":"https:\/\/vieassociative.be\/actualites\/#\/schema\/person\/image\/","url":"https:\/\/vieassociative.be\/actualites\/wp-content\/uploads\/2024\/09\/vie-associative-1-150x150.jpg","contentUrl":"https:\/\/vieassociative.be\/actualites\/wp-content\/uploads\/2024\/09\/vie-associative-1-150x150.jpg","caption":"Julien"},"description":"Je suis Julien, r\u00e9dacteur pour Vie Associative. Passionn\u00e9 par le monde associatif depuis plus de 10 ans, j'ai \u00e0 c\u0153ur de partager des histoires inspirantes et de mettre en lumi\u00e8re les initiatives locales. Mon objectif est de sensibiliser et d'encourager l'engagement communautaire \u00e0 travers mes articles.","sameAs":["https:\/\/vieassociative.be\/"]}]}},"_links":{"self":[{"href":"https:\/\/vieassociative.be\/actualites\/wp-json\/wp\/v2\/posts\/4586"}],"collection":[{"href":"https:\/\/vieassociative.be\/actualites\/wp-json\/wp\/v2\/posts"}],"about":[{"href":"https:\/\/vieassociative.be\/actualites\/wp-json\/wp\/v2\/types\/post"}],"author":[{"embeddable":true,"href":"https:\/\/vieassociative.be\/actualites\/wp-json\/wp\/v2\/users\/1"}],"replies":[{"embeddable":true,"href":"https:\/\/vieassociative.be\/actualites\/wp-json\/wp\/v2\/comments?post=4586"}],"version-history":[{"count":0,"href":"https:\/\/vieassociative.be\/actualites\/wp-json\/wp\/v2\/posts\/4586\/revisions"}],"wp:featuredmedia":[{"embeddable":true,"href":"https:\/\/vieassociative.be\/actualites\/wp-json\/wp\/v2\/media\/4587"}],"wp:attachment":[{"href":"https:\/\/vieassociative.be\/actualites\/wp-json\/wp\/v2\/media?parent=4586"}],"wp:term":[{"taxonomy":"category","embeddable":true,"href":"https:\/\/vieassociative.be\/actualites\/wp-json\/wp\/v2\/categories?post=4586"},{"taxonomy":"post_tag","embeddable":true,"href":"https:\/\/vieassociative.be\/actualites\/wp-json\/wp\/v2\/tags?post=4586"}],"curies":[{"name":"wp","href":"https:\/\/api.w.org\/{rel}","templated":true}]}}