{"id":4581,"date":"2025-01-25T15:19:07","date_gmt":"2025-01-25T14:19:07","guid":{"rendered":"https:\/\/vieassociative.be\/actualites\/le-hamas-libere-quatre-otages-supplementaires-dans-la-bande-de-gaza\/"},"modified":"2025-01-25T15:19:07","modified_gmt":"2025-01-25T14:19:07","slug":"le-hamas-libere-quatre-otages-supplementaires-dans-la-bande-de-gaza","status":"publish","type":"post","link":"https:\/\/vieassociative.be\/actualites\/le-hamas-libere-quatre-otages-supplementaires-dans-la-bande-de-gaza\/","title":{"rendered":"Le Hamas lib\u00e8re quatre otages suppl\u00e9mentaires dans la bande de Gaza"},"content":{"rendered":"<p><strong>Les terroristes ont kidnapp\u00e9 les soldats isra\u00e9liens il y a plus de 15 mois lors du massacre du Hamas. Ils sont d\u00e9sormais \u00e9chang\u00e9s contre des prisonniers palestiniens.<\/strong><\/p>\n<p><span id=\"more-406799\"><\/span>Le Hamas islamiste a remis quatre autres otages au Comit\u00e9 international de la Croix-Rouge dans la bande de Gaza. Il s&rsquo;agit des militaires Liri Albag, Naama Levy, Karina Ariev et Daniella Gilboa. Des terroristes islamistes ont kidnapp\u00e9 les quatre personnes lors du massacre du Hamas le 7 octobre 2023.<\/p>\n<p><strong>\u2013 Performance martiale du Hamas :<\/strong> Des combattants du Hamas arm\u00e9s et masqu\u00e9s ont remis les soldats aux repr\u00e9sentants de la Croix-Rouge sur une place de la ville de Gaza, qui \u00e9taient cens\u00e9s les emmener \u00e0 l&rsquo;arm\u00e9e isra\u00e9lienne. Sur les images t\u00e9l\u00e9vis\u00e9es, les femmes entour\u00e9es de combattants arm\u00e9s souriaient. Avant de pouvoir monter \u00e0 bord des v\u00e9hicules de la Croix-Rouge, ils ont \u00e9t\u00e9 conduits sur une sc\u00e8ne pour saluer la foule rassembl\u00e9e sur la place.<\/p>\n<div id=\"attachment_406803\" class=\"wp-caption alignleft\" style=\"max-width: 300px\"><img fetchpriority=\"high\" decoding=\"async\" class=\"wp-image-406803 size-medium\" src=\"https:\/\/vieassociative.be\/actualites\/wp-content\/uploads\/2025\/01\/Le-Hamas-libere-quatre-otages-supplementaires-dans-la-bande-de.jpg\" alt=\"\" width=\"300\" height=\"200\"><\/p>\n<p class=\"wp-caption-text\">01\/25\/2025, Territoires palestiniens, ville de Gaza : des combattants du Hamas se tiennent dans le centre de la ville de Gaza avant la lib\u00e9ration pr\u00e9vue de quatre otages isra\u00e9liennes qui doivent \u00eatre remises \u00e0 la Croix-Rouge dans la ville de Gaza le samedi 25 janvier 2025 . Photo : Abed Hajjar\/AP\/dpa<\/p>\n<\/div>\n<p>On ne sait pas clairement si les femmes ont agi de leur plein gr\u00e9 ou sous la menace. Au bout de quelques minutes, le convoi de la Croix-Rouge a quitt\u00e9 la place.<\/p>\n<p>Le cessez-le-feu, convenu il y a dix jours entre Isra\u00ebl et le Hamas, devrait initialement durer six semaines. Elle est entr\u00e9e en vigueur dimanche dernier. Il y a pr\u00e8s d&rsquo;une semaine, le Hamas a lib\u00e9r\u00e9 trois civils enlev\u00e9s en Isra\u00ebl. Les femmes d\u00e9sormais lib\u00e9r\u00e9es constituent le deuxi\u00e8me groupe d&rsquo;otages \u00e0 \u00eatre lib\u00e9r\u00e9s en vertu du nouvel accord.<\/p>\n<p>Ils devraient d&rsquo;abord se soumettre \u00e0 un examen m\u00e9dical et, selon le site d&rsquo;information ynet, rencontrer leurs parents d\u00e8s leur arriv\u00e9e sur le territoire isra\u00e9lien. Les femmes seront ensuite emmen\u00e9es dans une clinique pr\u00e8s de Tel Aviv, o\u00f9 elles rencontreront \u00e9galement d&rsquo;autres proches.<\/p>\n<p>A Tel-Aviv, de nombreuses personnes attendaient la nouvelle de la lib\u00e9ration des otages.<\/p>\n<p>L\u2019accord exige qu\u2019Isra\u00ebl lib\u00e8re 50 prisonniers palestiniens des prisons isra\u00e9liennes pour chaque soldat, dont 30 personnes purgeant des peines \u00e0 perp\u00e9tuit\u00e9. Au total, 200 prisonniers palestiniens doivent \u00eatre lib\u00e9r\u00e9s en \u00e9change des femmes. Certains sont envoy\u00e9s \u00e0 l&rsquo;\u00e9tranger dans le cadre de cet accord en raison de leurs crimes graves.<\/p>\n<p><strong>\u2013 90 otages isra\u00e9liens toujours dans la bande de Gaza :<\/strong> 90 personnes enlev\u00e9es en Isra\u00ebl sont d\u00e9sormais d\u00e9tenues dans la bande de Gaza, dont, selon les informations isra\u00e9liennes, plus de 30 ont \u00e9t\u00e9 d\u00e9clar\u00e9es mortes.<\/p>\n<div id=\"attachment_406807\" class=\"wp-caption alignleft\" style=\"max-width: 300px\"><img decoding=\"async\" class=\"wp-image-406807 size-medium\" src=\"https:\/\/vieassociative.be\/actualites\/wp-content\/uploads\/2025\/01\/1737814747_314_Le-Hamas-libere-quatre-otages-supplementaires-dans-la-bande-de.jpg\" alt=\"\" width=\"300\" height=\"200\"><\/p>\n<p class=\"wp-caption-text\">01\/25\/2025, Territoires palestiniens, ville de Gaza : des combattants du Hamas se tiennent dans le centre de la ville de Gaza avant la lib\u00e9ration pr\u00e9vue de quatre otages isra\u00e9liennes qui doivent \u00eatre remises \u00e0 la Croix-Rouge dans la ville de Gaza le samedi 25 janvier 2025 . Photo : Abed Hajjar\/AP\/dpa<\/p>\n<\/div>\n<p>Dans les semaines \u00e0 venir, premi\u00e8re phase de l&rsquo;accord de cessez-le-feu, 26 otages suppl\u00e9mentaires doivent \u00eatre lib\u00e9r\u00e9s. Selon le site d&rsquo;information ynet, huit d&rsquo;entre eux ne seraient plus en vie.<\/p>\n<p>Trois autres personnes enlev\u00e9es devraient \u00eatre lib\u00e9r\u00e9es dans une semaine. En \u00e9change, il a \u00e9t\u00e9 convenu qu&rsquo;Isra\u00ebl lib\u00e9rerait 1 904 prisonniers palestiniens des prisons isra\u00e9liennes, pour un total de 33 otages.<\/p>\n<p>Il est \u00e9galement pr\u00e9vu que le Hamas et Isra\u00ebl n\u00e9gocient de nouvelles mesures dans les semaines \u00e0 venir. L\u2019objectif est le retrait complet de l\u2019arm\u00e9e isra\u00e9lienne de la bande de Gaza et la lib\u00e9ration des derniers otages. Si les deux parties ne parviennent pas \u00e0 un accord, la guerre pourrait continuer.<\/p>\n<p>La guerre \u00e0 Gaza a \u00e9clat\u00e9 apr\u00e8s l\u2019attaque contre Isra\u00ebl par le Hamas et d\u2019autres groupes terroristes en octobre 2023, qui a fait environ 1\u00a0200 morts et plus de 250 personnes enlev\u00e9es en Isra\u00ebl. De grandes parties de la bande de Gaza habit\u00e9es par les Palestiniens reposent sous les d\u00e9combres et les cendres. Selon les autorit\u00e9s sanitaires contr\u00f4l\u00e9es par le Hamas, plus de 47 000 personnes ont \u00e9t\u00e9 tu\u00e9es. Elle ne pr\u00e9cise pas combien d\u2019entre eux sont des civils et combien sont des combattants.<\/p>\n<p>Dans le cadre d&rsquo;un cessez-le-feu temporaire fin novembre 2023, le Hamas a lib\u00e9r\u00e9 105 otages. En \u00e9change, Isra\u00ebl a lib\u00e9r\u00e9 240 prisonniers palestiniens. (dpa)<\/p>\n","protected":false},"excerpt":{"rendered":"<p>Les terroristes ont kidnapp\u00e9 les soldats isra\u00e9liens il y a plus de 15 mois lors du massacre du Hamas. Ils sont d\u00e9sormais \u00e9chang\u00e9s contre des<\/p>\n","protected":false},"author":1,"featured_media":4582,"comment_status":"","ping_status":"","sticky":false,"template":"","format":"standard","meta":{"footnotes":""},"categories":[298],"tags":[4945,166,4755,4944,3851,4757,1435,3099],"class_list":["post-4581","post","type-post","status-publish","format-standard","has-post-thumbnail","hentry","category-belgique","tag-bande","tag-dans","tag-gaza","tag-hamas","tag-libere","tag-otages","tag-quatre","tag-supplementaires","generate-columns","tablet-grid-50","mobile-grid-100","grid-parent","grid-33"],"yoast_head":"<!-- This site is optimized with the Yoast SEO plugin v24.0 - https:\/\/yoast.com\/wordpress\/plugins\/seo\/ -->\n<title>Le Hamas lib\u00e8re quatre otages suppl\u00e9mentaires dans la bande de Gaza | Vie Associative<\/title>\n<meta name=\"robots\" content=\"index, follow, max-snippet:-1, max-image-preview:large, max-video-preview:-1\" \/>\n<link rel=\"canonical\" href=\"https:\/\/vieassociative.be\/actualites\/le-hamas-libere-quatre-otages-supplementaires-dans-la-bande-de-gaza\/\" \/>\n<meta property=\"og:locale\" content=\"fr_FR\" \/>\n<meta property=\"og:type\" content=\"article\" \/>\n<meta property=\"og:title\" content=\"Le Hamas lib\u00e8re quatre otages suppl\u00e9mentaires dans la bande de Gaza | Vie Associative\" \/>\n<meta property=\"og:description\" content=\"Les terroristes ont kidnapp\u00e9 les soldats isra\u00e9liens il y a plus de 15 mois lors du massacre du Hamas. Ils sont d\u00e9sormais \u00e9chang\u00e9s contre des\" \/>\n<meta property=\"og:url\" content=\"https:\/\/vieassociative.be\/actualites\/le-hamas-libere-quatre-otages-supplementaires-dans-la-bande-de-gaza\/\" \/>\n<meta property=\"og:site_name\" content=\"Vie Associative\" \/>\n<meta property=\"article:published_time\" content=\"2025-01-25T14:19:07+00:00\" \/>\n<meta property=\"og:image\" content=\"https:\/\/vieassociative.be\/actualites\/wp-content\/uploads\/2024\/09\/header_backgroundk-01-e1726694325946.png\" \/>\n\t<meta property=\"og:image:width\" content=\"279\" \/>\n\t<meta property=\"og:image:height\" content=\"92\" \/>\n\t<meta property=\"og:image:type\" content=\"image\/png\" \/>\n<meta name=\"author\" content=\"Julien\" \/>\n<meta name=\"twitter:card\" content=\"summary_large_image\" \/>\n<meta name=\"twitter:label1\" content=\"\u00c9crit par\" \/>\n\t<meta name=\"twitter:data1\" content=\"Julien\" \/>\n\t<meta name=\"twitter:label2\" content=\"Dur\u00e9e de lecture est.\" \/>\n\t<meta name=\"twitter:data2\" content=\"4 minutes\" \/>\n<script type=\"application\/ld+json\" class=\"yoast-schema-graph\">{\"@context\":\"https:\/\/schema.org\",\"@graph\":[{\"@type\":\"Article\",\"@id\":\"https:\/\/vieassociative.be\/actualites\/le-hamas-libere-quatre-otages-supplementaires-dans-la-bande-de-gaza\/#article\",\"isPartOf\":{\"@id\":\"https:\/\/vieassociative.be\/actualites\/le-hamas-libere-quatre-otages-supplementaires-dans-la-bande-de-gaza\/\"},\"author\":{\"name\":\"Julien\",\"@id\":\"https:\/\/vieassociative.be\/actualites\/#\/schema\/person\/b87ac4f82f9d4e7b7cec7395b679edc4\"},\"headline\":\"Le Hamas lib\u00e8re quatre otages suppl\u00e9mentaires dans la bande de Gaza\",\"datePublished\":\"2025-01-25T14:19:07+00:00\",\"dateModified\":\"2025-01-25T14:19:07+00:00\",\"mainEntityOfPage\":{\"@id\":\"https:\/\/vieassociative.be\/actualites\/le-hamas-libere-quatre-otages-supplementaires-dans-la-bande-de-gaza\/\"},\"wordCount\":779,\"publisher\":{\"@id\":\"https:\/\/vieassociative.be\/actualites\/#organization\"},\"image\":{\"@id\":\"https:\/\/vieassociative.be\/actualites\/le-hamas-libere-quatre-otages-supplementaires-dans-la-bande-de-gaza\/#primaryimage\"},\"thumbnailUrl\":\"https:\/\/vieassociative.be\/actualites\/wp-content\/uploads\/2025\/01\/1737814747_Le-Hamas-libere-quatre-otages-supplementaires-dans-la-bande-de.jpg\",\"keywords\":[\"bande\",\"dans\",\"Gaza\",\"Hamas\",\"lib\u00e8re\",\"otages\",\"Quatre\",\"suppl\u00e9mentaires\"],\"articleSection\":[\"Belgique\"],\"inLanguage\":\"fr-BE\"},{\"@type\":\"WebPage\",\"@id\":\"https:\/\/vieassociative.be\/actualites\/le-hamas-libere-quatre-otages-supplementaires-dans-la-bande-de-gaza\/\",\"url\":\"https:\/\/vieassociative.be\/actualites\/le-hamas-libere-quatre-otages-supplementaires-dans-la-bande-de-gaza\/\",\"name\":\"Le Hamas lib\u00e8re quatre otages suppl\u00e9mentaires dans la bande de Gaza | Vie Associative\",\"isPartOf\":{\"@id\":\"https:\/\/vieassociative.be\/actualites\/#website\"},\"primaryImageOfPage\":{\"@id\":\"https:\/\/vieassociative.be\/actualites\/le-hamas-libere-quatre-otages-supplementaires-dans-la-bande-de-gaza\/#primaryimage\"},\"image\":{\"@id\":\"https:\/\/vieassociative.be\/actualites\/le-hamas-libere-quatre-otages-supplementaires-dans-la-bande-de-gaza\/#primaryimage\"},\"thumbnailUrl\":\"https:\/\/vieassociative.be\/actualites\/wp-content\/uploads\/2025\/01\/1737814747_Le-Hamas-libere-quatre-otages-supplementaires-dans-la-bande-de.jpg\",\"datePublished\":\"2025-01-25T14:19:07+00:00\",\"dateModified\":\"2025-01-25T14:19:07+00:00\",\"breadcrumb\":{\"@id\":\"https:\/\/vieassociative.be\/actualites\/le-hamas-libere-quatre-otages-supplementaires-dans-la-bande-de-gaza\/#breadcrumb\"},\"inLanguage\":\"fr-BE\",\"potentialAction\":[{\"@type\":\"ReadAction\",\"target\":[\"https:\/\/vieassociative.be\/actualites\/le-hamas-libere-quatre-otages-supplementaires-dans-la-bande-de-gaza\/\"]}]},{\"@type\":\"ImageObject\",\"inLanguage\":\"fr-BE\",\"@id\":\"https:\/\/vieassociative.be\/actualites\/le-hamas-libere-quatre-otages-supplementaires-dans-la-bande-de-gaza\/#primaryimage\",\"url\":\"https:\/\/vieassociative.be\/actualites\/wp-content\/uploads\/2025\/01\/1737814747_Le-Hamas-libere-quatre-otages-supplementaires-dans-la-bande-de.jpg\",\"contentUrl\":\"https:\/\/vieassociative.be\/actualites\/wp-content\/uploads\/2025\/01\/1737814747_Le-Hamas-libere-quatre-otages-supplementaires-dans-la-bande-de.jpg\",\"width\":1200,\"height\":800,\"caption\":\"Le Hamas lib\u00e8re quatre otages suppl\u00e9mentaires dans la bande de Gaza\"},{\"@type\":\"BreadcrumbList\",\"@id\":\"https:\/\/vieassociative.be\/actualites\/le-hamas-libere-quatre-otages-supplementaires-dans-la-bande-de-gaza\/#breadcrumb\",\"itemListElement\":[{\"@type\":\"ListItem\",\"position\":1,\"name\":\"Accueil\",\"item\":\"https:\/\/vieassociative.be\/actualites\/\"},{\"@type\":\"ListItem\",\"position\":2,\"name\":\"Le Hamas lib\u00e8re quatre otages suppl\u00e9mentaires dans la bande de Gaza\"}]},{\"@type\":\"WebSite\",\"@id\":\"https:\/\/vieassociative.be\/actualites\/#website\",\"url\":\"https:\/\/vieassociative.be\/actualites\/\",\"name\":\"Vie Associative\",\"description\":\"\",\"publisher\":{\"@id\":\"https:\/\/vieassociative.be\/actualites\/#organization\"},\"potentialAction\":[{\"@type\":\"SearchAction\",\"target\":{\"@type\":\"EntryPoint\",\"urlTemplate\":\"https:\/\/vieassociative.be\/actualites\/?s={search_term_string}\"},\"query-input\":{\"@type\":\"PropertyValueSpecification\",\"valueRequired\":true,\"valueName\":\"search_term_string\"}}],\"inLanguage\":\"fr-BE\"},{\"@type\":\"Organization\",\"@id\":\"https:\/\/vieassociative.be\/actualites\/#organization\",\"name\":\"Vie Associative\",\"url\":\"https:\/\/vieassociative.be\/actualites\/\",\"logo\":{\"@type\":\"ImageObject\",\"inLanguage\":\"fr-BE\",\"@id\":\"https:\/\/vieassociative.be\/actualites\/#\/schema\/logo\/image\/\",\"url\":\"https:\/\/vieassociative.be\/actualites\/wp-content\/uploads\/2024\/09\/cropped-vieassociative_favicon.ico.png\",\"contentUrl\":\"https:\/\/vieassociative.be\/actualites\/wp-content\/uploads\/2024\/09\/cropped-vieassociative_favicon.ico.png\",\"width\":512,\"height\":512,\"caption\":\"Vie Associative\"},\"image\":{\"@id\":\"https:\/\/vieassociative.be\/actualites\/#\/schema\/logo\/image\/\"}},{\"@type\":\"Person\",\"@id\":\"https:\/\/vieassociative.be\/actualites\/#\/schema\/person\/b87ac4f82f9d4e7b7cec7395b679edc4\",\"name\":\"Julien\",\"image\":{\"@type\":\"ImageObject\",\"inLanguage\":\"fr-BE\",\"@id\":\"https:\/\/vieassociative.be\/actualites\/#\/schema\/person\/image\/\",\"url\":\"https:\/\/vieassociative.be\/actualites\/wp-content\/uploads\/2024\/09\/vie-associative-1-150x150.jpg\",\"contentUrl\":\"https:\/\/vieassociative.be\/actualites\/wp-content\/uploads\/2024\/09\/vie-associative-1-150x150.jpg\",\"caption\":\"Julien\"},\"description\":\"Je suis Julien, r\u00e9dacteur pour Vie Associative. Passionn\u00e9 par le monde associatif depuis plus de 10 ans, j'ai \u00e0 c\u0153ur de partager des histoires inspirantes et de mettre en lumi\u00e8re les initiatives locales. Mon objectif est de sensibiliser et d'encourager l'engagement communautaire \u00e0 travers mes articles.\",\"sameAs\":[\"https:\/\/vieassociative.be\/\"]}]}<\/script>\n<!-- \/ Yoast SEO plugin. -->","yoast_head_json":{"title":"Le Hamas lib\u00e8re quatre otages suppl\u00e9mentaires dans la bande de Gaza | Vie Associative","robots":{"index":"index","follow":"follow","max-snippet":"max-snippet:-1","max-image-preview":"max-image-preview:large","max-video-preview":"max-video-preview:-1"},"canonical":"https:\/\/vieassociative.be\/actualites\/le-hamas-libere-quatre-otages-supplementaires-dans-la-bande-de-gaza\/","og_locale":"fr_FR","og_type":"article","og_title":"Le Hamas lib\u00e8re quatre otages suppl\u00e9mentaires dans la bande de Gaza | Vie Associative","og_description":"Les terroristes ont kidnapp\u00e9 les soldats isra\u00e9liens il y a plus de 15 mois lors du massacre du Hamas. Ils sont d\u00e9sormais \u00e9chang\u00e9s contre des","og_url":"https:\/\/vieassociative.be\/actualites\/le-hamas-libere-quatre-otages-supplementaires-dans-la-bande-de-gaza\/","og_site_name":"Vie Associative","article_published_time":"2025-01-25T14:19:07+00:00","og_image":[{"width":279,"height":92,"url":"https:\/\/vieassociative.be\/actualites\/wp-content\/uploads\/2024\/09\/header_backgroundk-01-e1726694325946.png","type":"image\/png"}],"author":"Julien","twitter_card":"summary_large_image","twitter_misc":{"\u00c9crit par":"Julien","Dur\u00e9e de lecture est.":"4 minutes"},"schema":{"@context":"https:\/\/schema.org","@graph":[{"@type":"Article","@id":"https:\/\/vieassociative.be\/actualites\/le-hamas-libere-quatre-otages-supplementaires-dans-la-bande-de-gaza\/#article","isPartOf":{"@id":"https:\/\/vieassociative.be\/actualites\/le-hamas-libere-quatre-otages-supplementaires-dans-la-bande-de-gaza\/"},"author":{"name":"Julien","@id":"https:\/\/vieassociative.be\/actualites\/#\/schema\/person\/b87ac4f82f9d4e7b7cec7395b679edc4"},"headline":"Le Hamas lib\u00e8re quatre otages suppl\u00e9mentaires dans la bande de Gaza","datePublished":"2025-01-25T14:19:07+00:00","dateModified":"2025-01-25T14:19:07+00:00","mainEntityOfPage":{"@id":"https:\/\/vieassociative.be\/actualites\/le-hamas-libere-quatre-otages-supplementaires-dans-la-bande-de-gaza\/"},"wordCount":779,"publisher":{"@id":"https:\/\/vieassociative.be\/actualites\/#organization"},"image":{"@id":"https:\/\/vieassociative.be\/actualites\/le-hamas-libere-quatre-otages-supplementaires-dans-la-bande-de-gaza\/#primaryimage"},"thumbnailUrl":"https:\/\/vieassociative.be\/actualites\/wp-content\/uploads\/2025\/01\/1737814747_Le-Hamas-libere-quatre-otages-supplementaires-dans-la-bande-de.jpg","keywords":["bande","dans","Gaza","Hamas","lib\u00e8re","otages","Quatre","suppl\u00e9mentaires"],"articleSection":["Belgique"],"inLanguage":"fr-BE"},{"@type":"WebPage","@id":"https:\/\/vieassociative.be\/actualites\/le-hamas-libere-quatre-otages-supplementaires-dans-la-bande-de-gaza\/","url":"https:\/\/vieassociative.be\/actualites\/le-hamas-libere-quatre-otages-supplementaires-dans-la-bande-de-gaza\/","name":"Le Hamas lib\u00e8re quatre otages suppl\u00e9mentaires dans la bande de Gaza | Vie Associative","isPartOf":{"@id":"https:\/\/vieassociative.be\/actualites\/#website"},"primaryImageOfPage":{"@id":"https:\/\/vieassociative.be\/actualites\/le-hamas-libere-quatre-otages-supplementaires-dans-la-bande-de-gaza\/#primaryimage"},"image":{"@id":"https:\/\/vieassociative.be\/actualites\/le-hamas-libere-quatre-otages-supplementaires-dans-la-bande-de-gaza\/#primaryimage"},"thumbnailUrl":"https:\/\/vieassociative.be\/actualites\/wp-content\/uploads\/2025\/01\/1737814747_Le-Hamas-libere-quatre-otages-supplementaires-dans-la-bande-de.jpg","datePublished":"2025-01-25T14:19:07+00:00","dateModified":"2025-01-25T14:19:07+00:00","breadcrumb":{"@id":"https:\/\/vieassociative.be\/actualites\/le-hamas-libere-quatre-otages-supplementaires-dans-la-bande-de-gaza\/#breadcrumb"},"inLanguage":"fr-BE","potentialAction":[{"@type":"ReadAction","target":["https:\/\/vieassociative.be\/actualites\/le-hamas-libere-quatre-otages-supplementaires-dans-la-bande-de-gaza\/"]}]},{"@type":"ImageObject","inLanguage":"fr-BE","@id":"https:\/\/vieassociative.be\/actualites\/le-hamas-libere-quatre-otages-supplementaires-dans-la-bande-de-gaza\/#primaryimage","url":"https:\/\/vieassociative.be\/actualites\/wp-content\/uploads\/2025\/01\/1737814747_Le-Hamas-libere-quatre-otages-supplementaires-dans-la-bande-de.jpg","contentUrl":"https:\/\/vieassociative.be\/actualites\/wp-content\/uploads\/2025\/01\/1737814747_Le-Hamas-libere-quatre-otages-supplementaires-dans-la-bande-de.jpg","width":1200,"height":800,"caption":"Le Hamas lib\u00e8re quatre otages suppl\u00e9mentaires dans la bande de Gaza"},{"@type":"BreadcrumbList","@id":"https:\/\/vieassociative.be\/actualites\/le-hamas-libere-quatre-otages-supplementaires-dans-la-bande-de-gaza\/#breadcrumb","itemListElement":[{"@type":"ListItem","position":1,"name":"Accueil","item":"https:\/\/vieassociative.be\/actualites\/"},{"@type":"ListItem","position":2,"name":"Le Hamas lib\u00e8re quatre otages suppl\u00e9mentaires dans la bande de Gaza"}]},{"@type":"WebSite","@id":"https:\/\/vieassociative.be\/actualites\/#website","url":"https:\/\/vieassociative.be\/actualites\/","name":"Vie Associative","description":"","publisher":{"@id":"https:\/\/vieassociative.be\/actualites\/#organization"},"potentialAction":[{"@type":"SearchAction","target":{"@type":"EntryPoint","urlTemplate":"https:\/\/vieassociative.be\/actualites\/?s={search_term_string}"},"query-input":{"@type":"PropertyValueSpecification","valueRequired":true,"valueName":"search_term_string"}}],"inLanguage":"fr-BE"},{"@type":"Organization","@id":"https:\/\/vieassociative.be\/actualites\/#organization","name":"Vie Associative","url":"https:\/\/vieassociative.be\/actualites\/","logo":{"@type":"ImageObject","inLanguage":"fr-BE","@id":"https:\/\/vieassociative.be\/actualites\/#\/schema\/logo\/image\/","url":"https:\/\/vieassociative.be\/actualites\/wp-content\/uploads\/2024\/09\/cropped-vieassociative_favicon.ico.png","contentUrl":"https:\/\/vieassociative.be\/actualites\/wp-content\/uploads\/2024\/09\/cropped-vieassociative_favicon.ico.png","width":512,"height":512,"caption":"Vie Associative"},"image":{"@id":"https:\/\/vieassociative.be\/actualites\/#\/schema\/logo\/image\/"}},{"@type":"Person","@id":"https:\/\/vieassociative.be\/actualites\/#\/schema\/person\/b87ac4f82f9d4e7b7cec7395b679edc4","name":"Julien","image":{"@type":"ImageObject","inLanguage":"fr-BE","@id":"https:\/\/vieassociative.be\/actualites\/#\/schema\/person\/image\/","url":"https:\/\/vieassociative.be\/actualites\/wp-content\/uploads\/2024\/09\/vie-associative-1-150x150.jpg","contentUrl":"https:\/\/vieassociative.be\/actualites\/wp-content\/uploads\/2024\/09\/vie-associative-1-150x150.jpg","caption":"Julien"},"description":"Je suis Julien, r\u00e9dacteur pour Vie Associative. Passionn\u00e9 par le monde associatif depuis plus de 10 ans, j'ai \u00e0 c\u0153ur de partager des histoires inspirantes et de mettre en lumi\u00e8re les initiatives locales. Mon objectif est de sensibiliser et d'encourager l'engagement communautaire \u00e0 travers mes articles.","sameAs":["https:\/\/vieassociative.be\/"]}]}},"_links":{"self":[{"href":"https:\/\/vieassociative.be\/actualites\/wp-json\/wp\/v2\/posts\/4581"}],"collection":[{"href":"https:\/\/vieassociative.be\/actualites\/wp-json\/wp\/v2\/posts"}],"about":[{"href":"https:\/\/vieassociative.be\/actualites\/wp-json\/wp\/v2\/types\/post"}],"author":[{"embeddable":true,"href":"https:\/\/vieassociative.be\/actualites\/wp-json\/wp\/v2\/users\/1"}],"replies":[{"embeddable":true,"href":"https:\/\/vieassociative.be\/actualites\/wp-json\/wp\/v2\/comments?post=4581"}],"version-history":[{"count":0,"href":"https:\/\/vieassociative.be\/actualites\/wp-json\/wp\/v2\/posts\/4581\/revisions"}],"wp:featuredmedia":[{"embeddable":true,"href":"https:\/\/vieassociative.be\/actualites\/wp-json\/wp\/v2\/media\/4582"}],"wp:attachment":[{"href":"https:\/\/vieassociative.be\/actualites\/wp-json\/wp\/v2\/media?parent=4581"}],"wp:term":[{"taxonomy":"category","embeddable":true,"href":"https:\/\/vieassociative.be\/actualites\/wp-json\/wp\/v2\/categories?post=4581"},{"taxonomy":"post_tag","embeddable":true,"href":"https:\/\/vieassociative.be\/actualites\/wp-json\/wp\/v2\/tags?post=4581"}],"curies":[{"name":"wp","href":"https:\/\/api.w.org\/{rel}","templated":true}]}}