{"id":4571,"date":"2025-01-25T03:18:26","date_gmt":"2025-01-25T02:18:26","guid":{"rendered":"https:\/\/vieassociative.be\/actualites\/rudi-garcia-nouvel-entraineur-du-red-devil-lequipe-nationale-de-la-belgique-a-toujours-un-enorme-potentiel\/"},"modified":"2025-01-25T03:18:26","modified_gmt":"2025-01-25T02:18:26","slug":"rudi-garcia-nouvel-entraineur-du-red-devil-lequipe-nationale-de-la-belgique-a-toujours-un-enorme-potentiel","status":"publish","type":"post","link":"https:\/\/vieassociative.be\/actualites\/rudi-garcia-nouvel-entraineur-du-red-devil-lequipe-nationale-de-la-belgique-a-toujours-un-enorme-potentiel\/","title":{"rendered":"Rudi Garcia, nouvel entra\u00eeneur du Red Devil: \u00ab\u00a0L&rsquo;\u00e9quipe nationale de la Belgique a toujours un \u00e9norme potentiel\u00a0\u00bb"},"content":{"rendered":"<p><strong>Vendredi apr\u00e8s-midi, le nouvel entra\u00eeneur de l&rsquo;\u00e9quipe nationale de football belge, le Fran\u00e7ais Rudi Garcia, a \u00e9t\u00e9 pr\u00e9sent\u00e9 dans le cadre d&rsquo;une conf\u00e9rence de presse au Red Devil&rsquo;s Performance Center. L&rsquo;ancien entra\u00eeneur de 60 ans de UA OSC Lille, Olympique Marseille, Olympique Lyon, comme Rome et SSC Naples ont pos\u00e9 les questions des journalistes.<\/strong><\/p>\n<p><span id=\"more-406725\"><\/span>Tout d&rsquo;abord, le nouveau directeur sportif Vincent Mannaert a expliqu\u00e9, c&rsquo;est pourquoi la Belgian Football Association a finalement d\u00e9cid\u00e9 de Rudi Garcia. \u00abJ&rsquo;ai analys\u00e9 les exigences du nouveau personnel d&rsquo;entra\u00eeneurs et du nouvel entra\u00eeneur de l&rsquo;\u00e9quipe nationale. J&rsquo;ai cr\u00e9\u00e9 un profil: un entra\u00eeneur avec une personnalit\u00e9, une exp\u00e9rience et une mentalit\u00e9 gagnante, et nous l&rsquo;avons trouv\u00e9 avec Rudi Garcia \u00bb, a d\u00e9clar\u00e9 l&rsquo;ancien PDG du FC Bruges.<\/p>\n<div id=\"attachment_395943\" class=\"wp-caption alignleft\" style=\"max-width: 300px\"><img fetchpriority=\"high\" decoding=\"async\" class=\"wp-image-395943 size-medium\" src=\"https:\/\/vieassociative.be\/actualites\/wp-content\/uploads\/2025\/01\/Rudi-Garcia-nouvel-entraineur-du-Red-Devil-Lequipe-nationale-de.jpg\" alt=\"\" width=\"300\" height=\"200\"><\/p>\n<p class=\"wp-caption-text\">06.09.2024, Hongrie, Debrecen: Les joueurs belges d\u00e9fendent initialement une photo d&rsquo;\u00e9quipe. Photo: DENE ERDOS \/ AP \/ DPA<\/p>\n<\/div>\n<p>Ensuite, Garcia a eu l&rsquo;occasion de contacter le public belge pour la premi\u00e8re fois en tant que nouvel entra\u00eeneur du Red Devil. \u00abJe peux vous assurer que je suis tr\u00e8s motiv\u00e9. Nous parlons \u00e0 Vincent Mannaert depuis d\u00e9but d\u00e9cembre et depuis lors, j&rsquo;ai eu cette s\u00e9lection dans ma t\u00eate, qui \u00e0 mes yeux a un \u00e9norme potentiel \u00bb, a \u00e9t\u00e9 ses premiers mots.<\/p>\n<p>\u00abNous devons polir les r\u00e9sultats de cette s\u00e9lection qui, jusqu&rsquo;\u00e0 r\u00e9cemment, appartenaient au sommet du monde. Je voudrais m&rsquo;entourer de personnes positives et dynamiques et accepter ce post avec beaucoup d&rsquo;ambition \u00bb, a d\u00e9clar\u00e9 Garcia.<\/p>\n<p>\u00abMon plus grand souhait est que tous les fans soient derri\u00e8re cette \u00e9quipe nationale parce que nous en avons besoin. L&rsquo;agence vous rend forte \u00bb, a soulign\u00e9 le Fran\u00e7ais, qui a soulign\u00e9 qu&rsquo;il est important d&rsquo;atteindre les deux objectifs, \u00e0 savoir o\u00f9 se trouve la A-Lague de la Ligue des nations et la qualification pour la Coupe du monde 2026 aux \u00c9tats-Unis, au Mexique et au Canada.<\/p>\n<div id=\"attachment_354394\" class=\"wp-caption alignnone\" style=\"max-width: 300px\"><img decoding=\"async\" class=\"size-medium wp-image-354394\" src=\"https:\/\/vieassociative.be\/actualites\/wp-content\/uploads\/2025\/01\/Rudi-Garcia-nouvel-entraineur-du-Red-Devil-Lequipe-nationale-de.jpeg\" alt=\"\" width=\"300\" height=\"200\"  ><\/p>\n<p class=\"wp-caption-text\">29\/11\/2022, Qatar, Doha: le gardien de but Thibaut Courtois parle lors d&rsquo;une conf\u00e9rence de presse. Photo: Bruno Fahy \/ Belga \/ DPA<\/p>\n<\/div>\n<p>Interrog\u00e9 sur l&rsquo;affaire Thibaut Courtois, Rudi Garcia n&rsquo;a laiss\u00e9 aucun doute que c&rsquo;\u00e9tait son souhait que Courtois revienne \u00e0 l&rsquo;\u00e9quipe nationale belge.<\/p>\n<p>\u00ab\u00a0Nous sommes assez bien garnies de gardiens de but, mais bien s\u00fbr, ce serait bien si nous pouvions compter sur le meilleur gardien de but du monde.\u00a0\u00bb Il \u00e9tait avec 2026 Kevin de Bruyne et Romelu Lukaku.<\/p>\n<p>Interrog\u00e9 sur les contacts possibles avec ses anciens joueurs belges, Rudi Garcia n&rsquo;a pas cach\u00e9 le fait qu&rsquo;il l&rsquo;avait consult\u00e9e avant de postuler. Cela s&rsquo;applique en particulier \u00e0 Eden Hazard, avec qui il a pass\u00e9 un temps r\u00e9ussi \u00e0 OSC Lille et qui a grandi avec un joueur de classe mondiale sous sa direction.<\/p>\n<p>Il est important pour Garcia que tous les joueurs nationaux reviennent \u00e0 l&rsquo;\u00e9quipe nationale belge avec motivation et joie: \u00abNous devons polir l&rsquo;image de l&rsquo;\u00e9quipe nationale belge, et susciter \u00e0 nouveau un nouvel enthousiasme pour les Red Devils. Jusqu&rsquo;\u00e0 r\u00e9cemment, cette \u00e9quipe \u00e9tait en t\u00eate du monde. Maintenant, tout est un peu plus compliqu\u00e9, certains joueurs se sont arr\u00eat\u00e9s, mais il y a toujours un grand potentiel en Belgique. Je suis motiv\u00e9 et ambitieux.<\/p>\n<h3>Le Fran\u00e7ais Rudi Garcia garderait le diable rouge dans la A-League de la Ligue des nations et m\u00e8ne \u00e0 la Coupe du monde 2026<\/h3>\n<p><strong>Une semaine apr\u00e8s la lib\u00e9ration de Domenico Tedesco, son successeur est d\u00e9termin\u00e9. Il s&rsquo;agit de Rudi Garcia, dont le nom, ainsi que les noms de Thierry Henry et Julen Lopetegui, avaient \u00e9t\u00e9 le plus fr\u00e9quemment mentionn\u00e9 ces derniers jours.<\/strong><\/p>\n<p><!--more-->L&rsquo;entra\u00eeneur fran\u00e7ais de 60 ans, qui est sans club depuis plus d&rsquo;un an, a l&rsquo;avantage qu&rsquo;il est libre. Dans le pass\u00e9, son premier succ\u00e8s a \u00e9t\u00e9 de remporter le championnat fran\u00e7ais avec Lille en 2011 lorsqu&rsquo;un certain Hazard Eden \u00e9tait le bijou de son \u00e9quipe.<\/p>\n<p>Ensuite, Garcia a d\u00e9m\u00e9nag\u00e9 \u00e0 Radja Naingolans en tant que Rome, o\u00f9 il a \u00e9t\u00e9 tr\u00e8s populaire au cours de ses deux premi\u00e8res saisons en raison de son excellente performance aux fans avant que la situation ne se d\u00e9t\u00e9riore au cours de sa troisi\u00e8me ann\u00e9e.<\/p>\n<div id=\"attachment_395943\" class=\"wp-caption alignleft\" style=\"max-width: 300px\"><img fetchpriority=\"high\" decoding=\"async\" class=\"wp-image-395943 size-medium\" src=\"https:\/\/vieassociative.be\/actualites\/wp-content\/uploads\/2025\/01\/Rudi-Garcia-nouvel-entraineur-du-Red-Devil-Lequipe-nationale-de.jpg\" alt=\"\" width=\"300\" height=\"200\"><\/p>\n<p class=\"wp-caption-text\">06.09.2024, Hongrie, Debrecen: Les joueurs belges d\u00e9fendent initialement une photo d&rsquo;\u00e9quipe. Photo: DENE ERDOS \/ AP \/ DPA<\/p>\n<\/div>\n<p>Huit mois apr\u00e8s sa lib\u00e9ration \u00e0 Rome, le Fran\u00e7ais a sign\u00e9 un contrat avec l&rsquo;Olympique Marseille. Au cours de sa premi\u00e8re saison, il a termin\u00e9 cinqui\u00e8me du championnat et a qualifi\u00e9 le club de la Ligue Europa, dans laquelle il a atteint la finale la saison suivante (d\u00e9faite de 0: 3 contre l&rsquo;Atl\u00e9ti Madrid).<\/p>\n<p>Enfin, il a quitt\u00e9 Marseille pr\u00e8s de trois ans apr\u00e8s son arriv\u00e9e et a rejoint l&rsquo;Olympique Lyon quelques mois plus tard. L\u00e0, sa plus grande performance a \u00e9t\u00e9 d&rsquo;atteindre les quatre derni\u00e8res places en Ligue des champions en mode Covid en 2020 apr\u00e8s avoir \u00e9teint la Juventus et Manchester City.<\/p>\n<p>Le syst\u00e8me de jeu Garcias 3-5-2 a \u00e9t\u00e9 estim\u00e9 par tous les observateurs. Enfin, il a quitt\u00e9 Lyon un an plus tard \u00e0 la fin de la saison 2020\/2021 apr\u00e8s sa relation avec Juninho, le directeur sportif du club, s&rsquo;est d\u00e9t\u00e9rior\u00e9e.<\/p>\n<p>Apr\u00e8s cela, il a continu\u00e9 un peu moins avec une apparition d&rsquo;un an en Arabie saoudite, o\u00f9 il a form\u00e9 la superstar Cristiano Ronaldo, et un autre engagement de cinq mois \u00e0 Naples. Garcia n&rsquo;a jamais travaill\u00e9 pour une \u00e9quipe nationale. (Cre)<\/p>\n","protected":false},"excerpt":{"rendered":"<p>Vendredi apr\u00e8s-midi, le nouvel entra\u00eeneur de l&rsquo;\u00e9quipe nationale de football belge, le Fran\u00e7ais Rudi Garcia, a \u00e9t\u00e9 pr\u00e9sent\u00e9 dans le cadre d&rsquo;une conf\u00e9rence de presse<\/p>\n","protected":false},"author":1,"featured_media":4572,"comment_status":"","ping_status":"","sticky":false,"template":"","format":"standard","meta":{"footnotes":""},"categories":[298],"tags":[383,4940,3334,930,4939,537,538,929,4941,3312,4938,572],"class_list":["post-4571","post","type-post","status-publish","format-standard","has-post-thumbnail","hentry","category-belgique","tag-belgique","tag-devil","tag-enorme","tag-entraineur","tag-garcia","tag-lequipe","tag-nationale","tag-nouvel","tag-potentiel","tag-red","tag-rudi","tag-toujours","generate-columns","tablet-grid-50","mobile-grid-100","grid-parent","grid-33"],"yoast_head":"<!-- This site is optimized with the Yoast SEO plugin v24.0 - https:\/\/yoast.com\/wordpress\/plugins\/seo\/ -->\n<title>Rudi Garcia, nouvel entra\u00eeneur du Red Devil: &quot;L&#039;\u00e9quipe nationale de la Belgique a toujours un \u00e9norme potentiel&quot; | Vie Associative<\/title>\n<meta name=\"robots\" content=\"index, follow, max-snippet:-1, max-image-preview:large, max-video-preview:-1\" \/>\n<link rel=\"canonical\" href=\"https:\/\/vieassociative.be\/actualites\/rudi-garcia-nouvel-entraineur-du-red-devil-lequipe-nationale-de-la-belgique-a-toujours-un-enorme-potentiel\/\" \/>\n<meta property=\"og:locale\" content=\"fr_FR\" \/>\n<meta property=\"og:type\" content=\"article\" \/>\n<meta property=\"og:title\" content=\"Rudi Garcia, nouvel entra\u00eeneur du Red Devil: &quot;L&#039;\u00e9quipe nationale de la Belgique a toujours un \u00e9norme potentiel&quot; | Vie Associative\" \/>\n<meta property=\"og:description\" content=\"Vendredi apr\u00e8s-midi, le nouvel entra\u00eeneur de l&rsquo;\u00e9quipe nationale de football belge, le Fran\u00e7ais Rudi Garcia, a \u00e9t\u00e9 pr\u00e9sent\u00e9 dans le cadre d&rsquo;une conf\u00e9rence de presse\" \/>\n<meta property=\"og:url\" content=\"https:\/\/vieassociative.be\/actualites\/rudi-garcia-nouvel-entraineur-du-red-devil-lequipe-nationale-de-la-belgique-a-toujours-un-enorme-potentiel\/\" \/>\n<meta property=\"og:site_name\" content=\"Vie Associative\" \/>\n<meta property=\"article:published_time\" content=\"2025-01-25T02:18:26+00:00\" \/>\n<meta property=\"og:image\" content=\"https:\/\/vieassociative.be\/actualites\/wp-content\/uploads\/2024\/09\/header_backgroundk-01-e1726694325946.png\" \/>\n\t<meta property=\"og:image:width\" content=\"279\" \/>\n\t<meta property=\"og:image:height\" content=\"92\" \/>\n\t<meta property=\"og:image:type\" content=\"image\/png\" \/>\n<meta name=\"author\" content=\"Julien\" \/>\n<meta name=\"twitter:card\" content=\"summary_large_image\" \/>\n<meta name=\"twitter:label1\" content=\"\u00c9crit par\" \/>\n\t<meta name=\"twitter:data1\" content=\"Julien\" \/>\n\t<meta name=\"twitter:label2\" content=\"Dur\u00e9e de lecture est.\" \/>\n\t<meta name=\"twitter:data2\" content=\"5 minutes\" \/>\n<script type=\"application\/ld+json\" class=\"yoast-schema-graph\">{\"@context\":\"https:\/\/schema.org\",\"@graph\":[{\"@type\":\"Article\",\"@id\":\"https:\/\/vieassociative.be\/actualites\/rudi-garcia-nouvel-entraineur-du-red-devil-lequipe-nationale-de-la-belgique-a-toujours-un-enorme-potentiel\/#article\",\"isPartOf\":{\"@id\":\"https:\/\/vieassociative.be\/actualites\/rudi-garcia-nouvel-entraineur-du-red-devil-lequipe-nationale-de-la-belgique-a-toujours-un-enorme-potentiel\/\"},\"author\":{\"name\":\"Julien\",\"@id\":\"https:\/\/vieassociative.be\/actualites\/#\/schema\/person\/b87ac4f82f9d4e7b7cec7395b679edc4\"},\"headline\":\"Rudi Garcia, nouvel entra\u00eeneur du Red Devil: \u00ab\u00a0L&rsquo;\u00e9quipe nationale de la Belgique a toujours un \u00e9norme potentiel\u00a0\u00bb\",\"datePublished\":\"2025-01-25T02:18:26+00:00\",\"dateModified\":\"2025-01-25T02:18:26+00:00\",\"mainEntityOfPage\":{\"@id\":\"https:\/\/vieassociative.be\/actualites\/rudi-garcia-nouvel-entraineur-du-red-devil-lequipe-nationale-de-la-belgique-a-toujours-un-enorme-potentiel\/\"},\"wordCount\":972,\"publisher\":{\"@id\":\"https:\/\/vieassociative.be\/actualites\/#organization\"},\"image\":{\"@id\":\"https:\/\/vieassociative.be\/actualites\/rudi-garcia-nouvel-entraineur-du-red-devil-lequipe-nationale-de-la-belgique-a-toujours-un-enorme-potentiel\/#primaryimage\"},\"thumbnailUrl\":\"https:\/\/vieassociative.be\/actualites\/wp-content\/uploads\/2025\/01\/1737771507_Rudi-Garcia-nouvel-entraineur-du-Red-Devil-Lequipe-nationale-de.jpg\",\"keywords\":[\"Belgique\",\"Devil\",\"\u00e9norme\",\"entra\u00eeneur\",\"Garcia\",\"l\u00e9quipe\",\"nationale\",\"nouvel\",\"potentiel\",\"Red\",\"Rudi\",\"toujours\"],\"articleSection\":[\"Belgique\"],\"inLanguage\":\"fr-BE\"},{\"@type\":\"WebPage\",\"@id\":\"https:\/\/vieassociative.be\/actualites\/rudi-garcia-nouvel-entraineur-du-red-devil-lequipe-nationale-de-la-belgique-a-toujours-un-enorme-potentiel\/\",\"url\":\"https:\/\/vieassociative.be\/actualites\/rudi-garcia-nouvel-entraineur-du-red-devil-lequipe-nationale-de-la-belgique-a-toujours-un-enorme-potentiel\/\",\"name\":\"Rudi Garcia, nouvel entra\u00eeneur du Red Devil: \\\"L'\u00e9quipe nationale de la Belgique a toujours un \u00e9norme potentiel\\\" | Vie Associative\",\"isPartOf\":{\"@id\":\"https:\/\/vieassociative.be\/actualites\/#website\"},\"primaryImageOfPage\":{\"@id\":\"https:\/\/vieassociative.be\/actualites\/rudi-garcia-nouvel-entraineur-du-red-devil-lequipe-nationale-de-la-belgique-a-toujours-un-enorme-potentiel\/#primaryimage\"},\"image\":{\"@id\":\"https:\/\/vieassociative.be\/actualites\/rudi-garcia-nouvel-entraineur-du-red-devil-lequipe-nationale-de-la-belgique-a-toujours-un-enorme-potentiel\/#primaryimage\"},\"thumbnailUrl\":\"https:\/\/vieassociative.be\/actualites\/wp-content\/uploads\/2025\/01\/1737771507_Rudi-Garcia-nouvel-entraineur-du-Red-Devil-Lequipe-nationale-de.jpg\",\"datePublished\":\"2025-01-25T02:18:26+00:00\",\"dateModified\":\"2025-01-25T02:18:26+00:00\",\"breadcrumb\":{\"@id\":\"https:\/\/vieassociative.be\/actualites\/rudi-garcia-nouvel-entraineur-du-red-devil-lequipe-nationale-de-la-belgique-a-toujours-un-enorme-potentiel\/#breadcrumb\"},\"inLanguage\":\"fr-BE\",\"potentialAction\":[{\"@type\":\"ReadAction\",\"target\":[\"https:\/\/vieassociative.be\/actualites\/rudi-garcia-nouvel-entraineur-du-red-devil-lequipe-nationale-de-la-belgique-a-toujours-un-enorme-potentiel\/\"]}]},{\"@type\":\"ImageObject\",\"inLanguage\":\"fr-BE\",\"@id\":\"https:\/\/vieassociative.be\/actualites\/rudi-garcia-nouvel-entraineur-du-red-devil-lequipe-nationale-de-la-belgique-a-toujours-un-enorme-potentiel\/#primaryimage\",\"url\":\"https:\/\/vieassociative.be\/actualites\/wp-content\/uploads\/2025\/01\/1737771507_Rudi-Garcia-nouvel-entraineur-du-Red-Devil-Lequipe-nationale-de.jpg\",\"contentUrl\":\"https:\/\/vieassociative.be\/actualites\/wp-content\/uploads\/2025\/01\/1737771507_Rudi-Garcia-nouvel-entraineur-du-Red-Devil-Lequipe-nationale-de.jpg\",\"width\":1200,\"height\":863,\"caption\":\"Rudi Garcia, nouvel entra\u00eeneur du Red Devil: \\\"L'\u00e9quipe nationale de la Belgique a toujours un \u00e9norme potentiel\\\"\"},{\"@type\":\"BreadcrumbList\",\"@id\":\"https:\/\/vieassociative.be\/actualites\/rudi-garcia-nouvel-entraineur-du-red-devil-lequipe-nationale-de-la-belgique-a-toujours-un-enorme-potentiel\/#breadcrumb\",\"itemListElement\":[{\"@type\":\"ListItem\",\"position\":1,\"name\":\"Accueil\",\"item\":\"https:\/\/vieassociative.be\/actualites\/\"},{\"@type\":\"ListItem\",\"position\":2,\"name\":\"Rudi Garcia, nouvel entra\u00eeneur du Red Devil: \u00ab\u00a0L&rsquo;\u00e9quipe nationale de la Belgique a toujours un \u00e9norme potentiel\u00a0\u00bb\"}]},{\"@type\":\"WebSite\",\"@id\":\"https:\/\/vieassociative.be\/actualites\/#website\",\"url\":\"https:\/\/vieassociative.be\/actualites\/\",\"name\":\"Vie Associative\",\"description\":\"\",\"publisher\":{\"@id\":\"https:\/\/vieassociative.be\/actualites\/#organization\"},\"potentialAction\":[{\"@type\":\"SearchAction\",\"target\":{\"@type\":\"EntryPoint\",\"urlTemplate\":\"https:\/\/vieassociative.be\/actualites\/?s={search_term_string}\"},\"query-input\":{\"@type\":\"PropertyValueSpecification\",\"valueRequired\":true,\"valueName\":\"search_term_string\"}}],\"inLanguage\":\"fr-BE\"},{\"@type\":\"Organization\",\"@id\":\"https:\/\/vieassociative.be\/actualites\/#organization\",\"name\":\"Vie Associative\",\"url\":\"https:\/\/vieassociative.be\/actualites\/\",\"logo\":{\"@type\":\"ImageObject\",\"inLanguage\":\"fr-BE\",\"@id\":\"https:\/\/vieassociative.be\/actualites\/#\/schema\/logo\/image\/\",\"url\":\"https:\/\/vieassociative.be\/actualites\/wp-content\/uploads\/2024\/09\/cropped-vieassociative_favicon.ico.png\",\"contentUrl\":\"https:\/\/vieassociative.be\/actualites\/wp-content\/uploads\/2024\/09\/cropped-vieassociative_favicon.ico.png\",\"width\":512,\"height\":512,\"caption\":\"Vie Associative\"},\"image\":{\"@id\":\"https:\/\/vieassociative.be\/actualites\/#\/schema\/logo\/image\/\"}},{\"@type\":\"Person\",\"@id\":\"https:\/\/vieassociative.be\/actualites\/#\/schema\/person\/b87ac4f82f9d4e7b7cec7395b679edc4\",\"name\":\"Julien\",\"image\":{\"@type\":\"ImageObject\",\"inLanguage\":\"fr-BE\",\"@id\":\"https:\/\/vieassociative.be\/actualites\/#\/schema\/person\/image\/\",\"url\":\"https:\/\/vieassociative.be\/actualites\/wp-content\/uploads\/2024\/09\/vie-associative-1-150x150.jpg\",\"contentUrl\":\"https:\/\/vieassociative.be\/actualites\/wp-content\/uploads\/2024\/09\/vie-associative-1-150x150.jpg\",\"caption\":\"Julien\"},\"description\":\"Je suis Julien, r\u00e9dacteur pour Vie Associative. Passionn\u00e9 par le monde associatif depuis plus de 10 ans, j'ai \u00e0 c\u0153ur de partager des histoires inspirantes et de mettre en lumi\u00e8re les initiatives locales. Mon objectif est de sensibiliser et d'encourager l'engagement communautaire \u00e0 travers mes articles.\",\"sameAs\":[\"https:\/\/vieassociative.be\/\"]}]}<\/script>\n<!-- \/ Yoast SEO plugin. -->","yoast_head_json":{"title":"Rudi Garcia, nouvel entra\u00eeneur du Red Devil: \"L'\u00e9quipe nationale de la Belgique a toujours un \u00e9norme potentiel\" | Vie Associative","robots":{"index":"index","follow":"follow","max-snippet":"max-snippet:-1","max-image-preview":"max-image-preview:large","max-video-preview":"max-video-preview:-1"},"canonical":"https:\/\/vieassociative.be\/actualites\/rudi-garcia-nouvel-entraineur-du-red-devil-lequipe-nationale-de-la-belgique-a-toujours-un-enorme-potentiel\/","og_locale":"fr_FR","og_type":"article","og_title":"Rudi Garcia, nouvel entra\u00eeneur du Red Devil: \"L'\u00e9quipe nationale de la Belgique a toujours un \u00e9norme potentiel\" | Vie Associative","og_description":"Vendredi apr\u00e8s-midi, le nouvel entra\u00eeneur de l&rsquo;\u00e9quipe nationale de football belge, le Fran\u00e7ais Rudi Garcia, a \u00e9t\u00e9 pr\u00e9sent\u00e9 dans le cadre d&rsquo;une conf\u00e9rence de presse","og_url":"https:\/\/vieassociative.be\/actualites\/rudi-garcia-nouvel-entraineur-du-red-devil-lequipe-nationale-de-la-belgique-a-toujours-un-enorme-potentiel\/","og_site_name":"Vie Associative","article_published_time":"2025-01-25T02:18:26+00:00","og_image":[{"width":279,"height":92,"url":"https:\/\/vieassociative.be\/actualites\/wp-content\/uploads\/2024\/09\/header_backgroundk-01-e1726694325946.png","type":"image\/png"}],"author":"Julien","twitter_card":"summary_large_image","twitter_misc":{"\u00c9crit par":"Julien","Dur\u00e9e de lecture est.":"5 minutes"},"schema":{"@context":"https:\/\/schema.org","@graph":[{"@type":"Article","@id":"https:\/\/vieassociative.be\/actualites\/rudi-garcia-nouvel-entraineur-du-red-devil-lequipe-nationale-de-la-belgique-a-toujours-un-enorme-potentiel\/#article","isPartOf":{"@id":"https:\/\/vieassociative.be\/actualites\/rudi-garcia-nouvel-entraineur-du-red-devil-lequipe-nationale-de-la-belgique-a-toujours-un-enorme-potentiel\/"},"author":{"name":"Julien","@id":"https:\/\/vieassociative.be\/actualites\/#\/schema\/person\/b87ac4f82f9d4e7b7cec7395b679edc4"},"headline":"Rudi Garcia, nouvel entra\u00eeneur du Red Devil: \u00ab\u00a0L&rsquo;\u00e9quipe nationale de la Belgique a toujours un \u00e9norme potentiel\u00a0\u00bb","datePublished":"2025-01-25T02:18:26+00:00","dateModified":"2025-01-25T02:18:26+00:00","mainEntityOfPage":{"@id":"https:\/\/vieassociative.be\/actualites\/rudi-garcia-nouvel-entraineur-du-red-devil-lequipe-nationale-de-la-belgique-a-toujours-un-enorme-potentiel\/"},"wordCount":972,"publisher":{"@id":"https:\/\/vieassociative.be\/actualites\/#organization"},"image":{"@id":"https:\/\/vieassociative.be\/actualites\/rudi-garcia-nouvel-entraineur-du-red-devil-lequipe-nationale-de-la-belgique-a-toujours-un-enorme-potentiel\/#primaryimage"},"thumbnailUrl":"https:\/\/vieassociative.be\/actualites\/wp-content\/uploads\/2025\/01\/1737771507_Rudi-Garcia-nouvel-entraineur-du-Red-Devil-Lequipe-nationale-de.jpg","keywords":["Belgique","Devil","\u00e9norme","entra\u00eeneur","Garcia","l\u00e9quipe","nationale","nouvel","potentiel","Red","Rudi","toujours"],"articleSection":["Belgique"],"inLanguage":"fr-BE"},{"@type":"WebPage","@id":"https:\/\/vieassociative.be\/actualites\/rudi-garcia-nouvel-entraineur-du-red-devil-lequipe-nationale-de-la-belgique-a-toujours-un-enorme-potentiel\/","url":"https:\/\/vieassociative.be\/actualites\/rudi-garcia-nouvel-entraineur-du-red-devil-lequipe-nationale-de-la-belgique-a-toujours-un-enorme-potentiel\/","name":"Rudi Garcia, nouvel entra\u00eeneur du Red Devil: \"L'\u00e9quipe nationale de la Belgique a toujours un \u00e9norme potentiel\" | Vie Associative","isPartOf":{"@id":"https:\/\/vieassociative.be\/actualites\/#website"},"primaryImageOfPage":{"@id":"https:\/\/vieassociative.be\/actualites\/rudi-garcia-nouvel-entraineur-du-red-devil-lequipe-nationale-de-la-belgique-a-toujours-un-enorme-potentiel\/#primaryimage"},"image":{"@id":"https:\/\/vieassociative.be\/actualites\/rudi-garcia-nouvel-entraineur-du-red-devil-lequipe-nationale-de-la-belgique-a-toujours-un-enorme-potentiel\/#primaryimage"},"thumbnailUrl":"https:\/\/vieassociative.be\/actualites\/wp-content\/uploads\/2025\/01\/1737771507_Rudi-Garcia-nouvel-entraineur-du-Red-Devil-Lequipe-nationale-de.jpg","datePublished":"2025-01-25T02:18:26+00:00","dateModified":"2025-01-25T02:18:26+00:00","breadcrumb":{"@id":"https:\/\/vieassociative.be\/actualites\/rudi-garcia-nouvel-entraineur-du-red-devil-lequipe-nationale-de-la-belgique-a-toujours-un-enorme-potentiel\/#breadcrumb"},"inLanguage":"fr-BE","potentialAction":[{"@type":"ReadAction","target":["https:\/\/vieassociative.be\/actualites\/rudi-garcia-nouvel-entraineur-du-red-devil-lequipe-nationale-de-la-belgique-a-toujours-un-enorme-potentiel\/"]}]},{"@type":"ImageObject","inLanguage":"fr-BE","@id":"https:\/\/vieassociative.be\/actualites\/rudi-garcia-nouvel-entraineur-du-red-devil-lequipe-nationale-de-la-belgique-a-toujours-un-enorme-potentiel\/#primaryimage","url":"https:\/\/vieassociative.be\/actualites\/wp-content\/uploads\/2025\/01\/1737771507_Rudi-Garcia-nouvel-entraineur-du-Red-Devil-Lequipe-nationale-de.jpg","contentUrl":"https:\/\/vieassociative.be\/actualites\/wp-content\/uploads\/2025\/01\/1737771507_Rudi-Garcia-nouvel-entraineur-du-Red-Devil-Lequipe-nationale-de.jpg","width":1200,"height":863,"caption":"Rudi Garcia, nouvel entra\u00eeneur du Red Devil: \"L'\u00e9quipe nationale de la Belgique a toujours un \u00e9norme potentiel\""},{"@type":"BreadcrumbList","@id":"https:\/\/vieassociative.be\/actualites\/rudi-garcia-nouvel-entraineur-du-red-devil-lequipe-nationale-de-la-belgique-a-toujours-un-enorme-potentiel\/#breadcrumb","itemListElement":[{"@type":"ListItem","position":1,"name":"Accueil","item":"https:\/\/vieassociative.be\/actualites\/"},{"@type":"ListItem","position":2,"name":"Rudi Garcia, nouvel entra\u00eeneur du Red Devil: \u00ab\u00a0L&rsquo;\u00e9quipe nationale de la Belgique a toujours un \u00e9norme potentiel\u00a0\u00bb"}]},{"@type":"WebSite","@id":"https:\/\/vieassociative.be\/actualites\/#website","url":"https:\/\/vieassociative.be\/actualites\/","name":"Vie Associative","description":"","publisher":{"@id":"https:\/\/vieassociative.be\/actualites\/#organization"},"potentialAction":[{"@type":"SearchAction","target":{"@type":"EntryPoint","urlTemplate":"https:\/\/vieassociative.be\/actualites\/?s={search_term_string}"},"query-input":{"@type":"PropertyValueSpecification","valueRequired":true,"valueName":"search_term_string"}}],"inLanguage":"fr-BE"},{"@type":"Organization","@id":"https:\/\/vieassociative.be\/actualites\/#organization","name":"Vie Associative","url":"https:\/\/vieassociative.be\/actualites\/","logo":{"@type":"ImageObject","inLanguage":"fr-BE","@id":"https:\/\/vieassociative.be\/actualites\/#\/schema\/logo\/image\/","url":"https:\/\/vieassociative.be\/actualites\/wp-content\/uploads\/2024\/09\/cropped-vieassociative_favicon.ico.png","contentUrl":"https:\/\/vieassociative.be\/actualites\/wp-content\/uploads\/2024\/09\/cropped-vieassociative_favicon.ico.png","width":512,"height":512,"caption":"Vie Associative"},"image":{"@id":"https:\/\/vieassociative.be\/actualites\/#\/schema\/logo\/image\/"}},{"@type":"Person","@id":"https:\/\/vieassociative.be\/actualites\/#\/schema\/person\/b87ac4f82f9d4e7b7cec7395b679edc4","name":"Julien","image":{"@type":"ImageObject","inLanguage":"fr-BE","@id":"https:\/\/vieassociative.be\/actualites\/#\/schema\/person\/image\/","url":"https:\/\/vieassociative.be\/actualites\/wp-content\/uploads\/2024\/09\/vie-associative-1-150x150.jpg","contentUrl":"https:\/\/vieassociative.be\/actualites\/wp-content\/uploads\/2024\/09\/vie-associative-1-150x150.jpg","caption":"Julien"},"description":"Je suis Julien, r\u00e9dacteur pour Vie Associative. Passionn\u00e9 par le monde associatif depuis plus de 10 ans, j'ai \u00e0 c\u0153ur de partager des histoires inspirantes et de mettre en lumi\u00e8re les initiatives locales. Mon objectif est de sensibiliser et d'encourager l'engagement communautaire \u00e0 travers mes articles.","sameAs":["https:\/\/vieassociative.be\/"]}]}},"_links":{"self":[{"href":"https:\/\/vieassociative.be\/actualites\/wp-json\/wp\/v2\/posts\/4571"}],"collection":[{"href":"https:\/\/vieassociative.be\/actualites\/wp-json\/wp\/v2\/posts"}],"about":[{"href":"https:\/\/vieassociative.be\/actualites\/wp-json\/wp\/v2\/types\/post"}],"author":[{"embeddable":true,"href":"https:\/\/vieassociative.be\/actualites\/wp-json\/wp\/v2\/users\/1"}],"replies":[{"embeddable":true,"href":"https:\/\/vieassociative.be\/actualites\/wp-json\/wp\/v2\/comments?post=4571"}],"version-history":[{"count":0,"href":"https:\/\/vieassociative.be\/actualites\/wp-json\/wp\/v2\/posts\/4571\/revisions"}],"wp:featuredmedia":[{"embeddable":true,"href":"https:\/\/vieassociative.be\/actualites\/wp-json\/wp\/v2\/media\/4572"}],"wp:attachment":[{"href":"https:\/\/vieassociative.be\/actualites\/wp-json\/wp\/v2\/media?parent=4571"}],"wp:term":[{"taxonomy":"category","embeddable":true,"href":"https:\/\/vieassociative.be\/actualites\/wp-json\/wp\/v2\/categories?post=4571"},{"taxonomy":"post_tag","embeddable":true,"href":"https:\/\/vieassociative.be\/actualites\/wp-json\/wp\/v2\/tags?post=4571"}],"curies":[{"name":"wp","href":"https:\/\/api.w.org\/{rel}","templated":true}]}}