{"id":4569,"date":"2025-01-25T02:23:56","date_gmt":"2025-01-25T01:23:56","guid":{"rendered":"https:\/\/vieassociative.be\/actualites\/quand-les-fichiers-de-lassassinat-de-jfk-seront-publies-et-ou-les-lire\/"},"modified":"2025-01-25T02:23:56","modified_gmt":"2025-01-25T01:23:56","slug":"quand-les-fichiers-de-lassassinat-de-jfk-seront-publies-et-ou-les-lire","status":"publish","type":"post","link":"https:\/\/vieassociative.be\/actualites\/quand-les-fichiers-de-lassassinat-de-jfk-seront-publies-et-ou-les-lire\/","title":{"rendered":"Quand les fichiers de l\u2019assassinat de JFK seront publi\u00e9s et o\u00f9 les lire"},"content":{"rendered":"<div class=\"mt-4 leading-6 md:mb-8\">C\u2019est de ce gouvernement dont nous parlons, donc rien ne se produit instantan\u00e9ment.<\/div>\n<p><\/p>\n<p>Parmi la panoplie de d\u00e9crets sign\u00e9s par le pr\u00e9sident Trump au cours de sa premi\u00e8re semaine au pouvoir se trouve une directive particuli\u00e8rement int\u00e9ressante pour les th\u00e9oriciens du complot : jeudi, Trump a ordonn\u00e9 au gouvernement f\u00e9d\u00e9ral de \u00ab pr\u00e9senter un plan au pr\u00e9sident pour la divulgation pleine et enti\u00e8re des documents \u00bb. concernant l&rsquo;assassinat du pr\u00e9sident John F. Kennedy \u00bb, ainsi que les assassinats du s\u00e9nateur Robert F. Kennedy et du r\u00e9v\u00e9rend Dr Martin Luther King, Jr.  <\/p>\n<p>\u00ab\u00a0C&rsquo;est un gros probl\u00e8me, hein ? Beaucoup de gens attendent cela depuis longtemps, depuis des ann\u00e9es, des d\u00e9cennies\u00a0\u00bb, a d\u00e9clar\u00e9 le pr\u00e9sident en signant le d\u00e9cret. Vous pouvez lire l&rsquo;int\u00e9gralit\u00e9 du d\u00e9cret ici.<\/p>\n<h2 id=\"how-to-see-the-declassified-jfk-rfk-and-mlk-assassination-documents\">Comment consulter les documents d\u00e9classifi\u00e9s sur les assassinats de JFK, RFK et MLK<\/h2>\n<p>Si vous esp\u00e9rez que l\u2019ordre de Trump am\u00e8nera le gouvernement f\u00e9d\u00e9ral \u00e0 t\u00e9l\u00e9charger des tonnes de fichiers \u00e9pic\u00e9s cet apr\u00e8s-midi, vous serez d\u00e9\u00e7u : c\u2019est toujours de ce gouvernement f\u00e9d\u00e9ral dont nous parlons. Au lieu de r\u00e9v\u00e9lations instantan\u00e9es, le d\u00e9cret donne au directeur du renseignement national et au procureur g\u00e9n\u00e9ral 15 jours pour examiner les dossiers li\u00e9s \u00e0 l&rsquo;assassinat de JFK, 45 jours pour les dossiers li\u00e9s \u00e0 MLK et RFK, puis \u00ab pr\u00e9senter un plan \u00bb au Pr\u00e9sident pour la \u00ab\u00a0publication pleine et enti\u00e8re de ces documents\u00a0\u00bb.<\/p>\n<p>Tous les nouveaux fichiers JFK publi\u00e9s rejoindront probablement les archives JFK maintenues par la National Security Agency, o\u00f9 ils rejoindront pr\u00e8s de 5 millions de pages de documents li\u00e9s \u00e0 l&rsquo;assassinat de JFK d\u00e9j\u00e0 accessibles au public. Selon la National Archives and Records Administration, 97 % des documents gouvernementaux li\u00e9s \u00e0 l&rsquo;assassinat de JFK sont d\u00e9j\u00e0 publics. <\/p>\n<h2 id=\"are-we-going-to-see-all-the-documents-related-to-the-jfk-rfk-and-mlk-assassinations\">Allons-nous voir <em>tous<\/em> les documents relatifs aux assassinats de JFK, RFK et MLK ?<\/h2>\n<p>Reste \u00e0 savoir si le pr\u00e9sident rendra publics les dossiers et documents complets et non expurg\u00e9s associ\u00e9s aux assassinats. Rien n\u2019emp\u00eache Trump d\u2019examiner le plan en disant \u00ab un travail fantastique \u00bb et de ne rien faire. <\/p>\n<p>Le pr\u00e9sident a le pouvoir discr\u00e9tionnaire de peser l\u2019int\u00e9r\u00eat public dans la divulgation des informations qui pourraient nuire aux services de renseignement ou aux op\u00e9rations militaires, aux forces de l\u2019ordre ou aux relations \u00e9trang\u00e8res. On ne sait pas comment Trump pourrait juger ces options, m\u00eame si, pour ce qu\u2019il vaut, le d\u00e9cret stipule que \u00ab tous les documents en possession du gouvernement f\u00e9d\u00e9ral concernant chacun de ces assassinats sont \u00e9galement dans l\u2019int\u00e9r\u00eat public \u00bb.<\/p>\n<h2 id=\"didnt-this-already-happen\">Cela n&rsquo;est-il pas d\u00e9j\u00e0 arriv\u00e9 ?<\/h2>\n<p>Si cette nouvelle vous donne une vague impression de d\u00e9j\u00e0 vu, c&rsquo;est compr\u00e9hensible. En 2017, lors du premier mandat de Trump en tant que pr\u00e9sident, le pr\u00e9sident a annonc\u00e9 qu&rsquo;il ouvrait les dossiers JFK\u00a0:<\/p>\n<blockquote class=\"twitterEmbed twitter-tweet\"><p>\n    <a rel=\"nofollow noopener\" class=\"text-gray-600\" href=\"https:\/\/twitter.com\/realDonaldTrump\/status\/921716470140325889\" title=\"open in a new window\" target=\"_blank\"><\/p>\n<p>        Ce Tweet est actuellement indisponible. Il est peut-\u00eatre en cours de chargement ou a \u00e9t\u00e9 supprim\u00e9.<br \/>\n    <\/a>\n<\/p><\/blockquote>\n<p>Depuis lors, de nouvelles informations sur le meurtre de JFK ont \u00e9t\u00e9 rendues publiques, mais il existe encore des milliers de documents scell\u00e9s et d&rsquo;innombrables expurgations qui pourraient \u00eatre supprim\u00e9es des documents accessibles au public.<\/p>\n<h2 id=\"the-real-bombshells-might-not-be-about-either-kennedy\">Les v\u00e9ritables bombes ne concernent peut-\u00eatre pas non plus Kennedy<\/h2>\n<p>Les th\u00e9ories du complot concernant l&rsquo;assassinat de John F. Kennedy font partie de la culture am\u00e9ricaine peu apr\u00e8s la fusillade et, dans une moindre mesure, les th\u00e9ories alternatives sur la mort de RFK aussi, de sorte que tous les documents accessibles au public relatifs aux deux assassinats de Kennedy ont \u00e9t\u00e9 \u00e9tudi\u00e9 en profondeur par des g\u00e9n\u00e9rations de chercheurs et d\u2019historiens amateurs. Mais l\u2019int\u00e9r\u00eat du public pour les complots entourant l\u2019assassinat de Martin Luther King Jr. n\u2019a pas \u00e9t\u00e9 aussi r\u00e9pandu et pourrait fournir les plus grandes r\u00e9v\u00e9lations \u2013 si les dossiers li\u00e9s \u00e0 l\u2019assassinat voyaient r\u00e9ellement le jour.<\/p>\n<p>Les membres de la famille King soutiennent depuis longtemps que l&rsquo;histoire officielle \u2013 King a \u00e9t\u00e9 abattu par le petit criminel James Earl Ray \u2013 est absurde, soulignant la longue campagne de surveillance et de harc\u00e8lement men\u00e9e par le FBI contre King et d&rsquo;autres divergences dans les preuves entourant le meurtre. En 1979, le Comit\u00e9 sp\u00e9cial de la Chambre des repr\u00e9sentants des \u00c9tats-Unis sur les assassinats a conclu qu&rsquo;\u00ab il y avait une probabilit\u00e9 de complot dans l&rsquo;assassinat du Dr King \u00bb.<\/p>\n<p><script async src=\"https:\/\/platform.twitter.com\/widgets.js\" charset=\"utf-8\"><\/script><\/p>\n","protected":false},"excerpt":{"rendered":"<p>C\u2019est de ce gouvernement dont nous parlons, donc rien ne se produit instantan\u00e9ment. Parmi la panoplie de d\u00e9crets sign\u00e9s par le pr\u00e9sident Trump au cours<\/p>\n","protected":false},"author":1,"featured_media":4570,"comment_status":"","ping_status":"","sticky":false,"template":"","format":"standard","meta":{"footnotes":""},"categories":[13],"tags":[1454,4936,4935,14,297,841,4937,123,2099],"class_list":["post-4569","post","type-post","status-publish","format-standard","has-post-thumbnail","hentry","category-technologie","tag-fichiers","tag-jfk","tag-lassassinat","tag-les","tag-lire","tag-ou","tag-publies","tag-quand","tag-seront","generate-columns","tablet-grid-50","mobile-grid-100","grid-parent","grid-33"],"yoast_head":"<!-- This site is optimized with the Yoast SEO plugin v24.0 - https:\/\/yoast.com\/wordpress\/plugins\/seo\/ -->\n<title>Quand les fichiers de l\u2019assassinat de JFK seront publi\u00e9s et o\u00f9 les lire | Vie Associative<\/title>\n<meta name=\"robots\" content=\"index, follow, max-snippet:-1, max-image-preview:large, max-video-preview:-1\" \/>\n<link rel=\"canonical\" href=\"https:\/\/vieassociative.be\/actualites\/quand-les-fichiers-de-lassassinat-de-jfk-seront-publies-et-ou-les-lire\/\" \/>\n<meta property=\"og:locale\" content=\"fr_FR\" \/>\n<meta property=\"og:type\" content=\"article\" \/>\n<meta property=\"og:title\" content=\"Quand les fichiers de l\u2019assassinat de JFK seront publi\u00e9s et o\u00f9 les lire | Vie Associative\" \/>\n<meta property=\"og:description\" content=\"C\u2019est de ce gouvernement dont nous parlons, donc rien ne se produit instantan\u00e9ment. Parmi la panoplie de d\u00e9crets sign\u00e9s par le pr\u00e9sident Trump au cours\" \/>\n<meta property=\"og:url\" content=\"https:\/\/vieassociative.be\/actualites\/quand-les-fichiers-de-lassassinat-de-jfk-seront-publies-et-ou-les-lire\/\" \/>\n<meta property=\"og:site_name\" content=\"Vie Associative\" \/>\n<meta property=\"article:published_time\" content=\"2025-01-25T01:23:56+00:00\" \/>\n<meta property=\"og:image\" content=\"https:\/\/vieassociative.be\/actualites\/wp-content\/uploads\/2024\/09\/header_backgroundk-01-e1726694325946.png\" \/>\n\t<meta property=\"og:image:width\" content=\"279\" \/>\n\t<meta property=\"og:image:height\" content=\"92\" \/>\n\t<meta property=\"og:image:type\" content=\"image\/png\" \/>\n<meta name=\"author\" content=\"Julien\" \/>\n<meta name=\"twitter:card\" content=\"summary_large_image\" \/>\n<meta name=\"twitter:label1\" content=\"\u00c9crit par\" \/>\n\t<meta name=\"twitter:data1\" content=\"Julien\" \/>\n\t<meta name=\"twitter:label2\" content=\"Dur\u00e9e de lecture est.\" \/>\n\t<meta name=\"twitter:data2\" content=\"4 minutes\" \/>\n<script type=\"application\/ld+json\" class=\"yoast-schema-graph\">{\"@context\":\"https:\/\/schema.org\",\"@graph\":[{\"@type\":\"Article\",\"@id\":\"https:\/\/vieassociative.be\/actualites\/quand-les-fichiers-de-lassassinat-de-jfk-seront-publies-et-ou-les-lire\/#article\",\"isPartOf\":{\"@id\":\"https:\/\/vieassociative.be\/actualites\/quand-les-fichiers-de-lassassinat-de-jfk-seront-publies-et-ou-les-lire\/\"},\"author\":{\"name\":\"Julien\",\"@id\":\"https:\/\/vieassociative.be\/actualites\/#\/schema\/person\/b87ac4f82f9d4e7b7cec7395b679edc4\"},\"headline\":\"Quand les fichiers de l\u2019assassinat de JFK seront publi\u00e9s et o\u00f9 les lire\",\"datePublished\":\"2025-01-25T01:23:56+00:00\",\"dateModified\":\"2025-01-25T01:23:56+00:00\",\"mainEntityOfPage\":{\"@id\":\"https:\/\/vieassociative.be\/actualites\/quand-les-fichiers-de-lassassinat-de-jfk-seront-publies-et-ou-les-lire\/\"},\"wordCount\":798,\"publisher\":{\"@id\":\"https:\/\/vieassociative.be\/actualites\/#organization\"},\"image\":{\"@id\":\"https:\/\/vieassociative.be\/actualites\/quand-les-fichiers-de-lassassinat-de-jfk-seront-publies-et-ou-les-lire\/#primaryimage\"},\"thumbnailUrl\":\"https:\/\/vieassociative.be\/actualites\/wp-content\/uploads\/2025\/01\/Quand-les-fichiers-de-lassassinat-de-JFK-seront-publies-et.jpg\",\"keywords\":[\"fichiers\",\"JFK\",\"lassassinat\",\"Les\",\"lire\",\"o\u00f9\",\"publi\u00e9s\",\"Quand\",\"seront\"],\"articleSection\":[\"Technologie\"],\"inLanguage\":\"fr-BE\"},{\"@type\":\"WebPage\",\"@id\":\"https:\/\/vieassociative.be\/actualites\/quand-les-fichiers-de-lassassinat-de-jfk-seront-publies-et-ou-les-lire\/\",\"url\":\"https:\/\/vieassociative.be\/actualites\/quand-les-fichiers-de-lassassinat-de-jfk-seront-publies-et-ou-les-lire\/\",\"name\":\"Quand les fichiers de l\u2019assassinat de JFK seront publi\u00e9s et o\u00f9 les lire | Vie Associative\",\"isPartOf\":{\"@id\":\"https:\/\/vieassociative.be\/actualites\/#website\"},\"primaryImageOfPage\":{\"@id\":\"https:\/\/vieassociative.be\/actualites\/quand-les-fichiers-de-lassassinat-de-jfk-seront-publies-et-ou-les-lire\/#primaryimage\"},\"image\":{\"@id\":\"https:\/\/vieassociative.be\/actualites\/quand-les-fichiers-de-lassassinat-de-jfk-seront-publies-et-ou-les-lire\/#primaryimage\"},\"thumbnailUrl\":\"https:\/\/vieassociative.be\/actualites\/wp-content\/uploads\/2025\/01\/Quand-les-fichiers-de-lassassinat-de-JFK-seront-publies-et.jpg\",\"datePublished\":\"2025-01-25T01:23:56+00:00\",\"dateModified\":\"2025-01-25T01:23:56+00:00\",\"breadcrumb\":{\"@id\":\"https:\/\/vieassociative.be\/actualites\/quand-les-fichiers-de-lassassinat-de-jfk-seront-publies-et-ou-les-lire\/#breadcrumb\"},\"inLanguage\":\"fr-BE\",\"potentialAction\":[{\"@type\":\"ReadAction\",\"target\":[\"https:\/\/vieassociative.be\/actualites\/quand-les-fichiers-de-lassassinat-de-jfk-seront-publies-et-ou-les-lire\/\"]}]},{\"@type\":\"ImageObject\",\"inLanguage\":\"fr-BE\",\"@id\":\"https:\/\/vieassociative.be\/actualites\/quand-les-fichiers-de-lassassinat-de-jfk-seront-publies-et-ou-les-lire\/#primaryimage\",\"url\":\"https:\/\/vieassociative.be\/actualites\/wp-content\/uploads\/2025\/01\/Quand-les-fichiers-de-lassassinat-de-JFK-seront-publies-et.jpg\",\"contentUrl\":\"https:\/\/vieassociative.be\/actualites\/wp-content\/uploads\/2025\/01\/Quand-les-fichiers-de-lassassinat-de-JFK-seront-publies-et.jpg\",\"width\":1200,\"height\":675,\"caption\":\"Quand les fichiers de l\u2019assassinat de JFK seront publi\u00e9s et o\u00f9 les lire\"},{\"@type\":\"BreadcrumbList\",\"@id\":\"https:\/\/vieassociative.be\/actualites\/quand-les-fichiers-de-lassassinat-de-jfk-seront-publies-et-ou-les-lire\/#breadcrumb\",\"itemListElement\":[{\"@type\":\"ListItem\",\"position\":1,\"name\":\"Accueil\",\"item\":\"https:\/\/vieassociative.be\/actualites\/\"},{\"@type\":\"ListItem\",\"position\":2,\"name\":\"Quand les fichiers de l\u2019assassinat de JFK seront publi\u00e9s et o\u00f9 les lire\"}]},{\"@type\":\"WebSite\",\"@id\":\"https:\/\/vieassociative.be\/actualites\/#website\",\"url\":\"https:\/\/vieassociative.be\/actualites\/\",\"name\":\"Vie Associative\",\"description\":\"\",\"publisher\":{\"@id\":\"https:\/\/vieassociative.be\/actualites\/#organization\"},\"potentialAction\":[{\"@type\":\"SearchAction\",\"target\":{\"@type\":\"EntryPoint\",\"urlTemplate\":\"https:\/\/vieassociative.be\/actualites\/?s={search_term_string}\"},\"query-input\":{\"@type\":\"PropertyValueSpecification\",\"valueRequired\":true,\"valueName\":\"search_term_string\"}}],\"inLanguage\":\"fr-BE\"},{\"@type\":\"Organization\",\"@id\":\"https:\/\/vieassociative.be\/actualites\/#organization\",\"name\":\"Vie Associative\",\"url\":\"https:\/\/vieassociative.be\/actualites\/\",\"logo\":{\"@type\":\"ImageObject\",\"inLanguage\":\"fr-BE\",\"@id\":\"https:\/\/vieassociative.be\/actualites\/#\/schema\/logo\/image\/\",\"url\":\"https:\/\/vieassociative.be\/actualites\/wp-content\/uploads\/2024\/09\/cropped-vieassociative_favicon.ico.png\",\"contentUrl\":\"https:\/\/vieassociative.be\/actualites\/wp-content\/uploads\/2024\/09\/cropped-vieassociative_favicon.ico.png\",\"width\":512,\"height\":512,\"caption\":\"Vie Associative\"},\"image\":{\"@id\":\"https:\/\/vieassociative.be\/actualites\/#\/schema\/logo\/image\/\"}},{\"@type\":\"Person\",\"@id\":\"https:\/\/vieassociative.be\/actualites\/#\/schema\/person\/b87ac4f82f9d4e7b7cec7395b679edc4\",\"name\":\"Julien\",\"image\":{\"@type\":\"ImageObject\",\"inLanguage\":\"fr-BE\",\"@id\":\"https:\/\/vieassociative.be\/actualites\/#\/schema\/person\/image\/\",\"url\":\"https:\/\/vieassociative.be\/actualites\/wp-content\/uploads\/2024\/09\/vie-associative-1-150x150.jpg\",\"contentUrl\":\"https:\/\/vieassociative.be\/actualites\/wp-content\/uploads\/2024\/09\/vie-associative-1-150x150.jpg\",\"caption\":\"Julien\"},\"description\":\"Je suis Julien, r\u00e9dacteur pour Vie Associative. Passionn\u00e9 par le monde associatif depuis plus de 10 ans, j'ai \u00e0 c\u0153ur de partager des histoires inspirantes et de mettre en lumi\u00e8re les initiatives locales. Mon objectif est de sensibiliser et d'encourager l'engagement communautaire \u00e0 travers mes articles.\",\"sameAs\":[\"https:\/\/vieassociative.be\/\"]}]}<\/script>\n<!-- \/ Yoast SEO plugin. -->","yoast_head_json":{"title":"Quand les fichiers de l\u2019assassinat de JFK seront publi\u00e9s et o\u00f9 les lire | Vie Associative","robots":{"index":"index","follow":"follow","max-snippet":"max-snippet:-1","max-image-preview":"max-image-preview:large","max-video-preview":"max-video-preview:-1"},"canonical":"https:\/\/vieassociative.be\/actualites\/quand-les-fichiers-de-lassassinat-de-jfk-seront-publies-et-ou-les-lire\/","og_locale":"fr_FR","og_type":"article","og_title":"Quand les fichiers de l\u2019assassinat de JFK seront publi\u00e9s et o\u00f9 les lire | Vie Associative","og_description":"C\u2019est de ce gouvernement dont nous parlons, donc rien ne se produit instantan\u00e9ment. Parmi la panoplie de d\u00e9crets sign\u00e9s par le pr\u00e9sident Trump au cours","og_url":"https:\/\/vieassociative.be\/actualites\/quand-les-fichiers-de-lassassinat-de-jfk-seront-publies-et-ou-les-lire\/","og_site_name":"Vie Associative","article_published_time":"2025-01-25T01:23:56+00:00","og_image":[{"width":279,"height":92,"url":"https:\/\/vieassociative.be\/actualites\/wp-content\/uploads\/2024\/09\/header_backgroundk-01-e1726694325946.png","type":"image\/png"}],"author":"Julien","twitter_card":"summary_large_image","twitter_misc":{"\u00c9crit par":"Julien","Dur\u00e9e de lecture est.":"4 minutes"},"schema":{"@context":"https:\/\/schema.org","@graph":[{"@type":"Article","@id":"https:\/\/vieassociative.be\/actualites\/quand-les-fichiers-de-lassassinat-de-jfk-seront-publies-et-ou-les-lire\/#article","isPartOf":{"@id":"https:\/\/vieassociative.be\/actualites\/quand-les-fichiers-de-lassassinat-de-jfk-seront-publies-et-ou-les-lire\/"},"author":{"name":"Julien","@id":"https:\/\/vieassociative.be\/actualites\/#\/schema\/person\/b87ac4f82f9d4e7b7cec7395b679edc4"},"headline":"Quand les fichiers de l\u2019assassinat de JFK seront publi\u00e9s et o\u00f9 les lire","datePublished":"2025-01-25T01:23:56+00:00","dateModified":"2025-01-25T01:23:56+00:00","mainEntityOfPage":{"@id":"https:\/\/vieassociative.be\/actualites\/quand-les-fichiers-de-lassassinat-de-jfk-seront-publies-et-ou-les-lire\/"},"wordCount":798,"publisher":{"@id":"https:\/\/vieassociative.be\/actualites\/#organization"},"image":{"@id":"https:\/\/vieassociative.be\/actualites\/quand-les-fichiers-de-lassassinat-de-jfk-seront-publies-et-ou-les-lire\/#primaryimage"},"thumbnailUrl":"https:\/\/vieassociative.be\/actualites\/wp-content\/uploads\/2025\/01\/Quand-les-fichiers-de-lassassinat-de-JFK-seront-publies-et.jpg","keywords":["fichiers","JFK","lassassinat","Les","lire","o\u00f9","publi\u00e9s","Quand","seront"],"articleSection":["Technologie"],"inLanguage":"fr-BE"},{"@type":"WebPage","@id":"https:\/\/vieassociative.be\/actualites\/quand-les-fichiers-de-lassassinat-de-jfk-seront-publies-et-ou-les-lire\/","url":"https:\/\/vieassociative.be\/actualites\/quand-les-fichiers-de-lassassinat-de-jfk-seront-publies-et-ou-les-lire\/","name":"Quand les fichiers de l\u2019assassinat de JFK seront publi\u00e9s et o\u00f9 les lire | Vie Associative","isPartOf":{"@id":"https:\/\/vieassociative.be\/actualites\/#website"},"primaryImageOfPage":{"@id":"https:\/\/vieassociative.be\/actualites\/quand-les-fichiers-de-lassassinat-de-jfk-seront-publies-et-ou-les-lire\/#primaryimage"},"image":{"@id":"https:\/\/vieassociative.be\/actualites\/quand-les-fichiers-de-lassassinat-de-jfk-seront-publies-et-ou-les-lire\/#primaryimage"},"thumbnailUrl":"https:\/\/vieassociative.be\/actualites\/wp-content\/uploads\/2025\/01\/Quand-les-fichiers-de-lassassinat-de-JFK-seront-publies-et.jpg","datePublished":"2025-01-25T01:23:56+00:00","dateModified":"2025-01-25T01:23:56+00:00","breadcrumb":{"@id":"https:\/\/vieassociative.be\/actualites\/quand-les-fichiers-de-lassassinat-de-jfk-seront-publies-et-ou-les-lire\/#breadcrumb"},"inLanguage":"fr-BE","potentialAction":[{"@type":"ReadAction","target":["https:\/\/vieassociative.be\/actualites\/quand-les-fichiers-de-lassassinat-de-jfk-seront-publies-et-ou-les-lire\/"]}]},{"@type":"ImageObject","inLanguage":"fr-BE","@id":"https:\/\/vieassociative.be\/actualites\/quand-les-fichiers-de-lassassinat-de-jfk-seront-publies-et-ou-les-lire\/#primaryimage","url":"https:\/\/vieassociative.be\/actualites\/wp-content\/uploads\/2025\/01\/Quand-les-fichiers-de-lassassinat-de-JFK-seront-publies-et.jpg","contentUrl":"https:\/\/vieassociative.be\/actualites\/wp-content\/uploads\/2025\/01\/Quand-les-fichiers-de-lassassinat-de-JFK-seront-publies-et.jpg","width":1200,"height":675,"caption":"Quand les fichiers de l\u2019assassinat de JFK seront publi\u00e9s et o\u00f9 les lire"},{"@type":"BreadcrumbList","@id":"https:\/\/vieassociative.be\/actualites\/quand-les-fichiers-de-lassassinat-de-jfk-seront-publies-et-ou-les-lire\/#breadcrumb","itemListElement":[{"@type":"ListItem","position":1,"name":"Accueil","item":"https:\/\/vieassociative.be\/actualites\/"},{"@type":"ListItem","position":2,"name":"Quand les fichiers de l\u2019assassinat de JFK seront publi\u00e9s et o\u00f9 les lire"}]},{"@type":"WebSite","@id":"https:\/\/vieassociative.be\/actualites\/#website","url":"https:\/\/vieassociative.be\/actualites\/","name":"Vie Associative","description":"","publisher":{"@id":"https:\/\/vieassociative.be\/actualites\/#organization"},"potentialAction":[{"@type":"SearchAction","target":{"@type":"EntryPoint","urlTemplate":"https:\/\/vieassociative.be\/actualites\/?s={search_term_string}"},"query-input":{"@type":"PropertyValueSpecification","valueRequired":true,"valueName":"search_term_string"}}],"inLanguage":"fr-BE"},{"@type":"Organization","@id":"https:\/\/vieassociative.be\/actualites\/#organization","name":"Vie Associative","url":"https:\/\/vieassociative.be\/actualites\/","logo":{"@type":"ImageObject","inLanguage":"fr-BE","@id":"https:\/\/vieassociative.be\/actualites\/#\/schema\/logo\/image\/","url":"https:\/\/vieassociative.be\/actualites\/wp-content\/uploads\/2024\/09\/cropped-vieassociative_favicon.ico.png","contentUrl":"https:\/\/vieassociative.be\/actualites\/wp-content\/uploads\/2024\/09\/cropped-vieassociative_favicon.ico.png","width":512,"height":512,"caption":"Vie Associative"},"image":{"@id":"https:\/\/vieassociative.be\/actualites\/#\/schema\/logo\/image\/"}},{"@type":"Person","@id":"https:\/\/vieassociative.be\/actualites\/#\/schema\/person\/b87ac4f82f9d4e7b7cec7395b679edc4","name":"Julien","image":{"@type":"ImageObject","inLanguage":"fr-BE","@id":"https:\/\/vieassociative.be\/actualites\/#\/schema\/person\/image\/","url":"https:\/\/vieassociative.be\/actualites\/wp-content\/uploads\/2024\/09\/vie-associative-1-150x150.jpg","contentUrl":"https:\/\/vieassociative.be\/actualites\/wp-content\/uploads\/2024\/09\/vie-associative-1-150x150.jpg","caption":"Julien"},"description":"Je suis Julien, r\u00e9dacteur pour Vie Associative. Passionn\u00e9 par le monde associatif depuis plus de 10 ans, j'ai \u00e0 c\u0153ur de partager des histoires inspirantes et de mettre en lumi\u00e8re les initiatives locales. Mon objectif est de sensibiliser et d'encourager l'engagement communautaire \u00e0 travers mes articles.","sameAs":["https:\/\/vieassociative.be\/"]}]}},"_links":{"self":[{"href":"https:\/\/vieassociative.be\/actualites\/wp-json\/wp\/v2\/posts\/4569"}],"collection":[{"href":"https:\/\/vieassociative.be\/actualites\/wp-json\/wp\/v2\/posts"}],"about":[{"href":"https:\/\/vieassociative.be\/actualites\/wp-json\/wp\/v2\/types\/post"}],"author":[{"embeddable":true,"href":"https:\/\/vieassociative.be\/actualites\/wp-json\/wp\/v2\/users\/1"}],"replies":[{"embeddable":true,"href":"https:\/\/vieassociative.be\/actualites\/wp-json\/wp\/v2\/comments?post=4569"}],"version-history":[{"count":0,"href":"https:\/\/vieassociative.be\/actualites\/wp-json\/wp\/v2\/posts\/4569\/revisions"}],"wp:featuredmedia":[{"embeddable":true,"href":"https:\/\/vieassociative.be\/actualites\/wp-json\/wp\/v2\/media\/4570"}],"wp:attachment":[{"href":"https:\/\/vieassociative.be\/actualites\/wp-json\/wp\/v2\/media?parent=4569"}],"wp:term":[{"taxonomy":"category","embeddable":true,"href":"https:\/\/vieassociative.be\/actualites\/wp-json\/wp\/v2\/categories?post=4569"},{"taxonomy":"post_tag","embeddable":true,"href":"https:\/\/vieassociative.be\/actualites\/wp-json\/wp\/v2\/tags?post=4569"}],"curies":[{"name":"wp","href":"https:\/\/api.w.org\/{rel}","templated":true}]}}