{"id":4567,"date":"2025-01-25T01:17:30","date_gmt":"2025-01-25T00:17:30","guid":{"rendered":"https:\/\/vieassociative.be\/actualites\/ou-diffuser-tous-les-films-nomines-avant-les-oscars-2025\/"},"modified":"2025-01-25T01:17:30","modified_gmt":"2025-01-25T00:17:30","slug":"ou-diffuser-tous-les-films-nomines-avant-les-oscars-2025","status":"publish","type":"post","link":"https:\/\/vieassociative.be\/actualites\/ou-diffuser-tous-les-films-nomines-avant-les-oscars-2025\/","title":{"rendered":"O\u00f9 diffuser tous les films nomin\u00e9s avant les Oscars 2025"},"content":{"rendered":"<div class=\"mt-4 leading-6 md:mb-8\">Pr\u00e9parez-vous pour le grand soir d&rsquo;Hollywood en regardant tout ce que vous pouvez avant la c\u00e9r\u00e9monie du 2 mars.<\/div>\n<p><\/p>\n<p>\u00c9coutez, il se passe beaucoup de choses en ce moment, et il peut sembler indulgent de s&rsquo;enthousiasmer pour quelque chose de frivole comme les Oscars. Mais regarder des films <em>est<\/em> prendre soin de soi et tenter de rattraper son retard sur les nomin\u00e9s avant la c\u00e9r\u00e9monie du dimanche 2 mars sera certainement une bonne distraction. (L&rsquo;\u00e9mission, anim\u00e9e par Conan O&rsquo;Brien, sera diffus\u00e9e sur ABC mais \u00e9galement sur Oscars.com et ses plateformes num\u00e9riques associ\u00e9es, selon celles qui existent encore d&rsquo;ici mars). <\/p>\n<p>Pour vous aider \u00e0 vous pr\u00e9parer, j&rsquo;ai rassembl\u00e9 tous les nomin\u00e9s et fait le travail pour d\u00e9terminer o\u00f9 ils sont disponibles pour les regarder en streaming &#8211; m\u00eame si certains ne sont encore qu&rsquo;en salles au moment d&rsquo;\u00e9crire ces lignes, je le tiendrai \u00e0 jour au fur et \u00e0 mesure. les choses tombent sur les plateformes num\u00e9riques. <\/p>\n<p>Les gros films que vous ne pouvez pas encore regarder \u00e0 la maison incluent <em>Le brutaliste<\/em>, <em>Un inconnu complet<\/em>, <em>Je suis toujours l\u00e0<\/em>, <em>Chante Chante<\/em>, <em>Nickel Gar\u00e7ons<\/em>, <em>5 septembre<\/em>. Et puis il y a le documentaire <em>Aucune autre terre<\/em>qui n&rsquo;a m\u00eame pas encore d&rsquo;accord de distribution formel aux \u00c9tats-Unis. Pourtant, vous avez d\u00e9j\u00e0 pas mal de choses \u00e0 rattraper (avant m\u00eame de vous lancer vers des pr\u00e9tendants potentiels comme <em>Challengers, Queers,<\/em> et<em> La derni\u00e8re showgirl<\/em>). Bonne dissociation ! <\/p>\n<hr>\n<h2 id=\"emilia-perez\"><em>\u00c9milie P\u00e9rez <\/em><\/h2>\n<div class=\"mx-auto mt-8 w-full max-w-4xl\">\n<div id=\"video-container-Qlbr7gJgBus\"><\/div>\n<\/div>\n<p>Bien qu&rsquo;elle ne soit, dirons-nous : pas universellement appr\u00e9ci\u00e9e du public queer, la s\u00e9rie polici\u00e8re musicale en langue espagnole <em>\u00c9milie P\u00e9rez<\/em> a r\u00e9ussi \u00e0 r\u00e9colter 13 nominations, le plus grand nombre jamais enregistr\u00e9 pour un film non anglais. Parmi celles-ci se trouve Karla Sof\u00eda Gasc\u00f3 pour la meilleure actrice, le premier clin d&rsquo;\u0153il de l&rsquo;Oscar \u00e0 une actrice ouvertement trans.<strong>Vous pouvez diffuser <em>\u00c9milie P\u00e9rez<\/em> sur Netflix<\/strong><strong>.<\/strong><\/p>\n<p><strong>Candidatures pour\u00a0: <\/strong>Meilleur film, actrice (Karla Sof\u00eda Gasc\u00f3n), actrice dans un second r\u00f4le (Zoe Salda\u00f1a), r\u00e9alisation (Jacques Audiard), sc\u00e9nario adapt\u00e9, long m\u00e9trage international, cin\u00e9matographie, musique originale, chanson originale x 2 (El Mal ET Mi Camino), maquillage et coiffure, Son<\/p>\n<div class=\"pogoClear mb-12 mt-10 rounded-md border-2 border-gray-100 py-7 shadow-xl md:py-6\">\n<div class=\"flex flex-wrap justify-between px-7 text-black no-underline md:flex-nowrap md:px-8\">\n<div class=\"order-1 mx-auto flex flex-col justify-center md:order-2 md:ml-4 md:w-full md:grow\">\n<div class=\"block cursor-pointer text-center font-akshar text-2xl font-medium leading-7 text-brand-green duration-200 ease-in-out hover:text-brand-green-700 md:text-left md:text-xl md:leading-6\">\u00c9milie P\u00e9rez\n                <\/div>\n<div class=\"mt-4 hidden md:flex md:justify-between\">\n<div class=\"self-end\">\n<div class=\"mb-0 h-11 md:flex md:flex-col md:justify-center\">\n<div class=\" font-sans leading-4 text-black\">\n<div class=\"flex flex-wrap items-center justify-center gap-x-1 md:justify-start\">\n        <span class=\"font-bold\"><\/p>\n<p>                            <span class=\"font-medium\">chez Netflix<\/span><br \/>\n                    <\/span>\n            <\/div>\n<\/p><\/div>\n<\/p><\/div>\n<\/p><\/div>\n<div class=\"w-44 self-end\">\n                            <button class=\"flex justify-center items-center w-full bg-brand-green text-white text-base font-sans font-medium rounded-md hover:bg-brand-green-700 hover:cursor-pointer md:text-sm h-11\"><\/p>\n<p>    Apprendre encore plus<br \/>\n<\/button>\n                        <\/div>\n<\/p><\/div>\n<\/p><\/div>\n<div class=\"order-2 mt-5 h-auto w-full md:order-1 md:mt-0 md:hidden\">\n<div class=\"flex aspect-video items-center justify-center\">\n                                            <img decoding=\"async\" class=\"m-0 max-h-full max-w-full rounded-md\" src=\"https:\/\/vieassociative.be\/actualites\/wp-content\/uploads\/2025\/01\/Ou-diffuser-tous-les-films-nomines-avant-les-Oscars-2025.jpg\" alt=\"\u00c9milie P\u00e9rez\" width=\"auto\" height=\"auto\" loading=\"lazy\">\n                                    <\/div>\n<\/p><\/div>\n<div class=\"order-2 ml-2 hidden w-32 shrink-0 items-center md:order-1 md:ml-0 md:flex\">\n<div class=\"flex aspect-video items-center justify-center\">\n                                            <img decoding=\"async\" class=\"m-0 max-h-full max-w-full rounded-md\" src=\"https:\/\/vieassociative.be\/actualites\/wp-content\/uploads\/2025\/01\/Ou-diffuser-tous-les-films-nomines-avant-les-Oscars-2025.jpg\" alt=\"\u00c9milie P\u00e9rez\" width=\"auto\" height=\"auto\" loading=\"lazy\">\n                                    <\/div>\n<\/p><\/div>\n<div class=\"order-3 flex grow flex-wrap md:hidden md:grow-0\">\n<div class=\"mt-4 w-full\">\n                        <button class=\"flex justify-center items-center w-full bg-brand-green text-white text-base font-sans font-medium rounded-md hover:bg-brand-green-700 hover:cursor-pointer md:text-sm h-11\"><\/p>\n<p>    Apprendre encore plus<br \/>\n<\/button>\n                    <\/div>\n<div class=\"mx-2 mt-4 w-full\">\n<div class=\" font-sans leading-4 text-black\">\n<div class=\"flex flex-wrap items-center justify-center gap-x-1 md:justify-start\">\n        <span class=\"font-bold\"><\/p>\n<p>                            <span class=\"font-medium\">chez Netflix<\/span><br \/>\n                    <\/span>\n            <\/div>\n<\/p><\/div>\n<\/p><\/div>\n<\/p><\/div>\n<\/p><\/div>\n<\/div>\n<hr>\n<h2 id=\"wicked\"><em>M\u00e9chant <\/em><\/h2>\n<div class=\"mx-auto mt-8 w-full max-w-4xl\">\n<div id=\"video-container-6COmYeLsz4c\"><\/div>\n<\/div>\n<p>La prochaine \u00e9tape dans le d\u00e9compte des nominations est <em>M\u00e9chant<\/em>le film qui a domin\u00e9 l&rsquo;air du temps de fin d&rsquo;ann\u00e9e et le box-office &#8211; il est \u00e0 \u00e9galit\u00e9 pour les noms avec <em>Le brutaliste<\/em>qui n&rsquo;est pas encore diffus\u00e9. Et c&rsquo;est une autre com\u00e9die musicale ! Pas de nomination \u00e0 la r\u00e9alisation pour Jon M. Chu, ce qui est toujours int\u00e9ressant pour un film avec autant de nominations. \u00c9tant le premier des deux partenaires pr\u00e9vus, les \u00e9lecteurs de l&rsquo;Acad\u00e9mie pourraient attendre l&rsquo;ann\u00e9e prochaine pour envoyer un peu d&rsquo;amour sorcier \u00e0 Chu. <strong>Vous pouvez louer <em>M\u00e9chant<\/em> de Prime Vid\u00e9o<\/strong><strong>.<\/strong><\/p>\n<p><strong>Candidatures pour\u00a0: <\/strong>Meilleur film, actrice (Cynthia Erivo), actrice dans un second r\u00f4le (Ariana Grande), montage, sc\u00e9nographie<strong>, <\/strong>Conception de costumes, musique originale, maquillage et coiffure, son, effets visuels<\/p>\n<div class=\"pogoClear mb-12 mt-10 rounded-md border-2 border-gray-100 py-7 shadow-xl md:py-6\">\n<div class=\"flex flex-wrap justify-between px-7 text-black no-underline md:flex-nowrap md:px-8\">\n<div class=\"order-1 mx-auto flex flex-col justify-center md:order-2 md:ml-4 md:w-full md:grow\">\n<div class=\"block cursor-pointer text-center font-akshar text-2xl font-medium leading-7 text-brand-green duration-200 ease-in-out hover:text-brand-green-700 md:text-left md:text-xl md:leading-6\">M\u00e9chant (2024)\n                <\/div>\n<div class=\"mt-4 hidden md:flex md:justify-between\">\n<div class=\"self-end\">\n<div class=\"mb-0 h-11 md:flex md:flex-col md:justify-center\">\n<div class=\" font-sans leading-4 text-black\">\n<div class=\"flex flex-wrap items-center justify-center gap-x-1 md:justify-start\">\n        <span class=\"font-bold\"><\/p>\n<p>                            <span class=\"font-medium\">chez Prime Vid\u00e9o<\/span><br \/>\n                    <\/span>\n            <\/div>\n<\/p><\/div>\n<\/p><\/div>\n<\/p><\/div>\n<div class=\"w-44 self-end\">\n                            <button class=\"flex justify-center items-center w-full bg-brand-green text-white text-base font-sans font-medium rounded-md hover:bg-brand-green-700 hover:cursor-pointer md:text-sm h-11\"><\/p>\n<p>    Apprendre encore plus<br \/>\n<\/button>\n                        <\/div>\n<\/p><\/div>\n<\/p><\/div>\n<div class=\"order-2 mt-5 h-auto w-full md:order-1 md:mt-0 md:hidden\">\n<div class=\"flex aspect-video items-center justify-center\">\n                                            <img decoding=\"async\" class=\"m-0 max-h-full max-w-full rounded-md\" src=\"https:\/\/vieassociative.be\/actualites\/wp-content\/uploads\/2025\/01\/1737764248_480_Ou-diffuser-tous-les-films-nomines-avant-les-Oscars-2025.jpg\" alt=\"M\u00e9chant (2024)\" width=\"auto\" height=\"auto\" loading=\"lazy\">\n                                    <\/div>\n<\/p><\/div>\n<div class=\"order-2 ml-2 hidden w-32 shrink-0 items-center md:order-1 md:ml-0 md:flex\">\n<div class=\"flex aspect-video items-center justify-center\">\n                                            <img decoding=\"async\" class=\"m-0 max-h-full max-w-full rounded-md\" src=\"https:\/\/vieassociative.be\/actualites\/wp-content\/uploads\/2025\/01\/1737764248_480_Ou-diffuser-tous-les-films-nomines-avant-les-Oscars-2025.jpg\" alt=\"M\u00e9chant (2024)\" width=\"auto\" height=\"auto\" loading=\"lazy\">\n                                    <\/div>\n<\/p><\/div>\n<div class=\"order-3 flex grow flex-wrap md:hidden md:grow-0\">\n<div class=\"mt-4 w-full\">\n                        <button class=\"flex justify-center items-center w-full bg-brand-green text-white text-base font-sans font-medium rounded-md hover:bg-brand-green-700 hover:cursor-pointer md:text-sm h-11\"><\/p>\n<p>    Apprendre encore plus<br \/>\n<\/button>\n                    <\/div>\n<div class=\"mx-2 mt-4 w-full\">\n<div class=\" font-sans leading-4 text-black\">\n<div class=\"flex flex-wrap items-center justify-center gap-x-1 md:justify-start\">\n        <span class=\"font-bold\"><\/p>\n<p>                            <span class=\"font-medium\">chez Prime Vid\u00e9o<\/span><br \/>\n                    <\/span>\n            <\/div>\n<\/p><\/div>\n<\/p><\/div>\n<\/p><\/div>\n<\/p><\/div>\n<\/div>\n<hr>\n<h2 id=\"conclave\"><em>Conclave <\/em><\/h2>\n<div class=\"mx-auto mt-8 w-full max-w-4xl\">\n<div id=\"video-container-JX9jasdi3ic\"><\/div>\n<\/div>\n<p>Thriller politique juteux bas\u00e9 sur le Vatican <em>Conclave<\/em> a remport\u00e9 huit nominations, ce qui n&rsquo;est pas mal pour le genre de film pour adultes direct et interm\u00e9diaire qui est rarement r\u00e9alis\u00e9 de nos jours. La nomination de Rossellini marque une toute premi\u00e8re nomination aux Oscars pour l&rsquo;actrice, une surprise compte tenu de son impressionnante carri\u00e8re. <strong>Vous pouvez diffuser <em>Conclave<\/em> sur Paon<\/strong><strong>  ou louez-le sur Prime Video<\/strong><strong>.<\/strong><\/p>\n<p><strong>Candidatures pour\u00a0: <\/strong>Meilleur film, Acteur (Ralph Fiennes), Actrice (Isabella Rossellini), Sc\u00e9nario adapt\u00e9, Montage, Direction artistique, Conception de costumes, Musique originale<\/p>\n<div class=\"pogoClear mb-12 mt-10 rounded-md border-2 border-gray-100 py-7 shadow-xl md:py-6\">\n<div class=\"flex flex-wrap justify-between px-7 text-black no-underline md:flex-nowrap md:px-8\">\n<div class=\"order-1 mx-auto flex flex-col justify-center md:order-2 md:ml-4 md:w-full md:grow\">\n<div class=\"block cursor-pointer text-center font-akshar text-2xl font-medium leading-7 text-brand-green duration-200 ease-in-out hover:text-brand-green-700 md:text-left md:text-xl md:leading-6\">Conclave (2024)\n                <\/div>\n<div class=\"mt-4 hidden md:flex md:justify-between\">\n<div class=\"self-end\">\n<div class=\"mb-0 h-11 md:flex md:flex-col md:justify-center\">\n<div class=\" font-sans leading-4 text-black\">\n<div class=\"flex flex-wrap items-center justify-center gap-x-1 md:justify-start\">\n        <span class=\"font-bold\"><\/p>\n<p>                            <span class=\"font-medium\">chez Paon<\/span><br \/>\n                    <\/span>\n            <\/div>\n<\/p><\/div>\n<\/p><\/div>\n<\/p><\/div>\n<div class=\"w-44 self-end\">\n                            <button class=\"flex justify-center items-center w-full bg-brand-green text-white text-base font-sans font-medium rounded-md hover:bg-brand-green-700 hover:cursor-pointer md:text-sm h-11\"><\/p>\n<p>    Apprendre encore plus<br \/>\n<\/button>\n                        <\/div>\n<\/p><\/div>\n<\/p><\/div>\n<div class=\"order-2 mt-5 h-auto w-full md:order-1 md:mt-0 md:hidden\">\n<div class=\"flex aspect-video items-center justify-center\">\n                                            <img decoding=\"async\" class=\"m-0 max-h-full max-w-full rounded-md\" src=\"https:\/\/vieassociative.be\/actualites\/wp-content\/uploads\/2025\/01\/1737764248_557_Ou-diffuser-tous-les-films-nomines-avant-les-Oscars-2025.jpg\" alt=\"Conclave (2024)\" width=\"auto\" height=\"auto\" loading=\"lazy\">\n                                    <\/div>\n<\/p><\/div>\n<div class=\"order-2 ml-2 hidden w-32 shrink-0 items-center md:order-1 md:ml-0 md:flex\">\n<div class=\"flex aspect-video items-center justify-center\">\n                                            <img decoding=\"async\" class=\"m-0 max-h-full max-w-full rounded-md\" src=\"https:\/\/vieassociative.be\/actualites\/wp-content\/uploads\/2025\/01\/1737764248_557_Ou-diffuser-tous-les-films-nomines-avant-les-Oscars-2025.jpg\" alt=\"Conclave (2024)\" width=\"auto\" height=\"auto\" loading=\"lazy\">\n                                    <\/div>\n<\/p><\/div>\n<div class=\"order-3 flex grow flex-wrap md:hidden md:grow-0\">\n<div class=\"mt-4 w-full\">\n                        <button class=\"flex justify-center items-center w-full bg-brand-green text-white text-base font-sans font-medium rounded-md hover:bg-brand-green-700 hover:cursor-pointer md:text-sm h-11\"><\/p>\n<p>    Apprendre encore plus<br \/>\n<\/button>\n                    <\/div>\n<div class=\"mx-2 mt-4 w-full\">\n<div class=\" font-sans leading-4 text-black\">\n<div class=\"flex flex-wrap items-center justify-center gap-x-1 md:justify-start\">\n        <span class=\"font-bold\"><\/p>\n<p>                            <span class=\"font-medium\">chez Paon<\/span><br \/>\n                    <\/span>\n            <\/div>\n<\/p><\/div>\n<\/p><\/div>\n<\/p><\/div>\n<\/p><\/div>\n<\/div>\n<hr>\n<h2 id=\"anora\"><em>Anora <\/em><\/h2>\n<div class=\"mx-auto mt-8 w-full max-w-4xl\">\n<div id=\"video-container-GuPkfvxmtdw\"><\/div>\n<\/div>\n<p>Le r\u00e9alisateur Sean Baker a cr\u00e9\u00e9 une s\u00e9rie de films acclam\u00e9s par la critique (<em>Tangerine<\/em>, <em>Le projet Floride<\/em>, <em>Fus\u00e9e rouge<\/em>) qui n&rsquo;ont pas encore perc\u00e9 en termes d&rsquo;amour aux Oscars. Son dernier film, une com\u00e9die dramatique sur le mariage difficile entre la travailleuse du sexe Ani et le fils d&rsquo;un oligarque russe, a remport\u00e9 six nominations cette ann\u00e9e, dont quatre nominations pour Barker (meilleur film, r\u00e9alisation, \u00e9criture et montage). Je ne l&rsquo;ai pas encore vu moi-m\u00eame, mais je suis un grand fan de ses autres films. <strong>Vous pouvez louer <em>Anora<\/em> de Prime Vid\u00e9o<\/strong><strong>.<\/strong><\/p>\n<p><strong>Candidatures pour\u00a0:<\/strong> Meilleur film, actrice (Mikey Madison), acteur (Yura Borisov), r\u00e9alisation (Sean Baker), sc\u00e9nario original, montage<\/p>\n<div class=\"pogoClear mb-12 mt-10 rounded-md border-2 border-gray-100 py-7 shadow-xl md:py-6\">\n<div class=\"flex flex-wrap justify-between px-7 text-black no-underline md:flex-nowrap md:px-8\">\n<div class=\"order-1 mx-auto flex flex-col justify-center md:order-2 md:ml-4 md:w-full md:grow\">\n<div class=\"block cursor-pointer text-center font-akshar text-2xl font-medium leading-7 text-brand-green duration-200 ease-in-out hover:text-brand-green-700 md:text-left md:text-xl md:leading-6\">Anora (2024)\n                <\/div>\n<div class=\"mt-4 hidden md:flex md:justify-between\">\n<div class=\"self-end\">\n<div class=\"mb-0 h-11 md:flex md:flex-col md:justify-center\">\n<div class=\" font-sans leading-4 text-black\">\n<div class=\"flex flex-wrap items-center justify-center gap-x-1 md:justify-start\">\n        <span class=\"font-bold\"><\/p>\n<p>                            <span class=\"font-medium\">chez Prime Vid\u00e9o<\/span><br \/>\n                    <\/span>\n            <\/div>\n<\/p><\/div>\n<\/p><\/div>\n<\/p><\/div>\n<div class=\"w-44 self-end\">\n                            <button class=\"flex justify-center items-center w-full bg-brand-green text-white text-base font-sans font-medium rounded-md hover:bg-brand-green-700 hover:cursor-pointer md:text-sm h-11\"><\/p>\n<p>    Apprendre encore plus<br \/>\n<\/button>\n                        <\/div>\n<\/p><\/div>\n<\/p><\/div>\n<div class=\"order-2 mt-5 h-auto w-full md:order-1 md:mt-0 md:hidden\">\n<div class=\"flex aspect-video items-center justify-center\">\n                                            <img decoding=\"async\" class=\"m-0 max-h-full max-w-full rounded-md\" src=\"https:\/\/vieassociative.be\/actualites\/wp-content\/uploads\/2025\/01\/1737764248_39_Ou-diffuser-tous-les-films-nomines-avant-les-Oscars-2025.jpg\" alt=\"Anora (2024)\" width=\"auto\" height=\"auto\" loading=\"lazy\">\n                                    <\/div>\n<\/p><\/div>\n<div class=\"order-2 ml-2 hidden w-32 shrink-0 items-center md:order-1 md:ml-0 md:flex\">\n<div class=\"flex aspect-video items-center justify-center\">\n                                            <img decoding=\"async\" class=\"m-0 max-h-full max-w-full rounded-md\" src=\"https:\/\/vieassociative.be\/actualites\/wp-content\/uploads\/2025\/01\/1737764248_39_Ou-diffuser-tous-les-films-nomines-avant-les-Oscars-2025.jpg\" alt=\"Anora (2024)\" width=\"auto\" height=\"auto\" loading=\"lazy\">\n                                    <\/div>\n<\/p><\/div>\n<div class=\"order-3 flex grow flex-wrap md:hidden md:grow-0\">\n<div class=\"mt-4 w-full\">\n                        <button class=\"flex justify-center items-center w-full bg-brand-green text-white text-base font-sans font-medium rounded-md hover:bg-brand-green-700 hover:cursor-pointer md:text-sm h-11\"><\/p>\n<p>    Apprendre encore plus<br \/>\n<\/button>\n                    <\/div>\n<div class=\"mx-2 mt-4 w-full\">\n<div class=\" font-sans leading-4 text-black\">\n<div class=\"flex flex-wrap items-center justify-center gap-x-1 md:justify-start\">\n        <span class=\"font-bold\"><\/p>\n<p>                            <span class=\"font-medium\">chez Prime Vid\u00e9o<\/span><br \/>\n                    <\/span>\n            <\/div>\n<\/p><\/div>\n<\/p><\/div>\n<\/p><\/div>\n<\/p><\/div>\n<\/div>\n<hr>\n<h2 id=\"dune-part-two\"><em>Dune\u00a0:\u00a0deuxi\u00e8me partie<\/em><\/h2>\n<div class=\"mx-auto mt-8 w-full max-w-4xl\">\n<div id=\"video-container-U2Qp5pL3ovA\"><\/div>\n<\/div>\n<p>Cinq nominations, ce n&rsquo;est certainement pas mal, mais on a un peu l&rsquo;impression que l&rsquo;\u00e9pop\u00e9e de science-fiction de Denis Villeneuve s&rsquo;est perdue dans le remaniement cette ann\u00e9e. Pourtant, une nomination pour le meilleur film et un \u00e9norme succ\u00e8s au box-office ne sont pas de petits prix de consolation. <strong>Vous pouvez diffuser Dune : Deuxi\u00e8me partie sur Max<\/strong><strong>  et Netflix ou louez-le sur Prime Video<\/strong><strong>.<\/strong><\/p>\n<p><strong>Candidatures pour\u00a0:<\/strong> Meilleur film, cin\u00e9matographie, direction artistique, son, effets visuels<\/p>\n<div class=\"pogoClear mb-12 mt-10 rounded-md border-2 border-gray-100 py-7 shadow-xl md:py-6\">\n<div class=\"flex flex-wrap justify-between px-7 text-black no-underline md:flex-nowrap md:px-8\">\n<div class=\"order-1 mx-auto flex flex-col justify-center md:order-2 md:ml-4 md:w-full md:grow\">\n<div class=\"block cursor-pointer text-center font-akshar text-2xl font-medium leading-7 text-brand-green duration-200 ease-in-out hover:text-brand-green-700 md:text-left md:text-xl md:leading-6\">Dune\u00a0:\u00a0deuxi\u00e8me partie\n                <\/div>\n<div class=\"mt-4 hidden md:flex md:justify-between\">\n<div class=\"self-end\">\n<div class=\"mb-0 h-11 md:flex md:flex-col md:justify-center\">\n<div class=\" font-sans leading-4 text-black\">\n<div class=\"flex flex-wrap items-center justify-center gap-x-1 md:justify-start\">\n        <span class=\"font-bold\"><\/p>\n<p>                            <span class=\"font-medium\">au maximum<\/span><br \/>\n                    <\/span>\n            <\/div>\n<\/p><\/div>\n<\/p><\/div>\n<\/p><\/div>\n<div class=\"w-44 self-end\">\n                            <button class=\"flex justify-center items-center w-full bg-brand-green text-white text-base font-sans font-medium rounded-md hover:bg-brand-green-700 hover:cursor-pointer md:text-sm h-11\"><\/p>\n<p>    Apprendre encore plus<br \/>\n<\/button>\n                        <\/div>\n<\/p><\/div>\n<\/p><\/div>\n<div class=\"order-2 mt-5 h-auto w-full md:order-1 md:mt-0 md:hidden\">\n<div class=\"flex aspect-video items-center justify-center\">\n                                            <img decoding=\"async\" class=\"m-0 max-h-full max-w-full rounded-md\" src=\"https:\/\/vieassociative.be\/actualites\/wp-content\/uploads\/2025\/01\/1737764248_718_Ou-diffuser-tous-les-films-nomines-avant-les-Oscars-2025.jpg\" alt=\"Dune\u00a0:\u00a0deuxi\u00e8me partie\" width=\"auto\" height=\"auto\" loading=\"lazy\">\n                                    <\/div>\n<\/p><\/div>\n<div class=\"order-2 ml-2 hidden w-32 shrink-0 items-center md:order-1 md:ml-0 md:flex\">\n<div class=\"flex aspect-video items-center justify-center\">\n                                            <img decoding=\"async\" class=\"m-0 max-h-full max-w-full rounded-md\" src=\"https:\/\/vieassociative.be\/actualites\/wp-content\/uploads\/2025\/01\/1737764248_718_Ou-diffuser-tous-les-films-nomines-avant-les-Oscars-2025.jpg\" alt=\"Dune\u00a0:\u00a0deuxi\u00e8me partie\" width=\"auto\" height=\"auto\" loading=\"lazy\">\n                                    <\/div>\n<\/p><\/div>\n<div class=\"order-3 flex grow flex-wrap md:hidden md:grow-0\">\n<div class=\"mt-4 w-full\">\n                        <button class=\"flex justify-center items-center w-full bg-brand-green text-white text-base font-sans font-medium rounded-md hover:bg-brand-green-700 hover:cursor-pointer md:text-sm h-11\"><\/p>\n<p>    Apprendre encore plus<br \/>\n<\/button>\n                    <\/div>\n<div class=\"mx-2 mt-4 w-full\">\n<div class=\" font-sans leading-4 text-black\">\n<div class=\"flex flex-wrap items-center justify-center gap-x-1 md:justify-start\">\n        <span class=\"font-bold\"><\/p>\n<p>                            <span class=\"font-medium\">au maximum<\/span><br \/>\n                    <\/span>\n            <\/div>\n<\/p><\/div>\n<\/p><\/div>\n<\/p><\/div>\n<\/p><\/div>\n<\/div>\n<hr>\n<h2 id=\"the-substance\"><em>Le fond <\/em><\/h2>\n<p>Je ne peux pas penser \u00e0 beaucoup (aucune ?) photos d&rsquo;horreur corporelle qui ont atteint le sommet de la hi\u00e9rarchie des Oscars (nominations du meilleur film et du meilleur r\u00e9alisateur !), mais la part du lion de l&rsquo;attention pour celle-ci revient \u00e0 Demi Moore. Elle a re\u00e7u ici sa toute premi\u00e8re nomination aux Oscars, et il \u00e9tait temps. <strong>Vous pouvez diffuser <em>Le fond<\/em> sur Mubi ou louer sur Prime Video<\/strong><strong>. <\/strong><\/p>\n<p><strong>Candidatures pour\u00a0: <\/strong>Meilleur film, actrice (Demi Moore), r\u00e9alisation (Coralie Fargeat), sc\u00e9nario original, maquillage et coiffure<\/p>\n<div class=\"pogoClear mb-12 mt-10 rounded-md border-2 border-gray-100 py-7 shadow-xl md:py-6\">\n<div class=\"flex flex-wrap justify-between px-7 text-black no-underline md:flex-nowrap md:px-8\">\n<div class=\"order-1 mx-auto flex flex-col justify-center md:order-2 md:ml-4 md:w-full md:grow\">\n<div class=\"block cursor-pointer text-center font-akshar text-2xl font-medium leading-7 text-brand-green duration-200 ease-in-out hover:text-brand-green-700 md:text-left md:text-xl md:leading-6\">Le fond\n                <\/div>\n<div class=\"mt-4 hidden md:flex md:justify-between\">\n<div class=\"self-end\">\n<div class=\"mb-0 h-11 md:flex md:flex-col md:justify-center\">\n<div class=\" font-sans leading-4 text-black\">\n<div class=\"flex flex-wrap items-center justify-center gap-x-1 md:justify-start\">\n        <span class=\"font-bold\"><\/p>\n<p>                            <span class=\"font-medium\">chez Prime Vid\u00e9o<\/span><br \/>\n                    <\/span>\n            <\/div>\n<\/p><\/div>\n<\/p><\/div>\n<\/p><\/div>\n<div class=\"w-44 self-end\">\n                            <button class=\"flex justify-center items-center w-full bg-brand-green text-white text-base font-sans font-medium rounded-md hover:bg-brand-green-700 hover:cursor-pointer md:text-sm h-11\"><\/p>\n<p>    Apprendre encore plus<br \/>\n<\/button>\n                        <\/div>\n<\/p><\/div>\n<\/p><\/div>\n<div class=\"order-2 mt-5 h-auto w-full md:order-1 md:mt-0 md:hidden\">\n<div class=\"flex aspect-video items-center justify-center\">\n                                            <img decoding=\"async\" class=\"m-0 max-h-full max-w-full rounded-md\" src=\"https:\/\/vieassociative.be\/actualites\/wp-content\/uploads\/2025\/01\/1737764248_909_Ou-diffuser-tous-les-films-nomines-avant-les-Oscars-2025.jpg\" alt=\"Le fond\" width=\"auto\" height=\"auto\" loading=\"lazy\">\n                                    <\/div>\n<\/p><\/div>\n<div class=\"order-2 ml-2 hidden w-32 shrink-0 items-center md:order-1 md:ml-0 md:flex\">\n<div class=\"flex aspect-video items-center justify-center\">\n                                            <img decoding=\"async\" class=\"m-0 max-h-full max-w-full rounded-md\" src=\"https:\/\/vieassociative.be\/actualites\/wp-content\/uploads\/2025\/01\/1737764248_909_Ou-diffuser-tous-les-films-nomines-avant-les-Oscars-2025.jpg\" alt=\"Le fond\" width=\"auto\" height=\"auto\" loading=\"lazy\">\n                                    <\/div>\n<\/p><\/div>\n<div class=\"order-3 flex grow flex-wrap md:hidden md:grow-0\">\n<div class=\"mt-4 w-full\">\n                        <button class=\"flex justify-center items-center w-full bg-brand-green text-white text-base font-sans font-medium rounded-md hover:bg-brand-green-700 hover:cursor-pointer md:text-sm h-11\"><\/p>\n<p>    Apprendre encore plus<br \/>\n<\/button>\n                    <\/div>\n<div class=\"mx-2 mt-4 w-full\">\n<div class=\" font-sans leading-4 text-black\">\n<div class=\"flex flex-wrap items-center justify-center gap-x-1 md:justify-start\">\n        <span class=\"font-bold\"><\/p>\n<p>                            <span class=\"font-medium\">chez Prime Vid\u00e9o<\/span><br \/>\n                    <\/span>\n            <\/div>\n<\/p><\/div>\n<\/p><\/div>\n<\/p><\/div>\n<\/p><\/div>\n<\/div>\n<hr>\n<h2 id=\"nosferatu\"><em>Nosferatu <\/em><\/h2>\n<p>Le remake de vampire luxuriant et froid de Robert Eggers a polaris\u00e9 le public (je l&rsquo;ai ador\u00e9), mais il a r\u00e9ussi un bon box-office et a fait encore mieux aupr\u00e8s des critiques. Les quatre nominations du film sont toutes dues \u00e0 ses visuels saisissants. <strong>Vous pouvez louer <em>Nosferatu <\/em>de Prime Vid\u00e9o<\/strong><strong>.<\/strong><\/p>\n<p><strong>Candidatures pour\u00a0: <\/strong>Cin\u00e9matographie, conception de d\u00e9cors, conception de costumes, maquillage et coiffure<\/p>\n<div class=\"pogoClear mb-12 mt-10 rounded-md border-2 border-gray-100 py-7 shadow-xl md:py-6\">\n<div class=\"flex flex-wrap justify-between px-7 text-black no-underline md:flex-nowrap md:px-8\">\n<div class=\"order-1 mx-auto flex flex-col justify-center md:order-2 md:ml-4 md:w-full md:grow\">\n<div class=\"block cursor-pointer text-center font-akshar text-2xl font-medium leading-7 text-brand-green duration-200 ease-in-out hover:text-brand-green-700 md:text-left md:text-xl md:leading-6\">Nosferatu (2024)\n                <\/div>\n<div class=\"mt-4 hidden md:flex md:justify-between\">\n<div class=\"self-end\">\n<div class=\"mb-0 h-11 md:flex md:flex-col md:justify-center\">\n<div class=\" font-sans leading-4 text-black\">\n<div class=\"flex flex-wrap items-center justify-center gap-x-1 md:justify-start\">\n        <span class=\"font-bold\"><\/p>\n<p>                            <span class=\"font-medium\">chez Prime Vid\u00e9o<\/span><br \/>\n                    <\/span>\n            <\/div>\n<\/p><\/div>\n<\/p><\/div>\n<\/p><\/div>\n<div class=\"w-44 self-end\">\n                            <button class=\"flex justify-center items-center w-full bg-brand-green text-white text-base font-sans font-medium rounded-md hover:bg-brand-green-700 hover:cursor-pointer md:text-sm h-11\"><\/p>\n<p>    Apprendre encore plus<br \/>\n<\/button>\n                        <\/div>\n<\/p><\/div>\n<\/p><\/div>\n<div class=\"order-2 mt-5 h-auto w-full md:order-1 md:mt-0 md:hidden\">\n<div class=\"flex aspect-video items-center justify-center\">\n                                            <img decoding=\"async\" class=\"m-0 max-h-full max-w-full rounded-md\" src=\"https:\/\/vieassociative.be\/actualites\/wp-content\/uploads\/2025\/01\/1737764249_633_Ou-diffuser-tous-les-films-nomines-avant-les-Oscars-2025.jpg\" alt=\"Nosferatu (2024)\" width=\"auto\" height=\"auto\" loading=\"lazy\">\n                                    <\/div>\n<\/p><\/div>\n<div class=\"order-2 ml-2 hidden w-32 shrink-0 items-center md:order-1 md:ml-0 md:flex\">\n<div class=\"flex aspect-video items-center justify-center\">\n                                            <img decoding=\"async\" class=\"m-0 max-h-full max-w-full rounded-md\" src=\"https:\/\/vieassociative.be\/actualites\/wp-content\/uploads\/2025\/01\/1737764249_633_Ou-diffuser-tous-les-films-nomines-avant-les-Oscars-2025.jpg\" alt=\"Nosferatu (2024)\" width=\"auto\" height=\"auto\" loading=\"lazy\">\n                                    <\/div>\n<\/p><\/div>\n<div class=\"order-3 flex grow flex-wrap md:hidden md:grow-0\">\n<div class=\"mt-4 w-full\">\n                        <button class=\"flex justify-center items-center w-full bg-brand-green text-white text-base font-sans font-medium rounded-md hover:bg-brand-green-700 hover:cursor-pointer md:text-sm h-11\"><\/p>\n<p>    Apprendre encore plus<br \/>\n<\/button>\n                    <\/div>\n<div class=\"mx-2 mt-4 w-full\">\n<div class=\" font-sans leading-4 text-black\">\n<div class=\"flex flex-wrap items-center justify-center gap-x-1 md:justify-start\">\n        <span class=\"font-bold\"><\/p>\n<p>                            <span class=\"font-medium\">chez Prime Vid\u00e9o<\/span><br \/>\n                    <\/span>\n            <\/div>\n<\/p><\/div>\n<\/p><\/div>\n<\/p><\/div>\n<\/p><\/div>\n<\/div>\n<hr>\n<h2 id=\"the-wild-robot\"><em>Le robot sauvage <\/em><\/h2>\n<div class=\"mx-auto mt-8 w-full max-w-4xl\">\n<div id=\"video-container-njPNg0A9VpY\"><\/div>\n<\/div>\n<p>Un robot de service (exprim\u00e9 par Lupita Nyong&rsquo;o) fait naufrage sur une \u00eele o\u00f9 elle apprend \u00e0 nouer de nouvelles relations et adopte une oie orpheline. Le film d&rsquo;animation poignant a remport\u00e9 trois nominations. <strong>Vous pouvez louer <em>Le robot sauvage<\/em> de Prime Vid\u00e9o<\/strong><strong>.<\/strong><\/p>\n<p><strong>Candidatures pour\u00a0:<\/strong> Long m\u00e9trage d&rsquo;animation, musique originale, son<\/p>\n<div class=\"pogoClear mb-12 mt-10 rounded-md border-2 border-gray-100 py-7 shadow-xl md:py-6\">\n<div class=\"flex flex-wrap justify-between px-7 text-black no-underline md:flex-nowrap md:px-8\">\n<div class=\"order-1 mx-auto flex flex-col justify-center md:order-2 md:ml-4 md:w-full md:grow\">\n<div class=\"block cursor-pointer text-center font-akshar text-2xl font-medium leading-7 text-brand-green duration-200 ease-in-out hover:text-brand-green-700 md:text-left md:text-xl md:leading-6\">Le robot sauvage\n                <\/div>\n<div class=\"mt-4 hidden md:flex md:justify-between\">\n<div class=\"self-end\">\n<div class=\"mb-0 h-11 md:flex md:flex-col md:justify-center\">\n<div class=\" font-sans leading-4 text-black\">\n<div class=\"flex flex-wrap items-center justify-center gap-x-1 md:justify-start\">\n        <span class=\"font-bold\"><\/p>\n<p>                            <span class=\"font-medium\">chez Prime Vid\u00e9o<\/span><br \/>\n                    <\/span>\n            <\/div>\n<\/p><\/div>\n<\/p><\/div>\n<\/p><\/div>\n<div class=\"w-44 self-end\">\n                            <button class=\"flex justify-center items-center w-full bg-brand-green text-white text-base font-sans font-medium rounded-md hover:bg-brand-green-700 hover:cursor-pointer md:text-sm h-11\"><\/p>\n<p>    Apprendre encore plus<br \/>\n<\/button>\n                        <\/div>\n<\/p><\/div>\n<\/p><\/div>\n<div class=\"order-2 mt-5 h-auto w-full md:order-1 md:mt-0 md:hidden\">\n<div class=\"flex aspect-video items-center justify-center\">\n                                            <img decoding=\"async\" class=\"m-0 max-h-full max-w-full rounded-md\" src=\"https:\/\/vieassociative.be\/actualites\/wp-content\/uploads\/2025\/01\/1737764249_557_Ou-diffuser-tous-les-films-nomines-avant-les-Oscars-2025.jpg\" alt=\"Le robot sauvage\" width=\"auto\" height=\"auto\" loading=\"lazy\">\n                                    <\/div>\n<\/p><\/div>\n<div class=\"order-2 ml-2 hidden w-32 shrink-0 items-center md:order-1 md:ml-0 md:flex\">\n<div class=\"flex aspect-video items-center justify-center\">\n                                            <img decoding=\"async\" class=\"m-0 max-h-full max-w-full rounded-md\" src=\"https:\/\/vieassociative.be\/actualites\/wp-content\/uploads\/2025\/01\/1737764249_557_Ou-diffuser-tous-les-films-nomines-avant-les-Oscars-2025.jpg\" alt=\"Le robot sauvage\" width=\"auto\" height=\"auto\" loading=\"lazy\">\n                                    <\/div>\n<\/p><\/div>\n<div class=\"order-3 flex grow flex-wrap md:hidden md:grow-0\">\n<div class=\"mt-4 w-full\">\n                        <button class=\"flex justify-center items-center w-full bg-brand-green text-white text-base font-sans font-medium rounded-md hover:bg-brand-green-700 hover:cursor-pointer md:text-sm h-11\"><\/p>\n<p>    Apprendre encore plus<br \/>\n<\/button>\n                    <\/div>\n<div class=\"mx-2 mt-4 w-full\">\n<div class=\" font-sans leading-4 text-black\">\n<div class=\"flex flex-wrap items-center justify-center gap-x-1 md:justify-start\">\n        <span class=\"font-bold\"><\/p>\n<p>                            <span class=\"font-medium\">chez Prime Vid\u00e9o<\/span><br \/>\n                    <\/span>\n            <\/div>\n<\/p><\/div>\n<\/p><\/div>\n<\/p><\/div>\n<\/p><\/div>\n<\/div>\n<hr>\n<h2 id=\"a-real-pain\"><em>Une vraie douleur <\/em><\/h2>\n<div class=\"mx-auto mt-8 w-full max-w-4xl\">\n<div id=\"video-container-b2et8Vpu7Ls\"><\/div>\n<\/div>\n<p>Jesse Eisenberg \u00e9crit, r\u00e9alise et joue (avec Kieran Culkin) dans ce road-trip doux et triste sur un couple de cousins \u200b\u200bjuifs am\u00e9ricains mal assortis qui se rendent en Pologne pour honorer leur d\u00e9funte grand-m\u00e8re. Chacun des protagonistes a \u00e9t\u00e9 nomin\u00e9 : Culkin pour son jeu d&rsquo;acteur et Eisenberg pour son sc\u00e9nario. <strong>Vous pouvez diffuser <em>Une vraie douleur<\/em> sur Hulu<\/strong><strong>  ou louez-le sur Prime Video<\/strong><strong>.<\/strong><\/p>\n<p><strong>Candidatures pour\u00a0:<\/strong> Acteur dans un second r\u00f4le (Kieran Culkin), sc\u00e9nario original<\/p>\n<div class=\"pogoClear mb-12 mt-10 rounded-md border-2 border-gray-100 py-7 shadow-xl md:py-6\">\n<div class=\"flex flex-wrap justify-between px-7 text-black no-underline md:flex-nowrap md:px-8\">\n<div class=\"order-1 mx-auto flex flex-col justify-center md:order-2 md:ml-4 md:w-full md:grow\">\n<div class=\"block cursor-pointer text-center font-akshar text-2xl font-medium leading-7 text-brand-green duration-200 ease-in-out hover:text-brand-green-700 md:text-left md:text-xl md:leading-6\">Une vraie douleur\n                <\/div>\n<div class=\"mt-4 hidden md:flex md:justify-between\">\n<div class=\"self-end\">\n<div class=\"mb-0 h-11 md:flex md:flex-col md:justify-center\">\n<div class=\" font-sans leading-4 text-black\">\n<div class=\"flex flex-wrap items-center justify-center gap-x-1 md:justify-start\">\n        <span class=\"font-bold\"><\/p>\n<p>                            <span class=\"font-medium\">\u00e0 Hulu<\/span><br \/>\n                    <\/span>\n            <\/div>\n<\/p><\/div>\n<\/p><\/div>\n<\/p><\/div>\n<div class=\"w-44 self-end\">\n                            <button class=\"flex justify-center items-center w-full bg-brand-green text-white text-base font-sans font-medium rounded-md hover:bg-brand-green-700 hover:cursor-pointer md:text-sm h-11\"><\/p>\n<p>    Apprendre encore plus<br \/>\n<\/button>\n                        <\/div>\n<\/p><\/div>\n<\/p><\/div>\n<div class=\"order-2 mt-5 h-auto w-full md:order-1 md:mt-0 md:hidden\">\n<div class=\"flex aspect-video items-center justify-center\">\n                                            <img decoding=\"async\" class=\"m-0 max-h-full max-w-full rounded-md\" src=\"https:\/\/vieassociative.be\/actualites\/wp-content\/uploads\/2025\/01\/1737764249_661_Ou-diffuser-tous-les-films-nomines-avant-les-Oscars-2025.jpg\" alt=\"Une vraie douleur\" width=\"auto\" height=\"auto\" loading=\"lazy\">\n                                    <\/div>\n<\/p><\/div>\n<div class=\"order-2 ml-2 hidden w-32 shrink-0 items-center md:order-1 md:ml-0 md:flex\">\n<div class=\"flex aspect-video items-center justify-center\">\n                                            <img decoding=\"async\" class=\"m-0 max-h-full max-w-full rounded-md\" src=\"https:\/\/vieassociative.be\/actualites\/wp-content\/uploads\/2025\/01\/1737764249_661_Ou-diffuser-tous-les-films-nomines-avant-les-Oscars-2025.jpg\" alt=\"Une vraie douleur\" width=\"auto\" height=\"auto\" loading=\"lazy\">\n                                    <\/div>\n<\/p><\/div>\n<div class=\"order-3 flex grow flex-wrap md:hidden md:grow-0\">\n<div class=\"mt-4 w-full\">\n                        <button class=\"flex justify-center items-center w-full bg-brand-green text-white text-base font-sans font-medium rounded-md hover:bg-brand-green-700 hover:cursor-pointer md:text-sm h-11\"><\/p>\n<p>    Apprendre encore plus<br \/>\n<\/button>\n                    <\/div>\n<div class=\"mx-2 mt-4 w-full\">\n<div class=\" font-sans leading-4 text-black\">\n<div class=\"flex flex-wrap items-center justify-center gap-x-1 md:justify-start\">\n        <span class=\"font-bold\"><\/p>\n<p>                            <span class=\"font-medium\">\u00e0 Hulu<\/span><br \/>\n                    <\/span>\n            <\/div>\n<\/p><\/div>\n<\/p><\/div>\n<\/p><\/div>\n<\/p><\/div>\n<\/div>\n<hr>\n<h2 id=\"flow\"><em>Couler<\/em><\/h2>\n<div class=\"mx-auto mt-8 w-full max-w-4xl\">\n<div id=\"video-container-OY0DsUNNbFE\"><\/div>\n<\/div>\n<p>Saga magnifiquement anim\u00e9e sur un chat d\u00e9plac\u00e9 par une inondation, ce film letton a remport\u00e9 des prix \u00e0 gauche et \u00e0 droite, bien qu&rsquo;il soit sans dialogue et qu&rsquo;il ait \u00e9t\u00e9 anim\u00e9 \u00e0 l&rsquo;aide d&rsquo;un logiciel open source. <strong>Vous pouvez louer <em>Couler<\/em> de Prime Vid\u00e9o<\/strong><strong>.<\/strong><\/p>\n<p><strong>Candidatures pour\u00a0: <\/strong>Long m\u00e9trage international, Long m\u00e9trage d&rsquo;animation <\/p>\n<div class=\"pogoClear mb-12 mt-10 rounded-md border-2 border-gray-100 py-7 shadow-xl md:py-6\">\n<div class=\"flex flex-wrap justify-between px-7 text-black no-underline md:flex-nowrap md:px-8\">\n<div class=\"order-1 mx-auto flex flex-col justify-center md:order-2 md:ml-4 md:w-full md:grow\">\n<div class=\"block cursor-pointer text-center font-akshar text-2xl font-medium leading-7 text-brand-green duration-200 ease-in-out hover:text-brand-green-700 md:text-left md:text-xl md:leading-6\">Flux (2024)\n                <\/div>\n<div class=\"mt-4 hidden md:flex md:justify-between\">\n<div class=\"self-end\">\n<div class=\"mb-0 h-11 md:flex md:flex-col md:justify-center\">\n<div class=\" font-sans leading-4 text-black\">\n<div class=\"flex flex-wrap items-center justify-center gap-x-1 md:justify-start\">\n        <span class=\"font-bold\"><\/p>\n<p>                            <span class=\"font-medium\">chez Prime Vid\u00e9o<\/span><br \/>\n                    <\/span>\n            <\/div>\n<\/p><\/div>\n<\/p><\/div>\n<\/p><\/div>\n<div class=\"w-44 self-end\">\n                            <button class=\"flex justify-center items-center w-full bg-brand-green text-white text-base font-sans font-medium rounded-md hover:bg-brand-green-700 hover:cursor-pointer md:text-sm h-11\"><\/p>\n<p>    Apprendre encore plus<br \/>\n<\/button>\n                        <\/div>\n<\/p><\/div>\n<\/p><\/div>\n<div class=\"order-2 mt-5 h-auto w-full md:order-1 md:mt-0 md:hidden\">\n<div class=\"flex aspect-video items-center justify-center\">\n                                            <img decoding=\"async\" class=\"m-0 max-h-full max-w-full rounded-md\" src=\"https:\/\/vieassociative.be\/actualites\/wp-content\/uploads\/2025\/01\/1737764249_682_Ou-diffuser-tous-les-films-nomines-avant-les-Oscars-2025.jpg\" alt=\"Flux (2024)\" width=\"auto\" height=\"auto\" loading=\"lazy\">\n                                    <\/div>\n<\/p><\/div>\n<div class=\"order-2 ml-2 hidden w-32 shrink-0 items-center md:order-1 md:ml-0 md:flex\">\n<div class=\"flex aspect-video items-center justify-center\">\n                                            <img decoding=\"async\" class=\"m-0 max-h-full max-w-full rounded-md\" src=\"https:\/\/vieassociative.be\/actualites\/wp-content\/uploads\/2025\/01\/1737764249_682_Ou-diffuser-tous-les-films-nomines-avant-les-Oscars-2025.jpg\" alt=\"Flux (2024)\" width=\"auto\" height=\"auto\" loading=\"lazy\">\n                                    <\/div>\n<\/p><\/div>\n<div class=\"order-3 flex grow flex-wrap md:hidden md:grow-0\">\n<div class=\"mt-4 w-full\">\n                        <button class=\"flex justify-center items-center w-full bg-brand-green text-white text-base font-sans font-medium rounded-md hover:bg-brand-green-700 hover:cursor-pointer md:text-sm h-11\"><\/p>\n<p>    Apprendre encore plus<br \/>\n<\/button>\n                    <\/div>\n<div class=\"mx-2 mt-4 w-full\">\n<div class=\" font-sans leading-4 text-black\">\n<div class=\"flex flex-wrap items-center justify-center gap-x-1 md:justify-start\">\n        <span class=\"font-bold\"><\/p>\n<p>                            <span class=\"font-medium\">chez Prime Vid\u00e9o<\/span><br \/>\n                    <\/span>\n            <\/div>\n<\/p><\/div>\n<\/p><\/div>\n<\/p><\/div>\n<\/p><\/div>\n<\/div>\n<hr>\n<h2 id=\"the-apprentice\"><em>L&rsquo;apprenti<\/em><\/h2>\n<div class=\"mx-auto mt-8 w-full max-w-4xl\">\n<div id=\"video-container-0tXEN0WNJUg\"><\/div>\n<\/div>\n<p>La discussion autour de ce biopic de Donald Trump avait davantage \u00e0 voir avec diverses actions en justice intent\u00e9es par la campagne Trump et le film a coul\u00e9 au box-office suite \u00e0 des critiques mitig\u00e9es. N\u00e9anmoins : deux nominations par int\u00e9rim, ce n&rsquo;est pas mal. <strong>Vous pouvez louer <em>L&rsquo;apprenti<\/em> de Prime Vid\u00e9o<\/strong><strong>.<\/strong><\/p>\n<p><strong>Candidatures pour\u00a0:<\/strong> Acteur (Sebastian Stan), acteur dans un second r\u00f4le (Jeremy Strong)<\/p>\n<div class=\"pogoClear mb-12 mt-10 rounded-md border-2 border-gray-100 py-7 shadow-xl md:py-6\">\n<div class=\"flex flex-wrap justify-between px-7 text-black no-underline md:flex-nowrap md:px-8\">\n<div class=\"order-1 mx-auto flex flex-col justify-center md:order-2 md:ml-4 md:w-full md:grow\">\n<div class=\"block cursor-pointer text-center font-akshar text-2xl font-medium leading-7 text-brand-green duration-200 ease-in-out hover:text-brand-green-700 md:text-left md:text-xl md:leading-6\">L&rsquo;apprenti\n                <\/div>\n<div class=\"mt-4 hidden md:flex md:justify-between\">\n<div class=\"self-end\">\n<div class=\"mb-0 h-11 md:flex md:flex-col md:justify-center\">\n<div class=\" font-sans leading-4 text-black\">\n<div class=\"flex flex-wrap items-center justify-center gap-x-1 md:justify-start\">\n        <span class=\"font-bold\"><\/p>\n<p>                            <span class=\"font-medium\">chez Prime Vid\u00e9o<\/span><br \/>\n                    <\/span>\n            <\/div>\n<\/p><\/div>\n<\/p><\/div>\n<\/p><\/div>\n<div class=\"w-44 self-end\">\n                            <button class=\"flex justify-center items-center w-full bg-brand-green text-white text-base font-sans font-medium rounded-md hover:bg-brand-green-700 hover:cursor-pointer md:text-sm h-11\"><\/p>\n<p>    Apprendre encore plus<br \/>\n<\/button>\n                        <\/div>\n<\/p><\/div>\n<\/p><\/div>\n<div class=\"order-2 mt-5 h-auto w-full md:order-1 md:mt-0 md:hidden\">\n<div class=\"flex aspect-video items-center justify-center\">\n                                            <img decoding=\"async\" class=\"m-0 max-h-full max-w-full rounded-md\" src=\"https:\/\/vieassociative.be\/actualites\/wp-content\/uploads\/2025\/01\/1737764249_660_Ou-diffuser-tous-les-films-nomines-avant-les-Oscars-2025.jpg\" alt=\"L'apprenti\" width=\"auto\" height=\"auto\" loading=\"lazy\">\n                                    <\/div>\n<\/p><\/div>\n<div class=\"order-2 ml-2 hidden w-32 shrink-0 items-center md:order-1 md:ml-0 md:flex\">\n<div class=\"flex aspect-video items-center justify-center\">\n                                            <img decoding=\"async\" class=\"m-0 max-h-full max-w-full rounded-md\" src=\"https:\/\/vieassociative.be\/actualites\/wp-content\/uploads\/2025\/01\/1737764249_660_Ou-diffuser-tous-les-films-nomines-avant-les-Oscars-2025.jpg\" alt=\"L'apprenti\" width=\"auto\" height=\"auto\" loading=\"lazy\">\n                                    <\/div>\n<\/p><\/div>\n<div class=\"order-3 flex grow flex-wrap md:hidden md:grow-0\">\n<div class=\"mt-4 w-full\">\n                        <button class=\"flex justify-center items-center w-full bg-brand-green text-white text-base font-sans font-medium rounded-md hover:bg-brand-green-700 hover:cursor-pointer md:text-sm h-11\"><\/p>\n<p>    Apprendre encore plus<br \/>\n<\/button>\n                    <\/div>\n<div class=\"mx-2 mt-4 w-full\">\n<div class=\" font-sans leading-4 text-black\">\n<div class=\"flex flex-wrap items-center justify-center gap-x-1 md:justify-start\">\n        <span class=\"font-bold\"><\/p>\n<p>                            <span class=\"font-medium\">chez Prime Vid\u00e9o<\/span><br \/>\n                    <\/span>\n            <\/div>\n<\/p><\/div>\n<\/p><\/div>\n<\/p><\/div>\n<\/p><\/div>\n<\/div>\n<hr>\n<h2 id=\"inside-out-2\"><em>\u00c0 l\u2019envers 2<\/em><\/h2>\n<p>Le plut\u00f4t d\u00e9licieux <em>\u00c0 l\u2019envers<\/em> La suite a rapport\u00e9 plus de 1,5 milliard de dollars au box-office et pourrait \u00e9galement obtenir un Oscar pour cette peine. <strong>Vous pouvez diffuser <em>\u00c0 l\u2019envers 2<\/em> sur Disney+<\/strong><strong>  ou louez-le sur Prime Video<\/strong><strong>.<\/strong><\/p>\n<p><strong>Nomination pour\u00a0:<\/strong> Fonctionnalit\u00e9 anim\u00e9e<\/p>\n<div class=\"pogoClear mb-12 mt-10 rounded-md border-2 border-gray-100 py-7 shadow-xl md:py-6\">\n<div class=\"flex flex-wrap justify-between px-7 text-black no-underline md:flex-nowrap md:px-8\">\n<div class=\"order-1 mx-auto flex flex-col justify-center md:order-2 md:ml-4 md:w-full md:grow\">\n<div class=\"block cursor-pointer text-center font-akshar text-2xl font-medium leading-7 text-brand-green duration-200 ease-in-out hover:text-brand-green-700 md:text-left md:text-xl md:leading-6\">\u00c0 l\u2019envers 2\n                <\/div>\n<div class=\"mt-4 hidden md:flex md:justify-between\">\n<div class=\"self-end\">\n<div class=\"mb-0 h-11 md:flex md:flex-col md:justify-center\">\n<div class=\" font-sans leading-4 text-black\">\n<div class=\"flex flex-wrap items-center justify-center gap-x-1 md:justify-start\">\n        <span class=\"font-bold\"><\/p>\n<p>                            <span class=\"font-medium\">chez Disney+<\/span><br \/>\n                    <\/span>\n            <\/div>\n<\/p><\/div>\n<\/p><\/div>\n<\/p><\/div>\n<div class=\"w-44 self-end\">\n                            <button class=\"flex justify-center items-center w-full bg-brand-green text-white text-base font-sans font-medium rounded-md hover:bg-brand-green-700 hover:cursor-pointer md:text-sm h-11\"><\/p>\n<p>    Apprendre encore plus<br \/>\n<\/button>\n                        <\/div>\n<\/p><\/div>\n<\/p><\/div>\n<div class=\"order-2 mt-5 h-auto w-full md:order-1 md:mt-0 md:hidden\">\n<div class=\"flex aspect-video items-center justify-center\">\n                                            <img decoding=\"async\" class=\"m-0 max-h-full max-w-full rounded-md\" src=\"https:\/\/vieassociative.be\/actualites\/wp-content\/uploads\/2025\/01\/1737764249_816_Ou-diffuser-tous-les-films-nomines-avant-les-Oscars-2025.jpg\" alt=\"\u00c0 l\u2019envers 2\" width=\"auto\" height=\"auto\" loading=\"lazy\">\n                                    <\/div>\n<\/p><\/div>\n<div class=\"order-2 ml-2 hidden w-32 shrink-0 items-center md:order-1 md:ml-0 md:flex\">\n<div class=\"flex aspect-video items-center justify-center\">\n                                            <img decoding=\"async\" class=\"m-0 max-h-full max-w-full rounded-md\" src=\"https:\/\/vieassociative.be\/actualites\/wp-content\/uploads\/2025\/01\/1737764249_816_Ou-diffuser-tous-les-films-nomines-avant-les-Oscars-2025.jpg\" alt=\"\u00c0 l\u2019envers 2\" width=\"auto\" height=\"auto\" loading=\"lazy\">\n                                    <\/div>\n<\/p><\/div>\n<div class=\"order-3 flex grow flex-wrap md:hidden md:grow-0\">\n<div class=\"mt-4 w-full\">\n                        <button class=\"flex justify-center items-center w-full bg-brand-green text-white text-base font-sans font-medium rounded-md hover:bg-brand-green-700 hover:cursor-pointer md:text-sm h-11\"><\/p>\n<p>    Apprendre encore plus<br \/>\n<\/button>\n                    <\/div>\n<div class=\"mx-2 mt-4 w-full\">\n<div class=\" font-sans leading-4 text-black\">\n<div class=\"flex flex-wrap items-center justify-center gap-x-1 md:justify-start\">\n        <span class=\"font-bold\"><\/p>\n<p>                            <span class=\"font-medium\">chez Disney+<\/span><br \/>\n                    <\/span>\n            <\/div>\n<\/p><\/div>\n<\/p><\/div>\n<\/p><\/div>\n<\/p><\/div>\n<\/div>\n<hr>\n<h2 id=\"wallace-amp-gromit-vengeance-most-fowl\"><em>Wallace &#038; Gromit\u00a0:\u00a0Vengeance la plupart des oiseaux<\/em><\/h2>\n<div class=\"mx-auto mt-8 w-full max-w-4xl\">\n<div id=\"video-container-X0ZGf2B01uU\"><\/div>\n<\/div>\n<p>Une nouvelle aventure Wallace &#038; Gromit est toujours un motif de c\u00e9l\u00e9bration, de r\u00e9compense ou non. <strong>Vous pouvez diffuser <em>Wallace &#038; Gromit\u00a0:\u00a0Vengeance la plupart des oiseaux<\/em> sur Netflix<\/strong><strong>.<\/strong><\/p>\n<p><strong>Nomination pour\u00a0:<\/strong> Fonctionnalit\u00e9 anim\u00e9e<\/p>\n<div class=\"pogoClear mb-12 mt-10 rounded-md border-2 border-gray-100 py-7 shadow-xl md:py-6\">\n<div class=\"flex flex-wrap justify-between px-7 text-black no-underline md:flex-nowrap md:px-8\">\n<div class=\"order-1 mx-auto flex flex-col justify-center md:order-2 md:ml-4 md:w-full md:grow\">\n<div class=\"block cursor-pointer text-center font-akshar text-2xl font-medium leading-7 text-brand-green duration-200 ease-in-out hover:text-brand-green-700 md:text-left md:text-xl md:leading-6\">Wallace &#038; Gromit\u00a0:\u00a0Vengeance la plupart des oiseaux\n                <\/div>\n<div class=\"mt-4 hidden md:flex md:justify-between\">\n<div class=\"self-end\">\n<div class=\"mb-0 h-11 md:flex md:flex-col md:justify-center\">\n<div class=\" font-sans leading-4 text-black\">\n<div class=\"flex flex-wrap items-center justify-center gap-x-1 md:justify-start\">\n        <span class=\"font-bold\"><\/p>\n<p>                            <span class=\"font-medium\">chez Netflix<\/span><br \/>\n                    <\/span>\n            <\/div>\n<\/p><\/div>\n<\/p><\/div>\n<\/p><\/div>\n<div class=\"w-44 self-end\">\n                            <button class=\"flex justify-center items-center w-full bg-brand-green text-white text-base font-sans font-medium rounded-md hover:bg-brand-green-700 hover:cursor-pointer md:text-sm h-11\"><\/p>\n<p>    Apprendre encore plus<br \/>\n<\/button>\n                        <\/div>\n<\/p><\/div>\n<\/p><\/div>\n<div class=\"order-2 mt-5 h-auto w-full md:order-1 md:mt-0 md:hidden\">\n<div class=\"flex aspect-video items-center justify-center\">\n                                            <img decoding=\"async\" class=\"m-0 max-h-full max-w-full rounded-md\" src=\"https:\/\/vieassociative.be\/actualites\/wp-content\/uploads\/2025\/01\/1737764249_613_Ou-diffuser-tous-les-films-nomines-avant-les-Oscars-2025.jpg\" alt=\"Wallace &#038; Gromit\u00a0:\u00a0Vengeance la plupart des oiseaux\" width=\"auto\" height=\"auto\" loading=\"lazy\">\n                                    <\/div>\n<\/p><\/div>\n<div class=\"order-2 ml-2 hidden w-32 shrink-0 items-center md:order-1 md:ml-0 md:flex\">\n<div class=\"flex aspect-video items-center justify-center\">\n                                            <img decoding=\"async\" class=\"m-0 max-h-full max-w-full rounded-md\" src=\"https:\/\/vieassociative.be\/actualites\/wp-content\/uploads\/2025\/01\/1737764249_613_Ou-diffuser-tous-les-films-nomines-avant-les-Oscars-2025.jpg\" alt=\"Wallace &#038; Gromit\u00a0:\u00a0Vengeance la plupart des oiseaux\" width=\"auto\" height=\"auto\" loading=\"lazy\">\n                                    <\/div>\n<\/p><\/div>\n<div class=\"order-3 flex grow flex-wrap md:hidden md:grow-0\">\n<div class=\"mt-4 w-full\">\n                        <button class=\"flex justify-center items-center w-full bg-brand-green text-white text-base font-sans font-medium rounded-md hover:bg-brand-green-700 hover:cursor-pointer md:text-sm h-11\"><\/p>\n<p>    Apprendre encore plus<br \/>\n<\/button>\n                    <\/div>\n<div class=\"mx-2 mt-4 w-full\">\n<div class=\" font-sans leading-4 text-black\">\n<div class=\"flex flex-wrap items-center justify-center gap-x-1 md:justify-start\">\n        <span class=\"font-bold\"><\/p>\n<p>                            <span class=\"font-medium\">chez Netflix<\/span><br \/>\n                    <\/span>\n            <\/div>\n<\/p><\/div>\n<\/p><\/div>\n<\/p><\/div>\n<\/p><\/div>\n<\/div>\n<hr>\n<h2 id=\"black-box-diaries\"><em>Journaux de la bo\u00eete noire<\/em><\/h2>\n<div class=\"mx-auto mt-8 w-full max-w-4xl\">\n<div id=\"video-container-zeHfN61S6Gg\"><\/div>\n<\/div>\n<p>Ce documentaire poignant, r\u00e9alis\u00e9 et produit par la journaliste et cin\u00e9aste Shiori It\u014d, suit son enqu\u00eate et son analyse de sa propre affaire d&rsquo;agression sexuelle, une affaire qui l&rsquo;am\u00e8ne aux plus hauts niveaux des m\u00e9dias et du gouvernement japonais. <strong>Vous pouvez diffuser <em>Journaux de la bo\u00eete noire<\/em> sur Paramount+ avec Showtime<\/strong><strong>.<\/strong><\/p>\n<div class=\"pogoClear mb-12 mt-10 rounded-md border-2 border-gray-100 py-7 shadow-xl md:py-6\">\n<div class=\"flex flex-wrap justify-between px-7 text-black no-underline md:flex-nowrap md:px-8\">\n<div class=\"order-1 mx-auto flex flex-col justify-center md:order-2 md:ml-4 md:w-full md:grow\">\n<div class=\"block cursor-pointer text-center font-akshar text-2xl font-medium leading-7 text-brand-green duration-200 ease-in-out hover:text-brand-green-700 md:text-left md:text-xl md:leading-6\">Journaux de la bo\u00eete noire\n                <\/div>\n<div class=\"mt-4 hidden md:flex md:justify-between\">\n<div class=\"self-end\">\n<div class=\"mb-0 h-11 md:flex md:flex-col md:justify-center\">\n<div class=\" font-sans leading-4 text-black\">\n<div class=\"flex flex-wrap items-center justify-center gap-x-1 md:justify-start\">\n        <span class=\"font-bold\"><\/p>\n<p>                            <span class=\"font-medium\">chez Paramount+ avec Showtime<\/span><br \/>\n                    <\/span>\n            <\/div>\n<\/p><\/div>\n<\/p><\/div>\n<\/p><\/div>\n<div class=\"w-44 self-end\">\n                            <button class=\"flex justify-center items-center w-full bg-brand-green text-white text-base font-sans font-medium rounded-md hover:bg-brand-green-700 hover:cursor-pointer md:text-sm h-11\"><\/p>\n<p>    Apprendre encore plus<br \/>\n<\/button>\n                        <\/div>\n<\/p><\/div>\n<\/p><\/div>\n<div class=\"order-2 mt-5 h-auto w-full md:order-1 md:mt-0 md:hidden\">\n<div class=\"flex aspect-video items-center justify-center\">\n                                            <img decoding=\"async\" class=\"m-0 max-h-full max-w-full rounded-md\" src=\"https:\/\/vieassociative.be\/actualites\/wp-content\/uploads\/2025\/01\/1737764250_849_Ou-diffuser-tous-les-films-nomines-avant-les-Oscars-2025.jpg\" alt=\"Journaux de la bo\u00eete noire\" width=\"auto\" height=\"auto\" loading=\"lazy\">\n                                    <\/div>\n<\/p><\/div>\n<div class=\"order-2 ml-2 hidden w-32 shrink-0 items-center md:order-1 md:ml-0 md:flex\">\n<div class=\"flex aspect-video items-center justify-center\">\n                                            <img decoding=\"async\" class=\"m-0 max-h-full max-w-full rounded-md\" src=\"https:\/\/vieassociative.be\/actualites\/wp-content\/uploads\/2025\/01\/1737764250_849_Ou-diffuser-tous-les-films-nomines-avant-les-Oscars-2025.jpg\" alt=\"Journaux de la bo\u00eete noire\" width=\"auto\" height=\"auto\" loading=\"lazy\">\n                                    <\/div>\n<\/p><\/div>\n<div class=\"order-3 flex grow flex-wrap md:hidden md:grow-0\">\n<div class=\"mt-4 w-full\">\n                        <button class=\"flex justify-center items-center w-full bg-brand-green text-white text-base font-sans font-medium rounded-md hover:bg-brand-green-700 hover:cursor-pointer md:text-sm h-11\"><\/p>\n<p>    Apprendre encore plus<br \/>\n<\/button>\n                    <\/div>\n<div class=\"mx-2 mt-4 w-full\">\n<div class=\" font-sans leading-4 text-black\">\n<div class=\"flex flex-wrap items-center justify-center gap-x-1 md:justify-start\">\n        <span class=\"font-bold\"><\/p>\n<p>                            <span class=\"font-medium\">chez Paramount+ avec Showtime<\/span><br \/>\n                    <\/span>\n            <\/div>\n<\/p><\/div>\n<\/p><\/div>\n<\/p><\/div>\n<\/p><\/div>\n<\/div>\n","protected":false},"excerpt":{"rendered":"<p>Pr\u00e9parez-vous pour le grand soir d&rsquo;Hollywood en regardant tout ce que vous pouvez avant la c\u00e9r\u00e9monie du 2 mars. \u00c9coutez, il se passe beaucoup de<\/p>\n","protected":false},"author":1,"featured_media":4568,"comment_status":"","ping_status":"","sticky":false,"template":"","format":"standard","meta":{"footnotes":""},"categories":[36],"tags":[142,1052,102,14,2853,3967,841,546],"class_list":["post-4567","post","type-post","status-publish","format-standard","has-post-thumbnail","hentry","category-divertissement","tag-avant","tag-diffuser","tag-films","tag-les","tag-nomines","tag-oscars","tag-ou","tag-tous","generate-columns","tablet-grid-50","mobile-grid-100","grid-parent","grid-33"],"yoast_head":"<!-- This site is optimized with the Yoast SEO plugin v24.0 - https:\/\/yoast.com\/wordpress\/plugins\/seo\/ -->\n<title>O\u00f9 diffuser tous les films nomin\u00e9s avant les Oscars 2025 | Vie Associative<\/title>\n<meta name=\"robots\" content=\"index, follow, max-snippet:-1, max-image-preview:large, max-video-preview:-1\" \/>\n<link rel=\"canonical\" href=\"https:\/\/vieassociative.be\/actualites\/ou-diffuser-tous-les-films-nomines-avant-les-oscars-2025\/\" \/>\n<meta property=\"og:locale\" content=\"fr_FR\" \/>\n<meta property=\"og:type\" content=\"article\" \/>\n<meta property=\"og:title\" content=\"O\u00f9 diffuser tous les films nomin\u00e9s avant les Oscars 2025 | Vie Associative\" \/>\n<meta property=\"og:description\" content=\"Pr\u00e9parez-vous pour le grand soir d&rsquo;Hollywood en regardant tout ce que vous pouvez avant la c\u00e9r\u00e9monie du 2 mars. \u00c9coutez, il se passe beaucoup de\" \/>\n<meta property=\"og:url\" content=\"https:\/\/vieassociative.be\/actualites\/ou-diffuser-tous-les-films-nomines-avant-les-oscars-2025\/\" \/>\n<meta property=\"og:site_name\" content=\"Vie Associative\" \/>\n<meta property=\"article:published_time\" content=\"2025-01-25T00:17:30+00:00\" \/>\n<meta property=\"og:image\" content=\"https:\/\/vieassociative.be\/actualites\/wp-content\/uploads\/2025\/01\/Ou-diffuser-tous-les-films-nomines-avant-les-Oscars-2025.jpg\" \/>\n<meta name=\"author\" content=\"Julien\" \/>\n<meta name=\"twitter:card\" content=\"summary_large_image\" \/>\n<meta name=\"twitter:label1\" content=\"\u00c9crit par\" \/>\n\t<meta name=\"twitter:data1\" content=\"Julien\" \/>\n\t<meta name=\"twitter:label2\" content=\"Dur\u00e9e de lecture est.\" \/>\n\t<meta name=\"twitter:data2\" content=\"8 minutes\" \/>\n<script type=\"application\/ld+json\" class=\"yoast-schema-graph\">{\"@context\":\"https:\/\/schema.org\",\"@graph\":[{\"@type\":\"Article\",\"@id\":\"https:\/\/vieassociative.be\/actualites\/ou-diffuser-tous-les-films-nomines-avant-les-oscars-2025\/#article\",\"isPartOf\":{\"@id\":\"https:\/\/vieassociative.be\/actualites\/ou-diffuser-tous-les-films-nomines-avant-les-oscars-2025\/\"},\"author\":{\"name\":\"Julien\",\"@id\":\"https:\/\/vieassociative.be\/actualites\/#\/schema\/person\/b87ac4f82f9d4e7b7cec7395b679edc4\"},\"headline\":\"O\u00f9 diffuser tous les films nomin\u00e9s avant les Oscars 2025\",\"datePublished\":\"2025-01-25T00:17:30+00:00\",\"dateModified\":\"2025-01-25T00:17:30+00:00\",\"mainEntityOfPage\":{\"@id\":\"https:\/\/vieassociative.be\/actualites\/ou-diffuser-tous-les-films-nomines-avant-les-oscars-2025\/\"},\"wordCount\":1634,\"publisher\":{\"@id\":\"https:\/\/vieassociative.be\/actualites\/#organization\"},\"image\":{\"@id\":\"https:\/\/vieassociative.be\/actualites\/ou-diffuser-tous-les-films-nomines-avant-les-oscars-2025\/#primaryimage\"},\"thumbnailUrl\":\"https:\/\/vieassociative.be\/actualites\/wp-content\/uploads\/2025\/01\/1737764250_Ou-diffuser-tous-les-films-nomines-avant-les-Oscars-2025.jpg\",\"keywords\":[\"avant\",\"diffuser\",\"films\",\"Les\",\"nomin\u00e9s\",\"Oscars\",\"o\u00f9\",\"tous\"],\"articleSection\":[\"Divertissement\"],\"inLanguage\":\"fr-BE\"},{\"@type\":\"WebPage\",\"@id\":\"https:\/\/vieassociative.be\/actualites\/ou-diffuser-tous-les-films-nomines-avant-les-oscars-2025\/\",\"url\":\"https:\/\/vieassociative.be\/actualites\/ou-diffuser-tous-les-films-nomines-avant-les-oscars-2025\/\",\"name\":\"O\u00f9 diffuser tous les films nomin\u00e9s avant les Oscars 2025 | Vie Associative\",\"isPartOf\":{\"@id\":\"https:\/\/vieassociative.be\/actualites\/#website\"},\"primaryImageOfPage\":{\"@id\":\"https:\/\/vieassociative.be\/actualites\/ou-diffuser-tous-les-films-nomines-avant-les-oscars-2025\/#primaryimage\"},\"image\":{\"@id\":\"https:\/\/vieassociative.be\/actualites\/ou-diffuser-tous-les-films-nomines-avant-les-oscars-2025\/#primaryimage\"},\"thumbnailUrl\":\"https:\/\/vieassociative.be\/actualites\/wp-content\/uploads\/2025\/01\/1737764250_Ou-diffuser-tous-les-films-nomines-avant-les-Oscars-2025.jpg\",\"datePublished\":\"2025-01-25T00:17:30+00:00\",\"dateModified\":\"2025-01-25T00:17:30+00:00\",\"breadcrumb\":{\"@id\":\"https:\/\/vieassociative.be\/actualites\/ou-diffuser-tous-les-films-nomines-avant-les-oscars-2025\/#breadcrumb\"},\"inLanguage\":\"fr-BE\",\"potentialAction\":[{\"@type\":\"ReadAction\",\"target\":[\"https:\/\/vieassociative.be\/actualites\/ou-diffuser-tous-les-films-nomines-avant-les-oscars-2025\/\"]}]},{\"@type\":\"ImageObject\",\"inLanguage\":\"fr-BE\",\"@id\":\"https:\/\/vieassociative.be\/actualites\/ou-diffuser-tous-les-films-nomines-avant-les-oscars-2025\/#primaryimage\",\"url\":\"https:\/\/vieassociative.be\/actualites\/wp-content\/uploads\/2025\/01\/1737764250_Ou-diffuser-tous-les-films-nomines-avant-les-Oscars-2025.jpg\",\"contentUrl\":\"https:\/\/vieassociative.be\/actualites\/wp-content\/uploads\/2025\/01\/1737764250_Ou-diffuser-tous-les-films-nomines-avant-les-Oscars-2025.jpg\",\"width\":1199,\"height\":675,\"caption\":\"O\u00f9 diffuser tous les films nomin\u00e9s avant les Oscars 2025\"},{\"@type\":\"BreadcrumbList\",\"@id\":\"https:\/\/vieassociative.be\/actualites\/ou-diffuser-tous-les-films-nomines-avant-les-oscars-2025\/#breadcrumb\",\"itemListElement\":[{\"@type\":\"ListItem\",\"position\":1,\"name\":\"Accueil\",\"item\":\"https:\/\/vieassociative.be\/actualites\/\"},{\"@type\":\"ListItem\",\"position\":2,\"name\":\"O\u00f9 diffuser tous les films nomin\u00e9s avant les Oscars 2025\"}]},{\"@type\":\"WebSite\",\"@id\":\"https:\/\/vieassociative.be\/actualites\/#website\",\"url\":\"https:\/\/vieassociative.be\/actualites\/\",\"name\":\"Vie Associative\",\"description\":\"\",\"publisher\":{\"@id\":\"https:\/\/vieassociative.be\/actualites\/#organization\"},\"potentialAction\":[{\"@type\":\"SearchAction\",\"target\":{\"@type\":\"EntryPoint\",\"urlTemplate\":\"https:\/\/vieassociative.be\/actualites\/?s={search_term_string}\"},\"query-input\":{\"@type\":\"PropertyValueSpecification\",\"valueRequired\":true,\"valueName\":\"search_term_string\"}}],\"inLanguage\":\"fr-BE\"},{\"@type\":\"Organization\",\"@id\":\"https:\/\/vieassociative.be\/actualites\/#organization\",\"name\":\"Vie Associative\",\"url\":\"https:\/\/vieassociative.be\/actualites\/\",\"logo\":{\"@type\":\"ImageObject\",\"inLanguage\":\"fr-BE\",\"@id\":\"https:\/\/vieassociative.be\/actualites\/#\/schema\/logo\/image\/\",\"url\":\"https:\/\/vieassociative.be\/actualites\/wp-content\/uploads\/2024\/09\/cropped-vieassociative_favicon.ico.png\",\"contentUrl\":\"https:\/\/vieassociative.be\/actualites\/wp-content\/uploads\/2024\/09\/cropped-vieassociative_favicon.ico.png\",\"width\":512,\"height\":512,\"caption\":\"Vie Associative\"},\"image\":{\"@id\":\"https:\/\/vieassociative.be\/actualites\/#\/schema\/logo\/image\/\"}},{\"@type\":\"Person\",\"@id\":\"https:\/\/vieassociative.be\/actualites\/#\/schema\/person\/b87ac4f82f9d4e7b7cec7395b679edc4\",\"name\":\"Julien\",\"image\":{\"@type\":\"ImageObject\",\"inLanguage\":\"fr-BE\",\"@id\":\"https:\/\/vieassociative.be\/actualites\/#\/schema\/person\/image\/\",\"url\":\"https:\/\/vieassociative.be\/actualites\/wp-content\/uploads\/2024\/09\/vie-associative-1-150x150.jpg\",\"contentUrl\":\"https:\/\/vieassociative.be\/actualites\/wp-content\/uploads\/2024\/09\/vie-associative-1-150x150.jpg\",\"caption\":\"Julien\"},\"description\":\"Je suis Julien, r\u00e9dacteur pour Vie Associative. Passionn\u00e9 par le monde associatif depuis plus de 10 ans, j'ai \u00e0 c\u0153ur de partager des histoires inspirantes et de mettre en lumi\u00e8re les initiatives locales. Mon objectif est de sensibiliser et d'encourager l'engagement communautaire \u00e0 travers mes articles.\",\"sameAs\":[\"https:\/\/vieassociative.be\/\"]}]}<\/script>\n<!-- \/ Yoast SEO plugin. -->","yoast_head_json":{"title":"O\u00f9 diffuser tous les films nomin\u00e9s avant les Oscars 2025 | Vie Associative","robots":{"index":"index","follow":"follow","max-snippet":"max-snippet:-1","max-image-preview":"max-image-preview:large","max-video-preview":"max-video-preview:-1"},"canonical":"https:\/\/vieassociative.be\/actualites\/ou-diffuser-tous-les-films-nomines-avant-les-oscars-2025\/","og_locale":"fr_FR","og_type":"article","og_title":"O\u00f9 diffuser tous les films nomin\u00e9s avant les Oscars 2025 | Vie Associative","og_description":"Pr\u00e9parez-vous pour le grand soir d&rsquo;Hollywood en regardant tout ce que vous pouvez avant la c\u00e9r\u00e9monie du 2 mars. \u00c9coutez, il se passe beaucoup de","og_url":"https:\/\/vieassociative.be\/actualites\/ou-diffuser-tous-les-films-nomines-avant-les-oscars-2025\/","og_site_name":"Vie Associative","article_published_time":"2025-01-25T00:17:30+00:00","og_image":[{"url":"https:\/\/vieassociative.be\/actualites\/wp-content\/uploads\/2025\/01\/Ou-diffuser-tous-les-films-nomines-avant-les-Oscars-2025.jpg","type":"","width":"","height":""}],"author":"Julien","twitter_card":"summary_large_image","twitter_misc":{"\u00c9crit par":"Julien","Dur\u00e9e de lecture est.":"8 minutes"},"schema":{"@context":"https:\/\/schema.org","@graph":[{"@type":"Article","@id":"https:\/\/vieassociative.be\/actualites\/ou-diffuser-tous-les-films-nomines-avant-les-oscars-2025\/#article","isPartOf":{"@id":"https:\/\/vieassociative.be\/actualites\/ou-diffuser-tous-les-films-nomines-avant-les-oscars-2025\/"},"author":{"name":"Julien","@id":"https:\/\/vieassociative.be\/actualites\/#\/schema\/person\/b87ac4f82f9d4e7b7cec7395b679edc4"},"headline":"O\u00f9 diffuser tous les films nomin\u00e9s avant les Oscars 2025","datePublished":"2025-01-25T00:17:30+00:00","dateModified":"2025-01-25T00:17:30+00:00","mainEntityOfPage":{"@id":"https:\/\/vieassociative.be\/actualites\/ou-diffuser-tous-les-films-nomines-avant-les-oscars-2025\/"},"wordCount":1634,"publisher":{"@id":"https:\/\/vieassociative.be\/actualites\/#organization"},"image":{"@id":"https:\/\/vieassociative.be\/actualites\/ou-diffuser-tous-les-films-nomines-avant-les-oscars-2025\/#primaryimage"},"thumbnailUrl":"https:\/\/vieassociative.be\/actualites\/wp-content\/uploads\/2025\/01\/1737764250_Ou-diffuser-tous-les-films-nomines-avant-les-Oscars-2025.jpg","keywords":["avant","diffuser","films","Les","nomin\u00e9s","Oscars","o\u00f9","tous"],"articleSection":["Divertissement"],"inLanguage":"fr-BE"},{"@type":"WebPage","@id":"https:\/\/vieassociative.be\/actualites\/ou-diffuser-tous-les-films-nomines-avant-les-oscars-2025\/","url":"https:\/\/vieassociative.be\/actualites\/ou-diffuser-tous-les-films-nomines-avant-les-oscars-2025\/","name":"O\u00f9 diffuser tous les films nomin\u00e9s avant les Oscars 2025 | Vie Associative","isPartOf":{"@id":"https:\/\/vieassociative.be\/actualites\/#website"},"primaryImageOfPage":{"@id":"https:\/\/vieassociative.be\/actualites\/ou-diffuser-tous-les-films-nomines-avant-les-oscars-2025\/#primaryimage"},"image":{"@id":"https:\/\/vieassociative.be\/actualites\/ou-diffuser-tous-les-films-nomines-avant-les-oscars-2025\/#primaryimage"},"thumbnailUrl":"https:\/\/vieassociative.be\/actualites\/wp-content\/uploads\/2025\/01\/1737764250_Ou-diffuser-tous-les-films-nomines-avant-les-Oscars-2025.jpg","datePublished":"2025-01-25T00:17:30+00:00","dateModified":"2025-01-25T00:17:30+00:00","breadcrumb":{"@id":"https:\/\/vieassociative.be\/actualites\/ou-diffuser-tous-les-films-nomines-avant-les-oscars-2025\/#breadcrumb"},"inLanguage":"fr-BE","potentialAction":[{"@type":"ReadAction","target":["https:\/\/vieassociative.be\/actualites\/ou-diffuser-tous-les-films-nomines-avant-les-oscars-2025\/"]}]},{"@type":"ImageObject","inLanguage":"fr-BE","@id":"https:\/\/vieassociative.be\/actualites\/ou-diffuser-tous-les-films-nomines-avant-les-oscars-2025\/#primaryimage","url":"https:\/\/vieassociative.be\/actualites\/wp-content\/uploads\/2025\/01\/1737764250_Ou-diffuser-tous-les-films-nomines-avant-les-Oscars-2025.jpg","contentUrl":"https:\/\/vieassociative.be\/actualites\/wp-content\/uploads\/2025\/01\/1737764250_Ou-diffuser-tous-les-films-nomines-avant-les-Oscars-2025.jpg","width":1199,"height":675,"caption":"O\u00f9 diffuser tous les films nomin\u00e9s avant les Oscars 2025"},{"@type":"BreadcrumbList","@id":"https:\/\/vieassociative.be\/actualites\/ou-diffuser-tous-les-films-nomines-avant-les-oscars-2025\/#breadcrumb","itemListElement":[{"@type":"ListItem","position":1,"name":"Accueil","item":"https:\/\/vieassociative.be\/actualites\/"},{"@type":"ListItem","position":2,"name":"O\u00f9 diffuser tous les films nomin\u00e9s avant les Oscars 2025"}]},{"@type":"WebSite","@id":"https:\/\/vieassociative.be\/actualites\/#website","url":"https:\/\/vieassociative.be\/actualites\/","name":"Vie Associative","description":"","publisher":{"@id":"https:\/\/vieassociative.be\/actualites\/#organization"},"potentialAction":[{"@type":"SearchAction","target":{"@type":"EntryPoint","urlTemplate":"https:\/\/vieassociative.be\/actualites\/?s={search_term_string}"},"query-input":{"@type":"PropertyValueSpecification","valueRequired":true,"valueName":"search_term_string"}}],"inLanguage":"fr-BE"},{"@type":"Organization","@id":"https:\/\/vieassociative.be\/actualites\/#organization","name":"Vie Associative","url":"https:\/\/vieassociative.be\/actualites\/","logo":{"@type":"ImageObject","inLanguage":"fr-BE","@id":"https:\/\/vieassociative.be\/actualites\/#\/schema\/logo\/image\/","url":"https:\/\/vieassociative.be\/actualites\/wp-content\/uploads\/2024\/09\/cropped-vieassociative_favicon.ico.png","contentUrl":"https:\/\/vieassociative.be\/actualites\/wp-content\/uploads\/2024\/09\/cropped-vieassociative_favicon.ico.png","width":512,"height":512,"caption":"Vie Associative"},"image":{"@id":"https:\/\/vieassociative.be\/actualites\/#\/schema\/logo\/image\/"}},{"@type":"Person","@id":"https:\/\/vieassociative.be\/actualites\/#\/schema\/person\/b87ac4f82f9d4e7b7cec7395b679edc4","name":"Julien","image":{"@type":"ImageObject","inLanguage":"fr-BE","@id":"https:\/\/vieassociative.be\/actualites\/#\/schema\/person\/image\/","url":"https:\/\/vieassociative.be\/actualites\/wp-content\/uploads\/2024\/09\/vie-associative-1-150x150.jpg","contentUrl":"https:\/\/vieassociative.be\/actualites\/wp-content\/uploads\/2024\/09\/vie-associative-1-150x150.jpg","caption":"Julien"},"description":"Je suis Julien, r\u00e9dacteur pour Vie Associative. Passionn\u00e9 par le monde associatif depuis plus de 10 ans, j'ai \u00e0 c\u0153ur de partager des histoires inspirantes et de mettre en lumi\u00e8re les initiatives locales. Mon objectif est de sensibiliser et d'encourager l'engagement communautaire \u00e0 travers mes articles.","sameAs":["https:\/\/vieassociative.be\/"]}]}},"_links":{"self":[{"href":"https:\/\/vieassociative.be\/actualites\/wp-json\/wp\/v2\/posts\/4567"}],"collection":[{"href":"https:\/\/vieassociative.be\/actualites\/wp-json\/wp\/v2\/posts"}],"about":[{"href":"https:\/\/vieassociative.be\/actualites\/wp-json\/wp\/v2\/types\/post"}],"author":[{"embeddable":true,"href":"https:\/\/vieassociative.be\/actualites\/wp-json\/wp\/v2\/users\/1"}],"replies":[{"embeddable":true,"href":"https:\/\/vieassociative.be\/actualites\/wp-json\/wp\/v2\/comments?post=4567"}],"version-history":[{"count":0,"href":"https:\/\/vieassociative.be\/actualites\/wp-json\/wp\/v2\/posts\/4567\/revisions"}],"wp:featuredmedia":[{"embeddable":true,"href":"https:\/\/vieassociative.be\/actualites\/wp-json\/wp\/v2\/media\/4568"}],"wp:attachment":[{"href":"https:\/\/vieassociative.be\/actualites\/wp-json\/wp\/v2\/media?parent=4567"}],"wp:term":[{"taxonomy":"category","embeddable":true,"href":"https:\/\/vieassociative.be\/actualites\/wp-json\/wp\/v2\/categories?post=4567"},{"taxonomy":"post_tag","embeddable":true,"href":"https:\/\/vieassociative.be\/actualites\/wp-json\/wp\/v2\/tags?post=4567"}],"curies":[{"name":"wp","href":"https:\/\/api.w.org\/{rel}","templated":true}]}}