{"id":4560,"date":"2025-01-24T15:20:17","date_gmt":"2025-01-24T14:20:17","guid":{"rendered":"https:\/\/vieassociative.be\/actualites\/attaque-contre-une-mosquee-prevue-en-belgique\/"},"modified":"2025-01-24T15:20:17","modified_gmt":"2025-01-24T14:20:17","slug":"attaque-contre-une-mosquee-prevue-en-belgique","status":"publish","type":"post","link":"https:\/\/vieassociative.be\/actualites\/attaque-contre-une-mosquee-prevue-en-belgique\/","title":{"rendered":"Attaque contre une mosqu\u00e9e pr\u00e9vue en Belgique ?"},"content":{"rendered":"<p><strong>En Islam, les pri\u00e8res du vendredi sont les plus importantes de la semaine : les lieux de culte sont g\u00e9n\u00e9ralement bien remplis. Un projet d&rsquo;attaque pr\u00e9sum\u00e9 contre une mosqu\u00e9e est r\u00e9v\u00e9l\u00e9 en Belgique.<\/strong><\/p>\n<p><span id=\"more-406741\"><\/span>En Belgique, un adolescent d&rsquo;extr\u00eame droite aurait planifi\u00e9 un attentat terroriste contre une mosqu\u00e9e. Le mineur a \u00e9t\u00e9 arr\u00eat\u00e9 et transf\u00e9r\u00e9 dans un \u00e9tablissement ferm\u00e9 de protection de la jeunesse, a annonc\u00e9 le parquet de Bruxelles. Des armes, entre autres, ont \u00e9t\u00e9 saisies lors d&rsquo;une perquisition dans un appartement.<\/p>\n<p>Selon le parquet, l&rsquo;attaque \u00e9tait pr\u00e9vue pour ce vendredi. En Islam, la pri\u00e8re du vendredi est la plus importante de la semaine. C&rsquo;est donc g\u00e9n\u00e9ralement le vendredi que les mosqu\u00e9es sont les plus fr\u00e9quent\u00e9es. Selon le ministre de la Justice Paul Van Tigchelt (Open VLD), le suspect est \u00e2g\u00e9 de 14 ans. (dpa)<\/p>\n","protected":false},"excerpt":{"rendered":"<p>En Islam, les pri\u00e8res du vendredi sont les plus importantes de la semaine : les lieux de culte sont g\u00e9n\u00e9ralement bien remplis. Un projet d&rsquo;attaque<\/p>\n","protected":false},"author":1,"featured_media":4561,"comment_status":"","ping_status":"","sticky":false,"template":"","format":"standard","meta":{"footnotes":""},"categories":[298],"tags":[4163,383,796,4929,2470,110],"class_list":["post-4560","post","type-post","status-publish","format-standard","has-post-thumbnail","hentry","category-belgique","tag-attaque","tag-belgique","tag-contre","tag-mosquee","tag-prevue","tag-une","generate-columns","tablet-grid-50","mobile-grid-100","grid-parent","grid-33"],"yoast_head":"<!-- This site is optimized with the Yoast SEO plugin v24.0 - https:\/\/yoast.com\/wordpress\/plugins\/seo\/ -->\n<title>Attaque contre une mosqu\u00e9e pr\u00e9vue en Belgique ? | Vie Associative<\/title>\n<meta name=\"robots\" content=\"index, follow, max-snippet:-1, max-image-preview:large, max-video-preview:-1\" \/>\n<link rel=\"canonical\" href=\"https:\/\/vieassociative.be\/actualites\/attaque-contre-une-mosquee-prevue-en-belgique\/\" \/>\n<meta property=\"og:locale\" content=\"fr_FR\" \/>\n<meta property=\"og:type\" content=\"article\" \/>\n<meta property=\"og:title\" content=\"Attaque contre une mosqu\u00e9e pr\u00e9vue en Belgique ? | Vie Associative\" \/>\n<meta property=\"og:description\" content=\"En Islam, les pri\u00e8res du vendredi sont les plus importantes de la semaine : les lieux de culte sont g\u00e9n\u00e9ralement bien remplis. Un projet d&rsquo;attaque\" \/>\n<meta property=\"og:url\" content=\"https:\/\/vieassociative.be\/actualites\/attaque-contre-une-mosquee-prevue-en-belgique\/\" \/>\n<meta property=\"og:site_name\" content=\"Vie Associative\" \/>\n<meta property=\"article:published_time\" content=\"2025-01-24T14:20:17+00:00\" \/>\n<meta property=\"og:image\" content=\"https:\/\/vieassociative.be\/actualites\/wp-content\/uploads\/2024\/09\/header_backgroundk-01-e1726694325946.png\" \/>\n\t<meta property=\"og:image:width\" content=\"279\" \/>\n\t<meta property=\"og:image:height\" content=\"92\" \/>\n\t<meta property=\"og:image:type\" content=\"image\/png\" \/>\n<meta name=\"author\" content=\"Julien\" \/>\n<meta name=\"twitter:card\" content=\"summary_large_image\" \/>\n<meta name=\"twitter:label1\" content=\"\u00c9crit par\" \/>\n\t<meta name=\"twitter:data1\" content=\"Julien\" \/>\n\t<meta name=\"twitter:label2\" content=\"Dur\u00e9e de lecture est.\" \/>\n\t<meta name=\"twitter:data2\" content=\"1 minute\" \/>\n<script type=\"application\/ld+json\" class=\"yoast-schema-graph\">{\"@context\":\"https:\/\/schema.org\",\"@graph\":[{\"@type\":\"Article\",\"@id\":\"https:\/\/vieassociative.be\/actualites\/attaque-contre-une-mosquee-prevue-en-belgique\/#article\",\"isPartOf\":{\"@id\":\"https:\/\/vieassociative.be\/actualites\/attaque-contre-une-mosquee-prevue-en-belgique\/\"},\"author\":{\"name\":\"Julien\",\"@id\":\"https:\/\/vieassociative.be\/actualites\/#\/schema\/person\/b87ac4f82f9d4e7b7cec7395b679edc4\"},\"headline\":\"Attaque contre une mosqu\u00e9e pr\u00e9vue en Belgique ?\",\"datePublished\":\"2025-01-24T14:20:17+00:00\",\"dateModified\":\"2025-01-24T14:20:17+00:00\",\"mainEntityOfPage\":{\"@id\":\"https:\/\/vieassociative.be\/actualites\/attaque-contre-une-mosquee-prevue-en-belgique\/\"},\"wordCount\":165,\"publisher\":{\"@id\":\"https:\/\/vieassociative.be\/actualites\/#organization\"},\"image\":{\"@id\":\"https:\/\/vieassociative.be\/actualites\/attaque-contre-une-mosquee-prevue-en-belgique\/#primaryimage\"},\"thumbnailUrl\":\"https:\/\/vieassociative.be\/actualites\/wp-content\/uploads\/2025\/01\/Attaque-contre-une-mosquee-prevue-en-Belgique.jpg\",\"keywords\":[\"Attaque\",\"Belgique\",\"contre\",\"mosqu\u00e9e\",\"pr\u00e9vue\",\"une\"],\"articleSection\":[\"Belgique\"],\"inLanguage\":\"fr-BE\"},{\"@type\":\"WebPage\",\"@id\":\"https:\/\/vieassociative.be\/actualites\/attaque-contre-une-mosquee-prevue-en-belgique\/\",\"url\":\"https:\/\/vieassociative.be\/actualites\/attaque-contre-une-mosquee-prevue-en-belgique\/\",\"name\":\"Attaque contre une mosqu\u00e9e pr\u00e9vue en Belgique ? | Vie Associative\",\"isPartOf\":{\"@id\":\"https:\/\/vieassociative.be\/actualites\/#website\"},\"primaryImageOfPage\":{\"@id\":\"https:\/\/vieassociative.be\/actualites\/attaque-contre-une-mosquee-prevue-en-belgique\/#primaryimage\"},\"image\":{\"@id\":\"https:\/\/vieassociative.be\/actualites\/attaque-contre-une-mosquee-prevue-en-belgique\/#primaryimage\"},\"thumbnailUrl\":\"https:\/\/vieassociative.be\/actualites\/wp-content\/uploads\/2025\/01\/Attaque-contre-une-mosquee-prevue-en-Belgique.jpg\",\"datePublished\":\"2025-01-24T14:20:17+00:00\",\"dateModified\":\"2025-01-24T14:20:17+00:00\",\"breadcrumb\":{\"@id\":\"https:\/\/vieassociative.be\/actualites\/attaque-contre-une-mosquee-prevue-en-belgique\/#breadcrumb\"},\"inLanguage\":\"fr-BE\",\"potentialAction\":[{\"@type\":\"ReadAction\",\"target\":[\"https:\/\/vieassociative.be\/actualites\/attaque-contre-une-mosquee-prevue-en-belgique\/\"]}]},{\"@type\":\"ImageObject\",\"inLanguage\":\"fr-BE\",\"@id\":\"https:\/\/vieassociative.be\/actualites\/attaque-contre-une-mosquee-prevue-en-belgique\/#primaryimage\",\"url\":\"https:\/\/vieassociative.be\/actualites\/wp-content\/uploads\/2025\/01\/Attaque-contre-une-mosquee-prevue-en-Belgique.jpg\",\"contentUrl\":\"https:\/\/vieassociative.be\/actualites\/wp-content\/uploads\/2025\/01\/Attaque-contre-une-mosquee-prevue-en-Belgique.jpg\",\"width\":1200,\"height\":800,\"caption\":\"Attaque contre une mosqu\u00e9e pr\u00e9vue en Belgique ?\"},{\"@type\":\"BreadcrumbList\",\"@id\":\"https:\/\/vieassociative.be\/actualites\/attaque-contre-une-mosquee-prevue-en-belgique\/#breadcrumb\",\"itemListElement\":[{\"@type\":\"ListItem\",\"position\":1,\"name\":\"Accueil\",\"item\":\"https:\/\/vieassociative.be\/actualites\/\"},{\"@type\":\"ListItem\",\"position\":2,\"name\":\"Attaque contre une mosqu\u00e9e pr\u00e9vue en Belgique ?\"}]},{\"@type\":\"WebSite\",\"@id\":\"https:\/\/vieassociative.be\/actualites\/#website\",\"url\":\"https:\/\/vieassociative.be\/actualites\/\",\"name\":\"Vie Associative\",\"description\":\"\",\"publisher\":{\"@id\":\"https:\/\/vieassociative.be\/actualites\/#organization\"},\"potentialAction\":[{\"@type\":\"SearchAction\",\"target\":{\"@type\":\"EntryPoint\",\"urlTemplate\":\"https:\/\/vieassociative.be\/actualites\/?s={search_term_string}\"},\"query-input\":{\"@type\":\"PropertyValueSpecification\",\"valueRequired\":true,\"valueName\":\"search_term_string\"}}],\"inLanguage\":\"fr-BE\"},{\"@type\":\"Organization\",\"@id\":\"https:\/\/vieassociative.be\/actualites\/#organization\",\"name\":\"Vie Associative\",\"url\":\"https:\/\/vieassociative.be\/actualites\/\",\"logo\":{\"@type\":\"ImageObject\",\"inLanguage\":\"fr-BE\",\"@id\":\"https:\/\/vieassociative.be\/actualites\/#\/schema\/logo\/image\/\",\"url\":\"https:\/\/vieassociative.be\/actualites\/wp-content\/uploads\/2024\/09\/cropped-vieassociative_favicon.ico.png\",\"contentUrl\":\"https:\/\/vieassociative.be\/actualites\/wp-content\/uploads\/2024\/09\/cropped-vieassociative_favicon.ico.png\",\"width\":512,\"height\":512,\"caption\":\"Vie Associative\"},\"image\":{\"@id\":\"https:\/\/vieassociative.be\/actualites\/#\/schema\/logo\/image\/\"}},{\"@type\":\"Person\",\"@id\":\"https:\/\/vieassociative.be\/actualites\/#\/schema\/person\/b87ac4f82f9d4e7b7cec7395b679edc4\",\"name\":\"Julien\",\"image\":{\"@type\":\"ImageObject\",\"inLanguage\":\"fr-BE\",\"@id\":\"https:\/\/vieassociative.be\/actualites\/#\/schema\/person\/image\/\",\"url\":\"https:\/\/vieassociative.be\/actualites\/wp-content\/uploads\/2024\/09\/vie-associative-1-150x150.jpg\",\"contentUrl\":\"https:\/\/vieassociative.be\/actualites\/wp-content\/uploads\/2024\/09\/vie-associative-1-150x150.jpg\",\"caption\":\"Julien\"},\"description\":\"Je suis Julien, r\u00e9dacteur pour Vie Associative. Passionn\u00e9 par le monde associatif depuis plus de 10 ans, j'ai \u00e0 c\u0153ur de partager des histoires inspirantes et de mettre en lumi\u00e8re les initiatives locales. Mon objectif est de sensibiliser et d'encourager l'engagement communautaire \u00e0 travers mes articles.\",\"sameAs\":[\"https:\/\/vieassociative.be\/\"]}]}<\/script>\n<!-- \/ Yoast SEO plugin. -->","yoast_head_json":{"title":"Attaque contre une mosqu\u00e9e pr\u00e9vue en Belgique ? | Vie Associative","robots":{"index":"index","follow":"follow","max-snippet":"max-snippet:-1","max-image-preview":"max-image-preview:large","max-video-preview":"max-video-preview:-1"},"canonical":"https:\/\/vieassociative.be\/actualites\/attaque-contre-une-mosquee-prevue-en-belgique\/","og_locale":"fr_FR","og_type":"article","og_title":"Attaque contre une mosqu\u00e9e pr\u00e9vue en Belgique ? | Vie Associative","og_description":"En Islam, les pri\u00e8res du vendredi sont les plus importantes de la semaine : les lieux de culte sont g\u00e9n\u00e9ralement bien remplis. Un projet d&rsquo;attaque","og_url":"https:\/\/vieassociative.be\/actualites\/attaque-contre-une-mosquee-prevue-en-belgique\/","og_site_name":"Vie Associative","article_published_time":"2025-01-24T14:20:17+00:00","og_image":[{"width":279,"height":92,"url":"https:\/\/vieassociative.be\/actualites\/wp-content\/uploads\/2024\/09\/header_backgroundk-01-e1726694325946.png","type":"image\/png"}],"author":"Julien","twitter_card":"summary_large_image","twitter_misc":{"\u00c9crit par":"Julien","Dur\u00e9e de lecture est.":"1 minute"},"schema":{"@context":"https:\/\/schema.org","@graph":[{"@type":"Article","@id":"https:\/\/vieassociative.be\/actualites\/attaque-contre-une-mosquee-prevue-en-belgique\/#article","isPartOf":{"@id":"https:\/\/vieassociative.be\/actualites\/attaque-contre-une-mosquee-prevue-en-belgique\/"},"author":{"name":"Julien","@id":"https:\/\/vieassociative.be\/actualites\/#\/schema\/person\/b87ac4f82f9d4e7b7cec7395b679edc4"},"headline":"Attaque contre une mosqu\u00e9e pr\u00e9vue en Belgique ?","datePublished":"2025-01-24T14:20:17+00:00","dateModified":"2025-01-24T14:20:17+00:00","mainEntityOfPage":{"@id":"https:\/\/vieassociative.be\/actualites\/attaque-contre-une-mosquee-prevue-en-belgique\/"},"wordCount":165,"publisher":{"@id":"https:\/\/vieassociative.be\/actualites\/#organization"},"image":{"@id":"https:\/\/vieassociative.be\/actualites\/attaque-contre-une-mosquee-prevue-en-belgique\/#primaryimage"},"thumbnailUrl":"https:\/\/vieassociative.be\/actualites\/wp-content\/uploads\/2025\/01\/Attaque-contre-une-mosquee-prevue-en-Belgique.jpg","keywords":["Attaque","Belgique","contre","mosqu\u00e9e","pr\u00e9vue","une"],"articleSection":["Belgique"],"inLanguage":"fr-BE"},{"@type":"WebPage","@id":"https:\/\/vieassociative.be\/actualites\/attaque-contre-une-mosquee-prevue-en-belgique\/","url":"https:\/\/vieassociative.be\/actualites\/attaque-contre-une-mosquee-prevue-en-belgique\/","name":"Attaque contre une mosqu\u00e9e pr\u00e9vue en Belgique ? | Vie Associative","isPartOf":{"@id":"https:\/\/vieassociative.be\/actualites\/#website"},"primaryImageOfPage":{"@id":"https:\/\/vieassociative.be\/actualites\/attaque-contre-une-mosquee-prevue-en-belgique\/#primaryimage"},"image":{"@id":"https:\/\/vieassociative.be\/actualites\/attaque-contre-une-mosquee-prevue-en-belgique\/#primaryimage"},"thumbnailUrl":"https:\/\/vieassociative.be\/actualites\/wp-content\/uploads\/2025\/01\/Attaque-contre-une-mosquee-prevue-en-Belgique.jpg","datePublished":"2025-01-24T14:20:17+00:00","dateModified":"2025-01-24T14:20:17+00:00","breadcrumb":{"@id":"https:\/\/vieassociative.be\/actualites\/attaque-contre-une-mosquee-prevue-en-belgique\/#breadcrumb"},"inLanguage":"fr-BE","potentialAction":[{"@type":"ReadAction","target":["https:\/\/vieassociative.be\/actualites\/attaque-contre-une-mosquee-prevue-en-belgique\/"]}]},{"@type":"ImageObject","inLanguage":"fr-BE","@id":"https:\/\/vieassociative.be\/actualites\/attaque-contre-une-mosquee-prevue-en-belgique\/#primaryimage","url":"https:\/\/vieassociative.be\/actualites\/wp-content\/uploads\/2025\/01\/Attaque-contre-une-mosquee-prevue-en-Belgique.jpg","contentUrl":"https:\/\/vieassociative.be\/actualites\/wp-content\/uploads\/2025\/01\/Attaque-contre-une-mosquee-prevue-en-Belgique.jpg","width":1200,"height":800,"caption":"Attaque contre une mosqu\u00e9e pr\u00e9vue en Belgique ?"},{"@type":"BreadcrumbList","@id":"https:\/\/vieassociative.be\/actualites\/attaque-contre-une-mosquee-prevue-en-belgique\/#breadcrumb","itemListElement":[{"@type":"ListItem","position":1,"name":"Accueil","item":"https:\/\/vieassociative.be\/actualites\/"},{"@type":"ListItem","position":2,"name":"Attaque contre une mosqu\u00e9e pr\u00e9vue en Belgique ?"}]},{"@type":"WebSite","@id":"https:\/\/vieassociative.be\/actualites\/#website","url":"https:\/\/vieassociative.be\/actualites\/","name":"Vie Associative","description":"","publisher":{"@id":"https:\/\/vieassociative.be\/actualites\/#organization"},"potentialAction":[{"@type":"SearchAction","target":{"@type":"EntryPoint","urlTemplate":"https:\/\/vieassociative.be\/actualites\/?s={search_term_string}"},"query-input":{"@type":"PropertyValueSpecification","valueRequired":true,"valueName":"search_term_string"}}],"inLanguage":"fr-BE"},{"@type":"Organization","@id":"https:\/\/vieassociative.be\/actualites\/#organization","name":"Vie Associative","url":"https:\/\/vieassociative.be\/actualites\/","logo":{"@type":"ImageObject","inLanguage":"fr-BE","@id":"https:\/\/vieassociative.be\/actualites\/#\/schema\/logo\/image\/","url":"https:\/\/vieassociative.be\/actualites\/wp-content\/uploads\/2024\/09\/cropped-vieassociative_favicon.ico.png","contentUrl":"https:\/\/vieassociative.be\/actualites\/wp-content\/uploads\/2024\/09\/cropped-vieassociative_favicon.ico.png","width":512,"height":512,"caption":"Vie Associative"},"image":{"@id":"https:\/\/vieassociative.be\/actualites\/#\/schema\/logo\/image\/"}},{"@type":"Person","@id":"https:\/\/vieassociative.be\/actualites\/#\/schema\/person\/b87ac4f82f9d4e7b7cec7395b679edc4","name":"Julien","image":{"@type":"ImageObject","inLanguage":"fr-BE","@id":"https:\/\/vieassociative.be\/actualites\/#\/schema\/person\/image\/","url":"https:\/\/vieassociative.be\/actualites\/wp-content\/uploads\/2024\/09\/vie-associative-1-150x150.jpg","contentUrl":"https:\/\/vieassociative.be\/actualites\/wp-content\/uploads\/2024\/09\/vie-associative-1-150x150.jpg","caption":"Julien"},"description":"Je suis Julien, r\u00e9dacteur pour Vie Associative. Passionn\u00e9 par le monde associatif depuis plus de 10 ans, j'ai \u00e0 c\u0153ur de partager des histoires inspirantes et de mettre en lumi\u00e8re les initiatives locales. Mon objectif est de sensibiliser et d'encourager l'engagement communautaire \u00e0 travers mes articles.","sameAs":["https:\/\/vieassociative.be\/"]}]}},"_links":{"self":[{"href":"https:\/\/vieassociative.be\/actualites\/wp-json\/wp\/v2\/posts\/4560"}],"collection":[{"href":"https:\/\/vieassociative.be\/actualites\/wp-json\/wp\/v2\/posts"}],"about":[{"href":"https:\/\/vieassociative.be\/actualites\/wp-json\/wp\/v2\/types\/post"}],"author":[{"embeddable":true,"href":"https:\/\/vieassociative.be\/actualites\/wp-json\/wp\/v2\/users\/1"}],"replies":[{"embeddable":true,"href":"https:\/\/vieassociative.be\/actualites\/wp-json\/wp\/v2\/comments?post=4560"}],"version-history":[{"count":0,"href":"https:\/\/vieassociative.be\/actualites\/wp-json\/wp\/v2\/posts\/4560\/revisions"}],"wp:featuredmedia":[{"embeddable":true,"href":"https:\/\/vieassociative.be\/actualites\/wp-json\/wp\/v2\/media\/4561"}],"wp:attachment":[{"href":"https:\/\/vieassociative.be\/actualites\/wp-json\/wp\/v2\/media?parent=4560"}],"wp:term":[{"taxonomy":"category","embeddable":true,"href":"https:\/\/vieassociative.be\/actualites\/wp-json\/wp\/v2\/categories?post=4560"},{"taxonomy":"post_tag","embeddable":true,"href":"https:\/\/vieassociative.be\/actualites\/wp-json\/wp\/v2\/tags?post=4560"}],"curies":[{"name":"wp","href":"https:\/\/api.w.org\/{rel}","templated":true}]}}