{"id":4547,"date":"2025-01-24T02:17:56","date_gmt":"2025-01-24T01:17:56","guid":{"rendered":"https:\/\/vieassociative.be\/actualites\/quoi-de-neuf-sur-paramount-avec-showtime-en-fevrier-2025\/"},"modified":"2025-01-24T02:17:56","modified_gmt":"2025-01-24T01:17:56","slug":"quoi-de-neuf-sur-paramount-avec-showtime-en-fevrier-2025","status":"publish","type":"post","link":"https:\/\/vieassociative.be\/actualites\/quoi-de-neuf-sur-paramount-avec-showtime-en-fevrier-2025\/","title":{"rendered":"Quoi de neuf sur Paramount+ avec Showtime en f\u00e9vrier 2025"},"content":{"rendered":"<div class=\"mt-4 leading-6 md:mb-8\">Saison deux de \u00ab 1923 \u00bb, saison trois de \u00ab Yellowjackets \u00bb et les Grammy Awards.<\/div>\n<p><\/p>\n<p>La liste de Paramount+ de f\u00e9vrier comprend le retour de plusieurs s\u00e9ries tr\u00e8s attendues, \u00e0 commencer par la premi\u00e8re de la troisi\u00e8me saison du thriller. <em>Gilets jaunes<\/em> (14 f\u00e9vrier). La s\u00e9rie, qui a re\u00e7u une poign\u00e9e de nominations aux Primetime Emmy, suit un groupe d&rsquo;adolescentes qui ont surv\u00e9cu \u00e0 un accident d&rsquo;avion dans la nature jusqu&rsquo;\u00e0 leur vie d&rsquo;adulte. Le troisi\u00e8me volet reprend \u00e0 la suite de la mort actuelle d&rsquo;un personnage au cours de la deuxi\u00e8me saison. <\/p>\n<p>Fans de Taylor Sheridan <em>Pierre jaune<\/em> l&rsquo;univers re\u00e7oit la deuxi\u00e8me (et derni\u00e8re) saison de la s\u00e9rie pr\u00e9quelle et de l&rsquo;histoire d&rsquo;origine <em>1923<\/em> (23 f\u00e9vrier), avec Harrison Ford et Helen Mirren dans le r\u00f4le du patriarche et matriarche de la famille Dutton dans les conditions difficiles de l&rsquo;\u00e8re pr\u00e9-D\u00e9pression. Il y a aussi de nouvelles saisons d&rsquo;originaux Paramount+ <em>NCIS\u00a0:\u00a0Sydney<\/em> (7 f\u00e9vrier), <em>L&rsquo;\u00e9galiseur<\/em> (16 f\u00e9vrier), et <em>Traqueur<\/em> (16 f\u00e9vrier). <\/p>\n<div class=\"mx-auto mt-8 w-full max-w-4xl\">\n<div id=\"video-container-ZE_MzBIMz50\"><\/div>\n<\/div>\n<p>Paramount+ diffusera la 67e \u00e9dition des Grammy Awards le 2 f\u00e9vrier. L&rsquo;\u00e9mission, anim\u00e9e par Trevor Noah, est diffus\u00e9e sur CBS \u00e0 20 h HE et sera disponible en direct pour les abonn\u00e9s Paramount+ With Showtime. Enfin, il y a <em>\u00c0 la t\u00e9l\u00e9vision\u00a0: un sp\u00e9cial Mois de l\u2019histoire des Noirs<\/em> (17 f\u00e9vrier), une \u00e9mission d&rsquo;information d&rsquo;une heure anim\u00e9e par Kevin Frazier et Nischelle Turner c\u00e9l\u00e9brant l&rsquo;excellence des Noirs dans la t\u00e9l\u00e9vision et le divertissement. <\/p>\n<p>Voici tout le reste qui arrivera au service en f\u00e9vrier. Notez que les titres marqu\u00e9s d&rsquo;un ast\u00e9risque sont exclusifs \u00e0 Paramount+ With Showtime ; tout le reste est \u00e9galement disponible pour les abonn\u00e9s au forfait financ\u00e9 par la publicit\u00e9. Ceux avec deux ast\u00e9risques sont disponibles pour les utilisateurs de Paramount+ With Showtime diffusant en direct sur CBS et pour tous les abonn\u00e9s le lendemain.<\/p>\n<h2 id=\"paramount-originals-and-premieres-coming-in-february-2025\">Paramount+ Originals et premi\u00e8res \u00e0 venir en f\u00e9vrier 2025<\/h2>\n<h3>Disponible le 1er f\u00e9vrier<\/h3>\n<ul>\n<li>\n<p><em>Monter*<\/em><\/p>\n<\/li>\n<\/ul>\n<h3>Disponible le 2 f\u00e9vrier<\/h3>\n<ul>\n<li>\n<p><em>67e c\u00e9r\u00e9monie des Grammy Awards<\/em>**<\/p>\n<\/li>\n<\/ul>\n<h3>Disponible le 4 f\u00e9vrier<\/h3>\n<ul>\n<li>\n<p><em>Fardeau de la culpabilit\u00e9<\/em>premi\u00e8re<\/p>\n<\/li>\n<\/ul>\n<h3>Disponible le 6 f\u00e9vrier<\/h3>\n<ul>\n<li>\n<p><em>Mort sans piti\u00e9<\/em>premi\u00e8re*<\/p>\n<\/li>\n<\/ul>\n<h3>Disponible le 12 f\u00e9vrier<\/h3>\n<ul>\n<li>\n<p><em>Eric Clapton Unplugged\u2026 Plus de 30 ans plus tard<\/em>premi\u00e8re sp\u00e9ciale<\/p>\n<\/li>\n<\/ul>\n<h3>Disponible le 14 f\u00e9vrier<\/h3>\n<ul>\n<li>\n<p><em>Gilets jaunes<\/em>premi\u00e8re de la saison 3*<\/p>\n<\/li>\n<\/ul>\n<h3>Disponible le 17 f\u00e9vrier<\/h3>\n<ul>\n<li>\n<p><em>\u00c0 la t\u00e9l\u00e9\u00a0: un sp\u00e9cial Mois de l\u2019histoire des Noirs**<\/em><\/p>\n<\/li>\n<\/ul>\n<h3>Disponible le 23 f\u00e9vrier<\/h3>\n<ul>\n<li>\n<p><em>1923<\/em>premi\u00e8re de la saison 2<\/p>\n<\/li>\n<\/ul>\n<h2 id=\"tv-shows-coming-to-paramount-in-february-2025\">\u00c9missions de t\u00e9l\u00e9vision arrivant sur Paramount+ en f\u00e9vrier 2025<\/h2>\n<h3>Disponible le 5 f\u00e9vrier<\/h3>\n<ul>\n<li>\n<p><em>Sauvetage au bar<\/em> (saison 9)<\/p>\n<\/li>\n<li>\n<p><em>Le spectacle Patrick Star<\/em> (saison 2)<\/p>\n<\/li>\n<li>\n<p><em>Les plus grandes publicit\u00e9s du Super Bowl\u00a0: sp\u00e9cial FOAT**<\/em><\/p>\n<\/li>\n<\/ul>\n<h3>Disponible le 7 f\u00e9vrier<\/h3>\n<ul>\n<li>\n<p><em>NCIS\u00a0:\u00a0Sydney<\/em> (premi\u00e8re de la saison 2)** <\/p>\n<\/li>\n<\/ul>\n<h3>Disponible le 12 f\u00e9vrier<\/h3>\n<ul>\n<li>\n<p><em>PAW Patrol\u00a0: chiots gros camions<\/em><\/p>\n<\/li>\n<li>\n<p><em>Carrefour CMT<\/em> (saisons 1-3,5,10-16,18-20)<\/p>\n<\/li>\n<li>\n<p><em>Comment ont-ils r\u00e9solu ce probl\u00e8me\u00a0?<\/em> (saison 3)<\/p>\n<\/li>\n<li>\n<p><em>MTV d\u00e9branch\u00e9 <\/em>(saisons 1-8, 10-13)<\/p>\n<\/li>\n<li>\n<p><em>Conteurs VH1 <\/em>(saisons 1-9, 11-13,15,16)<\/p>\n<\/li>\n<\/ul>\n<h3>Disponible le 16 f\u00e9vrier<\/h3>\n<ul>\n<li>\n<p><em>L&rsquo;\u00e9galiseur <\/em>(premi\u00e8re hiver de la saison 5)**<\/p>\n<\/li>\n<li>\n<p><em>Traqueur<\/em> (premi\u00e8re hiver de la saison 2)**<\/p>\n<\/li>\n<\/ul>\n<h3>Disponible le 17 f\u00e9vrier<\/h3>\n<ul>\n<li>\n<p><em>\u00c0 la t\u00e9l\u00e9\u00a0: un sp\u00e9cial Mois de l\u2019histoire des Noirs**<\/em><\/p>\n<\/li>\n<\/ul>\n<h3>Disponible le 24 f\u00e9vrier<\/h3>\n<ul>\n<li>\n<p><em>Au-del\u00e0 des portes<\/em> (saison 1)<\/p>\n<\/li>\n<\/ul>\n<h3>Disponible le 26 f\u00e9vrier<\/h3>\n<ul>\n<li>\n<p><em>Survivant <\/em>(saison 48)**<\/p>\n<\/li>\n<li>\n<p><em>La maison bruyante<\/em> (saison 7)<\/p>\n<\/li>\n<\/ul>\n<h2 id=\"movies-coming-to-paramount-in-february-2025\">Films \u00e0 venir sur Paramount+ en f\u00e9vrier 2025<\/h2>\n<h3>Disponible le 1er f\u00e9vrier<\/h3>\n<ul>\n<li>\n<p><em>Un c\u0153ur puissant<\/em><\/p>\n<\/li>\n<li>\n<p><em>Une promenade sur la Lune<\/em><\/p>\n<\/li>\n<li>\n<p><em>Adorer<\/em><\/p>\n<\/li>\n<li>\n<p><em>Une araign\u00e9e est arriv\u00e9e<\/em><\/p>\n<\/li>\n<li>\n<p><em>Gigolo am\u00e9ricain<\/em><\/p>\n<\/li>\n<li>\n<p><em>Attaquez le bloc<\/em><\/p>\n<\/li>\n<li>\n<p><em>Babel<\/em><\/p>\n<\/li>\n<li>\n<p><em>Les enfants de B\u00e9b\u00e9<\/em><\/p>\n<\/li>\n<li>\n<p><em>Fille d&rsquo;anniversaire<\/em><\/p>\n<\/li>\n<li>\n<p><em>Gar\u00e7ons et filles<\/em><\/p>\n<\/li>\n<li>\n<p><em>Montagne de Brokeback<\/em><\/p>\n<\/li>\n<li>\n<p><em>La ville du chocolat<\/em><\/p>\n<\/li>\n<li>\n<p><em>Cin\u00e9ma Paradiso<\/em><\/p>\n<\/li>\n<li>\n<p><em>Viens loin<\/em><\/p>\n<\/li>\n<li>\n<p><em>\u00c9tat critique<\/em><\/p>\n<\/li>\n<li>\n<p><em>Beaut\u00e9 dangereuse<\/em><\/p>\n<\/li>\n<li>\n<p><em>Doute<\/em><\/p>\n<\/li>\n<li>\n<p><em>Le jour de cong\u00e9 de Ferris Bueller<\/em><\/p>\n<\/li>\n<li>\n<p><em>G\u00e9otemp\u00eate<\/em><\/p>\n<\/li>\n<li>\n<p><em>Branchement<\/em><\/p>\n<\/li>\n<li>\n<p><em>J&rsquo;esp\u00e8re qu&rsquo;ils servent de la bi\u00e8re en enfer*<\/em><\/p>\n<\/li>\n<li>\n<p><em>Entr\u00e9e et sortie<\/em><\/p>\n<\/li>\n<li>\n<p><em>Dans la nature<\/em><\/p>\n<\/li>\n<li>\n<p><em>Fille en maillot<\/em><\/p>\n<\/li>\n<li>\n<p><em>Jus<\/em><\/p>\n<\/li>\n<li>\n<p><em>Juste une autre fille sur l&rsquo;IRT<\/em><\/p>\n<\/li>\n<li>\n<p><em>Comme de l&rsquo;eau pour le chocolat<\/em><\/p>\n<\/li>\n<li>\n<p><em>Perdre Isa\u00efe<\/em><\/p>\n<\/li>\n<li>\n<p><em>Parc Mansfield<\/em><\/p>\n<\/li>\n<li>\n<p><em>La chambre de Marvin<\/em><\/p>\n<\/li>\n<li>\n<p><em>Hommes, femmes et enfants<\/em><\/p>\n<\/li>\n<li>\n<p><em>Soci\u00e9t\u00e9 Menace II<\/em><\/p>\n<\/li>\n<li>\n<p><em>Le mariage de Muriel<\/em><\/p>\n<\/li>\n<li>\n<p><em>Le mariage de mon meilleur ami<\/em><\/p>\n<\/li>\n<li>\n<p><em>La fille de mon patron<\/em><\/p>\n<\/li>\n<li>\n<p><em>O (Othello)<\/em><\/p>\n<\/li>\n<li>\n<p><em>Vieille \u00e9cole<\/em><\/p>\n<\/li>\n<li>\n<p><em>Jolie en rose<\/em><\/p>\n<\/li>\n<li>\n<p><em>Le chemin de la perdition<\/em><\/p>\n<\/li>\n<li>\n<p><em>Vacances romaines<\/em><\/p>\n<\/li>\n<li>\n<p><em>La fi\u00e8vre du samedi soir<\/em><\/p>\n<\/li>\n<li>\n<p><em>S\u00e9rendipit\u00e9<\/em><\/p>\n<\/li>\n<li>\n<p><em>Shakespeare amoureux<\/em><\/p>\n<\/li>\n<li>\n<p><em>On danse ?<\/em><\/p>\n<\/li>\n<li>\n<p><em>Tireur<\/em><\/p>\n<\/li>\n<li>\n<p><em>Suffragettes<\/em><\/p>\n<\/li>\n<li>\n<p><em>Conditions d&rsquo;affection<\/em><\/p>\n<\/li>\n<li>\n<p><em>La baby-sitter<\/em><\/p>\n<\/li>\n<li>\n<p><em>Le gar\u00e7on au pyjama ray\u00e9<\/em><\/p>\n<\/li>\n<li>\n<p><em>La couleur violette<\/em><\/p>\n<\/li>\n<li>\n<p><em>L&rsquo;\u00e9toile du soir<\/em><\/p>\n<\/li>\n<li>\n<p><em>Le Cabinet<\/em><\/p>\n<\/li>\n<li>\n<p><em>\u00c0 la poursuite d\u2019Octobre rouge<\/em><\/p>\n<\/li>\n<li>\n<p><em>Le gourou de l&rsquo;amour<\/em><\/p>\n<\/li>\n<li>\n<p><em>La lettre d&rsquo;amour<\/em><\/p>\n<\/li>\n<li>\n<p><em>Le masque<\/em><\/p>\n<\/li>\n<li>\n<p><em>La qu\u00eate du bonheur<\/em><\/p>\n<\/li>\n<li>\n<p><em>Les Schtroumpfs<\/em><\/p>\n<\/li>\n<li>\n<p><em>Les Schtroumpfs 2<\/em><\/p>\n<\/li>\n<li>\n<p><em>Les \u00e9pouses de Stepford<\/em><\/p>\n<\/li>\n<li>\n<p><em>La liste des choses \u00e0 faire<\/em><\/p>\n<\/li>\n<li>\n<p><em>Le bois<\/em><\/p>\n<\/li>\n<li>\n<p><em>Transformateurs<\/em><\/p>\n<\/li>\n<li>\n<p><em>Vampire \u00e0 Brooklyn<\/em><\/p>\n<\/li>\n<li>\n<p><em>Ce qu&rsquo;il y a dessous<\/em><\/p>\n<\/li>\n<li>\n<p><em>Ce que veulent les femmes<\/em><\/p>\n<\/li>\n<li>\n<p><em>Quand Harry rencontre Sally<\/em><\/p>\n<\/li>\n<li>\n<p><em>Gagnez un rendez-vous avec Tad Hamilton\u00a0!<\/em><\/p>\n<\/li>\n<li>\n<p><em>Guerre mondiale Z<\/em><\/p>\n<\/li>\n<li>\n<p><em>Les Hauts de Hurlevent<\/em> (2003)<\/p>\n<\/li>\n<\/ul>\n<h3>Disponible le 3 f\u00e9vrier<\/h3>\n<ul>\n<li>\n<p><em>Taureau*<\/em><\/p>\n<\/li>\n<li>\n<p><em>Les journaux de nounou*<\/em><\/p>\n<\/li>\n<\/ul>\n<h3>Disponible le 12 f\u00e9vrier<\/h3>\n<ul>\n<li>\n<p><em>Fanboys*<\/em><\/p>\n<\/li>\n<\/ul>\n<h3>Disponible le 17 f\u00e9vrier<\/h3>\n<ul>\n<li>\n<p><em>Halloween*<\/em><\/p>\n<\/li>\n<li>\n<p><em>Impasse<\/em><\/p>\n<\/li>\n<\/ul>\n<h3>Disponible le 24 f\u00e9vrier<\/h3>\n<ul>\n<li>\n<p><em>Gaucher*<\/em><\/p>\n<\/li>\n<\/ul>\n<h3>Disponible le 27 f\u00e9vrier<\/h3>\n<ul>\n<li>\n<p><em>La Voli\u00e8re*<\/em><\/p>\n<\/li>\n<\/ul>\n<h3>Disponible le 28 f\u00e9vrier<\/h3>\n<ul>\n<li>\n<p><em>Travers\u00e9e*<\/em><\/p>\n<\/li>\n<\/ul>\n","protected":false},"excerpt":{"rendered":"<p>Saison deux de \u00ab 1923 \u00bb, saison trois de \u00ab Yellowjackets \u00bb et les Grammy Awards. La liste de Paramount+ de f\u00e9vrier comprend le retour<\/p>\n","protected":false},"author":1,"featured_media":4548,"comment_status":"","ping_status":"","sticky":false,"template":"","format":"standard","meta":{"footnotes":""},"categories":[36],"tags":[61,2464,437,2665,202,2666,33],"class_list":["post-4547","post","type-post","status-publish","format-standard","has-post-thumbnail","hentry","category-divertissement","tag-avec","tag-fevrier","tag-neuf","tag-paramount","tag-quoi","tag-showtime","tag-sur","generate-columns","tablet-grid-50","mobile-grid-100","grid-parent","grid-33"],"yoast_head":"<!-- This site is optimized with the Yoast SEO plugin v24.0 - https:\/\/yoast.com\/wordpress\/plugins\/seo\/ -->\n<title>Quoi de neuf sur Paramount+ avec Showtime en f\u00e9vrier 2025 | Vie Associative<\/title>\n<meta name=\"robots\" content=\"index, follow, max-snippet:-1, max-image-preview:large, max-video-preview:-1\" \/>\n<link rel=\"canonical\" href=\"https:\/\/vieassociative.be\/actualites\/quoi-de-neuf-sur-paramount-avec-showtime-en-fevrier-2025\/\" \/>\n<meta property=\"og:locale\" content=\"fr_FR\" \/>\n<meta property=\"og:type\" content=\"article\" \/>\n<meta property=\"og:title\" content=\"Quoi de neuf sur Paramount+ avec Showtime en f\u00e9vrier 2025 | Vie Associative\" \/>\n<meta property=\"og:description\" content=\"Saison deux de \u00ab 1923 \u00bb, saison trois de \u00ab Yellowjackets \u00bb et les Grammy Awards. La liste de Paramount+ de f\u00e9vrier comprend le retour\" \/>\n<meta property=\"og:url\" content=\"https:\/\/vieassociative.be\/actualites\/quoi-de-neuf-sur-paramount-avec-showtime-en-fevrier-2025\/\" \/>\n<meta property=\"og:site_name\" content=\"Vie Associative\" \/>\n<meta property=\"article:published_time\" content=\"2025-01-24T01:17:56+00:00\" \/>\n<meta property=\"og:image\" content=\"https:\/\/vieassociative.be\/actualites\/wp-content\/uploads\/2024\/09\/header_backgroundk-01-e1726694325946.png\" \/>\n\t<meta property=\"og:image:width\" content=\"279\" \/>\n\t<meta property=\"og:image:height\" content=\"92\" \/>\n\t<meta property=\"og:image:type\" content=\"image\/png\" \/>\n<meta name=\"author\" content=\"Julien\" \/>\n<meta name=\"twitter:card\" content=\"summary_large_image\" \/>\n<meta name=\"twitter:label1\" content=\"\u00c9crit par\" \/>\n\t<meta name=\"twitter:data1\" content=\"Julien\" \/>\n\t<meta name=\"twitter:label2\" content=\"Dur\u00e9e de lecture est.\" \/>\n\t<meta name=\"twitter:data2\" content=\"4 minutes\" \/>\n<script type=\"application\/ld+json\" class=\"yoast-schema-graph\">{\"@context\":\"https:\/\/schema.org\",\"@graph\":[{\"@type\":\"Article\",\"@id\":\"https:\/\/vieassociative.be\/actualites\/quoi-de-neuf-sur-paramount-avec-showtime-en-fevrier-2025\/#article\",\"isPartOf\":{\"@id\":\"https:\/\/vieassociative.be\/actualites\/quoi-de-neuf-sur-paramount-avec-showtime-en-fevrier-2025\/\"},\"author\":{\"name\":\"Julien\",\"@id\":\"https:\/\/vieassociative.be\/actualites\/#\/schema\/person\/b87ac4f82f9d4e7b7cec7395b679edc4\"},\"headline\":\"Quoi de neuf sur Paramount+ avec Showtime en f\u00e9vrier 2025\",\"datePublished\":\"2025-01-24T01:17:56+00:00\",\"dateModified\":\"2025-01-24T01:17:56+00:00\",\"mainEntityOfPage\":{\"@id\":\"https:\/\/vieassociative.be\/actualites\/quoi-de-neuf-sur-paramount-avec-showtime-en-fevrier-2025\/\"},\"wordCount\":872,\"publisher\":{\"@id\":\"https:\/\/vieassociative.be\/actualites\/#organization\"},\"image\":{\"@id\":\"https:\/\/vieassociative.be\/actualites\/quoi-de-neuf-sur-paramount-avec-showtime-en-fevrier-2025\/#primaryimage\"},\"thumbnailUrl\":\"https:\/\/vieassociative.be\/actualites\/wp-content\/uploads\/2025\/01\/Quoi-de-neuf-sur-Paramount-avec-Showtime-en-fevrier-2025.png\",\"keywords\":[\"avec\",\"f\u00e9vrier\",\"Neuf\",\"Paramount\",\"quoi\",\"Showtime\",\"sur\"],\"articleSection\":[\"Divertissement\"],\"inLanguage\":\"fr-BE\"},{\"@type\":\"WebPage\",\"@id\":\"https:\/\/vieassociative.be\/actualites\/quoi-de-neuf-sur-paramount-avec-showtime-en-fevrier-2025\/\",\"url\":\"https:\/\/vieassociative.be\/actualites\/quoi-de-neuf-sur-paramount-avec-showtime-en-fevrier-2025\/\",\"name\":\"Quoi de neuf sur Paramount+ avec Showtime en f\u00e9vrier 2025 | Vie Associative\",\"isPartOf\":{\"@id\":\"https:\/\/vieassociative.be\/actualites\/#website\"},\"primaryImageOfPage\":{\"@id\":\"https:\/\/vieassociative.be\/actualites\/quoi-de-neuf-sur-paramount-avec-showtime-en-fevrier-2025\/#primaryimage\"},\"image\":{\"@id\":\"https:\/\/vieassociative.be\/actualites\/quoi-de-neuf-sur-paramount-avec-showtime-en-fevrier-2025\/#primaryimage\"},\"thumbnailUrl\":\"https:\/\/vieassociative.be\/actualites\/wp-content\/uploads\/2025\/01\/Quoi-de-neuf-sur-Paramount-avec-Showtime-en-fevrier-2025.png\",\"datePublished\":\"2025-01-24T01:17:56+00:00\",\"dateModified\":\"2025-01-24T01:17:56+00:00\",\"breadcrumb\":{\"@id\":\"https:\/\/vieassociative.be\/actualites\/quoi-de-neuf-sur-paramount-avec-showtime-en-fevrier-2025\/#breadcrumb\"},\"inLanguage\":\"fr-BE\",\"potentialAction\":[{\"@type\":\"ReadAction\",\"target\":[\"https:\/\/vieassociative.be\/actualites\/quoi-de-neuf-sur-paramount-avec-showtime-en-fevrier-2025\/\"]}]},{\"@type\":\"ImageObject\",\"inLanguage\":\"fr-BE\",\"@id\":\"https:\/\/vieassociative.be\/actualites\/quoi-de-neuf-sur-paramount-avec-showtime-en-fevrier-2025\/#primaryimage\",\"url\":\"https:\/\/vieassociative.be\/actualites\/wp-content\/uploads\/2025\/01\/Quoi-de-neuf-sur-Paramount-avec-Showtime-en-fevrier-2025.png\",\"contentUrl\":\"https:\/\/vieassociative.be\/actualites\/wp-content\/uploads\/2025\/01\/Quoi-de-neuf-sur-Paramount-avec-Showtime-en-fevrier-2025.png\",\"width\":1200,\"height\":675,\"caption\":\"Quoi de neuf sur Paramount+ avec Showtime en f\u00e9vrier 2025\"},{\"@type\":\"BreadcrumbList\",\"@id\":\"https:\/\/vieassociative.be\/actualites\/quoi-de-neuf-sur-paramount-avec-showtime-en-fevrier-2025\/#breadcrumb\",\"itemListElement\":[{\"@type\":\"ListItem\",\"position\":1,\"name\":\"Accueil\",\"item\":\"https:\/\/vieassociative.be\/actualites\/\"},{\"@type\":\"ListItem\",\"position\":2,\"name\":\"Quoi de neuf sur Paramount+ avec Showtime en f\u00e9vrier 2025\"}]},{\"@type\":\"WebSite\",\"@id\":\"https:\/\/vieassociative.be\/actualites\/#website\",\"url\":\"https:\/\/vieassociative.be\/actualites\/\",\"name\":\"Vie Associative\",\"description\":\"\",\"publisher\":{\"@id\":\"https:\/\/vieassociative.be\/actualites\/#organization\"},\"potentialAction\":[{\"@type\":\"SearchAction\",\"target\":{\"@type\":\"EntryPoint\",\"urlTemplate\":\"https:\/\/vieassociative.be\/actualites\/?s={search_term_string}\"},\"query-input\":{\"@type\":\"PropertyValueSpecification\",\"valueRequired\":true,\"valueName\":\"search_term_string\"}}],\"inLanguage\":\"fr-BE\"},{\"@type\":\"Organization\",\"@id\":\"https:\/\/vieassociative.be\/actualites\/#organization\",\"name\":\"Vie Associative\",\"url\":\"https:\/\/vieassociative.be\/actualites\/\",\"logo\":{\"@type\":\"ImageObject\",\"inLanguage\":\"fr-BE\",\"@id\":\"https:\/\/vieassociative.be\/actualites\/#\/schema\/logo\/image\/\",\"url\":\"https:\/\/vieassociative.be\/actualites\/wp-content\/uploads\/2024\/09\/cropped-vieassociative_favicon.ico.png\",\"contentUrl\":\"https:\/\/vieassociative.be\/actualites\/wp-content\/uploads\/2024\/09\/cropped-vieassociative_favicon.ico.png\",\"width\":512,\"height\":512,\"caption\":\"Vie Associative\"},\"image\":{\"@id\":\"https:\/\/vieassociative.be\/actualites\/#\/schema\/logo\/image\/\"}},{\"@type\":\"Person\",\"@id\":\"https:\/\/vieassociative.be\/actualites\/#\/schema\/person\/b87ac4f82f9d4e7b7cec7395b679edc4\",\"name\":\"Julien\",\"image\":{\"@type\":\"ImageObject\",\"inLanguage\":\"fr-BE\",\"@id\":\"https:\/\/vieassociative.be\/actualites\/#\/schema\/person\/image\/\",\"url\":\"https:\/\/vieassociative.be\/actualites\/wp-content\/uploads\/2024\/09\/vie-associative-1-150x150.jpg\",\"contentUrl\":\"https:\/\/vieassociative.be\/actualites\/wp-content\/uploads\/2024\/09\/vie-associative-1-150x150.jpg\",\"caption\":\"Julien\"},\"description\":\"Je suis Julien, r\u00e9dacteur pour Vie Associative. Passionn\u00e9 par le monde associatif depuis plus de 10 ans, j'ai \u00e0 c\u0153ur de partager des histoires inspirantes et de mettre en lumi\u00e8re les initiatives locales. Mon objectif est de sensibiliser et d'encourager l'engagement communautaire \u00e0 travers mes articles.\",\"sameAs\":[\"https:\/\/vieassociative.be\/\"]}]}<\/script>\n<!-- \/ Yoast SEO plugin. -->","yoast_head_json":{"title":"Quoi de neuf sur Paramount+ avec Showtime en f\u00e9vrier 2025 | Vie Associative","robots":{"index":"index","follow":"follow","max-snippet":"max-snippet:-1","max-image-preview":"max-image-preview:large","max-video-preview":"max-video-preview:-1"},"canonical":"https:\/\/vieassociative.be\/actualites\/quoi-de-neuf-sur-paramount-avec-showtime-en-fevrier-2025\/","og_locale":"fr_FR","og_type":"article","og_title":"Quoi de neuf sur Paramount+ avec Showtime en f\u00e9vrier 2025 | Vie Associative","og_description":"Saison deux de \u00ab 1923 \u00bb, saison trois de \u00ab Yellowjackets \u00bb et les Grammy Awards. La liste de Paramount+ de f\u00e9vrier comprend le retour","og_url":"https:\/\/vieassociative.be\/actualites\/quoi-de-neuf-sur-paramount-avec-showtime-en-fevrier-2025\/","og_site_name":"Vie Associative","article_published_time":"2025-01-24T01:17:56+00:00","og_image":[{"width":279,"height":92,"url":"https:\/\/vieassociative.be\/actualites\/wp-content\/uploads\/2024\/09\/header_backgroundk-01-e1726694325946.png","type":"image\/png"}],"author":"Julien","twitter_card":"summary_large_image","twitter_misc":{"\u00c9crit par":"Julien","Dur\u00e9e de lecture est.":"4 minutes"},"schema":{"@context":"https:\/\/schema.org","@graph":[{"@type":"Article","@id":"https:\/\/vieassociative.be\/actualites\/quoi-de-neuf-sur-paramount-avec-showtime-en-fevrier-2025\/#article","isPartOf":{"@id":"https:\/\/vieassociative.be\/actualites\/quoi-de-neuf-sur-paramount-avec-showtime-en-fevrier-2025\/"},"author":{"name":"Julien","@id":"https:\/\/vieassociative.be\/actualites\/#\/schema\/person\/b87ac4f82f9d4e7b7cec7395b679edc4"},"headline":"Quoi de neuf sur Paramount+ avec Showtime en f\u00e9vrier 2025","datePublished":"2025-01-24T01:17:56+00:00","dateModified":"2025-01-24T01:17:56+00:00","mainEntityOfPage":{"@id":"https:\/\/vieassociative.be\/actualites\/quoi-de-neuf-sur-paramount-avec-showtime-en-fevrier-2025\/"},"wordCount":872,"publisher":{"@id":"https:\/\/vieassociative.be\/actualites\/#organization"},"image":{"@id":"https:\/\/vieassociative.be\/actualites\/quoi-de-neuf-sur-paramount-avec-showtime-en-fevrier-2025\/#primaryimage"},"thumbnailUrl":"https:\/\/vieassociative.be\/actualites\/wp-content\/uploads\/2025\/01\/Quoi-de-neuf-sur-Paramount-avec-Showtime-en-fevrier-2025.png","keywords":["avec","f\u00e9vrier","Neuf","Paramount","quoi","Showtime","sur"],"articleSection":["Divertissement"],"inLanguage":"fr-BE"},{"@type":"WebPage","@id":"https:\/\/vieassociative.be\/actualites\/quoi-de-neuf-sur-paramount-avec-showtime-en-fevrier-2025\/","url":"https:\/\/vieassociative.be\/actualites\/quoi-de-neuf-sur-paramount-avec-showtime-en-fevrier-2025\/","name":"Quoi de neuf sur Paramount+ avec Showtime en f\u00e9vrier 2025 | Vie Associative","isPartOf":{"@id":"https:\/\/vieassociative.be\/actualites\/#website"},"primaryImageOfPage":{"@id":"https:\/\/vieassociative.be\/actualites\/quoi-de-neuf-sur-paramount-avec-showtime-en-fevrier-2025\/#primaryimage"},"image":{"@id":"https:\/\/vieassociative.be\/actualites\/quoi-de-neuf-sur-paramount-avec-showtime-en-fevrier-2025\/#primaryimage"},"thumbnailUrl":"https:\/\/vieassociative.be\/actualites\/wp-content\/uploads\/2025\/01\/Quoi-de-neuf-sur-Paramount-avec-Showtime-en-fevrier-2025.png","datePublished":"2025-01-24T01:17:56+00:00","dateModified":"2025-01-24T01:17:56+00:00","breadcrumb":{"@id":"https:\/\/vieassociative.be\/actualites\/quoi-de-neuf-sur-paramount-avec-showtime-en-fevrier-2025\/#breadcrumb"},"inLanguage":"fr-BE","potentialAction":[{"@type":"ReadAction","target":["https:\/\/vieassociative.be\/actualites\/quoi-de-neuf-sur-paramount-avec-showtime-en-fevrier-2025\/"]}]},{"@type":"ImageObject","inLanguage":"fr-BE","@id":"https:\/\/vieassociative.be\/actualites\/quoi-de-neuf-sur-paramount-avec-showtime-en-fevrier-2025\/#primaryimage","url":"https:\/\/vieassociative.be\/actualites\/wp-content\/uploads\/2025\/01\/Quoi-de-neuf-sur-Paramount-avec-Showtime-en-fevrier-2025.png","contentUrl":"https:\/\/vieassociative.be\/actualites\/wp-content\/uploads\/2025\/01\/Quoi-de-neuf-sur-Paramount-avec-Showtime-en-fevrier-2025.png","width":1200,"height":675,"caption":"Quoi de neuf sur Paramount+ avec Showtime en f\u00e9vrier 2025"},{"@type":"BreadcrumbList","@id":"https:\/\/vieassociative.be\/actualites\/quoi-de-neuf-sur-paramount-avec-showtime-en-fevrier-2025\/#breadcrumb","itemListElement":[{"@type":"ListItem","position":1,"name":"Accueil","item":"https:\/\/vieassociative.be\/actualites\/"},{"@type":"ListItem","position":2,"name":"Quoi de neuf sur Paramount+ avec Showtime en f\u00e9vrier 2025"}]},{"@type":"WebSite","@id":"https:\/\/vieassociative.be\/actualites\/#website","url":"https:\/\/vieassociative.be\/actualites\/","name":"Vie Associative","description":"","publisher":{"@id":"https:\/\/vieassociative.be\/actualites\/#organization"},"potentialAction":[{"@type":"SearchAction","target":{"@type":"EntryPoint","urlTemplate":"https:\/\/vieassociative.be\/actualites\/?s={search_term_string}"},"query-input":{"@type":"PropertyValueSpecification","valueRequired":true,"valueName":"search_term_string"}}],"inLanguage":"fr-BE"},{"@type":"Organization","@id":"https:\/\/vieassociative.be\/actualites\/#organization","name":"Vie Associative","url":"https:\/\/vieassociative.be\/actualites\/","logo":{"@type":"ImageObject","inLanguage":"fr-BE","@id":"https:\/\/vieassociative.be\/actualites\/#\/schema\/logo\/image\/","url":"https:\/\/vieassociative.be\/actualites\/wp-content\/uploads\/2024\/09\/cropped-vieassociative_favicon.ico.png","contentUrl":"https:\/\/vieassociative.be\/actualites\/wp-content\/uploads\/2024\/09\/cropped-vieassociative_favicon.ico.png","width":512,"height":512,"caption":"Vie Associative"},"image":{"@id":"https:\/\/vieassociative.be\/actualites\/#\/schema\/logo\/image\/"}},{"@type":"Person","@id":"https:\/\/vieassociative.be\/actualites\/#\/schema\/person\/b87ac4f82f9d4e7b7cec7395b679edc4","name":"Julien","image":{"@type":"ImageObject","inLanguage":"fr-BE","@id":"https:\/\/vieassociative.be\/actualites\/#\/schema\/person\/image\/","url":"https:\/\/vieassociative.be\/actualites\/wp-content\/uploads\/2024\/09\/vie-associative-1-150x150.jpg","contentUrl":"https:\/\/vieassociative.be\/actualites\/wp-content\/uploads\/2024\/09\/vie-associative-1-150x150.jpg","caption":"Julien"},"description":"Je suis Julien, r\u00e9dacteur pour Vie Associative. Passionn\u00e9 par le monde associatif depuis plus de 10 ans, j'ai \u00e0 c\u0153ur de partager des histoires inspirantes et de mettre en lumi\u00e8re les initiatives locales. Mon objectif est de sensibiliser et d'encourager l'engagement communautaire \u00e0 travers mes articles.","sameAs":["https:\/\/vieassociative.be\/"]}]}},"_links":{"self":[{"href":"https:\/\/vieassociative.be\/actualites\/wp-json\/wp\/v2\/posts\/4547"}],"collection":[{"href":"https:\/\/vieassociative.be\/actualites\/wp-json\/wp\/v2\/posts"}],"about":[{"href":"https:\/\/vieassociative.be\/actualites\/wp-json\/wp\/v2\/types\/post"}],"author":[{"embeddable":true,"href":"https:\/\/vieassociative.be\/actualites\/wp-json\/wp\/v2\/users\/1"}],"replies":[{"embeddable":true,"href":"https:\/\/vieassociative.be\/actualites\/wp-json\/wp\/v2\/comments?post=4547"}],"version-history":[{"count":0,"href":"https:\/\/vieassociative.be\/actualites\/wp-json\/wp\/v2\/posts\/4547\/revisions"}],"wp:featuredmedia":[{"embeddable":true,"href":"https:\/\/vieassociative.be\/actualites\/wp-json\/wp\/v2\/media\/4548"}],"wp:attachment":[{"href":"https:\/\/vieassociative.be\/actualites\/wp-json\/wp\/v2\/media?parent=4547"}],"wp:term":[{"taxonomy":"category","embeddable":true,"href":"https:\/\/vieassociative.be\/actualites\/wp-json\/wp\/v2\/categories?post=4547"},{"taxonomy":"post_tag","embeddable":true,"href":"https:\/\/vieassociative.be\/actualites\/wp-json\/wp\/v2\/tags?post=4547"}],"curies":[{"name":"wp","href":"https:\/\/api.w.org\/{rel}","templated":true}]}}