{"id":4545,"date":"2025-01-23T21:17:19","date_gmt":"2025-01-23T20:17:19","guid":{"rendered":"https:\/\/vieassociative.be\/actualites\/pendant-le-diner-une-femme-remarque-des-bruits-suspects-venant-den-haut\/"},"modified":"2025-01-23T21:17:19","modified_gmt":"2025-01-23T20:17:19","slug":"pendant-le-diner-une-femme-remarque-des-bruits-suspects-venant-den-haut","status":"publish","type":"post","link":"https:\/\/vieassociative.be\/actualites\/pendant-le-diner-une-femme-remarque-des-bruits-suspects-venant-den-haut\/","title":{"rendered":"Pendant le d\u00eener, une femme remarque des bruits suspects venant d&rsquo;en haut"},"content":{"rendered":"<p><strong>La zone de police de Weser-G\u00f6hl a signal\u00e9 deux incidents dans son rapport du jeudi 23 janvier.<\/strong><\/p>\n<p><span id=\"more-406655\"><\/span><strong>\u2013 Les malfaiteurs s\u2019\u00e9chappent par la fen\u00eatre de toit :<\/strong> Le lundi 22 janvier 2025 au soir, vers 18h50, une tentative d&rsquo;effraction a eu lieu dans un immeuble r\u00e9sidentiel de la rue Stendrich. Une r\u00e9sidente remarque des bruits suspects venant de l&rsquo;\u00e9tage sup\u00e9rieur de sa maison pendant le d\u00eener. Lorsqu&rsquo;elle v\u00e9rifie, elle d\u00e9couvre que deux agresseurs jusque-l\u00e0 inconnus ont tent\u00e9 de s&rsquo;introduire par effraction dans la maison par une lucarne. Apparemment surpris par la pr\u00e9sence du r\u00e9sident, les cambrioleurs ont pris la fuite et se sont enfuis par une autre lucarne.<\/p>\n<p><strong>\u2013 Femme victime d\u2019arnaqueurs par email :<\/strong> Le lundi 22 janvier 2025, une Eupenoise signale vers 20h20 qu&rsquo;elle a \u00e9t\u00e9 victime d&rsquo;une escroquerie. L&rsquo;int\u00e9ress\u00e9 a contact\u00e9 par courrier \u00e9lectronique un inconnu qui pr\u00e9tendait \u00eatre un employ\u00e9 militaire. Le militaire pr\u00e9sum\u00e9 affirme avoir trouv\u00e9 une grosse somme d\u2019argent en Irak. Afin d&rsquo;obtenir une pr\u00e9tendue part pour la femme par la douane, il exige un paiement anticip\u00e9. La femme acc\u00e8de \u00e0 cette demande.<\/p>\n","protected":false},"excerpt":{"rendered":"<p>La zone de police de Weser-G\u00f6hl a signal\u00e9 deux incidents dans son rapport du jeudi 23 janvier. \u2013 Les malfaiteurs s\u2019\u00e9chappent par la fen\u00eatre de<\/p>\n","protected":false},"author":1,"featured_media":1939,"comment_status":"","ping_status":"","sticky":false,"template":"","format":"standard","meta":{"footnotes":""},"categories":[298],"tags":[4919,2205,29,4236,4918,3539,198,4303,4920,110,4921],"class_list":["post-4545","post","type-post","status-publish","format-standard","has-post-thumbnail","hentry","category-belgique","tag-bruits","tag-den","tag-des","tag-diner","tag-femme","tag-haut","tag-pendant","tag-remarque","tag-suspects","tag-une","tag-venant","generate-columns","tablet-grid-50","mobile-grid-100","grid-parent","grid-33"],"yoast_head":"<!-- This site is optimized with the Yoast SEO plugin v24.0 - https:\/\/yoast.com\/wordpress\/plugins\/seo\/ -->\n<title>Pendant le d\u00eener, une femme remarque des bruits suspects venant d&#039;en haut | Vie Associative<\/title>\n<meta name=\"robots\" content=\"index, follow, max-snippet:-1, max-image-preview:large, max-video-preview:-1\" \/>\n<link rel=\"canonical\" href=\"https:\/\/vieassociative.be\/actualites\/pendant-le-diner-une-femme-remarque-des-bruits-suspects-venant-den-haut\/\" \/>\n<meta property=\"og:locale\" content=\"fr_FR\" \/>\n<meta property=\"og:type\" content=\"article\" \/>\n<meta property=\"og:title\" content=\"Pendant le d\u00eener, une femme remarque des bruits suspects venant d&#039;en haut | Vie Associative\" \/>\n<meta property=\"og:description\" content=\"La zone de police de Weser-G\u00f6hl a signal\u00e9 deux incidents dans son rapport du jeudi 23 janvier. \u2013 Les malfaiteurs s\u2019\u00e9chappent par la fen\u00eatre de\" \/>\n<meta property=\"og:url\" content=\"https:\/\/vieassociative.be\/actualites\/pendant-le-diner-une-femme-remarque-des-bruits-suspects-venant-den-haut\/\" \/>\n<meta property=\"og:site_name\" content=\"Vie Associative\" \/>\n<meta property=\"article:published_time\" content=\"2025-01-23T20:17:19+00:00\" \/>\n<meta property=\"og:image\" content=\"https:\/\/vieassociative.be\/actualites\/wp-content\/uploads\/2024\/09\/header_backgroundk-01-e1726694325946.png\" \/>\n\t<meta property=\"og:image:width\" content=\"279\" \/>\n\t<meta property=\"og:image:height\" content=\"92\" \/>\n\t<meta property=\"og:image:type\" content=\"image\/png\" \/>\n<meta name=\"author\" content=\"Julien\" \/>\n<meta name=\"twitter:card\" content=\"summary_large_image\" \/>\n<meta name=\"twitter:label1\" content=\"\u00c9crit par\" \/>\n\t<meta name=\"twitter:data1\" content=\"Julien\" \/>\n\t<meta name=\"twitter:label2\" content=\"Dur\u00e9e de lecture est.\" \/>\n\t<meta name=\"twitter:data2\" content=\"1 minute\" \/>\n<script type=\"application\/ld+json\" class=\"yoast-schema-graph\">{\"@context\":\"https:\/\/schema.org\",\"@graph\":[{\"@type\":\"Article\",\"@id\":\"https:\/\/vieassociative.be\/actualites\/pendant-le-diner-une-femme-remarque-des-bruits-suspects-venant-den-haut\/#article\",\"isPartOf\":{\"@id\":\"https:\/\/vieassociative.be\/actualites\/pendant-le-diner-une-femme-remarque-des-bruits-suspects-venant-den-haut\/\"},\"author\":{\"name\":\"Julien\",\"@id\":\"https:\/\/vieassociative.be\/actualites\/#\/schema\/person\/b87ac4f82f9d4e7b7cec7395b679edc4\"},\"headline\":\"Pendant le d\u00eener, une femme remarque des bruits suspects venant d&rsquo;en haut\",\"datePublished\":\"2025-01-23T20:17:19+00:00\",\"dateModified\":\"2025-01-23T20:17:19+00:00\",\"mainEntityOfPage\":{\"@id\":\"https:\/\/vieassociative.be\/actualites\/pendant-le-diner-une-femme-remarque-des-bruits-suspects-venant-den-haut\/\"},\"wordCount\":209,\"publisher\":{\"@id\":\"https:\/\/vieassociative.be\/actualites\/#organization\"},\"image\":{\"@id\":\"https:\/\/vieassociative.be\/actualites\/pendant-le-diner-une-femme-remarque-des-bruits-suspects-venant-den-haut\/#primaryimage\"},\"thumbnailUrl\":\"https:\/\/vieassociative.be\/actualites\/wp-content\/uploads\/2024\/11\/Raeren-Le-conducteur-tombe-dans-un-micro-sommeil-a-midi.jpeg\",\"keywords\":[\"bruits\",\"den\",\"Des\",\"d\u00eener\",\"femme\",\"haut\",\"pendant\",\"remarqu\u00e9\",\"suspects\",\"une\",\"venant\"],\"articleSection\":[\"Belgique\"],\"inLanguage\":\"fr-BE\"},{\"@type\":\"WebPage\",\"@id\":\"https:\/\/vieassociative.be\/actualites\/pendant-le-diner-une-femme-remarque-des-bruits-suspects-venant-den-haut\/\",\"url\":\"https:\/\/vieassociative.be\/actualites\/pendant-le-diner-une-femme-remarque-des-bruits-suspects-venant-den-haut\/\",\"name\":\"Pendant le d\u00eener, une femme remarque des bruits suspects venant d'en haut | Vie Associative\",\"isPartOf\":{\"@id\":\"https:\/\/vieassociative.be\/actualites\/#website\"},\"primaryImageOfPage\":{\"@id\":\"https:\/\/vieassociative.be\/actualites\/pendant-le-diner-une-femme-remarque-des-bruits-suspects-venant-den-haut\/#primaryimage\"},\"image\":{\"@id\":\"https:\/\/vieassociative.be\/actualites\/pendant-le-diner-une-femme-remarque-des-bruits-suspects-venant-den-haut\/#primaryimage\"},\"thumbnailUrl\":\"https:\/\/vieassociative.be\/actualites\/wp-content\/uploads\/2024\/11\/Raeren-Le-conducteur-tombe-dans-un-micro-sommeil-a-midi.jpeg\",\"datePublished\":\"2025-01-23T20:17:19+00:00\",\"dateModified\":\"2025-01-23T20:17:19+00:00\",\"breadcrumb\":{\"@id\":\"https:\/\/vieassociative.be\/actualites\/pendant-le-diner-une-femme-remarque-des-bruits-suspects-venant-den-haut\/#breadcrumb\"},\"inLanguage\":\"fr-BE\",\"potentialAction\":[{\"@type\":\"ReadAction\",\"target\":[\"https:\/\/vieassociative.be\/actualites\/pendant-le-diner-une-femme-remarque-des-bruits-suspects-venant-den-haut\/\"]}]},{\"@type\":\"ImageObject\",\"inLanguage\":\"fr-BE\",\"@id\":\"https:\/\/vieassociative.be\/actualites\/pendant-le-diner-une-femme-remarque-des-bruits-suspects-venant-den-haut\/#primaryimage\",\"url\":\"https:\/\/vieassociative.be\/actualites\/wp-content\/uploads\/2024\/11\/Raeren-Le-conducteur-tombe-dans-un-micro-sommeil-a-midi.jpeg\",\"contentUrl\":\"https:\/\/vieassociative.be\/actualites\/wp-content\/uploads\/2024\/11\/Raeren-Le-conducteur-tombe-dans-un-micro-sommeil-a-midi.jpeg\",\"width\":1200,\"height\":800,\"caption\":\"Raeren : Le conducteur tombe dans un micro-sommeil \u00e0 midi\"},{\"@type\":\"BreadcrumbList\",\"@id\":\"https:\/\/vieassociative.be\/actualites\/pendant-le-diner-une-femme-remarque-des-bruits-suspects-venant-den-haut\/#breadcrumb\",\"itemListElement\":[{\"@type\":\"ListItem\",\"position\":1,\"name\":\"Accueil\",\"item\":\"https:\/\/vieassociative.be\/actualites\/\"},{\"@type\":\"ListItem\",\"position\":2,\"name\":\"Pendant le d\u00eener, une femme remarque des bruits suspects venant d&rsquo;en haut\"}]},{\"@type\":\"WebSite\",\"@id\":\"https:\/\/vieassociative.be\/actualites\/#website\",\"url\":\"https:\/\/vieassociative.be\/actualites\/\",\"name\":\"Vie Associative\",\"description\":\"\",\"publisher\":{\"@id\":\"https:\/\/vieassociative.be\/actualites\/#organization\"},\"potentialAction\":[{\"@type\":\"SearchAction\",\"target\":{\"@type\":\"EntryPoint\",\"urlTemplate\":\"https:\/\/vieassociative.be\/actualites\/?s={search_term_string}\"},\"query-input\":{\"@type\":\"PropertyValueSpecification\",\"valueRequired\":true,\"valueName\":\"search_term_string\"}}],\"inLanguage\":\"fr-BE\"},{\"@type\":\"Organization\",\"@id\":\"https:\/\/vieassociative.be\/actualites\/#organization\",\"name\":\"Vie Associative\",\"url\":\"https:\/\/vieassociative.be\/actualites\/\",\"logo\":{\"@type\":\"ImageObject\",\"inLanguage\":\"fr-BE\",\"@id\":\"https:\/\/vieassociative.be\/actualites\/#\/schema\/logo\/image\/\",\"url\":\"https:\/\/vieassociative.be\/actualites\/wp-content\/uploads\/2024\/09\/cropped-vieassociative_favicon.ico.png\",\"contentUrl\":\"https:\/\/vieassociative.be\/actualites\/wp-content\/uploads\/2024\/09\/cropped-vieassociative_favicon.ico.png\",\"width\":512,\"height\":512,\"caption\":\"Vie Associative\"},\"image\":{\"@id\":\"https:\/\/vieassociative.be\/actualites\/#\/schema\/logo\/image\/\"}},{\"@type\":\"Person\",\"@id\":\"https:\/\/vieassociative.be\/actualites\/#\/schema\/person\/b87ac4f82f9d4e7b7cec7395b679edc4\",\"name\":\"Julien\",\"image\":{\"@type\":\"ImageObject\",\"inLanguage\":\"fr-BE\",\"@id\":\"https:\/\/vieassociative.be\/actualites\/#\/schema\/person\/image\/\",\"url\":\"https:\/\/vieassociative.be\/actualites\/wp-content\/uploads\/2024\/09\/vie-associative-1-150x150.jpg\",\"contentUrl\":\"https:\/\/vieassociative.be\/actualites\/wp-content\/uploads\/2024\/09\/vie-associative-1-150x150.jpg\",\"caption\":\"Julien\"},\"description\":\"Je suis Julien, r\u00e9dacteur pour Vie Associative. Passionn\u00e9 par le monde associatif depuis plus de 10 ans, j'ai \u00e0 c\u0153ur de partager des histoires inspirantes et de mettre en lumi\u00e8re les initiatives locales. Mon objectif est de sensibiliser et d'encourager l'engagement communautaire \u00e0 travers mes articles.\",\"sameAs\":[\"https:\/\/vieassociative.be\/\"]}]}<\/script>\n<!-- \/ Yoast SEO plugin. -->","yoast_head_json":{"title":"Pendant le d\u00eener, une femme remarque des bruits suspects venant d'en haut | Vie Associative","robots":{"index":"index","follow":"follow","max-snippet":"max-snippet:-1","max-image-preview":"max-image-preview:large","max-video-preview":"max-video-preview:-1"},"canonical":"https:\/\/vieassociative.be\/actualites\/pendant-le-diner-une-femme-remarque-des-bruits-suspects-venant-den-haut\/","og_locale":"fr_FR","og_type":"article","og_title":"Pendant le d\u00eener, une femme remarque des bruits suspects venant d'en haut | Vie Associative","og_description":"La zone de police de Weser-G\u00f6hl a signal\u00e9 deux incidents dans son rapport du jeudi 23 janvier. \u2013 Les malfaiteurs s\u2019\u00e9chappent par la fen\u00eatre de","og_url":"https:\/\/vieassociative.be\/actualites\/pendant-le-diner-une-femme-remarque-des-bruits-suspects-venant-den-haut\/","og_site_name":"Vie Associative","article_published_time":"2025-01-23T20:17:19+00:00","og_image":[{"width":279,"height":92,"url":"https:\/\/vieassociative.be\/actualites\/wp-content\/uploads\/2024\/09\/header_backgroundk-01-e1726694325946.png","type":"image\/png"}],"author":"Julien","twitter_card":"summary_large_image","twitter_misc":{"\u00c9crit par":"Julien","Dur\u00e9e de lecture est.":"1 minute"},"schema":{"@context":"https:\/\/schema.org","@graph":[{"@type":"Article","@id":"https:\/\/vieassociative.be\/actualites\/pendant-le-diner-une-femme-remarque-des-bruits-suspects-venant-den-haut\/#article","isPartOf":{"@id":"https:\/\/vieassociative.be\/actualites\/pendant-le-diner-une-femme-remarque-des-bruits-suspects-venant-den-haut\/"},"author":{"name":"Julien","@id":"https:\/\/vieassociative.be\/actualites\/#\/schema\/person\/b87ac4f82f9d4e7b7cec7395b679edc4"},"headline":"Pendant le d\u00eener, une femme remarque des bruits suspects venant d&rsquo;en haut","datePublished":"2025-01-23T20:17:19+00:00","dateModified":"2025-01-23T20:17:19+00:00","mainEntityOfPage":{"@id":"https:\/\/vieassociative.be\/actualites\/pendant-le-diner-une-femme-remarque-des-bruits-suspects-venant-den-haut\/"},"wordCount":209,"publisher":{"@id":"https:\/\/vieassociative.be\/actualites\/#organization"},"image":{"@id":"https:\/\/vieassociative.be\/actualites\/pendant-le-diner-une-femme-remarque-des-bruits-suspects-venant-den-haut\/#primaryimage"},"thumbnailUrl":"https:\/\/vieassociative.be\/actualites\/wp-content\/uploads\/2024\/11\/Raeren-Le-conducteur-tombe-dans-un-micro-sommeil-a-midi.jpeg","keywords":["bruits","den","Des","d\u00eener","femme","haut","pendant","remarqu\u00e9","suspects","une","venant"],"articleSection":["Belgique"],"inLanguage":"fr-BE"},{"@type":"WebPage","@id":"https:\/\/vieassociative.be\/actualites\/pendant-le-diner-une-femme-remarque-des-bruits-suspects-venant-den-haut\/","url":"https:\/\/vieassociative.be\/actualites\/pendant-le-diner-une-femme-remarque-des-bruits-suspects-venant-den-haut\/","name":"Pendant le d\u00eener, une femme remarque des bruits suspects venant d'en haut | Vie Associative","isPartOf":{"@id":"https:\/\/vieassociative.be\/actualites\/#website"},"primaryImageOfPage":{"@id":"https:\/\/vieassociative.be\/actualites\/pendant-le-diner-une-femme-remarque-des-bruits-suspects-venant-den-haut\/#primaryimage"},"image":{"@id":"https:\/\/vieassociative.be\/actualites\/pendant-le-diner-une-femme-remarque-des-bruits-suspects-venant-den-haut\/#primaryimage"},"thumbnailUrl":"https:\/\/vieassociative.be\/actualites\/wp-content\/uploads\/2024\/11\/Raeren-Le-conducteur-tombe-dans-un-micro-sommeil-a-midi.jpeg","datePublished":"2025-01-23T20:17:19+00:00","dateModified":"2025-01-23T20:17:19+00:00","breadcrumb":{"@id":"https:\/\/vieassociative.be\/actualites\/pendant-le-diner-une-femme-remarque-des-bruits-suspects-venant-den-haut\/#breadcrumb"},"inLanguage":"fr-BE","potentialAction":[{"@type":"ReadAction","target":["https:\/\/vieassociative.be\/actualites\/pendant-le-diner-une-femme-remarque-des-bruits-suspects-venant-den-haut\/"]}]},{"@type":"ImageObject","inLanguage":"fr-BE","@id":"https:\/\/vieassociative.be\/actualites\/pendant-le-diner-une-femme-remarque-des-bruits-suspects-venant-den-haut\/#primaryimage","url":"https:\/\/vieassociative.be\/actualites\/wp-content\/uploads\/2024\/11\/Raeren-Le-conducteur-tombe-dans-un-micro-sommeil-a-midi.jpeg","contentUrl":"https:\/\/vieassociative.be\/actualites\/wp-content\/uploads\/2024\/11\/Raeren-Le-conducteur-tombe-dans-un-micro-sommeil-a-midi.jpeg","width":1200,"height":800,"caption":"Raeren : Le conducteur tombe dans un micro-sommeil \u00e0 midi"},{"@type":"BreadcrumbList","@id":"https:\/\/vieassociative.be\/actualites\/pendant-le-diner-une-femme-remarque-des-bruits-suspects-venant-den-haut\/#breadcrumb","itemListElement":[{"@type":"ListItem","position":1,"name":"Accueil","item":"https:\/\/vieassociative.be\/actualites\/"},{"@type":"ListItem","position":2,"name":"Pendant le d\u00eener, une femme remarque des bruits suspects venant d&rsquo;en haut"}]},{"@type":"WebSite","@id":"https:\/\/vieassociative.be\/actualites\/#website","url":"https:\/\/vieassociative.be\/actualites\/","name":"Vie Associative","description":"","publisher":{"@id":"https:\/\/vieassociative.be\/actualites\/#organization"},"potentialAction":[{"@type":"SearchAction","target":{"@type":"EntryPoint","urlTemplate":"https:\/\/vieassociative.be\/actualites\/?s={search_term_string}"},"query-input":{"@type":"PropertyValueSpecification","valueRequired":true,"valueName":"search_term_string"}}],"inLanguage":"fr-BE"},{"@type":"Organization","@id":"https:\/\/vieassociative.be\/actualites\/#organization","name":"Vie Associative","url":"https:\/\/vieassociative.be\/actualites\/","logo":{"@type":"ImageObject","inLanguage":"fr-BE","@id":"https:\/\/vieassociative.be\/actualites\/#\/schema\/logo\/image\/","url":"https:\/\/vieassociative.be\/actualites\/wp-content\/uploads\/2024\/09\/cropped-vieassociative_favicon.ico.png","contentUrl":"https:\/\/vieassociative.be\/actualites\/wp-content\/uploads\/2024\/09\/cropped-vieassociative_favicon.ico.png","width":512,"height":512,"caption":"Vie Associative"},"image":{"@id":"https:\/\/vieassociative.be\/actualites\/#\/schema\/logo\/image\/"}},{"@type":"Person","@id":"https:\/\/vieassociative.be\/actualites\/#\/schema\/person\/b87ac4f82f9d4e7b7cec7395b679edc4","name":"Julien","image":{"@type":"ImageObject","inLanguage":"fr-BE","@id":"https:\/\/vieassociative.be\/actualites\/#\/schema\/person\/image\/","url":"https:\/\/vieassociative.be\/actualites\/wp-content\/uploads\/2024\/09\/vie-associative-1-150x150.jpg","contentUrl":"https:\/\/vieassociative.be\/actualites\/wp-content\/uploads\/2024\/09\/vie-associative-1-150x150.jpg","caption":"Julien"},"description":"Je suis Julien, r\u00e9dacteur pour Vie Associative. Passionn\u00e9 par le monde associatif depuis plus de 10 ans, j'ai \u00e0 c\u0153ur de partager des histoires inspirantes et de mettre en lumi\u00e8re les initiatives locales. Mon objectif est de sensibiliser et d'encourager l'engagement communautaire \u00e0 travers mes articles.","sameAs":["https:\/\/vieassociative.be\/"]}]}},"_links":{"self":[{"href":"https:\/\/vieassociative.be\/actualites\/wp-json\/wp\/v2\/posts\/4545"}],"collection":[{"href":"https:\/\/vieassociative.be\/actualites\/wp-json\/wp\/v2\/posts"}],"about":[{"href":"https:\/\/vieassociative.be\/actualites\/wp-json\/wp\/v2\/types\/post"}],"author":[{"embeddable":true,"href":"https:\/\/vieassociative.be\/actualites\/wp-json\/wp\/v2\/users\/1"}],"replies":[{"embeddable":true,"href":"https:\/\/vieassociative.be\/actualites\/wp-json\/wp\/v2\/comments?post=4545"}],"version-history":[{"count":0,"href":"https:\/\/vieassociative.be\/actualites\/wp-json\/wp\/v2\/posts\/4545\/revisions"}],"wp:featuredmedia":[{"embeddable":true,"href":"https:\/\/vieassociative.be\/actualites\/wp-json\/wp\/v2\/media\/1939"}],"wp:attachment":[{"href":"https:\/\/vieassociative.be\/actualites\/wp-json\/wp\/v2\/media?parent=4545"}],"wp:term":[{"taxonomy":"category","embeddable":true,"href":"https:\/\/vieassociative.be\/actualites\/wp-json\/wp\/v2\/categories?post=4545"},{"taxonomy":"post_tag","embeddable":true,"href":"https:\/\/vieassociative.be\/actualites\/wp-json\/wp\/v2\/tags?post=4545"}],"curies":[{"name":"wp","href":"https:\/\/api.w.org\/{rel}","templated":true}]}}