{"id":4543,"date":"2025-01-23T20:17:30","date_gmt":"2025-01-23T19:17:30","guid":{"rendered":"https:\/\/vieassociative.be\/actualites\/ce-televiseur-oled-samsung-s85d-est-actuellement-a-son-prix-le-plus-bas\/"},"modified":"2025-01-23T20:17:30","modified_gmt":"2025-01-23T19:17:30","slug":"ce-televiseur-oled-samsung-s85d-est-actuellement-a-son-prix-le-plus-bas","status":"publish","type":"post","link":"https:\/\/vieassociative.be\/actualites\/ce-televiseur-oled-samsung-s85d-est-actuellement-a-son-prix-le-plus-bas\/","title":{"rendered":"Ce t\u00e9l\u00e9viseur OLED Samsung S85D est actuellement \u00e0 son prix le plus bas"},"content":{"rendered":"<div class=\"mt-4 leading-6 md:mb-8\">C&rsquo;est un magnifique \u00e9cran OLED de 65 pouces pour les soir\u00e9es cin\u00e9ma et les marathons de jeux.<\/div>\n<p><\/p>\n<p>Le t\u00e9l\u00e9viseur OLED Samsung S85D de 65 pouces co\u00fbte d\u00e9sormais 997,99 $ sur Amazon. Cela repr\u00e9sente 900 $ de r\u00e9duction sur son prix habituel de 1\u00a0897,99 $, et selon les trackers de prix, c&rsquo;est le plus bas jamais atteint. Aliment\u00e9 par le processeur NQ4 AI Gen 2 de Samsung, il promet des performances am\u00e9lior\u00e9es et fonctionne sur le syst\u00e8me d&rsquo;exploitation Tizen 2024, offrant un contr\u00f4le vocal et une diffusion facile depuis votre t\u00e9l\u00e9phone. Sa conception comprend des pieds r\u00e9glables pour le placement de la barre de son et des clips de gestion des c\u00e2bles pour garder les choses organis\u00e9es, bien que le montage mural puisse \u00eatre d\u00e9licat en raison des ports encastr\u00e9s. Et, bien qu\u2019il soit livr\u00e9 avec des haut-parleurs 2.0 canaux de 20 W (qui conviennent pour un visionnage occasionnel), ils ne remplaceront peut-\u00eatre pas un syst\u00e8me audio d\u00e9di\u00e9. Le t\u00e9l\u00e9viseur prend \u00e9galement en charge les assistants vocaux comme Alexa et Bixby.<\/p>\n<div class=\"pogoClear mb-12 mt-10 rounded-md border-2 border-gray-100 py-7 shadow-xl md:py-6\">\n<div class=\"flex flex-wrap justify-between px-7 text-black no-underline md:flex-nowrap md:px-8\">\n<div class=\"order-1 mx-auto flex flex-col justify-center md:order-2 md:ml-4 md:w-full md:grow\">\n<div class=\"block cursor-pointer text-center font-akshar text-2xl font-medium leading-7 text-brand-green duration-200 ease-in-out hover:text-brand-green-700 md:text-left md:text-xl md:leading-6\">Samsung &#8211; T\u00e9l\u00e9viseur intelligent Tizen OLED 4K s\u00e9rie S85D de 65 pouces (2024)\n                <\/div>\n<div class=\"mt-4 hidden md:flex md:justify-between\">\n<div class=\"self-end\">\n<div class=\"mb-0 h-11 md:flex md:flex-col md:justify-center\">\n<div class=\" font-sans leading-4 text-black\">\n<div class=\"flex flex-wrap items-center justify-center gap-x-1 md:justify-start\">\n        <span class=\"font-bold\"><\/p>\n<p>            997,99\u00a0$<br \/>\n                            <span class=\"font-medium\">chez Amazon<\/span><br \/>\n                    <\/span><br \/>\n                    <img decoding=\"async\" class=\"mt-0 h-(15px)\" src=\"https:\/\/vieassociative.be\/actualites\/wp-content\/uploads\/2025\/01\/Ce-televiseur-OLED-Samsung-S85D-est-actuellement-a-son-prix.svg.svg+xml\" title=\"Amazon Premier\" alt=\"Amazon Premier\">\n            <\/div>\n<div class=\"flex items-center justify-center gap-x-1 font-bold md:justify-start\">\n            <span class=\"text-sm line-through\">1\u00a0897,99\u00a0$<\/span><br \/>\n            <span class=\"text-sm text-brand-green\">\u00c9conomisez 900,00\u00a0$<\/span>\n        <\/div>\n<\/p><\/div>\n<\/p><\/div>\n<\/p><\/div>\n<div class=\"w-44 self-end\">\n                            <button class=\"flex justify-center items-center w-full bg-brand-green text-white text-base font-sans font-medium rounded-md hover:bg-brand-green-700 hover:cursor-pointer md:text-sm h-11\"><\/p>\n<p>    Obtenez une offre<br \/>\n<\/button>\n                        <\/div>\n<\/p><\/div>\n<\/p><\/div>\n<div class=\"order-2 mt-5 h-auto w-full md:order-1 md:mt-0 md:hidden\">\n<div class=\"flex aspect-video items-center justify-center\">\n                                            <img decoding=\"async\" class=\"m-0 max-h-full max-w-full rounded-md\" src=\"https:\/\/vieassociative.be\/actualites\/wp-content\/uploads\/2025\/01\/Ce-televiseur-OLED-Samsung-S85D-est-actuellement-a-son-prix.jpg\" alt=\"Samsung - T\u00e9l\u00e9viseur intelligent Tizen OLED 4K s\u00e9rie S85D de 65 pouces (2024)\" width=\"auto\" height=\"auto\" loading=\"lazy\">\n                                    <\/div>\n<\/p><\/div>\n<div class=\"order-2 ml-2 hidden w-32 shrink-0 items-center md:order-1 md:ml-0 md:flex\">\n<div class=\"flex aspect-video items-center justify-center\">\n                                            <img decoding=\"async\" class=\"m-0 max-h-full max-w-full rounded-md\" src=\"https:\/\/vieassociative.be\/actualites\/wp-content\/uploads\/2025\/01\/Ce-televiseur-OLED-Samsung-S85D-est-actuellement-a-son-prix.jpg\" alt=\"Samsung - T\u00e9l\u00e9viseur intelligent Tizen OLED 4K s\u00e9rie S85D de 65 pouces (2024)\" width=\"auto\" height=\"auto\" loading=\"lazy\">\n                                    <\/div>\n<\/p><\/div>\n<div class=\"order-3 flex grow flex-wrap md:hidden md:grow-0\">\n<div class=\"mt-4 w-full\">\n                        <button class=\"flex justify-center items-center w-full bg-brand-green text-white text-base font-sans font-medium rounded-md hover:bg-brand-green-700 hover:cursor-pointer md:text-sm h-11\"><\/p>\n<p>    Obtenez une offre<br \/>\n<\/button>\n                    <\/div>\n<div class=\"mx-2 mt-4 w-full\">\n<div class=\" font-sans leading-4 text-black\">\n<div class=\"flex flex-wrap items-center justify-center gap-x-1 md:justify-start\">\n        <span class=\"font-bold\"><\/p>\n<p>            997,99\u00a0$<br \/>\n                            <span class=\"font-medium\">chez Amazon<\/span><br \/>\n                    <\/span><br \/>\n                    <img decoding=\"async\" class=\"mt-0 h-(15px)\" src=\"https:\/\/vieassociative.be\/actualites\/wp-content\/uploads\/2025\/01\/Ce-televiseur-OLED-Samsung-S85D-est-actuellement-a-son-prix.svg.svg+xml\" title=\"Amazon Premier\" alt=\"Amazon Premier\">\n            <\/div>\n<div class=\"flex items-center justify-center gap-x-1 font-bold md:justify-start\">\n            <span class=\"text-sm line-through\">1\u00a0897,99\u00a0$<\/span><br \/>\n            <span class=\"text-sm text-brand-green\">\u00c9conomisez 900,00\u00a0$<\/span>\n        <\/div>\n<\/p><\/div>\n<\/p><\/div>\n<\/p><\/div>\n<\/p><\/div>\n<\/div>\n<p>Le S85D utilise un panneau WOLED, offrant les avantages OLED caract\u00e9ristiques tels que des noirs parfaits, des couleurs vives et un contraste infini. C&rsquo;est un produit \u00e9tonnant dans les pi\u00e8ces sombres, et gr\u00e2ce \u00e0 une excellente gestion des r\u00e9flexions et \u00e0 une luminosit\u00e9 SDR d\u00e9cente, il fonctionne \u00e9galement \u00e9tonnamment bien dans les espaces bien \u00e9clair\u00e9s. Il excelle \u00e9galement dans la mise \u00e0 l&rsquo;\u00e9chelle du contenu basse r\u00e9solution pour am\u00e9liorer l&rsquo;apparence des versions plus anciennes. Associez-le \u00e0 ses temps de r\u00e9ponse rapides (qui garantissent un mouvement fluide) et \u00e0 ses angles de vision larges et vous obtenez un excellent t\u00e9l\u00e9viseur pour les soir\u00e9es cin\u00e9ma et les marathons de jeux. Cela dit, les performances HDR du S85D n&rsquo;ont pas autant d&rsquo;impact qu&rsquo;on pourrait l&rsquo;esp\u00e9rer, en particulier en mode Jeu o\u00f9 le limiteur automatique de luminosit\u00e9 (ABL) du t\u00e9l\u00e9viseur att\u00e9nue les grandes sc\u00e8nes lumineuses.<\/p>\n<p>Pour les joueurs, ce t\u00e9l\u00e9viseur est compatible PlayStation 5 et Xbox, prend en charge la 4K \u00e0 120 Hz et offre des fonctionnalit\u00e9s telles que le mode Auto Low Latency, FreeSync Premium Pro, HDMI 2.1 et le taux de rafra\u00eechissement variable (VRR) pour un jeu sans d\u00e9chirure et avec un faible d\u00e9calage. En revanche, il manque de Dolby Vision, ce qui limite le potentiel de jeu HDR. De plus, l&rsquo;interface du t\u00e9l\u00e9viseur inclut des publicit\u00e9s qui ne peuvent pas \u00eatre enti\u00e8rement d\u00e9sactiv\u00e9es. Si vous explorez des alternatives, le t\u00e9l\u00e9viseur LG OLED s\u00e9rie B4 vaut le d\u00e9tour, actuellement au prix de 996,99 $ (contre 1 099,99 $).<\/p>\n","protected":false},"excerpt":{"rendered":"<p>C&rsquo;est un magnifique \u00e9cran OLED de 65 pouces pour les soir\u00e9es cin\u00e9ma et les marathons de jeux. Le t\u00e9l\u00e9viseur OLED Samsung S85D de 65 pouces<\/p>\n","protected":false},"author":1,"featured_media":4544,"comment_status":"","ping_status":"","sticky":false,"template":"","format":"standard","meta":{"footnotes":""},"categories":[13],"tags":[19,700,76,2558,1399,4917,1878,800,1978],"class_list":["post-4543","post","type-post","status-publish","format-standard","has-post-thumbnail","hentry","category-technologie","tag-actuellement","tag-bas","tag-est","tag-oled","tag-prix","tag-s85d","tag-samsung","tag-son","tag-televiseur","generate-columns","tablet-grid-50","mobile-grid-100","grid-parent","grid-33"],"yoast_head":"<!-- This site is optimized with the Yoast SEO plugin v24.0 - https:\/\/yoast.com\/wordpress\/plugins\/seo\/ -->\n<title>Ce t\u00e9l\u00e9viseur OLED Samsung S85D est actuellement \u00e0 son prix le plus bas | Vie Associative<\/title>\n<meta name=\"robots\" content=\"index, follow, max-snippet:-1, max-image-preview:large, max-video-preview:-1\" \/>\n<link rel=\"canonical\" href=\"https:\/\/vieassociative.be\/actualites\/ce-televiseur-oled-samsung-s85d-est-actuellement-a-son-prix-le-plus-bas\/\" \/>\n<meta property=\"og:locale\" content=\"fr_FR\" \/>\n<meta property=\"og:type\" content=\"article\" \/>\n<meta property=\"og:title\" content=\"Ce t\u00e9l\u00e9viseur OLED Samsung S85D est actuellement \u00e0 son prix le plus bas | Vie Associative\" \/>\n<meta property=\"og:description\" content=\"C&rsquo;est un magnifique \u00e9cran OLED de 65 pouces pour les soir\u00e9es cin\u00e9ma et les marathons de jeux. Le t\u00e9l\u00e9viseur OLED Samsung S85D de 65 pouces\" \/>\n<meta property=\"og:url\" content=\"https:\/\/vieassociative.be\/actualites\/ce-televiseur-oled-samsung-s85d-est-actuellement-a-son-prix-le-plus-bas\/\" \/>\n<meta property=\"og:site_name\" content=\"Vie Associative\" \/>\n<meta property=\"article:published_time\" content=\"2025-01-23T19:17:30+00:00\" \/>\n<meta property=\"og:image\" content=\"https:\/\/vieassociative.be\/actualites\/wp-content\/uploads\/2025\/01\/Ce-televiseur-OLED-Samsung-S85D-est-actuellement-a-son-prix.svg.svg+xml\" \/>\n<meta name=\"author\" content=\"Julien\" \/>\n<meta name=\"twitter:card\" content=\"summary_large_image\" \/>\n<meta name=\"twitter:label1\" content=\"\u00c9crit par\" \/>\n\t<meta name=\"twitter:data1\" content=\"Julien\" \/>\n\t<meta name=\"twitter:label2\" content=\"Dur\u00e9e de lecture est.\" \/>\n\t<meta name=\"twitter:data2\" content=\"2 minutes\" \/>\n<script type=\"application\/ld+json\" class=\"yoast-schema-graph\">{\"@context\":\"https:\/\/schema.org\",\"@graph\":[{\"@type\":\"Article\",\"@id\":\"https:\/\/vieassociative.be\/actualites\/ce-televiseur-oled-samsung-s85d-est-actuellement-a-son-prix-le-plus-bas\/#article\",\"isPartOf\":{\"@id\":\"https:\/\/vieassociative.be\/actualites\/ce-televiseur-oled-samsung-s85d-est-actuellement-a-son-prix-le-plus-bas\/\"},\"author\":{\"name\":\"Julien\",\"@id\":\"https:\/\/vieassociative.be\/actualites\/#\/schema\/person\/b87ac4f82f9d4e7b7cec7395b679edc4\"},\"headline\":\"Ce t\u00e9l\u00e9viseur OLED Samsung S85D est actuellement \u00e0 son prix le plus bas\",\"datePublished\":\"2025-01-23T19:17:30+00:00\",\"dateModified\":\"2025-01-23T19:17:30+00:00\",\"mainEntityOfPage\":{\"@id\":\"https:\/\/vieassociative.be\/actualites\/ce-televiseur-oled-samsung-s85d-est-actuellement-a-son-prix-le-plus-bas\/\"},\"wordCount\":506,\"publisher\":{\"@id\":\"https:\/\/vieassociative.be\/actualites\/#organization\"},\"image\":{\"@id\":\"https:\/\/vieassociative.be\/actualites\/ce-televiseur-oled-samsung-s85d-est-actuellement-a-son-prix-le-plus-bas\/#primaryimage\"},\"thumbnailUrl\":\"https:\/\/vieassociative.be\/actualites\/wp-content\/uploads\/2025\/01\/Ce-televiseur-OLED-Samsung-S85D-est-actuellement-a-son-prix.png\",\"keywords\":[\"actuellement\",\"bas\",\"est\",\"OLED\",\"prix\",\"S85D\",\"Samsung\",\"son\",\"t\u00e9l\u00e9viseur\"],\"articleSection\":[\"Technologie\"],\"inLanguage\":\"fr-BE\"},{\"@type\":\"WebPage\",\"@id\":\"https:\/\/vieassociative.be\/actualites\/ce-televiseur-oled-samsung-s85d-est-actuellement-a-son-prix-le-plus-bas\/\",\"url\":\"https:\/\/vieassociative.be\/actualites\/ce-televiseur-oled-samsung-s85d-est-actuellement-a-son-prix-le-plus-bas\/\",\"name\":\"Ce t\u00e9l\u00e9viseur OLED Samsung S85D est actuellement \u00e0 son prix le plus bas | Vie Associative\",\"isPartOf\":{\"@id\":\"https:\/\/vieassociative.be\/actualites\/#website\"},\"primaryImageOfPage\":{\"@id\":\"https:\/\/vieassociative.be\/actualites\/ce-televiseur-oled-samsung-s85d-est-actuellement-a-son-prix-le-plus-bas\/#primaryimage\"},\"image\":{\"@id\":\"https:\/\/vieassociative.be\/actualites\/ce-televiseur-oled-samsung-s85d-est-actuellement-a-son-prix-le-plus-bas\/#primaryimage\"},\"thumbnailUrl\":\"https:\/\/vieassociative.be\/actualites\/wp-content\/uploads\/2025\/01\/Ce-televiseur-OLED-Samsung-S85D-est-actuellement-a-son-prix.png\",\"datePublished\":\"2025-01-23T19:17:30+00:00\",\"dateModified\":\"2025-01-23T19:17:30+00:00\",\"breadcrumb\":{\"@id\":\"https:\/\/vieassociative.be\/actualites\/ce-televiseur-oled-samsung-s85d-est-actuellement-a-son-prix-le-plus-bas\/#breadcrumb\"},\"inLanguage\":\"fr-BE\",\"potentialAction\":[{\"@type\":\"ReadAction\",\"target\":[\"https:\/\/vieassociative.be\/actualites\/ce-televiseur-oled-samsung-s85d-est-actuellement-a-son-prix-le-plus-bas\/\"]}]},{\"@type\":\"ImageObject\",\"inLanguage\":\"fr-BE\",\"@id\":\"https:\/\/vieassociative.be\/actualites\/ce-televiseur-oled-samsung-s85d-est-actuellement-a-son-prix-le-plus-bas\/#primaryimage\",\"url\":\"https:\/\/vieassociative.be\/actualites\/wp-content\/uploads\/2025\/01\/Ce-televiseur-OLED-Samsung-S85D-est-actuellement-a-son-prix.png\",\"contentUrl\":\"https:\/\/vieassociative.be\/actualites\/wp-content\/uploads\/2025\/01\/Ce-televiseur-OLED-Samsung-S85D-est-actuellement-a-son-prix.png\",\"width\":1200,\"height\":675,\"caption\":\"Ce t\u00e9l\u00e9viseur OLED Samsung S85D est actuellement \u00e0 son prix le plus bas\"},{\"@type\":\"BreadcrumbList\",\"@id\":\"https:\/\/vieassociative.be\/actualites\/ce-televiseur-oled-samsung-s85d-est-actuellement-a-son-prix-le-plus-bas\/#breadcrumb\",\"itemListElement\":[{\"@type\":\"ListItem\",\"position\":1,\"name\":\"Accueil\",\"item\":\"https:\/\/vieassociative.be\/actualites\/\"},{\"@type\":\"ListItem\",\"position\":2,\"name\":\"Ce t\u00e9l\u00e9viseur OLED Samsung S85D est actuellement \u00e0 son prix le plus bas\"}]},{\"@type\":\"WebSite\",\"@id\":\"https:\/\/vieassociative.be\/actualites\/#website\",\"url\":\"https:\/\/vieassociative.be\/actualites\/\",\"name\":\"Vie Associative\",\"description\":\"\",\"publisher\":{\"@id\":\"https:\/\/vieassociative.be\/actualites\/#organization\"},\"potentialAction\":[{\"@type\":\"SearchAction\",\"target\":{\"@type\":\"EntryPoint\",\"urlTemplate\":\"https:\/\/vieassociative.be\/actualites\/?s={search_term_string}\"},\"query-input\":{\"@type\":\"PropertyValueSpecification\",\"valueRequired\":true,\"valueName\":\"search_term_string\"}}],\"inLanguage\":\"fr-BE\"},{\"@type\":\"Organization\",\"@id\":\"https:\/\/vieassociative.be\/actualites\/#organization\",\"name\":\"Vie Associative\",\"url\":\"https:\/\/vieassociative.be\/actualites\/\",\"logo\":{\"@type\":\"ImageObject\",\"inLanguage\":\"fr-BE\",\"@id\":\"https:\/\/vieassociative.be\/actualites\/#\/schema\/logo\/image\/\",\"url\":\"https:\/\/vieassociative.be\/actualites\/wp-content\/uploads\/2024\/09\/cropped-vieassociative_favicon.ico.png\",\"contentUrl\":\"https:\/\/vieassociative.be\/actualites\/wp-content\/uploads\/2024\/09\/cropped-vieassociative_favicon.ico.png\",\"width\":512,\"height\":512,\"caption\":\"Vie Associative\"},\"image\":{\"@id\":\"https:\/\/vieassociative.be\/actualites\/#\/schema\/logo\/image\/\"}},{\"@type\":\"Person\",\"@id\":\"https:\/\/vieassociative.be\/actualites\/#\/schema\/person\/b87ac4f82f9d4e7b7cec7395b679edc4\",\"name\":\"Julien\",\"image\":{\"@type\":\"ImageObject\",\"inLanguage\":\"fr-BE\",\"@id\":\"https:\/\/vieassociative.be\/actualites\/#\/schema\/person\/image\/\",\"url\":\"https:\/\/vieassociative.be\/actualites\/wp-content\/uploads\/2024\/09\/vie-associative-1-150x150.jpg\",\"contentUrl\":\"https:\/\/vieassociative.be\/actualites\/wp-content\/uploads\/2024\/09\/vie-associative-1-150x150.jpg\",\"caption\":\"Julien\"},\"description\":\"Je suis Julien, r\u00e9dacteur pour Vie Associative. Passionn\u00e9 par le monde associatif depuis plus de 10 ans, j'ai \u00e0 c\u0153ur de partager des histoires inspirantes et de mettre en lumi\u00e8re les initiatives locales. Mon objectif est de sensibiliser et d'encourager l'engagement communautaire \u00e0 travers mes articles.\",\"sameAs\":[\"https:\/\/vieassociative.be\/\"]}]}<\/script>\n<!-- \/ Yoast SEO plugin. -->","yoast_head_json":{"title":"Ce t\u00e9l\u00e9viseur OLED Samsung S85D est actuellement \u00e0 son prix le plus bas | Vie Associative","robots":{"index":"index","follow":"follow","max-snippet":"max-snippet:-1","max-image-preview":"max-image-preview:large","max-video-preview":"max-video-preview:-1"},"canonical":"https:\/\/vieassociative.be\/actualites\/ce-televiseur-oled-samsung-s85d-est-actuellement-a-son-prix-le-plus-bas\/","og_locale":"fr_FR","og_type":"article","og_title":"Ce t\u00e9l\u00e9viseur OLED Samsung S85D est actuellement \u00e0 son prix le plus bas | Vie Associative","og_description":"C&rsquo;est un magnifique \u00e9cran OLED de 65 pouces pour les soir\u00e9es cin\u00e9ma et les marathons de jeux. Le t\u00e9l\u00e9viseur OLED Samsung S85D de 65 pouces","og_url":"https:\/\/vieassociative.be\/actualites\/ce-televiseur-oled-samsung-s85d-est-actuellement-a-son-prix-le-plus-bas\/","og_site_name":"Vie Associative","article_published_time":"2025-01-23T19:17:30+00:00","og_image":[{"url":"https:\/\/vieassociative.be\/actualites\/wp-content\/uploads\/2025\/01\/Ce-televiseur-OLED-Samsung-S85D-est-actuellement-a-son-prix.svg.svg+xml","type":"","width":"","height":""}],"author":"Julien","twitter_card":"summary_large_image","twitter_misc":{"\u00c9crit par":"Julien","Dur\u00e9e de lecture est.":"2 minutes"},"schema":{"@context":"https:\/\/schema.org","@graph":[{"@type":"Article","@id":"https:\/\/vieassociative.be\/actualites\/ce-televiseur-oled-samsung-s85d-est-actuellement-a-son-prix-le-plus-bas\/#article","isPartOf":{"@id":"https:\/\/vieassociative.be\/actualites\/ce-televiseur-oled-samsung-s85d-est-actuellement-a-son-prix-le-plus-bas\/"},"author":{"name":"Julien","@id":"https:\/\/vieassociative.be\/actualites\/#\/schema\/person\/b87ac4f82f9d4e7b7cec7395b679edc4"},"headline":"Ce t\u00e9l\u00e9viseur OLED Samsung S85D est actuellement \u00e0 son prix le plus bas","datePublished":"2025-01-23T19:17:30+00:00","dateModified":"2025-01-23T19:17:30+00:00","mainEntityOfPage":{"@id":"https:\/\/vieassociative.be\/actualites\/ce-televiseur-oled-samsung-s85d-est-actuellement-a-son-prix-le-plus-bas\/"},"wordCount":506,"publisher":{"@id":"https:\/\/vieassociative.be\/actualites\/#organization"},"image":{"@id":"https:\/\/vieassociative.be\/actualites\/ce-televiseur-oled-samsung-s85d-est-actuellement-a-son-prix-le-plus-bas\/#primaryimage"},"thumbnailUrl":"https:\/\/vieassociative.be\/actualites\/wp-content\/uploads\/2025\/01\/Ce-televiseur-OLED-Samsung-S85D-est-actuellement-a-son-prix.png","keywords":["actuellement","bas","est","OLED","prix","S85D","Samsung","son","t\u00e9l\u00e9viseur"],"articleSection":["Technologie"],"inLanguage":"fr-BE"},{"@type":"WebPage","@id":"https:\/\/vieassociative.be\/actualites\/ce-televiseur-oled-samsung-s85d-est-actuellement-a-son-prix-le-plus-bas\/","url":"https:\/\/vieassociative.be\/actualites\/ce-televiseur-oled-samsung-s85d-est-actuellement-a-son-prix-le-plus-bas\/","name":"Ce t\u00e9l\u00e9viseur OLED Samsung S85D est actuellement \u00e0 son prix le plus bas | Vie Associative","isPartOf":{"@id":"https:\/\/vieassociative.be\/actualites\/#website"},"primaryImageOfPage":{"@id":"https:\/\/vieassociative.be\/actualites\/ce-televiseur-oled-samsung-s85d-est-actuellement-a-son-prix-le-plus-bas\/#primaryimage"},"image":{"@id":"https:\/\/vieassociative.be\/actualites\/ce-televiseur-oled-samsung-s85d-est-actuellement-a-son-prix-le-plus-bas\/#primaryimage"},"thumbnailUrl":"https:\/\/vieassociative.be\/actualites\/wp-content\/uploads\/2025\/01\/Ce-televiseur-OLED-Samsung-S85D-est-actuellement-a-son-prix.png","datePublished":"2025-01-23T19:17:30+00:00","dateModified":"2025-01-23T19:17:30+00:00","breadcrumb":{"@id":"https:\/\/vieassociative.be\/actualites\/ce-televiseur-oled-samsung-s85d-est-actuellement-a-son-prix-le-plus-bas\/#breadcrumb"},"inLanguage":"fr-BE","potentialAction":[{"@type":"ReadAction","target":["https:\/\/vieassociative.be\/actualites\/ce-televiseur-oled-samsung-s85d-est-actuellement-a-son-prix-le-plus-bas\/"]}]},{"@type":"ImageObject","inLanguage":"fr-BE","@id":"https:\/\/vieassociative.be\/actualites\/ce-televiseur-oled-samsung-s85d-est-actuellement-a-son-prix-le-plus-bas\/#primaryimage","url":"https:\/\/vieassociative.be\/actualites\/wp-content\/uploads\/2025\/01\/Ce-televiseur-OLED-Samsung-S85D-est-actuellement-a-son-prix.png","contentUrl":"https:\/\/vieassociative.be\/actualites\/wp-content\/uploads\/2025\/01\/Ce-televiseur-OLED-Samsung-S85D-est-actuellement-a-son-prix.png","width":1200,"height":675,"caption":"Ce t\u00e9l\u00e9viseur OLED Samsung S85D est actuellement \u00e0 son prix le plus bas"},{"@type":"BreadcrumbList","@id":"https:\/\/vieassociative.be\/actualites\/ce-televiseur-oled-samsung-s85d-est-actuellement-a-son-prix-le-plus-bas\/#breadcrumb","itemListElement":[{"@type":"ListItem","position":1,"name":"Accueil","item":"https:\/\/vieassociative.be\/actualites\/"},{"@type":"ListItem","position":2,"name":"Ce t\u00e9l\u00e9viseur OLED Samsung S85D est actuellement \u00e0 son prix le plus bas"}]},{"@type":"WebSite","@id":"https:\/\/vieassociative.be\/actualites\/#website","url":"https:\/\/vieassociative.be\/actualites\/","name":"Vie Associative","description":"","publisher":{"@id":"https:\/\/vieassociative.be\/actualites\/#organization"},"potentialAction":[{"@type":"SearchAction","target":{"@type":"EntryPoint","urlTemplate":"https:\/\/vieassociative.be\/actualites\/?s={search_term_string}"},"query-input":{"@type":"PropertyValueSpecification","valueRequired":true,"valueName":"search_term_string"}}],"inLanguage":"fr-BE"},{"@type":"Organization","@id":"https:\/\/vieassociative.be\/actualites\/#organization","name":"Vie Associative","url":"https:\/\/vieassociative.be\/actualites\/","logo":{"@type":"ImageObject","inLanguage":"fr-BE","@id":"https:\/\/vieassociative.be\/actualites\/#\/schema\/logo\/image\/","url":"https:\/\/vieassociative.be\/actualites\/wp-content\/uploads\/2024\/09\/cropped-vieassociative_favicon.ico.png","contentUrl":"https:\/\/vieassociative.be\/actualites\/wp-content\/uploads\/2024\/09\/cropped-vieassociative_favicon.ico.png","width":512,"height":512,"caption":"Vie Associative"},"image":{"@id":"https:\/\/vieassociative.be\/actualites\/#\/schema\/logo\/image\/"}},{"@type":"Person","@id":"https:\/\/vieassociative.be\/actualites\/#\/schema\/person\/b87ac4f82f9d4e7b7cec7395b679edc4","name":"Julien","image":{"@type":"ImageObject","inLanguage":"fr-BE","@id":"https:\/\/vieassociative.be\/actualites\/#\/schema\/person\/image\/","url":"https:\/\/vieassociative.be\/actualites\/wp-content\/uploads\/2024\/09\/vie-associative-1-150x150.jpg","contentUrl":"https:\/\/vieassociative.be\/actualites\/wp-content\/uploads\/2024\/09\/vie-associative-1-150x150.jpg","caption":"Julien"},"description":"Je suis Julien, r\u00e9dacteur pour Vie Associative. Passionn\u00e9 par le monde associatif depuis plus de 10 ans, j'ai \u00e0 c\u0153ur de partager des histoires inspirantes et de mettre en lumi\u00e8re les initiatives locales. Mon objectif est de sensibiliser et d'encourager l'engagement communautaire \u00e0 travers mes articles.","sameAs":["https:\/\/vieassociative.be\/"]}]}},"_links":{"self":[{"href":"https:\/\/vieassociative.be\/actualites\/wp-json\/wp\/v2\/posts\/4543"}],"collection":[{"href":"https:\/\/vieassociative.be\/actualites\/wp-json\/wp\/v2\/posts"}],"about":[{"href":"https:\/\/vieassociative.be\/actualites\/wp-json\/wp\/v2\/types\/post"}],"author":[{"embeddable":true,"href":"https:\/\/vieassociative.be\/actualites\/wp-json\/wp\/v2\/users\/1"}],"replies":[{"embeddable":true,"href":"https:\/\/vieassociative.be\/actualites\/wp-json\/wp\/v2\/comments?post=4543"}],"version-history":[{"count":0,"href":"https:\/\/vieassociative.be\/actualites\/wp-json\/wp\/v2\/posts\/4543\/revisions"}],"wp:featuredmedia":[{"embeddable":true,"href":"https:\/\/vieassociative.be\/actualites\/wp-json\/wp\/v2\/media\/4544"}],"wp:attachment":[{"href":"https:\/\/vieassociative.be\/actualites\/wp-json\/wp\/v2\/media?parent=4543"}],"wp:term":[{"taxonomy":"category","embeddable":true,"href":"https:\/\/vieassociative.be\/actualites\/wp-json\/wp\/v2\/categories?post=4543"},{"taxonomy":"post_tag","embeddable":true,"href":"https:\/\/vieassociative.be\/actualites\/wp-json\/wp\/v2\/tags?post=4543"}],"curies":[{"name":"wp","href":"https:\/\/api.w.org\/{rel}","templated":true}]}}