{"id":4526,"date":"2025-01-23T09:17:43","date_gmt":"2025-01-23T08:17:43","guid":{"rendered":"https:\/\/vieassociative.be\/actualites\/trump-le-nouveau-sherif-apres-les-graces-massives-les-doutes-sur-la-justice-americaine-augmentent\/"},"modified":"2025-01-23T09:17:43","modified_gmt":"2025-01-23T08:17:43","slug":"trump-le-nouveau-sherif-apres-les-graces-massives-les-doutes-sur-la-justice-americaine-augmentent","status":"publish","type":"post","link":"https:\/\/vieassociative.be\/actualites\/trump-le-nouveau-sherif-apres-les-graces-massives-les-doutes-sur-la-justice-americaine-augmentent\/","title":{"rendered":"Trump, le nouveau sh\u00e9rif : apr\u00e8s les gr\u00e2ces massives, les doutes sur la justice am\u00e9ricaine augmentent"},"content":{"rendered":"<p><strong>Peu de temps apr\u00e8s son entr\u00e9e en fonction, le nouveau pr\u00e9sident am\u00e9ricain Donald Trump a graci\u00e9 les pr\u00e8s de 1 600 partisans reconnus coupables ou accus\u00e9s de l&rsquo;attaque du Capitole le 6 janvier 2021. Les d\u00e9mocrates de haut rang et les anciens policiers sont indign\u00e9s. Trump s\u00e8me le doute sur le syst\u00e8me judiciaire am\u00e9ricain. <\/strong><\/p>\n<p><span id=\"more-406575\"><\/span>Peu de temps apr\u00e8s que le nouveau pr\u00e9sident am\u00e9ricain Donald Trump ait graci\u00e9 tous les auteurs de l&rsquo;attaque du Capitole, de nombreux condamn\u00e9s ont \u00e9t\u00e9 lib\u00e9r\u00e9s &#8211; et triomphants. <\/p>\n<p>Dans diverses r\u00e9gions du pays, dans les premi\u00e8res heures qui ont suivi l&rsquo;investiture de Trump, des prisonniers reconnus coupables de leur r\u00f4le dans la violente prise d&rsquo;assaut de la Chambre des repr\u00e9sentants il y a quatre ans ont \u00e9t\u00e9 lib\u00e9r\u00e9s. Il s\u2019agit notamment de personnes qui ont brutalement battu des policiers et d\u2019autres forces de s\u00e9curit\u00e9 \u00e0 l\u2019\u00e9poque.<\/p>\n<p>Les accus\u00e9s les plus connus condamn\u00e9s aux peines de prison les plus lourdes &#8211; les anciens leaders des deux groupes radicaux de droite \u00ab\u00a0Oath Keepers\u00a0\u00bb et \u00ab\u00a0Proud Boys\u00a0\u00bb, Stewart Rhodes et Henry \u00ab\u00a0Enrique\u00a0\u00bb Tarrio &#8211; ont \u00e9galement \u00e9t\u00e9 lib\u00e9r\u00e9s quelques heures seulement apr\u00e8s l&rsquo;arriv\u00e9e de Trump. bureau. Ils ont exprim\u00e9 leur satisfaction.<\/p>\n<div id=\"attachment_406581\" class=\"wp-caption alignleft\" style=\"max-width: 300px\"><img fetchpriority=\"high\" decoding=\"async\" class=\"wp-image-406581 size-medium\" src=\"https:\/\/vieassociative.be\/actualites\/wp-content\/uploads\/2025\/01\/Trump-le-nouveau-sherif-apres-les-graces-massives-les.jpg\" alt=\"\" width=\"300\" height=\"200\"><\/p>\n<p class=\"wp-caption-text\">21 janvier 2025, \u00c9tats-Unis, Washington : les partisans du pr\u00e9sident am\u00e9ricain Trump se tiennent au centre de d\u00e9tention central de Washington avec leurs drapeaux pour soutenir les personnes reconnues coupables de leur implication dans les \u00e9meutes du 6 janvier devant le Capitole des \u00c9tats-Unis. Photo : Jos\u00e9 Luis Magana\/FR159526 AP\/AP\/dpa<\/p>\n<\/div>\n<p>La gr\u00e2ce rigoureuse et totale accord\u00e9e par Trump \u00e0 des centaines de criminels le 6 janvier 2021 a surpris m\u00eame ses proches. Des d\u00e9mocrates de haut rang et d\u2019anciens policiers ont r\u00e9agi avec indignation et une extr\u00eame inqui\u00e9tude.<\/p>\n<p>Trump a justifi\u00e9 sa d\u00e9cision en affirmant que bon nombre des sanctions \u00e9taient \u00ab ridicules \u00bb et \u00ab excessives \u00bb. Son geste prouve une fois de plus que le R\u00e9publicain n\u2019a pas peur de briser les tabous. Mais cela montre aussi \u00e0 quel point le syst\u00e8me judiciaire am\u00e9ricain est endommag\u00e9 \u2013 et \u00e0 quel point la d\u00e9mocratie am\u00e9ricaine est en danger.<\/p>\n<p><strong>\u2013 Pardon pour tous \u2013 qu\u2019ils soient des criminels violents ou non :<\/strong> Le 6 janvier 2021, des partisans du pr\u00e9sident Trump de l\u2019\u00e9poque ont violemment pris d\u2019assaut le b\u00e2timent du Parlement \u00e0 Washington. Le Congr\u00e8s s&rsquo;y est r\u00e9uni ce jour-l\u00e0 pour confirmer formellement la victoire du d\u00e9mocrate Joe Biden contre Trump \u00e0 l&rsquo;\u00e9lection pr\u00e9sidentielle de 2020. Trump avait d\u00e9j\u00e0 encourag\u00e9 ses partisans dans un discours et pendant des semaines auparavant en affirmant sans fondement que la victoire \u00e9lectorale lui avait \u00e9t\u00e9 vol\u00e9e par fraude. \u00c0 la suite des \u00e9meutes, cinq personnes sont mortes.<\/p>\n<p>Certains \u00e9meutiers ont \u00e9t\u00e9 accus\u00e9s de d\u00e9lits mineurs tels que p\u00e9n\u00e9trer ill\u00e9galement dans le Capitole, r\u00e9sister aux policiers, briser des vitres, d\u00e9truire des objets dans le b\u00e2timent ou voler. D&rsquo;autres ont \u00e9t\u00e9 reconnus coupables de crimes graves, par exemple parce qu&rsquo;ils avaient frapp\u00e9 des policiers avec des b\u00e2tons, des barres m\u00e9talliques ou des poings ou parce qu&rsquo;ils avaient soigneusement planifi\u00e9 l&rsquo;attaque pour saboter la passation du pouvoir.<\/p>\n<p>Trump avait promis d\u00e8s le d\u00e9but de gracier les partisans condamn\u00e9s de l\u2019\u00e9poque. Il a toutefois soulign\u00e9 \u00e0 plusieurs reprises qu&rsquo;il souhaitait examiner chaque cas individuellement. Son vice-pr\u00e9sident, JD Vance, a d\u00e9clar\u00e9 dans une interview t\u00e9l\u00e9vis\u00e9e quelques jours seulement avant l&rsquo;investiture : \u00ab Quiconque a commis des violences ce jour-l\u00e0 ne devrait bien s\u00fbr pas \u00eatre graci\u00e9. Son patron a \u00e9videmment vu les choses diff\u00e9remment et a ordonn\u00e9 que tout le monde soit lib\u00e9r\u00e9 \u2013 qu&rsquo;ils soient ou non. \u00bb \u00e9taient violents ou non.<\/p>\n<div id=\"attachment_406580\" class=\"wp-caption alignleft\" style=\"max-width: 300px\"><img decoding=\"async\" class=\"wp-image-406580 size-medium\" src=\"https:\/\/vieassociative.be\/actualites\/wp-content\/uploads\/2025\/01\/1737620263_639_Trump-le-nouveau-sherif-apres-les-graces-massives-les.jpg\" alt=\"\" width=\"300\" height=\"200\"><\/p>\n<p class=\"wp-caption-text\">01\/21\/2025, \u00c9tats-Unis, Washington : Stewart Rhodes, partisan du pr\u00e9sident am\u00e9ricain Trump et fondateur des \u00ab Oath Keepers \u00bb, qui a \u00e9t\u00e9 condamn\u00e9 pour l&rsquo;attaque du Capitole am\u00e9ricain le 6 janvier 2021, s&rsquo;adresse aux journalistes \u00e0 devant le centre de d\u00e9tention central de DC apr\u00e8s avoir \u00e9t\u00e9 lib\u00e9r\u00e9 de prison. Photo : Jos\u00e9 Luis Magana\/AP\/dpa<\/p>\n<\/div>\n<p><strong>\u2013 Les extr\u00e9mistes de droite c\u00e9l\u00e8brent :<\/strong> Rhodes et Tarrio n&rsquo;\u00e9taient pas eux-m\u00eames pr\u00e9sents \u00e0 l&rsquo;\u00e9meute. Mais ils ont orchestr\u00e9 leurs hommes en arri\u00e8re-plan, dont certains sont apparus au Capitole en tenue anti-\u00e9meute compl\u00e8te et pr\u00e9paraient l&rsquo;attaque depuis longtemps.<\/p>\n<p>Rhodes et Tarrio ont \u00e9t\u00e9 reconnus coupables, entre autres, de \u00ab complot s\u00e9ditieux \u00bb \u2013 un crime rarement utilis\u00e9 dans l&rsquo;histoire judiciaire des \u00c9tats-Unis. Rhodes a \u00e9t\u00e9 condamn\u00e9 \u00e0 18 ans de prison, Tarrio m\u00eame \u00e0 22 ans. Ils \u00e9taient accus\u00e9s d\u2019avoir mont\u00e9 un complot visant \u00e0 emp\u00eacher, par la violence, la passation du pouvoir apr\u00e8s l\u2019\u00e9lection pr\u00e9sidentielle de 2020. Ce sont d\u00e9sormais des hommes libres.<\/p>\n<p>Tarrio a fait ces commentaires dans une interview avec le th\u00e9oricien du complot de droite Alex Jones peu apr\u00e8s sa lib\u00e9ration. L\u2019extr\u00e9miste de droite s\u2019est dit bouche b\u00e9e de joie. \u00ab 22 ans, ce n\u2019est pas une courte peine. (\u2026) Trump m\u2019a litt\u00e9ralement redonn\u00e9 la vie. \u00bb Faisant r\u00e9f\u00e9rence \u00e0 l\u2019emprisonnement pour lui et d\u2019autres \u00ab Proud Boys \u00bb, il a d\u00e9clar\u00e9 : \u00ab Nous avons v\u00e9cu l\u2019enfer. Et laissez-moi vous dire que \u00e7a valait le coup.<\/p>\n<p>Peu de temps apr\u00e8s sa sortie d&rsquo;une prison de l&rsquo;\u00c9tat du Maryland, Rhodes s&rsquo;est \u00e9galement pr\u00e9sent\u00e9 devant un centre de d\u00e9tention de la capitale Washington pour exprimer sa solidarit\u00e9 avec les autres prisonniers. \u00ab\u00a0Le pr\u00e9sident Trump a fait ce qu&rsquo;il fallait\u00a0\u00bb, a d\u00e9clar\u00e9 l&rsquo;homme au cache-\u0153il distinctif, se plaignant que lui et les autres n&rsquo;avaient pas b\u00e9n\u00e9fici\u00e9 d&rsquo;un proc\u00e8s \u00e9quitable.<\/p>\n<p>\u2013 \u00ab Un nouveau sh\u00e9rif est en ville \u00bb : Dans les prisons de diverses villes des \u00c9tats-Unis, les prisonniers du 6 janvier ont \u00e9t\u00e9 accueillis et c\u00e9l\u00e9br\u00e9s par leur famille, leurs amis et leurs sympathisants. Dans un centre de d\u00e9tention de la capitale Washington, un homme \u00e2g\u00e9 portant un chapeau en laine Trump et un drapeau Trump sur l&rsquo;\u00e9paule attendait la lib\u00e9ration de ses deux enfants adultes. Ils ont \u00e9t\u00e9 emprisonn\u00e9s parce que, entre autres, ils avaient brutalement frapp\u00e9 des policiers le 6 janvier 2021. En attendant, le p\u00e8re a d\u00e9clar\u00e9 aux journalistes combien il \u00e9tait fier de ses enfants et que c&rsquo;\u00e9tait un jour de victoire. Faisant r\u00e9f\u00e9rence \u00e0 Trump, il a d\u00e9clar\u00e9 : \u00ab Il y a un nouveau sh\u00e9rif en ville. \u00bb<\/p>\n<p>En fait, avec Trump au pouvoir aux \u00c9tats-Unis, certaines personnes ont le sentiment d\u2019avoir \u00e9t\u00e9 transport\u00e9es au \u00ab Far West \u00bb. Le policier Michael Fanone, qui \u00e9tait en service au Capitole le 6 janvier 2021, a \u00e9t\u00e9 matraqu\u00e9 et maltrait\u00e9 avec un pistolet paralysant, a d\u00e9clar\u00e9 \u00e0 CNN qu&rsquo;apr\u00e8s que ses bourreaux ont \u00e9t\u00e9 graci\u00e9s, il craint d\u00e9sormais pour sa s\u00e9curit\u00e9 et celle de ses enfants.<\/p>\n<div id=\"attachment_406582\" class=\"wp-caption alignleft\" style=\"max-width: 300px\"><img decoding=\"async\" class=\"wp-image-406582 size-medium\" src=\"https:\/\/vieassociative.be\/actualites\/wp-content\/uploads\/2025\/01\/1737620263_722_Trump-le-nouveau-sherif-apres-les-graces-massives-les.jpg\" alt=\"\" width=\"300\" height=\"200\"><\/p>\n<p class=\"wp-caption-text\">01\/21\/2025, \u00c9tats-Unis, Washington : Rachel Powell (r), partisane du pr\u00e9sident am\u00e9ricain Trump, qui a \u00e9t\u00e9 reconnue coupable pour sa participation aux \u00e9meutes du 6 janvier devant le Capitole des \u00c9tats-Unis, embrasse son amie Cynthia Hughes apr\u00e8s son d\u00e9part lib\u00e9r\u00e9 du centre de d\u00e9tention central de DC \u00e0 Washington. Photo : Jos\u00e9 Luis Magana\/FR159526 AP\/AP\/dpa<\/p>\n<\/div>\n<p><strong>\u2013 Des doutes sur le syst\u00e8me :<\/strong> Mais la d\u00e9cision de Trump soul\u00e8ve \u00e9galement la question de l\u2019\u00e9tat du syst\u00e8me judiciaire am\u00e9ricain. Un pr\u00e9sident am\u00e9ricain a le pouvoir constitutionnel de r\u00e9duire les peines des auteurs reconnus coupables en vertu de la loi f\u00e9d\u00e9rale ou de gracier enti\u00e8rement ceux qui ont \u00e9t\u00e9 reconnus coupables, m\u00eame r\u00e9trospectivement, c&rsquo;est-\u00e0-dire apr\u00e8s qu&rsquo;une peine a \u00e9t\u00e9 purg\u00e9e. Mais le fait que Trump utilise cette autorit\u00e9 pour lib\u00e9rer des criminels violents qui ont bless\u00e9 des policiers am\u00e9ricains et qui, aliment\u00e9s par lui-m\u00eame, ont tent\u00e9 d&#8217;emp\u00eacher le transfert pacifique et d\u00e9mocratique du pouvoir aux \u00c9tats-Unis est sans pr\u00e9c\u00e9dent. Trump \u00e9lude les questions \u00e0 ce sujet et pr\u00e9tend ne pas savoir exactement qui a \u00e9t\u00e9 graci\u00e9. Et : Il pointe du doigt son pr\u00e9d\u00e9cesseur Biden.<\/p>\n<p>Peu avant la fin de son mandat, il a graci\u00e9 de mani\u00e8re pr\u00e9ventive son fils, ses fr\u00e8res et s\u0153urs et leurs \u00e9pouses, ainsi que des repr\u00e9sentants d\u00e9mocrates et d&rsquo;anciens responsables du gouvernement, afin de prot\u00e9ger son fils de la prison et tous les autres d&rsquo;\u00e9ventuelles poursuites judiciaires de la part du gouvernement de Trump. Le d\u00e9mocrate avait auparavant cat\u00e9goriquement exclu cette possibilit\u00e9 et avait critiqu\u00e9 il y a des ann\u00e9es les gr\u00e2ces pr\u00e9ventives comme \u00e9tant une erreur. Sa volte-face n\u2019a pas vraiment contribu\u00e9 \u00e0 renforcer la confiance dans la justice du syst\u00e8me judiciaire am\u00e9ricain.<\/p>\n<p>Le syst\u00e8me est intrins\u00e8quement tr\u00e8s politis\u00e9. Les pr\u00e9sidents s\u00e9lectionnent les juges des tribunaux f\u00e9d\u00e9raux et de la Cour supr\u00eame et rivalisent pour voir qui peut obtenir le plus de nominations au cours d&rsquo;un mandat, car il est tr\u00e8s utile pour faire respecter leurs politiques d&rsquo;avoir des juges sympathiques lorsque leurs d\u00e9cisions sont contest\u00e9es l\u00e9galement. Aujourd\u2019hui plus que jamais, les \u00c9tats-Unis ont besoin d\u2019un syst\u00e8me judiciaire irr\u00e9prochable. (dpa\/cr\u00e9)<\/p>\n","protected":false},"excerpt":{"rendered":"<p>Peu de temps apr\u00e8s son entr\u00e9e en fonction, le nouveau pr\u00e9sident am\u00e9ricain Donald Trump a graci\u00e9 les pr\u00e8s de 1 600 partisans reconnus coupables ou<\/p>\n","protected":false},"author":1,"featured_media":4527,"comment_status":"","ping_status":"","sticky":false,"template":"","format":"standard","meta":{"footnotes":""},"categories":[298],"tags":[2102,472,4315,4907,4905,3710,14,4906,553,4904,33,2425],"class_list":["post-4526","post","type-post","status-publish","format-standard","has-post-thumbnail","hentry","category-belgique","tag-americaine","tag-apres","tag-augmentent","tag-doutes","tag-graces","tag-justice","tag-les","tag-massives","tag-nouveau","tag-sherif","tag-sur","tag-trump","generate-columns","tablet-grid-50","mobile-grid-100","grid-parent","grid-33"],"yoast_head":"<!-- This site is optimized with the Yoast SEO plugin v24.0 - https:\/\/yoast.com\/wordpress\/plugins\/seo\/ -->\n<title>Trump, le nouveau sh\u00e9rif : apr\u00e8s les gr\u00e2ces massives, les doutes sur la justice am\u00e9ricaine augmentent | Vie Associative<\/title>\n<meta name=\"robots\" content=\"index, follow, max-snippet:-1, max-image-preview:large, max-video-preview:-1\" \/>\n<link rel=\"canonical\" href=\"https:\/\/vieassociative.be\/actualites\/trump-le-nouveau-sherif-apres-les-graces-massives-les-doutes-sur-la-justice-americaine-augmentent\/\" \/>\n<meta property=\"og:locale\" content=\"fr_FR\" \/>\n<meta property=\"og:type\" content=\"article\" \/>\n<meta property=\"og:title\" content=\"Trump, le nouveau sh\u00e9rif : apr\u00e8s les gr\u00e2ces massives, les doutes sur la justice am\u00e9ricaine augmentent | Vie Associative\" \/>\n<meta property=\"og:description\" content=\"Peu de temps apr\u00e8s son entr\u00e9e en fonction, le nouveau pr\u00e9sident am\u00e9ricain Donald Trump a graci\u00e9 les pr\u00e8s de 1 600 partisans reconnus coupables ou\" \/>\n<meta property=\"og:url\" content=\"https:\/\/vieassociative.be\/actualites\/trump-le-nouveau-sherif-apres-les-graces-massives-les-doutes-sur-la-justice-americaine-augmentent\/\" \/>\n<meta property=\"og:site_name\" content=\"Vie Associative\" \/>\n<meta property=\"article:published_time\" content=\"2025-01-23T08:17:43+00:00\" \/>\n<meta property=\"og:image\" content=\"https:\/\/vieassociative.be\/actualites\/wp-content\/uploads\/2024\/09\/header_backgroundk-01-e1726694325946.png\" \/>\n\t<meta property=\"og:image:width\" content=\"279\" \/>\n\t<meta property=\"og:image:height\" content=\"92\" \/>\n\t<meta property=\"og:image:type\" content=\"image\/png\" \/>\n<meta name=\"author\" content=\"Julien\" \/>\n<meta name=\"twitter:card\" content=\"summary_large_image\" \/>\n<meta name=\"twitter:label1\" content=\"\u00c9crit par\" \/>\n\t<meta name=\"twitter:data1\" content=\"Julien\" \/>\n\t<meta name=\"twitter:label2\" content=\"Dur\u00e9e de lecture est.\" \/>\n\t<meta name=\"twitter:data2\" content=\"8 minutes\" \/>\n<script type=\"application\/ld+json\" class=\"yoast-schema-graph\">{\"@context\":\"https:\/\/schema.org\",\"@graph\":[{\"@type\":\"Article\",\"@id\":\"https:\/\/vieassociative.be\/actualites\/trump-le-nouveau-sherif-apres-les-graces-massives-les-doutes-sur-la-justice-americaine-augmentent\/#article\",\"isPartOf\":{\"@id\":\"https:\/\/vieassociative.be\/actualites\/trump-le-nouveau-sherif-apres-les-graces-massives-les-doutes-sur-la-justice-americaine-augmentent\/\"},\"author\":{\"name\":\"Julien\",\"@id\":\"https:\/\/vieassociative.be\/actualites\/#\/schema\/person\/b87ac4f82f9d4e7b7cec7395b679edc4\"},\"headline\":\"Trump, le nouveau sh\u00e9rif : apr\u00e8s les gr\u00e2ces massives, les doutes sur la justice am\u00e9ricaine augmentent\",\"datePublished\":\"2025-01-23T08:17:43+00:00\",\"dateModified\":\"2025-01-23T08:17:43+00:00\",\"mainEntityOfPage\":{\"@id\":\"https:\/\/vieassociative.be\/actualites\/trump-le-nouveau-sherif-apres-les-graces-massives-les-doutes-sur-la-justice-americaine-augmentent\/\"},\"wordCount\":1612,\"publisher\":{\"@id\":\"https:\/\/vieassociative.be\/actualites\/#organization\"},\"image\":{\"@id\":\"https:\/\/vieassociative.be\/actualites\/trump-le-nouveau-sherif-apres-les-graces-massives-les-doutes-sur-la-justice-americaine-augmentent\/#primaryimage\"},\"thumbnailUrl\":\"https:\/\/vieassociative.be\/actualites\/wp-content\/uploads\/2025\/01\/1737620263_Trump-le-nouveau-sherif-apres-les-graces-massives-les.jpg\",\"keywords\":[\"am\u00e9ricaine\",\"Apr\u00e8s\",\"augmentent\",\"doutes\",\"gr\u00e2ces\",\"justice\",\"Les\",\"massives\",\"nouveau\",\"sh\u00e9rif\",\"sur\",\"Trump\"],\"articleSection\":[\"Belgique\"],\"inLanguage\":\"fr-BE\"},{\"@type\":\"WebPage\",\"@id\":\"https:\/\/vieassociative.be\/actualites\/trump-le-nouveau-sherif-apres-les-graces-massives-les-doutes-sur-la-justice-americaine-augmentent\/\",\"url\":\"https:\/\/vieassociative.be\/actualites\/trump-le-nouveau-sherif-apres-les-graces-massives-les-doutes-sur-la-justice-americaine-augmentent\/\",\"name\":\"Trump, le nouveau sh\u00e9rif : apr\u00e8s les gr\u00e2ces massives, les doutes sur la justice am\u00e9ricaine augmentent | Vie Associative\",\"isPartOf\":{\"@id\":\"https:\/\/vieassociative.be\/actualites\/#website\"},\"primaryImageOfPage\":{\"@id\":\"https:\/\/vieassociative.be\/actualites\/trump-le-nouveau-sherif-apres-les-graces-massives-les-doutes-sur-la-justice-americaine-augmentent\/#primaryimage\"},\"image\":{\"@id\":\"https:\/\/vieassociative.be\/actualites\/trump-le-nouveau-sherif-apres-les-graces-massives-les-doutes-sur-la-justice-americaine-augmentent\/#primaryimage\"},\"thumbnailUrl\":\"https:\/\/vieassociative.be\/actualites\/wp-content\/uploads\/2025\/01\/1737620263_Trump-le-nouveau-sherif-apres-les-graces-massives-les.jpg\",\"datePublished\":\"2025-01-23T08:17:43+00:00\",\"dateModified\":\"2025-01-23T08:17:43+00:00\",\"breadcrumb\":{\"@id\":\"https:\/\/vieassociative.be\/actualites\/trump-le-nouveau-sherif-apres-les-graces-massives-les-doutes-sur-la-justice-americaine-augmentent\/#breadcrumb\"},\"inLanguage\":\"fr-BE\",\"potentialAction\":[{\"@type\":\"ReadAction\",\"target\":[\"https:\/\/vieassociative.be\/actualites\/trump-le-nouveau-sherif-apres-les-graces-massives-les-doutes-sur-la-justice-americaine-augmentent\/\"]}]},{\"@type\":\"ImageObject\",\"inLanguage\":\"fr-BE\",\"@id\":\"https:\/\/vieassociative.be\/actualites\/trump-le-nouveau-sherif-apres-les-graces-massives-les-doutes-sur-la-justice-americaine-augmentent\/#primaryimage\",\"url\":\"https:\/\/vieassociative.be\/actualites\/wp-content\/uploads\/2025\/01\/1737620263_Trump-le-nouveau-sherif-apres-les-graces-massives-les.jpg\",\"contentUrl\":\"https:\/\/vieassociative.be\/actualites\/wp-content\/uploads\/2025\/01\/1737620263_Trump-le-nouveau-sherif-apres-les-graces-massives-les.jpg\",\"width\":1200,\"height\":801,\"caption\":\"Trump, le nouveau sh\u00e9rif : apr\u00e8s les gr\u00e2ces massives, les doutes sur la justice am\u00e9ricaine augmentent\"},{\"@type\":\"BreadcrumbList\",\"@id\":\"https:\/\/vieassociative.be\/actualites\/trump-le-nouveau-sherif-apres-les-graces-massives-les-doutes-sur-la-justice-americaine-augmentent\/#breadcrumb\",\"itemListElement\":[{\"@type\":\"ListItem\",\"position\":1,\"name\":\"Accueil\",\"item\":\"https:\/\/vieassociative.be\/actualites\/\"},{\"@type\":\"ListItem\",\"position\":2,\"name\":\"Trump, le nouveau sh\u00e9rif : apr\u00e8s les gr\u00e2ces massives, les doutes sur la justice am\u00e9ricaine augmentent\"}]},{\"@type\":\"WebSite\",\"@id\":\"https:\/\/vieassociative.be\/actualites\/#website\",\"url\":\"https:\/\/vieassociative.be\/actualites\/\",\"name\":\"Vie Associative\",\"description\":\"\",\"publisher\":{\"@id\":\"https:\/\/vieassociative.be\/actualites\/#organization\"},\"potentialAction\":[{\"@type\":\"SearchAction\",\"target\":{\"@type\":\"EntryPoint\",\"urlTemplate\":\"https:\/\/vieassociative.be\/actualites\/?s={search_term_string}\"},\"query-input\":{\"@type\":\"PropertyValueSpecification\",\"valueRequired\":true,\"valueName\":\"search_term_string\"}}],\"inLanguage\":\"fr-BE\"},{\"@type\":\"Organization\",\"@id\":\"https:\/\/vieassociative.be\/actualites\/#organization\",\"name\":\"Vie Associative\",\"url\":\"https:\/\/vieassociative.be\/actualites\/\",\"logo\":{\"@type\":\"ImageObject\",\"inLanguage\":\"fr-BE\",\"@id\":\"https:\/\/vieassociative.be\/actualites\/#\/schema\/logo\/image\/\",\"url\":\"https:\/\/vieassociative.be\/actualites\/wp-content\/uploads\/2024\/09\/cropped-vieassociative_favicon.ico.png\",\"contentUrl\":\"https:\/\/vieassociative.be\/actualites\/wp-content\/uploads\/2024\/09\/cropped-vieassociative_favicon.ico.png\",\"width\":512,\"height\":512,\"caption\":\"Vie Associative\"},\"image\":{\"@id\":\"https:\/\/vieassociative.be\/actualites\/#\/schema\/logo\/image\/\"}},{\"@type\":\"Person\",\"@id\":\"https:\/\/vieassociative.be\/actualites\/#\/schema\/person\/b87ac4f82f9d4e7b7cec7395b679edc4\",\"name\":\"Julien\",\"image\":{\"@type\":\"ImageObject\",\"inLanguage\":\"fr-BE\",\"@id\":\"https:\/\/vieassociative.be\/actualites\/#\/schema\/person\/image\/\",\"url\":\"https:\/\/vieassociative.be\/actualites\/wp-content\/uploads\/2024\/09\/vie-associative-1-150x150.jpg\",\"contentUrl\":\"https:\/\/vieassociative.be\/actualites\/wp-content\/uploads\/2024\/09\/vie-associative-1-150x150.jpg\",\"caption\":\"Julien\"},\"description\":\"Je suis Julien, r\u00e9dacteur pour Vie Associative. Passionn\u00e9 par le monde associatif depuis plus de 10 ans, j'ai \u00e0 c\u0153ur de partager des histoires inspirantes et de mettre en lumi\u00e8re les initiatives locales. Mon objectif est de sensibiliser et d'encourager l'engagement communautaire \u00e0 travers mes articles.\",\"sameAs\":[\"https:\/\/vieassociative.be\/\"]}]}<\/script>\n<!-- \/ Yoast SEO plugin. -->","yoast_head_json":{"title":"Trump, le nouveau sh\u00e9rif : apr\u00e8s les gr\u00e2ces massives, les doutes sur la justice am\u00e9ricaine augmentent | Vie Associative","robots":{"index":"index","follow":"follow","max-snippet":"max-snippet:-1","max-image-preview":"max-image-preview:large","max-video-preview":"max-video-preview:-1"},"canonical":"https:\/\/vieassociative.be\/actualites\/trump-le-nouveau-sherif-apres-les-graces-massives-les-doutes-sur-la-justice-americaine-augmentent\/","og_locale":"fr_FR","og_type":"article","og_title":"Trump, le nouveau sh\u00e9rif : apr\u00e8s les gr\u00e2ces massives, les doutes sur la justice am\u00e9ricaine augmentent | Vie Associative","og_description":"Peu de temps apr\u00e8s son entr\u00e9e en fonction, le nouveau pr\u00e9sident am\u00e9ricain Donald Trump a graci\u00e9 les pr\u00e8s de 1 600 partisans reconnus coupables ou","og_url":"https:\/\/vieassociative.be\/actualites\/trump-le-nouveau-sherif-apres-les-graces-massives-les-doutes-sur-la-justice-americaine-augmentent\/","og_site_name":"Vie Associative","article_published_time":"2025-01-23T08:17:43+00:00","og_image":[{"width":279,"height":92,"url":"https:\/\/vieassociative.be\/actualites\/wp-content\/uploads\/2024\/09\/header_backgroundk-01-e1726694325946.png","type":"image\/png"}],"author":"Julien","twitter_card":"summary_large_image","twitter_misc":{"\u00c9crit par":"Julien","Dur\u00e9e de lecture est.":"8 minutes"},"schema":{"@context":"https:\/\/schema.org","@graph":[{"@type":"Article","@id":"https:\/\/vieassociative.be\/actualites\/trump-le-nouveau-sherif-apres-les-graces-massives-les-doutes-sur-la-justice-americaine-augmentent\/#article","isPartOf":{"@id":"https:\/\/vieassociative.be\/actualites\/trump-le-nouveau-sherif-apres-les-graces-massives-les-doutes-sur-la-justice-americaine-augmentent\/"},"author":{"name":"Julien","@id":"https:\/\/vieassociative.be\/actualites\/#\/schema\/person\/b87ac4f82f9d4e7b7cec7395b679edc4"},"headline":"Trump, le nouveau sh\u00e9rif : apr\u00e8s les gr\u00e2ces massives, les doutes sur la justice am\u00e9ricaine augmentent","datePublished":"2025-01-23T08:17:43+00:00","dateModified":"2025-01-23T08:17:43+00:00","mainEntityOfPage":{"@id":"https:\/\/vieassociative.be\/actualites\/trump-le-nouveau-sherif-apres-les-graces-massives-les-doutes-sur-la-justice-americaine-augmentent\/"},"wordCount":1612,"publisher":{"@id":"https:\/\/vieassociative.be\/actualites\/#organization"},"image":{"@id":"https:\/\/vieassociative.be\/actualites\/trump-le-nouveau-sherif-apres-les-graces-massives-les-doutes-sur-la-justice-americaine-augmentent\/#primaryimage"},"thumbnailUrl":"https:\/\/vieassociative.be\/actualites\/wp-content\/uploads\/2025\/01\/1737620263_Trump-le-nouveau-sherif-apres-les-graces-massives-les.jpg","keywords":["am\u00e9ricaine","Apr\u00e8s","augmentent","doutes","gr\u00e2ces","justice","Les","massives","nouveau","sh\u00e9rif","sur","Trump"],"articleSection":["Belgique"],"inLanguage":"fr-BE"},{"@type":"WebPage","@id":"https:\/\/vieassociative.be\/actualites\/trump-le-nouveau-sherif-apres-les-graces-massives-les-doutes-sur-la-justice-americaine-augmentent\/","url":"https:\/\/vieassociative.be\/actualites\/trump-le-nouveau-sherif-apres-les-graces-massives-les-doutes-sur-la-justice-americaine-augmentent\/","name":"Trump, le nouveau sh\u00e9rif : apr\u00e8s les gr\u00e2ces massives, les doutes sur la justice am\u00e9ricaine augmentent | Vie Associative","isPartOf":{"@id":"https:\/\/vieassociative.be\/actualites\/#website"},"primaryImageOfPage":{"@id":"https:\/\/vieassociative.be\/actualites\/trump-le-nouveau-sherif-apres-les-graces-massives-les-doutes-sur-la-justice-americaine-augmentent\/#primaryimage"},"image":{"@id":"https:\/\/vieassociative.be\/actualites\/trump-le-nouveau-sherif-apres-les-graces-massives-les-doutes-sur-la-justice-americaine-augmentent\/#primaryimage"},"thumbnailUrl":"https:\/\/vieassociative.be\/actualites\/wp-content\/uploads\/2025\/01\/1737620263_Trump-le-nouveau-sherif-apres-les-graces-massives-les.jpg","datePublished":"2025-01-23T08:17:43+00:00","dateModified":"2025-01-23T08:17:43+00:00","breadcrumb":{"@id":"https:\/\/vieassociative.be\/actualites\/trump-le-nouveau-sherif-apres-les-graces-massives-les-doutes-sur-la-justice-americaine-augmentent\/#breadcrumb"},"inLanguage":"fr-BE","potentialAction":[{"@type":"ReadAction","target":["https:\/\/vieassociative.be\/actualites\/trump-le-nouveau-sherif-apres-les-graces-massives-les-doutes-sur-la-justice-americaine-augmentent\/"]}]},{"@type":"ImageObject","inLanguage":"fr-BE","@id":"https:\/\/vieassociative.be\/actualites\/trump-le-nouveau-sherif-apres-les-graces-massives-les-doutes-sur-la-justice-americaine-augmentent\/#primaryimage","url":"https:\/\/vieassociative.be\/actualites\/wp-content\/uploads\/2025\/01\/1737620263_Trump-le-nouveau-sherif-apres-les-graces-massives-les.jpg","contentUrl":"https:\/\/vieassociative.be\/actualites\/wp-content\/uploads\/2025\/01\/1737620263_Trump-le-nouveau-sherif-apres-les-graces-massives-les.jpg","width":1200,"height":801,"caption":"Trump, le nouveau sh\u00e9rif : apr\u00e8s les gr\u00e2ces massives, les doutes sur la justice am\u00e9ricaine augmentent"},{"@type":"BreadcrumbList","@id":"https:\/\/vieassociative.be\/actualites\/trump-le-nouveau-sherif-apres-les-graces-massives-les-doutes-sur-la-justice-americaine-augmentent\/#breadcrumb","itemListElement":[{"@type":"ListItem","position":1,"name":"Accueil","item":"https:\/\/vieassociative.be\/actualites\/"},{"@type":"ListItem","position":2,"name":"Trump, le nouveau sh\u00e9rif : apr\u00e8s les gr\u00e2ces massives, les doutes sur la justice am\u00e9ricaine augmentent"}]},{"@type":"WebSite","@id":"https:\/\/vieassociative.be\/actualites\/#website","url":"https:\/\/vieassociative.be\/actualites\/","name":"Vie Associative","description":"","publisher":{"@id":"https:\/\/vieassociative.be\/actualites\/#organization"},"potentialAction":[{"@type":"SearchAction","target":{"@type":"EntryPoint","urlTemplate":"https:\/\/vieassociative.be\/actualites\/?s={search_term_string}"},"query-input":{"@type":"PropertyValueSpecification","valueRequired":true,"valueName":"search_term_string"}}],"inLanguage":"fr-BE"},{"@type":"Organization","@id":"https:\/\/vieassociative.be\/actualites\/#organization","name":"Vie Associative","url":"https:\/\/vieassociative.be\/actualites\/","logo":{"@type":"ImageObject","inLanguage":"fr-BE","@id":"https:\/\/vieassociative.be\/actualites\/#\/schema\/logo\/image\/","url":"https:\/\/vieassociative.be\/actualites\/wp-content\/uploads\/2024\/09\/cropped-vieassociative_favicon.ico.png","contentUrl":"https:\/\/vieassociative.be\/actualites\/wp-content\/uploads\/2024\/09\/cropped-vieassociative_favicon.ico.png","width":512,"height":512,"caption":"Vie Associative"},"image":{"@id":"https:\/\/vieassociative.be\/actualites\/#\/schema\/logo\/image\/"}},{"@type":"Person","@id":"https:\/\/vieassociative.be\/actualites\/#\/schema\/person\/b87ac4f82f9d4e7b7cec7395b679edc4","name":"Julien","image":{"@type":"ImageObject","inLanguage":"fr-BE","@id":"https:\/\/vieassociative.be\/actualites\/#\/schema\/person\/image\/","url":"https:\/\/vieassociative.be\/actualites\/wp-content\/uploads\/2024\/09\/vie-associative-1-150x150.jpg","contentUrl":"https:\/\/vieassociative.be\/actualites\/wp-content\/uploads\/2024\/09\/vie-associative-1-150x150.jpg","caption":"Julien"},"description":"Je suis Julien, r\u00e9dacteur pour Vie Associative. Passionn\u00e9 par le monde associatif depuis plus de 10 ans, j'ai \u00e0 c\u0153ur de partager des histoires inspirantes et de mettre en lumi\u00e8re les initiatives locales. Mon objectif est de sensibiliser et d'encourager l'engagement communautaire \u00e0 travers mes articles.","sameAs":["https:\/\/vieassociative.be\/"]}]}},"_links":{"self":[{"href":"https:\/\/vieassociative.be\/actualites\/wp-json\/wp\/v2\/posts\/4526"}],"collection":[{"href":"https:\/\/vieassociative.be\/actualites\/wp-json\/wp\/v2\/posts"}],"about":[{"href":"https:\/\/vieassociative.be\/actualites\/wp-json\/wp\/v2\/types\/post"}],"author":[{"embeddable":true,"href":"https:\/\/vieassociative.be\/actualites\/wp-json\/wp\/v2\/users\/1"}],"replies":[{"embeddable":true,"href":"https:\/\/vieassociative.be\/actualites\/wp-json\/wp\/v2\/comments?post=4526"}],"version-history":[{"count":0,"href":"https:\/\/vieassociative.be\/actualites\/wp-json\/wp\/v2\/posts\/4526\/revisions"}],"wp:featuredmedia":[{"embeddable":true,"href":"https:\/\/vieassociative.be\/actualites\/wp-json\/wp\/v2\/media\/4527"}],"wp:attachment":[{"href":"https:\/\/vieassociative.be\/actualites\/wp-json\/wp\/v2\/media?parent=4526"}],"wp:term":[{"taxonomy":"category","embeddable":true,"href":"https:\/\/vieassociative.be\/actualites\/wp-json\/wp\/v2\/categories?post=4526"},{"taxonomy":"post_tag","embeddable":true,"href":"https:\/\/vieassociative.be\/actualites\/wp-json\/wp\/v2\/tags?post=4526"}],"curies":[{"name":"wp","href":"https:\/\/api.w.org\/{rel}","templated":true}]}}