{"id":4524,"date":"2025-01-23T08:18:20","date_gmt":"2025-01-23T07:18:20","guid":{"rendered":"https:\/\/vieassociative.be\/actualites\/vous-suivez-peut-etre-trump-sur-les-reseaux-sociaux-sans-le-vouloir\/"},"modified":"2025-01-23T08:18:20","modified_gmt":"2025-01-23T07:18:20","slug":"vous-suivez-peut-etre-trump-sur-les-reseaux-sociaux-sans-le-vouloir","status":"publish","type":"post","link":"https:\/\/vieassociative.be\/actualites\/vous-suivez-peut-etre-trump-sur-les-reseaux-sociaux-sans-le-vouloir\/","title":{"rendered":"Vous suivez peut-\u00eatre Trump sur les r\u00e9seaux sociaux sans le vouloir"},"content":{"rendered":"<div class=\"mt-4 leading-6 md:mb-8\">Il en va de m\u00eame pour le vice-pr\u00e9sident Vance et la Premi\u00e8re Dame.<\/div>\n<p><\/p>\n<p>Au cours des deux jours qui ont suivi l&rsquo;investiture de Donald Trump, vous avez peut-\u00eatre remarqu\u00e9 quelque chose d&rsquo;\u00e9trange sur les r\u00e9seaux sociaux\u00a0: vous et vos amis suivez peut-\u00eatre Trump, le vice-pr\u00e9sident JD Vance, la premi\u00e8re dame Melania Trump et la Maison Blanche de Trump sur Instagram et Facebook. , m\u00eame s&rsquo;il n&rsquo;a jamais suivi ces trois individus auparavant. Cela soul\u00e8ve la question\u00a0: Meta a-t-il automatiquement suivi ces comptes en votre nom\u00a0?<\/p>\n<h2 id=\"instagram-isnt-necessarily-forcing-you-to-follow-trump\">Instagram ne vous oblige pas n\u00e9cessairement \u00e0 suivre Trump<\/h2>\n<p>Selon Meta, la r\u00e9ponse est non. La soci\u00e9t\u00e9 renvoie les m\u00e9dias \u00e0 un article sur Threads du porte-parole des communications Meta, Andy Stone, qui d\u00e9clare : \u00ab\u00a0Un rappel\u00a0: les comptes Facebook.com\/POTUS et Facebook.com\/White\u2026 sont g\u00e9r\u00e9s par la Maison Blanche. Ils changent lorsque l&rsquo;occupant des changements \u00e0 la Maison Blanche. Cosmopolitan a obtenu une autre d\u00e9claration de Meta, qui dit : \u00ab\u00a0Les gens n&rsquo;ont pas \u00e9t\u00e9 oblig\u00e9s de suivre automatiquement les comptes officiels Facebook ou Instagram du pr\u00e9sident, du vice-pr\u00e9sident ou de la Premi\u00e8re dame&#8230; Ces comptes sont g\u00e9r\u00e9s par la Maison Blanche, donc avec un nouveau \u00ab\u00a0<\/p>\n<p>L&rsquo;explication a du sens : si le compte, comme la pr\u00e9sidence elle-m\u00eame, est plus que son occupant actuel, alors les utilisateurs qui suivent les comptes officiels POTUS, VPOTUS et FLOTUS suivent en r\u00e9alit\u00e9 celui qui se trouve \u00eatre pr\u00e9sident, vice-pr\u00e9sident et premier. dame \u00e0 l&rsquo;\u00e9poque. En fait, c&rsquo;est ce qui s&rsquo;est pass\u00e9 la derni\u00e8re fois : cet article de CNN de janvier 2021 explique comment la plupart des plateformes de m\u00e9dias sociaux, notamment Instagram, Facebook, Snapchat et YouTube, ont transf\u00e9r\u00e9 leurs comptes POTUS, VPOTUS et FLOTUS (et leurs abonn\u00e9s) vers le compte POTUS, VPOTUS et FLOTUS (et leurs abonn\u00e9s). nouvelle administration Biden. \u00c0 l&rsquo;\u00e9poque, Twitter \u00e9tait le seul r\u00e9seau \u00e0 d\u00e9cider de ne pas transf\u00e9rer automatiquement les abonn\u00e9s, mais de partager des alertes avec les utilisateurs sur la mani\u00e8re de suivre les nouveaux comptes.<\/p>\n<p>Certains utilisateurs soulignent le fait que Meta lui-m\u00eame semble sugg\u00e9rer que ces comptes sont flambant neufs. Si vous regardez le compte officiel du pr\u00e9sident (pas le compte personnel de Trump, remarquez), Instagram indique que la \u00ab date d&rsquo;adh\u00e9sion \u00bb \u00e9tait janvier 2025. (La date de v\u00e9rification est exactement la m\u00eame.) Cela ajoute \u00e0 la confusion des utilisateurs : Meta dit que ces comptes sont \u00e9tablis et changent avec le titulaire actuel du poste, mais aussi que le compte POTUS de Trump a \u00e9t\u00e9 cr\u00e9\u00e9 ce mois-ci. Cependant, si vous regardez le compte archiv\u00e9 du pr\u00e9sident Biden, il est indiqu\u00e9 que la date d&rsquo;adh\u00e9sion et de v\u00e9rification \u00e9tait janvier 2021, ce qui sugg\u00e8re que le compte Biden a \u00e9galement \u00e9t\u00e9 ouvert lorsqu&rsquo;il a pris le pouvoir. <\/p>\n<h2 id=\"metas-political-problems\">Les probl\u00e8mes politiques de Meta<\/h2>\n<p>Pour moi, le probl\u00e8me r\u00e9side davantage dans une mauvaise communication, la polarisation et les griefs existants des utilisateurs \u00e0 l&rsquo;\u00e9gard de la plateforme. Meta aurait d\u00fb indiquer plus clairement aux utilisateurs qu&rsquo;ils ne suivaient pas les politiciens eux-m\u00eames, mais plut\u00f4t un compte qui changerait lorsque les politiciens le feraient. Si vous n\u2019avez aucun int\u00e9r\u00eat \u00e0 suivre un nouveau pr\u00e9sident ou vice-pr\u00e9sident, vous ne devriez pas vous sentir oblig\u00e9 de le faire. <\/p>\n<p>Et cela m\u2019am\u00e8ne \u00e0 un point plus large : Meta se pr\u00e9pare simplement \u00e0 para\u00eetre tr\u00e8s sympathique \u00e0 l\u2019\u00e9gard de la nouvelle administration Trump. Apr\u00e8s tout, Mark Zuckerberg \u00e9tait l&rsquo;un des g\u00e9ants de la technologie qui ont assist\u00e9 \u00e0 l&rsquo;inauguration, alors lorsque sa plateforme semble suivre le nouveau pr\u00e9sident, le vice-pr\u00e9sident et la premi\u00e8re dame au nom de ses utilisateurs &#8211; que ce soit n\u00e9cessairement vrai ou non &#8211; cela joue dans ce sens. . Cela arrive au m\u00eame moment o\u00f9 l\u2019entreprise \u00e9volue ouvertement vers la droite dans sa politique et embrasse plus que jamais la politique en g\u00e9n\u00e9ral. Plus t\u00f4t cette ann\u00e9e, Instagram et Threads ont fait un 180, ce qui en fait la valeur par d\u00e9faut pour ajouter du contenu politique aux flux des comptes que les utilisateurs ne suivent pas. Dans le m\u00eame temps, Meta a \u00e9galement fait marche arri\u00e8re sur ses politiques en mati\u00e8re de v\u00e9rification des faits et de discours de haine sur ses plateformes.<\/p>\n<p>Meta s&rsquo;est ali\u00e9n\u00e9 une partie importante de sa base d&rsquo;utilisateurs au cours des derniers mois. Ainsi, lorsque ces utilisateurs ouvrent leurs applications pour constater qu&rsquo;ils suivent d\u00e9sormais des politiciens, l&rsquo;entreprise semble avoir un parti pris (des politiciens avec lesquels ces utilisateurs peuvent \u00eatre en d\u00e9saccord avec v\u00e9h\u00e9mence) cela cr\u00e9e une situation comme celle-ci. nous le voyons aujourd&rsquo;hui, avec des gros titres sur Meta obligeant les utilisateurs \u00e0 suivre Trump, Vance, Melania et la Maison Blanche de Trump. Il suffit de parcourir les commentaires sur les comptes POTUS, VPOTUS et White House pour voir \u00e0 quel point de nombreux utilisateurs sont m\u00e9contents de les suivre. (Pour le moment, FLOTUS n&rsquo;a pas de message.)<\/p>\n<h2 id=\"you-might-have-to-wait-to-unfollow-these-accounts\">Vous devrez peut-\u00eatre attendre pour ne plus suivre ces comptes<\/h2>\n<p>Malheureusement, ne plus suivre ces comptes n&rsquo;est peut-\u00eatre pas aussi simple que de cliquer sur \u00ab Ne plus suivre \u00bb. Selon Andy Stone, le traitement des demandes de d\u00e9sabonnement peut prendre un certain temps, ce qui signifie que vous pourriez vous retrouver avec n&rsquo;importe quelle combinaison de ces trois \u00e9l\u00e9ments dans votre flux. <\/p>\n<p>Par contre, si vous <em>\u00e9taient<\/em> suite \u00e0 l&rsquo;administration pr\u00e9c\u00e9dente sur l&rsquo;un de ces trois comptes, vous suivrez \u00e9galement leurs comptes archiv\u00e9s. \u00c9tant archiv\u00e9s, vous ne verrez pas les nouvelles publications de ces comptes, vous avez donc le choix de rester suivi ou non. <\/p>\n","protected":false},"excerpt":{"rendered":"<p>Il en va de m\u00eame pour le vice-pr\u00e9sident Vance et la Premi\u00e8re Dame. Au cours des deux jours qui ont suivi l&rsquo;investiture de Donald Trump,<\/p>\n","protected":false},"author":1,"featured_media":4525,"comment_status":"","ping_status":"","sticky":false,"template":"","format":"standard","meta":{"footnotes":""},"categories":[13],"tags":[14,1262,864,130,865,4124,33,2425,4903,4],"class_list":["post-4524","post","type-post","status-publish","format-standard","has-post-thumbnail","hentry","category-technologie","tag-les","tag-peutetre","tag-reseaux","tag-sans","tag-sociaux","tag-suivez","tag-sur","tag-trump","tag-vouloir","tag-vous","generate-columns","tablet-grid-50","mobile-grid-100","grid-parent","grid-33"],"yoast_head":"<!-- This site is optimized with the Yoast SEO plugin v24.0 - https:\/\/yoast.com\/wordpress\/plugins\/seo\/ -->\n<title>Vous suivez peut-\u00eatre Trump sur les r\u00e9seaux sociaux sans le vouloir | Vie Associative<\/title>\n<meta name=\"robots\" content=\"index, follow, max-snippet:-1, max-image-preview:large, max-video-preview:-1\" \/>\n<link rel=\"canonical\" href=\"https:\/\/vieassociative.be\/actualites\/vous-suivez-peut-etre-trump-sur-les-reseaux-sociaux-sans-le-vouloir\/\" \/>\n<meta property=\"og:locale\" content=\"fr_FR\" \/>\n<meta property=\"og:type\" content=\"article\" \/>\n<meta property=\"og:title\" content=\"Vous suivez peut-\u00eatre Trump sur les r\u00e9seaux sociaux sans le vouloir | Vie Associative\" \/>\n<meta property=\"og:description\" content=\"Il en va de m\u00eame pour le vice-pr\u00e9sident Vance et la Premi\u00e8re Dame. Au cours des deux jours qui ont suivi l&rsquo;investiture de Donald Trump,\" \/>\n<meta property=\"og:url\" content=\"https:\/\/vieassociative.be\/actualites\/vous-suivez-peut-etre-trump-sur-les-reseaux-sociaux-sans-le-vouloir\/\" \/>\n<meta property=\"og:site_name\" content=\"Vie Associative\" \/>\n<meta property=\"article:published_time\" content=\"2025-01-23T07:18:20+00:00\" \/>\n<meta property=\"og:image\" content=\"https:\/\/vieassociative.be\/actualites\/wp-content\/uploads\/2024\/09\/header_backgroundk-01-e1726694325946.png\" \/>\n\t<meta property=\"og:image:width\" content=\"279\" \/>\n\t<meta property=\"og:image:height\" content=\"92\" \/>\n\t<meta property=\"og:image:type\" content=\"image\/png\" \/>\n<meta name=\"author\" content=\"Julien\" \/>\n<meta name=\"twitter:card\" content=\"summary_large_image\" \/>\n<meta name=\"twitter:label1\" content=\"\u00c9crit par\" \/>\n\t<meta name=\"twitter:data1\" content=\"Julien\" \/>\n\t<meta name=\"twitter:label2\" content=\"Dur\u00e9e de lecture est.\" \/>\n\t<meta name=\"twitter:data2\" content=\"5 minutes\" \/>\n<script type=\"application\/ld+json\" class=\"yoast-schema-graph\">{\"@context\":\"https:\/\/schema.org\",\"@graph\":[{\"@type\":\"Article\",\"@id\":\"https:\/\/vieassociative.be\/actualites\/vous-suivez-peut-etre-trump-sur-les-reseaux-sociaux-sans-le-vouloir\/#article\",\"isPartOf\":{\"@id\":\"https:\/\/vieassociative.be\/actualites\/vous-suivez-peut-etre-trump-sur-les-reseaux-sociaux-sans-le-vouloir\/\"},\"author\":{\"name\":\"Julien\",\"@id\":\"https:\/\/vieassociative.be\/actualites\/#\/schema\/person\/b87ac4f82f9d4e7b7cec7395b679edc4\"},\"headline\":\"Vous suivez peut-\u00eatre Trump sur les r\u00e9seaux sociaux sans le vouloir\",\"datePublished\":\"2025-01-23T07:18:20+00:00\",\"dateModified\":\"2025-01-23T07:18:20+00:00\",\"mainEntityOfPage\":{\"@id\":\"https:\/\/vieassociative.be\/actualites\/vous-suivez-peut-etre-trump-sur-les-reseaux-sociaux-sans-le-vouloir\/\"},\"wordCount\":1013,\"publisher\":{\"@id\":\"https:\/\/vieassociative.be\/actualites\/#organization\"},\"image\":{\"@id\":\"https:\/\/vieassociative.be\/actualites\/vous-suivez-peut-etre-trump-sur-les-reseaux-sociaux-sans-le-vouloir\/#primaryimage\"},\"thumbnailUrl\":\"https:\/\/vieassociative.be\/actualites\/wp-content\/uploads\/2025\/01\/Vous-suivez-peut-etre-Trump-sur-les-reseaux-sociaux-sans-le.png\",\"keywords\":[\"Les\",\"Peut\u00eatre\",\"r\u00e9seaux\",\"sans\",\"sociaux\",\"Suivez\",\"sur\",\"Trump\",\"vouloir\",\"Vous\"],\"articleSection\":[\"Technologie\"],\"inLanguage\":\"fr-BE\"},{\"@type\":\"WebPage\",\"@id\":\"https:\/\/vieassociative.be\/actualites\/vous-suivez-peut-etre-trump-sur-les-reseaux-sociaux-sans-le-vouloir\/\",\"url\":\"https:\/\/vieassociative.be\/actualites\/vous-suivez-peut-etre-trump-sur-les-reseaux-sociaux-sans-le-vouloir\/\",\"name\":\"Vous suivez peut-\u00eatre Trump sur les r\u00e9seaux sociaux sans le vouloir | Vie Associative\",\"isPartOf\":{\"@id\":\"https:\/\/vieassociative.be\/actualites\/#website\"},\"primaryImageOfPage\":{\"@id\":\"https:\/\/vieassociative.be\/actualites\/vous-suivez-peut-etre-trump-sur-les-reseaux-sociaux-sans-le-vouloir\/#primaryimage\"},\"image\":{\"@id\":\"https:\/\/vieassociative.be\/actualites\/vous-suivez-peut-etre-trump-sur-les-reseaux-sociaux-sans-le-vouloir\/#primaryimage\"},\"thumbnailUrl\":\"https:\/\/vieassociative.be\/actualites\/wp-content\/uploads\/2025\/01\/Vous-suivez-peut-etre-Trump-sur-les-reseaux-sociaux-sans-le.png\",\"datePublished\":\"2025-01-23T07:18:20+00:00\",\"dateModified\":\"2025-01-23T07:18:20+00:00\",\"breadcrumb\":{\"@id\":\"https:\/\/vieassociative.be\/actualites\/vous-suivez-peut-etre-trump-sur-les-reseaux-sociaux-sans-le-vouloir\/#breadcrumb\"},\"inLanguage\":\"fr-BE\",\"potentialAction\":[{\"@type\":\"ReadAction\",\"target\":[\"https:\/\/vieassociative.be\/actualites\/vous-suivez-peut-etre-trump-sur-les-reseaux-sociaux-sans-le-vouloir\/\"]}]},{\"@type\":\"ImageObject\",\"inLanguage\":\"fr-BE\",\"@id\":\"https:\/\/vieassociative.be\/actualites\/vous-suivez-peut-etre-trump-sur-les-reseaux-sociaux-sans-le-vouloir\/#primaryimage\",\"url\":\"https:\/\/vieassociative.be\/actualites\/wp-content\/uploads\/2025\/01\/Vous-suivez-peut-etre-Trump-sur-les-reseaux-sociaux-sans-le.png\",\"contentUrl\":\"https:\/\/vieassociative.be\/actualites\/wp-content\/uploads\/2025\/01\/Vous-suivez-peut-etre-Trump-sur-les-reseaux-sociaux-sans-le.png\",\"width\":1200,\"height\":675,\"caption\":\"Vous suivez peut-\u00eatre Trump sur les r\u00e9seaux sociaux sans le vouloir\"},{\"@type\":\"BreadcrumbList\",\"@id\":\"https:\/\/vieassociative.be\/actualites\/vous-suivez-peut-etre-trump-sur-les-reseaux-sociaux-sans-le-vouloir\/#breadcrumb\",\"itemListElement\":[{\"@type\":\"ListItem\",\"position\":1,\"name\":\"Accueil\",\"item\":\"https:\/\/vieassociative.be\/actualites\/\"},{\"@type\":\"ListItem\",\"position\":2,\"name\":\"Vous suivez peut-\u00eatre Trump sur les r\u00e9seaux sociaux sans le vouloir\"}]},{\"@type\":\"WebSite\",\"@id\":\"https:\/\/vieassociative.be\/actualites\/#website\",\"url\":\"https:\/\/vieassociative.be\/actualites\/\",\"name\":\"Vie Associative\",\"description\":\"\",\"publisher\":{\"@id\":\"https:\/\/vieassociative.be\/actualites\/#organization\"},\"potentialAction\":[{\"@type\":\"SearchAction\",\"target\":{\"@type\":\"EntryPoint\",\"urlTemplate\":\"https:\/\/vieassociative.be\/actualites\/?s={search_term_string}\"},\"query-input\":{\"@type\":\"PropertyValueSpecification\",\"valueRequired\":true,\"valueName\":\"search_term_string\"}}],\"inLanguage\":\"fr-BE\"},{\"@type\":\"Organization\",\"@id\":\"https:\/\/vieassociative.be\/actualites\/#organization\",\"name\":\"Vie Associative\",\"url\":\"https:\/\/vieassociative.be\/actualites\/\",\"logo\":{\"@type\":\"ImageObject\",\"inLanguage\":\"fr-BE\",\"@id\":\"https:\/\/vieassociative.be\/actualites\/#\/schema\/logo\/image\/\",\"url\":\"https:\/\/vieassociative.be\/actualites\/wp-content\/uploads\/2024\/09\/cropped-vieassociative_favicon.ico.png\",\"contentUrl\":\"https:\/\/vieassociative.be\/actualites\/wp-content\/uploads\/2024\/09\/cropped-vieassociative_favicon.ico.png\",\"width\":512,\"height\":512,\"caption\":\"Vie Associative\"},\"image\":{\"@id\":\"https:\/\/vieassociative.be\/actualites\/#\/schema\/logo\/image\/\"}},{\"@type\":\"Person\",\"@id\":\"https:\/\/vieassociative.be\/actualites\/#\/schema\/person\/b87ac4f82f9d4e7b7cec7395b679edc4\",\"name\":\"Julien\",\"image\":{\"@type\":\"ImageObject\",\"inLanguage\":\"fr-BE\",\"@id\":\"https:\/\/vieassociative.be\/actualites\/#\/schema\/person\/image\/\",\"url\":\"https:\/\/vieassociative.be\/actualites\/wp-content\/uploads\/2024\/09\/vie-associative-1-150x150.jpg\",\"contentUrl\":\"https:\/\/vieassociative.be\/actualites\/wp-content\/uploads\/2024\/09\/vie-associative-1-150x150.jpg\",\"caption\":\"Julien\"},\"description\":\"Je suis Julien, r\u00e9dacteur pour Vie Associative. Passionn\u00e9 par le monde associatif depuis plus de 10 ans, j'ai \u00e0 c\u0153ur de partager des histoires inspirantes et de mettre en lumi\u00e8re les initiatives locales. Mon objectif est de sensibiliser et d'encourager l'engagement communautaire \u00e0 travers mes articles.\",\"sameAs\":[\"https:\/\/vieassociative.be\/\"]}]}<\/script>\n<!-- \/ Yoast SEO plugin. -->","yoast_head_json":{"title":"Vous suivez peut-\u00eatre Trump sur les r\u00e9seaux sociaux sans le vouloir | Vie Associative","robots":{"index":"index","follow":"follow","max-snippet":"max-snippet:-1","max-image-preview":"max-image-preview:large","max-video-preview":"max-video-preview:-1"},"canonical":"https:\/\/vieassociative.be\/actualites\/vous-suivez-peut-etre-trump-sur-les-reseaux-sociaux-sans-le-vouloir\/","og_locale":"fr_FR","og_type":"article","og_title":"Vous suivez peut-\u00eatre Trump sur les r\u00e9seaux sociaux sans le vouloir | Vie Associative","og_description":"Il en va de m\u00eame pour le vice-pr\u00e9sident Vance et la Premi\u00e8re Dame. Au cours des deux jours qui ont suivi l&rsquo;investiture de Donald Trump,","og_url":"https:\/\/vieassociative.be\/actualites\/vous-suivez-peut-etre-trump-sur-les-reseaux-sociaux-sans-le-vouloir\/","og_site_name":"Vie Associative","article_published_time":"2025-01-23T07:18:20+00:00","og_image":[{"width":279,"height":92,"url":"https:\/\/vieassociative.be\/actualites\/wp-content\/uploads\/2024\/09\/header_backgroundk-01-e1726694325946.png","type":"image\/png"}],"author":"Julien","twitter_card":"summary_large_image","twitter_misc":{"\u00c9crit par":"Julien","Dur\u00e9e de lecture est.":"5 minutes"},"schema":{"@context":"https:\/\/schema.org","@graph":[{"@type":"Article","@id":"https:\/\/vieassociative.be\/actualites\/vous-suivez-peut-etre-trump-sur-les-reseaux-sociaux-sans-le-vouloir\/#article","isPartOf":{"@id":"https:\/\/vieassociative.be\/actualites\/vous-suivez-peut-etre-trump-sur-les-reseaux-sociaux-sans-le-vouloir\/"},"author":{"name":"Julien","@id":"https:\/\/vieassociative.be\/actualites\/#\/schema\/person\/b87ac4f82f9d4e7b7cec7395b679edc4"},"headline":"Vous suivez peut-\u00eatre Trump sur les r\u00e9seaux sociaux sans le vouloir","datePublished":"2025-01-23T07:18:20+00:00","dateModified":"2025-01-23T07:18:20+00:00","mainEntityOfPage":{"@id":"https:\/\/vieassociative.be\/actualites\/vous-suivez-peut-etre-trump-sur-les-reseaux-sociaux-sans-le-vouloir\/"},"wordCount":1013,"publisher":{"@id":"https:\/\/vieassociative.be\/actualites\/#organization"},"image":{"@id":"https:\/\/vieassociative.be\/actualites\/vous-suivez-peut-etre-trump-sur-les-reseaux-sociaux-sans-le-vouloir\/#primaryimage"},"thumbnailUrl":"https:\/\/vieassociative.be\/actualites\/wp-content\/uploads\/2025\/01\/Vous-suivez-peut-etre-Trump-sur-les-reseaux-sociaux-sans-le.png","keywords":["Les","Peut\u00eatre","r\u00e9seaux","sans","sociaux","Suivez","sur","Trump","vouloir","Vous"],"articleSection":["Technologie"],"inLanguage":"fr-BE"},{"@type":"WebPage","@id":"https:\/\/vieassociative.be\/actualites\/vous-suivez-peut-etre-trump-sur-les-reseaux-sociaux-sans-le-vouloir\/","url":"https:\/\/vieassociative.be\/actualites\/vous-suivez-peut-etre-trump-sur-les-reseaux-sociaux-sans-le-vouloir\/","name":"Vous suivez peut-\u00eatre Trump sur les r\u00e9seaux sociaux sans le vouloir | Vie Associative","isPartOf":{"@id":"https:\/\/vieassociative.be\/actualites\/#website"},"primaryImageOfPage":{"@id":"https:\/\/vieassociative.be\/actualites\/vous-suivez-peut-etre-trump-sur-les-reseaux-sociaux-sans-le-vouloir\/#primaryimage"},"image":{"@id":"https:\/\/vieassociative.be\/actualites\/vous-suivez-peut-etre-trump-sur-les-reseaux-sociaux-sans-le-vouloir\/#primaryimage"},"thumbnailUrl":"https:\/\/vieassociative.be\/actualites\/wp-content\/uploads\/2025\/01\/Vous-suivez-peut-etre-Trump-sur-les-reseaux-sociaux-sans-le.png","datePublished":"2025-01-23T07:18:20+00:00","dateModified":"2025-01-23T07:18:20+00:00","breadcrumb":{"@id":"https:\/\/vieassociative.be\/actualites\/vous-suivez-peut-etre-trump-sur-les-reseaux-sociaux-sans-le-vouloir\/#breadcrumb"},"inLanguage":"fr-BE","potentialAction":[{"@type":"ReadAction","target":["https:\/\/vieassociative.be\/actualites\/vous-suivez-peut-etre-trump-sur-les-reseaux-sociaux-sans-le-vouloir\/"]}]},{"@type":"ImageObject","inLanguage":"fr-BE","@id":"https:\/\/vieassociative.be\/actualites\/vous-suivez-peut-etre-trump-sur-les-reseaux-sociaux-sans-le-vouloir\/#primaryimage","url":"https:\/\/vieassociative.be\/actualites\/wp-content\/uploads\/2025\/01\/Vous-suivez-peut-etre-Trump-sur-les-reseaux-sociaux-sans-le.png","contentUrl":"https:\/\/vieassociative.be\/actualites\/wp-content\/uploads\/2025\/01\/Vous-suivez-peut-etre-Trump-sur-les-reseaux-sociaux-sans-le.png","width":1200,"height":675,"caption":"Vous suivez peut-\u00eatre Trump sur les r\u00e9seaux sociaux sans le vouloir"},{"@type":"BreadcrumbList","@id":"https:\/\/vieassociative.be\/actualites\/vous-suivez-peut-etre-trump-sur-les-reseaux-sociaux-sans-le-vouloir\/#breadcrumb","itemListElement":[{"@type":"ListItem","position":1,"name":"Accueil","item":"https:\/\/vieassociative.be\/actualites\/"},{"@type":"ListItem","position":2,"name":"Vous suivez peut-\u00eatre Trump sur les r\u00e9seaux sociaux sans le vouloir"}]},{"@type":"WebSite","@id":"https:\/\/vieassociative.be\/actualites\/#website","url":"https:\/\/vieassociative.be\/actualites\/","name":"Vie Associative","description":"","publisher":{"@id":"https:\/\/vieassociative.be\/actualites\/#organization"},"potentialAction":[{"@type":"SearchAction","target":{"@type":"EntryPoint","urlTemplate":"https:\/\/vieassociative.be\/actualites\/?s={search_term_string}"},"query-input":{"@type":"PropertyValueSpecification","valueRequired":true,"valueName":"search_term_string"}}],"inLanguage":"fr-BE"},{"@type":"Organization","@id":"https:\/\/vieassociative.be\/actualites\/#organization","name":"Vie Associative","url":"https:\/\/vieassociative.be\/actualites\/","logo":{"@type":"ImageObject","inLanguage":"fr-BE","@id":"https:\/\/vieassociative.be\/actualites\/#\/schema\/logo\/image\/","url":"https:\/\/vieassociative.be\/actualites\/wp-content\/uploads\/2024\/09\/cropped-vieassociative_favicon.ico.png","contentUrl":"https:\/\/vieassociative.be\/actualites\/wp-content\/uploads\/2024\/09\/cropped-vieassociative_favicon.ico.png","width":512,"height":512,"caption":"Vie Associative"},"image":{"@id":"https:\/\/vieassociative.be\/actualites\/#\/schema\/logo\/image\/"}},{"@type":"Person","@id":"https:\/\/vieassociative.be\/actualites\/#\/schema\/person\/b87ac4f82f9d4e7b7cec7395b679edc4","name":"Julien","image":{"@type":"ImageObject","inLanguage":"fr-BE","@id":"https:\/\/vieassociative.be\/actualites\/#\/schema\/person\/image\/","url":"https:\/\/vieassociative.be\/actualites\/wp-content\/uploads\/2024\/09\/vie-associative-1-150x150.jpg","contentUrl":"https:\/\/vieassociative.be\/actualites\/wp-content\/uploads\/2024\/09\/vie-associative-1-150x150.jpg","caption":"Julien"},"description":"Je suis Julien, r\u00e9dacteur pour Vie Associative. Passionn\u00e9 par le monde associatif depuis plus de 10 ans, j'ai \u00e0 c\u0153ur de partager des histoires inspirantes et de mettre en lumi\u00e8re les initiatives locales. Mon objectif est de sensibiliser et d'encourager l'engagement communautaire \u00e0 travers mes articles.","sameAs":["https:\/\/vieassociative.be\/"]}]}},"_links":{"self":[{"href":"https:\/\/vieassociative.be\/actualites\/wp-json\/wp\/v2\/posts\/4524"}],"collection":[{"href":"https:\/\/vieassociative.be\/actualites\/wp-json\/wp\/v2\/posts"}],"about":[{"href":"https:\/\/vieassociative.be\/actualites\/wp-json\/wp\/v2\/types\/post"}],"author":[{"embeddable":true,"href":"https:\/\/vieassociative.be\/actualites\/wp-json\/wp\/v2\/users\/1"}],"replies":[{"embeddable":true,"href":"https:\/\/vieassociative.be\/actualites\/wp-json\/wp\/v2\/comments?post=4524"}],"version-history":[{"count":0,"href":"https:\/\/vieassociative.be\/actualites\/wp-json\/wp\/v2\/posts\/4524\/revisions"}],"wp:featuredmedia":[{"embeddable":true,"href":"https:\/\/vieassociative.be\/actualites\/wp-json\/wp\/v2\/media\/4525"}],"wp:attachment":[{"href":"https:\/\/vieassociative.be\/actualites\/wp-json\/wp\/v2\/media?parent=4524"}],"wp:term":[{"taxonomy":"category","embeddable":true,"href":"https:\/\/vieassociative.be\/actualites\/wp-json\/wp\/v2\/categories?post=4524"},{"taxonomy":"post_tag","embeddable":true,"href":"https:\/\/vieassociative.be\/actualites\/wp-json\/wp\/v2\/tags?post=4524"}],"curies":[{"name":"wp","href":"https:\/\/api.w.org\/{rel}","templated":true}]}}