{"id":452,"date":"2024-09-25T10:26:32","date_gmt":"2024-09-25T08:26:32","guid":{"rendered":"https:\/\/vieassociative.be\/actualites\/comment-aider-votre-enfant-a-faire-face-a-la-perte-dun-animal-de-compagnie\/"},"modified":"2024-09-25T10:26:32","modified_gmt":"2024-09-25T08:26:32","slug":"comment-aider-votre-enfant-a-faire-face-a-la-perte-dun-animal-de-compagnie","status":"publish","type":"post","link":"https:\/\/vieassociative.be\/actualites\/comment-aider-votre-enfant-a-faire-face-a-la-perte-dun-animal-de-compagnie\/","title":{"rendered":"Comment aider votre enfant \u00e0 faire face \u00e0 la perte d&rsquo;un animal de compagnie"},"content":{"rendered":"<div class=\"mt-4 leading-6 md:mb-8\">Ils auront besoin de plus que de c\u00e2lins.<\/div>\n<p><\/p>\n<p>Mon fils a\u00een\u00e9 pleurait sans pouvoir se contr\u00f4ler. Son professeur nous a dit que cela pouvait arriver : la sant\u00e9 de Petit Lou, le l\u00e9zard domestique de la classe, s&rsquo;\u00e9tait rapidement d\u00e9grad\u00e9e ; Petit Lou quitterait probablement ce monde mortel d&rsquo;ici un jour ou deux. Toute la classe \u00e9tait visiblement choqu\u00e9e et d\u00e9vast\u00e9e.<\/p>\n<p>Ce moment a \u00e9t\u00e9 la premi\u00e8re v\u00e9ritable introduction de mon fils au deuil, et je ne savais pas trop quoi dire ou faire pour l&rsquo;aider \u00e0 traverser ce flot d&rsquo;\u00e9motions et \u00e0 g\u00e9rer ce moment. Selon Florence Soares-Dabalos, MS, LMFT, professionnelle du soutien \u00e0 la client\u00e8le et du bien-\u00eatre au Wm R. Pritchard Veterinary Medical Teaching Hospital de l&rsquo;Universit\u00e9 de Californie \u00e0 Davis, nous pouvons commencer par \u00e9couter nos enfants lorsqu&rsquo;ils sont pr\u00eats \u00e0 discuter de ce qui s&rsquo;est pass\u00e9. \u00ab Les enfants ont juste besoin de savoir qu&rsquo;il est normal de ressentir ce qu&rsquo;ils vont ressentir \u00bb, explique Soares-Dabalos.<\/p>\n<p>Il existe d\u2019autres moyens par lesquels nous pouvons aider les enfants \u00e0 surmonter le deuil de la perte d\u2019un animal de compagnie, qu\u2019il s\u2019agisse de l\u2019animal de la classe ou de celui de votre famille. <\/p>\n<h2 id=\"keep-things-simple\">Gardez les choses simples<\/h2>\n<p>La perte d&rsquo;un animal de compagnie peut \u00eatre triste, choquante et surprenante, et de nombreux jeunes enfants sont \u00e0 un \u00e2ge o\u00f9 le concept de la mort peut encore \u00eatre abstrait. Aborder un sujet aussi complexe peut sembler intimidant pour les parents, mais garder les choses simples et reconna\u00eetre l&rsquo;importance de la relation de l&rsquo;enfant avec l&rsquo;animal est la meilleure fa\u00e7on de commencer.<\/p>\n<p>\u00ab (Les enfants) sont plut\u00f4t bons avec juste les bases et une validation de leurs sentiments \u00bb, explique Soares-Dabalos. <\/p>\n<h2 id=\"there-are-certain-terms-to-use-and-some-to-avoid\">Il y a certains termes \u00e0 utiliser et d&rsquo;autres \u00e0 \u00e9viter<\/h2>\n<p>Lorsque vous \u00e9voquez la mort d&rsquo;un animal de compagnie, vous devez expliquer ce qui s&rsquo;est pass\u00e9 en utilisant des termes simples mais directs. Soares-Dabalos recommande de dire \u00e0 votre enfant que vous dites \u00ab au revoir \u00bb \u00e0 son ami, que \u00ab son corps a cess\u00e9 de fonctionner \u00bb ou qu&rsquo;il \u00ab ne reviendra pas \u00bb. <\/p>\n<p>Il y a aussi des termes \u00e0 \u00e9viter. Si un animal doit \u00eatre euthanasi\u00e9, Soares-Dabalos conseille d&rsquo;\u00e9viter \u00ab l&rsquo;euthanasie \u00bb ou \u00ab l&rsquo;euthanasie \u00bb.<\/p>\n<p>\u00ab Cela peut cr\u00e9er de la peur et de l&rsquo;anxi\u00e9t\u00e9 chez l&rsquo;enfant \u00bb, explique-t-elle. \u00ab Ils n&rsquo;ont pas la capacit\u00e9 de raisonnement abstrait n\u00e9cessaire pour comprendre que le mot \u00ab\u00a0aller dormir\u00a0\u00bb peut \u00eatre utilis\u00e9 diff\u00e9remment. \u00bb<\/p>\n<h2 id=\"follow-your-childs-lead\">Suivez l\u2019exemple de votre enfant<\/h2>\n<p>Soares-Dabalos se souvient de l&rsquo;histoire d&rsquo;une m\u00e8re qui s&rsquo;inqui\u00e9tait pour sa fille apr\u00e8s la mort de son lapin. Lorsqu&rsquo;elle a rencontr\u00e9 sa fille, elle a montr\u00e9 \u00e0 Soares-Dabalos les dessins qu&rsquo;elle avait faits du lapin et a organis\u00e9 une c\u00e9r\u00e9monie en son honneur, montrant \u00e0 Soares-Dabalos qu&rsquo;elle faisait son deuil et prenait soin d&rsquo;elle. <\/p>\n<p>\u00ab Certains enfants ne veulent pas parler. Certains enfants ont besoin de jouer. Certains enfants ont besoin de faire des dessins \u00bb, explique Soares-Dabalos. \u00ab Parfois, il est tout \u00e0 fait normal de suivre l&rsquo;exemple de l&rsquo;enfant en ce qui concerne ses sentiments et de laisser la porte ouverte \u00e0 cette conversation. \u00bb<\/p>\n<p>Vous devez \u00e9galement suivre l&rsquo;exemple de votre enfant lorsqu&rsquo;il s&rsquo;agit de remplacer l&rsquo;animal de compagnie. Il peut vous montrer qu&rsquo;il est pr\u00eat en parlant de la possibilit\u00e9 d&rsquo;en avoir un. <\/p>\n<p>\u00ab Chaque parent doit \u00e9valuer cela chez son propre enfant, mais laisser la porte ouverte et laisser l&rsquo;enfant d\u00e9cider quand il est pr\u00eat \u00bb, ajoute Soares-Dabalos.<\/p>\n<h2 id=\"discuss-how-youre-feeling\">Discutez de ce que vous ressentez<\/h2>\n<p>Un enfant peut \u00eatre \u00e0 la recherche d&rsquo;une validation de sa tristesse. Un animal de compagnie fait partie de la famille et, m\u00eame si vous ne lui montrez pas votre chagrin de la m\u00eame mani\u00e8re que lui, n&rsquo;ayez pas peur de lui faire part de vos sentiments. <\/p>\n<p>\u00ab Cela fait du bien de savoir que d\u2019autres personnes ressentent cette perte et que nous ne sommes pas seuls \u00bb, d\u00e9clare Soares-Dabalos.<\/p>\n<h2 id=\"talk-with-their-teacher-or-a-professional\">Parlez avec votre professeur ou un professionnel<\/h2>\n<p>Soares-Dabalos mentionne qu&rsquo;il peut arriver que les enfants r\u00e9gressent et commencent \u00e0 faire des crises de col\u00e8re, \u00e0 mouiller leur lit ou \u00e0 s&rsquo;impliquer moins en classe, ce qui peut avoir un impact sur leurs notes. Ce comportement peut provenir du fait que les enfants font leur deuil apr\u00e8s la perte de leur animal de compagnie. Elle recommande de garder les lignes de communication ouvertes avec leur enseignant et de consulter un th\u00e9rapeute si les choses ne s&rsquo;am\u00e9liorent pas.<\/p>\n<h2 id=\"memorialize-the-pet\">Comm\u00e9morez l&rsquo;animal de compagnie<\/h2>\n<p>Une semaine apr\u00e8s la mort de Petit Lou, la classe de mon fils a organis\u00e9 une c\u00e9r\u00e9monie en son honneur. Ils ont apport\u00e9 la nourriture pr\u00e9f\u00e9r\u00e9e du l\u00e9zard (des amandes) et chacun a partag\u00e9 \u00e0 tour de r\u00f4le des souvenirs de son ami. Une c\u00e9r\u00e9monie en l&rsquo;honneur d&rsquo;un animal de compagnie peut aider \u00e0 normaliser la mort, donner aux enfants un espace pour parler de leur chagrin et leur montrer comment y faire face, mais elle peut aussi leur donner un sentiment de cl\u00f4ture.<\/p>\n<p>\u00ab Le rituel est important \u00bb, explique Soares-Dabalos. \u00ab Il nous permet de voir que la mort fait partie de la vie et que, m\u00eame si cela ne fait pas du bien de se sentir triste et de pleurer tout le temps, nous pouvons y faire face. \u00bb<\/p>\n","protected":false},"excerpt":{"rendered":"<p>Ils auront besoin de plus que de c\u00e2lins. Mon fils a\u00een\u00e9 pleurait sans pouvoir se contr\u00f4ler. Son professeur nous a dit que cela pouvait arriver<\/p>\n","protected":false},"author":1,"featured_media":453,"comment_status":"","ping_status":"","sticky":false,"template":"","format":"standard","meta":{"footnotes":""},"categories":[37],"tags":[294,650,44,222,354,295,733,127,697,8],"class_list":["post-452","post","type-post","status-publish","format-standard","has-post-thumbnail","hentry","category-famille","tag-aider","tag-animal","tag-comment","tag-compagnie","tag-dun","tag-enfant","tag-face","tag-faire","tag-perte","tag-votre","generate-columns","tablet-grid-50","mobile-grid-100","grid-parent","grid-33"],"yoast_head":"<!-- This site is optimized with the Yoast SEO plugin v24.0 - https:\/\/yoast.com\/wordpress\/plugins\/seo\/ -->\n<title>Comment aider votre enfant \u00e0 faire face \u00e0 la perte d&#039;un animal de compagnie | Vie Associative<\/title>\n<meta name=\"robots\" content=\"index, follow, max-snippet:-1, max-image-preview:large, max-video-preview:-1\" \/>\n<link rel=\"canonical\" href=\"https:\/\/vieassociative.be\/actualites\/comment-aider-votre-enfant-a-faire-face-a-la-perte-dun-animal-de-compagnie\/\" \/>\n<meta property=\"og:locale\" content=\"fr_FR\" \/>\n<meta property=\"og:type\" content=\"article\" \/>\n<meta property=\"og:title\" content=\"Comment aider votre enfant \u00e0 faire face \u00e0 la perte d&#039;un animal de compagnie | Vie Associative\" \/>\n<meta property=\"og:description\" content=\"Ils auront besoin de plus que de c\u00e2lins. Mon fils a\u00een\u00e9 pleurait sans pouvoir se contr\u00f4ler. Son professeur nous a dit que cela pouvait arriver\" \/>\n<meta property=\"og:url\" content=\"https:\/\/vieassociative.be\/actualites\/comment-aider-votre-enfant-a-faire-face-a-la-perte-dun-animal-de-compagnie\/\" \/>\n<meta property=\"og:site_name\" content=\"Vie Associative\" \/>\n<meta property=\"article:published_time\" content=\"2024-09-25T08:26:32+00:00\" \/>\n<meta property=\"og:image\" content=\"https:\/\/vieassociative.be\/actualites\/wp-content\/uploads\/2024\/09\/header_backgroundk-01-e1726694325946.png\" \/>\n\t<meta property=\"og:image:width\" content=\"279\" \/>\n\t<meta property=\"og:image:height\" content=\"92\" \/>\n\t<meta property=\"og:image:type\" content=\"image\/png\" \/>\n<meta name=\"author\" content=\"Julien\" \/>\n<meta name=\"twitter:card\" content=\"summary_large_image\" \/>\n<meta name=\"twitter:label1\" content=\"\u00c9crit par\" \/>\n\t<meta name=\"twitter:data1\" content=\"Julien\" \/>\n\t<meta name=\"twitter:label2\" content=\"Dur\u00e9e de lecture est.\" \/>\n\t<meta name=\"twitter:data2\" content=\"4 minutes\" \/>\n<script type=\"application\/ld+json\" class=\"yoast-schema-graph\">{\"@context\":\"https:\/\/schema.org\",\"@graph\":[{\"@type\":\"Article\",\"@id\":\"https:\/\/vieassociative.be\/actualites\/comment-aider-votre-enfant-a-faire-face-a-la-perte-dun-animal-de-compagnie\/#article\",\"isPartOf\":{\"@id\":\"https:\/\/vieassociative.be\/actualites\/comment-aider-votre-enfant-a-faire-face-a-la-perte-dun-animal-de-compagnie\/\"},\"author\":{\"name\":\"Julien\",\"@id\":\"https:\/\/vieassociative.be\/actualites\/#\/schema\/person\/b87ac4f82f9d4e7b7cec7395b679edc4\"},\"headline\":\"Comment aider votre enfant \u00e0 faire face \u00e0 la perte d&rsquo;un animal de compagnie\",\"datePublished\":\"2024-09-25T08:26:32+00:00\",\"dateModified\":\"2024-09-25T08:26:32+00:00\",\"mainEntityOfPage\":{\"@id\":\"https:\/\/vieassociative.be\/actualites\/comment-aider-votre-enfant-a-faire-face-a-la-perte-dun-animal-de-compagnie\/\"},\"wordCount\":940,\"publisher\":{\"@id\":\"https:\/\/vieassociative.be\/actualites\/#organization\"},\"image\":{\"@id\":\"https:\/\/vieassociative.be\/actualites\/comment-aider-votre-enfant-a-faire-face-a-la-perte-dun-animal-de-compagnie\/#primaryimage\"},\"thumbnailUrl\":\"https:\/\/vieassociative.be\/actualites\/wp-content\/uploads\/2024\/09\/Comment-aider-votre-enfant-a-faire-face-a-la-perte.jpg\",\"keywords\":[\"aider\",\"animal\",\"Comment\",\"compagnie\",\"dun\",\"enfant\",\"face\",\"faire\",\"perte\",\"votre\"],\"articleSection\":[\"Famille\"],\"inLanguage\":\"fr-BE\"},{\"@type\":\"WebPage\",\"@id\":\"https:\/\/vieassociative.be\/actualites\/comment-aider-votre-enfant-a-faire-face-a-la-perte-dun-animal-de-compagnie\/\",\"url\":\"https:\/\/vieassociative.be\/actualites\/comment-aider-votre-enfant-a-faire-face-a-la-perte-dun-animal-de-compagnie\/\",\"name\":\"Comment aider votre enfant \u00e0 faire face \u00e0 la perte d'un animal de compagnie | Vie Associative\",\"isPartOf\":{\"@id\":\"https:\/\/vieassociative.be\/actualites\/#website\"},\"primaryImageOfPage\":{\"@id\":\"https:\/\/vieassociative.be\/actualites\/comment-aider-votre-enfant-a-faire-face-a-la-perte-dun-animal-de-compagnie\/#primaryimage\"},\"image\":{\"@id\":\"https:\/\/vieassociative.be\/actualites\/comment-aider-votre-enfant-a-faire-face-a-la-perte-dun-animal-de-compagnie\/#primaryimage\"},\"thumbnailUrl\":\"https:\/\/vieassociative.be\/actualites\/wp-content\/uploads\/2024\/09\/Comment-aider-votre-enfant-a-faire-face-a-la-perte.jpg\",\"datePublished\":\"2024-09-25T08:26:32+00:00\",\"dateModified\":\"2024-09-25T08:26:32+00:00\",\"breadcrumb\":{\"@id\":\"https:\/\/vieassociative.be\/actualites\/comment-aider-votre-enfant-a-faire-face-a-la-perte-dun-animal-de-compagnie\/#breadcrumb\"},\"inLanguage\":\"fr-BE\",\"potentialAction\":[{\"@type\":\"ReadAction\",\"target\":[\"https:\/\/vieassociative.be\/actualites\/comment-aider-votre-enfant-a-faire-face-a-la-perte-dun-animal-de-compagnie\/\"]}]},{\"@type\":\"ImageObject\",\"inLanguage\":\"fr-BE\",\"@id\":\"https:\/\/vieassociative.be\/actualites\/comment-aider-votre-enfant-a-faire-face-a-la-perte-dun-animal-de-compagnie\/#primaryimage\",\"url\":\"https:\/\/vieassociative.be\/actualites\/wp-content\/uploads\/2024\/09\/Comment-aider-votre-enfant-a-faire-face-a-la-perte.jpg\",\"contentUrl\":\"https:\/\/vieassociative.be\/actualites\/wp-content\/uploads\/2024\/09\/Comment-aider-votre-enfant-a-faire-face-a-la-perte.jpg\",\"width\":1200,\"height\":675,\"caption\":\"Comment aider votre enfant \u00e0 faire face \u00e0 la perte d'un animal de compagnie\"},{\"@type\":\"BreadcrumbList\",\"@id\":\"https:\/\/vieassociative.be\/actualites\/comment-aider-votre-enfant-a-faire-face-a-la-perte-dun-animal-de-compagnie\/#breadcrumb\",\"itemListElement\":[{\"@type\":\"ListItem\",\"position\":1,\"name\":\"Accueil\",\"item\":\"https:\/\/vieassociative.be\/actualites\/\"},{\"@type\":\"ListItem\",\"position\":2,\"name\":\"Comment aider votre enfant \u00e0 faire face \u00e0 la perte d&rsquo;un animal de compagnie\"}]},{\"@type\":\"WebSite\",\"@id\":\"https:\/\/vieassociative.be\/actualites\/#website\",\"url\":\"https:\/\/vieassociative.be\/actualites\/\",\"name\":\"Vie Associative\",\"description\":\"\",\"publisher\":{\"@id\":\"https:\/\/vieassociative.be\/actualites\/#organization\"},\"potentialAction\":[{\"@type\":\"SearchAction\",\"target\":{\"@type\":\"EntryPoint\",\"urlTemplate\":\"https:\/\/vieassociative.be\/actualites\/?s={search_term_string}\"},\"query-input\":{\"@type\":\"PropertyValueSpecification\",\"valueRequired\":true,\"valueName\":\"search_term_string\"}}],\"inLanguage\":\"fr-BE\"},{\"@type\":\"Organization\",\"@id\":\"https:\/\/vieassociative.be\/actualites\/#organization\",\"name\":\"Vie Associative\",\"url\":\"https:\/\/vieassociative.be\/actualites\/\",\"logo\":{\"@type\":\"ImageObject\",\"inLanguage\":\"fr-BE\",\"@id\":\"https:\/\/vieassociative.be\/actualites\/#\/schema\/logo\/image\/\",\"url\":\"https:\/\/vieassociative.be\/actualites\/wp-content\/uploads\/2024\/09\/cropped-vieassociative_favicon.ico.png\",\"contentUrl\":\"https:\/\/vieassociative.be\/actualites\/wp-content\/uploads\/2024\/09\/cropped-vieassociative_favicon.ico.png\",\"width\":512,\"height\":512,\"caption\":\"Vie Associative\"},\"image\":{\"@id\":\"https:\/\/vieassociative.be\/actualites\/#\/schema\/logo\/image\/\"}},{\"@type\":\"Person\",\"@id\":\"https:\/\/vieassociative.be\/actualites\/#\/schema\/person\/b87ac4f82f9d4e7b7cec7395b679edc4\",\"name\":\"Julien\",\"image\":{\"@type\":\"ImageObject\",\"inLanguage\":\"fr-BE\",\"@id\":\"https:\/\/vieassociative.be\/actualites\/#\/schema\/person\/image\/\",\"url\":\"https:\/\/vieassociative.be\/actualites\/wp-content\/uploads\/2024\/09\/vie-associative-1-150x150.jpg\",\"contentUrl\":\"https:\/\/vieassociative.be\/actualites\/wp-content\/uploads\/2024\/09\/vie-associative-1-150x150.jpg\",\"caption\":\"Julien\"},\"description\":\"Je suis Julien, r\u00e9dacteur pour Vie Associative. Passionn\u00e9 par le monde associatif depuis plus de 10 ans, j'ai \u00e0 c\u0153ur de partager des histoires inspirantes et de mettre en lumi\u00e8re les initiatives locales. Mon objectif est de sensibiliser et d'encourager l'engagement communautaire \u00e0 travers mes articles.\",\"sameAs\":[\"https:\/\/vieassociative.be\/\"]}]}<\/script>\n<!-- \/ Yoast SEO plugin. -->","yoast_head_json":{"title":"Comment aider votre enfant \u00e0 faire face \u00e0 la perte d'un animal de compagnie | Vie Associative","robots":{"index":"index","follow":"follow","max-snippet":"max-snippet:-1","max-image-preview":"max-image-preview:large","max-video-preview":"max-video-preview:-1"},"canonical":"https:\/\/vieassociative.be\/actualites\/comment-aider-votre-enfant-a-faire-face-a-la-perte-dun-animal-de-compagnie\/","og_locale":"fr_FR","og_type":"article","og_title":"Comment aider votre enfant \u00e0 faire face \u00e0 la perte d'un animal de compagnie | Vie Associative","og_description":"Ils auront besoin de plus que de c\u00e2lins. Mon fils a\u00een\u00e9 pleurait sans pouvoir se contr\u00f4ler. Son professeur nous a dit que cela pouvait arriver","og_url":"https:\/\/vieassociative.be\/actualites\/comment-aider-votre-enfant-a-faire-face-a-la-perte-dun-animal-de-compagnie\/","og_site_name":"Vie Associative","article_published_time":"2024-09-25T08:26:32+00:00","og_image":[{"width":279,"height":92,"url":"https:\/\/vieassociative.be\/actualites\/wp-content\/uploads\/2024\/09\/header_backgroundk-01-e1726694325946.png","type":"image\/png"}],"author":"Julien","twitter_card":"summary_large_image","twitter_misc":{"\u00c9crit par":"Julien","Dur\u00e9e de lecture est.":"4 minutes"},"schema":{"@context":"https:\/\/schema.org","@graph":[{"@type":"Article","@id":"https:\/\/vieassociative.be\/actualites\/comment-aider-votre-enfant-a-faire-face-a-la-perte-dun-animal-de-compagnie\/#article","isPartOf":{"@id":"https:\/\/vieassociative.be\/actualites\/comment-aider-votre-enfant-a-faire-face-a-la-perte-dun-animal-de-compagnie\/"},"author":{"name":"Julien","@id":"https:\/\/vieassociative.be\/actualites\/#\/schema\/person\/b87ac4f82f9d4e7b7cec7395b679edc4"},"headline":"Comment aider votre enfant \u00e0 faire face \u00e0 la perte d&rsquo;un animal de compagnie","datePublished":"2024-09-25T08:26:32+00:00","dateModified":"2024-09-25T08:26:32+00:00","mainEntityOfPage":{"@id":"https:\/\/vieassociative.be\/actualites\/comment-aider-votre-enfant-a-faire-face-a-la-perte-dun-animal-de-compagnie\/"},"wordCount":940,"publisher":{"@id":"https:\/\/vieassociative.be\/actualites\/#organization"},"image":{"@id":"https:\/\/vieassociative.be\/actualites\/comment-aider-votre-enfant-a-faire-face-a-la-perte-dun-animal-de-compagnie\/#primaryimage"},"thumbnailUrl":"https:\/\/vieassociative.be\/actualites\/wp-content\/uploads\/2024\/09\/Comment-aider-votre-enfant-a-faire-face-a-la-perte.jpg","keywords":["aider","animal","Comment","compagnie","dun","enfant","face","faire","perte","votre"],"articleSection":["Famille"],"inLanguage":"fr-BE"},{"@type":"WebPage","@id":"https:\/\/vieassociative.be\/actualites\/comment-aider-votre-enfant-a-faire-face-a-la-perte-dun-animal-de-compagnie\/","url":"https:\/\/vieassociative.be\/actualites\/comment-aider-votre-enfant-a-faire-face-a-la-perte-dun-animal-de-compagnie\/","name":"Comment aider votre enfant \u00e0 faire face \u00e0 la perte d'un animal de compagnie | Vie Associative","isPartOf":{"@id":"https:\/\/vieassociative.be\/actualites\/#website"},"primaryImageOfPage":{"@id":"https:\/\/vieassociative.be\/actualites\/comment-aider-votre-enfant-a-faire-face-a-la-perte-dun-animal-de-compagnie\/#primaryimage"},"image":{"@id":"https:\/\/vieassociative.be\/actualites\/comment-aider-votre-enfant-a-faire-face-a-la-perte-dun-animal-de-compagnie\/#primaryimage"},"thumbnailUrl":"https:\/\/vieassociative.be\/actualites\/wp-content\/uploads\/2024\/09\/Comment-aider-votre-enfant-a-faire-face-a-la-perte.jpg","datePublished":"2024-09-25T08:26:32+00:00","dateModified":"2024-09-25T08:26:32+00:00","breadcrumb":{"@id":"https:\/\/vieassociative.be\/actualites\/comment-aider-votre-enfant-a-faire-face-a-la-perte-dun-animal-de-compagnie\/#breadcrumb"},"inLanguage":"fr-BE","potentialAction":[{"@type":"ReadAction","target":["https:\/\/vieassociative.be\/actualites\/comment-aider-votre-enfant-a-faire-face-a-la-perte-dun-animal-de-compagnie\/"]}]},{"@type":"ImageObject","inLanguage":"fr-BE","@id":"https:\/\/vieassociative.be\/actualites\/comment-aider-votre-enfant-a-faire-face-a-la-perte-dun-animal-de-compagnie\/#primaryimage","url":"https:\/\/vieassociative.be\/actualites\/wp-content\/uploads\/2024\/09\/Comment-aider-votre-enfant-a-faire-face-a-la-perte.jpg","contentUrl":"https:\/\/vieassociative.be\/actualites\/wp-content\/uploads\/2024\/09\/Comment-aider-votre-enfant-a-faire-face-a-la-perte.jpg","width":1200,"height":675,"caption":"Comment aider votre enfant \u00e0 faire face \u00e0 la perte d'un animal de compagnie"},{"@type":"BreadcrumbList","@id":"https:\/\/vieassociative.be\/actualites\/comment-aider-votre-enfant-a-faire-face-a-la-perte-dun-animal-de-compagnie\/#breadcrumb","itemListElement":[{"@type":"ListItem","position":1,"name":"Accueil","item":"https:\/\/vieassociative.be\/actualites\/"},{"@type":"ListItem","position":2,"name":"Comment aider votre enfant \u00e0 faire face \u00e0 la perte d&rsquo;un animal de compagnie"}]},{"@type":"WebSite","@id":"https:\/\/vieassociative.be\/actualites\/#website","url":"https:\/\/vieassociative.be\/actualites\/","name":"Vie Associative","description":"","publisher":{"@id":"https:\/\/vieassociative.be\/actualites\/#organization"},"potentialAction":[{"@type":"SearchAction","target":{"@type":"EntryPoint","urlTemplate":"https:\/\/vieassociative.be\/actualites\/?s={search_term_string}"},"query-input":{"@type":"PropertyValueSpecification","valueRequired":true,"valueName":"search_term_string"}}],"inLanguage":"fr-BE"},{"@type":"Organization","@id":"https:\/\/vieassociative.be\/actualites\/#organization","name":"Vie Associative","url":"https:\/\/vieassociative.be\/actualites\/","logo":{"@type":"ImageObject","inLanguage":"fr-BE","@id":"https:\/\/vieassociative.be\/actualites\/#\/schema\/logo\/image\/","url":"https:\/\/vieassociative.be\/actualites\/wp-content\/uploads\/2024\/09\/cropped-vieassociative_favicon.ico.png","contentUrl":"https:\/\/vieassociative.be\/actualites\/wp-content\/uploads\/2024\/09\/cropped-vieassociative_favicon.ico.png","width":512,"height":512,"caption":"Vie Associative"},"image":{"@id":"https:\/\/vieassociative.be\/actualites\/#\/schema\/logo\/image\/"}},{"@type":"Person","@id":"https:\/\/vieassociative.be\/actualites\/#\/schema\/person\/b87ac4f82f9d4e7b7cec7395b679edc4","name":"Julien","image":{"@type":"ImageObject","inLanguage":"fr-BE","@id":"https:\/\/vieassociative.be\/actualites\/#\/schema\/person\/image\/","url":"https:\/\/vieassociative.be\/actualites\/wp-content\/uploads\/2024\/09\/vie-associative-1-150x150.jpg","contentUrl":"https:\/\/vieassociative.be\/actualites\/wp-content\/uploads\/2024\/09\/vie-associative-1-150x150.jpg","caption":"Julien"},"description":"Je suis Julien, r\u00e9dacteur pour Vie Associative. Passionn\u00e9 par le monde associatif depuis plus de 10 ans, j'ai \u00e0 c\u0153ur de partager des histoires inspirantes et de mettre en lumi\u00e8re les initiatives locales. Mon objectif est de sensibiliser et d'encourager l'engagement communautaire \u00e0 travers mes articles.","sameAs":["https:\/\/vieassociative.be\/"]}]}},"_links":{"self":[{"href":"https:\/\/vieassociative.be\/actualites\/wp-json\/wp\/v2\/posts\/452"}],"collection":[{"href":"https:\/\/vieassociative.be\/actualites\/wp-json\/wp\/v2\/posts"}],"about":[{"href":"https:\/\/vieassociative.be\/actualites\/wp-json\/wp\/v2\/types\/post"}],"author":[{"embeddable":true,"href":"https:\/\/vieassociative.be\/actualites\/wp-json\/wp\/v2\/users\/1"}],"replies":[{"embeddable":true,"href":"https:\/\/vieassociative.be\/actualites\/wp-json\/wp\/v2\/comments?post=452"}],"version-history":[{"count":0,"href":"https:\/\/vieassociative.be\/actualites\/wp-json\/wp\/v2\/posts\/452\/revisions"}],"wp:featuredmedia":[{"embeddable":true,"href":"https:\/\/vieassociative.be\/actualites\/wp-json\/wp\/v2\/media\/453"}],"wp:attachment":[{"href":"https:\/\/vieassociative.be\/actualites\/wp-json\/wp\/v2\/media?parent=452"}],"wp:term":[{"taxonomy":"category","embeddable":true,"href":"https:\/\/vieassociative.be\/actualites\/wp-json\/wp\/v2\/categories?post=452"},{"taxonomy":"post_tag","embeddable":true,"href":"https:\/\/vieassociative.be\/actualites\/wp-json\/wp\/v2\/tags?post=452"}],"curies":[{"name":"wp","href":"https:\/\/api.w.org\/{rel}","templated":true}]}}