{"id":4519,"date":"2025-01-23T03:17:09","date_gmt":"2025-01-23T02:17:09","guid":{"rendered":"https:\/\/vieassociative.be\/actualites\/lancien-diable-rouge-radja-nainggolan-36-ans-passe-etonnamment-a-lokeren-temse\/"},"modified":"2025-01-23T03:17:09","modified_gmt":"2025-01-23T02:17:09","slug":"lancien-diable-rouge-radja-nainggolan-36-ans-passe-etonnamment-a-lokeren-temse","status":"publish","type":"post","link":"https:\/\/vieassociative.be\/actualites\/lancien-diable-rouge-radja-nainggolan-36-ans-passe-etonnamment-a-lokeren-temse\/","title":{"rendered":"L&rsquo;ancien Diable Rouge Radja Nainggolan (36 ans) passe \u00e9tonnamment \u00e0 Lokeren-Temse"},"content":{"rendered":"<p><strong>La Challenger Pro League, \u00e0 laquelle appartient \u00e9galement l&rsquo;AS Eupen, pr\u00e9sente un nouvel attrait : l&rsquo;ancien Diable Rouge Radja Nainggolan rejoint de mani\u00e8re tout \u00e0 fait inattendue le club de deuxi\u00e8me division du KSC Lokeren-Temse. Le joueur de 36 ans devrait aider le club dans la lutte pour rester en championnat.<\/strong><\/p>\n<p><span id=\"more-406602\"><\/span>Apr\u00e8s une p\u00e9riode mouvement\u00e9e au Royal Antwerp FC, l&rsquo;international belge aux 30 reprises a rejoint le club italien SPAL Ferrara, entra\u00een\u00e9 par son ami proche Daniele De Rossi. Mais le changement n\u2019a pas \u00e9t\u00e9 une r\u00e9ussite. Le transfert de Nainggolan \u00e0 Bhayangkara en Indon\u00e9sie fin 2023 ne l\u2019est pas non plus.<\/p>\n<div id=\"attachment_334321\" class=\"wp-caption alignleft\" style=\"max-width: 300px\"><img fetchpriority=\"high\" decoding=\"async\" class=\"wp-image-334321 size-medium\" src=\"https:\/\/vieassociative.be\/actualites\/wp-content\/uploads\/2025\/01\/Lancien-Diable-Rouge-Radja-Nainggolan-36-ans-passe-etonnamment-a.jpeg\" alt=\"\" width=\"300\" height=\"200\"><\/p>\n<p class=\"wp-caption-text\">30 septembre 2021, Belgique, Anvers : Radja Nainggolan avec le Royal Antwerp FC en Ligue Europa contre l&rsquo;Eintracht Frankfurt. Photo : Marius Becker\/dpa<\/p>\n<\/div>\n<p>Nainggolan a ensuite longtemps cherch\u00e9 en vain un nouvel employeur. Ses apparitions dans la Kings League de Gerard Piqu\u00e9 et dans un club de futsal \u00e0 Malines ont donn\u00e9 l&rsquo;impression que le Nainggolan ne jouait au football que pour le plaisir.<\/p>\n<p>Mardi soir, l&rsquo;\u00e9quipe de deuxi\u00e8me division du KSC Lokeren-Temse, actuellement 11\u00e8me de la Challenger Pro League, a trouv\u00e9 un accord avec Nainggolan. Son exp\u00e9rience devrait aider le club de Flandre orientale dans la lutte pour son maintien en Challenger Pro League.<\/p>\n<p>Mercredi, le grand journal italien La Gazzetta dello Sport a m\u00eame fait \u00e9tat du transfert de Nainggolan \u00e0 Lokeren-Temse. Le Belge a r\u00e9alis\u00e9 son meilleur temps en Italie (Cagliari, AS Rome et Inter Milan). (cr\u00e9er)<\/p>\n","protected":false},"excerpt":{"rendered":"<p>La Challenger Pro League, \u00e0 laquelle appartient \u00e9galement l&rsquo;AS Eupen, pr\u00e9sente un nouvel attrait : l&rsquo;ancien Diable Rouge Radja Nainggolan rejoint de mani\u00e8re tout \u00e0<\/p>\n","protected":false},"author":1,"featured_media":4520,"comment_status":"","ping_status":"","sticky":false,"template":"","format":"standard","meta":{"footnotes":""},"categories":[298],"tags":[584,4591,4607,4356,2333,4899,1073,4898,2556],"class_list":["post-4519","post","type-post","status-publish","format-standard","has-post-thumbnail","hentry","category-belgique","tag-ans","tag-diable","tag-etonnamment","tag-lancien","tag-lokerentemse","tag-nainggolan","tag-passe","tag-radja","tag-rouge","generate-columns","tablet-grid-50","mobile-grid-100","grid-parent","grid-33"],"yoast_head":"<!-- This site is optimized with the Yoast SEO plugin v24.0 - https:\/\/yoast.com\/wordpress\/plugins\/seo\/ -->\n<title>L&#039;ancien Diable Rouge Radja Nainggolan (36 ans) passe \u00e9tonnamment \u00e0 Lokeren-Temse | Vie Associative<\/title>\n<meta name=\"robots\" content=\"index, follow, max-snippet:-1, max-image-preview:large, max-video-preview:-1\" \/>\n<link rel=\"canonical\" href=\"https:\/\/vieassociative.be\/actualites\/lancien-diable-rouge-radja-nainggolan-36-ans-passe-etonnamment-a-lokeren-temse\/\" \/>\n<meta property=\"og:locale\" content=\"fr_FR\" \/>\n<meta property=\"og:type\" content=\"article\" \/>\n<meta property=\"og:title\" content=\"L&#039;ancien Diable Rouge Radja Nainggolan (36 ans) passe \u00e9tonnamment \u00e0 Lokeren-Temse | Vie Associative\" \/>\n<meta property=\"og:description\" content=\"La Challenger Pro League, \u00e0 laquelle appartient \u00e9galement l&rsquo;AS Eupen, pr\u00e9sente un nouvel attrait : l&rsquo;ancien Diable Rouge Radja Nainggolan rejoint de mani\u00e8re tout \u00e0\" \/>\n<meta property=\"og:url\" content=\"https:\/\/vieassociative.be\/actualites\/lancien-diable-rouge-radja-nainggolan-36-ans-passe-etonnamment-a-lokeren-temse\/\" \/>\n<meta property=\"og:site_name\" content=\"Vie Associative\" \/>\n<meta property=\"article:published_time\" content=\"2025-01-23T02:17:09+00:00\" \/>\n<meta property=\"og:image\" content=\"https:\/\/vieassociative.be\/actualites\/wp-content\/uploads\/2024\/09\/header_backgroundk-01-e1726694325946.png\" \/>\n\t<meta property=\"og:image:width\" content=\"279\" \/>\n\t<meta property=\"og:image:height\" content=\"92\" \/>\n\t<meta property=\"og:image:type\" content=\"image\/png\" \/>\n<meta name=\"author\" content=\"Julien\" \/>\n<meta name=\"twitter:card\" content=\"summary_large_image\" \/>\n<meta name=\"twitter:label1\" content=\"\u00c9crit par\" \/>\n\t<meta name=\"twitter:data1\" content=\"Julien\" \/>\n\t<meta name=\"twitter:label2\" content=\"Dur\u00e9e de lecture est.\" \/>\n\t<meta name=\"twitter:data2\" content=\"1 minute\" \/>\n<script type=\"application\/ld+json\" class=\"yoast-schema-graph\">{\"@context\":\"https:\/\/schema.org\",\"@graph\":[{\"@type\":\"Article\",\"@id\":\"https:\/\/vieassociative.be\/actualites\/lancien-diable-rouge-radja-nainggolan-36-ans-passe-etonnamment-a-lokeren-temse\/#article\",\"isPartOf\":{\"@id\":\"https:\/\/vieassociative.be\/actualites\/lancien-diable-rouge-radja-nainggolan-36-ans-passe-etonnamment-a-lokeren-temse\/\"},\"author\":{\"name\":\"Julien\",\"@id\":\"https:\/\/vieassociative.be\/actualites\/#\/schema\/person\/b87ac4f82f9d4e7b7cec7395b679edc4\"},\"headline\":\"L&rsquo;ancien Diable Rouge Radja Nainggolan (36 ans) passe \u00e9tonnamment \u00e0 Lokeren-Temse\",\"datePublished\":\"2025-01-23T02:17:09+00:00\",\"dateModified\":\"2025-01-23T02:17:09+00:00\",\"mainEntityOfPage\":{\"@id\":\"https:\/\/vieassociative.be\/actualites\/lancien-diable-rouge-radja-nainggolan-36-ans-passe-etonnamment-a-lokeren-temse\/\"},\"wordCount\":262,\"publisher\":{\"@id\":\"https:\/\/vieassociative.be\/actualites\/#organization\"},\"image\":{\"@id\":\"https:\/\/vieassociative.be\/actualites\/lancien-diable-rouge-radja-nainggolan-36-ans-passe-etonnamment-a-lokeren-temse\/#primaryimage\"},\"thumbnailUrl\":\"https:\/\/vieassociative.be\/actualites\/wp-content\/uploads\/2025\/01\/1737598629_Lancien-Diable-Rouge-Radja-Nainggolan-36-ans-passe-etonnamment-a.jpeg\",\"keywords\":[\"ans\",\"diable\",\"\u00e9tonnamment\",\"Lancien\",\"LokerenTemse\",\"Nainggolan\",\"passe\",\"Radja\",\"rouge\"],\"articleSection\":[\"Belgique\"],\"inLanguage\":\"fr-BE\"},{\"@type\":\"WebPage\",\"@id\":\"https:\/\/vieassociative.be\/actualites\/lancien-diable-rouge-radja-nainggolan-36-ans-passe-etonnamment-a-lokeren-temse\/\",\"url\":\"https:\/\/vieassociative.be\/actualites\/lancien-diable-rouge-radja-nainggolan-36-ans-passe-etonnamment-a-lokeren-temse\/\",\"name\":\"L'ancien Diable Rouge Radja Nainggolan (36 ans) passe \u00e9tonnamment \u00e0 Lokeren-Temse | Vie Associative\",\"isPartOf\":{\"@id\":\"https:\/\/vieassociative.be\/actualites\/#website\"},\"primaryImageOfPage\":{\"@id\":\"https:\/\/vieassociative.be\/actualites\/lancien-diable-rouge-radja-nainggolan-36-ans-passe-etonnamment-a-lokeren-temse\/#primaryimage\"},\"image\":{\"@id\":\"https:\/\/vieassociative.be\/actualites\/lancien-diable-rouge-radja-nainggolan-36-ans-passe-etonnamment-a-lokeren-temse\/#primaryimage\"},\"thumbnailUrl\":\"https:\/\/vieassociative.be\/actualites\/wp-content\/uploads\/2025\/01\/1737598629_Lancien-Diable-Rouge-Radja-Nainggolan-36-ans-passe-etonnamment-a.jpeg\",\"datePublished\":\"2025-01-23T02:17:09+00:00\",\"dateModified\":\"2025-01-23T02:17:09+00:00\",\"breadcrumb\":{\"@id\":\"https:\/\/vieassociative.be\/actualites\/lancien-diable-rouge-radja-nainggolan-36-ans-passe-etonnamment-a-lokeren-temse\/#breadcrumb\"},\"inLanguage\":\"fr-BE\",\"potentialAction\":[{\"@type\":\"ReadAction\",\"target\":[\"https:\/\/vieassociative.be\/actualites\/lancien-diable-rouge-radja-nainggolan-36-ans-passe-etonnamment-a-lokeren-temse\/\"]}]},{\"@type\":\"ImageObject\",\"inLanguage\":\"fr-BE\",\"@id\":\"https:\/\/vieassociative.be\/actualites\/lancien-diable-rouge-radja-nainggolan-36-ans-passe-etonnamment-a-lokeren-temse\/#primaryimage\",\"url\":\"https:\/\/vieassociative.be\/actualites\/wp-content\/uploads\/2025\/01\/1737598629_Lancien-Diable-Rouge-Radja-Nainggolan-36-ans-passe-etonnamment-a.jpeg\",\"contentUrl\":\"https:\/\/vieassociative.be\/actualites\/wp-content\/uploads\/2025\/01\/1737598629_Lancien-Diable-Rouge-Radja-Nainggolan-36-ans-passe-etonnamment-a.jpeg\",\"width\":1000,\"height\":665,\"caption\":\"L'ancien Diable Rouge Radja Nainggolan (36 ans) passe \u00e9tonnamment \u00e0 Lokeren-Temse\"},{\"@type\":\"BreadcrumbList\",\"@id\":\"https:\/\/vieassociative.be\/actualites\/lancien-diable-rouge-radja-nainggolan-36-ans-passe-etonnamment-a-lokeren-temse\/#breadcrumb\",\"itemListElement\":[{\"@type\":\"ListItem\",\"position\":1,\"name\":\"Accueil\",\"item\":\"https:\/\/vieassociative.be\/actualites\/\"},{\"@type\":\"ListItem\",\"position\":2,\"name\":\"L&rsquo;ancien Diable Rouge Radja Nainggolan (36 ans) passe \u00e9tonnamment \u00e0 Lokeren-Temse\"}]},{\"@type\":\"WebSite\",\"@id\":\"https:\/\/vieassociative.be\/actualites\/#website\",\"url\":\"https:\/\/vieassociative.be\/actualites\/\",\"name\":\"Vie Associative\",\"description\":\"\",\"publisher\":{\"@id\":\"https:\/\/vieassociative.be\/actualites\/#organization\"},\"potentialAction\":[{\"@type\":\"SearchAction\",\"target\":{\"@type\":\"EntryPoint\",\"urlTemplate\":\"https:\/\/vieassociative.be\/actualites\/?s={search_term_string}\"},\"query-input\":{\"@type\":\"PropertyValueSpecification\",\"valueRequired\":true,\"valueName\":\"search_term_string\"}}],\"inLanguage\":\"fr-BE\"},{\"@type\":\"Organization\",\"@id\":\"https:\/\/vieassociative.be\/actualites\/#organization\",\"name\":\"Vie Associative\",\"url\":\"https:\/\/vieassociative.be\/actualites\/\",\"logo\":{\"@type\":\"ImageObject\",\"inLanguage\":\"fr-BE\",\"@id\":\"https:\/\/vieassociative.be\/actualites\/#\/schema\/logo\/image\/\",\"url\":\"https:\/\/vieassociative.be\/actualites\/wp-content\/uploads\/2024\/09\/cropped-vieassociative_favicon.ico.png\",\"contentUrl\":\"https:\/\/vieassociative.be\/actualites\/wp-content\/uploads\/2024\/09\/cropped-vieassociative_favicon.ico.png\",\"width\":512,\"height\":512,\"caption\":\"Vie Associative\"},\"image\":{\"@id\":\"https:\/\/vieassociative.be\/actualites\/#\/schema\/logo\/image\/\"}},{\"@type\":\"Person\",\"@id\":\"https:\/\/vieassociative.be\/actualites\/#\/schema\/person\/b87ac4f82f9d4e7b7cec7395b679edc4\",\"name\":\"Julien\",\"image\":{\"@type\":\"ImageObject\",\"inLanguage\":\"fr-BE\",\"@id\":\"https:\/\/vieassociative.be\/actualites\/#\/schema\/person\/image\/\",\"url\":\"https:\/\/vieassociative.be\/actualites\/wp-content\/uploads\/2024\/09\/vie-associative-1-150x150.jpg\",\"contentUrl\":\"https:\/\/vieassociative.be\/actualites\/wp-content\/uploads\/2024\/09\/vie-associative-1-150x150.jpg\",\"caption\":\"Julien\"},\"description\":\"Je suis Julien, r\u00e9dacteur pour Vie Associative. Passionn\u00e9 par le monde associatif depuis plus de 10 ans, j'ai \u00e0 c\u0153ur de partager des histoires inspirantes et de mettre en lumi\u00e8re les initiatives locales. Mon objectif est de sensibiliser et d'encourager l'engagement communautaire \u00e0 travers mes articles.\",\"sameAs\":[\"https:\/\/vieassociative.be\/\"]}]}<\/script>\n<!-- \/ Yoast SEO plugin. -->","yoast_head_json":{"title":"L'ancien Diable Rouge Radja Nainggolan (36 ans) passe \u00e9tonnamment \u00e0 Lokeren-Temse | Vie Associative","robots":{"index":"index","follow":"follow","max-snippet":"max-snippet:-1","max-image-preview":"max-image-preview:large","max-video-preview":"max-video-preview:-1"},"canonical":"https:\/\/vieassociative.be\/actualites\/lancien-diable-rouge-radja-nainggolan-36-ans-passe-etonnamment-a-lokeren-temse\/","og_locale":"fr_FR","og_type":"article","og_title":"L'ancien Diable Rouge Radja Nainggolan (36 ans) passe \u00e9tonnamment \u00e0 Lokeren-Temse | Vie Associative","og_description":"La Challenger Pro League, \u00e0 laquelle appartient \u00e9galement l&rsquo;AS Eupen, pr\u00e9sente un nouvel attrait : l&rsquo;ancien Diable Rouge Radja Nainggolan rejoint de mani\u00e8re tout \u00e0","og_url":"https:\/\/vieassociative.be\/actualites\/lancien-diable-rouge-radja-nainggolan-36-ans-passe-etonnamment-a-lokeren-temse\/","og_site_name":"Vie Associative","article_published_time":"2025-01-23T02:17:09+00:00","og_image":[{"width":279,"height":92,"url":"https:\/\/vieassociative.be\/actualites\/wp-content\/uploads\/2024\/09\/header_backgroundk-01-e1726694325946.png","type":"image\/png"}],"author":"Julien","twitter_card":"summary_large_image","twitter_misc":{"\u00c9crit par":"Julien","Dur\u00e9e de lecture est.":"1 minute"},"schema":{"@context":"https:\/\/schema.org","@graph":[{"@type":"Article","@id":"https:\/\/vieassociative.be\/actualites\/lancien-diable-rouge-radja-nainggolan-36-ans-passe-etonnamment-a-lokeren-temse\/#article","isPartOf":{"@id":"https:\/\/vieassociative.be\/actualites\/lancien-diable-rouge-radja-nainggolan-36-ans-passe-etonnamment-a-lokeren-temse\/"},"author":{"name":"Julien","@id":"https:\/\/vieassociative.be\/actualites\/#\/schema\/person\/b87ac4f82f9d4e7b7cec7395b679edc4"},"headline":"L&rsquo;ancien Diable Rouge Radja Nainggolan (36 ans) passe \u00e9tonnamment \u00e0 Lokeren-Temse","datePublished":"2025-01-23T02:17:09+00:00","dateModified":"2025-01-23T02:17:09+00:00","mainEntityOfPage":{"@id":"https:\/\/vieassociative.be\/actualites\/lancien-diable-rouge-radja-nainggolan-36-ans-passe-etonnamment-a-lokeren-temse\/"},"wordCount":262,"publisher":{"@id":"https:\/\/vieassociative.be\/actualites\/#organization"},"image":{"@id":"https:\/\/vieassociative.be\/actualites\/lancien-diable-rouge-radja-nainggolan-36-ans-passe-etonnamment-a-lokeren-temse\/#primaryimage"},"thumbnailUrl":"https:\/\/vieassociative.be\/actualites\/wp-content\/uploads\/2025\/01\/1737598629_Lancien-Diable-Rouge-Radja-Nainggolan-36-ans-passe-etonnamment-a.jpeg","keywords":["ans","diable","\u00e9tonnamment","Lancien","LokerenTemse","Nainggolan","passe","Radja","rouge"],"articleSection":["Belgique"],"inLanguage":"fr-BE"},{"@type":"WebPage","@id":"https:\/\/vieassociative.be\/actualites\/lancien-diable-rouge-radja-nainggolan-36-ans-passe-etonnamment-a-lokeren-temse\/","url":"https:\/\/vieassociative.be\/actualites\/lancien-diable-rouge-radja-nainggolan-36-ans-passe-etonnamment-a-lokeren-temse\/","name":"L'ancien Diable Rouge Radja Nainggolan (36 ans) passe \u00e9tonnamment \u00e0 Lokeren-Temse | Vie Associative","isPartOf":{"@id":"https:\/\/vieassociative.be\/actualites\/#website"},"primaryImageOfPage":{"@id":"https:\/\/vieassociative.be\/actualites\/lancien-diable-rouge-radja-nainggolan-36-ans-passe-etonnamment-a-lokeren-temse\/#primaryimage"},"image":{"@id":"https:\/\/vieassociative.be\/actualites\/lancien-diable-rouge-radja-nainggolan-36-ans-passe-etonnamment-a-lokeren-temse\/#primaryimage"},"thumbnailUrl":"https:\/\/vieassociative.be\/actualites\/wp-content\/uploads\/2025\/01\/1737598629_Lancien-Diable-Rouge-Radja-Nainggolan-36-ans-passe-etonnamment-a.jpeg","datePublished":"2025-01-23T02:17:09+00:00","dateModified":"2025-01-23T02:17:09+00:00","breadcrumb":{"@id":"https:\/\/vieassociative.be\/actualites\/lancien-diable-rouge-radja-nainggolan-36-ans-passe-etonnamment-a-lokeren-temse\/#breadcrumb"},"inLanguage":"fr-BE","potentialAction":[{"@type":"ReadAction","target":["https:\/\/vieassociative.be\/actualites\/lancien-diable-rouge-radja-nainggolan-36-ans-passe-etonnamment-a-lokeren-temse\/"]}]},{"@type":"ImageObject","inLanguage":"fr-BE","@id":"https:\/\/vieassociative.be\/actualites\/lancien-diable-rouge-radja-nainggolan-36-ans-passe-etonnamment-a-lokeren-temse\/#primaryimage","url":"https:\/\/vieassociative.be\/actualites\/wp-content\/uploads\/2025\/01\/1737598629_Lancien-Diable-Rouge-Radja-Nainggolan-36-ans-passe-etonnamment-a.jpeg","contentUrl":"https:\/\/vieassociative.be\/actualites\/wp-content\/uploads\/2025\/01\/1737598629_Lancien-Diable-Rouge-Radja-Nainggolan-36-ans-passe-etonnamment-a.jpeg","width":1000,"height":665,"caption":"L'ancien Diable Rouge Radja Nainggolan (36 ans) passe \u00e9tonnamment \u00e0 Lokeren-Temse"},{"@type":"BreadcrumbList","@id":"https:\/\/vieassociative.be\/actualites\/lancien-diable-rouge-radja-nainggolan-36-ans-passe-etonnamment-a-lokeren-temse\/#breadcrumb","itemListElement":[{"@type":"ListItem","position":1,"name":"Accueil","item":"https:\/\/vieassociative.be\/actualites\/"},{"@type":"ListItem","position":2,"name":"L&rsquo;ancien Diable Rouge Radja Nainggolan (36 ans) passe \u00e9tonnamment \u00e0 Lokeren-Temse"}]},{"@type":"WebSite","@id":"https:\/\/vieassociative.be\/actualites\/#website","url":"https:\/\/vieassociative.be\/actualites\/","name":"Vie Associative","description":"","publisher":{"@id":"https:\/\/vieassociative.be\/actualites\/#organization"},"potentialAction":[{"@type":"SearchAction","target":{"@type":"EntryPoint","urlTemplate":"https:\/\/vieassociative.be\/actualites\/?s={search_term_string}"},"query-input":{"@type":"PropertyValueSpecification","valueRequired":true,"valueName":"search_term_string"}}],"inLanguage":"fr-BE"},{"@type":"Organization","@id":"https:\/\/vieassociative.be\/actualites\/#organization","name":"Vie Associative","url":"https:\/\/vieassociative.be\/actualites\/","logo":{"@type":"ImageObject","inLanguage":"fr-BE","@id":"https:\/\/vieassociative.be\/actualites\/#\/schema\/logo\/image\/","url":"https:\/\/vieassociative.be\/actualites\/wp-content\/uploads\/2024\/09\/cropped-vieassociative_favicon.ico.png","contentUrl":"https:\/\/vieassociative.be\/actualites\/wp-content\/uploads\/2024\/09\/cropped-vieassociative_favicon.ico.png","width":512,"height":512,"caption":"Vie Associative"},"image":{"@id":"https:\/\/vieassociative.be\/actualites\/#\/schema\/logo\/image\/"}},{"@type":"Person","@id":"https:\/\/vieassociative.be\/actualites\/#\/schema\/person\/b87ac4f82f9d4e7b7cec7395b679edc4","name":"Julien","image":{"@type":"ImageObject","inLanguage":"fr-BE","@id":"https:\/\/vieassociative.be\/actualites\/#\/schema\/person\/image\/","url":"https:\/\/vieassociative.be\/actualites\/wp-content\/uploads\/2024\/09\/vie-associative-1-150x150.jpg","contentUrl":"https:\/\/vieassociative.be\/actualites\/wp-content\/uploads\/2024\/09\/vie-associative-1-150x150.jpg","caption":"Julien"},"description":"Je suis Julien, r\u00e9dacteur pour Vie Associative. Passionn\u00e9 par le monde associatif depuis plus de 10 ans, j'ai \u00e0 c\u0153ur de partager des histoires inspirantes et de mettre en lumi\u00e8re les initiatives locales. Mon objectif est de sensibiliser et d'encourager l'engagement communautaire \u00e0 travers mes articles.","sameAs":["https:\/\/vieassociative.be\/"]}]}},"_links":{"self":[{"href":"https:\/\/vieassociative.be\/actualites\/wp-json\/wp\/v2\/posts\/4519"}],"collection":[{"href":"https:\/\/vieassociative.be\/actualites\/wp-json\/wp\/v2\/posts"}],"about":[{"href":"https:\/\/vieassociative.be\/actualites\/wp-json\/wp\/v2\/types\/post"}],"author":[{"embeddable":true,"href":"https:\/\/vieassociative.be\/actualites\/wp-json\/wp\/v2\/users\/1"}],"replies":[{"embeddable":true,"href":"https:\/\/vieassociative.be\/actualites\/wp-json\/wp\/v2\/comments?post=4519"}],"version-history":[{"count":0,"href":"https:\/\/vieassociative.be\/actualites\/wp-json\/wp\/v2\/posts\/4519\/revisions"}],"wp:featuredmedia":[{"embeddable":true,"href":"https:\/\/vieassociative.be\/actualites\/wp-json\/wp\/v2\/media\/4520"}],"wp:attachment":[{"href":"https:\/\/vieassociative.be\/actualites\/wp-json\/wp\/v2\/media?parent=4519"}],"wp:term":[{"taxonomy":"category","embeddable":true,"href":"https:\/\/vieassociative.be\/actualites\/wp-json\/wp\/v2\/categories?post=4519"},{"taxonomy":"post_tag","embeddable":true,"href":"https:\/\/vieassociative.be\/actualites\/wp-json\/wp\/v2\/tags?post=4519"}],"curies":[{"name":"wp","href":"https:\/\/api.w.org\/{rel}","templated":true}]}}