{"id":4517,"date":"2025-01-23T02:18:04","date_gmt":"2025-01-23T01:18:04","guid":{"rendered":"https:\/\/vieassociative.be\/actualites\/samsung-vient-de-nous-donner-notre-premier-apercu-dun-mysterieux-smartphone-galaxy-plus-fin\/"},"modified":"2025-01-23T02:18:04","modified_gmt":"2025-01-23T01:18:04","slug":"samsung-vient-de-nous-donner-notre-premier-apercu-dun-mysterieux-smartphone-galaxy-plus-fin","status":"publish","type":"post","link":"https:\/\/vieassociative.be\/actualites\/samsung-vient-de-nous-donner-notre-premier-apercu-dun-mysterieux-smartphone-galaxy-plus-fin\/","title":{"rendered":"Samsung vient de nous donner notre premier aper\u00e7u d\u2019un myst\u00e9rieux smartphone Galaxy plus fin"},"content":{"rendered":"<div class=\"mt-4 leading-6 md:mb-8\">Samsung pourrait battre Apple sur le march\u00e9 avec un smartphone fin.<\/div>\n<p><\/p>\n<p>Samsung a peut-\u00eatre annonc\u00e9 trois t\u00e9l\u00e9phones Galaxy aujourd&rsquo;hui, dont les Galaxy S25, S25+ et S25 Ultra, mais cela n&rsquo;a pas emp\u00each\u00e9 la soci\u00e9t\u00e9 d&rsquo;en taquiner un quatri\u00e8me. Parall\u00e8lement aux sp\u00e9cifications d\u00e9taill\u00e9es de la nouvelle gamme qui arrivera le 7 f\u00e9vrier, Samsung a \u00e9galement fait allusion \u00e0 un futur t\u00e9l\u00e9phone plus myst\u00e9rieux appel\u00e9 le Galaxy S25 Edge.<\/p>\n<p>Cette annonce est intervenue vers la fin de l&rsquo;\u00e9v\u00e9nement Unpacked de Samsung et n&rsquo;a pas donn\u00e9 aux t\u00e9l\u00e9spectateurs beaucoup plus de travail qu&rsquo;un nom et quelques rendus. \u00c0 premi\u00e8re vue, cependant, le Edge semble \u00eatre une version plus fine du Galaxy S25, avec une bosse de cam\u00e9ra \u00e0 double objectif remplac\u00e9e pour aider \u00e0 s&rsquo;adapter au corps plus petit.<\/p>\n<div class=\"eloquent-imagery-image\">\n<div class=\"flex justify-center\">\n                    <img decoding=\"async\" class=\"border border-gray-100\" src=\"https:\/\/vieassociative.be\/actualites\/wp-content\/uploads\/2025\/01\/Samsung-vient-de-nous-donner-notre-premier-apercu-dun-mysterieux.png\" alt=\"Bo\u00eetier de l'appareil photo du Samsung Galaxy S25 Edge\" width=\"2000\" height=\"1125\" loading=\"lazy\"  >\n            <\/div>\n<\/p><\/div>\n<p>Cela co\u00efnciderait avec les rumeurs selon lesquelles Apple travaillerait \u00e9galement sur un iPhone Air, qui ont \u00e9t\u00e9 partag\u00e9es par des sources r\u00e9put\u00e9es, notamment l&rsquo;analyste de la cha\u00eene d&rsquo;approvisionnement Ming-Chi Kuo et le journaliste technique de Bloomberg, Mark Gurman.<\/p>\n<p>En supposant que ces rumeurs soient vraies, la sortie cons\u00e9cutive de l&rsquo;iPhone Air et du Galaxy Edge semblerait indiquer une transition prochaine vers des t\u00e9l\u00e9phones plus minces, ce qui pourrait potentiellement convaincre les utilisateurs de mettre \u00e0 niveau leurs combin\u00e9s face au d\u00e9clin de l&rsquo;int\u00e9r\u00eat pour les t\u00e9l\u00e9phones pliables. et des mises \u00e0 jour de plus en plus it\u00e9ratives du format standard.<\/p>\n<p>Selon Android Authority, qui s&rsquo;est entretenu avec un repr\u00e9sentant de Samsung en Afrique du Sud, l&rsquo;Edge arrivera certainement en Cor\u00e9e du Sud et aux \u00c9tats-Unis lors de son lancement dans le futur, mais cela pourrait prendre un certain temps pour atteindre le reste du monde.<\/p>\n<div class=\"eloquent-imagery-image\">\n<div class=\"flex justify-center\">\n                    <img decoding=\"async\" class=\"border border-gray-100\" src=\"https:\/\/vieassociative.be\/actualites\/wp-content\/uploads\/2025\/01\/1737595084_656_Samsung-vient-de-nous-donner-notre-premier-apercu-dun-mysterieux.png\" alt=\"Samsung Galaxy S25 Edge en profil\" width=\"2000\" height=\"1125\" loading=\"lazy\"  >\n            <\/div>\n<\/p><\/div>\n<p>En ce qui concerne les sp\u00e9cifications \u00e0 pr\u00e9voir, le pr\u00e9sident des appareils mobiles de Samsung, TM Roh, a d\u00e9clar\u00e9 \u00e0 Bloomberg que \u00ab\u00a0l&rsquo;Edge utilisera certaines des m\u00eames technologies que le nouveau mod\u00e8le Ultra, mais les int\u00e9grera dans un design all\u00e9g\u00e9.\u00a0\u00bb \u00c9tant donn\u00e9 ce qui semble \u00eatre une capacit\u00e9 de cam\u00e9ra tr\u00e8s r\u00e9duite, j&rsquo;en suis un peu sceptique, mais peut-\u00eatre que l&rsquo;Edge battra vraiment le S25 de base.<\/p>\n<p>Avec ce genre de puissance dans un si petit facteur de forme, je m&rsquo;attendrais certainement \u00e0 un prix plus \u00e9lev\u00e9 (le S25 de base commence \u00e0 800 $), bien que ce soit encore secret pour le moment. Sa date de sortie est \u00e9galement encore en suspens, du moins officiellement, mais Gurman a post\u00e9 sur X qu&rsquo;il s&rsquo;attendrait \u00e0 ce que le t\u00e9l\u00e9phone \u00ab\u00a0au premier semestre de cette ann\u00e9e\u00a0\u00bb.<\/p>\n","protected":false},"excerpt":{"rendered":"<p>Samsung pourrait battre Apple sur le march\u00e9 avec un smartphone fin. Samsung a peut-\u00eatre annonc\u00e9 trois t\u00e9l\u00e9phones Galaxy aujourd&rsquo;hui, dont les Galaxy S25, S25+ et<\/p>\n","protected":false},"author":1,"featured_media":4518,"comment_status":"","ping_status":"","sticky":false,"template":"","format":"standard","meta":{"footnotes":""},"categories":[13],"tags":[4895,818,354,1908,4183,4896,609,393,443,1878,4897,1213],"class_list":["post-4517","post","type-post","status-publish","format-standard","has-post-thumbnail","hentry","category-technologie","tag-apercu","tag-donner","tag-dun","tag-fin","tag-galaxy","tag-mysterieux","tag-notre","tag-nous","tag-premier","tag-samsung","tag-smartphone","tag-vient","generate-columns","tablet-grid-50","mobile-grid-100","grid-parent","grid-33"],"yoast_head":"<!-- This site is optimized with the Yoast SEO plugin v24.0 - https:\/\/yoast.com\/wordpress\/plugins\/seo\/ -->\n<title>Samsung vient de nous donner notre premier aper\u00e7u d\u2019un myst\u00e9rieux smartphone Galaxy plus fin | Vie Associative<\/title>\n<meta name=\"robots\" content=\"index, follow, max-snippet:-1, max-image-preview:large, max-video-preview:-1\" \/>\n<link rel=\"canonical\" href=\"https:\/\/vieassociative.be\/actualites\/samsung-vient-de-nous-donner-notre-premier-apercu-dun-mysterieux-smartphone-galaxy-plus-fin\/\" \/>\n<meta property=\"og:locale\" content=\"fr_FR\" \/>\n<meta property=\"og:type\" content=\"article\" \/>\n<meta property=\"og:title\" content=\"Samsung vient de nous donner notre premier aper\u00e7u d\u2019un myst\u00e9rieux smartphone Galaxy plus fin | Vie Associative\" \/>\n<meta property=\"og:description\" content=\"Samsung pourrait battre Apple sur le march\u00e9 avec un smartphone fin. Samsung a peut-\u00eatre annonc\u00e9 trois t\u00e9l\u00e9phones Galaxy aujourd&rsquo;hui, dont les Galaxy S25, S25+ et\" \/>\n<meta property=\"og:url\" content=\"https:\/\/vieassociative.be\/actualites\/samsung-vient-de-nous-donner-notre-premier-apercu-dun-mysterieux-smartphone-galaxy-plus-fin\/\" \/>\n<meta property=\"og:site_name\" content=\"Vie Associative\" \/>\n<meta property=\"article:published_time\" content=\"2025-01-23T01:18:04+00:00\" \/>\n<meta property=\"og:image\" content=\"https:\/\/vieassociative.be\/actualites\/wp-content\/uploads\/2025\/01\/Samsung-vient-de-nous-donner-notre-premier-apercu-dun-mysterieux.png\" \/>\n<meta name=\"author\" content=\"Julien\" \/>\n<meta name=\"twitter:card\" content=\"summary_large_image\" \/>\n<meta name=\"twitter:label1\" content=\"\u00c9crit par\" \/>\n\t<meta name=\"twitter:data1\" content=\"Julien\" \/>\n\t<meta name=\"twitter:label2\" content=\"Dur\u00e9e de lecture est.\" \/>\n\t<meta name=\"twitter:data2\" content=\"2 minutes\" \/>\n<script type=\"application\/ld+json\" class=\"yoast-schema-graph\">{\"@context\":\"https:\/\/schema.org\",\"@graph\":[{\"@type\":\"Article\",\"@id\":\"https:\/\/vieassociative.be\/actualites\/samsung-vient-de-nous-donner-notre-premier-apercu-dun-mysterieux-smartphone-galaxy-plus-fin\/#article\",\"isPartOf\":{\"@id\":\"https:\/\/vieassociative.be\/actualites\/samsung-vient-de-nous-donner-notre-premier-apercu-dun-mysterieux-smartphone-galaxy-plus-fin\/\"},\"author\":{\"name\":\"Julien\",\"@id\":\"https:\/\/vieassociative.be\/actualites\/#\/schema\/person\/b87ac4f82f9d4e7b7cec7395b679edc4\"},\"headline\":\"Samsung vient de nous donner notre premier aper\u00e7u d\u2019un myst\u00e9rieux smartphone Galaxy plus fin\",\"datePublished\":\"2025-01-23T01:18:04+00:00\",\"dateModified\":\"2025-01-23T01:18:04+00:00\",\"mainEntityOfPage\":{\"@id\":\"https:\/\/vieassociative.be\/actualites\/samsung-vient-de-nous-donner-notre-premier-apercu-dun-mysterieux-smartphone-galaxy-plus-fin\/\"},\"wordCount\":480,\"publisher\":{\"@id\":\"https:\/\/vieassociative.be\/actualites\/#organization\"},\"image\":{\"@id\":\"https:\/\/vieassociative.be\/actualites\/samsung-vient-de-nous-donner-notre-premier-apercu-dun-mysterieux-smartphone-galaxy-plus-fin\/#primaryimage\"},\"thumbnailUrl\":\"https:\/\/vieassociative.be\/actualites\/wp-content\/uploads\/2025\/01\/1737595085_Samsung-vient-de-nous-donner-notre-premier-apercu-dun-mysterieux.png\",\"keywords\":[\"aper\u00e7u\",\"donner\",\"dun\",\"fin\",\"Galaxy\",\"myst\u00e9rieux\",\"notre\",\"nous\",\"premier\",\"Samsung\",\"smartphone\",\"vient\"],\"articleSection\":[\"Technologie\"],\"inLanguage\":\"fr-BE\"},{\"@type\":\"WebPage\",\"@id\":\"https:\/\/vieassociative.be\/actualites\/samsung-vient-de-nous-donner-notre-premier-apercu-dun-mysterieux-smartphone-galaxy-plus-fin\/\",\"url\":\"https:\/\/vieassociative.be\/actualites\/samsung-vient-de-nous-donner-notre-premier-apercu-dun-mysterieux-smartphone-galaxy-plus-fin\/\",\"name\":\"Samsung vient de nous donner notre premier aper\u00e7u d\u2019un myst\u00e9rieux smartphone Galaxy plus fin | Vie Associative\",\"isPartOf\":{\"@id\":\"https:\/\/vieassociative.be\/actualites\/#website\"},\"primaryImageOfPage\":{\"@id\":\"https:\/\/vieassociative.be\/actualites\/samsung-vient-de-nous-donner-notre-premier-apercu-dun-mysterieux-smartphone-galaxy-plus-fin\/#primaryimage\"},\"image\":{\"@id\":\"https:\/\/vieassociative.be\/actualites\/samsung-vient-de-nous-donner-notre-premier-apercu-dun-mysterieux-smartphone-galaxy-plus-fin\/#primaryimage\"},\"thumbnailUrl\":\"https:\/\/vieassociative.be\/actualites\/wp-content\/uploads\/2025\/01\/1737595085_Samsung-vient-de-nous-donner-notre-premier-apercu-dun-mysterieux.png\",\"datePublished\":\"2025-01-23T01:18:04+00:00\",\"dateModified\":\"2025-01-23T01:18:04+00:00\",\"breadcrumb\":{\"@id\":\"https:\/\/vieassociative.be\/actualites\/samsung-vient-de-nous-donner-notre-premier-apercu-dun-mysterieux-smartphone-galaxy-plus-fin\/#breadcrumb\"},\"inLanguage\":\"fr-BE\",\"potentialAction\":[{\"@type\":\"ReadAction\",\"target\":[\"https:\/\/vieassociative.be\/actualites\/samsung-vient-de-nous-donner-notre-premier-apercu-dun-mysterieux-smartphone-galaxy-plus-fin\/\"]}]},{\"@type\":\"ImageObject\",\"inLanguage\":\"fr-BE\",\"@id\":\"https:\/\/vieassociative.be\/actualites\/samsung-vient-de-nous-donner-notre-premier-apercu-dun-mysterieux-smartphone-galaxy-plus-fin\/#primaryimage\",\"url\":\"https:\/\/vieassociative.be\/actualites\/wp-content\/uploads\/2025\/01\/1737595085_Samsung-vient-de-nous-donner-notre-premier-apercu-dun-mysterieux.png\",\"contentUrl\":\"https:\/\/vieassociative.be\/actualites\/wp-content\/uploads\/2025\/01\/1737595085_Samsung-vient-de-nous-donner-notre-premier-apercu-dun-mysterieux.png\",\"width\":1200,\"height\":675,\"caption\":\"Samsung vient de nous donner notre premier aper\u00e7u d\u2019un myst\u00e9rieux smartphone Galaxy plus fin\"},{\"@type\":\"BreadcrumbList\",\"@id\":\"https:\/\/vieassociative.be\/actualites\/samsung-vient-de-nous-donner-notre-premier-apercu-dun-mysterieux-smartphone-galaxy-plus-fin\/#breadcrumb\",\"itemListElement\":[{\"@type\":\"ListItem\",\"position\":1,\"name\":\"Accueil\",\"item\":\"https:\/\/vieassociative.be\/actualites\/\"},{\"@type\":\"ListItem\",\"position\":2,\"name\":\"Samsung vient de nous donner notre premier aper\u00e7u d\u2019un myst\u00e9rieux smartphone Galaxy plus fin\"}]},{\"@type\":\"WebSite\",\"@id\":\"https:\/\/vieassociative.be\/actualites\/#website\",\"url\":\"https:\/\/vieassociative.be\/actualites\/\",\"name\":\"Vie Associative\",\"description\":\"\",\"publisher\":{\"@id\":\"https:\/\/vieassociative.be\/actualites\/#organization\"},\"potentialAction\":[{\"@type\":\"SearchAction\",\"target\":{\"@type\":\"EntryPoint\",\"urlTemplate\":\"https:\/\/vieassociative.be\/actualites\/?s={search_term_string}\"},\"query-input\":{\"@type\":\"PropertyValueSpecification\",\"valueRequired\":true,\"valueName\":\"search_term_string\"}}],\"inLanguage\":\"fr-BE\"},{\"@type\":\"Organization\",\"@id\":\"https:\/\/vieassociative.be\/actualites\/#organization\",\"name\":\"Vie Associative\",\"url\":\"https:\/\/vieassociative.be\/actualites\/\",\"logo\":{\"@type\":\"ImageObject\",\"inLanguage\":\"fr-BE\",\"@id\":\"https:\/\/vieassociative.be\/actualites\/#\/schema\/logo\/image\/\",\"url\":\"https:\/\/vieassociative.be\/actualites\/wp-content\/uploads\/2024\/09\/cropped-vieassociative_favicon.ico.png\",\"contentUrl\":\"https:\/\/vieassociative.be\/actualites\/wp-content\/uploads\/2024\/09\/cropped-vieassociative_favicon.ico.png\",\"width\":512,\"height\":512,\"caption\":\"Vie Associative\"},\"image\":{\"@id\":\"https:\/\/vieassociative.be\/actualites\/#\/schema\/logo\/image\/\"}},{\"@type\":\"Person\",\"@id\":\"https:\/\/vieassociative.be\/actualites\/#\/schema\/person\/b87ac4f82f9d4e7b7cec7395b679edc4\",\"name\":\"Julien\",\"image\":{\"@type\":\"ImageObject\",\"inLanguage\":\"fr-BE\",\"@id\":\"https:\/\/vieassociative.be\/actualites\/#\/schema\/person\/image\/\",\"url\":\"https:\/\/vieassociative.be\/actualites\/wp-content\/uploads\/2024\/09\/vie-associative-1-150x150.jpg\",\"contentUrl\":\"https:\/\/vieassociative.be\/actualites\/wp-content\/uploads\/2024\/09\/vie-associative-1-150x150.jpg\",\"caption\":\"Julien\"},\"description\":\"Je suis Julien, r\u00e9dacteur pour Vie Associative. Passionn\u00e9 par le monde associatif depuis plus de 10 ans, j'ai \u00e0 c\u0153ur de partager des histoires inspirantes et de mettre en lumi\u00e8re les initiatives locales. Mon objectif est de sensibiliser et d'encourager l'engagement communautaire \u00e0 travers mes articles.\",\"sameAs\":[\"https:\/\/vieassociative.be\/\"]}]}<\/script>\n<!-- \/ Yoast SEO plugin. -->","yoast_head_json":{"title":"Samsung vient de nous donner notre premier aper\u00e7u d\u2019un myst\u00e9rieux smartphone Galaxy plus fin | Vie Associative","robots":{"index":"index","follow":"follow","max-snippet":"max-snippet:-1","max-image-preview":"max-image-preview:large","max-video-preview":"max-video-preview:-1"},"canonical":"https:\/\/vieassociative.be\/actualites\/samsung-vient-de-nous-donner-notre-premier-apercu-dun-mysterieux-smartphone-galaxy-plus-fin\/","og_locale":"fr_FR","og_type":"article","og_title":"Samsung vient de nous donner notre premier aper\u00e7u d\u2019un myst\u00e9rieux smartphone Galaxy plus fin | Vie Associative","og_description":"Samsung pourrait battre Apple sur le march\u00e9 avec un smartphone fin. Samsung a peut-\u00eatre annonc\u00e9 trois t\u00e9l\u00e9phones Galaxy aujourd&rsquo;hui, dont les Galaxy S25, S25+ et","og_url":"https:\/\/vieassociative.be\/actualites\/samsung-vient-de-nous-donner-notre-premier-apercu-dun-mysterieux-smartphone-galaxy-plus-fin\/","og_site_name":"Vie Associative","article_published_time":"2025-01-23T01:18:04+00:00","og_image":[{"url":"https:\/\/vieassociative.be\/actualites\/wp-content\/uploads\/2025\/01\/Samsung-vient-de-nous-donner-notre-premier-apercu-dun-mysterieux.png","type":"","width":"","height":""}],"author":"Julien","twitter_card":"summary_large_image","twitter_misc":{"\u00c9crit par":"Julien","Dur\u00e9e de lecture est.":"2 minutes"},"schema":{"@context":"https:\/\/schema.org","@graph":[{"@type":"Article","@id":"https:\/\/vieassociative.be\/actualites\/samsung-vient-de-nous-donner-notre-premier-apercu-dun-mysterieux-smartphone-galaxy-plus-fin\/#article","isPartOf":{"@id":"https:\/\/vieassociative.be\/actualites\/samsung-vient-de-nous-donner-notre-premier-apercu-dun-mysterieux-smartphone-galaxy-plus-fin\/"},"author":{"name":"Julien","@id":"https:\/\/vieassociative.be\/actualites\/#\/schema\/person\/b87ac4f82f9d4e7b7cec7395b679edc4"},"headline":"Samsung vient de nous donner notre premier aper\u00e7u d\u2019un myst\u00e9rieux smartphone Galaxy plus fin","datePublished":"2025-01-23T01:18:04+00:00","dateModified":"2025-01-23T01:18:04+00:00","mainEntityOfPage":{"@id":"https:\/\/vieassociative.be\/actualites\/samsung-vient-de-nous-donner-notre-premier-apercu-dun-mysterieux-smartphone-galaxy-plus-fin\/"},"wordCount":480,"publisher":{"@id":"https:\/\/vieassociative.be\/actualites\/#organization"},"image":{"@id":"https:\/\/vieassociative.be\/actualites\/samsung-vient-de-nous-donner-notre-premier-apercu-dun-mysterieux-smartphone-galaxy-plus-fin\/#primaryimage"},"thumbnailUrl":"https:\/\/vieassociative.be\/actualites\/wp-content\/uploads\/2025\/01\/1737595085_Samsung-vient-de-nous-donner-notre-premier-apercu-dun-mysterieux.png","keywords":["aper\u00e7u","donner","dun","fin","Galaxy","myst\u00e9rieux","notre","nous","premier","Samsung","smartphone","vient"],"articleSection":["Technologie"],"inLanguage":"fr-BE"},{"@type":"WebPage","@id":"https:\/\/vieassociative.be\/actualites\/samsung-vient-de-nous-donner-notre-premier-apercu-dun-mysterieux-smartphone-galaxy-plus-fin\/","url":"https:\/\/vieassociative.be\/actualites\/samsung-vient-de-nous-donner-notre-premier-apercu-dun-mysterieux-smartphone-galaxy-plus-fin\/","name":"Samsung vient de nous donner notre premier aper\u00e7u d\u2019un myst\u00e9rieux smartphone Galaxy plus fin | Vie Associative","isPartOf":{"@id":"https:\/\/vieassociative.be\/actualites\/#website"},"primaryImageOfPage":{"@id":"https:\/\/vieassociative.be\/actualites\/samsung-vient-de-nous-donner-notre-premier-apercu-dun-mysterieux-smartphone-galaxy-plus-fin\/#primaryimage"},"image":{"@id":"https:\/\/vieassociative.be\/actualites\/samsung-vient-de-nous-donner-notre-premier-apercu-dun-mysterieux-smartphone-galaxy-plus-fin\/#primaryimage"},"thumbnailUrl":"https:\/\/vieassociative.be\/actualites\/wp-content\/uploads\/2025\/01\/1737595085_Samsung-vient-de-nous-donner-notre-premier-apercu-dun-mysterieux.png","datePublished":"2025-01-23T01:18:04+00:00","dateModified":"2025-01-23T01:18:04+00:00","breadcrumb":{"@id":"https:\/\/vieassociative.be\/actualites\/samsung-vient-de-nous-donner-notre-premier-apercu-dun-mysterieux-smartphone-galaxy-plus-fin\/#breadcrumb"},"inLanguage":"fr-BE","potentialAction":[{"@type":"ReadAction","target":["https:\/\/vieassociative.be\/actualites\/samsung-vient-de-nous-donner-notre-premier-apercu-dun-mysterieux-smartphone-galaxy-plus-fin\/"]}]},{"@type":"ImageObject","inLanguage":"fr-BE","@id":"https:\/\/vieassociative.be\/actualites\/samsung-vient-de-nous-donner-notre-premier-apercu-dun-mysterieux-smartphone-galaxy-plus-fin\/#primaryimage","url":"https:\/\/vieassociative.be\/actualites\/wp-content\/uploads\/2025\/01\/1737595085_Samsung-vient-de-nous-donner-notre-premier-apercu-dun-mysterieux.png","contentUrl":"https:\/\/vieassociative.be\/actualites\/wp-content\/uploads\/2025\/01\/1737595085_Samsung-vient-de-nous-donner-notre-premier-apercu-dun-mysterieux.png","width":1200,"height":675,"caption":"Samsung vient de nous donner notre premier aper\u00e7u d\u2019un myst\u00e9rieux smartphone Galaxy plus fin"},{"@type":"BreadcrumbList","@id":"https:\/\/vieassociative.be\/actualites\/samsung-vient-de-nous-donner-notre-premier-apercu-dun-mysterieux-smartphone-galaxy-plus-fin\/#breadcrumb","itemListElement":[{"@type":"ListItem","position":1,"name":"Accueil","item":"https:\/\/vieassociative.be\/actualites\/"},{"@type":"ListItem","position":2,"name":"Samsung vient de nous donner notre premier aper\u00e7u d\u2019un myst\u00e9rieux smartphone Galaxy plus fin"}]},{"@type":"WebSite","@id":"https:\/\/vieassociative.be\/actualites\/#website","url":"https:\/\/vieassociative.be\/actualites\/","name":"Vie Associative","description":"","publisher":{"@id":"https:\/\/vieassociative.be\/actualites\/#organization"},"potentialAction":[{"@type":"SearchAction","target":{"@type":"EntryPoint","urlTemplate":"https:\/\/vieassociative.be\/actualites\/?s={search_term_string}"},"query-input":{"@type":"PropertyValueSpecification","valueRequired":true,"valueName":"search_term_string"}}],"inLanguage":"fr-BE"},{"@type":"Organization","@id":"https:\/\/vieassociative.be\/actualites\/#organization","name":"Vie Associative","url":"https:\/\/vieassociative.be\/actualites\/","logo":{"@type":"ImageObject","inLanguage":"fr-BE","@id":"https:\/\/vieassociative.be\/actualites\/#\/schema\/logo\/image\/","url":"https:\/\/vieassociative.be\/actualites\/wp-content\/uploads\/2024\/09\/cropped-vieassociative_favicon.ico.png","contentUrl":"https:\/\/vieassociative.be\/actualites\/wp-content\/uploads\/2024\/09\/cropped-vieassociative_favicon.ico.png","width":512,"height":512,"caption":"Vie Associative"},"image":{"@id":"https:\/\/vieassociative.be\/actualites\/#\/schema\/logo\/image\/"}},{"@type":"Person","@id":"https:\/\/vieassociative.be\/actualites\/#\/schema\/person\/b87ac4f82f9d4e7b7cec7395b679edc4","name":"Julien","image":{"@type":"ImageObject","inLanguage":"fr-BE","@id":"https:\/\/vieassociative.be\/actualites\/#\/schema\/person\/image\/","url":"https:\/\/vieassociative.be\/actualites\/wp-content\/uploads\/2024\/09\/vie-associative-1-150x150.jpg","contentUrl":"https:\/\/vieassociative.be\/actualites\/wp-content\/uploads\/2024\/09\/vie-associative-1-150x150.jpg","caption":"Julien"},"description":"Je suis Julien, r\u00e9dacteur pour Vie Associative. Passionn\u00e9 par le monde associatif depuis plus de 10 ans, j'ai \u00e0 c\u0153ur de partager des histoires inspirantes et de mettre en lumi\u00e8re les initiatives locales. Mon objectif est de sensibiliser et d'encourager l'engagement communautaire \u00e0 travers mes articles.","sameAs":["https:\/\/vieassociative.be\/"]}]}},"_links":{"self":[{"href":"https:\/\/vieassociative.be\/actualites\/wp-json\/wp\/v2\/posts\/4517"}],"collection":[{"href":"https:\/\/vieassociative.be\/actualites\/wp-json\/wp\/v2\/posts"}],"about":[{"href":"https:\/\/vieassociative.be\/actualites\/wp-json\/wp\/v2\/types\/post"}],"author":[{"embeddable":true,"href":"https:\/\/vieassociative.be\/actualites\/wp-json\/wp\/v2\/users\/1"}],"replies":[{"embeddable":true,"href":"https:\/\/vieassociative.be\/actualites\/wp-json\/wp\/v2\/comments?post=4517"}],"version-history":[{"count":0,"href":"https:\/\/vieassociative.be\/actualites\/wp-json\/wp\/v2\/posts\/4517\/revisions"}],"wp:featuredmedia":[{"embeddable":true,"href":"https:\/\/vieassociative.be\/actualites\/wp-json\/wp\/v2\/media\/4518"}],"wp:attachment":[{"href":"https:\/\/vieassociative.be\/actualites\/wp-json\/wp\/v2\/media?parent=4517"}],"wp:term":[{"taxonomy":"category","embeddable":true,"href":"https:\/\/vieassociative.be\/actualites\/wp-json\/wp\/v2\/categories?post=4517"},{"taxonomy":"post_tag","embeddable":true,"href":"https:\/\/vieassociative.be\/actualites\/wp-json\/wp\/v2\/tags?post=4517"}],"curies":[{"name":"wp","href":"https:\/\/api.w.org\/{rel}","templated":true}]}}