{"id":4514,"date":"2025-01-22T21:17:33","date_gmt":"2025-01-22T20:17:33","guid":{"rendered":"https:\/\/vieassociative.be\/actualites\/attaque-contre-des-personnes-sans-defense-a-aschaffenburg-un-afghan-presume-a-du-quitter-le-pays\/"},"modified":"2025-01-22T21:17:33","modified_gmt":"2025-01-22T20:17:33","slug":"attaque-contre-des-personnes-sans-defense-a-aschaffenburg-un-afghan-presume-a-du-quitter-le-pays","status":"publish","type":"post","link":"https:\/\/vieassociative.be\/actualites\/attaque-contre-des-personnes-sans-defense-a-aschaffenburg-un-afghan-presume-a-du-quitter-le-pays\/","title":{"rendered":"Attaque contre des personnes sans d\u00e9fense \u00e0 Aschaffenburg \u2013 Un Afghan pr\u00e9sum\u00e9 a d\u00fb quitter le pays"},"content":{"rendered":"<p><strong>Plusieurs personnes sont agress\u00e9es dans un parc d&rsquo;Aschaffenburg. Il y a deux morts. Selon le ministre bavarois de l&rsquo;Int\u00e9rieur Joachim Herrmann (CSU), le suspect de l&rsquo;attaque mortelle au couteau a d\u00fb quitter le pays en raison d&rsquo;une proc\u00e9dure d&rsquo;asile qu&rsquo;il a lui-m\u00eame annul\u00e9e.<\/strong><\/p>\n<p><span id=\"more-406621\"><\/span>L\u2019Afghan est entr\u00e9 en Allemagne en novembre 2022 et a demand\u00e9 l\u2019asile. Son affaire a \u00e9t\u00e9 conclue apr\u00e8s que l&rsquo;homme lui-m\u00eame a annonc\u00e9 aux autorit\u00e9s en d\u00e9cembre dernier qu&rsquo;il souhaitait \u00e0 nouveau quitter le pays. Il a expliqu\u00e9 qu&rsquo;il souhaitait s&rsquo;occuper des papiers n\u00e9cessaires au consulat g\u00e9n\u00e9ral afghan. Cependant, il n\u2019avait pas initialement quitt\u00e9 le pays ; selon Herrmann, il \u00e9tait \u00ab manifestement toujours sous traitement psychiatrique \u00bb. Les d\u00e9tails suppl\u00e9mentaires devront \u00eatre clarifi\u00e9s en d\u00e9tail dans les prochains jours.<\/p>\n<div id=\"attachment_406624\" class=\"wp-caption alignleft\" style=\"max-width: 300px\"><img fetchpriority=\"high\" decoding=\"async\" class=\"wp-image-406624 size-medium\" src=\"https:\/\/vieassociative.be\/actualites\/wp-content\/uploads\/2025\/01\/Attaque-contre-des-personnes-sans-defense-a-Aschaffenburg-\u2013-Un.jpg\" alt=\"\" width=\"300\" height=\"198\"  ><\/p>\n<p class=\"wp-caption-text\">22 janvier 2025, Bavi\u00e8re, Aschaffenburg : certains v\u00e9hicules de police et ambulances sont gar\u00e9s pr\u00e8s d&rsquo;une sc\u00e8ne de crime, devant un parc. Photo : Ralf Hettler\/dpa<\/p>\n<\/div>\n<p>Selon les informations, l&rsquo;homme de 28 ans avait d\u00e9j\u00e0 \u00e9t\u00e9 remarqu\u00e9 \u00e0 trois reprises pour des faits de violences dans le pass\u00e9. C&rsquo;est pour cette raison qu&rsquo;il a \u00e9t\u00e9 admis dans des institutions pour un traitement psychiatrique, puis lib\u00e9r\u00e9.<\/p>\n<p>Selon les premi\u00e8res constatations de la police, l&rsquo;homme de 28 ans aurait attaqu\u00e9 plusieurs personnes avec un couteau au milieu d&rsquo;un parc populaire du centre-ville d&rsquo;Aschaffenburg. Un gar\u00e7on de deux ans meurt et les secours ne peuvent plus aider un homme de 41 ans. Deux autres personnes sont transport\u00e9es \u00e0 l&rsquo;h\u00f4pital gri\u00e8vement bless\u00e9es.<\/p>\n<p>\u00c9tait-ce un acte de terrorisme, l\u2019acte d\u2019un malade mental ou \u00e9tait-ce quelque chose de personnel ? \u00ab\u00a0Une enqu\u00eate a \u00e9t\u00e9 ouverte sur le mobile\u00a0\u00bb, a d\u00e9clar\u00e9 un porte-parole de la police, demandant qu&rsquo;aucune sp\u00e9culation ne soit faite. M\u00eame quelques heures apr\u00e8s l&rsquo;attaque au couteau, le d\u00e9roulement du crime n&rsquo;est pas certain. Il n&rsquo;est pas certain que l&rsquo;homme arr\u00eat\u00e9 ait d\u00e9j\u00e0 comment\u00e9 le crime.<\/p>\n<p>La police est arriv\u00e9e sur les lieux peu de temps apr\u00e8s l&rsquo;attaque, peut-\u00eatre parce que des patrouilles \u00e0 pied traversent r\u00e9guli\u00e8rement le parc. Des policiers arr\u00eatent l&rsquo;homme de 28 ans de nationalit\u00e9 afghane. Selon les informations du DPA, il vivait dans un centre d&rsquo;accueil pour demandeurs d&rsquo;asile dans la r\u00e9gion et avait d\u00e9j\u00e0 eu des probl\u00e8mes psychologiques. (dpa\/cr\u00e9)<\/p>\n","protected":false},"excerpt":{"rendered":"<p>Plusieurs personnes sont agress\u00e9es dans un parc d&rsquo;Aschaffenburg. Il y a deux morts. Selon le ministre bavarois de l&rsquo;Int\u00e9rieur Joachim Herrmann (CSU), le suspect de<\/p>\n","protected":false},"author":1,"featured_media":4515,"comment_status":"","ping_status":"","sticky":false,"template":"","format":"standard","meta":{"footnotes":""},"categories":[298],"tags":[4893,4892,4163,796,3152,29,4894,3513,714,4426,1746,130],"class_list":["post-4514","post","type-post","status-publish","format-standard","has-post-thumbnail","hentry","category-belgique","tag-afghan","tag-aschaffenburg","tag-attaque","tag-contre","tag-defense","tag-des","tag-du","tag-pays","tag-personnes","tag-presume","tag-quitter","tag-sans","generate-columns","tablet-grid-50","mobile-grid-100","grid-parent","grid-33"],"yoast_head":"<!-- This site is optimized with the Yoast SEO plugin v24.0 - https:\/\/yoast.com\/wordpress\/plugins\/seo\/ -->\n<title>Attaque contre des personnes sans d\u00e9fense \u00e0 Aschaffenburg \u2013 Un Afghan pr\u00e9sum\u00e9 a d\u00fb quitter le pays | Vie Associative<\/title>\n<meta name=\"robots\" content=\"index, follow, max-snippet:-1, max-image-preview:large, max-video-preview:-1\" \/>\n<link rel=\"canonical\" href=\"https:\/\/vieassociative.be\/actualites\/attaque-contre-des-personnes-sans-defense-a-aschaffenburg-un-afghan-presume-a-du-quitter-le-pays\/\" \/>\n<meta property=\"og:locale\" content=\"fr_FR\" \/>\n<meta property=\"og:type\" content=\"article\" \/>\n<meta property=\"og:title\" content=\"Attaque contre des personnes sans d\u00e9fense \u00e0 Aschaffenburg \u2013 Un Afghan pr\u00e9sum\u00e9 a d\u00fb quitter le pays | Vie Associative\" \/>\n<meta property=\"og:description\" content=\"Plusieurs personnes sont agress\u00e9es dans un parc d&rsquo;Aschaffenburg. Il y a deux morts. Selon le ministre bavarois de l&rsquo;Int\u00e9rieur Joachim Herrmann (CSU), le suspect de\" \/>\n<meta property=\"og:url\" content=\"https:\/\/vieassociative.be\/actualites\/attaque-contre-des-personnes-sans-defense-a-aschaffenburg-un-afghan-presume-a-du-quitter-le-pays\/\" \/>\n<meta property=\"og:site_name\" content=\"Vie Associative\" \/>\n<meta property=\"article:published_time\" content=\"2025-01-22T20:17:33+00:00\" \/>\n<meta property=\"og:image\" content=\"https:\/\/vieassociative.be\/actualites\/wp-content\/uploads\/2024\/09\/header_backgroundk-01-e1726694325946.png\" \/>\n\t<meta property=\"og:image:width\" content=\"279\" \/>\n\t<meta property=\"og:image:height\" content=\"92\" \/>\n\t<meta property=\"og:image:type\" content=\"image\/png\" \/>\n<meta name=\"author\" content=\"Julien\" \/>\n<meta name=\"twitter:card\" content=\"summary_large_image\" \/>\n<meta name=\"twitter:label1\" content=\"\u00c9crit par\" \/>\n\t<meta name=\"twitter:data1\" content=\"Julien\" \/>\n\t<meta name=\"twitter:label2\" content=\"Dur\u00e9e de lecture est.\" \/>\n\t<meta name=\"twitter:data2\" content=\"2 minutes\" \/>\n<script type=\"application\/ld+json\" class=\"yoast-schema-graph\">{\"@context\":\"https:\/\/schema.org\",\"@graph\":[{\"@type\":\"Article\",\"@id\":\"https:\/\/vieassociative.be\/actualites\/attaque-contre-des-personnes-sans-defense-a-aschaffenburg-un-afghan-presume-a-du-quitter-le-pays\/#article\",\"isPartOf\":{\"@id\":\"https:\/\/vieassociative.be\/actualites\/attaque-contre-des-personnes-sans-defense-a-aschaffenburg-un-afghan-presume-a-du-quitter-le-pays\/\"},\"author\":{\"name\":\"Julien\",\"@id\":\"https:\/\/vieassociative.be\/actualites\/#\/schema\/person\/b87ac4f82f9d4e7b7cec7395b679edc4\"},\"headline\":\"Attaque contre des personnes sans d\u00e9fense \u00e0 Aschaffenburg \u2013 Un Afghan pr\u00e9sum\u00e9 a d\u00fb quitter le pays\",\"datePublished\":\"2025-01-22T20:17:33+00:00\",\"dateModified\":\"2025-01-22T20:17:33+00:00\",\"mainEntityOfPage\":{\"@id\":\"https:\/\/vieassociative.be\/actualites\/attaque-contre-des-personnes-sans-defense-a-aschaffenburg-un-afghan-presume-a-du-quitter-le-pays\/\"},\"wordCount\":442,\"publisher\":{\"@id\":\"https:\/\/vieassociative.be\/actualites\/#organization\"},\"image\":{\"@id\":\"https:\/\/vieassociative.be\/actualites\/attaque-contre-des-personnes-sans-defense-a-aschaffenburg-un-afghan-presume-a-du-quitter-le-pays\/#primaryimage\"},\"thumbnailUrl\":\"https:\/\/vieassociative.be\/actualites\/wp-content\/uploads\/2025\/01\/1737577053_Attaque-contre-des-personnes-sans-defense-a-Aschaffenburg-\u2013-Un.jpg\",\"keywords\":[\"Afghan\",\"Aschaffenburg\",\"Attaque\",\"contre\",\"D\u00e9fense\",\"Des\",\"d\u00fb\",\"pays\",\"personnes\",\"pr\u00e9sum\u00e9\",\"quitter\",\"sans\"],\"articleSection\":[\"Belgique\"],\"inLanguage\":\"fr-BE\"},{\"@type\":\"WebPage\",\"@id\":\"https:\/\/vieassociative.be\/actualites\/attaque-contre-des-personnes-sans-defense-a-aschaffenburg-un-afghan-presume-a-du-quitter-le-pays\/\",\"url\":\"https:\/\/vieassociative.be\/actualites\/attaque-contre-des-personnes-sans-defense-a-aschaffenburg-un-afghan-presume-a-du-quitter-le-pays\/\",\"name\":\"Attaque contre des personnes sans d\u00e9fense \u00e0 Aschaffenburg \u2013 Un Afghan pr\u00e9sum\u00e9 a d\u00fb quitter le pays | Vie Associative\",\"isPartOf\":{\"@id\":\"https:\/\/vieassociative.be\/actualites\/#website\"},\"primaryImageOfPage\":{\"@id\":\"https:\/\/vieassociative.be\/actualites\/attaque-contre-des-personnes-sans-defense-a-aschaffenburg-un-afghan-presume-a-du-quitter-le-pays\/#primaryimage\"},\"image\":{\"@id\":\"https:\/\/vieassociative.be\/actualites\/attaque-contre-des-personnes-sans-defense-a-aschaffenburg-un-afghan-presume-a-du-quitter-le-pays\/#primaryimage\"},\"thumbnailUrl\":\"https:\/\/vieassociative.be\/actualites\/wp-content\/uploads\/2025\/01\/1737577053_Attaque-contre-des-personnes-sans-defense-a-Aschaffenburg-\u2013-Un.jpg\",\"datePublished\":\"2025-01-22T20:17:33+00:00\",\"dateModified\":\"2025-01-22T20:17:33+00:00\",\"breadcrumb\":{\"@id\":\"https:\/\/vieassociative.be\/actualites\/attaque-contre-des-personnes-sans-defense-a-aschaffenburg-un-afghan-presume-a-du-quitter-le-pays\/#breadcrumb\"},\"inLanguage\":\"fr-BE\",\"potentialAction\":[{\"@type\":\"ReadAction\",\"target\":[\"https:\/\/vieassociative.be\/actualites\/attaque-contre-des-personnes-sans-defense-a-aschaffenburg-un-afghan-presume-a-du-quitter-le-pays\/\"]}]},{\"@type\":\"ImageObject\",\"inLanguage\":\"fr-BE\",\"@id\":\"https:\/\/vieassociative.be\/actualites\/attaque-contre-des-personnes-sans-defense-a-aschaffenburg-un-afghan-presume-a-du-quitter-le-pays\/#primaryimage\",\"url\":\"https:\/\/vieassociative.be\/actualites\/wp-content\/uploads\/2025\/01\/1737577053_Attaque-contre-des-personnes-sans-defense-a-Aschaffenburg-\u2013-Un.jpg\",\"contentUrl\":\"https:\/\/vieassociative.be\/actualites\/wp-content\/uploads\/2025\/01\/1737577053_Attaque-contre-des-personnes-sans-defense-a-Aschaffenburg-\u2013-Un.jpg\",\"width\":1461,\"height\":970,\"caption\":\"Attaque contre des personnes sans d\u00e9fense \u00e0 Aschaffenburg \u2013 Un Afghan pr\u00e9sum\u00e9 a d\u00fb quitter le pays\"},{\"@type\":\"BreadcrumbList\",\"@id\":\"https:\/\/vieassociative.be\/actualites\/attaque-contre-des-personnes-sans-defense-a-aschaffenburg-un-afghan-presume-a-du-quitter-le-pays\/#breadcrumb\",\"itemListElement\":[{\"@type\":\"ListItem\",\"position\":1,\"name\":\"Accueil\",\"item\":\"https:\/\/vieassociative.be\/actualites\/\"},{\"@type\":\"ListItem\",\"position\":2,\"name\":\"Attaque contre des personnes sans d\u00e9fense \u00e0 Aschaffenburg \u2013 Un Afghan pr\u00e9sum\u00e9 a d\u00fb quitter le pays\"}]},{\"@type\":\"WebSite\",\"@id\":\"https:\/\/vieassociative.be\/actualites\/#website\",\"url\":\"https:\/\/vieassociative.be\/actualites\/\",\"name\":\"Vie Associative\",\"description\":\"\",\"publisher\":{\"@id\":\"https:\/\/vieassociative.be\/actualites\/#organization\"},\"potentialAction\":[{\"@type\":\"SearchAction\",\"target\":{\"@type\":\"EntryPoint\",\"urlTemplate\":\"https:\/\/vieassociative.be\/actualites\/?s={search_term_string}\"},\"query-input\":{\"@type\":\"PropertyValueSpecification\",\"valueRequired\":true,\"valueName\":\"search_term_string\"}}],\"inLanguage\":\"fr-BE\"},{\"@type\":\"Organization\",\"@id\":\"https:\/\/vieassociative.be\/actualites\/#organization\",\"name\":\"Vie Associative\",\"url\":\"https:\/\/vieassociative.be\/actualites\/\",\"logo\":{\"@type\":\"ImageObject\",\"inLanguage\":\"fr-BE\",\"@id\":\"https:\/\/vieassociative.be\/actualites\/#\/schema\/logo\/image\/\",\"url\":\"https:\/\/vieassociative.be\/actualites\/wp-content\/uploads\/2024\/09\/cropped-vieassociative_favicon.ico.png\",\"contentUrl\":\"https:\/\/vieassociative.be\/actualites\/wp-content\/uploads\/2024\/09\/cropped-vieassociative_favicon.ico.png\",\"width\":512,\"height\":512,\"caption\":\"Vie Associative\"},\"image\":{\"@id\":\"https:\/\/vieassociative.be\/actualites\/#\/schema\/logo\/image\/\"}},{\"@type\":\"Person\",\"@id\":\"https:\/\/vieassociative.be\/actualites\/#\/schema\/person\/b87ac4f82f9d4e7b7cec7395b679edc4\",\"name\":\"Julien\",\"image\":{\"@type\":\"ImageObject\",\"inLanguage\":\"fr-BE\",\"@id\":\"https:\/\/vieassociative.be\/actualites\/#\/schema\/person\/image\/\",\"url\":\"https:\/\/vieassociative.be\/actualites\/wp-content\/uploads\/2024\/09\/vie-associative-1-150x150.jpg\",\"contentUrl\":\"https:\/\/vieassociative.be\/actualites\/wp-content\/uploads\/2024\/09\/vie-associative-1-150x150.jpg\",\"caption\":\"Julien\"},\"description\":\"Je suis Julien, r\u00e9dacteur pour Vie Associative. Passionn\u00e9 par le monde associatif depuis plus de 10 ans, j'ai \u00e0 c\u0153ur de partager des histoires inspirantes et de mettre en lumi\u00e8re les initiatives locales. Mon objectif est de sensibiliser et d'encourager l'engagement communautaire \u00e0 travers mes articles.\",\"sameAs\":[\"https:\/\/vieassociative.be\/\"]}]}<\/script>\n<!-- \/ Yoast SEO plugin. -->","yoast_head_json":{"title":"Attaque contre des personnes sans d\u00e9fense \u00e0 Aschaffenburg \u2013 Un Afghan pr\u00e9sum\u00e9 a d\u00fb quitter le pays | Vie Associative","robots":{"index":"index","follow":"follow","max-snippet":"max-snippet:-1","max-image-preview":"max-image-preview:large","max-video-preview":"max-video-preview:-1"},"canonical":"https:\/\/vieassociative.be\/actualites\/attaque-contre-des-personnes-sans-defense-a-aschaffenburg-un-afghan-presume-a-du-quitter-le-pays\/","og_locale":"fr_FR","og_type":"article","og_title":"Attaque contre des personnes sans d\u00e9fense \u00e0 Aschaffenburg \u2013 Un Afghan pr\u00e9sum\u00e9 a d\u00fb quitter le pays | Vie Associative","og_description":"Plusieurs personnes sont agress\u00e9es dans un parc d&rsquo;Aschaffenburg. Il y a deux morts. Selon le ministre bavarois de l&rsquo;Int\u00e9rieur Joachim Herrmann (CSU), le suspect de","og_url":"https:\/\/vieassociative.be\/actualites\/attaque-contre-des-personnes-sans-defense-a-aschaffenburg-un-afghan-presume-a-du-quitter-le-pays\/","og_site_name":"Vie Associative","article_published_time":"2025-01-22T20:17:33+00:00","og_image":[{"width":279,"height":92,"url":"https:\/\/vieassociative.be\/actualites\/wp-content\/uploads\/2024\/09\/header_backgroundk-01-e1726694325946.png","type":"image\/png"}],"author":"Julien","twitter_card":"summary_large_image","twitter_misc":{"\u00c9crit par":"Julien","Dur\u00e9e de lecture est.":"2 minutes"},"schema":{"@context":"https:\/\/schema.org","@graph":[{"@type":"Article","@id":"https:\/\/vieassociative.be\/actualites\/attaque-contre-des-personnes-sans-defense-a-aschaffenburg-un-afghan-presume-a-du-quitter-le-pays\/#article","isPartOf":{"@id":"https:\/\/vieassociative.be\/actualites\/attaque-contre-des-personnes-sans-defense-a-aschaffenburg-un-afghan-presume-a-du-quitter-le-pays\/"},"author":{"name":"Julien","@id":"https:\/\/vieassociative.be\/actualites\/#\/schema\/person\/b87ac4f82f9d4e7b7cec7395b679edc4"},"headline":"Attaque contre des personnes sans d\u00e9fense \u00e0 Aschaffenburg \u2013 Un Afghan pr\u00e9sum\u00e9 a d\u00fb quitter le pays","datePublished":"2025-01-22T20:17:33+00:00","dateModified":"2025-01-22T20:17:33+00:00","mainEntityOfPage":{"@id":"https:\/\/vieassociative.be\/actualites\/attaque-contre-des-personnes-sans-defense-a-aschaffenburg-un-afghan-presume-a-du-quitter-le-pays\/"},"wordCount":442,"publisher":{"@id":"https:\/\/vieassociative.be\/actualites\/#organization"},"image":{"@id":"https:\/\/vieassociative.be\/actualites\/attaque-contre-des-personnes-sans-defense-a-aschaffenburg-un-afghan-presume-a-du-quitter-le-pays\/#primaryimage"},"thumbnailUrl":"https:\/\/vieassociative.be\/actualites\/wp-content\/uploads\/2025\/01\/1737577053_Attaque-contre-des-personnes-sans-defense-a-Aschaffenburg-\u2013-Un.jpg","keywords":["Afghan","Aschaffenburg","Attaque","contre","D\u00e9fense","Des","d\u00fb","pays","personnes","pr\u00e9sum\u00e9","quitter","sans"],"articleSection":["Belgique"],"inLanguage":"fr-BE"},{"@type":"WebPage","@id":"https:\/\/vieassociative.be\/actualites\/attaque-contre-des-personnes-sans-defense-a-aschaffenburg-un-afghan-presume-a-du-quitter-le-pays\/","url":"https:\/\/vieassociative.be\/actualites\/attaque-contre-des-personnes-sans-defense-a-aschaffenburg-un-afghan-presume-a-du-quitter-le-pays\/","name":"Attaque contre des personnes sans d\u00e9fense \u00e0 Aschaffenburg \u2013 Un Afghan pr\u00e9sum\u00e9 a d\u00fb quitter le pays | Vie Associative","isPartOf":{"@id":"https:\/\/vieassociative.be\/actualites\/#website"},"primaryImageOfPage":{"@id":"https:\/\/vieassociative.be\/actualites\/attaque-contre-des-personnes-sans-defense-a-aschaffenburg-un-afghan-presume-a-du-quitter-le-pays\/#primaryimage"},"image":{"@id":"https:\/\/vieassociative.be\/actualites\/attaque-contre-des-personnes-sans-defense-a-aschaffenburg-un-afghan-presume-a-du-quitter-le-pays\/#primaryimage"},"thumbnailUrl":"https:\/\/vieassociative.be\/actualites\/wp-content\/uploads\/2025\/01\/1737577053_Attaque-contre-des-personnes-sans-defense-a-Aschaffenburg-\u2013-Un.jpg","datePublished":"2025-01-22T20:17:33+00:00","dateModified":"2025-01-22T20:17:33+00:00","breadcrumb":{"@id":"https:\/\/vieassociative.be\/actualites\/attaque-contre-des-personnes-sans-defense-a-aschaffenburg-un-afghan-presume-a-du-quitter-le-pays\/#breadcrumb"},"inLanguage":"fr-BE","potentialAction":[{"@type":"ReadAction","target":["https:\/\/vieassociative.be\/actualites\/attaque-contre-des-personnes-sans-defense-a-aschaffenburg-un-afghan-presume-a-du-quitter-le-pays\/"]}]},{"@type":"ImageObject","inLanguage":"fr-BE","@id":"https:\/\/vieassociative.be\/actualites\/attaque-contre-des-personnes-sans-defense-a-aschaffenburg-un-afghan-presume-a-du-quitter-le-pays\/#primaryimage","url":"https:\/\/vieassociative.be\/actualites\/wp-content\/uploads\/2025\/01\/1737577053_Attaque-contre-des-personnes-sans-defense-a-Aschaffenburg-\u2013-Un.jpg","contentUrl":"https:\/\/vieassociative.be\/actualites\/wp-content\/uploads\/2025\/01\/1737577053_Attaque-contre-des-personnes-sans-defense-a-Aschaffenburg-\u2013-Un.jpg","width":1461,"height":970,"caption":"Attaque contre des personnes sans d\u00e9fense \u00e0 Aschaffenburg \u2013 Un Afghan pr\u00e9sum\u00e9 a d\u00fb quitter le pays"},{"@type":"BreadcrumbList","@id":"https:\/\/vieassociative.be\/actualites\/attaque-contre-des-personnes-sans-defense-a-aschaffenburg-un-afghan-presume-a-du-quitter-le-pays\/#breadcrumb","itemListElement":[{"@type":"ListItem","position":1,"name":"Accueil","item":"https:\/\/vieassociative.be\/actualites\/"},{"@type":"ListItem","position":2,"name":"Attaque contre des personnes sans d\u00e9fense \u00e0 Aschaffenburg \u2013 Un Afghan pr\u00e9sum\u00e9 a d\u00fb quitter le pays"}]},{"@type":"WebSite","@id":"https:\/\/vieassociative.be\/actualites\/#website","url":"https:\/\/vieassociative.be\/actualites\/","name":"Vie Associative","description":"","publisher":{"@id":"https:\/\/vieassociative.be\/actualites\/#organization"},"potentialAction":[{"@type":"SearchAction","target":{"@type":"EntryPoint","urlTemplate":"https:\/\/vieassociative.be\/actualites\/?s={search_term_string}"},"query-input":{"@type":"PropertyValueSpecification","valueRequired":true,"valueName":"search_term_string"}}],"inLanguage":"fr-BE"},{"@type":"Organization","@id":"https:\/\/vieassociative.be\/actualites\/#organization","name":"Vie Associative","url":"https:\/\/vieassociative.be\/actualites\/","logo":{"@type":"ImageObject","inLanguage":"fr-BE","@id":"https:\/\/vieassociative.be\/actualites\/#\/schema\/logo\/image\/","url":"https:\/\/vieassociative.be\/actualites\/wp-content\/uploads\/2024\/09\/cropped-vieassociative_favicon.ico.png","contentUrl":"https:\/\/vieassociative.be\/actualites\/wp-content\/uploads\/2024\/09\/cropped-vieassociative_favicon.ico.png","width":512,"height":512,"caption":"Vie Associative"},"image":{"@id":"https:\/\/vieassociative.be\/actualites\/#\/schema\/logo\/image\/"}},{"@type":"Person","@id":"https:\/\/vieassociative.be\/actualites\/#\/schema\/person\/b87ac4f82f9d4e7b7cec7395b679edc4","name":"Julien","image":{"@type":"ImageObject","inLanguage":"fr-BE","@id":"https:\/\/vieassociative.be\/actualites\/#\/schema\/person\/image\/","url":"https:\/\/vieassociative.be\/actualites\/wp-content\/uploads\/2024\/09\/vie-associative-1-150x150.jpg","contentUrl":"https:\/\/vieassociative.be\/actualites\/wp-content\/uploads\/2024\/09\/vie-associative-1-150x150.jpg","caption":"Julien"},"description":"Je suis Julien, r\u00e9dacteur pour Vie Associative. Passionn\u00e9 par le monde associatif depuis plus de 10 ans, j'ai \u00e0 c\u0153ur de partager des histoires inspirantes et de mettre en lumi\u00e8re les initiatives locales. Mon objectif est de sensibiliser et d'encourager l'engagement communautaire \u00e0 travers mes articles.","sameAs":["https:\/\/vieassociative.be\/"]}]}},"_links":{"self":[{"href":"https:\/\/vieassociative.be\/actualites\/wp-json\/wp\/v2\/posts\/4514"}],"collection":[{"href":"https:\/\/vieassociative.be\/actualites\/wp-json\/wp\/v2\/posts"}],"about":[{"href":"https:\/\/vieassociative.be\/actualites\/wp-json\/wp\/v2\/types\/post"}],"author":[{"embeddable":true,"href":"https:\/\/vieassociative.be\/actualites\/wp-json\/wp\/v2\/users\/1"}],"replies":[{"embeddable":true,"href":"https:\/\/vieassociative.be\/actualites\/wp-json\/wp\/v2\/comments?post=4514"}],"version-history":[{"count":0,"href":"https:\/\/vieassociative.be\/actualites\/wp-json\/wp\/v2\/posts\/4514\/revisions"}],"wp:featuredmedia":[{"embeddable":true,"href":"https:\/\/vieassociative.be\/actualites\/wp-json\/wp\/v2\/media\/4515"}],"wp:attachment":[{"href":"https:\/\/vieassociative.be\/actualites\/wp-json\/wp\/v2\/media?parent=4514"}],"wp:term":[{"taxonomy":"category","embeddable":true,"href":"https:\/\/vieassociative.be\/actualites\/wp-json\/wp\/v2\/categories?post=4514"},{"taxonomy":"post_tag","embeddable":true,"href":"https:\/\/vieassociative.be\/actualites\/wp-json\/wp\/v2\/tags?post=4514"}],"curies":[{"name":"wp","href":"https:\/\/api.w.org\/{rel}","templated":true}]}}