{"id":4508,"date":"2025-01-22T15:17:30","date_gmt":"2025-01-22T14:17:30","guid":{"rendered":"https:\/\/vieassociative.be\/actualites\/les-services-secrets-mettent-en-garde-contre-une-possible-attaque-de-la-russie-contre-un-etat-de-lue-a-partir-de-2028\/"},"modified":"2025-01-22T15:17:30","modified_gmt":"2025-01-22T14:17:30","slug":"les-services-secrets-mettent-en-garde-contre-une-possible-attaque-de-la-russie-contre-un-etat-de-lue-a-partir-de-2028","status":"publish","type":"post","link":"https:\/\/vieassociative.be\/actualites\/les-services-secrets-mettent-en-garde-contre-une-possible-attaque-de-la-russie-contre-un-etat-de-lue-a-partir-de-2028\/","title":{"rendered":"Les services secrets mettent en garde contre une possible attaque de la Russie contre un \u00c9tat de l&rsquo;UE \u00e0 partir de 2028"},"content":{"rendered":"<p><strong>La Russie pourrait-elle \u00e9galement attaquer un \u00c9tat de l\u2019UE apr\u00e8s l\u2019Ukraine ? Selon les informations de l&rsquo;UE, les services secrets n&rsquo;excluent pas cette possibilit\u00e9 \u00e0 moyen terme. Le chef de la diplomatie met en garde contre les cons\u00e9quences.<\/strong><\/p>\n<p><span id=\"more-406592\"><\/span>Selon Kaja Kallas, chef de la politique \u00e9trang\u00e8re de l\u2019UE, les services secrets mettent en garde contre une \u00e9ventuelle attaque russe \u00e0 partir de 2028.<\/p>\n<p>\u00ab\u00a0Beaucoup de nos services de renseignement nationaux nous donnent des informations selon lesquelles la Russie pourrait tester l&rsquo;\u00e9tat de pr\u00e9paration de d\u00e9fense de l&rsquo;UE d&rsquo;ici trois \u00e0 cinq ans\u00a0\u00bb, a d\u00e9clar\u00e9 l&rsquo;ancien chef du gouvernement estonien lors d&rsquo;un \u00e9v\u00e9nement de l&rsquo;Agence europ\u00e9enne de d\u00e9fense \u00e0 Bruxelles. L\u2019UE doit non seulement d\u00e9penser de l\u2019argent pour pr\u00e9venir la guerre, mais aussi se pr\u00e9parer \u00e0 la guerre.<\/p>\n<\/p>\n<div id=\"attachment_406597\" class=\"wp-caption alignleft\" style=\"max-width: 300px\"><img fetchpriority=\"high\" decoding=\"async\" class=\"wp-image-406597 size-medium\" src=\"https:\/\/vieassociative.be\/actualites\/wp-content\/uploads\/2025\/01\/Les-services-secrets-mettent-en-garde-contre-une-possible-attaque.jpg\" alt=\"\" width=\"300\" height=\"225\"><\/p>\n<p class=\"wp-caption-text\">15 d\u00e9cembre 2024, Estonie, Narva : vue sur le pont frontalier de la ville estonienne de Narva vers la Russie. Photo : Alexander Welscher\/dpa<\/p>\n<\/div>\n<p>\u00ab L\u2019incapacit\u00e9 de l\u2019Europe \u00e0 investir dans les capacit\u00e9s militaires envoie \u00e9galement un signal dangereux \u00e0 l\u2019agresseur \u00bb, a soulign\u00e9 Kallas. \u00ab\u00a0La faiblesse l&rsquo;invite.\u00a0\u00bb<\/p>\n<p><strong>\u2013 Demande d\u2019augmentation des d\u00e9penses de d\u00e9fense :<\/strong> Le pr\u00e9sident am\u00e9ricain Donald Trump a raison lorsqu\u2019il affirme que les Europ\u00e9ens ne consacrent pas suffisamment d\u2019argent \u00e0 la d\u00e9fense. L\u2019ann\u00e9e derni\u00e8re, les \u00c9tats membres de l\u2019UE ont consacr\u00e9 en moyenne 1,9 % de leur produit int\u00e9rieur brut \u00e0 la d\u00e9fense. La Russie, en revanche, d\u00e9pense 9 %.<\/p>\n<p>Kallas n&rsquo;a fourni aucun d\u00e9tail sur les projets possibles de la Russie. Cependant, elle a estim\u00e9 que l\u2019Ukraine faisait actuellement gagner du temps \u00e0 l\u2019UE avec sa guerre d\u00e9fensive contre la Russie.<\/p>\n<p>Concernant le soutien de l&rsquo;UE \u00e0 l&rsquo;Ukraine, elle a annonc\u00e9 qu&rsquo;un 16e paquet de sanctions contre la Russie \u00e9tait en cours d&rsquo;\u00e9laboration et qu&rsquo;elle souhaitait \u0153uvrer \u00e0 une utilisation plus efficace des avoirs russes gel\u00e9s pour l&rsquo;Ukraine. Elle estime la valeur de l\u2019aide militaire fournie jusqu\u2019\u00e0 pr\u00e9sent par les \u00c9tats de l\u2019UE \u00e0 un peu moins de 50 milliards d\u2019euros. D&rsquo;ici la fin du mois prochain, 75 000 soldats ukrainiens auront \u00e9t\u00e9 form\u00e9s, a-t-elle pr\u00e9cis\u00e9. (dpa)<\/p>\n","protected":false},"excerpt":{"rendered":"<p>La Russie pourrait-elle \u00e9galement attaquer un \u00c9tat de l\u2019UE apr\u00e8s l\u2019Ukraine ? Selon les informations de l&rsquo;UE, les services secrets n&rsquo;excluent pas cette possibilit\u00e9 \u00e0<\/p>\n","protected":false},"author":1,"featured_media":4509,"comment_status":"","ping_status":"","sticky":false,"template":"","format":"standard","meta":{"footnotes":""},"categories":[298],"tags":[4163,796,1142,903,14,3578,1391,1591,2636,3896,1427,110],"class_list":["post-4508","post","type-post","status-publish","format-standard","has-post-thumbnail","hentry","category-belgique","tag-attaque","tag-contre","tag-etat","tag-garde","tag-les","tag-lue","tag-mettent","tag-partir","tag-russie","tag-secrets","tag-services","tag-une","generate-columns","tablet-grid-50","mobile-grid-100","grid-parent","grid-33"],"yoast_head":"<!-- This site is optimized with the Yoast SEO plugin v24.0 - https:\/\/yoast.com\/wordpress\/plugins\/seo\/ -->\n<title>Les services secrets mettent en garde contre une possible attaque de la Russie contre un \u00c9tat de l&#039;UE \u00e0 partir de 2028 | Vie Associative<\/title>\n<meta name=\"robots\" content=\"index, follow, max-snippet:-1, max-image-preview:large, max-video-preview:-1\" \/>\n<link rel=\"canonical\" href=\"https:\/\/vieassociative.be\/actualites\/les-services-secrets-mettent-en-garde-contre-une-possible-attaque-de-la-russie-contre-un-etat-de-lue-a-partir-de-2028\/\" \/>\n<meta property=\"og:locale\" content=\"fr_FR\" \/>\n<meta property=\"og:type\" content=\"article\" \/>\n<meta property=\"og:title\" content=\"Les services secrets mettent en garde contre une possible attaque de la Russie contre un \u00c9tat de l&#039;UE \u00e0 partir de 2028 | Vie Associative\" \/>\n<meta property=\"og:description\" content=\"La Russie pourrait-elle \u00e9galement attaquer un \u00c9tat de l\u2019UE apr\u00e8s l\u2019Ukraine ? Selon les informations de l&rsquo;UE, les services secrets n&rsquo;excluent pas cette possibilit\u00e9 \u00e0\" \/>\n<meta property=\"og:url\" content=\"https:\/\/vieassociative.be\/actualites\/les-services-secrets-mettent-en-garde-contre-une-possible-attaque-de-la-russie-contre-un-etat-de-lue-a-partir-de-2028\/\" \/>\n<meta property=\"og:site_name\" content=\"Vie Associative\" \/>\n<meta property=\"article:published_time\" content=\"2025-01-22T14:17:30+00:00\" \/>\n<meta property=\"og:image\" content=\"https:\/\/vieassociative.be\/actualites\/wp-content\/uploads\/2024\/09\/header_backgroundk-01-e1726694325946.png\" \/>\n\t<meta property=\"og:image:width\" content=\"279\" \/>\n\t<meta property=\"og:image:height\" content=\"92\" \/>\n\t<meta property=\"og:image:type\" content=\"image\/png\" \/>\n<meta name=\"author\" content=\"Julien\" \/>\n<meta name=\"twitter:card\" content=\"summary_large_image\" \/>\n<meta name=\"twitter:label1\" content=\"\u00c9crit par\" \/>\n\t<meta name=\"twitter:data1\" content=\"Julien\" \/>\n\t<meta name=\"twitter:label2\" content=\"Dur\u00e9e de lecture est.\" \/>\n\t<meta name=\"twitter:data2\" content=\"2 minutes\" \/>\n<script type=\"application\/ld+json\" class=\"yoast-schema-graph\">{\"@context\":\"https:\/\/schema.org\",\"@graph\":[{\"@type\":\"Article\",\"@id\":\"https:\/\/vieassociative.be\/actualites\/les-services-secrets-mettent-en-garde-contre-une-possible-attaque-de-la-russie-contre-un-etat-de-lue-a-partir-de-2028\/#article\",\"isPartOf\":{\"@id\":\"https:\/\/vieassociative.be\/actualites\/les-services-secrets-mettent-en-garde-contre-une-possible-attaque-de-la-russie-contre-un-etat-de-lue-a-partir-de-2028\/\"},\"author\":{\"name\":\"Julien\",\"@id\":\"https:\/\/vieassociative.be\/actualites\/#\/schema\/person\/b87ac4f82f9d4e7b7cec7395b679edc4\"},\"headline\":\"Les services secrets mettent en garde contre une possible attaque de la Russie contre un \u00c9tat de l&rsquo;UE \u00e0 partir de 2028\",\"datePublished\":\"2025-01-22T14:17:30+00:00\",\"dateModified\":\"2025-01-22T14:17:30+00:00\",\"mainEntityOfPage\":{\"@id\":\"https:\/\/vieassociative.be\/actualites\/les-services-secrets-mettent-en-garde-contre-une-possible-attaque-de-la-russie-contre-un-etat-de-lue-a-partir-de-2028\/\"},\"wordCount\":397,\"publisher\":{\"@id\":\"https:\/\/vieassociative.be\/actualites\/#organization\"},\"image\":{\"@id\":\"https:\/\/vieassociative.be\/actualites\/les-services-secrets-mettent-en-garde-contre-une-possible-attaque-de-la-russie-contre-un-etat-de-lue-a-partir-de-2028\/#primaryimage\"},\"thumbnailUrl\":\"https:\/\/vieassociative.be\/actualites\/wp-content\/uploads\/2025\/01\/1737555450_Les-services-secrets-mettent-en-garde-contre-une-possible-attaque.jpg\",\"keywords\":[\"Attaque\",\"contre\",\"\u00e9tat\",\"garde\",\"Les\",\"LUE\",\"mettent\",\"partir\",\"Russie\",\"secrets\",\"services\",\"une\"],\"articleSection\":[\"Belgique\"],\"inLanguage\":\"fr-BE\"},{\"@type\":\"WebPage\",\"@id\":\"https:\/\/vieassociative.be\/actualites\/les-services-secrets-mettent-en-garde-contre-une-possible-attaque-de-la-russie-contre-un-etat-de-lue-a-partir-de-2028\/\",\"url\":\"https:\/\/vieassociative.be\/actualites\/les-services-secrets-mettent-en-garde-contre-une-possible-attaque-de-la-russie-contre-un-etat-de-lue-a-partir-de-2028\/\",\"name\":\"Les services secrets mettent en garde contre une possible attaque de la Russie contre un \u00c9tat de l'UE \u00e0 partir de 2028 | Vie Associative\",\"isPartOf\":{\"@id\":\"https:\/\/vieassociative.be\/actualites\/#website\"},\"primaryImageOfPage\":{\"@id\":\"https:\/\/vieassociative.be\/actualites\/les-services-secrets-mettent-en-garde-contre-une-possible-attaque-de-la-russie-contre-un-etat-de-lue-a-partir-de-2028\/#primaryimage\"},\"image\":{\"@id\":\"https:\/\/vieassociative.be\/actualites\/les-services-secrets-mettent-en-garde-contre-une-possible-attaque-de-la-russie-contre-un-etat-de-lue-a-partir-de-2028\/#primaryimage\"},\"thumbnailUrl\":\"https:\/\/vieassociative.be\/actualites\/wp-content\/uploads\/2025\/01\/1737555450_Les-services-secrets-mettent-en-garde-contre-une-possible-attaque.jpg\",\"datePublished\":\"2025-01-22T14:17:30+00:00\",\"dateModified\":\"2025-01-22T14:17:30+00:00\",\"breadcrumb\":{\"@id\":\"https:\/\/vieassociative.be\/actualites\/les-services-secrets-mettent-en-garde-contre-une-possible-attaque-de-la-russie-contre-un-etat-de-lue-a-partir-de-2028\/#breadcrumb\"},\"inLanguage\":\"fr-BE\",\"potentialAction\":[{\"@type\":\"ReadAction\",\"target\":[\"https:\/\/vieassociative.be\/actualites\/les-services-secrets-mettent-en-garde-contre-une-possible-attaque-de-la-russie-contre-un-etat-de-lue-a-partir-de-2028\/\"]}]},{\"@type\":\"ImageObject\",\"inLanguage\":\"fr-BE\",\"@id\":\"https:\/\/vieassociative.be\/actualites\/les-services-secrets-mettent-en-garde-contre-une-possible-attaque-de-la-russie-contre-un-etat-de-lue-a-partir-de-2028\/#primaryimage\",\"url\":\"https:\/\/vieassociative.be\/actualites\/wp-content\/uploads\/2025\/01\/1737555450_Les-services-secrets-mettent-en-garde-contre-une-possible-attaque.jpg\",\"contentUrl\":\"https:\/\/vieassociative.be\/actualites\/wp-content\/uploads\/2025\/01\/1737555450_Les-services-secrets-mettent-en-garde-contre-une-possible-attaque.jpg\",\"width\":1200,\"height\":800,\"caption\":\"Les services secrets mettent en garde contre une possible attaque de la Russie contre un \u00c9tat de l'UE \u00e0 partir de 2028\"},{\"@type\":\"BreadcrumbList\",\"@id\":\"https:\/\/vieassociative.be\/actualites\/les-services-secrets-mettent-en-garde-contre-une-possible-attaque-de-la-russie-contre-un-etat-de-lue-a-partir-de-2028\/#breadcrumb\",\"itemListElement\":[{\"@type\":\"ListItem\",\"position\":1,\"name\":\"Accueil\",\"item\":\"https:\/\/vieassociative.be\/actualites\/\"},{\"@type\":\"ListItem\",\"position\":2,\"name\":\"Les services secrets mettent en garde contre une possible attaque de la Russie contre un \u00c9tat de l&rsquo;UE \u00e0 partir de 2028\"}]},{\"@type\":\"WebSite\",\"@id\":\"https:\/\/vieassociative.be\/actualites\/#website\",\"url\":\"https:\/\/vieassociative.be\/actualites\/\",\"name\":\"Vie Associative\",\"description\":\"\",\"publisher\":{\"@id\":\"https:\/\/vieassociative.be\/actualites\/#organization\"},\"potentialAction\":[{\"@type\":\"SearchAction\",\"target\":{\"@type\":\"EntryPoint\",\"urlTemplate\":\"https:\/\/vieassociative.be\/actualites\/?s={search_term_string}\"},\"query-input\":{\"@type\":\"PropertyValueSpecification\",\"valueRequired\":true,\"valueName\":\"search_term_string\"}}],\"inLanguage\":\"fr-BE\"},{\"@type\":\"Organization\",\"@id\":\"https:\/\/vieassociative.be\/actualites\/#organization\",\"name\":\"Vie Associative\",\"url\":\"https:\/\/vieassociative.be\/actualites\/\",\"logo\":{\"@type\":\"ImageObject\",\"inLanguage\":\"fr-BE\",\"@id\":\"https:\/\/vieassociative.be\/actualites\/#\/schema\/logo\/image\/\",\"url\":\"https:\/\/vieassociative.be\/actualites\/wp-content\/uploads\/2024\/09\/cropped-vieassociative_favicon.ico.png\",\"contentUrl\":\"https:\/\/vieassociative.be\/actualites\/wp-content\/uploads\/2024\/09\/cropped-vieassociative_favicon.ico.png\",\"width\":512,\"height\":512,\"caption\":\"Vie Associative\"},\"image\":{\"@id\":\"https:\/\/vieassociative.be\/actualites\/#\/schema\/logo\/image\/\"}},{\"@type\":\"Person\",\"@id\":\"https:\/\/vieassociative.be\/actualites\/#\/schema\/person\/b87ac4f82f9d4e7b7cec7395b679edc4\",\"name\":\"Julien\",\"image\":{\"@type\":\"ImageObject\",\"inLanguage\":\"fr-BE\",\"@id\":\"https:\/\/vieassociative.be\/actualites\/#\/schema\/person\/image\/\",\"url\":\"https:\/\/vieassociative.be\/actualites\/wp-content\/uploads\/2024\/09\/vie-associative-1-150x150.jpg\",\"contentUrl\":\"https:\/\/vieassociative.be\/actualites\/wp-content\/uploads\/2024\/09\/vie-associative-1-150x150.jpg\",\"caption\":\"Julien\"},\"description\":\"Je suis Julien, r\u00e9dacteur pour Vie Associative. Passionn\u00e9 par le monde associatif depuis plus de 10 ans, j'ai \u00e0 c\u0153ur de partager des histoires inspirantes et de mettre en lumi\u00e8re les initiatives locales. Mon objectif est de sensibiliser et d'encourager l'engagement communautaire \u00e0 travers mes articles.\",\"sameAs\":[\"https:\/\/vieassociative.be\/\"]}]}<\/script>\n<!-- \/ Yoast SEO plugin. -->","yoast_head_json":{"title":"Les services secrets mettent en garde contre une possible attaque de la Russie contre un \u00c9tat de l'UE \u00e0 partir de 2028 | Vie Associative","robots":{"index":"index","follow":"follow","max-snippet":"max-snippet:-1","max-image-preview":"max-image-preview:large","max-video-preview":"max-video-preview:-1"},"canonical":"https:\/\/vieassociative.be\/actualites\/les-services-secrets-mettent-en-garde-contre-une-possible-attaque-de-la-russie-contre-un-etat-de-lue-a-partir-de-2028\/","og_locale":"fr_FR","og_type":"article","og_title":"Les services secrets mettent en garde contre une possible attaque de la Russie contre un \u00c9tat de l'UE \u00e0 partir de 2028 | Vie Associative","og_description":"La Russie pourrait-elle \u00e9galement attaquer un \u00c9tat de l\u2019UE apr\u00e8s l\u2019Ukraine ? Selon les informations de l&rsquo;UE, les services secrets n&rsquo;excluent pas cette possibilit\u00e9 \u00e0","og_url":"https:\/\/vieassociative.be\/actualites\/les-services-secrets-mettent-en-garde-contre-une-possible-attaque-de-la-russie-contre-un-etat-de-lue-a-partir-de-2028\/","og_site_name":"Vie Associative","article_published_time":"2025-01-22T14:17:30+00:00","og_image":[{"width":279,"height":92,"url":"https:\/\/vieassociative.be\/actualites\/wp-content\/uploads\/2024\/09\/header_backgroundk-01-e1726694325946.png","type":"image\/png"}],"author":"Julien","twitter_card":"summary_large_image","twitter_misc":{"\u00c9crit par":"Julien","Dur\u00e9e de lecture est.":"2 minutes"},"schema":{"@context":"https:\/\/schema.org","@graph":[{"@type":"Article","@id":"https:\/\/vieassociative.be\/actualites\/les-services-secrets-mettent-en-garde-contre-une-possible-attaque-de-la-russie-contre-un-etat-de-lue-a-partir-de-2028\/#article","isPartOf":{"@id":"https:\/\/vieassociative.be\/actualites\/les-services-secrets-mettent-en-garde-contre-une-possible-attaque-de-la-russie-contre-un-etat-de-lue-a-partir-de-2028\/"},"author":{"name":"Julien","@id":"https:\/\/vieassociative.be\/actualites\/#\/schema\/person\/b87ac4f82f9d4e7b7cec7395b679edc4"},"headline":"Les services secrets mettent en garde contre une possible attaque de la Russie contre un \u00c9tat de l&rsquo;UE \u00e0 partir de 2028","datePublished":"2025-01-22T14:17:30+00:00","dateModified":"2025-01-22T14:17:30+00:00","mainEntityOfPage":{"@id":"https:\/\/vieassociative.be\/actualites\/les-services-secrets-mettent-en-garde-contre-une-possible-attaque-de-la-russie-contre-un-etat-de-lue-a-partir-de-2028\/"},"wordCount":397,"publisher":{"@id":"https:\/\/vieassociative.be\/actualites\/#organization"},"image":{"@id":"https:\/\/vieassociative.be\/actualites\/les-services-secrets-mettent-en-garde-contre-une-possible-attaque-de-la-russie-contre-un-etat-de-lue-a-partir-de-2028\/#primaryimage"},"thumbnailUrl":"https:\/\/vieassociative.be\/actualites\/wp-content\/uploads\/2025\/01\/1737555450_Les-services-secrets-mettent-en-garde-contre-une-possible-attaque.jpg","keywords":["Attaque","contre","\u00e9tat","garde","Les","LUE","mettent","partir","Russie","secrets","services","une"],"articleSection":["Belgique"],"inLanguage":"fr-BE"},{"@type":"WebPage","@id":"https:\/\/vieassociative.be\/actualites\/les-services-secrets-mettent-en-garde-contre-une-possible-attaque-de-la-russie-contre-un-etat-de-lue-a-partir-de-2028\/","url":"https:\/\/vieassociative.be\/actualites\/les-services-secrets-mettent-en-garde-contre-une-possible-attaque-de-la-russie-contre-un-etat-de-lue-a-partir-de-2028\/","name":"Les services secrets mettent en garde contre une possible attaque de la Russie contre un \u00c9tat de l'UE \u00e0 partir de 2028 | Vie Associative","isPartOf":{"@id":"https:\/\/vieassociative.be\/actualites\/#website"},"primaryImageOfPage":{"@id":"https:\/\/vieassociative.be\/actualites\/les-services-secrets-mettent-en-garde-contre-une-possible-attaque-de-la-russie-contre-un-etat-de-lue-a-partir-de-2028\/#primaryimage"},"image":{"@id":"https:\/\/vieassociative.be\/actualites\/les-services-secrets-mettent-en-garde-contre-une-possible-attaque-de-la-russie-contre-un-etat-de-lue-a-partir-de-2028\/#primaryimage"},"thumbnailUrl":"https:\/\/vieassociative.be\/actualites\/wp-content\/uploads\/2025\/01\/1737555450_Les-services-secrets-mettent-en-garde-contre-une-possible-attaque.jpg","datePublished":"2025-01-22T14:17:30+00:00","dateModified":"2025-01-22T14:17:30+00:00","breadcrumb":{"@id":"https:\/\/vieassociative.be\/actualites\/les-services-secrets-mettent-en-garde-contre-une-possible-attaque-de-la-russie-contre-un-etat-de-lue-a-partir-de-2028\/#breadcrumb"},"inLanguage":"fr-BE","potentialAction":[{"@type":"ReadAction","target":["https:\/\/vieassociative.be\/actualites\/les-services-secrets-mettent-en-garde-contre-une-possible-attaque-de-la-russie-contre-un-etat-de-lue-a-partir-de-2028\/"]}]},{"@type":"ImageObject","inLanguage":"fr-BE","@id":"https:\/\/vieassociative.be\/actualites\/les-services-secrets-mettent-en-garde-contre-une-possible-attaque-de-la-russie-contre-un-etat-de-lue-a-partir-de-2028\/#primaryimage","url":"https:\/\/vieassociative.be\/actualites\/wp-content\/uploads\/2025\/01\/1737555450_Les-services-secrets-mettent-en-garde-contre-une-possible-attaque.jpg","contentUrl":"https:\/\/vieassociative.be\/actualites\/wp-content\/uploads\/2025\/01\/1737555450_Les-services-secrets-mettent-en-garde-contre-une-possible-attaque.jpg","width":1200,"height":800,"caption":"Les services secrets mettent en garde contre une possible attaque de la Russie contre un \u00c9tat de l'UE \u00e0 partir de 2028"},{"@type":"BreadcrumbList","@id":"https:\/\/vieassociative.be\/actualites\/les-services-secrets-mettent-en-garde-contre-une-possible-attaque-de-la-russie-contre-un-etat-de-lue-a-partir-de-2028\/#breadcrumb","itemListElement":[{"@type":"ListItem","position":1,"name":"Accueil","item":"https:\/\/vieassociative.be\/actualites\/"},{"@type":"ListItem","position":2,"name":"Les services secrets mettent en garde contre une possible attaque de la Russie contre un \u00c9tat de l&rsquo;UE \u00e0 partir de 2028"}]},{"@type":"WebSite","@id":"https:\/\/vieassociative.be\/actualites\/#website","url":"https:\/\/vieassociative.be\/actualites\/","name":"Vie Associative","description":"","publisher":{"@id":"https:\/\/vieassociative.be\/actualites\/#organization"},"potentialAction":[{"@type":"SearchAction","target":{"@type":"EntryPoint","urlTemplate":"https:\/\/vieassociative.be\/actualites\/?s={search_term_string}"},"query-input":{"@type":"PropertyValueSpecification","valueRequired":true,"valueName":"search_term_string"}}],"inLanguage":"fr-BE"},{"@type":"Organization","@id":"https:\/\/vieassociative.be\/actualites\/#organization","name":"Vie Associative","url":"https:\/\/vieassociative.be\/actualites\/","logo":{"@type":"ImageObject","inLanguage":"fr-BE","@id":"https:\/\/vieassociative.be\/actualites\/#\/schema\/logo\/image\/","url":"https:\/\/vieassociative.be\/actualites\/wp-content\/uploads\/2024\/09\/cropped-vieassociative_favicon.ico.png","contentUrl":"https:\/\/vieassociative.be\/actualites\/wp-content\/uploads\/2024\/09\/cropped-vieassociative_favicon.ico.png","width":512,"height":512,"caption":"Vie Associative"},"image":{"@id":"https:\/\/vieassociative.be\/actualites\/#\/schema\/logo\/image\/"}},{"@type":"Person","@id":"https:\/\/vieassociative.be\/actualites\/#\/schema\/person\/b87ac4f82f9d4e7b7cec7395b679edc4","name":"Julien","image":{"@type":"ImageObject","inLanguage":"fr-BE","@id":"https:\/\/vieassociative.be\/actualites\/#\/schema\/person\/image\/","url":"https:\/\/vieassociative.be\/actualites\/wp-content\/uploads\/2024\/09\/vie-associative-1-150x150.jpg","contentUrl":"https:\/\/vieassociative.be\/actualites\/wp-content\/uploads\/2024\/09\/vie-associative-1-150x150.jpg","caption":"Julien"},"description":"Je suis Julien, r\u00e9dacteur pour Vie Associative. Passionn\u00e9 par le monde associatif depuis plus de 10 ans, j'ai \u00e0 c\u0153ur de partager des histoires inspirantes et de mettre en lumi\u00e8re les initiatives locales. Mon objectif est de sensibiliser et d'encourager l'engagement communautaire \u00e0 travers mes articles.","sameAs":["https:\/\/vieassociative.be\/"]}]}},"_links":{"self":[{"href":"https:\/\/vieassociative.be\/actualites\/wp-json\/wp\/v2\/posts\/4508"}],"collection":[{"href":"https:\/\/vieassociative.be\/actualites\/wp-json\/wp\/v2\/posts"}],"about":[{"href":"https:\/\/vieassociative.be\/actualites\/wp-json\/wp\/v2\/types\/post"}],"author":[{"embeddable":true,"href":"https:\/\/vieassociative.be\/actualites\/wp-json\/wp\/v2\/users\/1"}],"replies":[{"embeddable":true,"href":"https:\/\/vieassociative.be\/actualites\/wp-json\/wp\/v2\/comments?post=4508"}],"version-history":[{"count":0,"href":"https:\/\/vieassociative.be\/actualites\/wp-json\/wp\/v2\/posts\/4508\/revisions"}],"wp:featuredmedia":[{"embeddable":true,"href":"https:\/\/vieassociative.be\/actualites\/wp-json\/wp\/v2\/media\/4509"}],"wp:attachment":[{"href":"https:\/\/vieassociative.be\/actualites\/wp-json\/wp\/v2\/media?parent=4508"}],"wp:term":[{"taxonomy":"category","embeddable":true,"href":"https:\/\/vieassociative.be\/actualites\/wp-json\/wp\/v2\/categories?post=4508"},{"taxonomy":"post_tag","embeddable":true,"href":"https:\/\/vieassociative.be\/actualites\/wp-json\/wp\/v2\/tags?post=4508"}],"curies":[{"name":"wp","href":"https:\/\/api.w.org\/{rel}","templated":true}]}}