{"id":4506,"date":"2025-01-22T14:17:49","date_gmt":"2025-01-22T13:17:49","guid":{"rendered":"https:\/\/vieassociative.be\/actualites\/ces-enormes-televiseurs-sony-bravia-x93l-sont-presque-a-moitie-prix\/"},"modified":"2025-01-22T14:17:49","modified_gmt":"2025-01-22T13:17:49","slug":"ces-enormes-televiseurs-sony-bravia-x93l-sont-presque-a-moitie-prix","status":"publish","type":"post","link":"https:\/\/vieassociative.be\/actualites\/ces-enormes-televiseurs-sony-bravia-x93l-sont-presque-a-moitie-prix\/","title":{"rendered":"Ces \u00e9normes t\u00e9l\u00e9viseurs Sony Bravia X93L sont presque \u00e0 moiti\u00e9 prix"},"content":{"rendered":"<div class=\"mt-4 leading-6 md:mb-8\">Le Bravia est le t\u00e9l\u00e9viseur mini-LED phare de Sony \u00e0 partir de 2023, et vous pouvez l&rsquo;obtenir d\u00e8s maintenant \u00e0 son meilleur prix \u00e0 ce jour.<\/div>\n<p><\/p>\n<p>Au cours du Consumer Electronics Show (CES) de cette ann\u00e9e, de nombreuses entreprises ont pr\u00e9sent\u00e9 leurs nouveaux produits passionnants. Comme les acheteurs avertis le savent, cela marque le d\u00e9but des achats des mod\u00e8les phares de l&rsquo;ann\u00e9e derni\u00e8re ou, mieux encore pour votre portefeuille, des t\u00e9l\u00e9viseurs phares de deux ans \u00e0 prix r\u00e9duit. Si vous recherchez une offre sur un t\u00e9l\u00e9viseur de 65 ou 75 pouces, pensez au t\u00e9l\u00e9viseur Mini LED phare de Sony 2023, qu&rsquo;IGN a qualifi\u00e9 de l&rsquo;un des meilleurs t\u00e9l\u00e9viseurs non OLED de 2023 dans son examen. <\/p>\n<p>Le Sony Bravia Classe X93L de 65 pouces est <strong>998\u00a0$<\/strong> (\u00e0 l&rsquo;origine 1 799,99 $) et le Bravia 75 pouces Classe X93L est <strong>1\u00a0298\u00a0$<\/strong> (\u00e0 l&rsquo;origine 2 498 $) chez Walmart. Les deux tailles sont actuellement \u00e0 leurs prix les plus bas (200 $ de moins que le Cyber \u200b\u200b\u200b\u200bMonday)<strong> <\/strong>depuis leur sortie, selon les outils de suivi des prix.<\/p>\n<div class=\"shadow-b-2 mb-12 mt-10 rounded-md border-2 border-(#F0F0F0) px-6 py-2 shadow-lg md:px-12\" role=\"region\" aria-label=\"Products List\" x-data=\"{ showMore: false }\">\n<div class=\"flex w-full gap-x-5\">\n<div class=\"flex w-full flex-col flex-nowrap justify-center gap-2 text-black no-underline md:order-2 md:gap-y-6\">\n<div class=\"flex flex-col justify-between gap-y-2 md:w-full md:gap-y-1\">\n<div class=\"block font-sans text-xs font-semibold capitalize leading-3 text-gray-900 md:leading-4\">Type de panneau : LED, Taille de l&rsquo;\u00e9cran : 65 pouces, R\u00e9solution : 3840 x 2160, Entr\u00e9es vid\u00e9o : HDMI, Composite, RF<\/div>\n<div class=\"block w-fit cursor-pointer font-akshar text-lg font-medium leading-5 text-brand-green duration-200 ease-in-out hover:text-brand-green-700 md:text-xl md:leading-6\">\n<p>                            Sony Bravia 65 pouces Classe X93L\n                        <\/p><\/div>\n<\/p><\/div>\n<div class=\"hidden md:flex md:justify-between md:gap-x-4\">\n<div class=\"w-full mb-0 md:flex md:flex-col md:justify-center font-sans leading-4 text-black\">\n<div class=\"flex flex-wrap items-center justify-center gap-x-1 md:justify-start\">\n        <span class=\"font-bold\"><\/p>\n<p>            998,00\u00a0$<br \/>\n                            <span class=\"font-medium\">chez Walmart<\/span><br \/>\n                    <\/span>\n            <\/div>\n<div class=\"flex items-center justify-center gap-x-1 font-bold md:justify-start\">\n            <span class=\"text-sm line-through\">1\u00a0799,99\u00a0$<\/span><br \/>\n            <span class=\"text-sm text-brand-green\">\u00c9conomisez 801,99 $<\/span>\n        <\/div>\n<\/p><\/div>\n<p>                            <button class=\"flex justify-center items-center w-full bg-brand-green text-white text-base font-sans font-medium rounded-md hover:bg-brand-green-700 hover:cursor-pointer md:text-sm hidden self-end h-12 max-w-(10rem) duration-200 ease-in-out hover:bg-brand-green-700 md:flex md:h-10\"><\/p>\n<p>    Obtenez une offre<br \/>\n<\/button>\n                        <\/div>\n<\/p><\/div>\n<div class=\"flex aspect-video h-(90px) shrink-0 items-center justify-center self-center md:order-1\">\n                        <img decoding=\"async\" class=\"m-0 max-h-full max-w-full rounded-md\" src=\"https:\/\/vieassociative.be\/actualites\/wp-content\/uploads\/2025\/01\/Lenorme-Sony-Bravia-X93L-de-75-pouces-est-presque-a.jpg\" alt=\"Sony Bravia 75 pouces Classe X93L\" width=\"auto\" height=\"auto\" loading=\"lazy\">\n                    <\/div>\n<\/p><\/div>\n<p>                            <button class=\"flex justify-center items-center w-full bg-brand-green text-white text-base font-sans font-medium rounded-md hover:bg-brand-green-700 hover:cursor-pointer md:text-sm w-full h-12 duration-200 ease-in-out hover:bg-brand-green-700 md:hidden md:h-10\"><\/p>\n<p>    Obtenez une offre<br \/>\n<\/button><\/p>\n<div class=\"flex flex-col items-center w-full md:hidden font-sans leading-4 text-black\">\n<div class=\"flex flex-wrap items-center justify-center gap-x-1 md:justify-start\">\n        <span class=\"font-bold\"><\/p>\n<p>            998,00\u00a0$<br \/>\n                            <span class=\"font-medium\">chez Walmart<\/span><br \/>\n                    <\/span>\n            <\/div>\n<div class=\"flex items-center justify-center gap-x-1 font-bold md:justify-start\">\n            <span class=\"text-sm line-through\">1\u00a0799,99\u00a0$<\/span><br \/>\n            <span class=\"text-sm text-brand-green\">\u00c9conomisez 801,99 $<\/span>\n        <\/div>\n<\/p><\/div>\n<div class=\"flex w-full gap-x-5\">\n<div class=\"flex w-full flex-col flex-nowrap justify-center gap-2 text-black no-underline md:order-2 md:gap-y-6\">\n<div class=\"flex flex-col justify-between gap-y-2 md:w-full md:gap-y-1\">\n<div class=\"block font-sans text-xs font-semibold capitalize leading-3 text-gray-900 md:leading-4\">Type de panneau : LED, Taille de l&rsquo;\u00e9cran : 75 pouces, R\u00e9solution : 3840 x 2160, Entr\u00e9es vid\u00e9o : HDMI, Composite, RF<\/div>\n<div class=\"block w-fit cursor-pointer font-akshar text-lg font-medium leading-5 text-brand-green duration-200 ease-in-out hover:text-brand-green-700 md:text-xl md:leading-6\">\n<p>                            Sony Bravia 75 pouces Classe X93L\n                        <\/p><\/div>\n<\/p><\/div>\n<div class=\"hidden md:flex md:justify-between md:gap-x-4\">\n<div class=\"w-full mb-0 md:flex md:flex-col md:justify-center font-sans leading-4 text-black\">\n<div class=\"flex flex-wrap items-center justify-center gap-x-1 md:justify-start\">\n        <span class=\"font-bold\"><\/p>\n<p>            1\u00a0298,00\u00a0$<br \/>\n                            <span class=\"font-medium\">chez Walmart<\/span><br \/>\n                    <\/span>\n            <\/div>\n<div class=\"flex items-center justify-center gap-x-1 font-bold md:justify-start\">\n            <span class=\"text-sm line-through\">2\u00a0498,00\u00a0$<\/span><br \/>\n            <span class=\"text-sm text-brand-green\">\u00c9conomisez 1\u00a0200,00\u00a0$<\/span>\n        <\/div>\n<\/p><\/div>\n<p>                            <button class=\"flex justify-center items-center w-full bg-brand-green text-white text-base font-sans font-medium rounded-md hover:bg-brand-green-700 hover:cursor-pointer md:text-sm hidden self-end h-12 max-w-(10rem) duration-200 ease-in-out hover:bg-brand-green-700 md:flex md:h-10\"><\/p>\n<p>    Obtenez une offre<br \/>\n<\/button>\n                        <\/div>\n<\/p><\/div>\n<div class=\"flex aspect-video h-(90px) shrink-0 items-center justify-center self-center md:order-1\">\n                        <img decoding=\"async\" class=\"m-0 max-h-full max-w-full rounded-md\" src=\"https:\/\/vieassociative.be\/actualites\/wp-content\/uploads\/2025\/01\/Lenorme-Sony-Bravia-X93L-de-75-pouces-est-presque-a.jpg\" alt=\"Sony Bravia 75 pouces Classe X93L\" width=\"auto\" height=\"auto\" loading=\"lazy\">\n                    <\/div>\n<\/p><\/div>\n<p>                            <button class=\"flex justify-center items-center w-full bg-brand-green text-white text-base font-sans font-medium rounded-md hover:bg-brand-green-700 hover:cursor-pointer md:text-sm w-full h-12 duration-200 ease-in-out hover:bg-brand-green-700 md:hidden md:h-10\"><\/p>\n<p>    Obtenez une offre<br \/>\n<\/button><\/p>\n<div class=\"flex flex-col items-center w-full md:hidden font-sans leading-4 text-black\">\n<div class=\"flex flex-wrap items-center justify-center gap-x-1 md:justify-start\">\n        <span class=\"font-bold\"><\/p>\n<p>            1\u00a0298,00\u00a0$<br \/>\n                            <span class=\"font-medium\">chez Walmart<\/span><br \/>\n                    <\/span>\n            <\/div>\n<div class=\"flex items-center justify-center gap-x-1 font-bold md:justify-start\">\n            <span class=\"text-sm line-through\">2\u00a0498,00\u00a0$<\/span><br \/>\n            <span class=\"text-sm text-brand-green\">\u00c9conomisez 1\u00a0200,00\u00a0$<\/span>\n        <\/div>\n<\/p><\/div>\n<\/div>\n<p>Le Bravia X93L est un mini t\u00e9l\u00e9viseur intelligent Google r\u00e9tro\u00e9clair\u00e9 par LED (vous pouvez utiliser Apple AirPlay et Google Cast), ce qui signifie que vous n&rsquo;obtiendrez pas le contraste d&rsquo;un OLED mais que vous aurez plus de luminosit\u00e9 : 1 383 nits. Il s&rsquo;agit d&rsquo;un t\u00e9l\u00e9viseur 4K avec une r\u00e9solution de 3\u00a0840 x 2\u00a0160, Dolby Vision et HDR-10, quatre ports HDMI (dont deux ports 2.1 \u00e0 120 Hz, mais l&rsquo;un d&rsquo;eux est la connexion E-ARC pour l&rsquo;audio), un rapport de contraste de 1 383 000:1, un taux de rafra\u00eechissement de 120 Hz, un d\u00e9calage d&rsquo;entr\u00e9e de 9,8 ms en mode jeu (pas le meilleur, mais quand m\u00eame bon) et un taux de rafra\u00eechissement variable (VRR) pour les jeux, mais pas d&rsquo;AMD FreeSync ou de Nvidia G-Sync.<\/p>\n<p>Les personnes recherchant un t\u00e9l\u00e9viseur pour leur syst\u00e8me home cin\u00e9ma appr\u00e9cieront sa conception permettant d&rsquo;installer facilement une barre de son \u00e0 l&rsquo;avant ou sous le t\u00e9l\u00e9viseur, avec des pieds r\u00e9glables en largeur et en hauteur. Il g\u00e8re \u00e9galement tr\u00e8s bien la r\u00e9flexion, en partie gr\u00e2ce \u00e0 sa luminosit\u00e9. Si vous ne cherchez pas de barre de son ou de son surround, l&rsquo;audio est bien meilleur que ses concurrents (m\u00eame si comme tous les t\u00e9l\u00e9viseurs, les basses feront toujours d\u00e9faut). <\/p>\n<p>Vous pouvez en savoir plus sur ce t\u00e9l\u00e9viseur dans la critique \u00ab excellente \u00bb de PCMag. <\/p>\n","protected":false},"excerpt":{"rendered":"<p>Le Bravia est le t\u00e9l\u00e9viseur mini-LED phare de Sony \u00e0 partir de 2023, et vous pouvez l&rsquo;obtenir d\u00e8s maintenant \u00e0 son meilleur prix \u00e0 ce<\/p>\n","protected":false},"author":1,"featured_media":4507,"comment_status":"","ping_status":"","sticky":false,"template":"","format":"standard","meta":{"footnotes":""},"categories":[13],"tags":[4635,248,4889,4637,340,1399,18,2243,1056,4636],"class_list":["post-4506","post","type-post","status-publish","format-standard","has-post-thumbnail","hentry","category-technologie","tag-bravia","tag-ces","tag-enormes","tag-moitie","tag-presque","tag-prix","tag-sont","tag-sony","tag-televiseurs","tag-x93l","generate-columns","tablet-grid-50","mobile-grid-100","grid-parent","grid-33"],"yoast_head":"<!-- This site is optimized with the Yoast SEO plugin v24.0 - https:\/\/yoast.com\/wordpress\/plugins\/seo\/ -->\n<title>Ces \u00e9normes t\u00e9l\u00e9viseurs Sony Bravia X93L sont presque \u00e0 moiti\u00e9 prix | Vie Associative<\/title>\n<meta name=\"robots\" content=\"index, follow, max-snippet:-1, max-image-preview:large, max-video-preview:-1\" \/>\n<link rel=\"canonical\" href=\"https:\/\/vieassociative.be\/actualites\/ces-enormes-televiseurs-sony-bravia-x93l-sont-presque-a-moitie-prix\/\" \/>\n<meta property=\"og:locale\" content=\"fr_FR\" \/>\n<meta property=\"og:type\" content=\"article\" \/>\n<meta property=\"og:title\" content=\"Ces \u00e9normes t\u00e9l\u00e9viseurs Sony Bravia X93L sont presque \u00e0 moiti\u00e9 prix | Vie Associative\" \/>\n<meta property=\"og:description\" content=\"Le Bravia est le t\u00e9l\u00e9viseur mini-LED phare de Sony \u00e0 partir de 2023, et vous pouvez l&rsquo;obtenir d\u00e8s maintenant \u00e0 son meilleur prix \u00e0 ce\" \/>\n<meta property=\"og:url\" content=\"https:\/\/vieassociative.be\/actualites\/ces-enormes-televiseurs-sony-bravia-x93l-sont-presque-a-moitie-prix\/\" \/>\n<meta property=\"og:site_name\" content=\"Vie Associative\" \/>\n<meta property=\"article:published_time\" content=\"2025-01-22T13:17:49+00:00\" \/>\n<meta property=\"og:image\" content=\"https:\/\/vieassociative.be\/actualites\/wp-content\/uploads\/2025\/01\/Lenorme-Sony-Bravia-X93L-de-75-pouces-est-presque-a.jpg\" \/>\n<meta name=\"author\" content=\"Julien\" \/>\n<meta name=\"twitter:card\" content=\"summary_large_image\" \/>\n<meta name=\"twitter:label1\" content=\"\u00c9crit par\" \/>\n\t<meta name=\"twitter:data1\" content=\"Julien\" \/>\n\t<meta name=\"twitter:label2\" content=\"Dur\u00e9e de lecture est.\" \/>\n\t<meta name=\"twitter:data2\" content=\"2 minutes\" \/>\n<script type=\"application\/ld+json\" class=\"yoast-schema-graph\">{\"@context\":\"https:\/\/schema.org\",\"@graph\":[{\"@type\":\"Article\",\"@id\":\"https:\/\/vieassociative.be\/actualites\/ces-enormes-televiseurs-sony-bravia-x93l-sont-presque-a-moitie-prix\/#article\",\"isPartOf\":{\"@id\":\"https:\/\/vieassociative.be\/actualites\/ces-enormes-televiseurs-sony-bravia-x93l-sont-presque-a-moitie-prix\/\"},\"author\":{\"name\":\"Julien\",\"@id\":\"https:\/\/vieassociative.be\/actualites\/#\/schema\/person\/b87ac4f82f9d4e7b7cec7395b679edc4\"},\"headline\":\"Ces \u00e9normes t\u00e9l\u00e9viseurs Sony Bravia X93L sont presque \u00e0 moiti\u00e9 prix\",\"datePublished\":\"2025-01-22T13:17:49+00:00\",\"dateModified\":\"2025-01-22T13:17:49+00:00\",\"mainEntityOfPage\":{\"@id\":\"https:\/\/vieassociative.be\/actualites\/ces-enormes-televiseurs-sony-bravia-x93l-sont-presque-a-moitie-prix\/\"},\"wordCount\":511,\"publisher\":{\"@id\":\"https:\/\/vieassociative.be\/actualites\/#organization\"},\"image\":{\"@id\":\"https:\/\/vieassociative.be\/actualites\/ces-enormes-televiseurs-sony-bravia-x93l-sont-presque-a-moitie-prix\/#primaryimage\"},\"thumbnailUrl\":\"https:\/\/vieassociative.be\/actualites\/wp-content\/uploads\/2025\/01\/Ces-enormes-televiseurs-Sony-Bravia-X93L-sont-presque-a-moitie.png\",\"keywords\":[\"Bravia\",\"ces\",\"\u00e9normes\",\"moiti\u00e9\",\"presque\",\"prix\",\"sont\",\"Sony\",\"t\u00e9l\u00e9viseurs\",\"X93L\"],\"articleSection\":[\"Technologie\"],\"inLanguage\":\"fr-BE\"},{\"@type\":\"WebPage\",\"@id\":\"https:\/\/vieassociative.be\/actualites\/ces-enormes-televiseurs-sony-bravia-x93l-sont-presque-a-moitie-prix\/\",\"url\":\"https:\/\/vieassociative.be\/actualites\/ces-enormes-televiseurs-sony-bravia-x93l-sont-presque-a-moitie-prix\/\",\"name\":\"Ces \u00e9normes t\u00e9l\u00e9viseurs Sony Bravia X93L sont presque \u00e0 moiti\u00e9 prix | Vie Associative\",\"isPartOf\":{\"@id\":\"https:\/\/vieassociative.be\/actualites\/#website\"},\"primaryImageOfPage\":{\"@id\":\"https:\/\/vieassociative.be\/actualites\/ces-enormes-televiseurs-sony-bravia-x93l-sont-presque-a-moitie-prix\/#primaryimage\"},\"image\":{\"@id\":\"https:\/\/vieassociative.be\/actualites\/ces-enormes-televiseurs-sony-bravia-x93l-sont-presque-a-moitie-prix\/#primaryimage\"},\"thumbnailUrl\":\"https:\/\/vieassociative.be\/actualites\/wp-content\/uploads\/2025\/01\/Ces-enormes-televiseurs-Sony-Bravia-X93L-sont-presque-a-moitie.png\",\"datePublished\":\"2025-01-22T13:17:49+00:00\",\"dateModified\":\"2025-01-22T13:17:49+00:00\",\"breadcrumb\":{\"@id\":\"https:\/\/vieassociative.be\/actualites\/ces-enormes-televiseurs-sony-bravia-x93l-sont-presque-a-moitie-prix\/#breadcrumb\"},\"inLanguage\":\"fr-BE\",\"potentialAction\":[{\"@type\":\"ReadAction\",\"target\":[\"https:\/\/vieassociative.be\/actualites\/ces-enormes-televiseurs-sony-bravia-x93l-sont-presque-a-moitie-prix\/\"]}]},{\"@type\":\"ImageObject\",\"inLanguage\":\"fr-BE\",\"@id\":\"https:\/\/vieassociative.be\/actualites\/ces-enormes-televiseurs-sony-bravia-x93l-sont-presque-a-moitie-prix\/#primaryimage\",\"url\":\"https:\/\/vieassociative.be\/actualites\/wp-content\/uploads\/2025\/01\/Ces-enormes-televiseurs-Sony-Bravia-X93L-sont-presque-a-moitie.png\",\"contentUrl\":\"https:\/\/vieassociative.be\/actualites\/wp-content\/uploads\/2025\/01\/Ces-enormes-televiseurs-Sony-Bravia-X93L-sont-presque-a-moitie.png\",\"width\":1200,\"height\":675,\"caption\":\"Ces \u00e9normes t\u00e9l\u00e9viseurs Sony Bravia X93L sont presque \u00e0 moiti\u00e9 prix\"},{\"@type\":\"BreadcrumbList\",\"@id\":\"https:\/\/vieassociative.be\/actualites\/ces-enormes-televiseurs-sony-bravia-x93l-sont-presque-a-moitie-prix\/#breadcrumb\",\"itemListElement\":[{\"@type\":\"ListItem\",\"position\":1,\"name\":\"Accueil\",\"item\":\"https:\/\/vieassociative.be\/actualites\/\"},{\"@type\":\"ListItem\",\"position\":2,\"name\":\"Ces \u00e9normes t\u00e9l\u00e9viseurs Sony Bravia X93L sont presque \u00e0 moiti\u00e9 prix\"}]},{\"@type\":\"WebSite\",\"@id\":\"https:\/\/vieassociative.be\/actualites\/#website\",\"url\":\"https:\/\/vieassociative.be\/actualites\/\",\"name\":\"Vie Associative\",\"description\":\"\",\"publisher\":{\"@id\":\"https:\/\/vieassociative.be\/actualites\/#organization\"},\"potentialAction\":[{\"@type\":\"SearchAction\",\"target\":{\"@type\":\"EntryPoint\",\"urlTemplate\":\"https:\/\/vieassociative.be\/actualites\/?s={search_term_string}\"},\"query-input\":{\"@type\":\"PropertyValueSpecification\",\"valueRequired\":true,\"valueName\":\"search_term_string\"}}],\"inLanguage\":\"fr-BE\"},{\"@type\":\"Organization\",\"@id\":\"https:\/\/vieassociative.be\/actualites\/#organization\",\"name\":\"Vie Associative\",\"url\":\"https:\/\/vieassociative.be\/actualites\/\",\"logo\":{\"@type\":\"ImageObject\",\"inLanguage\":\"fr-BE\",\"@id\":\"https:\/\/vieassociative.be\/actualites\/#\/schema\/logo\/image\/\",\"url\":\"https:\/\/vieassociative.be\/actualites\/wp-content\/uploads\/2024\/09\/cropped-vieassociative_favicon.ico.png\",\"contentUrl\":\"https:\/\/vieassociative.be\/actualites\/wp-content\/uploads\/2024\/09\/cropped-vieassociative_favicon.ico.png\",\"width\":512,\"height\":512,\"caption\":\"Vie Associative\"},\"image\":{\"@id\":\"https:\/\/vieassociative.be\/actualites\/#\/schema\/logo\/image\/\"}},{\"@type\":\"Person\",\"@id\":\"https:\/\/vieassociative.be\/actualites\/#\/schema\/person\/b87ac4f82f9d4e7b7cec7395b679edc4\",\"name\":\"Julien\",\"image\":{\"@type\":\"ImageObject\",\"inLanguage\":\"fr-BE\",\"@id\":\"https:\/\/vieassociative.be\/actualites\/#\/schema\/person\/image\/\",\"url\":\"https:\/\/vieassociative.be\/actualites\/wp-content\/uploads\/2024\/09\/vie-associative-1-150x150.jpg\",\"contentUrl\":\"https:\/\/vieassociative.be\/actualites\/wp-content\/uploads\/2024\/09\/vie-associative-1-150x150.jpg\",\"caption\":\"Julien\"},\"description\":\"Je suis Julien, r\u00e9dacteur pour Vie Associative. Passionn\u00e9 par le monde associatif depuis plus de 10 ans, j'ai \u00e0 c\u0153ur de partager des histoires inspirantes et de mettre en lumi\u00e8re les initiatives locales. Mon objectif est de sensibiliser et d'encourager l'engagement communautaire \u00e0 travers mes articles.\",\"sameAs\":[\"https:\/\/vieassociative.be\/\"]}]}<\/script>\n<!-- \/ Yoast SEO plugin. -->","yoast_head_json":{"title":"Ces \u00e9normes t\u00e9l\u00e9viseurs Sony Bravia X93L sont presque \u00e0 moiti\u00e9 prix | Vie Associative","robots":{"index":"index","follow":"follow","max-snippet":"max-snippet:-1","max-image-preview":"max-image-preview:large","max-video-preview":"max-video-preview:-1"},"canonical":"https:\/\/vieassociative.be\/actualites\/ces-enormes-televiseurs-sony-bravia-x93l-sont-presque-a-moitie-prix\/","og_locale":"fr_FR","og_type":"article","og_title":"Ces \u00e9normes t\u00e9l\u00e9viseurs Sony Bravia X93L sont presque \u00e0 moiti\u00e9 prix | Vie Associative","og_description":"Le Bravia est le t\u00e9l\u00e9viseur mini-LED phare de Sony \u00e0 partir de 2023, et vous pouvez l&rsquo;obtenir d\u00e8s maintenant \u00e0 son meilleur prix \u00e0 ce","og_url":"https:\/\/vieassociative.be\/actualites\/ces-enormes-televiseurs-sony-bravia-x93l-sont-presque-a-moitie-prix\/","og_site_name":"Vie Associative","article_published_time":"2025-01-22T13:17:49+00:00","og_image":[{"url":"https:\/\/vieassociative.be\/actualites\/wp-content\/uploads\/2025\/01\/Lenorme-Sony-Bravia-X93L-de-75-pouces-est-presque-a.jpg","type":"","width":"","height":""}],"author":"Julien","twitter_card":"summary_large_image","twitter_misc":{"\u00c9crit par":"Julien","Dur\u00e9e de lecture est.":"2 minutes"},"schema":{"@context":"https:\/\/schema.org","@graph":[{"@type":"Article","@id":"https:\/\/vieassociative.be\/actualites\/ces-enormes-televiseurs-sony-bravia-x93l-sont-presque-a-moitie-prix\/#article","isPartOf":{"@id":"https:\/\/vieassociative.be\/actualites\/ces-enormes-televiseurs-sony-bravia-x93l-sont-presque-a-moitie-prix\/"},"author":{"name":"Julien","@id":"https:\/\/vieassociative.be\/actualites\/#\/schema\/person\/b87ac4f82f9d4e7b7cec7395b679edc4"},"headline":"Ces \u00e9normes t\u00e9l\u00e9viseurs Sony Bravia X93L sont presque \u00e0 moiti\u00e9 prix","datePublished":"2025-01-22T13:17:49+00:00","dateModified":"2025-01-22T13:17:49+00:00","mainEntityOfPage":{"@id":"https:\/\/vieassociative.be\/actualites\/ces-enormes-televiseurs-sony-bravia-x93l-sont-presque-a-moitie-prix\/"},"wordCount":511,"publisher":{"@id":"https:\/\/vieassociative.be\/actualites\/#organization"},"image":{"@id":"https:\/\/vieassociative.be\/actualites\/ces-enormes-televiseurs-sony-bravia-x93l-sont-presque-a-moitie-prix\/#primaryimage"},"thumbnailUrl":"https:\/\/vieassociative.be\/actualites\/wp-content\/uploads\/2025\/01\/Ces-enormes-televiseurs-Sony-Bravia-X93L-sont-presque-a-moitie.png","keywords":["Bravia","ces","\u00e9normes","moiti\u00e9","presque","prix","sont","Sony","t\u00e9l\u00e9viseurs","X93L"],"articleSection":["Technologie"],"inLanguage":"fr-BE"},{"@type":"WebPage","@id":"https:\/\/vieassociative.be\/actualites\/ces-enormes-televiseurs-sony-bravia-x93l-sont-presque-a-moitie-prix\/","url":"https:\/\/vieassociative.be\/actualites\/ces-enormes-televiseurs-sony-bravia-x93l-sont-presque-a-moitie-prix\/","name":"Ces \u00e9normes t\u00e9l\u00e9viseurs Sony Bravia X93L sont presque \u00e0 moiti\u00e9 prix | Vie Associative","isPartOf":{"@id":"https:\/\/vieassociative.be\/actualites\/#website"},"primaryImageOfPage":{"@id":"https:\/\/vieassociative.be\/actualites\/ces-enormes-televiseurs-sony-bravia-x93l-sont-presque-a-moitie-prix\/#primaryimage"},"image":{"@id":"https:\/\/vieassociative.be\/actualites\/ces-enormes-televiseurs-sony-bravia-x93l-sont-presque-a-moitie-prix\/#primaryimage"},"thumbnailUrl":"https:\/\/vieassociative.be\/actualites\/wp-content\/uploads\/2025\/01\/Ces-enormes-televiseurs-Sony-Bravia-X93L-sont-presque-a-moitie.png","datePublished":"2025-01-22T13:17:49+00:00","dateModified":"2025-01-22T13:17:49+00:00","breadcrumb":{"@id":"https:\/\/vieassociative.be\/actualites\/ces-enormes-televiseurs-sony-bravia-x93l-sont-presque-a-moitie-prix\/#breadcrumb"},"inLanguage":"fr-BE","potentialAction":[{"@type":"ReadAction","target":["https:\/\/vieassociative.be\/actualites\/ces-enormes-televiseurs-sony-bravia-x93l-sont-presque-a-moitie-prix\/"]}]},{"@type":"ImageObject","inLanguage":"fr-BE","@id":"https:\/\/vieassociative.be\/actualites\/ces-enormes-televiseurs-sony-bravia-x93l-sont-presque-a-moitie-prix\/#primaryimage","url":"https:\/\/vieassociative.be\/actualites\/wp-content\/uploads\/2025\/01\/Ces-enormes-televiseurs-Sony-Bravia-X93L-sont-presque-a-moitie.png","contentUrl":"https:\/\/vieassociative.be\/actualites\/wp-content\/uploads\/2025\/01\/Ces-enormes-televiseurs-Sony-Bravia-X93L-sont-presque-a-moitie.png","width":1200,"height":675,"caption":"Ces \u00e9normes t\u00e9l\u00e9viseurs Sony Bravia X93L sont presque \u00e0 moiti\u00e9 prix"},{"@type":"BreadcrumbList","@id":"https:\/\/vieassociative.be\/actualites\/ces-enormes-televiseurs-sony-bravia-x93l-sont-presque-a-moitie-prix\/#breadcrumb","itemListElement":[{"@type":"ListItem","position":1,"name":"Accueil","item":"https:\/\/vieassociative.be\/actualites\/"},{"@type":"ListItem","position":2,"name":"Ces \u00e9normes t\u00e9l\u00e9viseurs Sony Bravia X93L sont presque \u00e0 moiti\u00e9 prix"}]},{"@type":"WebSite","@id":"https:\/\/vieassociative.be\/actualites\/#website","url":"https:\/\/vieassociative.be\/actualites\/","name":"Vie Associative","description":"","publisher":{"@id":"https:\/\/vieassociative.be\/actualites\/#organization"},"potentialAction":[{"@type":"SearchAction","target":{"@type":"EntryPoint","urlTemplate":"https:\/\/vieassociative.be\/actualites\/?s={search_term_string}"},"query-input":{"@type":"PropertyValueSpecification","valueRequired":true,"valueName":"search_term_string"}}],"inLanguage":"fr-BE"},{"@type":"Organization","@id":"https:\/\/vieassociative.be\/actualites\/#organization","name":"Vie Associative","url":"https:\/\/vieassociative.be\/actualites\/","logo":{"@type":"ImageObject","inLanguage":"fr-BE","@id":"https:\/\/vieassociative.be\/actualites\/#\/schema\/logo\/image\/","url":"https:\/\/vieassociative.be\/actualites\/wp-content\/uploads\/2024\/09\/cropped-vieassociative_favicon.ico.png","contentUrl":"https:\/\/vieassociative.be\/actualites\/wp-content\/uploads\/2024\/09\/cropped-vieassociative_favicon.ico.png","width":512,"height":512,"caption":"Vie Associative"},"image":{"@id":"https:\/\/vieassociative.be\/actualites\/#\/schema\/logo\/image\/"}},{"@type":"Person","@id":"https:\/\/vieassociative.be\/actualites\/#\/schema\/person\/b87ac4f82f9d4e7b7cec7395b679edc4","name":"Julien","image":{"@type":"ImageObject","inLanguage":"fr-BE","@id":"https:\/\/vieassociative.be\/actualites\/#\/schema\/person\/image\/","url":"https:\/\/vieassociative.be\/actualites\/wp-content\/uploads\/2024\/09\/vie-associative-1-150x150.jpg","contentUrl":"https:\/\/vieassociative.be\/actualites\/wp-content\/uploads\/2024\/09\/vie-associative-1-150x150.jpg","caption":"Julien"},"description":"Je suis Julien, r\u00e9dacteur pour Vie Associative. Passionn\u00e9 par le monde associatif depuis plus de 10 ans, j'ai \u00e0 c\u0153ur de partager des histoires inspirantes et de mettre en lumi\u00e8re les initiatives locales. Mon objectif est de sensibiliser et d'encourager l'engagement communautaire \u00e0 travers mes articles.","sameAs":["https:\/\/vieassociative.be\/"]}]}},"_links":{"self":[{"href":"https:\/\/vieassociative.be\/actualites\/wp-json\/wp\/v2\/posts\/4506"}],"collection":[{"href":"https:\/\/vieassociative.be\/actualites\/wp-json\/wp\/v2\/posts"}],"about":[{"href":"https:\/\/vieassociative.be\/actualites\/wp-json\/wp\/v2\/types\/post"}],"author":[{"embeddable":true,"href":"https:\/\/vieassociative.be\/actualites\/wp-json\/wp\/v2\/users\/1"}],"replies":[{"embeddable":true,"href":"https:\/\/vieassociative.be\/actualites\/wp-json\/wp\/v2\/comments?post=4506"}],"version-history":[{"count":0,"href":"https:\/\/vieassociative.be\/actualites\/wp-json\/wp\/v2\/posts\/4506\/revisions"}],"wp:featuredmedia":[{"embeddable":true,"href":"https:\/\/vieassociative.be\/actualites\/wp-json\/wp\/v2\/media\/4507"}],"wp:attachment":[{"href":"https:\/\/vieassociative.be\/actualites\/wp-json\/wp\/v2\/media?parent=4506"}],"wp:term":[{"taxonomy":"category","embeddable":true,"href":"https:\/\/vieassociative.be\/actualites\/wp-json\/wp\/v2\/categories?post=4506"},{"taxonomy":"post_tag","embeddable":true,"href":"https:\/\/vieassociative.be\/actualites\/wp-json\/wp\/v2\/tags?post=4506"}],"curies":[{"name":"wp","href":"https:\/\/api.w.org\/{rel}","templated":true}]}}