{"id":4500,"date":"2025-01-22T08:20:59","date_gmt":"2025-01-22T07:20:59","guid":{"rendered":"https:\/\/vieassociative.be\/actualites\/instagram-reels-diffuse-desormais-vos-likes-a-vos-amis\/"},"modified":"2025-01-22T08:20:59","modified_gmt":"2025-01-22T07:20:59","slug":"instagram-reels-diffuse-desormais-vos-likes-a-vos-amis","status":"publish","type":"post","link":"https:\/\/vieassociative.be\/actualites\/instagram-reels-diffuse-desormais-vos-likes-a-vos-amis\/","title":{"rendered":"Instagram Reels diffuse d\u00e9sormais vos likes \u00e0 vos amis"},"content":{"rendered":"<div class=\"mt-4 leading-6 md:mb-8\">Et mauvaise nouvelle si vous souhaitez l\u2019\u00e9teindre.<\/div>\n<p><\/p>\n<p>Les utilisateurs de TikTok sont peut-\u00eatre revenus sur la plateforme de leur choix, mais avec l\u2019interdiction am\u00e9ricaine toujours en vigueur, ils sont confront\u00e9s \u00e0 une menace existentielle. Pendant ce temps, les utilisateurs d&rsquo;Instagram Reels sont confront\u00e9s \u00e0 un probl\u00e8me propre \u00e0 la plateforme : Meta, dans toute sa sagesse, permet aux utilisateurs de voir plus facilement que jamais qui a aim\u00e9 une bobine particuli\u00e8re. Cela signifie bien s\u00fbr deux choses\u00a0: il est plus facile que jamais de voir quelles vid\u00e9os vos amis ont aim\u00e9, mais il est \u00e9galement plus facile que jamais pour vos amis de voir quelles vid\u00e9os <em>toi <\/em>avoir aim\u00e9. <\/p>\n<p>Adam Mosseri, responsable d&rsquo;Instagram, a annonc\u00e9 les changements dans un message vendredi. Voici les nouveaut\u00e9s\u00a0: lorsque vous lancez Reels sur Instagram, vous pouvez d\u00e9sormais voir une barre appara\u00eetre dans le coin sup\u00e9rieur droit de l&rsquo;\u00e9cran o\u00f9 vous trouverez des photos de profil d&rsquo;amis qui ont aim\u00e9 une bobine particuli\u00e8re. Appuyez sur cette barre et vous serez redirig\u00e9 vers un autre flux vid\u00e9o, baptis\u00e9 \u00ab Avec des amis \u00bb. Ce flux pr\u00e9sente exclusivement des bobines que vos amis ont aim\u00e9es. D&rsquo;apr\u00e8s mon exp\u00e9rience, la plupart des vid\u00e9os du flux ont un like d&rsquo;exactement un ami, mais de temps en temps, je vois des bobines aim\u00e9es par plusieurs amis. <\/p>\n<p>Que la vid\u00e9o ait un ou trois likes, vous pouvez appuyer sur la photo de profil de n&rsquo;importe quel utilisateur pour confirmer, oui, qu&rsquo;il a aim\u00e9 cette bobine, et pour y r\u00e9pondre si vous le souhaitez. Il y a aussi une barre en bas de la page qui vous permet de r\u00e9pondre aux likes de cet utilisateur, ou simplement de r\u00e9agir avec un emoji riant, pleurant ou \u00ab amoureux \u00bb.<\/p>\n<p>Lorsque vous r\u00e9pondez \u00e0 un like, cela enverra un DM \u00e0 votre ami. Ici, ils verront une vignette de la vid\u00e9o en question, avec votre message ou votre r\u00e9action emoji en dessous. Au-dessus, ils verront \u00ab\u00a0R\u00e9ponse \u00e0 votre like\u00a0\u00bb, afin qu&rsquo;ils sachent qu&rsquo;il s&rsquo;agit d&rsquo;une r\u00e9ponse directe \u00e0 leur like, plut\u00f4t que de votre part de partage d&rsquo;une vid\u00e9o. <em>toi <\/em>aim\u00e9 avec eux.<\/p>\n<h2 id=\"instagram-has-already-been-showing-likes-for-a-while\">Instagram affiche d\u00e9j\u00e0 des likes depuis un moment<\/h2>\n<p>Une partie de cette exp\u00e9rience n\u2019est pas nouvelle. Quiconque a pass\u00e9 du temps \u00e0 faire d\u00e9filer Reels sait qu&rsquo;Instagram vous montrera fr\u00e9quemment lorsqu&rsquo;un ou plusieurs de vos amis ont aim\u00e9 une bobine que vous regardez. Cependant, ce changement met ces likes en valeur d&rsquo;une mani\u00e8re qu&rsquo;ils ne l&rsquo;\u00e9taient pas auparavant : auparavant, tomber sur les likes d&rsquo;amis \u00e9tait un processus beaucoup plus d\u00e9contract\u00e9 et passif. D\u00e9sormais, vous pouvez sciemment faire d\u00e9filer les vid\u00e9os que vos amis ont aim\u00e9, augmentant ainsi consid\u00e9rablement le nombre de vid\u00e9os aim\u00e9es que vous rencontrerez.<\/p>\n<p>Je suppose qu&rsquo;il existe un argument selon lequel ce changement facilite la recherche de contenu qui pourrait vous plaire, puisque vous partagez probablement certains int\u00e9r\u00eats avec vos amis Instagram. Cependant, j&rsquo;ai aussi un autre c\u00f4t\u00e9 de l&rsquo;argument : rendre les likes beaucoup plus visibles encouragera les gens \u00e0 <em>arr\u00eat<\/em> aimer les bobines. Instagram Reels est un trou noir de contenu, et votre algorithme affin\u00e9 vous montre probablement au moins quelques vid\u00e9os <em>toi <\/em>trouvez int\u00e9ressant ou dr\u00f4le, mais vous savez que d\u2019autres ne le feront pas. Ou peut-\u00eatre pr\u00e9f\u00e9rez-vous que les autres ne sachent pas que vous les trouvez int\u00e9ressants ou dr\u00f4les. Il y a beaucoup d&rsquo;humour pourriture c\u00e9r\u00e9brale qui circule (entre autres choses), et je parierais que beaucoup ne voudraient pas offrir un soutien \u00e9logieux \u00e0 chaque vid\u00e9o bizarre qui suscite une r\u00e9action de leur part.<\/p>\n<h2 id=\"can-you-stop-friends-from-seeing-reels-you-liked-on-instagram\">Pouvez-vous emp\u00eacher vos amis de voir les reels que vous avez aim\u00e9s sur Instagram ? <\/h2>\n<p>Si ce changement vous rend anxieux, mauvaise nouvelle : cette fois, il ne semble pas y avoir de moyen de d\u00e9sactiver la fonctionnalit\u00e9. Instagram vous permet de masquer les likes sur les publications et les bobines, mais l&rsquo;application n&rsquo;offre pas d&rsquo;option pour emp\u00eacher les autres de voir quelles bobines vous avez aim\u00e9es. Pour l&rsquo;instant, si vous aimez une vid\u00e9o, vous devez supposer qu&rsquo;il est possible que vos amis en soient inform\u00e9s \u00e0 un moment donn\u00e9 en parcourant l&rsquo;application.<\/p>\n<p><script async src=\"\/\/www.instagram.com\/embed.js\"><\/script><\/p>\n","protected":false},"excerpt":{"rendered":"<p>Et mauvaise nouvelle si vous souhaitez l\u2019\u00e9teindre. Les utilisateurs de TikTok sont peut-\u00eatre revenus sur la plateforme de leur choix, mais avec l\u2019interdiction am\u00e9ricaine toujours<\/p>\n","protected":false},"author":1,"featured_media":4501,"comment_status":"","ping_status":"","sticky":false,"template":"","format":"standard","meta":{"footnotes":""},"categories":[13],"tags":[846,6,4886,2282,4887,4885,27],"class_list":["post-4500","post","type-post","status-publish","format-standard","has-post-thumbnail","hentry","category-technologie","tag-amis","tag-desormais","tag-diffuse","tag-instagram","tag-likes","tag-reels","tag-vos","generate-columns","tablet-grid-50","mobile-grid-100","grid-parent","grid-33"],"yoast_head":"<!-- This site is optimized with the Yoast SEO plugin v24.0 - https:\/\/yoast.com\/wordpress\/plugins\/seo\/ -->\n<title>Instagram Reels diffuse d\u00e9sormais vos likes \u00e0 vos amis | Vie Associative<\/title>\n<meta name=\"robots\" content=\"index, follow, max-snippet:-1, max-image-preview:large, max-video-preview:-1\" \/>\n<link rel=\"canonical\" href=\"https:\/\/vieassociative.be\/actualites\/instagram-reels-diffuse-desormais-vos-likes-a-vos-amis\/\" \/>\n<meta property=\"og:locale\" content=\"fr_FR\" \/>\n<meta property=\"og:type\" content=\"article\" \/>\n<meta property=\"og:title\" content=\"Instagram Reels diffuse d\u00e9sormais vos likes \u00e0 vos amis | Vie Associative\" \/>\n<meta property=\"og:description\" content=\"Et mauvaise nouvelle si vous souhaitez l\u2019\u00e9teindre. Les utilisateurs de TikTok sont peut-\u00eatre revenus sur la plateforme de leur choix, mais avec l\u2019interdiction am\u00e9ricaine toujours\" \/>\n<meta property=\"og:url\" content=\"https:\/\/vieassociative.be\/actualites\/instagram-reels-diffuse-desormais-vos-likes-a-vos-amis\/\" \/>\n<meta property=\"og:site_name\" content=\"Vie Associative\" \/>\n<meta property=\"article:published_time\" content=\"2025-01-22T07:20:59+00:00\" \/>\n<meta property=\"og:image\" content=\"https:\/\/vieassociative.be\/actualites\/wp-content\/uploads\/2024\/09\/header_backgroundk-01-e1726694325946.png\" \/>\n\t<meta property=\"og:image:width\" content=\"279\" \/>\n\t<meta property=\"og:image:height\" content=\"92\" \/>\n\t<meta property=\"og:image:type\" content=\"image\/png\" \/>\n<meta name=\"author\" content=\"Julien\" \/>\n<meta name=\"twitter:card\" content=\"summary_large_image\" \/>\n<meta name=\"twitter:label1\" content=\"\u00c9crit par\" \/>\n\t<meta name=\"twitter:data1\" content=\"Julien\" \/>\n\t<meta name=\"twitter:label2\" content=\"Dur\u00e9e de lecture est.\" \/>\n\t<meta name=\"twitter:data2\" content=\"4 minutes\" \/>\n<script type=\"application\/ld+json\" class=\"yoast-schema-graph\">{\"@context\":\"https:\/\/schema.org\",\"@graph\":[{\"@type\":\"Article\",\"@id\":\"https:\/\/vieassociative.be\/actualites\/instagram-reels-diffuse-desormais-vos-likes-a-vos-amis\/#article\",\"isPartOf\":{\"@id\":\"https:\/\/vieassociative.be\/actualites\/instagram-reels-diffuse-desormais-vos-likes-a-vos-amis\/\"},\"author\":{\"name\":\"Julien\",\"@id\":\"https:\/\/vieassociative.be\/actualites\/#\/schema\/person\/b87ac4f82f9d4e7b7cec7395b679edc4\"},\"headline\":\"Instagram Reels diffuse d\u00e9sormais vos likes \u00e0 vos amis\",\"datePublished\":\"2025-01-22T07:20:59+00:00\",\"dateModified\":\"2025-01-22T07:20:59+00:00\",\"mainEntityOfPage\":{\"@id\":\"https:\/\/vieassociative.be\/actualites\/instagram-reels-diffuse-desormais-vos-likes-a-vos-amis\/\"},\"wordCount\":764,\"publisher\":{\"@id\":\"https:\/\/vieassociative.be\/actualites\/#organization\"},\"image\":{\"@id\":\"https:\/\/vieassociative.be\/actualites\/instagram-reels-diffuse-desormais-vos-likes-a-vos-amis\/#primaryimage\"},\"thumbnailUrl\":\"https:\/\/vieassociative.be\/actualites\/wp-content\/uploads\/2025\/01\/Instagram-Reels-diffuse-desormais-vos-likes-a-vos-amis.jpg\",\"keywords\":[\"amis\",\"d\u00e9sormais\",\"diffuse\",\"Instagram\",\"likes\",\"Reels\",\"vos\"],\"articleSection\":[\"Technologie\"],\"inLanguage\":\"fr-BE\"},{\"@type\":\"WebPage\",\"@id\":\"https:\/\/vieassociative.be\/actualites\/instagram-reels-diffuse-desormais-vos-likes-a-vos-amis\/\",\"url\":\"https:\/\/vieassociative.be\/actualites\/instagram-reels-diffuse-desormais-vos-likes-a-vos-amis\/\",\"name\":\"Instagram Reels diffuse d\u00e9sormais vos likes \u00e0 vos amis | Vie Associative\",\"isPartOf\":{\"@id\":\"https:\/\/vieassociative.be\/actualites\/#website\"},\"primaryImageOfPage\":{\"@id\":\"https:\/\/vieassociative.be\/actualites\/instagram-reels-diffuse-desormais-vos-likes-a-vos-amis\/#primaryimage\"},\"image\":{\"@id\":\"https:\/\/vieassociative.be\/actualites\/instagram-reels-diffuse-desormais-vos-likes-a-vos-amis\/#primaryimage\"},\"thumbnailUrl\":\"https:\/\/vieassociative.be\/actualites\/wp-content\/uploads\/2025\/01\/Instagram-Reels-diffuse-desormais-vos-likes-a-vos-amis.jpg\",\"datePublished\":\"2025-01-22T07:20:59+00:00\",\"dateModified\":\"2025-01-22T07:20:59+00:00\",\"breadcrumb\":{\"@id\":\"https:\/\/vieassociative.be\/actualites\/instagram-reels-diffuse-desormais-vos-likes-a-vos-amis\/#breadcrumb\"},\"inLanguage\":\"fr-BE\",\"potentialAction\":[{\"@type\":\"ReadAction\",\"target\":[\"https:\/\/vieassociative.be\/actualites\/instagram-reels-diffuse-desormais-vos-likes-a-vos-amis\/\"]}]},{\"@type\":\"ImageObject\",\"inLanguage\":\"fr-BE\",\"@id\":\"https:\/\/vieassociative.be\/actualites\/instagram-reels-diffuse-desormais-vos-likes-a-vos-amis\/#primaryimage\",\"url\":\"https:\/\/vieassociative.be\/actualites\/wp-content\/uploads\/2025\/01\/Instagram-Reels-diffuse-desormais-vos-likes-a-vos-amis.jpg\",\"contentUrl\":\"https:\/\/vieassociative.be\/actualites\/wp-content\/uploads\/2025\/01\/Instagram-Reels-diffuse-desormais-vos-likes-a-vos-amis.jpg\",\"width\":1200,\"height\":675,\"caption\":\"Instagram Reels diffuse d\u00e9sormais vos likes \u00e0 vos amis\"},{\"@type\":\"BreadcrumbList\",\"@id\":\"https:\/\/vieassociative.be\/actualites\/instagram-reels-diffuse-desormais-vos-likes-a-vos-amis\/#breadcrumb\",\"itemListElement\":[{\"@type\":\"ListItem\",\"position\":1,\"name\":\"Accueil\",\"item\":\"https:\/\/vieassociative.be\/actualites\/\"},{\"@type\":\"ListItem\",\"position\":2,\"name\":\"Instagram Reels diffuse d\u00e9sormais vos likes \u00e0 vos amis\"}]},{\"@type\":\"WebSite\",\"@id\":\"https:\/\/vieassociative.be\/actualites\/#website\",\"url\":\"https:\/\/vieassociative.be\/actualites\/\",\"name\":\"Vie Associative\",\"description\":\"\",\"publisher\":{\"@id\":\"https:\/\/vieassociative.be\/actualites\/#organization\"},\"potentialAction\":[{\"@type\":\"SearchAction\",\"target\":{\"@type\":\"EntryPoint\",\"urlTemplate\":\"https:\/\/vieassociative.be\/actualites\/?s={search_term_string}\"},\"query-input\":{\"@type\":\"PropertyValueSpecification\",\"valueRequired\":true,\"valueName\":\"search_term_string\"}}],\"inLanguage\":\"fr-BE\"},{\"@type\":\"Organization\",\"@id\":\"https:\/\/vieassociative.be\/actualites\/#organization\",\"name\":\"Vie Associative\",\"url\":\"https:\/\/vieassociative.be\/actualites\/\",\"logo\":{\"@type\":\"ImageObject\",\"inLanguage\":\"fr-BE\",\"@id\":\"https:\/\/vieassociative.be\/actualites\/#\/schema\/logo\/image\/\",\"url\":\"https:\/\/vieassociative.be\/actualites\/wp-content\/uploads\/2024\/09\/cropped-vieassociative_favicon.ico.png\",\"contentUrl\":\"https:\/\/vieassociative.be\/actualites\/wp-content\/uploads\/2024\/09\/cropped-vieassociative_favicon.ico.png\",\"width\":512,\"height\":512,\"caption\":\"Vie Associative\"},\"image\":{\"@id\":\"https:\/\/vieassociative.be\/actualites\/#\/schema\/logo\/image\/\"}},{\"@type\":\"Person\",\"@id\":\"https:\/\/vieassociative.be\/actualites\/#\/schema\/person\/b87ac4f82f9d4e7b7cec7395b679edc4\",\"name\":\"Julien\",\"image\":{\"@type\":\"ImageObject\",\"inLanguage\":\"fr-BE\",\"@id\":\"https:\/\/vieassociative.be\/actualites\/#\/schema\/person\/image\/\",\"url\":\"https:\/\/vieassociative.be\/actualites\/wp-content\/uploads\/2024\/09\/vie-associative-1-150x150.jpg\",\"contentUrl\":\"https:\/\/vieassociative.be\/actualites\/wp-content\/uploads\/2024\/09\/vie-associative-1-150x150.jpg\",\"caption\":\"Julien\"},\"description\":\"Je suis Julien, r\u00e9dacteur pour Vie Associative. Passionn\u00e9 par le monde associatif depuis plus de 10 ans, j'ai \u00e0 c\u0153ur de partager des histoires inspirantes et de mettre en lumi\u00e8re les initiatives locales. Mon objectif est de sensibiliser et d'encourager l'engagement communautaire \u00e0 travers mes articles.\",\"sameAs\":[\"https:\/\/vieassociative.be\/\"]}]}<\/script>\n<!-- \/ Yoast SEO plugin. -->","yoast_head_json":{"title":"Instagram Reels diffuse d\u00e9sormais vos likes \u00e0 vos amis | Vie Associative","robots":{"index":"index","follow":"follow","max-snippet":"max-snippet:-1","max-image-preview":"max-image-preview:large","max-video-preview":"max-video-preview:-1"},"canonical":"https:\/\/vieassociative.be\/actualites\/instagram-reels-diffuse-desormais-vos-likes-a-vos-amis\/","og_locale":"fr_FR","og_type":"article","og_title":"Instagram Reels diffuse d\u00e9sormais vos likes \u00e0 vos amis | Vie Associative","og_description":"Et mauvaise nouvelle si vous souhaitez l\u2019\u00e9teindre. Les utilisateurs de TikTok sont peut-\u00eatre revenus sur la plateforme de leur choix, mais avec l\u2019interdiction am\u00e9ricaine toujours","og_url":"https:\/\/vieassociative.be\/actualites\/instagram-reels-diffuse-desormais-vos-likes-a-vos-amis\/","og_site_name":"Vie Associative","article_published_time":"2025-01-22T07:20:59+00:00","og_image":[{"width":279,"height":92,"url":"https:\/\/vieassociative.be\/actualites\/wp-content\/uploads\/2024\/09\/header_backgroundk-01-e1726694325946.png","type":"image\/png"}],"author":"Julien","twitter_card":"summary_large_image","twitter_misc":{"\u00c9crit par":"Julien","Dur\u00e9e de lecture est.":"4 minutes"},"schema":{"@context":"https:\/\/schema.org","@graph":[{"@type":"Article","@id":"https:\/\/vieassociative.be\/actualites\/instagram-reels-diffuse-desormais-vos-likes-a-vos-amis\/#article","isPartOf":{"@id":"https:\/\/vieassociative.be\/actualites\/instagram-reels-diffuse-desormais-vos-likes-a-vos-amis\/"},"author":{"name":"Julien","@id":"https:\/\/vieassociative.be\/actualites\/#\/schema\/person\/b87ac4f82f9d4e7b7cec7395b679edc4"},"headline":"Instagram Reels diffuse d\u00e9sormais vos likes \u00e0 vos amis","datePublished":"2025-01-22T07:20:59+00:00","dateModified":"2025-01-22T07:20:59+00:00","mainEntityOfPage":{"@id":"https:\/\/vieassociative.be\/actualites\/instagram-reels-diffuse-desormais-vos-likes-a-vos-amis\/"},"wordCount":764,"publisher":{"@id":"https:\/\/vieassociative.be\/actualites\/#organization"},"image":{"@id":"https:\/\/vieassociative.be\/actualites\/instagram-reels-diffuse-desormais-vos-likes-a-vos-amis\/#primaryimage"},"thumbnailUrl":"https:\/\/vieassociative.be\/actualites\/wp-content\/uploads\/2025\/01\/Instagram-Reels-diffuse-desormais-vos-likes-a-vos-amis.jpg","keywords":["amis","d\u00e9sormais","diffuse","Instagram","likes","Reels","vos"],"articleSection":["Technologie"],"inLanguage":"fr-BE"},{"@type":"WebPage","@id":"https:\/\/vieassociative.be\/actualites\/instagram-reels-diffuse-desormais-vos-likes-a-vos-amis\/","url":"https:\/\/vieassociative.be\/actualites\/instagram-reels-diffuse-desormais-vos-likes-a-vos-amis\/","name":"Instagram Reels diffuse d\u00e9sormais vos likes \u00e0 vos amis | Vie Associative","isPartOf":{"@id":"https:\/\/vieassociative.be\/actualites\/#website"},"primaryImageOfPage":{"@id":"https:\/\/vieassociative.be\/actualites\/instagram-reels-diffuse-desormais-vos-likes-a-vos-amis\/#primaryimage"},"image":{"@id":"https:\/\/vieassociative.be\/actualites\/instagram-reels-diffuse-desormais-vos-likes-a-vos-amis\/#primaryimage"},"thumbnailUrl":"https:\/\/vieassociative.be\/actualites\/wp-content\/uploads\/2025\/01\/Instagram-Reels-diffuse-desormais-vos-likes-a-vos-amis.jpg","datePublished":"2025-01-22T07:20:59+00:00","dateModified":"2025-01-22T07:20:59+00:00","breadcrumb":{"@id":"https:\/\/vieassociative.be\/actualites\/instagram-reels-diffuse-desormais-vos-likes-a-vos-amis\/#breadcrumb"},"inLanguage":"fr-BE","potentialAction":[{"@type":"ReadAction","target":["https:\/\/vieassociative.be\/actualites\/instagram-reels-diffuse-desormais-vos-likes-a-vos-amis\/"]}]},{"@type":"ImageObject","inLanguage":"fr-BE","@id":"https:\/\/vieassociative.be\/actualites\/instagram-reels-diffuse-desormais-vos-likes-a-vos-amis\/#primaryimage","url":"https:\/\/vieassociative.be\/actualites\/wp-content\/uploads\/2025\/01\/Instagram-Reels-diffuse-desormais-vos-likes-a-vos-amis.jpg","contentUrl":"https:\/\/vieassociative.be\/actualites\/wp-content\/uploads\/2025\/01\/Instagram-Reels-diffuse-desormais-vos-likes-a-vos-amis.jpg","width":1200,"height":675,"caption":"Instagram Reels diffuse d\u00e9sormais vos likes \u00e0 vos amis"},{"@type":"BreadcrumbList","@id":"https:\/\/vieassociative.be\/actualites\/instagram-reels-diffuse-desormais-vos-likes-a-vos-amis\/#breadcrumb","itemListElement":[{"@type":"ListItem","position":1,"name":"Accueil","item":"https:\/\/vieassociative.be\/actualites\/"},{"@type":"ListItem","position":2,"name":"Instagram Reels diffuse d\u00e9sormais vos likes \u00e0 vos amis"}]},{"@type":"WebSite","@id":"https:\/\/vieassociative.be\/actualites\/#website","url":"https:\/\/vieassociative.be\/actualites\/","name":"Vie Associative","description":"","publisher":{"@id":"https:\/\/vieassociative.be\/actualites\/#organization"},"potentialAction":[{"@type":"SearchAction","target":{"@type":"EntryPoint","urlTemplate":"https:\/\/vieassociative.be\/actualites\/?s={search_term_string}"},"query-input":{"@type":"PropertyValueSpecification","valueRequired":true,"valueName":"search_term_string"}}],"inLanguage":"fr-BE"},{"@type":"Organization","@id":"https:\/\/vieassociative.be\/actualites\/#organization","name":"Vie Associative","url":"https:\/\/vieassociative.be\/actualites\/","logo":{"@type":"ImageObject","inLanguage":"fr-BE","@id":"https:\/\/vieassociative.be\/actualites\/#\/schema\/logo\/image\/","url":"https:\/\/vieassociative.be\/actualites\/wp-content\/uploads\/2024\/09\/cropped-vieassociative_favicon.ico.png","contentUrl":"https:\/\/vieassociative.be\/actualites\/wp-content\/uploads\/2024\/09\/cropped-vieassociative_favicon.ico.png","width":512,"height":512,"caption":"Vie Associative"},"image":{"@id":"https:\/\/vieassociative.be\/actualites\/#\/schema\/logo\/image\/"}},{"@type":"Person","@id":"https:\/\/vieassociative.be\/actualites\/#\/schema\/person\/b87ac4f82f9d4e7b7cec7395b679edc4","name":"Julien","image":{"@type":"ImageObject","inLanguage":"fr-BE","@id":"https:\/\/vieassociative.be\/actualites\/#\/schema\/person\/image\/","url":"https:\/\/vieassociative.be\/actualites\/wp-content\/uploads\/2024\/09\/vie-associative-1-150x150.jpg","contentUrl":"https:\/\/vieassociative.be\/actualites\/wp-content\/uploads\/2024\/09\/vie-associative-1-150x150.jpg","caption":"Julien"},"description":"Je suis Julien, r\u00e9dacteur pour Vie Associative. Passionn\u00e9 par le monde associatif depuis plus de 10 ans, j'ai \u00e0 c\u0153ur de partager des histoires inspirantes et de mettre en lumi\u00e8re les initiatives locales. Mon objectif est de sensibiliser et d'encourager l'engagement communautaire \u00e0 travers mes articles.","sameAs":["https:\/\/vieassociative.be\/"]}]}},"_links":{"self":[{"href":"https:\/\/vieassociative.be\/actualites\/wp-json\/wp\/v2\/posts\/4500"}],"collection":[{"href":"https:\/\/vieassociative.be\/actualites\/wp-json\/wp\/v2\/posts"}],"about":[{"href":"https:\/\/vieassociative.be\/actualites\/wp-json\/wp\/v2\/types\/post"}],"author":[{"embeddable":true,"href":"https:\/\/vieassociative.be\/actualites\/wp-json\/wp\/v2\/users\/1"}],"replies":[{"embeddable":true,"href":"https:\/\/vieassociative.be\/actualites\/wp-json\/wp\/v2\/comments?post=4500"}],"version-history":[{"count":0,"href":"https:\/\/vieassociative.be\/actualites\/wp-json\/wp\/v2\/posts\/4500\/revisions"}],"wp:featuredmedia":[{"embeddable":true,"href":"https:\/\/vieassociative.be\/actualites\/wp-json\/wp\/v2\/media\/4501"}],"wp:attachment":[{"href":"https:\/\/vieassociative.be\/actualites\/wp-json\/wp\/v2\/media?parent=4500"}],"wp:term":[{"taxonomy":"category","embeddable":true,"href":"https:\/\/vieassociative.be\/actualites\/wp-json\/wp\/v2\/categories?post=4500"},{"taxonomy":"post_tag","embeddable":true,"href":"https:\/\/vieassociative.be\/actualites\/wp-json\/wp\/v2\/tags?post=4500"}],"curies":[{"name":"wp","href":"https:\/\/api.w.org\/{rel}","templated":true}]}}