{"id":450,"date":"2024-09-25T09:26:26","date_gmt":"2024-09-25T07:26:26","guid":{"rendered":"https:\/\/vieassociative.be\/actualites\/conseils-que-jaurais-aime-que-quelquun-me-donne-apres-avoir-obtenu-mon-diplome-detudes-secondaires\/"},"modified":"2024-09-25T09:26:26","modified_gmt":"2024-09-25T07:26:26","slug":"conseils-que-jaurais-aime-que-quelquun-me-donne-apres-avoir-obtenu-mon-diplome-detudes-secondaires","status":"publish","type":"post","link":"https:\/\/vieassociative.be\/actualites\/conseils-que-jaurais-aime-que-quelquun-me-donne-apres-avoir-obtenu-mon-diplome-detudes-secondaires\/","title":{"rendered":"Conseils que j&rsquo;aurais aim\u00e9 que quelqu&rsquo;un me donne apr\u00e8s avoir obtenu mon dipl\u00f4me d&rsquo;\u00e9tudes secondaires"},"content":{"rendered":"<div class=\"mt-4 leading-6 md:mb-8\">De la construction d&rsquo;une \u00e9thique de travail au moment (et si) cela compte de commencer l&rsquo;universit\u00e9, jusqu&rsquo;au conseil le plus important de tous.<\/div>\n<p><\/p>\n<p>Avec la remise des dipl\u00f4mes dans le r\u00e9troviseur et une nouvelle ann\u00e9e scolaire \u00e0 l&rsquo;horizon, c&rsquo;est le moment de l&rsquo;ann\u00e9e o\u00f9 nous avons tous tendance \u00e0 nous rem\u00e9morer le lyc\u00e9e. Pour beaucoup d&rsquo;entre nous, cela signifie penser \u00e0 toutes les choses que nous avons mal faites apr\u00e8s avoir jet\u00e9 ces casquettes en l&rsquo;air. Voici quelques conseils que j&rsquo;aurais aim\u00e9 que quelqu&rsquo;un me transmette.<\/p>\n<p>Le lyc\u00e9e peut \u00eatre une bataille difficile \u00e0 mener. Une fois dipl\u00f4m\u00e9, vous vous retrouvez avec un regard vide sur l&rsquo;une des premi\u00e8res grandes r\u00e9alisations de votre vie. C&rsquo;est le moment o\u00f9 les professeurs vous disent d&rsquo;aller \u00e0 l&rsquo;universit\u00e9 de vos r\u00eaves. Vos parents vous poussent \u00e0 faire des \u00e9tudes de m\u00e9decine. Vos amis vous encouragent \u00e0 vous d\u00e9foncer et \u00e0 visiter l&rsquo;Europe. Je me souviens avoir pass\u00e9 l&rsquo;\u00e9t\u00e9 apr\u00e8s l&rsquo;obtention de mon dipl\u00f4me stress\u00e9, frustr\u00e9 et confus. C&rsquo;\u00e9tait nul. Alors maintenant, des ann\u00e9es plus tard, voici la sagesse que j&rsquo;aurais aim\u00e9 que quelqu&rsquo;un me transmette avant de commencer l&rsquo;universit\u00e9.<\/p>\n<h3>Vous n\u2019\u00eates pas oblig\u00e9 d\u2019aller \u00e0 l\u2019universit\u00e9 tout de suite (ou pas du tout)<\/h3>\n<p>Nous avons d\u00e9j\u00e0 parl\u00e9 des p\u00e9riodes o\u00f9 l&rsquo;universit\u00e9 a ou n&rsquo;a pas d&rsquo;importance, et m\u00eame de la fa\u00e7on de tirer le meilleur parti de ces ann\u00e9es d&rsquo;universit\u00e9. Mais aller \u00e0 l&rsquo;universit\u00e9 imm\u00e9diatement apr\u00e8s le lyc\u00e9e n&rsquo;est pas pour tout le monde. Pour beaucoup de gens, c&rsquo;est une bonne id\u00e9e de se donner un an (ou quelques-uns) avant de d\u00e9cider si l&rsquo;on veut ou non aller \u00e0 l&rsquo;\u00e9cole. <\/p>\n<p>Il semble que la plupart des parents et des conseillers disent que si vous ne commencez pas vos \u00e9tudes imm\u00e9diatement apr\u00e8s avoir obtenu votre dipl\u00f4me, vous ne commencerez pas du tout. D&rsquo;apr\u00e8s mon exp\u00e9rience, ce n&rsquo;est pas vrai. Parmi les personnes que je connais qui ont obtenu leur dipl\u00f4me universitaire, la majorit\u00e9 de celles qui ont termin\u00e9 en quatre ans n&rsquo;ont m\u00eame pas commenc\u00e9 avant le d\u00e9but de la vingtaine. Celles qui ont attendu quelques ann\u00e9es apr\u00e8s le lyc\u00e9e ont commenc\u00e9 l&rsquo;universit\u00e9 sans probl\u00e8me, n&rsquo;ont pas chang\u00e9 de sp\u00e9cialisation et \u00e9taient suffisamment \u00ab adultes \u00bb pour suivre leur chemin \u00e0 travers l&rsquo;\u00e9cole sans trop de probl\u00e8mes.<\/p>\n<p>De m\u00eame, il est raisonnable de penser que l\u2019universit\u00e9, ou m\u00eame seulement un cursus de quatre ans, ne vous convient pas. Les \u00e9coles professionnelles, bien que d\u00e9cri\u00e9es par les parents et les directeurs d\u2019\u00e9cole, sont des options viables pour certaines carri\u00e8res, et sauter l\u2019universit\u00e9 pour se lancer dans un m\u00e9tier est tout aussi acceptable que d\u2019aller \u00e0 l\u2019\u00e9cole. Vous devez faire quelque chose, mais ce quelque chose n\u2019a pas besoin d\u2019\u00eatre l\u2019universit\u00e9.<\/p>\n<p>J&rsquo;aurais aim\u00e9 que quelqu&rsquo;un me dise qu&rsquo;il \u00e9tait normal de se d\u00e9tendre et d&rsquo;attendre avant de commencer l&rsquo;universit\u00e9. Contrairement \u00e0 ce que tout le monde me disait, le monde ne se serait pas \u00e9croul\u00e9, je ne me serais pas retrouv\u00e9e dans la rue, accro \u00e0 la drogue, et je n&rsquo;aurais pas d\u00fb retourner vivre chez mes parents parce que je n&rsquo;avais plus de but. Tout se serait bien pass\u00e9 et j&rsquo;aurais perdu moins de temps \u00e0 l&rsquo;\u00e9cole.<\/p>\n<h3>Il est normal d\u2019\u00eatre ind\u00e9cis quant \u00e0 sa sp\u00e9cialit\u00e9<\/h3>\n<p>Avant de commencer mes \u00e9tudes, j&rsquo;ai pass\u00e9 des mois \u00e0 h\u00e9siter entre le graphisme ou les sciences politiques. J&rsquo;ai choisi le graphisme. J&rsquo;ai fait \u00e7a pendant un semestre avant de me rendre compte que ce n&rsquo;\u00e9tait pas mon truc, puis j&rsquo;ai chang\u00e9 d&rsquo;\u00e9cole et j&rsquo;ai commenc\u00e9 un programme de sciences politiques. J&rsquo;ai fait \u00e7a pendant quelques ann\u00e9es avant de passer \u00e0 l&rsquo;\u00e9criture cr\u00e9ative. J&rsquo;ai obtenu mon dipl\u00f4me sept ans plus tard avec 40 cr\u00e9dits de plus que n\u00e9cessaire et un cas assez grave d&rsquo;\u00e9puisement professionnel. Je n&rsquo;avais aucune id\u00e9e de ce que je voulais faire et personne ne m&rsquo;a dit que ce serait bien de prendre un peu de temps libre (ou de simplement ne pas choisir de sp\u00e9cialisation) jusqu&rsquo;\u00e0 ce que je trouve une solution.<\/p>\n<p>  C&rsquo;est une histoire que j&rsquo;ai entendue de la bouche d&rsquo;innombrables personnes, notamment d&rsquo;Andy Orin, ancien r\u00e9dacteur de Vie Associative, qui a ajout\u00e9 :<\/p>\n<blockquote>\n<p>J&rsquo;appr\u00e9hendais de devoir choisir une sp\u00e9cialisation, une d\u00e9cision qui semblait avoir un impact sur le cours de ma vie enti\u00e8re. Cela n&rsquo;avait aucune importance.<\/p>\n<\/blockquote>\n<p>Vous n&rsquo;avez pas besoin de savoir dans quelle mati\u00e8re vous voulez vous sp\u00e9cialiser. Vous n&rsquo;avez pas besoin de la choisir tout de suite. Vous n&rsquo;avez certainement pas besoin de vous en soucier outre mesure. Il y a de fortes chances que vous ne vous retrouviez m\u00eame pas dans une carri\u00e8re qui refl\u00e8te votre sp\u00e9cialisation universitaire, alors ne vous attendez pas \u00e0 ce que cela change le cours de votre vie. Il est important d&rsquo;\u00e9tudier quelque chose que vous aimez vraiment, mais au final, cela ne fera pas forc\u00e9ment une grande diff\u00e9rence dans votre avenir.<\/p>\n<h3>Les boulots merdiques valent toujours la peine d&rsquo;\u00eatre bien faits<\/h3>\n<p>L&rsquo;opinion commune sugg\u00e8re qu&rsquo;apr\u00e8s avoir termin\u00e9 le lyc\u00e9e, vous vous dirigerez vers un cheminement de carri\u00e8re qui vous m\u00e8nera vers des emplois plus importants et plus int\u00e9ressants. Fini le temps o\u00f9 vous deviez rester derri\u00e8re le comptoir d&rsquo;un Dairy Queen ou faire la plonge dans une pizzeria. Mais beaucoup d&rsquo;entre nous ont continu\u00e9 \u00e0 exercer ces petits boulots bien apr\u00e8s le lyc\u00e9e et tout au long de l&rsquo;universit\u00e9. Et aussi stupides et inutiles soient-ils, ces emplois valent la peine d&rsquo;\u00eatre bien exerc\u00e9s.<\/p>\n<p>Il est facile de se rel\u00e2cher dans un travail de mauvaise qualit\u00e9, mais cela peut avoir de graves cons\u00e9quences sur vous \u00e0 bien des \u00e9gards. Au niveau le plus \u00e9vident, cela vous rend paresseux. Cela peut sembler sans importance, mais plus vous passez de temps \u00e0 vous rel\u00e2cher dans un travail de mauvaise qualit\u00e9, plus cela a d&rsquo;effet sur la fa\u00e7on dont vous penserez aux efforts que vous fournirez dans vos futurs emplois.<\/p>\n<p>M\u00eame le pire des emplois favorise les amiti\u00e9s et les partenariats. Gr\u00e2ce \u00e0 mes emplois inutiles au salaire minimum \u00e0 la fin de mon adolescence et au d\u00e9but de ma vingtaine, j&rsquo;ai rencontr\u00e9 beaucoup de mes amis de toujours, de partenaires cr\u00e9atifs et de personnes qui m&rsquo;ont aid\u00e9 \u00e0 trouver un emploi. Je peux vous garantir que si j&rsquo;avais \u00e9t\u00e9 un employ\u00e9 paresseux, ces amiti\u00e9s n&rsquo;auraient pas dur\u00e9. C&rsquo;est un clich\u00e9, mais la fa\u00e7on dont vous g\u00e9rez une mauvaise situation, comme un emploi au salaire minimum, refl\u00e8te votre personnalit\u00e9. Cela vaut la peine de bien faire les choses et vous pourriez \u00eatre surpris de ce que vous apprendrez.<\/p>\n<h3>Ne perdez pas contact avec vos amis et votre famille (mais faites-vous de nouveaux amis)<\/h3>\n<p>J&rsquo;ai fr\u00e9quent\u00e9 un petit lyc\u00e9e dans les montagnes du Colorado et, malgr\u00e9 le fait que ma classe de fin d&rsquo;\u00e9tudes ne comptait que 80 personnes, je n&rsquo;ai gard\u00e9 contact avec aucun d&rsquo;entre eux en dehors des r\u00e9seaux sociaux. Au fil des ann\u00e9es, j&rsquo;ai pris contact avec quelques amis du lyc\u00e9e, mais rien de substantiel n&rsquo;en est ressorti. Dans l&rsquo;ensemble, je n&rsquo;ai pas eu de probl\u00e8me avec \u00e7a. Pourtant, Melanie Pinola de Vie Associative a soulign\u00e9 qu&rsquo;il est important d&rsquo;entretenir ces relations :<\/p>\n<blockquote>\n<p>Essayez de rester en contact avec vos amis du lyc\u00e9e. Il est trop facile de se laisser \u00e9loigner les uns des autres. Il s&rsquo;agit peut-\u00eatre des amiti\u00e9s les plus significatives que vous ayez d\u00e9velopp\u00e9es jusqu&rsquo;\u00e0 pr\u00e9sent, et elles pourraient durer des d\u00e9cennies (quand il est plus difficile de se faire de bons amis).<\/p>\n<\/blockquote>\n<blockquote>\n<p>De m\u00eame, si vous avez des fr\u00e8res et s\u0153urs et que vous allez dans des \u00e9coles diff\u00e9rentes ou que vous explorez des chemins diff\u00e9rents, n&rsquo;oubliez pas de prendre r\u00e9guli\u00e8rement de leurs nouvelles. Nous sommes tellement occup\u00e9s par notre vie universitaire ou notre travail (et rentrer \u00e0 la maison pour les vacances ne suffit pas \u00e0 nous rattraper)<\/p>\n<\/blockquote>\n<p>Mon exp\u00e9rience a \u00e9t\u00e9 diff\u00e9rente. Je dirais qu&rsquo;il est plus important de nouer de nouvelles amiti\u00e9s maintenant que vous n&rsquo;\u00eates plus au lyc\u00e9e. J&rsquo;ai pass\u00e9 les jours qui ont suivi le lyc\u00e9e \u00e0 essayer de forcer de vieilles amiti\u00e9s du lyc\u00e9e qui ne fonctionnaient pas parce que je ne savais pas quoi faire d&rsquo;autre. Whitson Gordon de Vie Associative a sugg\u00e9r\u00e9 un bon \u00e9quilibre entre se faire des amis et les garder :<\/p>\n<blockquote>\n<p>Il est tout \u00e0 fait normal de garder des relations avec ses amis du lyc\u00e9e. Dans mon cas, ce sont ceux qui ont vraiment dur\u00e9. Mais surtout pendant les premi\u00e8res semaines de fac, essayez de vous faire de nouveaux amis et laissez vos copains du lyc\u00e9e faire de m\u00eame. Rencontrez les gens de votre r\u00e9sidence et faites en sorte de passer du temps avec eux. M\u00eame s&rsquo;ils ne sont pas le genre de personnes avec qui vous serez amis pour la vie (ou m\u00eame pendant vos \u00e9tudes), vous serez beaucoup plus heureux avec quelques copains au d\u00e9but.<\/p>\n<\/blockquote>\n<p>Comme pour la plupart des choses, il s\u2019agit de d\u00e9terminer ce qui est bon pour vous. J\u2019aurais aim\u00e9 que quelqu\u2019un me dise qu\u2019il est acceptable de couper les ponts et de nouer de nouvelles amiti\u00e9s. Je n\u2019aurais pas perdu autant de temps \u00e0 fr\u00e9quenter des gens du lyc\u00e9e avec qui je ne m\u2019entendais pas. (Cela dit, si vous entretenez de bonnes relations avec vos amis du lyc\u00e9e, gardez-les \u00e0 vos c\u00f4t\u00e9s aussi longtemps que possible.)<\/p>\n<h3>Le plus important est de poser des questions<\/h3>\n<p>Apr\u00e8s avoir termin\u00e9 mes \u00e9tudes secondaires, je pensais \u00eatre un type plut\u00f4t intelligent. En r\u00e9alit\u00e9, j&rsquo;\u00e9tais au sommet de ma stupidit\u00e9 (je l&rsquo;esp\u00e8re) et je ne savais rien. La pr\u00e9tention est une chose dangereuse.<\/p>\n<p>Entre 18 et 20 ans, je ne posais pas de questions. J&rsquo;ai travers\u00e9 la vie en pensant savoir comment le monde fonctionnait. Je ne posais pas de questions \u00e0 l&rsquo;\u00e9cole. Je ne posais pas de questions au travail. Je ne posais pas \u00e0 mes copines les questions qu&rsquo;un copain devrait poser. Je ne posais pas \u00e0 mes amis des questions sur des sujets qu&rsquo;ils connaissaient mieux que moi. En repensant \u00e0 ces ann\u00e9es, je ne sais pas vraiment pourquoi j&rsquo;ai agi de cette fa\u00e7on. Je pense que cela venait du fait que je voulais para\u00eetre intelligent, donc je ne voulais pas r\u00e9v\u00e9ler que je ne savais rien.<\/p>\n<p>Je sais qu&rsquo;une curiosit\u00e9 saine est l&rsquo;un des meilleurs signes d&rsquo;intelligence. Plus vous posez de questions, plus vous devenez intelligent. Posez des questions sur le fonctionnement des choses. Demandez-vous pourquoi elles fonctionnent. Demandez-vous pourquoi elles ne fonctionnent pas. Demandez-vous d&rsquo;o\u00f9 viennent les choses. Posez autant de questions que possible sur tout. C&rsquo;est un calcul simple, mais en tant qu&rsquo;enfant pr\u00e9tentieux et pr\u00e9tentieux, je ne pouvais pas le voir. J&rsquo;aurais aim\u00e9 le voir. Vous allez faire une tonne d&rsquo;erreurs \u00e0 l&rsquo;adolescence, dans la vingtaine et au-del\u00e0. Assurez-vous de vous entra\u00eener \u00e0 poser les bonnes questions d\u00e8s maintenant afin d&rsquo;en tirer des le\u00e7ons et d&rsquo;\u00e9viter de faire des erreurs inutiles.<\/p>\n<p><em>L&rsquo;essai a \u00e9t\u00e9 initialement publi\u00e9 en 2014 et mis \u00e0 jour en 2023.<\/em><\/p>\n","protected":false},"excerpt":{"rendered":"<p>De la construction d&rsquo;une \u00e9thique de travail au moment (et si) cela compte de commencer l&rsquo;universit\u00e9, jusqu&rsquo;au conseil le plus important de tous. Avec la<\/p>\n","protected":false},"author":1,"featured_media":451,"comment_status":"","ping_status":"","sticky":false,"template":"","format":"standard","meta":{"footnotes":""},"categories":[1],"tags":[727,472,224,725,731,730,728,726,49,729,326,732],"class_list":["post-450","post","type-post","status-publish","format-standard","has-post-thumbnail","hentry","category-non-classe","tag-aime","tag-apres","tag-avoir","tag-conseils","tag-detudes","tag-diplome","tag-donne","tag-jaurais","tag-mon","tag-obtenu","tag-quelquun","tag-secondaires","generate-columns","tablet-grid-50","mobile-grid-100","grid-parent","grid-33"],"yoast_head":"<!-- This site is optimized with the Yoast SEO plugin v24.0 - https:\/\/yoast.com\/wordpress\/plugins\/seo\/ -->\n<title>Conseils que j&#039;aurais aim\u00e9 que quelqu&#039;un me donne apr\u00e8s avoir obtenu mon dipl\u00f4me d&#039;\u00e9tudes secondaires | Vie Associative<\/title>\n<meta name=\"robots\" content=\"index, follow, max-snippet:-1, max-image-preview:large, max-video-preview:-1\" \/>\n<link rel=\"canonical\" href=\"https:\/\/vieassociative.be\/actualites\/conseils-que-jaurais-aime-que-quelquun-me-donne-apres-avoir-obtenu-mon-diplome-detudes-secondaires\/\" \/>\n<meta property=\"og:locale\" content=\"fr_FR\" \/>\n<meta property=\"og:type\" content=\"article\" \/>\n<meta property=\"og:title\" content=\"Conseils que j&#039;aurais aim\u00e9 que quelqu&#039;un me donne apr\u00e8s avoir obtenu mon dipl\u00f4me d&#039;\u00e9tudes secondaires | Vie Associative\" \/>\n<meta property=\"og:description\" content=\"De la construction d&rsquo;une \u00e9thique de travail au moment (et si) cela compte de commencer l&rsquo;universit\u00e9, jusqu&rsquo;au conseil le plus important de tous. Avec la\" \/>\n<meta property=\"og:url\" content=\"https:\/\/vieassociative.be\/actualites\/conseils-que-jaurais-aime-que-quelquun-me-donne-apres-avoir-obtenu-mon-diplome-detudes-secondaires\/\" \/>\n<meta property=\"og:site_name\" content=\"Vie Associative\" \/>\n<meta property=\"article:published_time\" content=\"2024-09-25T07:26:26+00:00\" \/>\n<meta property=\"og:image\" content=\"https:\/\/vieassociative.be\/actualites\/wp-content\/uploads\/2024\/09\/header_backgroundk-01-e1726694325946.png\" \/>\n\t<meta property=\"og:image:width\" content=\"279\" \/>\n\t<meta property=\"og:image:height\" content=\"92\" \/>\n\t<meta property=\"og:image:type\" content=\"image\/png\" \/>\n<meta name=\"author\" content=\"Julien\" \/>\n<meta name=\"twitter:card\" content=\"summary_large_image\" \/>\n<meta name=\"twitter:label1\" content=\"\u00c9crit par\" \/>\n\t<meta name=\"twitter:data1\" content=\"Julien\" \/>\n\t<meta name=\"twitter:label2\" content=\"Dur\u00e9e de lecture est.\" \/>\n\t<meta name=\"twitter:data2\" content=\"10 minutes\" \/>\n<script type=\"application\/ld+json\" class=\"yoast-schema-graph\">{\"@context\":\"https:\/\/schema.org\",\"@graph\":[{\"@type\":\"Article\",\"@id\":\"https:\/\/vieassociative.be\/actualites\/conseils-que-jaurais-aime-que-quelquun-me-donne-apres-avoir-obtenu-mon-diplome-detudes-secondaires\/#article\",\"isPartOf\":{\"@id\":\"https:\/\/vieassociative.be\/actualites\/conseils-que-jaurais-aime-que-quelquun-me-donne-apres-avoir-obtenu-mon-diplome-detudes-secondaires\/\"},\"author\":{\"name\":\"Julien\",\"@id\":\"https:\/\/vieassociative.be\/actualites\/#\/schema\/person\/b87ac4f82f9d4e7b7cec7395b679edc4\"},\"headline\":\"Conseils que j&rsquo;aurais aim\u00e9 que quelqu&rsquo;un me donne apr\u00e8s avoir obtenu mon dipl\u00f4me d&rsquo;\u00e9tudes secondaires\",\"datePublished\":\"2024-09-25T07:26:26+00:00\",\"dateModified\":\"2024-09-25T07:26:26+00:00\",\"mainEntityOfPage\":{\"@id\":\"https:\/\/vieassociative.be\/actualites\/conseils-que-jaurais-aime-que-quelquun-me-donne-apres-avoir-obtenu-mon-diplome-detudes-secondaires\/\"},\"wordCount\":2052,\"publisher\":{\"@id\":\"https:\/\/vieassociative.be\/actualites\/#organization\"},\"image\":{\"@id\":\"https:\/\/vieassociative.be\/actualites\/conseils-que-jaurais-aime-que-quelquun-me-donne-apres-avoir-obtenu-mon-diplome-detudes-secondaires\/#primaryimage\"},\"thumbnailUrl\":\"https:\/\/vieassociative.be\/actualites\/wp-content\/uploads\/2024\/09\/Conseils-que-jaurais-aime-que-quelquun-me-donne-apres-avoir.jpg\",\"keywords\":[\"aim\u00e9\",\"Apr\u00e8s\",\"avoir\",\"Conseils\",\"d\u00e9tudes\",\"dipl\u00f4me\",\"donne\",\"jaurais\",\"Mon\",\"obtenu\",\"quelquun\",\"secondaires\"],\"inLanguage\":\"fr-BE\"},{\"@type\":\"WebPage\",\"@id\":\"https:\/\/vieassociative.be\/actualites\/conseils-que-jaurais-aime-que-quelquun-me-donne-apres-avoir-obtenu-mon-diplome-detudes-secondaires\/\",\"url\":\"https:\/\/vieassociative.be\/actualites\/conseils-que-jaurais-aime-que-quelquun-me-donne-apres-avoir-obtenu-mon-diplome-detudes-secondaires\/\",\"name\":\"Conseils que j'aurais aim\u00e9 que quelqu'un me donne apr\u00e8s avoir obtenu mon dipl\u00f4me d'\u00e9tudes secondaires | Vie Associative\",\"isPartOf\":{\"@id\":\"https:\/\/vieassociative.be\/actualites\/#website\"},\"primaryImageOfPage\":{\"@id\":\"https:\/\/vieassociative.be\/actualites\/conseils-que-jaurais-aime-que-quelquun-me-donne-apres-avoir-obtenu-mon-diplome-detudes-secondaires\/#primaryimage\"},\"image\":{\"@id\":\"https:\/\/vieassociative.be\/actualites\/conseils-que-jaurais-aime-que-quelquun-me-donne-apres-avoir-obtenu-mon-diplome-detudes-secondaires\/#primaryimage\"},\"thumbnailUrl\":\"https:\/\/vieassociative.be\/actualites\/wp-content\/uploads\/2024\/09\/Conseils-que-jaurais-aime-que-quelquun-me-donne-apres-avoir.jpg\",\"datePublished\":\"2024-09-25T07:26:26+00:00\",\"dateModified\":\"2024-09-25T07:26:26+00:00\",\"breadcrumb\":{\"@id\":\"https:\/\/vieassociative.be\/actualites\/conseils-que-jaurais-aime-que-quelquun-me-donne-apres-avoir-obtenu-mon-diplome-detudes-secondaires\/#breadcrumb\"},\"inLanguage\":\"fr-BE\",\"potentialAction\":[{\"@type\":\"ReadAction\",\"target\":[\"https:\/\/vieassociative.be\/actualites\/conseils-que-jaurais-aime-que-quelquun-me-donne-apres-avoir-obtenu-mon-diplome-detudes-secondaires\/\"]}]},{\"@type\":\"ImageObject\",\"inLanguage\":\"fr-BE\",\"@id\":\"https:\/\/vieassociative.be\/actualites\/conseils-que-jaurais-aime-que-quelquun-me-donne-apres-avoir-obtenu-mon-diplome-detudes-secondaires\/#primaryimage\",\"url\":\"https:\/\/vieassociative.be\/actualites\/wp-content\/uploads\/2024\/09\/Conseils-que-jaurais-aime-que-quelquun-me-donne-apres-avoir.jpg\",\"contentUrl\":\"https:\/\/vieassociative.be\/actualites\/wp-content\/uploads\/2024\/09\/Conseils-que-jaurais-aime-que-quelquun-me-donne-apres-avoir.jpg\",\"width\":1200,\"height\":675,\"caption\":\"Conseils que j'aurais aim\u00e9 que quelqu'un me donne apr\u00e8s avoir obtenu mon dipl\u00f4me d'\u00e9tudes secondaires\"},{\"@type\":\"BreadcrumbList\",\"@id\":\"https:\/\/vieassociative.be\/actualites\/conseils-que-jaurais-aime-que-quelquun-me-donne-apres-avoir-obtenu-mon-diplome-detudes-secondaires\/#breadcrumb\",\"itemListElement\":[{\"@type\":\"ListItem\",\"position\":1,\"name\":\"Accueil\",\"item\":\"https:\/\/vieassociative.be\/actualites\/\"},{\"@type\":\"ListItem\",\"position\":2,\"name\":\"Conseils que j&rsquo;aurais aim\u00e9 que quelqu&rsquo;un me donne apr\u00e8s avoir obtenu mon dipl\u00f4me d&rsquo;\u00e9tudes secondaires\"}]},{\"@type\":\"WebSite\",\"@id\":\"https:\/\/vieassociative.be\/actualites\/#website\",\"url\":\"https:\/\/vieassociative.be\/actualites\/\",\"name\":\"Vie Associative\",\"description\":\"\",\"publisher\":{\"@id\":\"https:\/\/vieassociative.be\/actualites\/#organization\"},\"potentialAction\":[{\"@type\":\"SearchAction\",\"target\":{\"@type\":\"EntryPoint\",\"urlTemplate\":\"https:\/\/vieassociative.be\/actualites\/?s={search_term_string}\"},\"query-input\":{\"@type\":\"PropertyValueSpecification\",\"valueRequired\":true,\"valueName\":\"search_term_string\"}}],\"inLanguage\":\"fr-BE\"},{\"@type\":\"Organization\",\"@id\":\"https:\/\/vieassociative.be\/actualites\/#organization\",\"name\":\"Vie Associative\",\"url\":\"https:\/\/vieassociative.be\/actualites\/\",\"logo\":{\"@type\":\"ImageObject\",\"inLanguage\":\"fr-BE\",\"@id\":\"https:\/\/vieassociative.be\/actualites\/#\/schema\/logo\/image\/\",\"url\":\"https:\/\/vieassociative.be\/actualites\/wp-content\/uploads\/2024\/09\/cropped-vieassociative_favicon.ico.png\",\"contentUrl\":\"https:\/\/vieassociative.be\/actualites\/wp-content\/uploads\/2024\/09\/cropped-vieassociative_favicon.ico.png\",\"width\":512,\"height\":512,\"caption\":\"Vie Associative\"},\"image\":{\"@id\":\"https:\/\/vieassociative.be\/actualites\/#\/schema\/logo\/image\/\"}},{\"@type\":\"Person\",\"@id\":\"https:\/\/vieassociative.be\/actualites\/#\/schema\/person\/b87ac4f82f9d4e7b7cec7395b679edc4\",\"name\":\"Julien\",\"image\":{\"@type\":\"ImageObject\",\"inLanguage\":\"fr-BE\",\"@id\":\"https:\/\/vieassociative.be\/actualites\/#\/schema\/person\/image\/\",\"url\":\"https:\/\/vieassociative.be\/actualites\/wp-content\/uploads\/2024\/09\/vie-associative-1-150x150.jpg\",\"contentUrl\":\"https:\/\/vieassociative.be\/actualites\/wp-content\/uploads\/2024\/09\/vie-associative-1-150x150.jpg\",\"caption\":\"Julien\"},\"description\":\"Je suis Julien, r\u00e9dacteur pour Vie Associative. Passionn\u00e9 par le monde associatif depuis plus de 10 ans, j'ai \u00e0 c\u0153ur de partager des histoires inspirantes et de mettre en lumi\u00e8re les initiatives locales. Mon objectif est de sensibiliser et d'encourager l'engagement communautaire \u00e0 travers mes articles.\",\"sameAs\":[\"https:\/\/vieassociative.be\/\"]}]}<\/script>\n<!-- \/ Yoast SEO plugin. -->","yoast_head_json":{"title":"Conseils que j'aurais aim\u00e9 que quelqu'un me donne apr\u00e8s avoir obtenu mon dipl\u00f4me d'\u00e9tudes secondaires | Vie Associative","robots":{"index":"index","follow":"follow","max-snippet":"max-snippet:-1","max-image-preview":"max-image-preview:large","max-video-preview":"max-video-preview:-1"},"canonical":"https:\/\/vieassociative.be\/actualites\/conseils-que-jaurais-aime-que-quelquun-me-donne-apres-avoir-obtenu-mon-diplome-detudes-secondaires\/","og_locale":"fr_FR","og_type":"article","og_title":"Conseils que j'aurais aim\u00e9 que quelqu'un me donne apr\u00e8s avoir obtenu mon dipl\u00f4me d'\u00e9tudes secondaires | Vie Associative","og_description":"De la construction d&rsquo;une \u00e9thique de travail au moment (et si) cela compte de commencer l&rsquo;universit\u00e9, jusqu&rsquo;au conseil le plus important de tous. Avec la","og_url":"https:\/\/vieassociative.be\/actualites\/conseils-que-jaurais-aime-que-quelquun-me-donne-apres-avoir-obtenu-mon-diplome-detudes-secondaires\/","og_site_name":"Vie Associative","article_published_time":"2024-09-25T07:26:26+00:00","og_image":[{"width":279,"height":92,"url":"https:\/\/vieassociative.be\/actualites\/wp-content\/uploads\/2024\/09\/header_backgroundk-01-e1726694325946.png","type":"image\/png"}],"author":"Julien","twitter_card":"summary_large_image","twitter_misc":{"\u00c9crit par":"Julien","Dur\u00e9e de lecture est.":"10 minutes"},"schema":{"@context":"https:\/\/schema.org","@graph":[{"@type":"Article","@id":"https:\/\/vieassociative.be\/actualites\/conseils-que-jaurais-aime-que-quelquun-me-donne-apres-avoir-obtenu-mon-diplome-detudes-secondaires\/#article","isPartOf":{"@id":"https:\/\/vieassociative.be\/actualites\/conseils-que-jaurais-aime-que-quelquun-me-donne-apres-avoir-obtenu-mon-diplome-detudes-secondaires\/"},"author":{"name":"Julien","@id":"https:\/\/vieassociative.be\/actualites\/#\/schema\/person\/b87ac4f82f9d4e7b7cec7395b679edc4"},"headline":"Conseils que j&rsquo;aurais aim\u00e9 que quelqu&rsquo;un me donne apr\u00e8s avoir obtenu mon dipl\u00f4me d&rsquo;\u00e9tudes secondaires","datePublished":"2024-09-25T07:26:26+00:00","dateModified":"2024-09-25T07:26:26+00:00","mainEntityOfPage":{"@id":"https:\/\/vieassociative.be\/actualites\/conseils-que-jaurais-aime-que-quelquun-me-donne-apres-avoir-obtenu-mon-diplome-detudes-secondaires\/"},"wordCount":2052,"publisher":{"@id":"https:\/\/vieassociative.be\/actualites\/#organization"},"image":{"@id":"https:\/\/vieassociative.be\/actualites\/conseils-que-jaurais-aime-que-quelquun-me-donne-apres-avoir-obtenu-mon-diplome-detudes-secondaires\/#primaryimage"},"thumbnailUrl":"https:\/\/vieassociative.be\/actualites\/wp-content\/uploads\/2024\/09\/Conseils-que-jaurais-aime-que-quelquun-me-donne-apres-avoir.jpg","keywords":["aim\u00e9","Apr\u00e8s","avoir","Conseils","d\u00e9tudes","dipl\u00f4me","donne","jaurais","Mon","obtenu","quelquun","secondaires"],"inLanguage":"fr-BE"},{"@type":"WebPage","@id":"https:\/\/vieassociative.be\/actualites\/conseils-que-jaurais-aime-que-quelquun-me-donne-apres-avoir-obtenu-mon-diplome-detudes-secondaires\/","url":"https:\/\/vieassociative.be\/actualites\/conseils-que-jaurais-aime-que-quelquun-me-donne-apres-avoir-obtenu-mon-diplome-detudes-secondaires\/","name":"Conseils que j'aurais aim\u00e9 que quelqu'un me donne apr\u00e8s avoir obtenu mon dipl\u00f4me d'\u00e9tudes secondaires | Vie Associative","isPartOf":{"@id":"https:\/\/vieassociative.be\/actualites\/#website"},"primaryImageOfPage":{"@id":"https:\/\/vieassociative.be\/actualites\/conseils-que-jaurais-aime-que-quelquun-me-donne-apres-avoir-obtenu-mon-diplome-detudes-secondaires\/#primaryimage"},"image":{"@id":"https:\/\/vieassociative.be\/actualites\/conseils-que-jaurais-aime-que-quelquun-me-donne-apres-avoir-obtenu-mon-diplome-detudes-secondaires\/#primaryimage"},"thumbnailUrl":"https:\/\/vieassociative.be\/actualites\/wp-content\/uploads\/2024\/09\/Conseils-que-jaurais-aime-que-quelquun-me-donne-apres-avoir.jpg","datePublished":"2024-09-25T07:26:26+00:00","dateModified":"2024-09-25T07:26:26+00:00","breadcrumb":{"@id":"https:\/\/vieassociative.be\/actualites\/conseils-que-jaurais-aime-que-quelquun-me-donne-apres-avoir-obtenu-mon-diplome-detudes-secondaires\/#breadcrumb"},"inLanguage":"fr-BE","potentialAction":[{"@type":"ReadAction","target":["https:\/\/vieassociative.be\/actualites\/conseils-que-jaurais-aime-que-quelquun-me-donne-apres-avoir-obtenu-mon-diplome-detudes-secondaires\/"]}]},{"@type":"ImageObject","inLanguage":"fr-BE","@id":"https:\/\/vieassociative.be\/actualites\/conseils-que-jaurais-aime-que-quelquun-me-donne-apres-avoir-obtenu-mon-diplome-detudes-secondaires\/#primaryimage","url":"https:\/\/vieassociative.be\/actualites\/wp-content\/uploads\/2024\/09\/Conseils-que-jaurais-aime-que-quelquun-me-donne-apres-avoir.jpg","contentUrl":"https:\/\/vieassociative.be\/actualites\/wp-content\/uploads\/2024\/09\/Conseils-que-jaurais-aime-que-quelquun-me-donne-apres-avoir.jpg","width":1200,"height":675,"caption":"Conseils que j'aurais aim\u00e9 que quelqu'un me donne apr\u00e8s avoir obtenu mon dipl\u00f4me d'\u00e9tudes secondaires"},{"@type":"BreadcrumbList","@id":"https:\/\/vieassociative.be\/actualites\/conseils-que-jaurais-aime-que-quelquun-me-donne-apres-avoir-obtenu-mon-diplome-detudes-secondaires\/#breadcrumb","itemListElement":[{"@type":"ListItem","position":1,"name":"Accueil","item":"https:\/\/vieassociative.be\/actualites\/"},{"@type":"ListItem","position":2,"name":"Conseils que j&rsquo;aurais aim\u00e9 que quelqu&rsquo;un me donne apr\u00e8s avoir obtenu mon dipl\u00f4me d&rsquo;\u00e9tudes secondaires"}]},{"@type":"WebSite","@id":"https:\/\/vieassociative.be\/actualites\/#website","url":"https:\/\/vieassociative.be\/actualites\/","name":"Vie Associative","description":"","publisher":{"@id":"https:\/\/vieassociative.be\/actualites\/#organization"},"potentialAction":[{"@type":"SearchAction","target":{"@type":"EntryPoint","urlTemplate":"https:\/\/vieassociative.be\/actualites\/?s={search_term_string}"},"query-input":{"@type":"PropertyValueSpecification","valueRequired":true,"valueName":"search_term_string"}}],"inLanguage":"fr-BE"},{"@type":"Organization","@id":"https:\/\/vieassociative.be\/actualites\/#organization","name":"Vie Associative","url":"https:\/\/vieassociative.be\/actualites\/","logo":{"@type":"ImageObject","inLanguage":"fr-BE","@id":"https:\/\/vieassociative.be\/actualites\/#\/schema\/logo\/image\/","url":"https:\/\/vieassociative.be\/actualites\/wp-content\/uploads\/2024\/09\/cropped-vieassociative_favicon.ico.png","contentUrl":"https:\/\/vieassociative.be\/actualites\/wp-content\/uploads\/2024\/09\/cropped-vieassociative_favicon.ico.png","width":512,"height":512,"caption":"Vie Associative"},"image":{"@id":"https:\/\/vieassociative.be\/actualites\/#\/schema\/logo\/image\/"}},{"@type":"Person","@id":"https:\/\/vieassociative.be\/actualites\/#\/schema\/person\/b87ac4f82f9d4e7b7cec7395b679edc4","name":"Julien","image":{"@type":"ImageObject","inLanguage":"fr-BE","@id":"https:\/\/vieassociative.be\/actualites\/#\/schema\/person\/image\/","url":"https:\/\/vieassociative.be\/actualites\/wp-content\/uploads\/2024\/09\/vie-associative-1-150x150.jpg","contentUrl":"https:\/\/vieassociative.be\/actualites\/wp-content\/uploads\/2024\/09\/vie-associative-1-150x150.jpg","caption":"Julien"},"description":"Je suis Julien, r\u00e9dacteur pour Vie Associative. Passionn\u00e9 par le monde associatif depuis plus de 10 ans, j'ai \u00e0 c\u0153ur de partager des histoires inspirantes et de mettre en lumi\u00e8re les initiatives locales. Mon objectif est de sensibiliser et d'encourager l'engagement communautaire \u00e0 travers mes articles.","sameAs":["https:\/\/vieassociative.be\/"]}]}},"_links":{"self":[{"href":"https:\/\/vieassociative.be\/actualites\/wp-json\/wp\/v2\/posts\/450"}],"collection":[{"href":"https:\/\/vieassociative.be\/actualites\/wp-json\/wp\/v2\/posts"}],"about":[{"href":"https:\/\/vieassociative.be\/actualites\/wp-json\/wp\/v2\/types\/post"}],"author":[{"embeddable":true,"href":"https:\/\/vieassociative.be\/actualites\/wp-json\/wp\/v2\/users\/1"}],"replies":[{"embeddable":true,"href":"https:\/\/vieassociative.be\/actualites\/wp-json\/wp\/v2\/comments?post=450"}],"version-history":[{"count":0,"href":"https:\/\/vieassociative.be\/actualites\/wp-json\/wp\/v2\/posts\/450\/revisions"}],"wp:featuredmedia":[{"embeddable":true,"href":"https:\/\/vieassociative.be\/actualites\/wp-json\/wp\/v2\/media\/451"}],"wp:attachment":[{"href":"https:\/\/vieassociative.be\/actualites\/wp-json\/wp\/v2\/media?parent=450"}],"wp:term":[{"taxonomy":"category","embeddable":true,"href":"https:\/\/vieassociative.be\/actualites\/wp-json\/wp\/v2\/categories?post=450"},{"taxonomy":"post_tag","embeddable":true,"href":"https:\/\/vieassociative.be\/actualites\/wp-json\/wp\/v2\/tags?post=450"}],"curies":[{"name":"wp","href":"https:\/\/api.w.org\/{rel}","templated":true}]}}