{"id":4495,"date":"2025-01-22T03:17:36","date_gmt":"2025-01-22T02:17:36","guid":{"rendered":"https:\/\/vieassociative.be\/actualites\/4495-2\/"},"modified":"2025-01-22T03:17:36","modified_gmt":"2025-01-22T02:17:36","slug":"4495-2","status":"publish","type":"post","link":"https:\/\/vieassociative.be\/actualites\/4495-2\/","title":{"rendered":""},"content":{"rendered":"<p><strong><\/strong><\/p>\n<p><span id=\"more-406552\"><\/span>Apr\u00e8s un bon premier quart d&rsquo;heure, l&rsquo;\u00e9quipe brugeoise commen\u00e7ait \u00e0 reculer et \u00e0 attendre l&rsquo;\u00e9quipe turinoise. Die Chancen blieben in den ersten 45 Minuten jedoch aus, abgesehen von einem v\u00f6llig verungl\u00fcckten Schuss von Douglas Luiz, der ganz alleine am Strafraum stand.<\/p>\n<p>Nach dem Seitenwechsel hatte der belgische Meister eine riesige Chance. Apr\u00e8s que Tzolis ait press\u00e9 Di Gregorio, Vanaken a r\u00e9cup\u00e9r\u00e9 le ballon, qui est pass\u00e9 \u00e0 Jutgla au milieu, mais l&rsquo;Espagnol n&rsquo;a pas pu mettre le ballon dans le but.<\/p>\n<\/p>\n<p>In der Schlussphase parierte Mignolet einen Fernschuss von Locatelli mit einer perfekten Parade. Es blieb beim 0:0 und die Br\u00fcgger konnten die Punkteteilung wie einen Sieg feiern. (cr\u00e9er)<\/p>\n<h3><\/h3>\n<p><b>Le Borussia Dortmund a longtemps men\u00e9 \u00e0 Bologne et a finalement perdu. Les choses seront probablement tr\u00e8s serr\u00e9es pour l&rsquo;entra\u00eeneur Nuri Sahin apr\u00e8s la quatri\u00e8me d\u00e9faite cette ann\u00e9e.<\/b><\/p>\n<p><!--more--><\/p>\n<div id=\"attachment_406563\" class=\"wp-caption alignleft\" style=\"max-width: 300px\"><img fetchpriority=\"high\" decoding=\"async\" class=\"wp-image-406563 size-medium\" src=\"https:\/\/vieassociative.be\/actualites\/wp-content\/uploads\/2025\/01\/FC_Bologna_Borussia_84778552-300x200.jpg\" alt=\"\" width=\"300\" height=\"200\"><\/p>\n<p class=\"wp-caption-text\">21.01.2025, Italien, Bologna: Dortmunds Maximilian Beier reagiert nach dem Spiel. Photo : Fabio Sasso\/dpa<\/p>\n<\/div>\n<p>Die Mannschaft v\u00f6llig verunsichert, Trainer Nuri Sahin schwer angeschlagen: Borussia Dortmund taumelt und hat in der Champions League die vierte Niederlage im vierten Pflichtspiel dieses Jahres kassiert. Le Revierclub a perdu 1:2 (1:0) contre le FC Bologne malgr\u00e9 une avance pr\u00e9coce. La crise qui ne cesse de s&rsquo;aggraver exerce une pression croissante sur les dirigeants du BVB en mati\u00e8re d&rsquo;entra\u00eenement.<\/p>\n<p>Il n\u2019y a pas non plus eu de points positifs pour Dortmund en Italie. Der anvisierte Top-Acht-Platz und damit der direkte Einzug ins Achtelfinale der K\u00f6nigsklasse ist zwar weiterhin m\u00f6glich, die Stimmung trotzdem auf dem Tiefpunkt.<\/p>\n<p>Serhou Guirassy de Dortmund a port\u00e9 le score \u00e0 1-0 sur penalty (15e minute). Thijs Dallinga (71&prime;) et Samuel Iling-Junior (72&prime;) ont renvers\u00e9 la situation en tr\u00e8s peu de temps pour les h\u00f4tes. Apr\u00e8s cela, le BVB semblait compl\u00e8tement d\u00e9sorient\u00e9. Il n\u2019y avait aucune r\u00e9elle chance d\u2019\u00e9galiser. (dpa)<\/p>\n","protected":false},"excerpt":{"rendered":"<p>Apr\u00e8s un bon premier quart d&rsquo;heure, l&rsquo;\u00e9quipe brugeoise commen\u00e7ait \u00e0 reculer et \u00e0 attendre l&rsquo;\u00e9quipe turinoise. Die Chancen blieben in den ersten 45 Minuten jedoch<\/p>\n","protected":false},"author":1,"featured_media":4496,"comment_status":"","ping_status":"","sticky":false,"template":"","format":"standard","meta":{"footnotes":""},"categories":[298],"tags":[],"class_list":["post-4495","post","type-post","status-publish","format-standard","has-post-thumbnail","hentry","category-belgique","generate-columns","tablet-grid-50","mobile-grid-100","grid-parent","grid-33"],"yoast_head":"<!-- This site is optimized with the Yoast SEO plugin v24.0 - https:\/\/yoast.com\/wordpress\/plugins\/seo\/ -->\n<title>| Vie Associative<\/title>\n<meta name=\"robots\" content=\"index, follow, max-snippet:-1, max-image-preview:large, max-video-preview:-1\" \/>\n<link rel=\"canonical\" href=\"https:\/\/vieassociative.be\/actualites\/4495-2\/\" \/>\n<meta property=\"og:locale\" content=\"fr_FR\" \/>\n<meta property=\"og:type\" content=\"article\" \/>\n<meta property=\"og:title\" content=\"| Vie Associative\" \/>\n<meta property=\"og:description\" content=\"Apr\u00e8s un bon premier quart d&rsquo;heure, l&rsquo;\u00e9quipe brugeoise commen\u00e7ait \u00e0 reculer et \u00e0 attendre l&rsquo;\u00e9quipe turinoise. Die Chancen blieben in den ersten 45 Minuten jedoch\" \/>\n<meta property=\"og:url\" content=\"https:\/\/vieassociative.be\/actualites\/4495-2\/\" \/>\n<meta property=\"og:site_name\" content=\"Vie Associative\" \/>\n<meta property=\"article:published_time\" content=\"2025-01-22T02:17:36+00:00\" \/>\n<meta property=\"og:image\" content=\"https:\/\/vieassociative.be\/actualites\/wp-content\/uploads\/2024\/09\/header_backgroundk-01-e1726694325946.png\" \/>\n\t<meta property=\"og:image:width\" content=\"279\" \/>\n\t<meta property=\"og:image:height\" content=\"92\" \/>\n\t<meta property=\"og:image:type\" content=\"image\/png\" \/>\n<meta name=\"author\" content=\"Julien\" \/>\n<meta name=\"twitter:card\" content=\"summary_large_image\" \/>\n<meta name=\"twitter:label1\" content=\"\u00c9crit par\" \/>\n\t<meta name=\"twitter:data1\" content=\"Julien\" \/>\n\t<meta name=\"twitter:label2\" content=\"Dur\u00e9e de lecture est.\" \/>\n\t<meta name=\"twitter:data2\" content=\"2 minutes\" \/>\n<script type=\"application\/ld+json\" class=\"yoast-schema-graph\">{\"@context\":\"https:\/\/schema.org\",\"@graph\":[{\"@type\":\"Article\",\"@id\":\"https:\/\/vieassociative.be\/actualites\/4495-2\/#article\",\"isPartOf\":{\"@id\":\"https:\/\/vieassociative.be\/actualites\/4495-2\/\"},\"author\":{\"name\":\"Julien\",\"@id\":\"https:\/\/vieassociative.be\/actualites\/#\/schema\/person\/b87ac4f82f9d4e7b7cec7395b679edc4\"},\"headline\":\"Aucun titre\",\"datePublished\":\"2025-01-22T02:17:36+00:00\",\"dateModified\":\"2025-01-22T02:17:36+00:00\",\"mainEntityOfPage\":{\"@id\":\"https:\/\/vieassociative.be\/actualites\/4495-2\/\"},\"wordCount\":322,\"publisher\":{\"@id\":\"https:\/\/vieassociative.be\/actualites\/#organization\"},\"image\":{\"@id\":\"https:\/\/vieassociative.be\/actualites\/4495-2\/#primaryimage\"},\"thumbnailUrl\":\"https:\/\/vieassociative.be\/actualites\/wp-content\/uploads\/2025\/01\/IMG_20240411_233118_1200_x_800_pixel.jpg\",\"articleSection\":[\"Belgique\"],\"inLanguage\":\"fr-BE\"},{\"@type\":\"WebPage\",\"@id\":\"https:\/\/vieassociative.be\/actualites\/4495-2\/\",\"url\":\"https:\/\/vieassociative.be\/actualites\/4495-2\/\",\"name\":\"| Vie Associative\",\"isPartOf\":{\"@id\":\"https:\/\/vieassociative.be\/actualites\/#website\"},\"primaryImageOfPage\":{\"@id\":\"https:\/\/vieassociative.be\/actualites\/4495-2\/#primaryimage\"},\"image\":{\"@id\":\"https:\/\/vieassociative.be\/actualites\/4495-2\/#primaryimage\"},\"thumbnailUrl\":\"https:\/\/vieassociative.be\/actualites\/wp-content\/uploads\/2025\/01\/IMG_20240411_233118_1200_x_800_pixel.jpg\",\"datePublished\":\"2025-01-22T02:17:36+00:00\",\"dateModified\":\"2025-01-22T02:17:36+00:00\",\"inLanguage\":\"fr-BE\",\"potentialAction\":[{\"@type\":\"ReadAction\",\"target\":[\"https:\/\/vieassociative.be\/actualites\/4495-2\/\"]}]},{\"@type\":\"ImageObject\",\"inLanguage\":\"fr-BE\",\"@id\":\"https:\/\/vieassociative.be\/actualites\/4495-2\/#primaryimage\",\"url\":\"https:\/\/vieassociative.be\/actualites\/wp-content\/uploads\/2025\/01\/IMG_20240411_233118_1200_x_800_pixel.jpg\",\"contentUrl\":\"https:\/\/vieassociative.be\/actualites\/wp-content\/uploads\/2025\/01\/IMG_20240411_233118_1200_x_800_pixel.jpg\",\"width\":1200,\"height\":800,\"caption\":\"\"},{\"@type\":\"WebSite\",\"@id\":\"https:\/\/vieassociative.be\/actualites\/#website\",\"url\":\"https:\/\/vieassociative.be\/actualites\/\",\"name\":\"Vie Associative\",\"description\":\"\",\"publisher\":{\"@id\":\"https:\/\/vieassociative.be\/actualites\/#organization\"},\"potentialAction\":[{\"@type\":\"SearchAction\",\"target\":{\"@type\":\"EntryPoint\",\"urlTemplate\":\"https:\/\/vieassociative.be\/actualites\/?s={search_term_string}\"},\"query-input\":{\"@type\":\"PropertyValueSpecification\",\"valueRequired\":true,\"valueName\":\"search_term_string\"}}],\"inLanguage\":\"fr-BE\"},{\"@type\":\"Organization\",\"@id\":\"https:\/\/vieassociative.be\/actualites\/#organization\",\"name\":\"Vie Associative\",\"url\":\"https:\/\/vieassociative.be\/actualites\/\",\"logo\":{\"@type\":\"ImageObject\",\"inLanguage\":\"fr-BE\",\"@id\":\"https:\/\/vieassociative.be\/actualites\/#\/schema\/logo\/image\/\",\"url\":\"https:\/\/vieassociative.be\/actualites\/wp-content\/uploads\/2024\/09\/cropped-vieassociative_favicon.ico.png\",\"contentUrl\":\"https:\/\/vieassociative.be\/actualites\/wp-content\/uploads\/2024\/09\/cropped-vieassociative_favicon.ico.png\",\"width\":512,\"height\":512,\"caption\":\"Vie Associative\"},\"image\":{\"@id\":\"https:\/\/vieassociative.be\/actualites\/#\/schema\/logo\/image\/\"}},{\"@type\":\"Person\",\"@id\":\"https:\/\/vieassociative.be\/actualites\/#\/schema\/person\/b87ac4f82f9d4e7b7cec7395b679edc4\",\"name\":\"Julien\",\"image\":{\"@type\":\"ImageObject\",\"inLanguage\":\"fr-BE\",\"@id\":\"https:\/\/vieassociative.be\/actualites\/#\/schema\/person\/image\/\",\"url\":\"https:\/\/vieassociative.be\/actualites\/wp-content\/uploads\/2024\/09\/vie-associative-1-150x150.jpg\",\"contentUrl\":\"https:\/\/vieassociative.be\/actualites\/wp-content\/uploads\/2024\/09\/vie-associative-1-150x150.jpg\",\"caption\":\"Julien\"},\"description\":\"Je suis Julien, r\u00e9dacteur pour Vie Associative. Passionn\u00e9 par le monde associatif depuis plus de 10 ans, j'ai \u00e0 c\u0153ur de partager des histoires inspirantes et de mettre en lumi\u00e8re les initiatives locales. Mon objectif est de sensibiliser et d'encourager l'engagement communautaire \u00e0 travers mes articles.\",\"sameAs\":[\"https:\/\/vieassociative.be\/\"]}]}<\/script>\n<!-- \/ Yoast SEO plugin. -->","yoast_head_json":{"title":"| Vie Associative","robots":{"index":"index","follow":"follow","max-snippet":"max-snippet:-1","max-image-preview":"max-image-preview:large","max-video-preview":"max-video-preview:-1"},"canonical":"https:\/\/vieassociative.be\/actualites\/4495-2\/","og_locale":"fr_FR","og_type":"article","og_title":"| Vie Associative","og_description":"Apr\u00e8s un bon premier quart d&rsquo;heure, l&rsquo;\u00e9quipe brugeoise commen\u00e7ait \u00e0 reculer et \u00e0 attendre l&rsquo;\u00e9quipe turinoise. Die Chancen blieben in den ersten 45 Minuten jedoch","og_url":"https:\/\/vieassociative.be\/actualites\/4495-2\/","og_site_name":"Vie Associative","article_published_time":"2025-01-22T02:17:36+00:00","og_image":[{"width":279,"height":92,"url":"https:\/\/vieassociative.be\/actualites\/wp-content\/uploads\/2024\/09\/header_backgroundk-01-e1726694325946.png","type":"image\/png"}],"author":"Julien","twitter_card":"summary_large_image","twitter_misc":{"\u00c9crit par":"Julien","Dur\u00e9e de lecture est.":"2 minutes"},"schema":{"@context":"https:\/\/schema.org","@graph":[{"@type":"Article","@id":"https:\/\/vieassociative.be\/actualites\/4495-2\/#article","isPartOf":{"@id":"https:\/\/vieassociative.be\/actualites\/4495-2\/"},"author":{"name":"Julien","@id":"https:\/\/vieassociative.be\/actualites\/#\/schema\/person\/b87ac4f82f9d4e7b7cec7395b679edc4"},"headline":"Aucun titre","datePublished":"2025-01-22T02:17:36+00:00","dateModified":"2025-01-22T02:17:36+00:00","mainEntityOfPage":{"@id":"https:\/\/vieassociative.be\/actualites\/4495-2\/"},"wordCount":322,"publisher":{"@id":"https:\/\/vieassociative.be\/actualites\/#organization"},"image":{"@id":"https:\/\/vieassociative.be\/actualites\/4495-2\/#primaryimage"},"thumbnailUrl":"https:\/\/vieassociative.be\/actualites\/wp-content\/uploads\/2025\/01\/IMG_20240411_233118_1200_x_800_pixel.jpg","articleSection":["Belgique"],"inLanguage":"fr-BE"},{"@type":"WebPage","@id":"https:\/\/vieassociative.be\/actualites\/4495-2\/","url":"https:\/\/vieassociative.be\/actualites\/4495-2\/","name":"| Vie Associative","isPartOf":{"@id":"https:\/\/vieassociative.be\/actualites\/#website"},"primaryImageOfPage":{"@id":"https:\/\/vieassociative.be\/actualites\/4495-2\/#primaryimage"},"image":{"@id":"https:\/\/vieassociative.be\/actualites\/4495-2\/#primaryimage"},"thumbnailUrl":"https:\/\/vieassociative.be\/actualites\/wp-content\/uploads\/2025\/01\/IMG_20240411_233118_1200_x_800_pixel.jpg","datePublished":"2025-01-22T02:17:36+00:00","dateModified":"2025-01-22T02:17:36+00:00","inLanguage":"fr-BE","potentialAction":[{"@type":"ReadAction","target":["https:\/\/vieassociative.be\/actualites\/4495-2\/"]}]},{"@type":"ImageObject","inLanguage":"fr-BE","@id":"https:\/\/vieassociative.be\/actualites\/4495-2\/#primaryimage","url":"https:\/\/vieassociative.be\/actualites\/wp-content\/uploads\/2025\/01\/IMG_20240411_233118_1200_x_800_pixel.jpg","contentUrl":"https:\/\/vieassociative.be\/actualites\/wp-content\/uploads\/2025\/01\/IMG_20240411_233118_1200_x_800_pixel.jpg","width":1200,"height":800,"caption":""},{"@type":"WebSite","@id":"https:\/\/vieassociative.be\/actualites\/#website","url":"https:\/\/vieassociative.be\/actualites\/","name":"Vie Associative","description":"","publisher":{"@id":"https:\/\/vieassociative.be\/actualites\/#organization"},"potentialAction":[{"@type":"SearchAction","target":{"@type":"EntryPoint","urlTemplate":"https:\/\/vieassociative.be\/actualites\/?s={search_term_string}"},"query-input":{"@type":"PropertyValueSpecification","valueRequired":true,"valueName":"search_term_string"}}],"inLanguage":"fr-BE"},{"@type":"Organization","@id":"https:\/\/vieassociative.be\/actualites\/#organization","name":"Vie Associative","url":"https:\/\/vieassociative.be\/actualites\/","logo":{"@type":"ImageObject","inLanguage":"fr-BE","@id":"https:\/\/vieassociative.be\/actualites\/#\/schema\/logo\/image\/","url":"https:\/\/vieassociative.be\/actualites\/wp-content\/uploads\/2024\/09\/cropped-vieassociative_favicon.ico.png","contentUrl":"https:\/\/vieassociative.be\/actualites\/wp-content\/uploads\/2024\/09\/cropped-vieassociative_favicon.ico.png","width":512,"height":512,"caption":"Vie Associative"},"image":{"@id":"https:\/\/vieassociative.be\/actualites\/#\/schema\/logo\/image\/"}},{"@type":"Person","@id":"https:\/\/vieassociative.be\/actualites\/#\/schema\/person\/b87ac4f82f9d4e7b7cec7395b679edc4","name":"Julien","image":{"@type":"ImageObject","inLanguage":"fr-BE","@id":"https:\/\/vieassociative.be\/actualites\/#\/schema\/person\/image\/","url":"https:\/\/vieassociative.be\/actualites\/wp-content\/uploads\/2024\/09\/vie-associative-1-150x150.jpg","contentUrl":"https:\/\/vieassociative.be\/actualites\/wp-content\/uploads\/2024\/09\/vie-associative-1-150x150.jpg","caption":"Julien"},"description":"Je suis Julien, r\u00e9dacteur pour Vie Associative. Passionn\u00e9 par le monde associatif depuis plus de 10 ans, j'ai \u00e0 c\u0153ur de partager des histoires inspirantes et de mettre en lumi\u00e8re les initiatives locales. Mon objectif est de sensibiliser et d'encourager l'engagement communautaire \u00e0 travers mes articles.","sameAs":["https:\/\/vieassociative.be\/"]}]}},"_links":{"self":[{"href":"https:\/\/vieassociative.be\/actualites\/wp-json\/wp\/v2\/posts\/4495"}],"collection":[{"href":"https:\/\/vieassociative.be\/actualites\/wp-json\/wp\/v2\/posts"}],"about":[{"href":"https:\/\/vieassociative.be\/actualites\/wp-json\/wp\/v2\/types\/post"}],"author":[{"embeddable":true,"href":"https:\/\/vieassociative.be\/actualites\/wp-json\/wp\/v2\/users\/1"}],"replies":[{"embeddable":true,"href":"https:\/\/vieassociative.be\/actualites\/wp-json\/wp\/v2\/comments?post=4495"}],"version-history":[{"count":0,"href":"https:\/\/vieassociative.be\/actualites\/wp-json\/wp\/v2\/posts\/4495\/revisions"}],"wp:featuredmedia":[{"embeddable":true,"href":"https:\/\/vieassociative.be\/actualites\/wp-json\/wp\/v2\/media\/4496"}],"wp:attachment":[{"href":"https:\/\/vieassociative.be\/actualites\/wp-json\/wp\/v2\/media?parent=4495"}],"wp:term":[{"taxonomy":"category","embeddable":true,"href":"https:\/\/vieassociative.be\/actualites\/wp-json\/wp\/v2\/categories?post=4495"},{"taxonomy":"post_tag","embeddable":true,"href":"https:\/\/vieassociative.be\/actualites\/wp-json\/wp\/v2\/tags?post=4495"}],"curies":[{"name":"wp","href":"https:\/\/api.w.org\/{rel}","templated":true}]}}