{"id":4490,"date":"2025-01-21T21:17:31","date_gmt":"2025-01-21T20:17:31","guid":{"rendered":"https:\/\/vieassociative.be\/actualites\/nuit-lumineuse-de-la-technologie-journee-portes-ouvertes-au-rsi-eupen\/"},"modified":"2025-01-21T21:17:31","modified_gmt":"2025-01-21T20:17:31","slug":"nuit-lumineuse-de-la-technologie-journee-portes-ouvertes-au-rsi-eupen","status":"publish","type":"post","link":"https:\/\/vieassociative.be\/actualites\/nuit-lumineuse-de-la-technologie-journee-portes-ouvertes-au-rsi-eupen\/","title":{"rendered":"Nuit Lumineuse de la Technologie \u2013 Journ\u00e9e Portes Ouvertes au RSI Eupen"},"content":{"rendered":"<p><strong>Le 1er f\u00e9vrier, l&rsquo;Institut Robert Schuman (RSI) Eupen invite toutes les personnes int\u00e9ress\u00e9es \u00e0 sa journ\u00e9e portes ouvertes. L&rsquo;ensemble de la communaut\u00e9 scolaire pr\u00e9sente un programme interactif et passionnant pour toute la famille.<\/strong><\/p>\n<p><span id=\"more-406518\"><\/span><strong>Programme:<\/strong><\/p>\n<p><strong>\u2013 15h30 : Accueil des bacheliers et de leurs parents<\/strong><\/p>\n<p>Parents et enfants d\u00e9couvrent la 1\u00e8re \u00e9tape du RSI ! L&rsquo;\u00e9quipe p\u00e9dagogique pr\u00e9sente l&rsquo;\u00e9cole, les m\u00e9thodes d&rsquo;enseignement et le programme d&rsquo;accompagnement des nouveaux \u00e9l\u00e8ves. Il est possible de poser des questions et de visiter les salles et salles de classe sp\u00e9cialis\u00e9es.<\/p>\n<p><strong>17h00 : Nuit des Lumi\u00e8res pour la Technologie &#8211; Journ\u00e9e Portes Ouvertes<\/strong><\/p>\n<div id=\"attachment_406523\" class=\"wp-caption alignleft\" style=\"max-width: 300px\"><img fetchpriority=\"high\" decoding=\"async\" class=\"wp-image-406523 size-medium\" src=\"https:\/\/vieassociative.be\/actualites\/wp-content\/uploads\/2025\/01\/Nuit-Lumineuse-de-la-Technologie-\u2013-Journee-Portes-Ouvertes-au.jpg\" alt=\"\" width=\"300\" height=\"225\"  ><\/p>\n<p class=\"wp-caption-text\">Photo de : RSI Eupen<\/p>\n<\/div>\n<p>Des temps forts techniques et des exp\u00e9riences interactives attendent les visiteurs. La \u00ab Nuit des Lumi\u00e8res de la Technologie \u00bb propose un programme vari\u00e9 pour toute la famille : des d\u00e9monstrations techniques passionnantes, des exp\u00e9riences interactives pour petits et grands, le salon d&rsquo;art avec PartyBooth, ainsi que des activit\u00e9s th\u00e9matiques dans tous les d\u00e9partements.<\/p>\n<p><strong>Focus sur les perspectives de carri\u00e8re<\/strong><\/p>\n<p>La \u00abNuit des Lumi\u00e8res de la Technologie\u00bb montre les opportunit\u00e9s qu&rsquo;offre la formation scolaire professionnelle et technique. En outre, des repr\u00e9sentants de l&rsquo;industrie fournissent des informations sur les opportunit\u00e9s de carri\u00e8re passionnantes et l&rsquo;Universit\u00e9 des sciences appliqu\u00e9es d&rsquo;Aix-la-Chapelle sur des \u00e9tudes compl\u00e9mentaires int\u00e9ressantes pour les dipl\u00f4m\u00e9s de la formation scolaire.<\/p>\n<p><strong>Nouveau:<\/strong> L\u2019Institut Robert Schuman devrait ouvrir une nouvelle fili\u00e8re d\u2019\u00e9tudes \u00e0 partir de l\u2019ann\u00e9e scolaire 2025-2026 : \u00ab Candidats aux m\u00e9tiers de la d\u00e9fense, de la pr\u00e9vention et de la s\u00e9curit\u00e9 \u00bb. Dans ce domaine d&rsquo;\u00e9tudes, les \u00e9tudiants sont pr\u00e9par\u00e9s \u00e0 une carri\u00e8re et \u00e0 l&rsquo;entr\u00e9e dans la police, les pompiers, l&rsquo;arm\u00e9e et les services de secours et de s\u00e9curit\u00e9. Lors de la Nuit des Lumi\u00e8res Technologiques, les services seront sur place et fourniront de plus amples informations.<\/p>\n<p>La caf\u00e9t\u00e9ria DGG Service &#038; Logistique, le cercle d&rsquo;amis et le conseil des parents veillent \u00e0 votre bien-\u00eatre physique. Toutes les informations ci-dessous <u>www.rsi-eupen.be<\/u><\/p>\n","protected":false},"excerpt":{"rendered":"<p>Le 1er f\u00e9vrier, l&rsquo;Institut Robert Schuman (RSI) Eupen invite toutes les personnes int\u00e9ress\u00e9es \u00e0 sa journ\u00e9e portes ouvertes. L&rsquo;ensemble de la communaut\u00e9 scolaire pr\u00e9sente un<\/p>\n","protected":false},"author":1,"featured_media":4491,"comment_status":"","ping_status":"","sticky":false,"template":"","format":"standard","meta":{"footnotes":""},"categories":[298],"tags":[2329,2877,4880,2405,4882,4881,4883,1582],"class_list":["post-4490","post","type-post","status-publish","format-standard","has-post-thumbnail","hentry","category-belgique","tag-eupen","tag-journee","tag-lumineuse","tag-nuit","tag-ouvertes","tag-portes","tag-rsi","tag-technologie","generate-columns","tablet-grid-50","mobile-grid-100","grid-parent","grid-33"],"yoast_head":"<!-- This site is optimized with the Yoast SEO plugin v24.0 - https:\/\/yoast.com\/wordpress\/plugins\/seo\/ -->\n<title>Nuit Lumineuse de la Technologie \u2013 Journ\u00e9e Portes Ouvertes au RSI Eupen | Vie Associative<\/title>\n<meta name=\"robots\" content=\"index, follow, max-snippet:-1, max-image-preview:large, max-video-preview:-1\" \/>\n<link rel=\"canonical\" href=\"https:\/\/vieassociative.be\/actualites\/nuit-lumineuse-de-la-technologie-journee-portes-ouvertes-au-rsi-eupen\/\" \/>\n<meta property=\"og:locale\" content=\"fr_FR\" \/>\n<meta property=\"og:type\" content=\"article\" \/>\n<meta property=\"og:title\" content=\"Nuit Lumineuse de la Technologie \u2013 Journ\u00e9e Portes Ouvertes au RSI Eupen | Vie Associative\" \/>\n<meta property=\"og:description\" content=\"Le 1er f\u00e9vrier, l&rsquo;Institut Robert Schuman (RSI) Eupen invite toutes les personnes int\u00e9ress\u00e9es \u00e0 sa journ\u00e9e portes ouvertes. L&rsquo;ensemble de la communaut\u00e9 scolaire pr\u00e9sente un\" \/>\n<meta property=\"og:url\" content=\"https:\/\/vieassociative.be\/actualites\/nuit-lumineuse-de-la-technologie-journee-portes-ouvertes-au-rsi-eupen\/\" \/>\n<meta property=\"og:site_name\" content=\"Vie Associative\" \/>\n<meta property=\"article:published_time\" content=\"2025-01-21T20:17:31+00:00\" \/>\n<meta property=\"og:image\" content=\"https:\/\/vieassociative.be\/actualites\/wp-content\/uploads\/2024\/09\/header_backgroundk-01-e1726694325946.png\" \/>\n\t<meta property=\"og:image:width\" content=\"279\" \/>\n\t<meta property=\"og:image:height\" content=\"92\" \/>\n\t<meta property=\"og:image:type\" content=\"image\/png\" \/>\n<meta name=\"author\" content=\"Julien\" \/>\n<meta name=\"twitter:card\" content=\"summary_large_image\" \/>\n<meta name=\"twitter:label1\" content=\"\u00c9crit par\" \/>\n\t<meta name=\"twitter:data1\" content=\"Julien\" \/>\n\t<meta name=\"twitter:label2\" content=\"Dur\u00e9e de lecture est.\" \/>\n\t<meta name=\"twitter:data2\" content=\"2 minutes\" \/>\n<script type=\"application\/ld+json\" class=\"yoast-schema-graph\">{\"@context\":\"https:\/\/schema.org\",\"@graph\":[{\"@type\":\"Article\",\"@id\":\"https:\/\/vieassociative.be\/actualites\/nuit-lumineuse-de-la-technologie-journee-portes-ouvertes-au-rsi-eupen\/#article\",\"isPartOf\":{\"@id\":\"https:\/\/vieassociative.be\/actualites\/nuit-lumineuse-de-la-technologie-journee-portes-ouvertes-au-rsi-eupen\/\"},\"author\":{\"name\":\"Julien\",\"@id\":\"https:\/\/vieassociative.be\/actualites\/#\/schema\/person\/b87ac4f82f9d4e7b7cec7395b679edc4\"},\"headline\":\"Nuit Lumineuse de la Technologie \u2013 Journ\u00e9e Portes Ouvertes au RSI Eupen\",\"datePublished\":\"2025-01-21T20:17:31+00:00\",\"dateModified\":\"2025-01-21T20:17:31+00:00\",\"mainEntityOfPage\":{\"@id\":\"https:\/\/vieassociative.be\/actualites\/nuit-lumineuse-de-la-technologie-journee-portes-ouvertes-au-rsi-eupen\/\"},\"wordCount\":377,\"publisher\":{\"@id\":\"https:\/\/vieassociative.be\/actualites\/#organization\"},\"image\":{\"@id\":\"https:\/\/vieassociative.be\/actualites\/nuit-lumineuse-de-la-technologie-journee-portes-ouvertes-au-rsi-eupen\/#primaryimage\"},\"thumbnailUrl\":\"https:\/\/vieassociative.be\/actualites\/wp-content\/uploads\/2025\/01\/1737490651_Nuit-Lumineuse-de-la-Technologie-\u2013-Journee-Portes-Ouvertes-au.jpg\",\"keywords\":[\"Eupen\",\"journ\u00e9e\",\"Lumineuse\",\"nuit\",\"Ouvertes\",\"Portes\",\"RSI\",\"technologie\"],\"articleSection\":[\"Belgique\"],\"inLanguage\":\"fr-BE\"},{\"@type\":\"WebPage\",\"@id\":\"https:\/\/vieassociative.be\/actualites\/nuit-lumineuse-de-la-technologie-journee-portes-ouvertes-au-rsi-eupen\/\",\"url\":\"https:\/\/vieassociative.be\/actualites\/nuit-lumineuse-de-la-technologie-journee-portes-ouvertes-au-rsi-eupen\/\",\"name\":\"Nuit Lumineuse de la Technologie \u2013 Journ\u00e9e Portes Ouvertes au RSI Eupen | Vie Associative\",\"isPartOf\":{\"@id\":\"https:\/\/vieassociative.be\/actualites\/#website\"},\"primaryImageOfPage\":{\"@id\":\"https:\/\/vieassociative.be\/actualites\/nuit-lumineuse-de-la-technologie-journee-portes-ouvertes-au-rsi-eupen\/#primaryimage\"},\"image\":{\"@id\":\"https:\/\/vieassociative.be\/actualites\/nuit-lumineuse-de-la-technologie-journee-portes-ouvertes-au-rsi-eupen\/#primaryimage\"},\"thumbnailUrl\":\"https:\/\/vieassociative.be\/actualites\/wp-content\/uploads\/2025\/01\/1737490651_Nuit-Lumineuse-de-la-Technologie-\u2013-Journee-Portes-Ouvertes-au.jpg\",\"datePublished\":\"2025-01-21T20:17:31+00:00\",\"dateModified\":\"2025-01-21T20:17:31+00:00\",\"breadcrumb\":{\"@id\":\"https:\/\/vieassociative.be\/actualites\/nuit-lumineuse-de-la-technologie-journee-portes-ouvertes-au-rsi-eupen\/#breadcrumb\"},\"inLanguage\":\"fr-BE\",\"potentialAction\":[{\"@type\":\"ReadAction\",\"target\":[\"https:\/\/vieassociative.be\/actualites\/nuit-lumineuse-de-la-technologie-journee-portes-ouvertes-au-rsi-eupen\/\"]}]},{\"@type\":\"ImageObject\",\"inLanguage\":\"fr-BE\",\"@id\":\"https:\/\/vieassociative.be\/actualites\/nuit-lumineuse-de-la-technologie-journee-portes-ouvertes-au-rsi-eupen\/#primaryimage\",\"url\":\"https:\/\/vieassociative.be\/actualites\/wp-content\/uploads\/2025\/01\/1737490651_Nuit-Lumineuse-de-la-Technologie-\u2013-Journee-Portes-Ouvertes-au.jpg\",\"contentUrl\":\"https:\/\/vieassociative.be\/actualites\/wp-content\/uploads\/2025\/01\/1737490651_Nuit-Lumineuse-de-la-Technologie-\u2013-Journee-Portes-Ouvertes-au.jpg\",\"width\":1548,\"height\":1032,\"caption\":\"Nuit Lumineuse de la Technologie \u2013 Journ\u00e9e Portes Ouvertes au RSI Eupen\"},{\"@type\":\"BreadcrumbList\",\"@id\":\"https:\/\/vieassociative.be\/actualites\/nuit-lumineuse-de-la-technologie-journee-portes-ouvertes-au-rsi-eupen\/#breadcrumb\",\"itemListElement\":[{\"@type\":\"ListItem\",\"position\":1,\"name\":\"Accueil\",\"item\":\"https:\/\/vieassociative.be\/actualites\/\"},{\"@type\":\"ListItem\",\"position\":2,\"name\":\"Nuit Lumineuse de la Technologie \u2013 Journ\u00e9e Portes Ouvertes au RSI Eupen\"}]},{\"@type\":\"WebSite\",\"@id\":\"https:\/\/vieassociative.be\/actualites\/#website\",\"url\":\"https:\/\/vieassociative.be\/actualites\/\",\"name\":\"Vie Associative\",\"description\":\"\",\"publisher\":{\"@id\":\"https:\/\/vieassociative.be\/actualites\/#organization\"},\"potentialAction\":[{\"@type\":\"SearchAction\",\"target\":{\"@type\":\"EntryPoint\",\"urlTemplate\":\"https:\/\/vieassociative.be\/actualites\/?s={search_term_string}\"},\"query-input\":{\"@type\":\"PropertyValueSpecification\",\"valueRequired\":true,\"valueName\":\"search_term_string\"}}],\"inLanguage\":\"fr-BE\"},{\"@type\":\"Organization\",\"@id\":\"https:\/\/vieassociative.be\/actualites\/#organization\",\"name\":\"Vie Associative\",\"url\":\"https:\/\/vieassociative.be\/actualites\/\",\"logo\":{\"@type\":\"ImageObject\",\"inLanguage\":\"fr-BE\",\"@id\":\"https:\/\/vieassociative.be\/actualites\/#\/schema\/logo\/image\/\",\"url\":\"https:\/\/vieassociative.be\/actualites\/wp-content\/uploads\/2024\/09\/cropped-vieassociative_favicon.ico.png\",\"contentUrl\":\"https:\/\/vieassociative.be\/actualites\/wp-content\/uploads\/2024\/09\/cropped-vieassociative_favicon.ico.png\",\"width\":512,\"height\":512,\"caption\":\"Vie Associative\"},\"image\":{\"@id\":\"https:\/\/vieassociative.be\/actualites\/#\/schema\/logo\/image\/\"}},{\"@type\":\"Person\",\"@id\":\"https:\/\/vieassociative.be\/actualites\/#\/schema\/person\/b87ac4f82f9d4e7b7cec7395b679edc4\",\"name\":\"Julien\",\"image\":{\"@type\":\"ImageObject\",\"inLanguage\":\"fr-BE\",\"@id\":\"https:\/\/vieassociative.be\/actualites\/#\/schema\/person\/image\/\",\"url\":\"https:\/\/vieassociative.be\/actualites\/wp-content\/uploads\/2024\/09\/vie-associative-1-150x150.jpg\",\"contentUrl\":\"https:\/\/vieassociative.be\/actualites\/wp-content\/uploads\/2024\/09\/vie-associative-1-150x150.jpg\",\"caption\":\"Julien\"},\"description\":\"Je suis Julien, r\u00e9dacteur pour Vie Associative. Passionn\u00e9 par le monde associatif depuis plus de 10 ans, j'ai \u00e0 c\u0153ur de partager des histoires inspirantes et de mettre en lumi\u00e8re les initiatives locales. Mon objectif est de sensibiliser et d'encourager l'engagement communautaire \u00e0 travers mes articles.\",\"sameAs\":[\"https:\/\/vieassociative.be\/\"]}]}<\/script>\n<!-- \/ Yoast SEO plugin. -->","yoast_head_json":{"title":"Nuit Lumineuse de la Technologie \u2013 Journ\u00e9e Portes Ouvertes au RSI Eupen | Vie Associative","robots":{"index":"index","follow":"follow","max-snippet":"max-snippet:-1","max-image-preview":"max-image-preview:large","max-video-preview":"max-video-preview:-1"},"canonical":"https:\/\/vieassociative.be\/actualites\/nuit-lumineuse-de-la-technologie-journee-portes-ouvertes-au-rsi-eupen\/","og_locale":"fr_FR","og_type":"article","og_title":"Nuit Lumineuse de la Technologie \u2013 Journ\u00e9e Portes Ouvertes au RSI Eupen | Vie Associative","og_description":"Le 1er f\u00e9vrier, l&rsquo;Institut Robert Schuman (RSI) Eupen invite toutes les personnes int\u00e9ress\u00e9es \u00e0 sa journ\u00e9e portes ouvertes. L&rsquo;ensemble de la communaut\u00e9 scolaire pr\u00e9sente un","og_url":"https:\/\/vieassociative.be\/actualites\/nuit-lumineuse-de-la-technologie-journee-portes-ouvertes-au-rsi-eupen\/","og_site_name":"Vie Associative","article_published_time":"2025-01-21T20:17:31+00:00","og_image":[{"width":279,"height":92,"url":"https:\/\/vieassociative.be\/actualites\/wp-content\/uploads\/2024\/09\/header_backgroundk-01-e1726694325946.png","type":"image\/png"}],"author":"Julien","twitter_card":"summary_large_image","twitter_misc":{"\u00c9crit par":"Julien","Dur\u00e9e de lecture est.":"2 minutes"},"schema":{"@context":"https:\/\/schema.org","@graph":[{"@type":"Article","@id":"https:\/\/vieassociative.be\/actualites\/nuit-lumineuse-de-la-technologie-journee-portes-ouvertes-au-rsi-eupen\/#article","isPartOf":{"@id":"https:\/\/vieassociative.be\/actualites\/nuit-lumineuse-de-la-technologie-journee-portes-ouvertes-au-rsi-eupen\/"},"author":{"name":"Julien","@id":"https:\/\/vieassociative.be\/actualites\/#\/schema\/person\/b87ac4f82f9d4e7b7cec7395b679edc4"},"headline":"Nuit Lumineuse de la Technologie \u2013 Journ\u00e9e Portes Ouvertes au RSI Eupen","datePublished":"2025-01-21T20:17:31+00:00","dateModified":"2025-01-21T20:17:31+00:00","mainEntityOfPage":{"@id":"https:\/\/vieassociative.be\/actualites\/nuit-lumineuse-de-la-technologie-journee-portes-ouvertes-au-rsi-eupen\/"},"wordCount":377,"publisher":{"@id":"https:\/\/vieassociative.be\/actualites\/#organization"},"image":{"@id":"https:\/\/vieassociative.be\/actualites\/nuit-lumineuse-de-la-technologie-journee-portes-ouvertes-au-rsi-eupen\/#primaryimage"},"thumbnailUrl":"https:\/\/vieassociative.be\/actualites\/wp-content\/uploads\/2025\/01\/1737490651_Nuit-Lumineuse-de-la-Technologie-\u2013-Journee-Portes-Ouvertes-au.jpg","keywords":["Eupen","journ\u00e9e","Lumineuse","nuit","Ouvertes","Portes","RSI","technologie"],"articleSection":["Belgique"],"inLanguage":"fr-BE"},{"@type":"WebPage","@id":"https:\/\/vieassociative.be\/actualites\/nuit-lumineuse-de-la-technologie-journee-portes-ouvertes-au-rsi-eupen\/","url":"https:\/\/vieassociative.be\/actualites\/nuit-lumineuse-de-la-technologie-journee-portes-ouvertes-au-rsi-eupen\/","name":"Nuit Lumineuse de la Technologie \u2013 Journ\u00e9e Portes Ouvertes au RSI Eupen | Vie Associative","isPartOf":{"@id":"https:\/\/vieassociative.be\/actualites\/#website"},"primaryImageOfPage":{"@id":"https:\/\/vieassociative.be\/actualites\/nuit-lumineuse-de-la-technologie-journee-portes-ouvertes-au-rsi-eupen\/#primaryimage"},"image":{"@id":"https:\/\/vieassociative.be\/actualites\/nuit-lumineuse-de-la-technologie-journee-portes-ouvertes-au-rsi-eupen\/#primaryimage"},"thumbnailUrl":"https:\/\/vieassociative.be\/actualites\/wp-content\/uploads\/2025\/01\/1737490651_Nuit-Lumineuse-de-la-Technologie-\u2013-Journee-Portes-Ouvertes-au.jpg","datePublished":"2025-01-21T20:17:31+00:00","dateModified":"2025-01-21T20:17:31+00:00","breadcrumb":{"@id":"https:\/\/vieassociative.be\/actualites\/nuit-lumineuse-de-la-technologie-journee-portes-ouvertes-au-rsi-eupen\/#breadcrumb"},"inLanguage":"fr-BE","potentialAction":[{"@type":"ReadAction","target":["https:\/\/vieassociative.be\/actualites\/nuit-lumineuse-de-la-technologie-journee-portes-ouvertes-au-rsi-eupen\/"]}]},{"@type":"ImageObject","inLanguage":"fr-BE","@id":"https:\/\/vieassociative.be\/actualites\/nuit-lumineuse-de-la-technologie-journee-portes-ouvertes-au-rsi-eupen\/#primaryimage","url":"https:\/\/vieassociative.be\/actualites\/wp-content\/uploads\/2025\/01\/1737490651_Nuit-Lumineuse-de-la-Technologie-\u2013-Journee-Portes-Ouvertes-au.jpg","contentUrl":"https:\/\/vieassociative.be\/actualites\/wp-content\/uploads\/2025\/01\/1737490651_Nuit-Lumineuse-de-la-Technologie-\u2013-Journee-Portes-Ouvertes-au.jpg","width":1548,"height":1032,"caption":"Nuit Lumineuse de la Technologie \u2013 Journ\u00e9e Portes Ouvertes au RSI Eupen"},{"@type":"BreadcrumbList","@id":"https:\/\/vieassociative.be\/actualites\/nuit-lumineuse-de-la-technologie-journee-portes-ouvertes-au-rsi-eupen\/#breadcrumb","itemListElement":[{"@type":"ListItem","position":1,"name":"Accueil","item":"https:\/\/vieassociative.be\/actualites\/"},{"@type":"ListItem","position":2,"name":"Nuit Lumineuse de la Technologie \u2013 Journ\u00e9e Portes Ouvertes au RSI Eupen"}]},{"@type":"WebSite","@id":"https:\/\/vieassociative.be\/actualites\/#website","url":"https:\/\/vieassociative.be\/actualites\/","name":"Vie Associative","description":"","publisher":{"@id":"https:\/\/vieassociative.be\/actualites\/#organization"},"potentialAction":[{"@type":"SearchAction","target":{"@type":"EntryPoint","urlTemplate":"https:\/\/vieassociative.be\/actualites\/?s={search_term_string}"},"query-input":{"@type":"PropertyValueSpecification","valueRequired":true,"valueName":"search_term_string"}}],"inLanguage":"fr-BE"},{"@type":"Organization","@id":"https:\/\/vieassociative.be\/actualites\/#organization","name":"Vie Associative","url":"https:\/\/vieassociative.be\/actualites\/","logo":{"@type":"ImageObject","inLanguage":"fr-BE","@id":"https:\/\/vieassociative.be\/actualites\/#\/schema\/logo\/image\/","url":"https:\/\/vieassociative.be\/actualites\/wp-content\/uploads\/2024\/09\/cropped-vieassociative_favicon.ico.png","contentUrl":"https:\/\/vieassociative.be\/actualites\/wp-content\/uploads\/2024\/09\/cropped-vieassociative_favicon.ico.png","width":512,"height":512,"caption":"Vie Associative"},"image":{"@id":"https:\/\/vieassociative.be\/actualites\/#\/schema\/logo\/image\/"}},{"@type":"Person","@id":"https:\/\/vieassociative.be\/actualites\/#\/schema\/person\/b87ac4f82f9d4e7b7cec7395b679edc4","name":"Julien","image":{"@type":"ImageObject","inLanguage":"fr-BE","@id":"https:\/\/vieassociative.be\/actualites\/#\/schema\/person\/image\/","url":"https:\/\/vieassociative.be\/actualites\/wp-content\/uploads\/2024\/09\/vie-associative-1-150x150.jpg","contentUrl":"https:\/\/vieassociative.be\/actualites\/wp-content\/uploads\/2024\/09\/vie-associative-1-150x150.jpg","caption":"Julien"},"description":"Je suis Julien, r\u00e9dacteur pour Vie Associative. Passionn\u00e9 par le monde associatif depuis plus de 10 ans, j'ai \u00e0 c\u0153ur de partager des histoires inspirantes et de mettre en lumi\u00e8re les initiatives locales. Mon objectif est de sensibiliser et d'encourager l'engagement communautaire \u00e0 travers mes articles.","sameAs":["https:\/\/vieassociative.be\/"]}]}},"_links":{"self":[{"href":"https:\/\/vieassociative.be\/actualites\/wp-json\/wp\/v2\/posts\/4490"}],"collection":[{"href":"https:\/\/vieassociative.be\/actualites\/wp-json\/wp\/v2\/posts"}],"about":[{"href":"https:\/\/vieassociative.be\/actualites\/wp-json\/wp\/v2\/types\/post"}],"author":[{"embeddable":true,"href":"https:\/\/vieassociative.be\/actualites\/wp-json\/wp\/v2\/users\/1"}],"replies":[{"embeddable":true,"href":"https:\/\/vieassociative.be\/actualites\/wp-json\/wp\/v2\/comments?post=4490"}],"version-history":[{"count":0,"href":"https:\/\/vieassociative.be\/actualites\/wp-json\/wp\/v2\/posts\/4490\/revisions"}],"wp:featuredmedia":[{"embeddable":true,"href":"https:\/\/vieassociative.be\/actualites\/wp-json\/wp\/v2\/media\/4491"}],"wp:attachment":[{"href":"https:\/\/vieassociative.be\/actualites\/wp-json\/wp\/v2\/media?parent=4490"}],"wp:term":[{"taxonomy":"category","embeddable":true,"href":"https:\/\/vieassociative.be\/actualites\/wp-json\/wp\/v2\/categories?post=4490"},{"taxonomy":"post_tag","embeddable":true,"href":"https:\/\/vieassociative.be\/actualites\/wp-json\/wp\/v2\/tags?post=4490"}],"curies":[{"name":"wp","href":"https:\/\/api.w.org\/{rel}","templated":true}]}}