{"id":4488,"date":"2025-01-21T20:17:41","date_gmt":"2025-01-21T19:17:41","guid":{"rendered":"https:\/\/vieassociative.be\/actualites\/letat-actuel-de-linterdiction-de-tiktok\/"},"modified":"2025-01-21T20:17:41","modified_gmt":"2025-01-21T19:17:41","slug":"letat-actuel-de-linterdiction-de-tiktok","status":"publish","type":"post","link":"https:\/\/vieassociative.be\/actualites\/letat-actuel-de-linterdiction-de-tiktok\/","title":{"rendered":"L&rsquo;\u00e9tat actuel de l&rsquo;interdiction de TikTok"},"content":{"rendered":"<div class=\"mt-4 leading-6 md:mb-8\">\u00c7a a \u00e9t\u00e9 une aventure folle, les amis.<\/div>\n<p><\/p>\n<p>L\u2019interdiction de TikTok a \u00e9t\u00e9 pour le moins des montagnes russes. L&rsquo;application est-elle interdite ? L&rsquo;application est-elle enregistr\u00e9e\u00a0? Que se passe-t-il ? Ce sont les questions que tout le monde se pose, et il existe des r\u00e9ponses, du moins \u00e0 certaines d&rsquo;entre elles. <\/p>\n<p>D\u00e9composons les derniers jours, pour mettre tout le monde au courant de ce qui se passe avec TikTok. <\/p>\n<h2 id=\"how-did-we-get-here\">Comment en sommes-nous arriv\u00e9s l\u00e0 ?<\/h2>\n<p>Pour r\u00e9capituler tr\u00e8s bri\u00e8vement, le gouvernement s\u2019efforce d\u2019interdire TikTok depuis la premi\u00e8re administration Trump. L&rsquo;ann\u00e9e derni\u00e8re, le Congr\u00e8s et l&rsquo;administration Biden ont adopt\u00e9 une loi qui interdirait effectivement TikTok aux \u00c9tats-Unis, \u00e0 moins que ByteDance ne c\u00e8de sa participation dans l&rsquo;application d&rsquo;ici le 19 janvier. ByteDance a insist\u00e9 sur le fait qu&rsquo;elle ne se vendrait pas, et \u00e0 mesure que la date limite approchait, les choses ont chauff\u00e9. TikTok s&rsquo;est adress\u00e9 \u00e0 la Cour supr\u00eame pour faire valoir que l&rsquo;interdiction violait les droits de l&rsquo;entreprise li\u00e9s au premier amendement, mais SCOTUS a statu\u00e9 en faveur du gouvernement. <\/p>\n<p>Avec cette d\u00e9faite finale, TikTok a jur\u00e9 que tout s\u2019\u00e9teindrait \u00e0 moins que l\u2019administration Biden n\u2019intervienne pour bloquer l\u2019interdiction. L\u2019administration a cependant signal\u00e9 le probl\u00e8me \u00e0 la nouvelle administration Trump, affirmant que l\u2019administration Biden n\u2019appliquerait pas la loi et que TikTok n\u2019avait aucune raison d\u2019agir avant cette date. Entre-temps, nous avons appris que Trump envisageait de signer un d\u00e9cret pour prolonger le d\u00e9lai d&rsquo;interdiction, ce qui semblait conforme \u00e0 la position de l&rsquo;administration Biden. <\/p>\n<h2 id=\"saturday-jan-18\">Samedi 18 janvier<\/h2>\n<p>Cela nous am\u00e8ne \u00e0 samedi, un jour avant l\u2019entr\u00e9e en vigueur de l\u2019interdiction. Tous les regards \u00e9taient riv\u00e9s sur la situation, puisque personne ne savait vraiment ce qui se passerait une fois arriv\u00e9s au 19 janvier aux \u00c9tats-Unis. La loi est tr\u00e8s claire : une fois la date limite pass\u00e9e, aucune entreprise ne pourra distribuer, maintenir ou mettre \u00e0 jour TikTok ou ses services. il \u00e9tait donc raisonnable de penser que TikTok dispara\u00eetrait des magasins d\u2019applications du pays. <\/p>\n<p>Cependant, le libell\u00e9 de la loi \u00e9tait moins clair quant \u00e0 savoir si TikTok pouvait continuer \u00e0 op\u00e9rer aux \u00c9tats-Unis. Les entreprises ne peuvent pas fournir de services d\u2019h\u00e9bergement Internet pour distribuer, maintenir ou mettre \u00e0 jour TikTok, mais cela inclut-il \u00e9galement l\u2019h\u00e9bergement ? L\u2019administration Biden ne semblait pas le penser, c\u2019est pourquoi elle a repouss\u00e9 les menaces de TikTok de s\u2019\u00e9teindre. Selon l\u2019administration, TikTok devrait continuer \u00e0 fonctionner normalement (sans toutefois pouvoir accueillir de nouveaux utilisateurs) et attendre que l\u2019administration Trump g\u00e8re la situation.<\/p>\n<p>Eh bien, TikTok n&rsquo;a pas fait \u00e7a. Au lieu de cela, l\u2019application est devenue totalement sombre samedi soir, au moins une heure et demie avant que la date limite ne soit officielle. Les utilisateurs essayant d\u2019acc\u00e9der \u00e0 l\u2019application ont \u00e9t\u00e9 accueillis par un message les informant que l\u2019application \u00e9tait interdite dans leur pays et qu\u2019ils ne pouvaient pas l\u2019utiliser pour le moment. Peu de temps apr\u00e8s, cependant, la fen\u00eatre contextuelle a \u00e9t\u00e9 mise \u00e0 jour pour inclure un appel au nouveau pr\u00e9sident Trump : \u00ab Une loi interdisant TikTok a \u00e9t\u00e9 promulgu\u00e9e aux \u00c9tats-Unis. Malheureusement, cela signifie que vous ne pouvez pas utiliser TikTok pour le moment. Nous avons de la chance que le pr\u00e9sident Trump a indiqu\u00e9 qu&rsquo;il travaillerait avec nous sur une solution pour r\u00e9tablir TikTok une fois qu&rsquo;il prendra ses fonctions. \u00bb Assez subtil, TikTok.<\/p>\n<p>L\u2019application \u00e9tant d\u00e9sormais sombre aux \u00c9tats-Unis, les utilisateurs se sont tourn\u00e9s vers des m\u00e9thodes alternatives pour tenter d\u2019acc\u00e9der \u00e0 TikTok. J&rsquo;avais \u00e9crit sur la fa\u00e7on dont un VPN devrait th\u00e9oriquement contourner l&rsquo;interdiction, car cela donnerait l&rsquo;impression que votre trafic Internet provient d&rsquo;un pays autorisant l&rsquo;application. Cependant, TikTok avait pr\u00e9vu que les utilisateurs feraient cela et a d\u00e9cid\u00e9 de bloquer enti\u00e8rement le trafic des comptes am\u00e9ricains. La seule fa\u00e7on pour moi d&rsquo;acc\u00e9der \u00e0 TikTok via VPN \u00e9tait via Safari, et il \u00e9tait tr\u00e8s pr\u00e9cis de savoir quels pays fonctionneraient. (L&rsquo;acheminement de mon trafic via le Japon, par exemple, renvoyait une erreur, mais lorsque j&rsquo;utilisais la Roumanie, cela fonctionnait bien.)<\/p>\n<h2 id=\"sunday-jan-19\">Dimanche 19 janvier<\/h2>\n<p>TikTok est rest\u00e9 sombre jusqu\u2019au dimanche matin et en d\u00e9but d\u2019apr\u00e8s-midi. On ne savait pas exactement \u00e0 quoi ressemblerait le calendrier : Trump pr\u00eatait serment le lendemain, alors TikTok attendrait-il un d\u00e9cret th\u00e9orique avant de reprendre du service ?<\/p>\n<p>La r\u00e9ponse \u00e9tait non : un jour avant son entr\u00e9e en fonction, Trump a commenc\u00e9 \u00e0 dire que \u00ab nous devons sauver (TikTok) \u00bb. De toute \u00e9vidence, cela suffisait pour TikTok, qui a commenc\u00e9 \u00e0 revenir en ligne pour les utilisateurs am\u00e9ricains \u00e0 partir de 13 h HE. L\u2019affaire enti\u00e8re a dur\u00e9 moins de 15 heures, mais elle a montr\u00e9 ce que TikTok pensait \u00e0 la fois de l\u2019administration Biden sortante et de l\u2019administration Trump entrante. <\/p>\n<h2 id=\"monday-jan-20\">Lundi 20 janvier<\/h2>\n<p>Bien s\u00fbr, Trump a pr\u00eat\u00e9 serment lundi, retournant \u00e0 la Maison Blanche et reprenant le pouvoir de la pr\u00e9sidence. (Le PDG de TikTok, Shou Chew, \u00e9tait pr\u00e9sent.) Dans le cadre d&rsquo;une vague de d\u00e9crets apr\u00e8s l&rsquo;inauguration, Trump a \u00e9mis une ordonnance retardant l&rsquo;interdiction de TikTok de 75 jours. L\u2019ordonnance ordonne au minist\u00e8re de la Justice de ne pas appliquer la loi pendant cette p\u00e9riode, dans le but de trouver un acheteur pour TikTok. ByteDance et la Chine sont toutes deux rest\u00e9es fermes sur le fait que TikTok ne serait pas vendu, mais apr\u00e8s l&rsquo;investiture de Trump, cette derni\u00e8re a montr\u00e9 un int\u00e9r\u00eat potentiel pour la vente. <\/p>\n<h2 id=\"tuesday-jan-21\">Mardi 21 janvier<\/h2>\n<p>La situation est en grande partie la m\u00eame que mardi, \u00e0 l\u2019exception d\u2019un \u00e9v\u00e9nement cl\u00e9 : Trump semble menacer la Chine de droits de douane si elle fait obstacle \u00e0 un accord d\u2019achat de TikTok. Plus pr\u00e9cis\u00e9ment, a d\u00e9clar\u00e9 Trump, \u00ab parce que nous imposerions des droits de douane \u00e0 la Chine\u2026 Je ne dis pas que nous le ferions, mais nous pourrions certainement le faire. \u00bb<\/p>\n<h2 id=\"where-do-we-go-from-here\">O\u00f9 allons-nous \u00e0 partir d\u2019ici ?<\/h2>\n<p>Cette situation sans pr\u00e9c\u00e9dent a certainement \u00e9t\u00e9 volatile. C\u2019est Trump lui-m\u00eame qui a voulu interdire TikTok lors de son premier mandat. Maintenant, lui et TikTok veulent transformer la situation pour faire de Trump un \u00ab sauveur \u00bb.  <\/p>\n<p>Mais TikTok est loin d\u2019\u00eatre tir\u00e9 d\u2019affaire ici. Apple et Google n&rsquo;ont pas restaur\u00e9 TikTok (ni aucune de ses autres propri\u00e9t\u00e9s, comme CapCut), et il ne semble pas clair qu&rsquo;ils le feront tant que la situation juridique de l&rsquo;entreprise est en \u00e9volution. En parlant de cela, \u00ab l\u2019interdiction \u00bb de TikTok est toujours en vigueur : on ne sait vraiment pas quel pouvoir Trump a en tant que pr\u00e9sident pour prolonger le d\u00e9lai ici, alors que la loi est entr\u00e9e en vigueur un jour avant son entr\u00e9e en fonction. La loi donne au pr\u00e9sident la possibilit\u00e9 de prolonger le d\u00e9lai de 90 jours si ByteDance cherchait activement \u00e0 se d\u00e9sinvestir, mais le d\u00e9lai est d\u00e9pass\u00e9, alors qu&rsquo;est-ce que cela signifie pour Trump ?<\/p>\n<p>Trump a d\u00e9clar\u00e9 qu\u2019il souhaitait qu\u2019une entreprise am\u00e9ricaine d\u00e9tienne une participation de 50 % dans TikTok. Ce n&rsquo;est pas aussi strict que la loi originale, qui veut qu&rsquo;une entreprise bas\u00e9e aux \u00c9tats-Unis contr\u00f4le totalement l&rsquo;application. Peut-\u00eatre que ce type d&rsquo;accord s\u00e9duirait davantage ByteDance ou le gouvernement chinois, qui r\u00e9cup\u00e9rerait quand m\u00eame la moiti\u00e9 des actifs.<\/p>\n<p>Nous savons d\u00e9sormais \u00e0 quoi ressemble une interdiction de TikTok aux \u00c9tats-Unis : TikTok devient sombre, les utilisateurs ne peuvent pas acc\u00e9der \u00e0 leurs comptes s&rsquo;ils ont \u00e9t\u00e9 cr\u00e9\u00e9s dans ce pays et les VPN semblent fonctionner principalement sur le Web. La question est maintenant de savoir si nous verrons une v\u00e9ritable interdiction se produire plus tard cette ann\u00e9e, ou si nous verrons ByteDance vendre une partie ou la totalit\u00e9 de l&rsquo;application \u00e0 la place.<\/p>\n<p>Je garderai cet article \u00e0 jour avec les derni\u00e8res nouvelles concernant l&rsquo;interdiction de TikTok. Pour l&rsquo;instant, vous pouvez continuer \u00e0 l&rsquo;utiliser normalement, en supposant que vous ayez t\u00e9l\u00e9charg\u00e9 l&rsquo;application avant samedi soir.<\/p>\n","protected":false},"excerpt":{"rendered":"<p>\u00c7a a \u00e9t\u00e9 une aventure folle, les amis. L\u2019interdiction de TikTok a \u00e9t\u00e9 pour le moins des montagnes russes. L&rsquo;application est-elle interdite ? L&rsquo;application est-elle<\/p>\n","protected":false},"author":1,"featured_media":4489,"comment_status":"","ping_status":"","sticky":false,"template":"","format":"standard","meta":{"footnotes":""},"categories":[13],"tags":[4879,4878,4830,75],"class_list":["post-4488","post","type-post","status-publish","format-standard","has-post-thumbnail","hentry","category-technologie","tag-actuel","tag-letat","tag-linterdiction","tag-tiktok","generate-columns","tablet-grid-50","mobile-grid-100","grid-parent","grid-33"],"yoast_head":"<!-- This site is optimized with the Yoast SEO plugin v24.0 - https:\/\/yoast.com\/wordpress\/plugins\/seo\/ -->\n<title>L&#039;\u00e9tat actuel de l&#039;interdiction de TikTok | Vie Associative<\/title>\n<meta name=\"robots\" content=\"index, follow, max-snippet:-1, max-image-preview:large, max-video-preview:-1\" \/>\n<link rel=\"canonical\" href=\"https:\/\/vieassociative.be\/actualites\/letat-actuel-de-linterdiction-de-tiktok\/\" \/>\n<meta property=\"og:locale\" content=\"fr_FR\" \/>\n<meta property=\"og:type\" content=\"article\" \/>\n<meta property=\"og:title\" content=\"L&#039;\u00e9tat actuel de l&#039;interdiction de TikTok | Vie Associative\" \/>\n<meta property=\"og:description\" content=\"\u00c7a a \u00e9t\u00e9 une aventure folle, les amis. L\u2019interdiction de TikTok a \u00e9t\u00e9 pour le moins des montagnes russes. L&rsquo;application est-elle interdite ? L&rsquo;application est-elle\" \/>\n<meta property=\"og:url\" content=\"https:\/\/vieassociative.be\/actualites\/letat-actuel-de-linterdiction-de-tiktok\/\" \/>\n<meta property=\"og:site_name\" content=\"Vie Associative\" \/>\n<meta property=\"article:published_time\" content=\"2025-01-21T19:17:41+00:00\" \/>\n<meta property=\"og:image\" content=\"https:\/\/vieassociative.be\/actualites\/wp-content\/uploads\/2024\/09\/header_backgroundk-01-e1726694325946.png\" \/>\n\t<meta property=\"og:image:width\" content=\"279\" \/>\n\t<meta property=\"og:image:height\" content=\"92\" \/>\n\t<meta property=\"og:image:type\" content=\"image\/png\" \/>\n<meta name=\"author\" content=\"Julien\" \/>\n<meta name=\"twitter:card\" content=\"summary_large_image\" \/>\n<meta name=\"twitter:label1\" content=\"\u00c9crit par\" \/>\n\t<meta name=\"twitter:data1\" content=\"Julien\" \/>\n\t<meta name=\"twitter:label2\" content=\"Dur\u00e9e de lecture est.\" \/>\n\t<meta name=\"twitter:data2\" content=\"7 minutes\" \/>\n<script type=\"application\/ld+json\" class=\"yoast-schema-graph\">{\"@context\":\"https:\/\/schema.org\",\"@graph\":[{\"@type\":\"Article\",\"@id\":\"https:\/\/vieassociative.be\/actualites\/letat-actuel-de-linterdiction-de-tiktok\/#article\",\"isPartOf\":{\"@id\":\"https:\/\/vieassociative.be\/actualites\/letat-actuel-de-linterdiction-de-tiktok\/\"},\"author\":{\"name\":\"Julien\",\"@id\":\"https:\/\/vieassociative.be\/actualites\/#\/schema\/person\/b87ac4f82f9d4e7b7cec7395b679edc4\"},\"headline\":\"L&rsquo;\u00e9tat actuel de l&rsquo;interdiction de TikTok\",\"datePublished\":\"2025-01-21T19:17:41+00:00\",\"dateModified\":\"2025-01-21T19:17:41+00:00\",\"mainEntityOfPage\":{\"@id\":\"https:\/\/vieassociative.be\/actualites\/letat-actuel-de-linterdiction-de-tiktok\/\"},\"wordCount\":1419,\"publisher\":{\"@id\":\"https:\/\/vieassociative.be\/actualites\/#organization\"},\"image\":{\"@id\":\"https:\/\/vieassociative.be\/actualites\/letat-actuel-de-linterdiction-de-tiktok\/#primaryimage\"},\"thumbnailUrl\":\"https:\/\/vieassociative.be\/actualites\/wp-content\/uploads\/2025\/01\/Letat-actuel-de-linterdiction-de-TikTok.png\",\"keywords\":[\"actuel\",\"L\u00e9tat\",\"linterdiction\",\"TikTok\"],\"articleSection\":[\"Technologie\"],\"inLanguage\":\"fr-BE\"},{\"@type\":\"WebPage\",\"@id\":\"https:\/\/vieassociative.be\/actualites\/letat-actuel-de-linterdiction-de-tiktok\/\",\"url\":\"https:\/\/vieassociative.be\/actualites\/letat-actuel-de-linterdiction-de-tiktok\/\",\"name\":\"L'\u00e9tat actuel de l'interdiction de TikTok | Vie Associative\",\"isPartOf\":{\"@id\":\"https:\/\/vieassociative.be\/actualites\/#website\"},\"primaryImageOfPage\":{\"@id\":\"https:\/\/vieassociative.be\/actualites\/letat-actuel-de-linterdiction-de-tiktok\/#primaryimage\"},\"image\":{\"@id\":\"https:\/\/vieassociative.be\/actualites\/letat-actuel-de-linterdiction-de-tiktok\/#primaryimage\"},\"thumbnailUrl\":\"https:\/\/vieassociative.be\/actualites\/wp-content\/uploads\/2025\/01\/Letat-actuel-de-linterdiction-de-TikTok.png\",\"datePublished\":\"2025-01-21T19:17:41+00:00\",\"dateModified\":\"2025-01-21T19:17:41+00:00\",\"breadcrumb\":{\"@id\":\"https:\/\/vieassociative.be\/actualites\/letat-actuel-de-linterdiction-de-tiktok\/#breadcrumb\"},\"inLanguage\":\"fr-BE\",\"potentialAction\":[{\"@type\":\"ReadAction\",\"target\":[\"https:\/\/vieassociative.be\/actualites\/letat-actuel-de-linterdiction-de-tiktok\/\"]}]},{\"@type\":\"ImageObject\",\"inLanguage\":\"fr-BE\",\"@id\":\"https:\/\/vieassociative.be\/actualites\/letat-actuel-de-linterdiction-de-tiktok\/#primaryimage\",\"url\":\"https:\/\/vieassociative.be\/actualites\/wp-content\/uploads\/2025\/01\/Letat-actuel-de-linterdiction-de-TikTok.png\",\"contentUrl\":\"https:\/\/vieassociative.be\/actualites\/wp-content\/uploads\/2025\/01\/Letat-actuel-de-linterdiction-de-TikTok.png\",\"width\":1200,\"height\":675,\"caption\":\"L'\u00e9tat actuel de l'interdiction de TikTok\"},{\"@type\":\"BreadcrumbList\",\"@id\":\"https:\/\/vieassociative.be\/actualites\/letat-actuel-de-linterdiction-de-tiktok\/#breadcrumb\",\"itemListElement\":[{\"@type\":\"ListItem\",\"position\":1,\"name\":\"Accueil\",\"item\":\"https:\/\/vieassociative.be\/actualites\/\"},{\"@type\":\"ListItem\",\"position\":2,\"name\":\"L&rsquo;\u00e9tat actuel de l&rsquo;interdiction de TikTok\"}]},{\"@type\":\"WebSite\",\"@id\":\"https:\/\/vieassociative.be\/actualites\/#website\",\"url\":\"https:\/\/vieassociative.be\/actualites\/\",\"name\":\"Vie Associative\",\"description\":\"\",\"publisher\":{\"@id\":\"https:\/\/vieassociative.be\/actualites\/#organization\"},\"potentialAction\":[{\"@type\":\"SearchAction\",\"target\":{\"@type\":\"EntryPoint\",\"urlTemplate\":\"https:\/\/vieassociative.be\/actualites\/?s={search_term_string}\"},\"query-input\":{\"@type\":\"PropertyValueSpecification\",\"valueRequired\":true,\"valueName\":\"search_term_string\"}}],\"inLanguage\":\"fr-BE\"},{\"@type\":\"Organization\",\"@id\":\"https:\/\/vieassociative.be\/actualites\/#organization\",\"name\":\"Vie Associative\",\"url\":\"https:\/\/vieassociative.be\/actualites\/\",\"logo\":{\"@type\":\"ImageObject\",\"inLanguage\":\"fr-BE\",\"@id\":\"https:\/\/vieassociative.be\/actualites\/#\/schema\/logo\/image\/\",\"url\":\"https:\/\/vieassociative.be\/actualites\/wp-content\/uploads\/2024\/09\/cropped-vieassociative_favicon.ico.png\",\"contentUrl\":\"https:\/\/vieassociative.be\/actualites\/wp-content\/uploads\/2024\/09\/cropped-vieassociative_favicon.ico.png\",\"width\":512,\"height\":512,\"caption\":\"Vie Associative\"},\"image\":{\"@id\":\"https:\/\/vieassociative.be\/actualites\/#\/schema\/logo\/image\/\"}},{\"@type\":\"Person\",\"@id\":\"https:\/\/vieassociative.be\/actualites\/#\/schema\/person\/b87ac4f82f9d4e7b7cec7395b679edc4\",\"name\":\"Julien\",\"image\":{\"@type\":\"ImageObject\",\"inLanguage\":\"fr-BE\",\"@id\":\"https:\/\/vieassociative.be\/actualites\/#\/schema\/person\/image\/\",\"url\":\"https:\/\/vieassociative.be\/actualites\/wp-content\/uploads\/2024\/09\/vie-associative-1-150x150.jpg\",\"contentUrl\":\"https:\/\/vieassociative.be\/actualites\/wp-content\/uploads\/2024\/09\/vie-associative-1-150x150.jpg\",\"caption\":\"Julien\"},\"description\":\"Je suis Julien, r\u00e9dacteur pour Vie Associative. Passionn\u00e9 par le monde associatif depuis plus de 10 ans, j'ai \u00e0 c\u0153ur de partager des histoires inspirantes et de mettre en lumi\u00e8re les initiatives locales. Mon objectif est de sensibiliser et d'encourager l'engagement communautaire \u00e0 travers mes articles.\",\"sameAs\":[\"https:\/\/vieassociative.be\/\"]}]}<\/script>\n<!-- \/ Yoast SEO plugin. -->","yoast_head_json":{"title":"L'\u00e9tat actuel de l'interdiction de TikTok | Vie Associative","robots":{"index":"index","follow":"follow","max-snippet":"max-snippet:-1","max-image-preview":"max-image-preview:large","max-video-preview":"max-video-preview:-1"},"canonical":"https:\/\/vieassociative.be\/actualites\/letat-actuel-de-linterdiction-de-tiktok\/","og_locale":"fr_FR","og_type":"article","og_title":"L'\u00e9tat actuel de l'interdiction de TikTok | Vie Associative","og_description":"\u00c7a a \u00e9t\u00e9 une aventure folle, les amis. L\u2019interdiction de TikTok a \u00e9t\u00e9 pour le moins des montagnes russes. L&rsquo;application est-elle interdite ? L&rsquo;application est-elle","og_url":"https:\/\/vieassociative.be\/actualites\/letat-actuel-de-linterdiction-de-tiktok\/","og_site_name":"Vie Associative","article_published_time":"2025-01-21T19:17:41+00:00","og_image":[{"width":279,"height":92,"url":"https:\/\/vieassociative.be\/actualites\/wp-content\/uploads\/2024\/09\/header_backgroundk-01-e1726694325946.png","type":"image\/png"}],"author":"Julien","twitter_card":"summary_large_image","twitter_misc":{"\u00c9crit par":"Julien","Dur\u00e9e de lecture est.":"7 minutes"},"schema":{"@context":"https:\/\/schema.org","@graph":[{"@type":"Article","@id":"https:\/\/vieassociative.be\/actualites\/letat-actuel-de-linterdiction-de-tiktok\/#article","isPartOf":{"@id":"https:\/\/vieassociative.be\/actualites\/letat-actuel-de-linterdiction-de-tiktok\/"},"author":{"name":"Julien","@id":"https:\/\/vieassociative.be\/actualites\/#\/schema\/person\/b87ac4f82f9d4e7b7cec7395b679edc4"},"headline":"L&rsquo;\u00e9tat actuel de l&rsquo;interdiction de TikTok","datePublished":"2025-01-21T19:17:41+00:00","dateModified":"2025-01-21T19:17:41+00:00","mainEntityOfPage":{"@id":"https:\/\/vieassociative.be\/actualites\/letat-actuel-de-linterdiction-de-tiktok\/"},"wordCount":1419,"publisher":{"@id":"https:\/\/vieassociative.be\/actualites\/#organization"},"image":{"@id":"https:\/\/vieassociative.be\/actualites\/letat-actuel-de-linterdiction-de-tiktok\/#primaryimage"},"thumbnailUrl":"https:\/\/vieassociative.be\/actualites\/wp-content\/uploads\/2025\/01\/Letat-actuel-de-linterdiction-de-TikTok.png","keywords":["actuel","L\u00e9tat","linterdiction","TikTok"],"articleSection":["Technologie"],"inLanguage":"fr-BE"},{"@type":"WebPage","@id":"https:\/\/vieassociative.be\/actualites\/letat-actuel-de-linterdiction-de-tiktok\/","url":"https:\/\/vieassociative.be\/actualites\/letat-actuel-de-linterdiction-de-tiktok\/","name":"L'\u00e9tat actuel de l'interdiction de TikTok | Vie Associative","isPartOf":{"@id":"https:\/\/vieassociative.be\/actualites\/#website"},"primaryImageOfPage":{"@id":"https:\/\/vieassociative.be\/actualites\/letat-actuel-de-linterdiction-de-tiktok\/#primaryimage"},"image":{"@id":"https:\/\/vieassociative.be\/actualites\/letat-actuel-de-linterdiction-de-tiktok\/#primaryimage"},"thumbnailUrl":"https:\/\/vieassociative.be\/actualites\/wp-content\/uploads\/2025\/01\/Letat-actuel-de-linterdiction-de-TikTok.png","datePublished":"2025-01-21T19:17:41+00:00","dateModified":"2025-01-21T19:17:41+00:00","breadcrumb":{"@id":"https:\/\/vieassociative.be\/actualites\/letat-actuel-de-linterdiction-de-tiktok\/#breadcrumb"},"inLanguage":"fr-BE","potentialAction":[{"@type":"ReadAction","target":["https:\/\/vieassociative.be\/actualites\/letat-actuel-de-linterdiction-de-tiktok\/"]}]},{"@type":"ImageObject","inLanguage":"fr-BE","@id":"https:\/\/vieassociative.be\/actualites\/letat-actuel-de-linterdiction-de-tiktok\/#primaryimage","url":"https:\/\/vieassociative.be\/actualites\/wp-content\/uploads\/2025\/01\/Letat-actuel-de-linterdiction-de-TikTok.png","contentUrl":"https:\/\/vieassociative.be\/actualites\/wp-content\/uploads\/2025\/01\/Letat-actuel-de-linterdiction-de-TikTok.png","width":1200,"height":675,"caption":"L'\u00e9tat actuel de l'interdiction de TikTok"},{"@type":"BreadcrumbList","@id":"https:\/\/vieassociative.be\/actualites\/letat-actuel-de-linterdiction-de-tiktok\/#breadcrumb","itemListElement":[{"@type":"ListItem","position":1,"name":"Accueil","item":"https:\/\/vieassociative.be\/actualites\/"},{"@type":"ListItem","position":2,"name":"L&rsquo;\u00e9tat actuel de l&rsquo;interdiction de TikTok"}]},{"@type":"WebSite","@id":"https:\/\/vieassociative.be\/actualites\/#website","url":"https:\/\/vieassociative.be\/actualites\/","name":"Vie Associative","description":"","publisher":{"@id":"https:\/\/vieassociative.be\/actualites\/#organization"},"potentialAction":[{"@type":"SearchAction","target":{"@type":"EntryPoint","urlTemplate":"https:\/\/vieassociative.be\/actualites\/?s={search_term_string}"},"query-input":{"@type":"PropertyValueSpecification","valueRequired":true,"valueName":"search_term_string"}}],"inLanguage":"fr-BE"},{"@type":"Organization","@id":"https:\/\/vieassociative.be\/actualites\/#organization","name":"Vie Associative","url":"https:\/\/vieassociative.be\/actualites\/","logo":{"@type":"ImageObject","inLanguage":"fr-BE","@id":"https:\/\/vieassociative.be\/actualites\/#\/schema\/logo\/image\/","url":"https:\/\/vieassociative.be\/actualites\/wp-content\/uploads\/2024\/09\/cropped-vieassociative_favicon.ico.png","contentUrl":"https:\/\/vieassociative.be\/actualites\/wp-content\/uploads\/2024\/09\/cropped-vieassociative_favicon.ico.png","width":512,"height":512,"caption":"Vie Associative"},"image":{"@id":"https:\/\/vieassociative.be\/actualites\/#\/schema\/logo\/image\/"}},{"@type":"Person","@id":"https:\/\/vieassociative.be\/actualites\/#\/schema\/person\/b87ac4f82f9d4e7b7cec7395b679edc4","name":"Julien","image":{"@type":"ImageObject","inLanguage":"fr-BE","@id":"https:\/\/vieassociative.be\/actualites\/#\/schema\/person\/image\/","url":"https:\/\/vieassociative.be\/actualites\/wp-content\/uploads\/2024\/09\/vie-associative-1-150x150.jpg","contentUrl":"https:\/\/vieassociative.be\/actualites\/wp-content\/uploads\/2024\/09\/vie-associative-1-150x150.jpg","caption":"Julien"},"description":"Je suis Julien, r\u00e9dacteur pour Vie Associative. Passionn\u00e9 par le monde associatif depuis plus de 10 ans, j'ai \u00e0 c\u0153ur de partager des histoires inspirantes et de mettre en lumi\u00e8re les initiatives locales. Mon objectif est de sensibiliser et d'encourager l'engagement communautaire \u00e0 travers mes articles.","sameAs":["https:\/\/vieassociative.be\/"]}]}},"_links":{"self":[{"href":"https:\/\/vieassociative.be\/actualites\/wp-json\/wp\/v2\/posts\/4488"}],"collection":[{"href":"https:\/\/vieassociative.be\/actualites\/wp-json\/wp\/v2\/posts"}],"about":[{"href":"https:\/\/vieassociative.be\/actualites\/wp-json\/wp\/v2\/types\/post"}],"author":[{"embeddable":true,"href":"https:\/\/vieassociative.be\/actualites\/wp-json\/wp\/v2\/users\/1"}],"replies":[{"embeddable":true,"href":"https:\/\/vieassociative.be\/actualites\/wp-json\/wp\/v2\/comments?post=4488"}],"version-history":[{"count":0,"href":"https:\/\/vieassociative.be\/actualites\/wp-json\/wp\/v2\/posts\/4488\/revisions"}],"wp:featuredmedia":[{"embeddable":true,"href":"https:\/\/vieassociative.be\/actualites\/wp-json\/wp\/v2\/media\/4489"}],"wp:attachment":[{"href":"https:\/\/vieassociative.be\/actualites\/wp-json\/wp\/v2\/media?parent=4488"}],"wp:term":[{"taxonomy":"category","embeddable":true,"href":"https:\/\/vieassociative.be\/actualites\/wp-json\/wp\/v2\/categories?post=4488"},{"taxonomy":"post_tag","embeddable":true,"href":"https:\/\/vieassociative.be\/actualites\/wp-json\/wp\/v2\/tags?post=4488"}],"curies":[{"name":"wp","href":"https:\/\/api.w.org\/{rel}","templated":true}]}}