{"id":4484,"date":"2025-01-21T15:25:00","date_gmt":"2025-01-21T14:25:00","guid":{"rendered":"https:\/\/vieassociative.be\/actualites\/salut-nazi-ou-geste-maladroit-elon-musk-seme-la-confusion-lors-de-linvestiture-de-trump\/"},"modified":"2025-01-21T15:25:00","modified_gmt":"2025-01-21T14:25:00","slug":"salut-nazi-ou-geste-maladroit-elon-musk-seme-la-confusion-lors-de-linvestiture-de-trump","status":"publish","type":"post","link":"https:\/\/vieassociative.be\/actualites\/salut-nazi-ou-geste-maladroit-elon-musk-seme-la-confusion-lors-de-linvestiture-de-trump\/","title":{"rendered":"\u00ab Salut nazi \u00bb ou \u00ab geste maladroit \u00bb ? Elon Musk s\u00e8me la confusion lors de l&rsquo;investiture de Trump"},"content":{"rendered":"<p><strong>Elon Musk a provoqu\u00e9 la surprise lors d&rsquo;un \u00e9v\u00e9nement organis\u00e9 par Donald Trump \u00e0 Washington lundi lorsqu&rsquo;il a prononc\u00e9 \u00e0 deux reprises un salut que certains ont qualifi\u00e9 de \u00ab\u00a0salut fasciste\u00a0\u00bb ou de \u00ab\u00a0salut nazi\u00a0\u00bb.<\/strong><\/p>\n<p><span id=\"more-406513\"><\/span>Le chef de<\/p>\n<p>L&rsquo;homme le plus riche du monde a remerci\u00e9 la foule d&rsquo;avoir rendu possible le retour de Trump \u00e0 la Maison Blanche avant de se tapoter la poitrine gauche avec sa main droite, d&rsquo;\u00e9tendre son bras avec une paume ouverte et de r\u00e9p\u00e9ter le geste en se joignant au reste de la foule derri\u00e8re lui.<\/p>\n<div id=\"attachment_406531\" class=\"wp-caption alignleft\" style=\"max-width: 300px\"><img fetchpriority=\"high\" decoding=\"async\" class=\"wp-image-406531 size-medium\" src=\"https:\/\/vieassociative.be\/actualites\/wp-content\/uploads\/2025\/01\/Salut-nazi-ou-geste-maladroit.jpg\" alt=\"\" width=\"300\" height=\"200\"><\/p>\n<p class=\"wp-caption-text\">20 janvier 2025, \u00c9tats-Unis, Washington : Elon Musk s&rsquo;exprime lors du d\u00e9fil\u00e9 d&rsquo;inauguration pr\u00e9sidentielle \u00e0 Washington. Photo : Matt Rourke\/AP\/dpa<\/p>\n<\/div>\n<p>L&rsquo;historienne Claire Aubin, sp\u00e9cialiste du nazisme aux \u00c9tats-Unis, estime que le geste d&rsquo;Elon Musk \u00e9tait en r\u00e9alit\u00e9 le salut hitl\u00e9rien. \u00ab\u00a0Mon opinion professionnelle est que vous allez bien\u00a0\u00bb, a-t-elle d\u00e9clar\u00e9 sur X \u00e0 des personnes qui interpr\u00e9taient les salutations adress\u00e9es \u00e0 la foule comme une r\u00e9f\u00e9rence ouverte aux nazis.<\/p>\n<p>\u00ab\u00a0Eh bien, cela n&rsquo;a pas pris longtemps\u00a0\u00bb, a critiqu\u00e9 le d\u00e9put\u00e9 d\u00e9mocrate Jimmy Gomez.<\/p>\n<p>Ruth Ben-Ghiat, une autre historienne et experte du fascisme, a \u00e9galement d\u00e9clar\u00e9 sur X que \u00ab\u00a0c&rsquo;\u00e9tait un salut nazi, et qui \u00e9tait aussi agressif\u00a0\u00bb.<\/p>\n<p>Certains journaux \u00e9trangers, comme le Haaretz isra\u00e9lien et le Guardian britannique, ont affirm\u00e9 que le milliardaire am\u00e9ricain \u00ab semblait \u00bb avoir fait un salut \u00ab fasciste \u00bb ou un salut \u00ab de style fasciste \u00bb.<\/p>\n<p>L&rsquo;historien Aaron Astor estime cependant que les salutations du milliardaire ne doivent pas \u00eatre interpr\u00e9t\u00e9es comme celles d&rsquo;un nazi. \u00ab J\u2019ai critiqu\u00e9 \u00e0 plusieurs reprises Elon Musk pour avoir profan\u00e9 cette plateforme par des n\u00e9o-nazis \u00bb, a-t-il \u00e9crit sur X, ajoutant : \u00ab Mais ce geste n\u2019est pas un salut nazi. Il s\u2019agit d\u2019un signe de la main socialement maladroit d\u2019un homme autiste disant \u00e0 la foule : \u00ab Mon c\u0153ur va \u00e0 vous. \u00bb<\/p>\n<p>Elon Musk a annonc\u00e9 en 2021 qu&rsquo;il souffrait du syndrome d&rsquo;Asperger, une forme d&rsquo;autisme. Le milliardaire a r\u00e9pondu sur sa tribune et assur\u00e9 que son geste n&rsquo;\u00e9tait pas un salut nazi. (cr\u00e9er)<\/p>\n","protected":false},"excerpt":{"rendered":"<p>Elon Musk a provoqu\u00e9 la surprise lors d&rsquo;un \u00e9v\u00e9nement organis\u00e9 par Donald Trump \u00e0 Washington lundi lorsqu&rsquo;il a prononc\u00e9 \u00e0 deux reprises un salut que<\/p>\n","protected":false},"author":1,"featured_media":4485,"comment_status":"","ping_status":"","sticky":false,"template":"","format":"standard","meta":{"footnotes":""},"categories":[298],"tags":[4877,4155,4874,4804,353,4875,3149,4873,4872,4876,2425],"class_list":["post-4484","post","type-post","status-publish","format-standard","has-post-thumbnail","hentry","category-belgique","tag-confusion","tag-elon","tag-geste","tag-linvestiture","tag-lors","tag-maladroit","tag-musk","tag-nazi","tag-salut","tag-seme","tag-trump","generate-columns","tablet-grid-50","mobile-grid-100","grid-parent","grid-33"],"yoast_head":"<!-- This site is optimized with the Yoast SEO plugin v24.0 - https:\/\/yoast.com\/wordpress\/plugins\/seo\/ -->\n<title>\u00ab Salut nazi \u00bb ou \u00ab geste maladroit \u00bb ? Elon Musk s\u00e8me la confusion lors de l&#039;investiture de Trump | Vie Associative<\/title>\n<meta name=\"robots\" content=\"index, follow, max-snippet:-1, max-image-preview:large, max-video-preview:-1\" \/>\n<link rel=\"canonical\" href=\"https:\/\/vieassociative.be\/actualites\/salut-nazi-ou-geste-maladroit-elon-musk-seme-la-confusion-lors-de-linvestiture-de-trump\/\" \/>\n<meta property=\"og:locale\" content=\"fr_FR\" \/>\n<meta property=\"og:type\" content=\"article\" \/>\n<meta property=\"og:title\" content=\"\u00ab Salut nazi \u00bb ou \u00ab geste maladroit \u00bb ? Elon Musk s\u00e8me la confusion lors de l&#039;investiture de Trump | Vie Associative\" \/>\n<meta property=\"og:description\" content=\"Elon Musk a provoqu\u00e9 la surprise lors d&rsquo;un \u00e9v\u00e9nement organis\u00e9 par Donald Trump \u00e0 Washington lundi lorsqu&rsquo;il a prononc\u00e9 \u00e0 deux reprises un salut que\" \/>\n<meta property=\"og:url\" content=\"https:\/\/vieassociative.be\/actualites\/salut-nazi-ou-geste-maladroit-elon-musk-seme-la-confusion-lors-de-linvestiture-de-trump\/\" \/>\n<meta property=\"og:site_name\" content=\"Vie Associative\" \/>\n<meta property=\"article:published_time\" content=\"2025-01-21T14:25:00+00:00\" \/>\n<meta property=\"og:image\" content=\"https:\/\/vieassociative.be\/actualites\/wp-content\/uploads\/2024\/09\/header_backgroundk-01-e1726694325946.png\" \/>\n\t<meta property=\"og:image:width\" content=\"279\" \/>\n\t<meta property=\"og:image:height\" content=\"92\" \/>\n\t<meta property=\"og:image:type\" content=\"image\/png\" \/>\n<meta name=\"author\" content=\"Julien\" \/>\n<meta name=\"twitter:card\" content=\"summary_large_image\" \/>\n<meta name=\"twitter:label1\" content=\"\u00c9crit par\" \/>\n\t<meta name=\"twitter:data1\" content=\"Julien\" \/>\n\t<meta name=\"twitter:label2\" content=\"Dur\u00e9e de lecture est.\" \/>\n\t<meta name=\"twitter:data2\" content=\"2 minutes\" \/>\n<script type=\"application\/ld+json\" class=\"yoast-schema-graph\">{\"@context\":\"https:\/\/schema.org\",\"@graph\":[{\"@type\":\"Article\",\"@id\":\"https:\/\/vieassociative.be\/actualites\/salut-nazi-ou-geste-maladroit-elon-musk-seme-la-confusion-lors-de-linvestiture-de-trump\/#article\",\"isPartOf\":{\"@id\":\"https:\/\/vieassociative.be\/actualites\/salut-nazi-ou-geste-maladroit-elon-musk-seme-la-confusion-lors-de-linvestiture-de-trump\/\"},\"author\":{\"name\":\"Julien\",\"@id\":\"https:\/\/vieassociative.be\/actualites\/#\/schema\/person\/b87ac4f82f9d4e7b7cec7395b679edc4\"},\"headline\":\"\u00ab Salut nazi \u00bb ou \u00ab geste maladroit \u00bb ? Elon Musk s\u00e8me la confusion lors de l&rsquo;investiture de Trump\",\"datePublished\":\"2025-01-21T14:25:00+00:00\",\"dateModified\":\"2025-01-21T14:25:00+00:00\",\"mainEntityOfPage\":{\"@id\":\"https:\/\/vieassociative.be\/actualites\/salut-nazi-ou-geste-maladroit-elon-musk-seme-la-confusion-lors-de-linvestiture-de-trump\/\"},\"wordCount\":380,\"publisher\":{\"@id\":\"https:\/\/vieassociative.be\/actualites\/#organization\"},\"image\":{\"@id\":\"https:\/\/vieassociative.be\/actualites\/salut-nazi-ou-geste-maladroit-elon-musk-seme-la-confusion-lors-de-linvestiture-de-trump\/#primaryimage\"},\"thumbnailUrl\":\"https:\/\/vieassociative.be\/actualites\/wp-content\/uploads\/2025\/01\/1737469501_Salut-nazi-ou-geste-maladroit.jpg\",\"keywords\":[\"confusion\",\"Elon\",\"geste\",\"Linvestiture\",\"lors\",\"maladroit\",\"Musk\",\"nazi\",\"Salut\",\"s\u00e8me\",\"Trump\"],\"articleSection\":[\"Belgique\"],\"inLanguage\":\"fr-BE\"},{\"@type\":\"WebPage\",\"@id\":\"https:\/\/vieassociative.be\/actualites\/salut-nazi-ou-geste-maladroit-elon-musk-seme-la-confusion-lors-de-linvestiture-de-trump\/\",\"url\":\"https:\/\/vieassociative.be\/actualites\/salut-nazi-ou-geste-maladroit-elon-musk-seme-la-confusion-lors-de-linvestiture-de-trump\/\",\"name\":\"\u00ab Salut nazi \u00bb ou \u00ab geste maladroit \u00bb ? Elon Musk s\u00e8me la confusion lors de l'investiture de Trump | Vie Associative\",\"isPartOf\":{\"@id\":\"https:\/\/vieassociative.be\/actualites\/#website\"},\"primaryImageOfPage\":{\"@id\":\"https:\/\/vieassociative.be\/actualites\/salut-nazi-ou-geste-maladroit-elon-musk-seme-la-confusion-lors-de-linvestiture-de-trump\/#primaryimage\"},\"image\":{\"@id\":\"https:\/\/vieassociative.be\/actualites\/salut-nazi-ou-geste-maladroit-elon-musk-seme-la-confusion-lors-de-linvestiture-de-trump\/#primaryimage\"},\"thumbnailUrl\":\"https:\/\/vieassociative.be\/actualites\/wp-content\/uploads\/2025\/01\/1737469501_Salut-nazi-ou-geste-maladroit.jpg\",\"datePublished\":\"2025-01-21T14:25:00+00:00\",\"dateModified\":\"2025-01-21T14:25:00+00:00\",\"breadcrumb\":{\"@id\":\"https:\/\/vieassociative.be\/actualites\/salut-nazi-ou-geste-maladroit-elon-musk-seme-la-confusion-lors-de-linvestiture-de-trump\/#breadcrumb\"},\"inLanguage\":\"fr-BE\",\"potentialAction\":[{\"@type\":\"ReadAction\",\"target\":[\"https:\/\/vieassociative.be\/actualites\/salut-nazi-ou-geste-maladroit-elon-musk-seme-la-confusion-lors-de-linvestiture-de-trump\/\"]}]},{\"@type\":\"ImageObject\",\"inLanguage\":\"fr-BE\",\"@id\":\"https:\/\/vieassociative.be\/actualites\/salut-nazi-ou-geste-maladroit-elon-musk-seme-la-confusion-lors-de-linvestiture-de-trump\/#primaryimage\",\"url\":\"https:\/\/vieassociative.be\/actualites\/wp-content\/uploads\/2025\/01\/1737469501_Salut-nazi-ou-geste-maladroit.jpg\",\"contentUrl\":\"https:\/\/vieassociative.be\/actualites\/wp-content\/uploads\/2025\/01\/1737469501_Salut-nazi-ou-geste-maladroit.jpg\",\"width\":1200,\"height\":816,\"caption\":\"\u00ab Salut nazi \u00bb ou \u00ab geste maladroit \u00bb ? Elon Musk s\u00e8me la confusion lors de l'investiture de Trump\"},{\"@type\":\"BreadcrumbList\",\"@id\":\"https:\/\/vieassociative.be\/actualites\/salut-nazi-ou-geste-maladroit-elon-musk-seme-la-confusion-lors-de-linvestiture-de-trump\/#breadcrumb\",\"itemListElement\":[{\"@type\":\"ListItem\",\"position\":1,\"name\":\"Accueil\",\"item\":\"https:\/\/vieassociative.be\/actualites\/\"},{\"@type\":\"ListItem\",\"position\":2,\"name\":\"\u00ab Salut nazi \u00bb ou \u00ab geste maladroit \u00bb ? Elon Musk s\u00e8me la confusion lors de l&rsquo;investiture de Trump\"}]},{\"@type\":\"WebSite\",\"@id\":\"https:\/\/vieassociative.be\/actualites\/#website\",\"url\":\"https:\/\/vieassociative.be\/actualites\/\",\"name\":\"Vie Associative\",\"description\":\"\",\"publisher\":{\"@id\":\"https:\/\/vieassociative.be\/actualites\/#organization\"},\"potentialAction\":[{\"@type\":\"SearchAction\",\"target\":{\"@type\":\"EntryPoint\",\"urlTemplate\":\"https:\/\/vieassociative.be\/actualites\/?s={search_term_string}\"},\"query-input\":{\"@type\":\"PropertyValueSpecification\",\"valueRequired\":true,\"valueName\":\"search_term_string\"}}],\"inLanguage\":\"fr-BE\"},{\"@type\":\"Organization\",\"@id\":\"https:\/\/vieassociative.be\/actualites\/#organization\",\"name\":\"Vie Associative\",\"url\":\"https:\/\/vieassociative.be\/actualites\/\",\"logo\":{\"@type\":\"ImageObject\",\"inLanguage\":\"fr-BE\",\"@id\":\"https:\/\/vieassociative.be\/actualites\/#\/schema\/logo\/image\/\",\"url\":\"https:\/\/vieassociative.be\/actualites\/wp-content\/uploads\/2024\/09\/cropped-vieassociative_favicon.ico.png\",\"contentUrl\":\"https:\/\/vieassociative.be\/actualites\/wp-content\/uploads\/2024\/09\/cropped-vieassociative_favicon.ico.png\",\"width\":512,\"height\":512,\"caption\":\"Vie Associative\"},\"image\":{\"@id\":\"https:\/\/vieassociative.be\/actualites\/#\/schema\/logo\/image\/\"}},{\"@type\":\"Person\",\"@id\":\"https:\/\/vieassociative.be\/actualites\/#\/schema\/person\/b87ac4f82f9d4e7b7cec7395b679edc4\",\"name\":\"Julien\",\"image\":{\"@type\":\"ImageObject\",\"inLanguage\":\"fr-BE\",\"@id\":\"https:\/\/vieassociative.be\/actualites\/#\/schema\/person\/image\/\",\"url\":\"https:\/\/vieassociative.be\/actualites\/wp-content\/uploads\/2024\/09\/vie-associative-1-150x150.jpg\",\"contentUrl\":\"https:\/\/vieassociative.be\/actualites\/wp-content\/uploads\/2024\/09\/vie-associative-1-150x150.jpg\",\"caption\":\"Julien\"},\"description\":\"Je suis Julien, r\u00e9dacteur pour Vie Associative. Passionn\u00e9 par le monde associatif depuis plus de 10 ans, j'ai \u00e0 c\u0153ur de partager des histoires inspirantes et de mettre en lumi\u00e8re les initiatives locales. Mon objectif est de sensibiliser et d'encourager l'engagement communautaire \u00e0 travers mes articles.\",\"sameAs\":[\"https:\/\/vieassociative.be\/\"]}]}<\/script>\n<!-- \/ Yoast SEO plugin. -->","yoast_head_json":{"title":"\u00ab Salut nazi \u00bb ou \u00ab geste maladroit \u00bb ? Elon Musk s\u00e8me la confusion lors de l'investiture de Trump | Vie Associative","robots":{"index":"index","follow":"follow","max-snippet":"max-snippet:-1","max-image-preview":"max-image-preview:large","max-video-preview":"max-video-preview:-1"},"canonical":"https:\/\/vieassociative.be\/actualites\/salut-nazi-ou-geste-maladroit-elon-musk-seme-la-confusion-lors-de-linvestiture-de-trump\/","og_locale":"fr_FR","og_type":"article","og_title":"\u00ab Salut nazi \u00bb ou \u00ab geste maladroit \u00bb ? Elon Musk s\u00e8me la confusion lors de l'investiture de Trump | Vie Associative","og_description":"Elon Musk a provoqu\u00e9 la surprise lors d&rsquo;un \u00e9v\u00e9nement organis\u00e9 par Donald Trump \u00e0 Washington lundi lorsqu&rsquo;il a prononc\u00e9 \u00e0 deux reprises un salut que","og_url":"https:\/\/vieassociative.be\/actualites\/salut-nazi-ou-geste-maladroit-elon-musk-seme-la-confusion-lors-de-linvestiture-de-trump\/","og_site_name":"Vie Associative","article_published_time":"2025-01-21T14:25:00+00:00","og_image":[{"width":279,"height":92,"url":"https:\/\/vieassociative.be\/actualites\/wp-content\/uploads\/2024\/09\/header_backgroundk-01-e1726694325946.png","type":"image\/png"}],"author":"Julien","twitter_card":"summary_large_image","twitter_misc":{"\u00c9crit par":"Julien","Dur\u00e9e de lecture est.":"2 minutes"},"schema":{"@context":"https:\/\/schema.org","@graph":[{"@type":"Article","@id":"https:\/\/vieassociative.be\/actualites\/salut-nazi-ou-geste-maladroit-elon-musk-seme-la-confusion-lors-de-linvestiture-de-trump\/#article","isPartOf":{"@id":"https:\/\/vieassociative.be\/actualites\/salut-nazi-ou-geste-maladroit-elon-musk-seme-la-confusion-lors-de-linvestiture-de-trump\/"},"author":{"name":"Julien","@id":"https:\/\/vieassociative.be\/actualites\/#\/schema\/person\/b87ac4f82f9d4e7b7cec7395b679edc4"},"headline":"\u00ab Salut nazi \u00bb ou \u00ab geste maladroit \u00bb ? Elon Musk s\u00e8me la confusion lors de l&rsquo;investiture de Trump","datePublished":"2025-01-21T14:25:00+00:00","dateModified":"2025-01-21T14:25:00+00:00","mainEntityOfPage":{"@id":"https:\/\/vieassociative.be\/actualites\/salut-nazi-ou-geste-maladroit-elon-musk-seme-la-confusion-lors-de-linvestiture-de-trump\/"},"wordCount":380,"publisher":{"@id":"https:\/\/vieassociative.be\/actualites\/#organization"},"image":{"@id":"https:\/\/vieassociative.be\/actualites\/salut-nazi-ou-geste-maladroit-elon-musk-seme-la-confusion-lors-de-linvestiture-de-trump\/#primaryimage"},"thumbnailUrl":"https:\/\/vieassociative.be\/actualites\/wp-content\/uploads\/2025\/01\/1737469501_Salut-nazi-ou-geste-maladroit.jpg","keywords":["confusion","Elon","geste","Linvestiture","lors","maladroit","Musk","nazi","Salut","s\u00e8me","Trump"],"articleSection":["Belgique"],"inLanguage":"fr-BE"},{"@type":"WebPage","@id":"https:\/\/vieassociative.be\/actualites\/salut-nazi-ou-geste-maladroit-elon-musk-seme-la-confusion-lors-de-linvestiture-de-trump\/","url":"https:\/\/vieassociative.be\/actualites\/salut-nazi-ou-geste-maladroit-elon-musk-seme-la-confusion-lors-de-linvestiture-de-trump\/","name":"\u00ab Salut nazi \u00bb ou \u00ab geste maladroit \u00bb ? Elon Musk s\u00e8me la confusion lors de l'investiture de Trump | Vie Associative","isPartOf":{"@id":"https:\/\/vieassociative.be\/actualites\/#website"},"primaryImageOfPage":{"@id":"https:\/\/vieassociative.be\/actualites\/salut-nazi-ou-geste-maladroit-elon-musk-seme-la-confusion-lors-de-linvestiture-de-trump\/#primaryimage"},"image":{"@id":"https:\/\/vieassociative.be\/actualites\/salut-nazi-ou-geste-maladroit-elon-musk-seme-la-confusion-lors-de-linvestiture-de-trump\/#primaryimage"},"thumbnailUrl":"https:\/\/vieassociative.be\/actualites\/wp-content\/uploads\/2025\/01\/1737469501_Salut-nazi-ou-geste-maladroit.jpg","datePublished":"2025-01-21T14:25:00+00:00","dateModified":"2025-01-21T14:25:00+00:00","breadcrumb":{"@id":"https:\/\/vieassociative.be\/actualites\/salut-nazi-ou-geste-maladroit-elon-musk-seme-la-confusion-lors-de-linvestiture-de-trump\/#breadcrumb"},"inLanguage":"fr-BE","potentialAction":[{"@type":"ReadAction","target":["https:\/\/vieassociative.be\/actualites\/salut-nazi-ou-geste-maladroit-elon-musk-seme-la-confusion-lors-de-linvestiture-de-trump\/"]}]},{"@type":"ImageObject","inLanguage":"fr-BE","@id":"https:\/\/vieassociative.be\/actualites\/salut-nazi-ou-geste-maladroit-elon-musk-seme-la-confusion-lors-de-linvestiture-de-trump\/#primaryimage","url":"https:\/\/vieassociative.be\/actualites\/wp-content\/uploads\/2025\/01\/1737469501_Salut-nazi-ou-geste-maladroit.jpg","contentUrl":"https:\/\/vieassociative.be\/actualites\/wp-content\/uploads\/2025\/01\/1737469501_Salut-nazi-ou-geste-maladroit.jpg","width":1200,"height":816,"caption":"\u00ab Salut nazi \u00bb ou \u00ab geste maladroit \u00bb ? Elon Musk s\u00e8me la confusion lors de l'investiture de Trump"},{"@type":"BreadcrumbList","@id":"https:\/\/vieassociative.be\/actualites\/salut-nazi-ou-geste-maladroit-elon-musk-seme-la-confusion-lors-de-linvestiture-de-trump\/#breadcrumb","itemListElement":[{"@type":"ListItem","position":1,"name":"Accueil","item":"https:\/\/vieassociative.be\/actualites\/"},{"@type":"ListItem","position":2,"name":"\u00ab Salut nazi \u00bb ou \u00ab geste maladroit \u00bb ? Elon Musk s\u00e8me la confusion lors de l&rsquo;investiture de Trump"}]},{"@type":"WebSite","@id":"https:\/\/vieassociative.be\/actualites\/#website","url":"https:\/\/vieassociative.be\/actualites\/","name":"Vie Associative","description":"","publisher":{"@id":"https:\/\/vieassociative.be\/actualites\/#organization"},"potentialAction":[{"@type":"SearchAction","target":{"@type":"EntryPoint","urlTemplate":"https:\/\/vieassociative.be\/actualites\/?s={search_term_string}"},"query-input":{"@type":"PropertyValueSpecification","valueRequired":true,"valueName":"search_term_string"}}],"inLanguage":"fr-BE"},{"@type":"Organization","@id":"https:\/\/vieassociative.be\/actualites\/#organization","name":"Vie Associative","url":"https:\/\/vieassociative.be\/actualites\/","logo":{"@type":"ImageObject","inLanguage":"fr-BE","@id":"https:\/\/vieassociative.be\/actualites\/#\/schema\/logo\/image\/","url":"https:\/\/vieassociative.be\/actualites\/wp-content\/uploads\/2024\/09\/cropped-vieassociative_favicon.ico.png","contentUrl":"https:\/\/vieassociative.be\/actualites\/wp-content\/uploads\/2024\/09\/cropped-vieassociative_favicon.ico.png","width":512,"height":512,"caption":"Vie Associative"},"image":{"@id":"https:\/\/vieassociative.be\/actualites\/#\/schema\/logo\/image\/"}},{"@type":"Person","@id":"https:\/\/vieassociative.be\/actualites\/#\/schema\/person\/b87ac4f82f9d4e7b7cec7395b679edc4","name":"Julien","image":{"@type":"ImageObject","inLanguage":"fr-BE","@id":"https:\/\/vieassociative.be\/actualites\/#\/schema\/person\/image\/","url":"https:\/\/vieassociative.be\/actualites\/wp-content\/uploads\/2024\/09\/vie-associative-1-150x150.jpg","contentUrl":"https:\/\/vieassociative.be\/actualites\/wp-content\/uploads\/2024\/09\/vie-associative-1-150x150.jpg","caption":"Julien"},"description":"Je suis Julien, r\u00e9dacteur pour Vie Associative. Passionn\u00e9 par le monde associatif depuis plus de 10 ans, j'ai \u00e0 c\u0153ur de partager des histoires inspirantes et de mettre en lumi\u00e8re les initiatives locales. Mon objectif est de sensibiliser et d'encourager l'engagement communautaire \u00e0 travers mes articles.","sameAs":["https:\/\/vieassociative.be\/"]}]}},"_links":{"self":[{"href":"https:\/\/vieassociative.be\/actualites\/wp-json\/wp\/v2\/posts\/4484"}],"collection":[{"href":"https:\/\/vieassociative.be\/actualites\/wp-json\/wp\/v2\/posts"}],"about":[{"href":"https:\/\/vieassociative.be\/actualites\/wp-json\/wp\/v2\/types\/post"}],"author":[{"embeddable":true,"href":"https:\/\/vieassociative.be\/actualites\/wp-json\/wp\/v2\/users\/1"}],"replies":[{"embeddable":true,"href":"https:\/\/vieassociative.be\/actualites\/wp-json\/wp\/v2\/comments?post=4484"}],"version-history":[{"count":0,"href":"https:\/\/vieassociative.be\/actualites\/wp-json\/wp\/v2\/posts\/4484\/revisions"}],"wp:featuredmedia":[{"embeddable":true,"href":"https:\/\/vieassociative.be\/actualites\/wp-json\/wp\/v2\/media\/4485"}],"wp:attachment":[{"href":"https:\/\/vieassociative.be\/actualites\/wp-json\/wp\/v2\/media?parent=4484"}],"wp:term":[{"taxonomy":"category","embeddable":true,"href":"https:\/\/vieassociative.be\/actualites\/wp-json\/wp\/v2\/categories?post=4484"},{"taxonomy":"post_tag","embeddable":true,"href":"https:\/\/vieassociative.be\/actualites\/wp-json\/wp\/v2\/tags?post=4484"}],"curies":[{"name":"wp","href":"https:\/\/api.w.org\/{rel}","templated":true}]}}