{"id":4482,"date":"2025-01-21T14:18:20","date_gmt":"2025-01-21T13:18:20","guid":{"rendered":"https:\/\/vieassociative.be\/actualites\/les-meilleures-series-televisees-a-diffuser-cette-semaine-2\/"},"modified":"2025-01-21T14:18:20","modified_gmt":"2025-01-21T13:18:20","slug":"les-meilleures-series-televisees-a-diffuser-cette-semaine-2","status":"publish","type":"post","link":"https:\/\/vieassociative.be\/actualites\/les-meilleures-series-televisees-a-diffuser-cette-semaine-2\/","title":{"rendered":"Les meilleures s\u00e9ries t\u00e9l\u00e9vis\u00e9es \u00e0 diffuser cette semaine"},"content":{"rendered":"<div class=\"mt-4 leading-6 md:mb-8\">Toutes les nouvelles \u00e9missions que vous pouvez vous gaver (ou regarder avec mod\u00e9ration).<\/div>\n<p><\/p>\n<p>Si vous cherchez une nouvelle \u00e9mission \u00e0 regarder cette semaine, je vous soutiens. J&rsquo;ai parcouru les horaires de Netflix, Prime, Max, Hulu et d&rsquo;autres plateformes de streaming pour vous proposer les \u00e9missions les meilleures et les plus remarquables en streaming cette semaine. <\/p>\n<p>La plus grande \u00e9mission diffus\u00e9e cette semaine est la tr\u00e8s attendue deuxi\u00e8me saison d&rsquo;Apple TV+. <em>Rupture<\/em>. Mais il y a aussi <em>Chair de poule\u00a0: la disparition<\/em>un <em>Chair de poule<\/em>-une s\u00e9rie d&rsquo;horreur pour enfants de marque mettant en vedette David Schwimmer\u00a0; et <em>Une mise \u00e0 jour sur notre famille<\/em>une s\u00e9rie documentaire sur les \u00ab influenceurs familiaux \u00bb trash.<\/p>\n<h2 id=\"severance-season-2\"><em>Rupture<\/em>saison 2<\/h2>\n<div class=\"mx-auto mt-8 w-full max-w-4xl\">\n<div id=\"video-container-_UXKlYvLGJY\"><\/div>\n<\/div>\n<p>Je suis un peu nerveux pour la nouvelle saison de <em>Rupture<\/em>. Le m\u00e9lange de commentaires sociaux noirs, de conception de production glaciale et de talent d&rsquo;acteur de la premi\u00e8re saison \u00e9tait si bon que j&rsquo;ai peur que la saison deux ne soit d\u00e9cevante, d&rsquo;autant plus que j&rsquo;attends depuis trois ans. Jusqu&rsquo;\u00e0 pr\u00e9sent, cela semble prometteur : les critiques de Rotten Tomatoes sont presque universelles dans leurs \u00e9loges, et la bande-annonce semble ph\u00e9nom\u00e9nale. La saison 2 nous plonge plus profond\u00e9ment dans les myst\u00e8res entourant Lumon Industries, et plus profond\u00e9ment dans le psychisme des gens qui y travaillent et de ceux qui n&rsquo;y travaillent pas, qui sont les m\u00eames. <\/p>\n<p>O\u00f9 diffuser\u00a0: Apple TV+<\/p>\n<h2 id=\"goosebumps-the-vanishing\"><em>Chair de poule\u00a0: la disparition<\/em><\/h2>\n<div class=\"mx-auto mt-8 w-full max-w-4xl\">\n<div id=\"video-container--NsYcYtDBtc\"><\/div>\n<\/div>\n<p>Cette s\u00e9rie d&rsquo;horreur met en vedette <em>Amis<\/em>&lsquo; David Schwimmer dans le r\u00f4le d&rsquo;Anthony, un p\u00e8re divorc\u00e9 qui accueille ses jumeaux adolescents Devin et Cece pour l&rsquo;\u00e9t\u00e9 dans sa maison de Brooklyn. Anthony n&rsquo;a qu&rsquo;une seule r\u00e8gle\u00a0: rester en dehors du sous-sol, comme <em>c&rsquo;est<\/em> va arriver. Le myst\u00e8re sous leurs pieds entra\u00eene les jumeaux et leurs amis vers de sombres secrets li\u00e9s \u00e0 la disparition de quatre adolescents dans les ann\u00e9es 1990 et d&rsquo;une entit\u00e9 surnaturelle au pouvoir immense. <\/p>\n<p>O\u00f9 diffuser\u00a0:\u00a0Max<\/p>\n<h2 id=\"harley-quinn-season-5\"><em>Harley Quinn<\/em>saison 5 <\/h2>\n<div class=\"mx-auto mt-8 w-full max-w-4xl\">\n<div id=\"video-container-0FrB7mJoesg\"><\/div>\n<\/div>\n<p>La cinqui\u00e8me saison du dessin anim\u00e9 pour adultes <em>Harley Quinn<\/em> voit le personnage principal, exprim\u00e9 par Kaley Cuoco, d\u00e9m\u00e9nager \u00e0 Metropolis avec son amie Poison Ivy, exprim\u00e9 par Lake Bell. Le couple d\u00e9couvre bient\u00f4t que quelque chose de grave se passe \u00e0 Superman-town, et Quinn rencontrera Lex Luthor, sa s\u0153ur, Lena Luthor, Brainiac et d&rsquo;autres favoris des bandes dessin\u00e9es dans cette version irr\u00e9v\u00e9rencieuse de l&rsquo;univers DC. <em>Harley Quinn<\/em> a une note fra\u00eeche de 97 % sur Rotten Tomatoes, cela vaut donc vraiment la peine. <\/p>\n<p>O\u00f9 diffuser\u00a0:\u00a0Max<\/p>\n<h2 id=\"an-update-on-our-family\"><em>Une mise \u00e0 jour sur notre famille<\/em><\/h2>\n<div class=\"mx-auto mt-8 w-full max-w-4xl\">\n<div id=\"video-container-Q-sbt3TN6L4\"><\/div>\n<\/div>\n<p>Tous les \u00ab\u00a0YouTubers de la famille\u00a0\u00bb semblent assez bizarres, mais la famille Stauffer \u00e9tait r\u00e9pr\u00e9hensible d&rsquo;un niveau sup\u00e9rieur. Cette s\u00e9rie documentaire en trois parties examine comment Myka et James Stauffer ont construit un petit empire de vlogging en se pr\u00e9sentant eux-m\u00eames et leurs enfants comme une famille parfaite, mais sont all\u00e9s trop loin en adoptant un b\u00e9b\u00e9 chinois souffrant de graves probl\u00e8mes neurologiques. Ils ont essay\u00e9 de faire de Huxley, deux ans, la pi\u00e8ce ma\u00eetresse de leur contenu, mais il a rapidement disparu de la cha\u00eene familiale et de la famille.<\/p>\n<p>O\u00f9 diffuser\u00a0:\u00a0Max<\/p>\n<h2 id=\"last-weeks-picks\">Les choix de la semaine derni\u00e8re<\/h2>\n<h2 id=\"sons-of-ecstasy\"><em>Fils de l&rsquo;extase<\/em><\/h2>\n<div class=\"mx-auto mt-8 w-full max-w-4xl\">\n<div id=\"video-container-fhXZmb16bvI\"><\/div>\n<\/div>\n<p>Ce documentaire examine la rivalit\u00e9 entre le courtier anglais Shaun Attwood et Gerard Gravano, fils du c\u00e9l\u00e8bre gangster new-yorkais Salvatore \u00ab Sammy the Bull \u00bb Gravano. Le conflit s&rsquo;est d\u00e9roul\u00e9 dans les ann\u00e9es 1990 sur fond de boom de l&rsquo;ecstasy en Arizona, les deux hommes se battant pour le contr\u00f4le d&rsquo;un empire de la drogue dans le d\u00e9sert construit sur l&rsquo;app\u00e9tit insatiable de la sc\u00e8ne rave pour Molly. C&rsquo;est ce que j&rsquo;appelle un bon sujet pour une s\u00e9rie documentaire !<\/p>\n<p>O\u00f9 diffuser\u00a0:\u00a0Max<\/p>\n<h2 id=\"the-pitt\"><em>Le Pitt<\/em><\/h2>\n<div class=\"mx-auto mt-8 w-full max-w-4xl\">\n<div id=\"video-container-ufR_08V38sQ\"><\/div>\n<\/div>\n<p>S\u00e9rie m\u00e9dicale HBO Originals <em>Le Pitt<\/em> a \u00e9t\u00e9 cr\u00e9\u00e9 par <em>urgence<\/em> producteur R. Scott Gemmill. Le drame tendu et r\u00e9aliste emm\u00e8ne les t\u00e9l\u00e9spectateurs dans la salle d&rsquo;urgence charg\u00e9e de l&rsquo;h\u00f4pital m\u00e9dical de traumatologie de Pittsburgh. Chacun de <em>Le Pitt<\/em>Les 15 \u00e9pisodes de sont pr\u00e9sent\u00e9s en temps r\u00e9el\u00a0: un \u00e9pisode repr\u00e9sente une heure du m\u00eame quart de travail aux urgences. Noah Wyle incarne le Dr Michael \u00ab\u00a0Robby\u00a0\u00bb Robinavitch, m\u00e9decin traitant en chef, qui a du mal \u00e0 g\u00e9rer le stress et le traumatisme de son poste. . Il n&rsquo;est pas seul : <em>Le Pitt<\/em> plonge dans la vie personnelle de ses personnages ainsi que dans les d\u00e9cisions de vie ou de mort et le drame quotidien des urgences. <\/p>\n<p>O\u00f9 diffuser\u00a0:\u00a0Max<\/p>\n<h2 id=\"shifting-gears\"><em>Changer de vitesse<\/em><\/h2>\n<div class=\"mx-auto mt-8 w-full max-w-4xl\">\n<div id=\"video-container-jig01vfQ7gw\"><\/div>\n<\/div>\n<p>Tim Allen revient \u00e0 la t\u00e9l\u00e9vision avec <em>Changer de vitesse<\/em>une sitcom de retour qui regorge de plaisanteries vives et d&rsquo;une piste de rire d&rsquo;un public de studio en direct. Je ne pensais pas qu&rsquo;ils <em>fait<\/em> des \u00e9missions comme \u00e7a. Allen incarne Matt, le propri\u00e9taire farfelu d&rsquo;un atelier de restauration de voitures classiques. Kat Dennings incarne sa fille farfelue et s\u00e9par\u00e9e qui retourne chez Matt avec ses enfants farfelus \u00e0 la remorque. <\/p>\n<p>O\u00f9 diffuser : Hulu<\/p>\n<h2 id=\"on-call\"><em>De garde<\/em><\/h2>\n<div class=\"mx-auto mt-8 w-full max-w-4xl\">\n<div id=\"video-container-6vuppLrUGoU\"><\/div>\n<\/div>\n<p>Les s\u00e9ries proc\u00e9durales polici\u00e8res sont un incontournable de la t\u00e9l\u00e9vision depuis <em>Dragne<\/em>t cr\u00e9\u00e9 en 1951 pour une bonne raison : quoi de plus dramatique que des gentils chassant les m\u00e9chants ? <em>De garde<\/em> rend une installation polici\u00e8re classique (un policier v\u00e9t\u00e9ran de Long Beach, en Californie, fait \u00e9quipe avec une recrue id\u00e9aliste et mouill\u00e9e derri\u00e8re les oreilles) plus visc\u00e9rale et imm\u00e9diate en pr\u00e9sentant l&rsquo;action \u00e0 travers des images tourn\u00e9es sur des dashcams, des bodycams et des smartphones et des cam\u00e9ras de s\u00e9curit\u00e9. Joe Friday n&rsquo;approuverait probablement pas <em>De garde<\/em>C&rsquo;est le style v\u00e9rit\u00e9, mais c&rsquo;est une nouvelle ride int\u00e9ressante dans le genre.<\/p>\n<p>O\u00f9 diffuser : Prime<\/p>\n<h2 id=\"doc\"><em>Doc<\/em><\/h2>\n<div class=\"mx-auto mt-8 w-full max-w-4xl\">\n<div id=\"video-container-IKRZu3XqRoA\"><\/div>\n<\/div>\n<p>Le \u00abdoc\u00bb au centre de cette s\u00e9rie m\u00e9dicale est le Dr Amy Larsen. Jou\u00e9 par Molly Parker, Larsen est le chef du service de m\u00e9decine interne de l&rsquo;h\u00f4pital Westside de Minneapolis. La torsion qui s\u00e9pare <em>Doc<\/em> D&rsquo;autres \u00e9missions m\u00e9dicales montrent que Larsen a eu un accident de voiture traumatisant qui a effac\u00e9 sa m\u00e9moire des huit derni\u00e8res ann\u00e9es. Cependant, elle reste un bon m\u00e9decin et continue de soigner ses patients tout en essayant de reconstituer ses ann\u00e9es perdues. C&rsquo;est un concept intrigant, et les \u00e9missions m\u00e9dicales sont des incontournables de la t\u00e9l\u00e9vision pour une raison, donc celle-ci m\u00e9rite d&rsquo;\u00eatre regard\u00e9e. <\/p>\n<p>O\u00f9 diffuser : Hulu<\/p>\n<h2 id=\"american-primeval\"><em>Am\u00e9ricain primitif<\/em><\/h2>\n<div class=\"mx-auto mt-8 w-full max-w-4xl\">\n<div id=\"video-container-nSyLYlTuktc\"><\/div>\n<\/div>\n<p>Cette s\u00e9rie limit\u00e9e ram\u00e8ne les t\u00e9l\u00e9spectateurs en 1857 et explore la collision explosive de la culture, de la religion et de la communaut\u00e9 qui a donn\u00e9 naissance \u00e0 l&rsquo;Ouest am\u00e9ricain. <em>Am\u00e9ricain primitif<\/em> n&rsquo;a pas peur de l&rsquo;obscurit\u00e9 et du d\u00e9sespoir de l&rsquo;histoire alors que ses personnages se battent pour la survie et le contr\u00f4le dans une fronti\u00e8re brutale et sans loi. Le casting comprend Taylor Kitsch dans le r\u00f4le d&rsquo;Isaac Reed, un homme bris\u00e9 d\u00e9termin\u00e9 \u00e0 s&rsquo;autod\u00e9truire, et Kim Coates dans le r\u00f4le du chef mormon Brigham Young, qui utilise son arm\u00e9e personnelle, la L\u00e9gion de Nauvoo, pour maintenir ses partisans en vie \u00e0 tout prix. <\/p>\n<p>O\u00f9 diffuser : Netflix<\/p>\n","protected":false},"excerpt":{"rendered":"<p>Toutes les nouvelles \u00e9missions que vous pouvez vous gaver (ou regarder avec mod\u00e9ration). Si vous cherchez une nouvelle \u00e9mission \u00e0 regarder cette semaine, je vous<\/p>\n","protected":false},"author":1,"featured_media":4483,"comment_status":"","ping_status":"","sticky":false,"template":"","format":"standard","meta":{"footnotes":""},"categories":[36],"tags":[206,1052,14,79,1348,1397,1398],"class_list":["post-4482","post","type-post","status-publish","format-standard","has-post-thumbnail","hentry","category-divertissement","tag-cette","tag-diffuser","tag-les","tag-meilleures","tag-semaine","tag-series","tag-televisees","generate-columns","tablet-grid-50","mobile-grid-100","grid-parent","grid-33"],"yoast_head":"<!-- This site is optimized with the Yoast SEO plugin v24.0 - https:\/\/yoast.com\/wordpress\/plugins\/seo\/ -->\n<title>Les meilleures s\u00e9ries t\u00e9l\u00e9vis\u00e9es \u00e0 diffuser cette semaine | Vie Associative<\/title>\n<meta name=\"robots\" content=\"index, follow, max-snippet:-1, max-image-preview:large, max-video-preview:-1\" \/>\n<link rel=\"canonical\" href=\"https:\/\/vieassociative.be\/actualites\/les-meilleures-series-televisees-a-diffuser-cette-semaine-2\/\" \/>\n<meta property=\"og:locale\" content=\"fr_FR\" \/>\n<meta property=\"og:type\" content=\"article\" \/>\n<meta property=\"og:title\" content=\"Les meilleures s\u00e9ries t\u00e9l\u00e9vis\u00e9es \u00e0 diffuser cette semaine | Vie Associative\" \/>\n<meta property=\"og:description\" content=\"Toutes les nouvelles \u00e9missions que vous pouvez vous gaver (ou regarder avec mod\u00e9ration). Si vous cherchez une nouvelle \u00e9mission \u00e0 regarder cette semaine, je vous\" \/>\n<meta property=\"og:url\" content=\"https:\/\/vieassociative.be\/actualites\/les-meilleures-series-televisees-a-diffuser-cette-semaine-2\/\" \/>\n<meta property=\"og:site_name\" content=\"Vie Associative\" \/>\n<meta property=\"article:published_time\" content=\"2025-01-21T13:18:20+00:00\" \/>\n<meta property=\"og:image\" content=\"https:\/\/vieassociative.be\/actualites\/wp-content\/uploads\/2024\/09\/header_backgroundk-01-e1726694325946.png\" \/>\n\t<meta property=\"og:image:width\" content=\"279\" \/>\n\t<meta property=\"og:image:height\" content=\"92\" \/>\n\t<meta property=\"og:image:type\" content=\"image\/png\" \/>\n<meta name=\"author\" content=\"Julien\" \/>\n<meta name=\"twitter:card\" content=\"summary_large_image\" \/>\n<meta name=\"twitter:label1\" content=\"\u00c9crit par\" \/>\n\t<meta name=\"twitter:data1\" content=\"Julien\" \/>\n\t<meta name=\"twitter:label2\" content=\"Dur\u00e9e de lecture est.\" \/>\n\t<meta name=\"twitter:data2\" content=\"6 minutes\" \/>\n<script type=\"application\/ld+json\" class=\"yoast-schema-graph\">{\"@context\":\"https:\/\/schema.org\",\"@graph\":[{\"@type\":\"Article\",\"@id\":\"https:\/\/vieassociative.be\/actualites\/les-meilleures-series-televisees-a-diffuser-cette-semaine-2\/#article\",\"isPartOf\":{\"@id\":\"https:\/\/vieassociative.be\/actualites\/les-meilleures-series-televisees-a-diffuser-cette-semaine-2\/\"},\"author\":{\"name\":\"Julien\",\"@id\":\"https:\/\/vieassociative.be\/actualites\/#\/schema\/person\/b87ac4f82f9d4e7b7cec7395b679edc4\"},\"headline\":\"Les meilleures s\u00e9ries t\u00e9l\u00e9vis\u00e9es \u00e0 diffuser cette semaine\",\"datePublished\":\"2025-01-21T13:18:20+00:00\",\"dateModified\":\"2025-01-21T13:18:20+00:00\",\"mainEntityOfPage\":{\"@id\":\"https:\/\/vieassociative.be\/actualites\/les-meilleures-series-televisees-a-diffuser-cette-semaine-2\/\"},\"wordCount\":1270,\"publisher\":{\"@id\":\"https:\/\/vieassociative.be\/actualites\/#organization\"},\"image\":{\"@id\":\"https:\/\/vieassociative.be\/actualites\/les-meilleures-series-televisees-a-diffuser-cette-semaine-2\/#primaryimage\"},\"thumbnailUrl\":\"https:\/\/vieassociative.be\/actualites\/wp-content\/uploads\/2025\/01\/Les-meilleures-series-televisees-a-diffuser-cette-semaine.jpg\",\"keywords\":[\"cette\",\"diffuser\",\"Les\",\"meilleures\",\"semaine\",\"s\u00e9ries\",\"t\u00e9l\u00e9vis\u00e9es\"],\"articleSection\":[\"Divertissement\"],\"inLanguage\":\"fr-BE\"},{\"@type\":\"WebPage\",\"@id\":\"https:\/\/vieassociative.be\/actualites\/les-meilleures-series-televisees-a-diffuser-cette-semaine-2\/\",\"url\":\"https:\/\/vieassociative.be\/actualites\/les-meilleures-series-televisees-a-diffuser-cette-semaine-2\/\",\"name\":\"Les meilleures s\u00e9ries t\u00e9l\u00e9vis\u00e9es \u00e0 diffuser cette semaine | Vie Associative\",\"isPartOf\":{\"@id\":\"https:\/\/vieassociative.be\/actualites\/#website\"},\"primaryImageOfPage\":{\"@id\":\"https:\/\/vieassociative.be\/actualites\/les-meilleures-series-televisees-a-diffuser-cette-semaine-2\/#primaryimage\"},\"image\":{\"@id\":\"https:\/\/vieassociative.be\/actualites\/les-meilleures-series-televisees-a-diffuser-cette-semaine-2\/#primaryimage\"},\"thumbnailUrl\":\"https:\/\/vieassociative.be\/actualites\/wp-content\/uploads\/2025\/01\/Les-meilleures-series-televisees-a-diffuser-cette-semaine.jpg\",\"datePublished\":\"2025-01-21T13:18:20+00:00\",\"dateModified\":\"2025-01-21T13:18:20+00:00\",\"breadcrumb\":{\"@id\":\"https:\/\/vieassociative.be\/actualites\/les-meilleures-series-televisees-a-diffuser-cette-semaine-2\/#breadcrumb\"},\"inLanguage\":\"fr-BE\",\"potentialAction\":[{\"@type\":\"ReadAction\",\"target\":[\"https:\/\/vieassociative.be\/actualites\/les-meilleures-series-televisees-a-diffuser-cette-semaine-2\/\"]}]},{\"@type\":\"ImageObject\",\"inLanguage\":\"fr-BE\",\"@id\":\"https:\/\/vieassociative.be\/actualites\/les-meilleures-series-televisees-a-diffuser-cette-semaine-2\/#primaryimage\",\"url\":\"https:\/\/vieassociative.be\/actualites\/wp-content\/uploads\/2025\/01\/Les-meilleures-series-televisees-a-diffuser-cette-semaine.jpg\",\"contentUrl\":\"https:\/\/vieassociative.be\/actualites\/wp-content\/uploads\/2025\/01\/Les-meilleures-series-televisees-a-diffuser-cette-semaine.jpg\",\"width\":1200,\"height\":675,\"caption\":\"Les meilleures s\u00e9ries t\u00e9l\u00e9vis\u00e9es \u00e0 diffuser cette semaine\"},{\"@type\":\"BreadcrumbList\",\"@id\":\"https:\/\/vieassociative.be\/actualites\/les-meilleures-series-televisees-a-diffuser-cette-semaine-2\/#breadcrumb\",\"itemListElement\":[{\"@type\":\"ListItem\",\"position\":1,\"name\":\"Accueil\",\"item\":\"https:\/\/vieassociative.be\/actualites\/\"},{\"@type\":\"ListItem\",\"position\":2,\"name\":\"Les meilleures s\u00e9ries t\u00e9l\u00e9vis\u00e9es \u00e0 diffuser cette semaine\"}]},{\"@type\":\"WebSite\",\"@id\":\"https:\/\/vieassociative.be\/actualites\/#website\",\"url\":\"https:\/\/vieassociative.be\/actualites\/\",\"name\":\"Vie Associative\",\"description\":\"\",\"publisher\":{\"@id\":\"https:\/\/vieassociative.be\/actualites\/#organization\"},\"potentialAction\":[{\"@type\":\"SearchAction\",\"target\":{\"@type\":\"EntryPoint\",\"urlTemplate\":\"https:\/\/vieassociative.be\/actualites\/?s={search_term_string}\"},\"query-input\":{\"@type\":\"PropertyValueSpecification\",\"valueRequired\":true,\"valueName\":\"search_term_string\"}}],\"inLanguage\":\"fr-BE\"},{\"@type\":\"Organization\",\"@id\":\"https:\/\/vieassociative.be\/actualites\/#organization\",\"name\":\"Vie Associative\",\"url\":\"https:\/\/vieassociative.be\/actualites\/\",\"logo\":{\"@type\":\"ImageObject\",\"inLanguage\":\"fr-BE\",\"@id\":\"https:\/\/vieassociative.be\/actualites\/#\/schema\/logo\/image\/\",\"url\":\"https:\/\/vieassociative.be\/actualites\/wp-content\/uploads\/2024\/09\/cropped-vieassociative_favicon.ico.png\",\"contentUrl\":\"https:\/\/vieassociative.be\/actualites\/wp-content\/uploads\/2024\/09\/cropped-vieassociative_favicon.ico.png\",\"width\":512,\"height\":512,\"caption\":\"Vie Associative\"},\"image\":{\"@id\":\"https:\/\/vieassociative.be\/actualites\/#\/schema\/logo\/image\/\"}},{\"@type\":\"Person\",\"@id\":\"https:\/\/vieassociative.be\/actualites\/#\/schema\/person\/b87ac4f82f9d4e7b7cec7395b679edc4\",\"name\":\"Julien\",\"image\":{\"@type\":\"ImageObject\",\"inLanguage\":\"fr-BE\",\"@id\":\"https:\/\/vieassociative.be\/actualites\/#\/schema\/person\/image\/\",\"url\":\"https:\/\/vieassociative.be\/actualites\/wp-content\/uploads\/2024\/09\/vie-associative-1-150x150.jpg\",\"contentUrl\":\"https:\/\/vieassociative.be\/actualites\/wp-content\/uploads\/2024\/09\/vie-associative-1-150x150.jpg\",\"caption\":\"Julien\"},\"description\":\"Je suis Julien, r\u00e9dacteur pour Vie Associative. Passionn\u00e9 par le monde associatif depuis plus de 10 ans, j'ai \u00e0 c\u0153ur de partager des histoires inspirantes et de mettre en lumi\u00e8re les initiatives locales. Mon objectif est de sensibiliser et d'encourager l'engagement communautaire \u00e0 travers mes articles.\",\"sameAs\":[\"https:\/\/vieassociative.be\/\"]}]}<\/script>\n<!-- \/ Yoast SEO plugin. -->","yoast_head_json":{"title":"Les meilleures s\u00e9ries t\u00e9l\u00e9vis\u00e9es \u00e0 diffuser cette semaine | Vie Associative","robots":{"index":"index","follow":"follow","max-snippet":"max-snippet:-1","max-image-preview":"max-image-preview:large","max-video-preview":"max-video-preview:-1"},"canonical":"https:\/\/vieassociative.be\/actualites\/les-meilleures-series-televisees-a-diffuser-cette-semaine-2\/","og_locale":"fr_FR","og_type":"article","og_title":"Les meilleures s\u00e9ries t\u00e9l\u00e9vis\u00e9es \u00e0 diffuser cette semaine | Vie Associative","og_description":"Toutes les nouvelles \u00e9missions que vous pouvez vous gaver (ou regarder avec mod\u00e9ration). Si vous cherchez une nouvelle \u00e9mission \u00e0 regarder cette semaine, je vous","og_url":"https:\/\/vieassociative.be\/actualites\/les-meilleures-series-televisees-a-diffuser-cette-semaine-2\/","og_site_name":"Vie Associative","article_published_time":"2025-01-21T13:18:20+00:00","og_image":[{"width":279,"height":92,"url":"https:\/\/vieassociative.be\/actualites\/wp-content\/uploads\/2024\/09\/header_backgroundk-01-e1726694325946.png","type":"image\/png"}],"author":"Julien","twitter_card":"summary_large_image","twitter_misc":{"\u00c9crit par":"Julien","Dur\u00e9e de lecture est.":"6 minutes"},"schema":{"@context":"https:\/\/schema.org","@graph":[{"@type":"Article","@id":"https:\/\/vieassociative.be\/actualites\/les-meilleures-series-televisees-a-diffuser-cette-semaine-2\/#article","isPartOf":{"@id":"https:\/\/vieassociative.be\/actualites\/les-meilleures-series-televisees-a-diffuser-cette-semaine-2\/"},"author":{"name":"Julien","@id":"https:\/\/vieassociative.be\/actualites\/#\/schema\/person\/b87ac4f82f9d4e7b7cec7395b679edc4"},"headline":"Les meilleures s\u00e9ries t\u00e9l\u00e9vis\u00e9es \u00e0 diffuser cette semaine","datePublished":"2025-01-21T13:18:20+00:00","dateModified":"2025-01-21T13:18:20+00:00","mainEntityOfPage":{"@id":"https:\/\/vieassociative.be\/actualites\/les-meilleures-series-televisees-a-diffuser-cette-semaine-2\/"},"wordCount":1270,"publisher":{"@id":"https:\/\/vieassociative.be\/actualites\/#organization"},"image":{"@id":"https:\/\/vieassociative.be\/actualites\/les-meilleures-series-televisees-a-diffuser-cette-semaine-2\/#primaryimage"},"thumbnailUrl":"https:\/\/vieassociative.be\/actualites\/wp-content\/uploads\/2025\/01\/Les-meilleures-series-televisees-a-diffuser-cette-semaine.jpg","keywords":["cette","diffuser","Les","meilleures","semaine","s\u00e9ries","t\u00e9l\u00e9vis\u00e9es"],"articleSection":["Divertissement"],"inLanguage":"fr-BE"},{"@type":"WebPage","@id":"https:\/\/vieassociative.be\/actualites\/les-meilleures-series-televisees-a-diffuser-cette-semaine-2\/","url":"https:\/\/vieassociative.be\/actualites\/les-meilleures-series-televisees-a-diffuser-cette-semaine-2\/","name":"Les meilleures s\u00e9ries t\u00e9l\u00e9vis\u00e9es \u00e0 diffuser cette semaine | Vie Associative","isPartOf":{"@id":"https:\/\/vieassociative.be\/actualites\/#website"},"primaryImageOfPage":{"@id":"https:\/\/vieassociative.be\/actualites\/les-meilleures-series-televisees-a-diffuser-cette-semaine-2\/#primaryimage"},"image":{"@id":"https:\/\/vieassociative.be\/actualites\/les-meilleures-series-televisees-a-diffuser-cette-semaine-2\/#primaryimage"},"thumbnailUrl":"https:\/\/vieassociative.be\/actualites\/wp-content\/uploads\/2025\/01\/Les-meilleures-series-televisees-a-diffuser-cette-semaine.jpg","datePublished":"2025-01-21T13:18:20+00:00","dateModified":"2025-01-21T13:18:20+00:00","breadcrumb":{"@id":"https:\/\/vieassociative.be\/actualites\/les-meilleures-series-televisees-a-diffuser-cette-semaine-2\/#breadcrumb"},"inLanguage":"fr-BE","potentialAction":[{"@type":"ReadAction","target":["https:\/\/vieassociative.be\/actualites\/les-meilleures-series-televisees-a-diffuser-cette-semaine-2\/"]}]},{"@type":"ImageObject","inLanguage":"fr-BE","@id":"https:\/\/vieassociative.be\/actualites\/les-meilleures-series-televisees-a-diffuser-cette-semaine-2\/#primaryimage","url":"https:\/\/vieassociative.be\/actualites\/wp-content\/uploads\/2025\/01\/Les-meilleures-series-televisees-a-diffuser-cette-semaine.jpg","contentUrl":"https:\/\/vieassociative.be\/actualites\/wp-content\/uploads\/2025\/01\/Les-meilleures-series-televisees-a-diffuser-cette-semaine.jpg","width":1200,"height":675,"caption":"Les meilleures s\u00e9ries t\u00e9l\u00e9vis\u00e9es \u00e0 diffuser cette semaine"},{"@type":"BreadcrumbList","@id":"https:\/\/vieassociative.be\/actualites\/les-meilleures-series-televisees-a-diffuser-cette-semaine-2\/#breadcrumb","itemListElement":[{"@type":"ListItem","position":1,"name":"Accueil","item":"https:\/\/vieassociative.be\/actualites\/"},{"@type":"ListItem","position":2,"name":"Les meilleures s\u00e9ries t\u00e9l\u00e9vis\u00e9es \u00e0 diffuser cette semaine"}]},{"@type":"WebSite","@id":"https:\/\/vieassociative.be\/actualites\/#website","url":"https:\/\/vieassociative.be\/actualites\/","name":"Vie Associative","description":"","publisher":{"@id":"https:\/\/vieassociative.be\/actualites\/#organization"},"potentialAction":[{"@type":"SearchAction","target":{"@type":"EntryPoint","urlTemplate":"https:\/\/vieassociative.be\/actualites\/?s={search_term_string}"},"query-input":{"@type":"PropertyValueSpecification","valueRequired":true,"valueName":"search_term_string"}}],"inLanguage":"fr-BE"},{"@type":"Organization","@id":"https:\/\/vieassociative.be\/actualites\/#organization","name":"Vie Associative","url":"https:\/\/vieassociative.be\/actualites\/","logo":{"@type":"ImageObject","inLanguage":"fr-BE","@id":"https:\/\/vieassociative.be\/actualites\/#\/schema\/logo\/image\/","url":"https:\/\/vieassociative.be\/actualites\/wp-content\/uploads\/2024\/09\/cropped-vieassociative_favicon.ico.png","contentUrl":"https:\/\/vieassociative.be\/actualites\/wp-content\/uploads\/2024\/09\/cropped-vieassociative_favicon.ico.png","width":512,"height":512,"caption":"Vie Associative"},"image":{"@id":"https:\/\/vieassociative.be\/actualites\/#\/schema\/logo\/image\/"}},{"@type":"Person","@id":"https:\/\/vieassociative.be\/actualites\/#\/schema\/person\/b87ac4f82f9d4e7b7cec7395b679edc4","name":"Julien","image":{"@type":"ImageObject","inLanguage":"fr-BE","@id":"https:\/\/vieassociative.be\/actualites\/#\/schema\/person\/image\/","url":"https:\/\/vieassociative.be\/actualites\/wp-content\/uploads\/2024\/09\/vie-associative-1-150x150.jpg","contentUrl":"https:\/\/vieassociative.be\/actualites\/wp-content\/uploads\/2024\/09\/vie-associative-1-150x150.jpg","caption":"Julien"},"description":"Je suis Julien, r\u00e9dacteur pour Vie Associative. Passionn\u00e9 par le monde associatif depuis plus de 10 ans, j'ai \u00e0 c\u0153ur de partager des histoires inspirantes et de mettre en lumi\u00e8re les initiatives locales. Mon objectif est de sensibiliser et d'encourager l'engagement communautaire \u00e0 travers mes articles.","sameAs":["https:\/\/vieassociative.be\/"]}]}},"_links":{"self":[{"href":"https:\/\/vieassociative.be\/actualites\/wp-json\/wp\/v2\/posts\/4482"}],"collection":[{"href":"https:\/\/vieassociative.be\/actualites\/wp-json\/wp\/v2\/posts"}],"about":[{"href":"https:\/\/vieassociative.be\/actualites\/wp-json\/wp\/v2\/types\/post"}],"author":[{"embeddable":true,"href":"https:\/\/vieassociative.be\/actualites\/wp-json\/wp\/v2\/users\/1"}],"replies":[{"embeddable":true,"href":"https:\/\/vieassociative.be\/actualites\/wp-json\/wp\/v2\/comments?post=4482"}],"version-history":[{"count":0,"href":"https:\/\/vieassociative.be\/actualites\/wp-json\/wp\/v2\/posts\/4482\/revisions"}],"wp:featuredmedia":[{"embeddable":true,"href":"https:\/\/vieassociative.be\/actualites\/wp-json\/wp\/v2\/media\/4483"}],"wp:attachment":[{"href":"https:\/\/vieassociative.be\/actualites\/wp-json\/wp\/v2\/media?parent=4482"}],"wp:term":[{"taxonomy":"category","embeddable":true,"href":"https:\/\/vieassociative.be\/actualites\/wp-json\/wp\/v2\/categories?post=4482"},{"taxonomy":"post_tag","embeddable":true,"href":"https:\/\/vieassociative.be\/actualites\/wp-json\/wp\/v2\/tags?post=4482"}],"curies":[{"name":"wp","href":"https:\/\/api.w.org\/{rel}","templated":true}]}}