{"id":4478,"date":"2025-01-21T09:18:42","date_gmt":"2025-01-21T08:18:42","guid":{"rendered":"https:\/\/vieassociative.be\/actualites\/forte-presence-policiere-lors-daffrontements-contre-un-rassemblement-a-aix-la-chapelle\/"},"modified":"2025-01-21T09:18:42","modified_gmt":"2025-01-21T08:18:42","slug":"forte-presence-policiere-lors-daffrontements-contre-un-rassemblement-a-aix-la-chapelle","status":"publish","type":"post","link":"https:\/\/vieassociative.be\/actualites\/forte-presence-policiere-lors-daffrontements-contre-un-rassemblement-a-aix-la-chapelle\/","title":{"rendered":"Forte pr\u00e9sence polici\u00e8re lors d&rsquo;affrontements contre un rassemblement \u00e0 Aix-la-Chapelle"},"content":{"rendered":"<p><strong>Des affrontements avec la police ont \u00e9clat\u00e9 lors de manifestations contre un rassemblement d&rsquo;extr\u00e9mistes de droite \u00e0 Aix-la-Chapelle.<\/strong><\/p>\n<p><span id=\"more-406449\"><\/span>Plusieurs groupes de gauche ont r\u00e9ussi \u00e0 bloquer \u00e0 plusieurs reprises la manifestation de droite samedi apr\u00e8s-midi &#8211; selon la police, environ 600 personnes violentes auraient commis des crimes. Les services de secours ont \u00e9galement \u00e9t\u00e9 bombard\u00e9s d&rsquo;objets et tir\u00e9s avec des pi\u00e8ces pyrotechniques. Quatre policiers ont \u00e9t\u00e9 l\u00e9g\u00e8rement bless\u00e9s mais sont rest\u00e9s aptes \u00e0 leur service.<\/p>\n<div id=\"attachment_406455\" class=\"wp-caption alignleft\" style=\"max-width: 300px\"><img fetchpriority=\"high\" decoding=\"async\" class=\"wp-image-406455 size-medium\" src=\"https:\/\/vieassociative.be\/actualites\/wp-content\/uploads\/2025\/01\/Forte-presence-policiere-lors-daffrontements-contre-un-rassemblement-a-Aix-la-Chapelle.jpg\" alt=\"\" width=\"300\" height=\"200\"><\/p>\n<p class=\"wp-caption-text\">18 janvier 2025, Rh\u00e9nanie-du-Nord-Westphalie, Aix-la-Chapelle : les participants \u00e0 la manifestation de droite traversent Aix-la-Chapelle apr\u00e8s leur rassemblement, ici le inscrit Ferhat Sent\u00fcrk salue ses partisans. Photo : Christoph Reichwein\/dpa<\/p>\n<\/div>\n<p>Selon les informations, les secours ont emp\u00each\u00e9 les deux groupes de se rencontrer directement. Une vid\u00e9o de l&rsquo;Aachener Zeitung montre des policiers utilisant leurs matraques lors d&rsquo;une bagarre lors d&rsquo;un blocus.<\/p>\n<p>Selon la police, la manifestation d&rsquo;extr\u00eame droite a commenc\u00e9 avec environ 150 participants, soit nettement moins que les 800 personnes enregistr\u00e9es. Cependant, environ 7 700 personnes sont venues \u00e0 la contre-manifestation, \u00e0 l&rsquo;appel de nombreuses organisations, partis et initiatives d&rsquo;Aix-la-Chapelle, soit beaucoup plus que pr\u00e9vu. \u00c0 la fin, ils ont c\u00e9l\u00e9br\u00e9 et dans\u00e9 joyeusement devant la gare principale.<\/p>\n<p>En outre, plusieurs rassemblements du spectre de l\u2019extr\u00eame gauche ont \u00e9t\u00e9 enregistr\u00e9s. La police \u00e9tait en service avec un contingent important.<\/p>\n","protected":false},"excerpt":{"rendered":"<p>Des affrontements avec la police ont \u00e9clat\u00e9 lors de manifestations contre un rassemblement d&rsquo;extr\u00e9mistes de droite \u00e0 Aix-la-Chapelle. Plusieurs groupes de gauche ont r\u00e9ussi \u00e0<\/p>\n","protected":false},"author":1,"featured_media":4479,"comment_status":"","ping_status":"","sticky":false,"template":"","format":"standard","meta":{"footnotes":""},"categories":[298],"tags":[3440,796,4870,4868,353,4869,4582,4871],"class_list":["post-4478","post","type-post","status-publish","format-standard","has-post-thumbnail","hentry","category-belgique","tag-aixlachapelle","tag-contre","tag-daffrontements","tag-forte","tag-lors","tag-policiere","tag-presence","tag-rassemblement","generate-columns","tablet-grid-50","mobile-grid-100","grid-parent","grid-33"],"yoast_head":"<!-- This site is optimized with the Yoast SEO plugin v24.0 - https:\/\/yoast.com\/wordpress\/plugins\/seo\/ -->\n<title>Forte pr\u00e9sence polici\u00e8re lors d&#039;affrontements contre un rassemblement \u00e0 Aix-la-Chapelle | Vie Associative<\/title>\n<meta name=\"robots\" content=\"index, follow, max-snippet:-1, max-image-preview:large, max-video-preview:-1\" \/>\n<link rel=\"canonical\" href=\"https:\/\/vieassociative.be\/actualites\/forte-presence-policiere-lors-daffrontements-contre-un-rassemblement-a-aix-la-chapelle\/\" \/>\n<meta property=\"og:locale\" content=\"fr_FR\" \/>\n<meta property=\"og:type\" content=\"article\" \/>\n<meta property=\"og:title\" content=\"Forte pr\u00e9sence polici\u00e8re lors d&#039;affrontements contre un rassemblement \u00e0 Aix-la-Chapelle | Vie Associative\" \/>\n<meta property=\"og:description\" content=\"Des affrontements avec la police ont \u00e9clat\u00e9 lors de manifestations contre un rassemblement d&rsquo;extr\u00e9mistes de droite \u00e0 Aix-la-Chapelle. Plusieurs groupes de gauche ont r\u00e9ussi \u00e0\" \/>\n<meta property=\"og:url\" content=\"https:\/\/vieassociative.be\/actualites\/forte-presence-policiere-lors-daffrontements-contre-un-rassemblement-a-aix-la-chapelle\/\" \/>\n<meta property=\"og:site_name\" content=\"Vie Associative\" \/>\n<meta property=\"article:published_time\" content=\"2025-01-21T08:18:42+00:00\" \/>\n<meta property=\"og:image\" content=\"https:\/\/vieassociative.be\/actualites\/wp-content\/uploads\/2024\/09\/header_backgroundk-01-e1726694325946.png\" \/>\n\t<meta property=\"og:image:width\" content=\"279\" \/>\n\t<meta property=\"og:image:height\" content=\"92\" \/>\n\t<meta property=\"og:image:type\" content=\"image\/png\" \/>\n<meta name=\"author\" content=\"Julien\" \/>\n<meta name=\"twitter:card\" content=\"summary_large_image\" \/>\n<meta name=\"twitter:label1\" content=\"\u00c9crit par\" \/>\n\t<meta name=\"twitter:data1\" content=\"Julien\" \/>\n\t<meta name=\"twitter:label2\" content=\"Dur\u00e9e de lecture est.\" \/>\n\t<meta name=\"twitter:data2\" content=\"1 minute\" \/>\n<script type=\"application\/ld+json\" class=\"yoast-schema-graph\">{\"@context\":\"https:\/\/schema.org\",\"@graph\":[{\"@type\":\"Article\",\"@id\":\"https:\/\/vieassociative.be\/actualites\/forte-presence-policiere-lors-daffrontements-contre-un-rassemblement-a-aix-la-chapelle\/#article\",\"isPartOf\":{\"@id\":\"https:\/\/vieassociative.be\/actualites\/forte-presence-policiere-lors-daffrontements-contre-un-rassemblement-a-aix-la-chapelle\/\"},\"author\":{\"name\":\"Julien\",\"@id\":\"https:\/\/vieassociative.be\/actualites\/#\/schema\/person\/b87ac4f82f9d4e7b7cec7395b679edc4\"},\"headline\":\"Forte pr\u00e9sence polici\u00e8re lors d&rsquo;affrontements contre un rassemblement \u00e0 Aix-la-Chapelle\",\"datePublished\":\"2025-01-21T08:18:42+00:00\",\"dateModified\":\"2025-01-21T08:18:42+00:00\",\"mainEntityOfPage\":{\"@id\":\"https:\/\/vieassociative.be\/actualites\/forte-presence-policiere-lors-daffrontements-contre-un-rassemblement-a-aix-la-chapelle\/\"},\"wordCount\":242,\"publisher\":{\"@id\":\"https:\/\/vieassociative.be\/actualites\/#organization\"},\"image\":{\"@id\":\"https:\/\/vieassociative.be\/actualites\/forte-presence-policiere-lors-daffrontements-contre-un-rassemblement-a-aix-la-chapelle\/#primaryimage\"},\"thumbnailUrl\":\"https:\/\/vieassociative.be\/actualites\/wp-content\/uploads\/2025\/01\/1737447522_Forte-presence-policiere-lors-daffrontements-contre-un-rassemblement-a-Aix-la-Chapelle.jpg\",\"keywords\":[\"AixlaChapelle\",\"contre\",\"daffrontements\",\"Forte\",\"lors\",\"polici\u00e8re\",\"pr\u00e9sence\",\"rassemblement\"],\"articleSection\":[\"Belgique\"],\"inLanguage\":\"fr-BE\"},{\"@type\":\"WebPage\",\"@id\":\"https:\/\/vieassociative.be\/actualites\/forte-presence-policiere-lors-daffrontements-contre-un-rassemblement-a-aix-la-chapelle\/\",\"url\":\"https:\/\/vieassociative.be\/actualites\/forte-presence-policiere-lors-daffrontements-contre-un-rassemblement-a-aix-la-chapelle\/\",\"name\":\"Forte pr\u00e9sence polici\u00e8re lors d'affrontements contre un rassemblement \u00e0 Aix-la-Chapelle | Vie Associative\",\"isPartOf\":{\"@id\":\"https:\/\/vieassociative.be\/actualites\/#website\"},\"primaryImageOfPage\":{\"@id\":\"https:\/\/vieassociative.be\/actualites\/forte-presence-policiere-lors-daffrontements-contre-un-rassemblement-a-aix-la-chapelle\/#primaryimage\"},\"image\":{\"@id\":\"https:\/\/vieassociative.be\/actualites\/forte-presence-policiere-lors-daffrontements-contre-un-rassemblement-a-aix-la-chapelle\/#primaryimage\"},\"thumbnailUrl\":\"https:\/\/vieassociative.be\/actualites\/wp-content\/uploads\/2025\/01\/1737447522_Forte-presence-policiere-lors-daffrontements-contre-un-rassemblement-a-Aix-la-Chapelle.jpg\",\"datePublished\":\"2025-01-21T08:18:42+00:00\",\"dateModified\":\"2025-01-21T08:18:42+00:00\",\"breadcrumb\":{\"@id\":\"https:\/\/vieassociative.be\/actualites\/forte-presence-policiere-lors-daffrontements-contre-un-rassemblement-a-aix-la-chapelle\/#breadcrumb\"},\"inLanguage\":\"fr-BE\",\"potentialAction\":[{\"@type\":\"ReadAction\",\"target\":[\"https:\/\/vieassociative.be\/actualites\/forte-presence-policiere-lors-daffrontements-contre-un-rassemblement-a-aix-la-chapelle\/\"]}]},{\"@type\":\"ImageObject\",\"inLanguage\":\"fr-BE\",\"@id\":\"https:\/\/vieassociative.be\/actualites\/forte-presence-policiere-lors-daffrontements-contre-un-rassemblement-a-aix-la-chapelle\/#primaryimage\",\"url\":\"https:\/\/vieassociative.be\/actualites\/wp-content\/uploads\/2025\/01\/1737447522_Forte-presence-policiere-lors-daffrontements-contre-un-rassemblement-a-Aix-la-Chapelle.jpg\",\"contentUrl\":\"https:\/\/vieassociative.be\/actualites\/wp-content\/uploads\/2025\/01\/1737447522_Forte-presence-policiere-lors-daffrontements-contre-un-rassemblement-a-Aix-la-Chapelle.jpg\",\"width\":1200,\"height\":800,\"caption\":\"Forte pr\u00e9sence polici\u00e8re lors d'affrontements contre un rassemblement \u00e0 Aix-la-Chapelle\"},{\"@type\":\"BreadcrumbList\",\"@id\":\"https:\/\/vieassociative.be\/actualites\/forte-presence-policiere-lors-daffrontements-contre-un-rassemblement-a-aix-la-chapelle\/#breadcrumb\",\"itemListElement\":[{\"@type\":\"ListItem\",\"position\":1,\"name\":\"Accueil\",\"item\":\"https:\/\/vieassociative.be\/actualites\/\"},{\"@type\":\"ListItem\",\"position\":2,\"name\":\"Forte pr\u00e9sence polici\u00e8re lors d&rsquo;affrontements contre un rassemblement \u00e0 Aix-la-Chapelle\"}]},{\"@type\":\"WebSite\",\"@id\":\"https:\/\/vieassociative.be\/actualites\/#website\",\"url\":\"https:\/\/vieassociative.be\/actualites\/\",\"name\":\"Vie Associative\",\"description\":\"\",\"publisher\":{\"@id\":\"https:\/\/vieassociative.be\/actualites\/#organization\"},\"potentialAction\":[{\"@type\":\"SearchAction\",\"target\":{\"@type\":\"EntryPoint\",\"urlTemplate\":\"https:\/\/vieassociative.be\/actualites\/?s={search_term_string}\"},\"query-input\":{\"@type\":\"PropertyValueSpecification\",\"valueRequired\":true,\"valueName\":\"search_term_string\"}}],\"inLanguage\":\"fr-BE\"},{\"@type\":\"Organization\",\"@id\":\"https:\/\/vieassociative.be\/actualites\/#organization\",\"name\":\"Vie Associative\",\"url\":\"https:\/\/vieassociative.be\/actualites\/\",\"logo\":{\"@type\":\"ImageObject\",\"inLanguage\":\"fr-BE\",\"@id\":\"https:\/\/vieassociative.be\/actualites\/#\/schema\/logo\/image\/\",\"url\":\"https:\/\/vieassociative.be\/actualites\/wp-content\/uploads\/2024\/09\/cropped-vieassociative_favicon.ico.png\",\"contentUrl\":\"https:\/\/vieassociative.be\/actualites\/wp-content\/uploads\/2024\/09\/cropped-vieassociative_favicon.ico.png\",\"width\":512,\"height\":512,\"caption\":\"Vie Associative\"},\"image\":{\"@id\":\"https:\/\/vieassociative.be\/actualites\/#\/schema\/logo\/image\/\"}},{\"@type\":\"Person\",\"@id\":\"https:\/\/vieassociative.be\/actualites\/#\/schema\/person\/b87ac4f82f9d4e7b7cec7395b679edc4\",\"name\":\"Julien\",\"image\":{\"@type\":\"ImageObject\",\"inLanguage\":\"fr-BE\",\"@id\":\"https:\/\/vieassociative.be\/actualites\/#\/schema\/person\/image\/\",\"url\":\"https:\/\/vieassociative.be\/actualites\/wp-content\/uploads\/2024\/09\/vie-associative-1-150x150.jpg\",\"contentUrl\":\"https:\/\/vieassociative.be\/actualites\/wp-content\/uploads\/2024\/09\/vie-associative-1-150x150.jpg\",\"caption\":\"Julien\"},\"description\":\"Je suis Julien, r\u00e9dacteur pour Vie Associative. Passionn\u00e9 par le monde associatif depuis plus de 10 ans, j'ai \u00e0 c\u0153ur de partager des histoires inspirantes et de mettre en lumi\u00e8re les initiatives locales. Mon objectif est de sensibiliser et d'encourager l'engagement communautaire \u00e0 travers mes articles.\",\"sameAs\":[\"https:\/\/vieassociative.be\/\"]}]}<\/script>\n<!-- \/ Yoast SEO plugin. -->","yoast_head_json":{"title":"Forte pr\u00e9sence polici\u00e8re lors d'affrontements contre un rassemblement \u00e0 Aix-la-Chapelle | Vie Associative","robots":{"index":"index","follow":"follow","max-snippet":"max-snippet:-1","max-image-preview":"max-image-preview:large","max-video-preview":"max-video-preview:-1"},"canonical":"https:\/\/vieassociative.be\/actualites\/forte-presence-policiere-lors-daffrontements-contre-un-rassemblement-a-aix-la-chapelle\/","og_locale":"fr_FR","og_type":"article","og_title":"Forte pr\u00e9sence polici\u00e8re lors d'affrontements contre un rassemblement \u00e0 Aix-la-Chapelle | Vie Associative","og_description":"Des affrontements avec la police ont \u00e9clat\u00e9 lors de manifestations contre un rassemblement d&rsquo;extr\u00e9mistes de droite \u00e0 Aix-la-Chapelle. Plusieurs groupes de gauche ont r\u00e9ussi \u00e0","og_url":"https:\/\/vieassociative.be\/actualites\/forte-presence-policiere-lors-daffrontements-contre-un-rassemblement-a-aix-la-chapelle\/","og_site_name":"Vie Associative","article_published_time":"2025-01-21T08:18:42+00:00","og_image":[{"width":279,"height":92,"url":"https:\/\/vieassociative.be\/actualites\/wp-content\/uploads\/2024\/09\/header_backgroundk-01-e1726694325946.png","type":"image\/png"}],"author":"Julien","twitter_card":"summary_large_image","twitter_misc":{"\u00c9crit par":"Julien","Dur\u00e9e de lecture est.":"1 minute"},"schema":{"@context":"https:\/\/schema.org","@graph":[{"@type":"Article","@id":"https:\/\/vieassociative.be\/actualites\/forte-presence-policiere-lors-daffrontements-contre-un-rassemblement-a-aix-la-chapelle\/#article","isPartOf":{"@id":"https:\/\/vieassociative.be\/actualites\/forte-presence-policiere-lors-daffrontements-contre-un-rassemblement-a-aix-la-chapelle\/"},"author":{"name":"Julien","@id":"https:\/\/vieassociative.be\/actualites\/#\/schema\/person\/b87ac4f82f9d4e7b7cec7395b679edc4"},"headline":"Forte pr\u00e9sence polici\u00e8re lors d&rsquo;affrontements contre un rassemblement \u00e0 Aix-la-Chapelle","datePublished":"2025-01-21T08:18:42+00:00","dateModified":"2025-01-21T08:18:42+00:00","mainEntityOfPage":{"@id":"https:\/\/vieassociative.be\/actualites\/forte-presence-policiere-lors-daffrontements-contre-un-rassemblement-a-aix-la-chapelle\/"},"wordCount":242,"publisher":{"@id":"https:\/\/vieassociative.be\/actualites\/#organization"},"image":{"@id":"https:\/\/vieassociative.be\/actualites\/forte-presence-policiere-lors-daffrontements-contre-un-rassemblement-a-aix-la-chapelle\/#primaryimage"},"thumbnailUrl":"https:\/\/vieassociative.be\/actualites\/wp-content\/uploads\/2025\/01\/1737447522_Forte-presence-policiere-lors-daffrontements-contre-un-rassemblement-a-Aix-la-Chapelle.jpg","keywords":["AixlaChapelle","contre","daffrontements","Forte","lors","polici\u00e8re","pr\u00e9sence","rassemblement"],"articleSection":["Belgique"],"inLanguage":"fr-BE"},{"@type":"WebPage","@id":"https:\/\/vieassociative.be\/actualites\/forte-presence-policiere-lors-daffrontements-contre-un-rassemblement-a-aix-la-chapelle\/","url":"https:\/\/vieassociative.be\/actualites\/forte-presence-policiere-lors-daffrontements-contre-un-rassemblement-a-aix-la-chapelle\/","name":"Forte pr\u00e9sence polici\u00e8re lors d'affrontements contre un rassemblement \u00e0 Aix-la-Chapelle | Vie Associative","isPartOf":{"@id":"https:\/\/vieassociative.be\/actualites\/#website"},"primaryImageOfPage":{"@id":"https:\/\/vieassociative.be\/actualites\/forte-presence-policiere-lors-daffrontements-contre-un-rassemblement-a-aix-la-chapelle\/#primaryimage"},"image":{"@id":"https:\/\/vieassociative.be\/actualites\/forte-presence-policiere-lors-daffrontements-contre-un-rassemblement-a-aix-la-chapelle\/#primaryimage"},"thumbnailUrl":"https:\/\/vieassociative.be\/actualites\/wp-content\/uploads\/2025\/01\/1737447522_Forte-presence-policiere-lors-daffrontements-contre-un-rassemblement-a-Aix-la-Chapelle.jpg","datePublished":"2025-01-21T08:18:42+00:00","dateModified":"2025-01-21T08:18:42+00:00","breadcrumb":{"@id":"https:\/\/vieassociative.be\/actualites\/forte-presence-policiere-lors-daffrontements-contre-un-rassemblement-a-aix-la-chapelle\/#breadcrumb"},"inLanguage":"fr-BE","potentialAction":[{"@type":"ReadAction","target":["https:\/\/vieassociative.be\/actualites\/forte-presence-policiere-lors-daffrontements-contre-un-rassemblement-a-aix-la-chapelle\/"]}]},{"@type":"ImageObject","inLanguage":"fr-BE","@id":"https:\/\/vieassociative.be\/actualites\/forte-presence-policiere-lors-daffrontements-contre-un-rassemblement-a-aix-la-chapelle\/#primaryimage","url":"https:\/\/vieassociative.be\/actualites\/wp-content\/uploads\/2025\/01\/1737447522_Forte-presence-policiere-lors-daffrontements-contre-un-rassemblement-a-Aix-la-Chapelle.jpg","contentUrl":"https:\/\/vieassociative.be\/actualites\/wp-content\/uploads\/2025\/01\/1737447522_Forte-presence-policiere-lors-daffrontements-contre-un-rassemblement-a-Aix-la-Chapelle.jpg","width":1200,"height":800,"caption":"Forte pr\u00e9sence polici\u00e8re lors d'affrontements contre un rassemblement \u00e0 Aix-la-Chapelle"},{"@type":"BreadcrumbList","@id":"https:\/\/vieassociative.be\/actualites\/forte-presence-policiere-lors-daffrontements-contre-un-rassemblement-a-aix-la-chapelle\/#breadcrumb","itemListElement":[{"@type":"ListItem","position":1,"name":"Accueil","item":"https:\/\/vieassociative.be\/actualites\/"},{"@type":"ListItem","position":2,"name":"Forte pr\u00e9sence polici\u00e8re lors d&rsquo;affrontements contre un rassemblement \u00e0 Aix-la-Chapelle"}]},{"@type":"WebSite","@id":"https:\/\/vieassociative.be\/actualites\/#website","url":"https:\/\/vieassociative.be\/actualites\/","name":"Vie Associative","description":"","publisher":{"@id":"https:\/\/vieassociative.be\/actualites\/#organization"},"potentialAction":[{"@type":"SearchAction","target":{"@type":"EntryPoint","urlTemplate":"https:\/\/vieassociative.be\/actualites\/?s={search_term_string}"},"query-input":{"@type":"PropertyValueSpecification","valueRequired":true,"valueName":"search_term_string"}}],"inLanguage":"fr-BE"},{"@type":"Organization","@id":"https:\/\/vieassociative.be\/actualites\/#organization","name":"Vie Associative","url":"https:\/\/vieassociative.be\/actualites\/","logo":{"@type":"ImageObject","inLanguage":"fr-BE","@id":"https:\/\/vieassociative.be\/actualites\/#\/schema\/logo\/image\/","url":"https:\/\/vieassociative.be\/actualites\/wp-content\/uploads\/2024\/09\/cropped-vieassociative_favicon.ico.png","contentUrl":"https:\/\/vieassociative.be\/actualites\/wp-content\/uploads\/2024\/09\/cropped-vieassociative_favicon.ico.png","width":512,"height":512,"caption":"Vie Associative"},"image":{"@id":"https:\/\/vieassociative.be\/actualites\/#\/schema\/logo\/image\/"}},{"@type":"Person","@id":"https:\/\/vieassociative.be\/actualites\/#\/schema\/person\/b87ac4f82f9d4e7b7cec7395b679edc4","name":"Julien","image":{"@type":"ImageObject","inLanguage":"fr-BE","@id":"https:\/\/vieassociative.be\/actualites\/#\/schema\/person\/image\/","url":"https:\/\/vieassociative.be\/actualites\/wp-content\/uploads\/2024\/09\/vie-associative-1-150x150.jpg","contentUrl":"https:\/\/vieassociative.be\/actualites\/wp-content\/uploads\/2024\/09\/vie-associative-1-150x150.jpg","caption":"Julien"},"description":"Je suis Julien, r\u00e9dacteur pour Vie Associative. Passionn\u00e9 par le monde associatif depuis plus de 10 ans, j'ai \u00e0 c\u0153ur de partager des histoires inspirantes et de mettre en lumi\u00e8re les initiatives locales. Mon objectif est de sensibiliser et d'encourager l'engagement communautaire \u00e0 travers mes articles.","sameAs":["https:\/\/vieassociative.be\/"]}]}},"_links":{"self":[{"href":"https:\/\/vieassociative.be\/actualites\/wp-json\/wp\/v2\/posts\/4478"}],"collection":[{"href":"https:\/\/vieassociative.be\/actualites\/wp-json\/wp\/v2\/posts"}],"about":[{"href":"https:\/\/vieassociative.be\/actualites\/wp-json\/wp\/v2\/types\/post"}],"author":[{"embeddable":true,"href":"https:\/\/vieassociative.be\/actualites\/wp-json\/wp\/v2\/users\/1"}],"replies":[{"embeddable":true,"href":"https:\/\/vieassociative.be\/actualites\/wp-json\/wp\/v2\/comments?post=4478"}],"version-history":[{"count":0,"href":"https:\/\/vieassociative.be\/actualites\/wp-json\/wp\/v2\/posts\/4478\/revisions"}],"wp:featuredmedia":[{"embeddable":true,"href":"https:\/\/vieassociative.be\/actualites\/wp-json\/wp\/v2\/media\/4479"}],"wp:attachment":[{"href":"https:\/\/vieassociative.be\/actualites\/wp-json\/wp\/v2\/media?parent=4478"}],"wp:term":[{"taxonomy":"category","embeddable":true,"href":"https:\/\/vieassociative.be\/actualites\/wp-json\/wp\/v2\/categories?post=4478"},{"taxonomy":"post_tag","embeddable":true,"href":"https:\/\/vieassociative.be\/actualites\/wp-json\/wp\/v2\/tags?post=4478"}],"curies":[{"name":"wp","href":"https:\/\/api.w.org\/{rel}","templated":true}]}}