{"id":4476,"date":"2025-01-21T08:17:06","date_gmt":"2025-01-21T07:17:06","guid":{"rendered":"https:\/\/vieassociative.be\/actualites\/ce-sont-mes-recettes-de-friteuse-a-air-preferees\/"},"modified":"2025-01-21T08:17:06","modified_gmt":"2025-01-21T07:17:06","slug":"ce-sont-mes-recettes-de-friteuse-a-air-preferees","status":"publish","type":"post","link":"https:\/\/vieassociative.be\/actualites\/ce-sont-mes-recettes-de-friteuse-a-air-preferees\/","title":{"rendered":"Ce sont mes recettes de friteuse \u00e0 air pr\u00e9f\u00e9r\u00e9es"},"content":{"rendered":"<div class=\"mt-4 leading-6 md:mb-8\">Parmi tous les d\u00e9licieux morceaux qui sortent de ma friteuse \u00e0 air, ces recettes sont en t\u00eate de liste.<\/div>\n<p><\/p>\n<p><em>Votre cuisine doit avoir les bons outils. Bienvenue dans un guide pour pr\u00e9parer votre cuisine<\/em><em>une s\u00e9rie dans laquelle je vous aide \u00e0 \u00e9quiper l&rsquo;espace de tous les petits appareils \u00e9lectrom\u00e9nagers dont vous avez besoin (et \u00e0 abandonner ceux dont vous n&rsquo;avez pas besoin).<\/em><\/p>\n<p>La friteuse \u00e0 air nous a tous offert un chauffage par convection rapide \u00e0 des prix abordables et un r\u00e9chauffage sans pr\u00e9c\u00e9dent des restes d&rsquo;aliments frits. Que demander de plus \u00e0 une fille ? Compar\u00e9 \u00e0 un micro-ondes ou \u00e0 un batteur sur socle, c&rsquo;est un appareil avec lequel je ne vis pas depuis tr\u00e8s longtemps, mais je ne peux pas imaginer vivre sans lui maintenant. Que ce soit la premi\u00e8re fois que vous utilisez une friteuse \u00e0 air ou votre 500\u00e8me, vous adorerez ces plats infaillibles. Voici quelques-unes de mes recettes de friteuse \u00e0 air pr\u00e9f\u00e9r\u00e9es \u00e0 ce jour. <\/p>\n<h2 id=\"easy-mushroom-chips\">Chips de champignons faciles<\/h2>\n<p>Les friteuses \u00e0 air apportent rapidit\u00e9, facilit\u00e9 et efficacit\u00e9 \u00e0 nos cuisines et aucune recette ne rend plus hommage \u00e0 cet appareil de cuisson que ces chips de champignons. C&rsquo;est une recette \u00e0 deux ingr\u00e9dients qui ne n\u00e9cessite pratiquement aucune pr\u00e9paration et vous \u00eates r\u00e9compens\u00e9 par une collation savoureuse et croquante. Ces chips de champignons peuvent \u00eatre consomm\u00e9es seules ou comme garniture croustillante pour des soupes, des salades ou des rago\u00fbts. Ils sont \u00e9galement naturellement sans gluten et v\u00e9g\u00e9taliens. <\/p>\n<div class=\"eloquent-imagery-image\">\n<div class=\"flex justify-center\">\n                    <img decoding=\"async\" class=\"border border-gray-100\" src=\"https:\/\/vieassociative.be\/actualites\/wp-content\/uploads\/2025\/01\/Ce-sont-mes-recettes-de-friteuse-a-air-preferees.png\" alt=\"Un tas de chips de champignons sur une assiette blanche.\" width=\"2000\" height=\"1125\" loading=\"lazy\"  >\n            <\/div>\n<\/p><\/div>\n<h2 id=\"air-fried-pierogies\">Pierogies frits \u00e0 l&rsquo;air<\/h2>\n<p>Il y a peu de choses plus satisfaisantes qu&rsquo;une poche de p\u00e2tes molles remplie de pommes de terre, de viande ou de l\u00e9gumes. Mais un <em>croustillant<\/em>Une poche de p\u00e2tes d\u00e9cortiqu\u00e9es pourrait \u00eatre exactement ce qu&rsquo;il vous faut. Ces pierogies frits \u00e0 l&rsquo;air sont faciles, gr\u00e2ce au rayon des aliments surgel\u00e9s de l&rsquo;\u00e9picerie, mais assurez-vous de suivre mes conseils ici pour vous retrouver avec une coquille l\u00e9g\u00e8re et fracassante. <\/p>\n<div class=\"eloquent-imagery-image\">\n<div class=\"flex justify-center\">\n                    <img decoding=\"async\" class=\"border border-gray-100\" src=\"https:\/\/vieassociative.be\/actualites\/wp-content\/uploads\/2025\/01\/Ce-sont-mes-recettes-de-friteuse-a-air-preferees.jpg\" alt=\"Une assiette de pierogies frits \u00e0 l'air, avec un ouvert devant.\" width=\"2000\" height=\"1124\" loading=\"lazy\"  >\n            <\/div>\n<\/p><\/div>\n<h2 id=\"meatball-shots\">Coups de boulettes de viande<\/h2>\n<p>Les boulettes de viande pr\u00e9emball\u00e9es de supermarch\u00e9 permettent de r\u00e9aliser rapidement et facilement ces bouch\u00e9es de viande fourr\u00e9es au fromage. Je les appr\u00e9cie particuli\u00e8rement comme collation du Super Bowl, mais soyons honn\u00eates : parfois, il n&rsquo;y a pas de sport mais une envie sal\u00e9e surgit n\u00e9anmoins. Ce sont les collations \u00e0 trois ingr\u00e9dients qu\u2019il vous faut. \u00c9videz simplement le centre d\u2019une boulette de viande et remplissez-la avant de rendre les bords croustillants dans votre friteuse \u00e0 air. Lisez ici pour la recette compl\u00e8te.<\/p>\n<div class=\"eloquent-imagery-image\">\n<div class=\"flex justify-center\">\n                    <img decoding=\"async\" class=\"border border-gray-100\" src=\"https:\/\/vieassociative.be\/actualites\/wp-content\/uploads\/2025\/01\/1737443824_710_Ce-sont-mes-recettes-de-friteuse-a-air-preferees.png\" alt=\"Une assiette de boulettes de viande remplies de fromage \u00e0 p\u00e2te molle.\" width=\"2000\" height=\"1125\" loading=\"lazy\"  >\n            <\/div>\n<\/p><\/div>\n<h2 id=\"stuffed-mushrooms\">Champignons farcis<\/h2>\n<p>Les champignons farcis font facilement partie de mes trois collations pr\u00e9f\u00e9r\u00e9es. Ils sont satisfaisants, regorgent d\u2019umami et extr\u00eamement rapides \u00e0 pr\u00e9parer dans la friteuse \u00e0 air. Ma recette utilise des saucisses, des \u00e9pices et un peu de fromage \u00e0 la cr\u00e8me pour lier le tout, mais vous pouvez facilement remplacer la viande par une garniture diff\u00e9rente de votre choix. Une fois dans la friteuse, leur cuisson ne prend que 10 minutes environ, soit une fraction du temps qu&rsquo;ils prendraient dans un four conventionnel.<\/p>\n<div class=\"eloquent-imagery-image\">\n<div class=\"flex justify-center\">\n                    <img decoding=\"async\" class=\"border border-gray-100\" src=\"https:\/\/vieassociative.be\/actualites\/wp-content\/uploads\/2025\/01\/1737443824_760_Ce-sont-mes-recettes-de-friteuse-a-air-preferees.png\" alt=\"Une assiette pleine de champignons farcis.\" width=\"2000\" height=\"1125\" loading=\"lazy\"  >\n            <\/div>\n<\/p><\/div>\n<h2 id=\"scotch-eggs\">Oeufs \u00e9cossais<\/h2>\n<p>Les \u0153ufs \u00e9cossais sont comme des balles de baseball pour le petit-d\u00e9jeuner. Un \u0153uf dur est enferm\u00e9 dans une \u00e9paisse coquille de saucisse, pan\u00e9 et frit. Cette recette de friteuse \u00e0 air rompt avec la tradition, mais de justesse. Au lieu d&rsquo;utiliser une friteuse pour cuire la boule de prot\u00e9ines, un l\u00e9ger jet d&rsquo;huile et les vents fouettants de la friteuse \u00e0 air se chargent de la cuisson. L&rsquo;ext\u00e9rieur est croustillant tandis que la saucisse reste juteuse et que l&rsquo;\u0153uf ne cuit pas trop. <\/p>\n<div class=\"eloquent-imagery-image\">\n<div class=\"flex justify-center\">\n                    <img decoding=\"async\" class=\"border border-gray-100\" src=\"https:\/\/vieassociative.be\/actualites\/wp-content\/uploads\/2025\/01\/1737443824_386_Ce-sont-mes-recettes-de-friteuse-a-air-preferees.png\" alt=\"\u0152ufs \u00e9cossais dans une assiette.\" width=\"2000\" height=\"1126\" loading=\"lazy\"  >\n            <\/div>\n<\/p><\/div>\n<h2 id=\"juicy-air-fryer-steak-bites\">Bouch\u00e9es de steak juteuses \u00e0 la friteuse \u00e0 air<\/h2>\n<p>L\u2019une de mes collations pr\u00e9f\u00e9r\u00e9es lorsque je suis un r\u00e9gime riche en prot\u00e9ines (et lorsque j\u2019en ai les moyens) est un bol de bouch\u00e9es de steak. La friteuse \u00e0 air permet de pr\u00e9parer rapidement ces bouch\u00e9es de steak \u00ab pop-corn \u00bb, mais attention, la recette moyenne vous fera trop les cuire en quelques minutes. Suivez plut\u00f4t ma recette et utilisez le cong\u00e9lateur pour garder votre collation co\u00fbteuse juteuse et savoureuse.<\/p>\n<div class=\"eloquent-imagery-image\">\n<div class=\"flex justify-center\">\n                    <img decoding=\"async\" class=\"border border-gray-100\" src=\"https:\/\/vieassociative.be\/actualites\/wp-content\/uploads\/2025\/01\/1737443824_80_Ce-sont-mes-recettes-de-friteuse-a-air-preferees.jpg\" alt=\"Bouch\u00e9es de steak dans un bol.\" width=\"2000\" height=\"1125\" loading=\"lazy\"  >\n            <\/div>\n<\/p><\/div>\n<hr>\n<h3>Vous n&rsquo;\u00eates pas en retard dans la tendance des friteuses \u00e0 air, vous \u00eates pile \u00e0 l&rsquo;heure\u00a0:<\/h3>\n<ul>\n<li>\n<p>Panier flexible Ninja Foodi 6 en 1 DualZone<\/p>\n<\/li>\n<li>\n<p>Friteuse \u00e0 air Pro Breville Smart Oven<\/p>\n<\/li>\n<\/ul>\n<div class=\"pogoClear mb-12 mt-10 rounded-md border-2 border-gray-100 py-7 shadow-xl md:py-6\">\n<div class=\"flex flex-wrap justify-between px-7 text-black no-underline md:flex-nowrap md:px-8\">\n<div class=\"order-1 mx-auto flex flex-col justify-center md:order-2 md:ml-4 md:w-full md:grow\">\n<div class=\"block cursor-pointer text-center font-akshar text-2xl font-medium leading-7 text-brand-green duration-200 ease-in-out hover:text-brand-green-700 md:text-left md:text-xl md:leading-6\">Cuisinart Friteuse \u00e0 air + four grille-pain \u00e0 convection, four 8-1 avec options de cuisson, grill, gril et r\u00e9chaud, acier inoxydable, TOA-70\n                <\/div>\n<div class=\"mt-4 hidden md:flex md:justify-between\">\n<div class=\"self-end\">\n<div class=\"mb-0 h-11 md:flex md:flex-col md:justify-center\">\n<div class=\" font-sans leading-4 text-black\">\n<div class=\"flex flex-wrap items-center justify-center gap-x-1 md:justify-start\">\n        <span class=\"font-bold\"><\/p>\n<p>            195,99\u00a0$<br \/>\n                            <span class=\"font-medium\">chez Walmart<\/span><br \/>\n                    <\/span>\n            <\/div>\n<div class=\"flex items-center justify-center gap-x-1 font-bold md:justify-start\">\n            <span class=\"text-sm line-through\">229,99\u00a0$<\/span><br \/>\n            <span class=\"text-sm text-brand-green\">\u00c9conomisez 34,00\u00a0$<\/span>\n        <\/div>\n<\/p><\/div>\n<\/p><\/div>\n<\/p><\/div>\n<div class=\"w-44 self-end\">\n                            <button class=\"flex justify-center items-center w-full bg-brand-green text-white text-base font-sans font-medium rounded-md hover:bg-brand-green-700 hover:cursor-pointer md:text-sm h-11\"><\/p>\n<p>    Achetez maintenant<br \/>\n<\/button>\n                        <\/div>\n<\/p><\/div>\n<\/p><\/div>\n<div class=\"order-2 mt-5 h-auto w-full md:order-1 md:mt-0 md:hidden\">\n<div class=\"flex aspect-video items-center justify-center\">\n                                            <img decoding=\"async\" class=\"m-0 max-h-full max-w-full rounded-md\" src=\"https:\/\/vieassociative.be\/actualites\/wp-content\/uploads\/2025\/01\/1737443825_329_Ce-sont-mes-recettes-de-friteuse-a-air-preferees.jpg\" alt=\"Cuisinart Friteuse \u00e0 air + four grille-pain \u00e0 convection, four 8-1 avec options de cuisson, grill, gril et r\u00e9chaud, acier inoxydable, TOA-70\" width=\"auto\" height=\"auto\" loading=\"lazy\">\n                                    <\/div>\n<\/p><\/div>\n<div class=\"order-2 ml-2 hidden w-32 shrink-0 items-center md:order-1 md:ml-0 md:flex\">\n<div class=\"flex aspect-video items-center justify-center\">\n                                            <img decoding=\"async\" class=\"m-0 max-h-full max-w-full rounded-md\" src=\"https:\/\/vieassociative.be\/actualites\/wp-content\/uploads\/2025\/01\/1737443825_329_Ce-sont-mes-recettes-de-friteuse-a-air-preferees.jpg\" alt=\"Cuisinart Friteuse \u00e0 air + four grille-pain \u00e0 convection, four 8-1 avec options de cuisson, grill, gril et r\u00e9chaud, acier inoxydable, TOA-70\" width=\"auto\" height=\"auto\" loading=\"lazy\">\n                                    <\/div>\n<\/p><\/div>\n<div class=\"order-3 flex grow flex-wrap md:hidden md:grow-0\">\n<div class=\"mt-4 w-full\">\n                        <button class=\"flex justify-center items-center w-full bg-brand-green text-white text-base font-sans font-medium rounded-md hover:bg-brand-green-700 hover:cursor-pointer md:text-sm h-11\"><\/p>\n<p>    Achetez maintenant<br \/>\n<\/button>\n                    <\/div>\n<div class=\"mx-2 mt-4 w-full\">\n<div class=\" font-sans leading-4 text-black\">\n<div class=\"flex flex-wrap items-center justify-center gap-x-1 md:justify-start\">\n        <span class=\"font-bold\"><\/p>\n<p>            195,99\u00a0$<br \/>\n                            <span class=\"font-medium\">chez Walmart<\/span><br \/>\n                    <\/span>\n            <\/div>\n<div class=\"flex items-center justify-center gap-x-1 font-bold md:justify-start\">\n            <span class=\"text-sm line-through\">229,99\u00a0$<\/span><br \/>\n            <span class=\"text-sm text-brand-green\">\u00c9conomisez 34,00\u00a0$<\/span>\n        <\/div>\n<\/p><\/div>\n<\/p><\/div>\n<\/p><\/div>\n<\/p><\/div>\n<\/div>\n<hr>\n<h2 id=\"potato-crusted-chicken-fingers\">Doigts de poulet en cro\u00fbte de pommes de terre<\/h2>\n<p>Lorsque vous recherchez une cro\u00fbte croustillante sur vos doigts de poulet, l&rsquo;amidon est votre meilleur ami. Il s\u2019av\u00e8re que les flocons de pommes de terre s\u00e9ch\u00e9s en contiennent. Ils sont faciles \u00e0 travailler et peuvent m\u00eame constituer une d\u00e9licieuse \u00ab panure \u00bb sans gluten. Tout ce dont vous avez besoin, c&rsquo;est de quelques ingr\u00e9dients pour pr\u00e9parer cette recette, et vous aurez votre propre lot irr\u00e9sistible de doigts de poulet en cro\u00fbte de pommes de terre. <\/p>\n<div class=\"eloquent-imagery-image\">\n<div class=\"flex justify-center\">\n                    <img decoding=\"async\" class=\"border border-gray-100\" src=\"https:\/\/vieassociative.be\/actualites\/wp-content\/uploads\/2025\/01\/1737443825_907_Ce-sont-mes-recettes-de-friteuse-a-air-preferees.png\" alt=\"Doigts de poulet sur une assiette\" width=\"2000\" height=\"1125\" loading=\"lazy\"  >\n            <\/div>\n<\/p><\/div>\n<h2 id=\"bacon-wrapped-banana-bites\">Bouch\u00e9es de banane enrob\u00e9es de bacon<\/h2>\n<p>Je sugg\u00e8re toujours cette recette aux personnes dispos\u00e9es \u00e0 donner une chance \u00e0 de nouvelles combinaisons. Si vous \u00eates d&rsquo;accord avec du beurre de cacahu\u00e8te sal\u00e9 sur une tranche de banane, vous n&rsquo;\u00eates probablement qu&rsquo;\u00e0 une aventure gustative avant de savourer ces bouch\u00e9es de banane enrob\u00e9es de bacon. La recette ne pourrait pas \u00eatre plus simple et le r\u00e9sultat est sensationnel.<\/p>\n<div class=\"eloquent-imagery-image\">\n<div class=\"flex justify-center\">\n                    <img decoding=\"async\" class=\"border border-gray-100\" src=\"https:\/\/vieassociative.be\/actualites\/wp-content\/uploads\/2025\/01\/1737443826_222_Ce-sont-mes-recettes-de-friteuse-a-air-preferees.png\" alt=\"Bouch\u00e9es de banane envelopp\u00e9es de bacon sur une assiette.\" width=\"2000\" height=\"1125\" loading=\"lazy\"  >\n            <\/div>\n<\/p><\/div>\n<h2 id=\"stuffed-shishito-pepper-poppers\">Poppers farcis au piment shishito<\/h2>\n<p>La friteuse \u00e0 air pr\u00e9pare des l\u00e9gumes r\u00f4tis parfaitement cloqu\u00e9s en une fraction du temps n\u00e9cessaire au four conventionnel, ce qui signifie que vous pouvez pr\u00e9parer ces poppers au poivre shishito en moins de 10 minutes. Puisque vous pouvez manger les graines et les c\u00f4tes dans un shishito, vous n&rsquo;avez pas beaucoup plus de pr\u00e9paration \u00e0 faire que de les diviser et d&rsquo;y glisser un peu de m\u00e9lange de fromage. <\/p>\n<div class=\"eloquent-imagery-image\">\n<div class=\"flex justify-center\">\n                    <img decoding=\"async\" class=\"border border-gray-100\" src=\"https:\/\/vieassociative.be\/actualites\/wp-content\/uploads\/2025\/01\/1737443826_433_Ce-sont-mes-recettes-de-friteuse-a-air-preferees.png\" alt=\"Poivrons Shishito farcis au fromage sur une assiette.\" width=\"2000\" height=\"1124\" loading=\"lazy\"  >\n            <\/div>\n<\/p><\/div>\n<h2 id=\"frico-gratin-potato-squares\">Carr\u00e9s de pommes de terre gratin\u00e9s Frico<\/h2>\n<p>Frico, c&rsquo;est quand les fromages \u00e0 faible teneur en humidit\u00e9 cuisent jusqu&rsquo;\u00e0 devenir litt\u00e9ralement croustillants, et c&rsquo;est l&rsquo;une des exp\u00e9riences fromag\u00e8res les plus divines que vous puissiez vivre. Mangez du frico comme collation ou recouvrez vos restes de pommes de terre gratin\u00e9es de frico au parmesan avec cette recette simple. C&rsquo;est un moyen simple de transformer les restes et de leur donner une nouvelle texture et une seconde vie (qui pourrait m\u00eame \u00eatre meilleure que la premi\u00e8re).<\/p>\n<div class=\"eloquent-imagery-image\">\n<div class=\"flex justify-center\">\n                    <img decoding=\"async\" class=\"border border-gray-100\" src=\"https:\/\/vieassociative.be\/actualites\/wp-content\/uploads\/2025\/01\/1737443826_511_Ce-sont-mes-recettes-de-friteuse-a-air-preferees.png\" alt=\"Carr\u00e9 de pommes de terre frites \u00e0 l'air libre sur une assiette.\" width=\"2000\" height=\"1125\" loading=\"lazy\"  >\n            <\/div>\n<\/p><\/div>\n<h2 id=\"mac-and-cheese-bites\">Bouch\u00e9es de macaroni au fromage<\/h2>\n<p>Vous vous souvenez de la fa\u00e7on dont j&rsquo;ai dit que le fromage cuit devenait croustillant\u00a0? Eh bien, les restes de macaroni au fromage ont fait toute la pr\u00e9paration des frico pour vous. Tout ce que vous avez \u00e0 faire est de le trancher et de le mettre dans la friteuse. Pr\u00e9parez des bouch\u00e9es carr\u00e9es ou de longs b\u00e2tonnets de macaroni au fromage pour une collation facile l&rsquo;apr\u00e8s-midi. Un passage rapide dans le four \u00e0 convection fera frire les bords pour obtenir un fromage croustillant.<\/p>\n<div class=\"eloquent-imagery-image\">\n<div class=\"flex justify-center\">\n                    <img decoding=\"async\" class=\"border border-gray-100\" src=\"https:\/\/vieassociative.be\/actualites\/wp-content\/uploads\/2025\/01\/1737443826_312_Ce-sont-mes-recettes-de-friteuse-a-air-preferees.png\" alt=\"Bouch\u00e9es de macaroni au fromage dans des bols sur une table.\" width=\"2000\" height=\"1125\" loading=\"lazy\"  >\n            <\/div>\n<\/p><\/div>\n<h2 id=\"a-simple-banana-dessert\">Un dessert simple \u00e0 la banane<\/h2>\n<p>Une partie de ce qui m\u2019attire vers la cuisine dans la friteuse \u00e0 air est qu\u2019elle invite \u00e0 la simplicit\u00e9. On ne peut pas y mettre une spatule pendant la cuisson et remuer les choses, pas besoin d&rsquo;ajouter un peu de ceci ou de cela \u00e0 mi-cuisson, ni de le couvrir d&rsquo;un couvercle pour laisser mijoter. C&rsquo;est un appareil dans lequel la chaleur parle, et tout ce que vous mettez \u00e0 l&rsquo;int\u00e9rieur s&rsquo;\u00e9panouit dans les vents chauds ou \u00e9choue. Une banane prosp\u00e8re absolument. Vous savez que les bananes enrob\u00e9es de bacon se marient bien dans la friteuse, mais n&rsquo;oubliez pas le dessert. Cette recette vous indique la meilleure fa\u00e7on de faire frire une banane avec la peau avec seulement quelques garnitures sucr\u00e9es.<\/p>\n<div class=\"eloquent-imagery-image\">\n<div class=\"flex justify-center\">\n                    <img decoding=\"async\" class=\"border border-gray-100\" src=\"https:\/\/vieassociative.be\/actualites\/wp-content\/uploads\/2025\/01\/1737443826_531_Ce-sont-mes-recettes-de-friteuse-a-air-preferees.png\" alt=\"Banane frite \u00e0 l'air divis\u00e9e en deux et sur une assiette.\" width=\"2000\" height=\"1125\" loading=\"lazy\"  >\n            <\/div>\n<\/p><\/div>\n","protected":false},"excerpt":{"rendered":"<p>Parmi tous les d\u00e9licieux morceaux qui sortent de ma friteuse \u00e0 air, ces recettes sont en t\u00eate de liste. Votre cuisine doit avoir les bons<\/p>\n","protected":false},"author":1,"featured_media":4477,"comment_status":"","ping_status":"","sticky":false,"template":"","format":"standard","meta":{"footnotes":""},"categories":[39],"tags":[1327,1326,87,116,701,18],"class_list":["post-4476","post","type-post","status-publish","format-standard","has-post-thumbnail","hentry","category-gastronomie","tag-air","tag-friteuse","tag-mes","tag-preferees","tag-recettes","tag-sont","generate-columns","tablet-grid-50","mobile-grid-100","grid-parent","grid-33"],"yoast_head":"<!-- This site is optimized with the Yoast SEO plugin v24.0 - https:\/\/yoast.com\/wordpress\/plugins\/seo\/ -->\n<title>Ce sont mes recettes de friteuse \u00e0 air pr\u00e9f\u00e9r\u00e9es | Vie Associative<\/title>\n<meta name=\"robots\" content=\"index, follow, max-snippet:-1, max-image-preview:large, max-video-preview:-1\" \/>\n<link rel=\"canonical\" href=\"https:\/\/vieassociative.be\/actualites\/ce-sont-mes-recettes-de-friteuse-a-air-preferees\/\" \/>\n<meta property=\"og:locale\" content=\"fr_FR\" \/>\n<meta property=\"og:type\" content=\"article\" \/>\n<meta property=\"og:title\" content=\"Ce sont mes recettes de friteuse \u00e0 air pr\u00e9f\u00e9r\u00e9es | Vie Associative\" \/>\n<meta property=\"og:description\" content=\"Parmi tous les d\u00e9licieux morceaux qui sortent de ma friteuse \u00e0 air, ces recettes sont en t\u00eate de liste. Votre cuisine doit avoir les bons\" \/>\n<meta property=\"og:url\" content=\"https:\/\/vieassociative.be\/actualites\/ce-sont-mes-recettes-de-friteuse-a-air-preferees\/\" \/>\n<meta property=\"og:site_name\" content=\"Vie Associative\" \/>\n<meta property=\"article:published_time\" content=\"2025-01-21T07:17:06+00:00\" \/>\n<meta property=\"og:image\" content=\"https:\/\/vieassociative.be\/actualites\/wp-content\/uploads\/2025\/01\/Ce-sont-mes-recettes-de-friteuse-a-air-preferees.png\" \/>\n<meta name=\"author\" content=\"Julien\" \/>\n<meta name=\"twitter:card\" content=\"summary_large_image\" \/>\n<meta name=\"twitter:label1\" content=\"\u00c9crit par\" \/>\n\t<meta name=\"twitter:data1\" content=\"Julien\" \/>\n\t<meta name=\"twitter:label2\" content=\"Dur\u00e9e de lecture est.\" \/>\n\t<meta name=\"twitter:data2\" content=\"7 minutes\" \/>\n<script type=\"application\/ld+json\" class=\"yoast-schema-graph\">{\"@context\":\"https:\/\/schema.org\",\"@graph\":[{\"@type\":\"Article\",\"@id\":\"https:\/\/vieassociative.be\/actualites\/ce-sont-mes-recettes-de-friteuse-a-air-preferees\/#article\",\"isPartOf\":{\"@id\":\"https:\/\/vieassociative.be\/actualites\/ce-sont-mes-recettes-de-friteuse-a-air-preferees\/\"},\"author\":{\"name\":\"Julien\",\"@id\":\"https:\/\/vieassociative.be\/actualites\/#\/schema\/person\/b87ac4f82f9d4e7b7cec7395b679edc4\"},\"headline\":\"Ce sont mes recettes de friteuse \u00e0 air pr\u00e9f\u00e9r\u00e9es\",\"datePublished\":\"2025-01-21T07:17:06+00:00\",\"dateModified\":\"2025-01-21T07:17:06+00:00\",\"mainEntityOfPage\":{\"@id\":\"https:\/\/vieassociative.be\/actualites\/ce-sont-mes-recettes-de-friteuse-a-air-preferees\/\"},\"wordCount\":1361,\"publisher\":{\"@id\":\"https:\/\/vieassociative.be\/actualites\/#organization\"},\"image\":{\"@id\":\"https:\/\/vieassociative.be\/actualites\/ce-sont-mes-recettes-de-friteuse-a-air-preferees\/#primaryimage\"},\"thumbnailUrl\":\"https:\/\/vieassociative.be\/actualites\/wp-content\/uploads\/2025\/01\/1737443827_Ce-sont-mes-recettes-de-friteuse-a-air-preferees.jpg\",\"keywords\":[\"air\",\"friteuse\",\"Mes\",\"pr\u00e9f\u00e9r\u00e9es\",\"recettes\",\"sont\"],\"articleSection\":[\"Gastronomie\"],\"inLanguage\":\"fr-BE\"},{\"@type\":\"WebPage\",\"@id\":\"https:\/\/vieassociative.be\/actualites\/ce-sont-mes-recettes-de-friteuse-a-air-preferees\/\",\"url\":\"https:\/\/vieassociative.be\/actualites\/ce-sont-mes-recettes-de-friteuse-a-air-preferees\/\",\"name\":\"Ce sont mes recettes de friteuse \u00e0 air pr\u00e9f\u00e9r\u00e9es | Vie Associative\",\"isPartOf\":{\"@id\":\"https:\/\/vieassociative.be\/actualites\/#website\"},\"primaryImageOfPage\":{\"@id\":\"https:\/\/vieassociative.be\/actualites\/ce-sont-mes-recettes-de-friteuse-a-air-preferees\/#primaryimage\"},\"image\":{\"@id\":\"https:\/\/vieassociative.be\/actualites\/ce-sont-mes-recettes-de-friteuse-a-air-preferees\/#primaryimage\"},\"thumbnailUrl\":\"https:\/\/vieassociative.be\/actualites\/wp-content\/uploads\/2025\/01\/1737443827_Ce-sont-mes-recettes-de-friteuse-a-air-preferees.jpg\",\"datePublished\":\"2025-01-21T07:17:06+00:00\",\"dateModified\":\"2025-01-21T07:17:06+00:00\",\"breadcrumb\":{\"@id\":\"https:\/\/vieassociative.be\/actualites\/ce-sont-mes-recettes-de-friteuse-a-air-preferees\/#breadcrumb\"},\"inLanguage\":\"fr-BE\",\"potentialAction\":[{\"@type\":\"ReadAction\",\"target\":[\"https:\/\/vieassociative.be\/actualites\/ce-sont-mes-recettes-de-friteuse-a-air-preferees\/\"]}]},{\"@type\":\"ImageObject\",\"inLanguage\":\"fr-BE\",\"@id\":\"https:\/\/vieassociative.be\/actualites\/ce-sont-mes-recettes-de-friteuse-a-air-preferees\/#primaryimage\",\"url\":\"https:\/\/vieassociative.be\/actualites\/wp-content\/uploads\/2025\/01\/1737443827_Ce-sont-mes-recettes-de-friteuse-a-air-preferees.jpg\",\"contentUrl\":\"https:\/\/vieassociative.be\/actualites\/wp-content\/uploads\/2025\/01\/1737443827_Ce-sont-mes-recettes-de-friteuse-a-air-preferees.jpg\",\"width\":1200,\"height\":675,\"caption\":\"Ce sont mes recettes de friteuse \u00e0 air pr\u00e9f\u00e9r\u00e9es\"},{\"@type\":\"BreadcrumbList\",\"@id\":\"https:\/\/vieassociative.be\/actualites\/ce-sont-mes-recettes-de-friteuse-a-air-preferees\/#breadcrumb\",\"itemListElement\":[{\"@type\":\"ListItem\",\"position\":1,\"name\":\"Accueil\",\"item\":\"https:\/\/vieassociative.be\/actualites\/\"},{\"@type\":\"ListItem\",\"position\":2,\"name\":\"Ce sont mes recettes de friteuse \u00e0 air pr\u00e9f\u00e9r\u00e9es\"}]},{\"@type\":\"WebSite\",\"@id\":\"https:\/\/vieassociative.be\/actualites\/#website\",\"url\":\"https:\/\/vieassociative.be\/actualites\/\",\"name\":\"Vie Associative\",\"description\":\"\",\"publisher\":{\"@id\":\"https:\/\/vieassociative.be\/actualites\/#organization\"},\"potentialAction\":[{\"@type\":\"SearchAction\",\"target\":{\"@type\":\"EntryPoint\",\"urlTemplate\":\"https:\/\/vieassociative.be\/actualites\/?s={search_term_string}\"},\"query-input\":{\"@type\":\"PropertyValueSpecification\",\"valueRequired\":true,\"valueName\":\"search_term_string\"}}],\"inLanguage\":\"fr-BE\"},{\"@type\":\"Organization\",\"@id\":\"https:\/\/vieassociative.be\/actualites\/#organization\",\"name\":\"Vie Associative\",\"url\":\"https:\/\/vieassociative.be\/actualites\/\",\"logo\":{\"@type\":\"ImageObject\",\"inLanguage\":\"fr-BE\",\"@id\":\"https:\/\/vieassociative.be\/actualites\/#\/schema\/logo\/image\/\",\"url\":\"https:\/\/vieassociative.be\/actualites\/wp-content\/uploads\/2024\/09\/cropped-vieassociative_favicon.ico.png\",\"contentUrl\":\"https:\/\/vieassociative.be\/actualites\/wp-content\/uploads\/2024\/09\/cropped-vieassociative_favicon.ico.png\",\"width\":512,\"height\":512,\"caption\":\"Vie Associative\"},\"image\":{\"@id\":\"https:\/\/vieassociative.be\/actualites\/#\/schema\/logo\/image\/\"}},{\"@type\":\"Person\",\"@id\":\"https:\/\/vieassociative.be\/actualites\/#\/schema\/person\/b87ac4f82f9d4e7b7cec7395b679edc4\",\"name\":\"Julien\",\"image\":{\"@type\":\"ImageObject\",\"inLanguage\":\"fr-BE\",\"@id\":\"https:\/\/vieassociative.be\/actualites\/#\/schema\/person\/image\/\",\"url\":\"https:\/\/vieassociative.be\/actualites\/wp-content\/uploads\/2024\/09\/vie-associative-1-150x150.jpg\",\"contentUrl\":\"https:\/\/vieassociative.be\/actualites\/wp-content\/uploads\/2024\/09\/vie-associative-1-150x150.jpg\",\"caption\":\"Julien\"},\"description\":\"Je suis Julien, r\u00e9dacteur pour Vie Associative. Passionn\u00e9 par le monde associatif depuis plus de 10 ans, j'ai \u00e0 c\u0153ur de partager des histoires inspirantes et de mettre en lumi\u00e8re les initiatives locales. Mon objectif est de sensibiliser et d'encourager l'engagement communautaire \u00e0 travers mes articles.\",\"sameAs\":[\"https:\/\/vieassociative.be\/\"]}]}<\/script>\n<!-- \/ Yoast SEO plugin. -->","yoast_head_json":{"title":"Ce sont mes recettes de friteuse \u00e0 air pr\u00e9f\u00e9r\u00e9es | Vie Associative","robots":{"index":"index","follow":"follow","max-snippet":"max-snippet:-1","max-image-preview":"max-image-preview:large","max-video-preview":"max-video-preview:-1"},"canonical":"https:\/\/vieassociative.be\/actualites\/ce-sont-mes-recettes-de-friteuse-a-air-preferees\/","og_locale":"fr_FR","og_type":"article","og_title":"Ce sont mes recettes de friteuse \u00e0 air pr\u00e9f\u00e9r\u00e9es | Vie Associative","og_description":"Parmi tous les d\u00e9licieux morceaux qui sortent de ma friteuse \u00e0 air, ces recettes sont en t\u00eate de liste. Votre cuisine doit avoir les bons","og_url":"https:\/\/vieassociative.be\/actualites\/ce-sont-mes-recettes-de-friteuse-a-air-preferees\/","og_site_name":"Vie Associative","article_published_time":"2025-01-21T07:17:06+00:00","og_image":[{"url":"https:\/\/vieassociative.be\/actualites\/wp-content\/uploads\/2025\/01\/Ce-sont-mes-recettes-de-friteuse-a-air-preferees.png","type":"","width":"","height":""}],"author":"Julien","twitter_card":"summary_large_image","twitter_misc":{"\u00c9crit par":"Julien","Dur\u00e9e de lecture est.":"7 minutes"},"schema":{"@context":"https:\/\/schema.org","@graph":[{"@type":"Article","@id":"https:\/\/vieassociative.be\/actualites\/ce-sont-mes-recettes-de-friteuse-a-air-preferees\/#article","isPartOf":{"@id":"https:\/\/vieassociative.be\/actualites\/ce-sont-mes-recettes-de-friteuse-a-air-preferees\/"},"author":{"name":"Julien","@id":"https:\/\/vieassociative.be\/actualites\/#\/schema\/person\/b87ac4f82f9d4e7b7cec7395b679edc4"},"headline":"Ce sont mes recettes de friteuse \u00e0 air pr\u00e9f\u00e9r\u00e9es","datePublished":"2025-01-21T07:17:06+00:00","dateModified":"2025-01-21T07:17:06+00:00","mainEntityOfPage":{"@id":"https:\/\/vieassociative.be\/actualites\/ce-sont-mes-recettes-de-friteuse-a-air-preferees\/"},"wordCount":1361,"publisher":{"@id":"https:\/\/vieassociative.be\/actualites\/#organization"},"image":{"@id":"https:\/\/vieassociative.be\/actualites\/ce-sont-mes-recettes-de-friteuse-a-air-preferees\/#primaryimage"},"thumbnailUrl":"https:\/\/vieassociative.be\/actualites\/wp-content\/uploads\/2025\/01\/1737443827_Ce-sont-mes-recettes-de-friteuse-a-air-preferees.jpg","keywords":["air","friteuse","Mes","pr\u00e9f\u00e9r\u00e9es","recettes","sont"],"articleSection":["Gastronomie"],"inLanguage":"fr-BE"},{"@type":"WebPage","@id":"https:\/\/vieassociative.be\/actualites\/ce-sont-mes-recettes-de-friteuse-a-air-preferees\/","url":"https:\/\/vieassociative.be\/actualites\/ce-sont-mes-recettes-de-friteuse-a-air-preferees\/","name":"Ce sont mes recettes de friteuse \u00e0 air pr\u00e9f\u00e9r\u00e9es | Vie Associative","isPartOf":{"@id":"https:\/\/vieassociative.be\/actualites\/#website"},"primaryImageOfPage":{"@id":"https:\/\/vieassociative.be\/actualites\/ce-sont-mes-recettes-de-friteuse-a-air-preferees\/#primaryimage"},"image":{"@id":"https:\/\/vieassociative.be\/actualites\/ce-sont-mes-recettes-de-friteuse-a-air-preferees\/#primaryimage"},"thumbnailUrl":"https:\/\/vieassociative.be\/actualites\/wp-content\/uploads\/2025\/01\/1737443827_Ce-sont-mes-recettes-de-friteuse-a-air-preferees.jpg","datePublished":"2025-01-21T07:17:06+00:00","dateModified":"2025-01-21T07:17:06+00:00","breadcrumb":{"@id":"https:\/\/vieassociative.be\/actualites\/ce-sont-mes-recettes-de-friteuse-a-air-preferees\/#breadcrumb"},"inLanguage":"fr-BE","potentialAction":[{"@type":"ReadAction","target":["https:\/\/vieassociative.be\/actualites\/ce-sont-mes-recettes-de-friteuse-a-air-preferees\/"]}]},{"@type":"ImageObject","inLanguage":"fr-BE","@id":"https:\/\/vieassociative.be\/actualites\/ce-sont-mes-recettes-de-friteuse-a-air-preferees\/#primaryimage","url":"https:\/\/vieassociative.be\/actualites\/wp-content\/uploads\/2025\/01\/1737443827_Ce-sont-mes-recettes-de-friteuse-a-air-preferees.jpg","contentUrl":"https:\/\/vieassociative.be\/actualites\/wp-content\/uploads\/2025\/01\/1737443827_Ce-sont-mes-recettes-de-friteuse-a-air-preferees.jpg","width":1200,"height":675,"caption":"Ce sont mes recettes de friteuse \u00e0 air pr\u00e9f\u00e9r\u00e9es"},{"@type":"BreadcrumbList","@id":"https:\/\/vieassociative.be\/actualites\/ce-sont-mes-recettes-de-friteuse-a-air-preferees\/#breadcrumb","itemListElement":[{"@type":"ListItem","position":1,"name":"Accueil","item":"https:\/\/vieassociative.be\/actualites\/"},{"@type":"ListItem","position":2,"name":"Ce sont mes recettes de friteuse \u00e0 air pr\u00e9f\u00e9r\u00e9es"}]},{"@type":"WebSite","@id":"https:\/\/vieassociative.be\/actualites\/#website","url":"https:\/\/vieassociative.be\/actualites\/","name":"Vie Associative","description":"","publisher":{"@id":"https:\/\/vieassociative.be\/actualites\/#organization"},"potentialAction":[{"@type":"SearchAction","target":{"@type":"EntryPoint","urlTemplate":"https:\/\/vieassociative.be\/actualites\/?s={search_term_string}"},"query-input":{"@type":"PropertyValueSpecification","valueRequired":true,"valueName":"search_term_string"}}],"inLanguage":"fr-BE"},{"@type":"Organization","@id":"https:\/\/vieassociative.be\/actualites\/#organization","name":"Vie Associative","url":"https:\/\/vieassociative.be\/actualites\/","logo":{"@type":"ImageObject","inLanguage":"fr-BE","@id":"https:\/\/vieassociative.be\/actualites\/#\/schema\/logo\/image\/","url":"https:\/\/vieassociative.be\/actualites\/wp-content\/uploads\/2024\/09\/cropped-vieassociative_favicon.ico.png","contentUrl":"https:\/\/vieassociative.be\/actualites\/wp-content\/uploads\/2024\/09\/cropped-vieassociative_favicon.ico.png","width":512,"height":512,"caption":"Vie Associative"},"image":{"@id":"https:\/\/vieassociative.be\/actualites\/#\/schema\/logo\/image\/"}},{"@type":"Person","@id":"https:\/\/vieassociative.be\/actualites\/#\/schema\/person\/b87ac4f82f9d4e7b7cec7395b679edc4","name":"Julien","image":{"@type":"ImageObject","inLanguage":"fr-BE","@id":"https:\/\/vieassociative.be\/actualites\/#\/schema\/person\/image\/","url":"https:\/\/vieassociative.be\/actualites\/wp-content\/uploads\/2024\/09\/vie-associative-1-150x150.jpg","contentUrl":"https:\/\/vieassociative.be\/actualites\/wp-content\/uploads\/2024\/09\/vie-associative-1-150x150.jpg","caption":"Julien"},"description":"Je suis Julien, r\u00e9dacteur pour Vie Associative. Passionn\u00e9 par le monde associatif depuis plus de 10 ans, j'ai \u00e0 c\u0153ur de partager des histoires inspirantes et de mettre en lumi\u00e8re les initiatives locales. Mon objectif est de sensibiliser et d'encourager l'engagement communautaire \u00e0 travers mes articles.","sameAs":["https:\/\/vieassociative.be\/"]}]}},"_links":{"self":[{"href":"https:\/\/vieassociative.be\/actualites\/wp-json\/wp\/v2\/posts\/4476"}],"collection":[{"href":"https:\/\/vieassociative.be\/actualites\/wp-json\/wp\/v2\/posts"}],"about":[{"href":"https:\/\/vieassociative.be\/actualites\/wp-json\/wp\/v2\/types\/post"}],"author":[{"embeddable":true,"href":"https:\/\/vieassociative.be\/actualites\/wp-json\/wp\/v2\/users\/1"}],"replies":[{"embeddable":true,"href":"https:\/\/vieassociative.be\/actualites\/wp-json\/wp\/v2\/comments?post=4476"}],"version-history":[{"count":0,"href":"https:\/\/vieassociative.be\/actualites\/wp-json\/wp\/v2\/posts\/4476\/revisions"}],"wp:featuredmedia":[{"embeddable":true,"href":"https:\/\/vieassociative.be\/actualites\/wp-json\/wp\/v2\/media\/4477"}],"wp:attachment":[{"href":"https:\/\/vieassociative.be\/actualites\/wp-json\/wp\/v2\/media?parent=4476"}],"wp:term":[{"taxonomy":"category","embeddable":true,"href":"https:\/\/vieassociative.be\/actualites\/wp-json\/wp\/v2\/categories?post=4476"},{"taxonomy":"post_tag","embeddable":true,"href":"https:\/\/vieassociative.be\/actualites\/wp-json\/wp\/v2\/tags?post=4476"}],"curies":[{"name":"wp","href":"https:\/\/api.w.org\/{rel}","templated":true}]}}