{"id":4474,"date":"2025-01-21T03:22:45","date_gmt":"2025-01-21T02:22:45","guid":{"rendered":"https:\/\/vieassociative.be\/actualites\/falsification-de-carte-didentite-fraude-informatique-phishing-incendie-accident-vol-de-cable\/"},"modified":"2025-01-21T03:22:45","modified_gmt":"2025-01-21T02:22:45","slug":"falsification-de-carte-didentite-fraude-informatique-phishing-incendie-accident-vol-de-cable","status":"publish","type":"post","link":"https:\/\/vieassociative.be\/actualites\/falsification-de-carte-didentite-fraude-informatique-phishing-incendie-accident-vol-de-cable\/","title":{"rendered":"Falsification de carte d&rsquo;identit\u00e9, fraude informatique\/phishing, incendie, accident, vol de c\u00e2ble"},"content":{"rendered":"<p><strong>Le rapport de la zone de police de Weser-G\u00f6hl du lundi 20 janvier est tr\u00e8s d\u00e9taill\u00e9.<\/strong><\/p>\n<p><span id=\"more-406465\"><\/span><strong>\u2013 Contrefa\u00e7on de carte d\u2019identit\u00e9 :<\/strong> Le 17 janvier vers 12h45, un employ\u00e9 de l&rsquo;Autos\u00e9curit\u00e9 de Lontzen signale \u00e0 la police qu&rsquo;un client a tent\u00e9 de passer un examen de conduite pour une autre personne. Il a pr\u00e9sent\u00e9 des documents d&rsquo;identit\u00e9 autres que les siens et, lorsqu&rsquo;il a \u00e9t\u00e9 confront\u00e9, le suspect a quitt\u00e9 les lieux. Le suspect n&rsquo;a plus pu \u00eatre retrouv\u00e9, mais il a laiss\u00e9 derri\u00e8re lui le passeport qu&rsquo;il souhaitait utiliser pour le test.<\/p>\n<p><strong>\u2013 Cambriolage r\u00e9sidentiel avec vol :<\/strong> Le 17 janvier vers 17 heures, un homme a signal\u00e9 un cambriolage \u00e0 la police dans la Buschhausstrasse \u00e0 Raeren. Le ou les agresseurs ont acc\u00e9d\u00e9 \u00e0 l&rsquo;int\u00e9rieur par l&rsquo;arri\u00e8re de la maison en ouvrant une fen\u00eatre de salle de bain. Plusieurs pi\u00e8ces sont fouill\u00e9es. Ce qui a \u00e9t\u00e9 vol\u00e9 n\u2019est pas encore clair \u00e0 ce stade.<\/p>\n<p><strong>\u2013 Fraude informatique\/phishing :<\/strong> Le 17 janvier vers 22 heures, un jeune homme s&rsquo;est pr\u00e9sent\u00e9 au commissariat d&rsquo;Eupen et a d\u00e9clar\u00e9 avoir \u00e9t\u00e9 victime d&rsquo;une arnaque via l&rsquo;application de cryptomonnaie \u00ab Binance \u00bb. Il a re\u00e7u un SMS cens\u00e9 provenir de cette application. Il indiquait que des escrocs avaient tent\u00e9 de se connecter \u00e0 son compte de messagerie. Ce message lui demande d&rsquo;appeler un num\u00e9ro, ce qu&rsquo;il fait. Au t\u00e9l\u00e9phone, il lui est demand\u00e9 en anglais d&rsquo;effectuer plusieurs actions via l&rsquo;application Binance. Cela entra\u00eene des d\u00e9g\u00e2ts tr\u00e8s importants dans cinq crypto-monnaies diff\u00e9rentes. La police judiciaire enqu\u00eate.<\/p>\n<p><strong>\u2013 Incendie dans un appartement :<\/strong> Dans la nuit de vendredi \u00e0 samedi, la police et les pompiers ont \u00e9t\u00e9 appel\u00e9s dans une maison en feu sur la place du march\u00e9 d&rsquo;Eupen. Le feu est probablement parti d&rsquo;une bougie chauffe-plat. Plusieurs maisons sont \u00e9vacu\u00e9es.<\/p>\n<p><strong>\u2013 Vol de c\u00e2ble :<\/strong> Le 18\/01. Vers 2 heures du matin, des c\u00e2bles ont de nouveau \u00e9t\u00e9 vol\u00e9s dans l&rsquo;Aachener Stra\u00dfe (comme ce fut le cas dans la nuit du 7 au 8 janvier). Les malfaiteurs p\u00e9n\u00e8trent dans la propri\u00e9t\u00e9 par le m\u00eame endroit qu&rsquo;auparavant et volent des c\u00e2bles dans 6 \u00e0 8 tambours. Ils enl\u00e8vent \u00e9galement la cloison de s\u00e9paration de leur fourgon et la laissent sur place.<\/p>\n<p><strong>\u2013 Accident de la route avec bless\u00e9 l\u00e9ger :<\/strong> Le 18 janvier, un appelant a signal\u00e9 un accident de voiture au carrefour de la Judenstrasse et de la Bergstrasse \u00e0 Eupen. Un homme (Partie A) ne tient pas compte du droit de passage d\u2019une femme (Partie B). Lorsque la police arrive, la voiture du groupe A a d\u00e9j\u00e0 \u00e9t\u00e9 d\u00e9plac\u00e9e sur le c\u00f4t\u00e9 et pr\u00e9sente des dommages \u00e0 l&rsquo;avant. L&rsquo;autre (Partie B) est toujours \u00e0 l&rsquo;intersection. La porte c\u00f4t\u00e9 conducteur de ce v\u00e9hicule est endommag\u00e9e et les airbags lat\u00e9raux conducteur se sont d\u00e9ploy\u00e9s. Le chauffeur est d\u00e9j\u00e0 dans l&rsquo;ambulance (l\u00e9g\u00e8rement bless\u00e9). Un alcootest montre que la partie A \u00e9tait sous l\u2019influence de l\u2019alcool. Le permis de conduire est confisqu\u00e9.<\/p>\n<p><strong>\u2013 Campagne \u00ab Week-end sans alcool \u00bb :<\/strong> Dans le cadre de la campagne nationale \u00ab\u00a0Week-end sans alcool ni drogue au volant\u00a0\u00bb, la zone de police de Weser-G\u00f6hl effectue plusieurs contr\u00f4les routiers qui entra\u00eenent, entre autres, le retrait du permis de conduire. Les statistiques seront publi\u00e9es par la police f\u00e9d\u00e9rale dans les prochains jours.<\/p>\n","protected":false},"excerpt":{"rendered":"<p>Le rapport de la zone de police de Weser-G\u00f6hl du lundi 20 janvier est tr\u00e8s d\u00e9taill\u00e9. \u2013 Contrefa\u00e7on de carte d\u2019identit\u00e9 : Le 17 janvier<\/p>\n","protected":false},"author":1,"featured_media":1939,"comment_status":"","ping_status":"","sticky":false,"template":"","format":"standard","meta":{"footnotes":""},"categories":[298],"tags":[3013,3037,3055,2197,4865,1577,4655,4866,4867],"class_list":["post-4474","post","type-post","status-publish","format-standard","has-post-thumbnail","hentry","category-belgique","tag-accident","tag-cable","tag-carte","tag-didentite","tag-falsification","tag-fraude","tag-incendie","tag-informatiquephishing","tag-vol","generate-columns","tablet-grid-50","mobile-grid-100","grid-parent","grid-33"],"yoast_head":"<!-- This site is optimized with the Yoast SEO plugin v24.0 - https:\/\/yoast.com\/wordpress\/plugins\/seo\/ -->\n<title>Falsification de carte d&#039;identit\u00e9, fraude informatique\/phishing, incendie, accident, vol de c\u00e2ble | Vie Associative<\/title>\n<meta name=\"robots\" content=\"index, follow, max-snippet:-1, max-image-preview:large, max-video-preview:-1\" \/>\n<link rel=\"canonical\" href=\"https:\/\/vieassociative.be\/actualites\/falsification-de-carte-didentite-fraude-informatique-phishing-incendie-accident-vol-de-cable\/\" \/>\n<meta property=\"og:locale\" content=\"fr_FR\" \/>\n<meta property=\"og:type\" content=\"article\" \/>\n<meta property=\"og:title\" content=\"Falsification de carte d&#039;identit\u00e9, fraude informatique\/phishing, incendie, accident, vol de c\u00e2ble | Vie Associative\" \/>\n<meta property=\"og:description\" content=\"Le rapport de la zone de police de Weser-G\u00f6hl du lundi 20 janvier est tr\u00e8s d\u00e9taill\u00e9. \u2013 Contrefa\u00e7on de carte d\u2019identit\u00e9 : Le 17 janvier\" \/>\n<meta property=\"og:url\" content=\"https:\/\/vieassociative.be\/actualites\/falsification-de-carte-didentite-fraude-informatique-phishing-incendie-accident-vol-de-cable\/\" \/>\n<meta property=\"og:site_name\" content=\"Vie Associative\" \/>\n<meta property=\"article:published_time\" content=\"2025-01-21T02:22:45+00:00\" \/>\n<meta property=\"og:image\" content=\"https:\/\/vieassociative.be\/actualites\/wp-content\/uploads\/2024\/09\/header_backgroundk-01-e1726694325946.png\" \/>\n\t<meta property=\"og:image:width\" content=\"279\" \/>\n\t<meta property=\"og:image:height\" content=\"92\" \/>\n\t<meta property=\"og:image:type\" content=\"image\/png\" \/>\n<meta name=\"author\" content=\"Julien\" \/>\n<meta name=\"twitter:card\" content=\"summary_large_image\" \/>\n<meta name=\"twitter:label1\" content=\"\u00c9crit par\" \/>\n\t<meta name=\"twitter:data1\" content=\"Julien\" \/>\n\t<meta name=\"twitter:label2\" content=\"Dur\u00e9e de lecture est.\" \/>\n\t<meta name=\"twitter:data2\" content=\"3 minutes\" \/>\n<script type=\"application\/ld+json\" class=\"yoast-schema-graph\">{\"@context\":\"https:\/\/schema.org\",\"@graph\":[{\"@type\":\"Article\",\"@id\":\"https:\/\/vieassociative.be\/actualites\/falsification-de-carte-didentite-fraude-informatique-phishing-incendie-accident-vol-de-cable\/#article\",\"isPartOf\":{\"@id\":\"https:\/\/vieassociative.be\/actualites\/falsification-de-carte-didentite-fraude-informatique-phishing-incendie-accident-vol-de-cable\/\"},\"author\":{\"name\":\"Julien\",\"@id\":\"https:\/\/vieassociative.be\/actualites\/#\/schema\/person\/b87ac4f82f9d4e7b7cec7395b679edc4\"},\"headline\":\"Falsification de carte d&rsquo;identit\u00e9, fraude informatique\/phishing, incendie, accident, vol de c\u00e2ble\",\"datePublished\":\"2025-01-21T02:22:45+00:00\",\"dateModified\":\"2025-01-21T02:22:45+00:00\",\"mainEntityOfPage\":{\"@id\":\"https:\/\/vieassociative.be\/actualites\/falsification-de-carte-didentite-fraude-informatique-phishing-incendie-accident-vol-de-cable\/\"},\"wordCount\":601,\"publisher\":{\"@id\":\"https:\/\/vieassociative.be\/actualites\/#organization\"},\"image\":{\"@id\":\"https:\/\/vieassociative.be\/actualites\/falsification-de-carte-didentite-fraude-informatique-phishing-incendie-accident-vol-de-cable\/#primaryimage\"},\"thumbnailUrl\":\"https:\/\/vieassociative.be\/actualites\/wp-content\/uploads\/2024\/11\/Raeren-Le-conducteur-tombe-dans-un-micro-sommeil-a-midi.jpeg\",\"keywords\":[\"accident\",\"c\u00e2ble\",\"carte\",\"didentit\u00e9\",\"Falsification\",\"fraude\",\"incendie\",\"informatiquephishing\",\"vol\"],\"articleSection\":[\"Belgique\"],\"inLanguage\":\"fr-BE\"},{\"@type\":\"WebPage\",\"@id\":\"https:\/\/vieassociative.be\/actualites\/falsification-de-carte-didentite-fraude-informatique-phishing-incendie-accident-vol-de-cable\/\",\"url\":\"https:\/\/vieassociative.be\/actualites\/falsification-de-carte-didentite-fraude-informatique-phishing-incendie-accident-vol-de-cable\/\",\"name\":\"Falsification de carte d'identit\u00e9, fraude informatique\/phishing, incendie, accident, vol de c\u00e2ble | Vie Associative\",\"isPartOf\":{\"@id\":\"https:\/\/vieassociative.be\/actualites\/#website\"},\"primaryImageOfPage\":{\"@id\":\"https:\/\/vieassociative.be\/actualites\/falsification-de-carte-didentite-fraude-informatique-phishing-incendie-accident-vol-de-cable\/#primaryimage\"},\"image\":{\"@id\":\"https:\/\/vieassociative.be\/actualites\/falsification-de-carte-didentite-fraude-informatique-phishing-incendie-accident-vol-de-cable\/#primaryimage\"},\"thumbnailUrl\":\"https:\/\/vieassociative.be\/actualites\/wp-content\/uploads\/2024\/11\/Raeren-Le-conducteur-tombe-dans-un-micro-sommeil-a-midi.jpeg\",\"datePublished\":\"2025-01-21T02:22:45+00:00\",\"dateModified\":\"2025-01-21T02:22:45+00:00\",\"breadcrumb\":{\"@id\":\"https:\/\/vieassociative.be\/actualites\/falsification-de-carte-didentite-fraude-informatique-phishing-incendie-accident-vol-de-cable\/#breadcrumb\"},\"inLanguage\":\"fr-BE\",\"potentialAction\":[{\"@type\":\"ReadAction\",\"target\":[\"https:\/\/vieassociative.be\/actualites\/falsification-de-carte-didentite-fraude-informatique-phishing-incendie-accident-vol-de-cable\/\"]}]},{\"@type\":\"ImageObject\",\"inLanguage\":\"fr-BE\",\"@id\":\"https:\/\/vieassociative.be\/actualites\/falsification-de-carte-didentite-fraude-informatique-phishing-incendie-accident-vol-de-cable\/#primaryimage\",\"url\":\"https:\/\/vieassociative.be\/actualites\/wp-content\/uploads\/2024\/11\/Raeren-Le-conducteur-tombe-dans-un-micro-sommeil-a-midi.jpeg\",\"contentUrl\":\"https:\/\/vieassociative.be\/actualites\/wp-content\/uploads\/2024\/11\/Raeren-Le-conducteur-tombe-dans-un-micro-sommeil-a-midi.jpeg\",\"width\":1200,\"height\":800,\"caption\":\"Raeren : Le conducteur tombe dans un micro-sommeil \u00e0 midi\"},{\"@type\":\"BreadcrumbList\",\"@id\":\"https:\/\/vieassociative.be\/actualites\/falsification-de-carte-didentite-fraude-informatique-phishing-incendie-accident-vol-de-cable\/#breadcrumb\",\"itemListElement\":[{\"@type\":\"ListItem\",\"position\":1,\"name\":\"Accueil\",\"item\":\"https:\/\/vieassociative.be\/actualites\/\"},{\"@type\":\"ListItem\",\"position\":2,\"name\":\"Falsification de carte d&rsquo;identit\u00e9, fraude informatique\/phishing, incendie, accident, vol de c\u00e2ble\"}]},{\"@type\":\"WebSite\",\"@id\":\"https:\/\/vieassociative.be\/actualites\/#website\",\"url\":\"https:\/\/vieassociative.be\/actualites\/\",\"name\":\"Vie Associative\",\"description\":\"\",\"publisher\":{\"@id\":\"https:\/\/vieassociative.be\/actualites\/#organization\"},\"potentialAction\":[{\"@type\":\"SearchAction\",\"target\":{\"@type\":\"EntryPoint\",\"urlTemplate\":\"https:\/\/vieassociative.be\/actualites\/?s={search_term_string}\"},\"query-input\":{\"@type\":\"PropertyValueSpecification\",\"valueRequired\":true,\"valueName\":\"search_term_string\"}}],\"inLanguage\":\"fr-BE\"},{\"@type\":\"Organization\",\"@id\":\"https:\/\/vieassociative.be\/actualites\/#organization\",\"name\":\"Vie Associative\",\"url\":\"https:\/\/vieassociative.be\/actualites\/\",\"logo\":{\"@type\":\"ImageObject\",\"inLanguage\":\"fr-BE\",\"@id\":\"https:\/\/vieassociative.be\/actualites\/#\/schema\/logo\/image\/\",\"url\":\"https:\/\/vieassociative.be\/actualites\/wp-content\/uploads\/2024\/09\/cropped-vieassociative_favicon.ico.png\",\"contentUrl\":\"https:\/\/vieassociative.be\/actualites\/wp-content\/uploads\/2024\/09\/cropped-vieassociative_favicon.ico.png\",\"width\":512,\"height\":512,\"caption\":\"Vie Associative\"},\"image\":{\"@id\":\"https:\/\/vieassociative.be\/actualites\/#\/schema\/logo\/image\/\"}},{\"@type\":\"Person\",\"@id\":\"https:\/\/vieassociative.be\/actualites\/#\/schema\/person\/b87ac4f82f9d4e7b7cec7395b679edc4\",\"name\":\"Julien\",\"image\":{\"@type\":\"ImageObject\",\"inLanguage\":\"fr-BE\",\"@id\":\"https:\/\/vieassociative.be\/actualites\/#\/schema\/person\/image\/\",\"url\":\"https:\/\/vieassociative.be\/actualites\/wp-content\/uploads\/2024\/09\/vie-associative-1-150x150.jpg\",\"contentUrl\":\"https:\/\/vieassociative.be\/actualites\/wp-content\/uploads\/2024\/09\/vie-associative-1-150x150.jpg\",\"caption\":\"Julien\"},\"description\":\"Je suis Julien, r\u00e9dacteur pour Vie Associative. Passionn\u00e9 par le monde associatif depuis plus de 10 ans, j'ai \u00e0 c\u0153ur de partager des histoires inspirantes et de mettre en lumi\u00e8re les initiatives locales. Mon objectif est de sensibiliser et d'encourager l'engagement communautaire \u00e0 travers mes articles.\",\"sameAs\":[\"https:\/\/vieassociative.be\/\"]}]}<\/script>\n<!-- \/ Yoast SEO plugin. -->","yoast_head_json":{"title":"Falsification de carte d'identit\u00e9, fraude informatique\/phishing, incendie, accident, vol de c\u00e2ble | Vie Associative","robots":{"index":"index","follow":"follow","max-snippet":"max-snippet:-1","max-image-preview":"max-image-preview:large","max-video-preview":"max-video-preview:-1"},"canonical":"https:\/\/vieassociative.be\/actualites\/falsification-de-carte-didentite-fraude-informatique-phishing-incendie-accident-vol-de-cable\/","og_locale":"fr_FR","og_type":"article","og_title":"Falsification de carte d'identit\u00e9, fraude informatique\/phishing, incendie, accident, vol de c\u00e2ble | Vie Associative","og_description":"Le rapport de la zone de police de Weser-G\u00f6hl du lundi 20 janvier est tr\u00e8s d\u00e9taill\u00e9. \u2013 Contrefa\u00e7on de carte d\u2019identit\u00e9 : Le 17 janvier","og_url":"https:\/\/vieassociative.be\/actualites\/falsification-de-carte-didentite-fraude-informatique-phishing-incendie-accident-vol-de-cable\/","og_site_name":"Vie Associative","article_published_time":"2025-01-21T02:22:45+00:00","og_image":[{"width":279,"height":92,"url":"https:\/\/vieassociative.be\/actualites\/wp-content\/uploads\/2024\/09\/header_backgroundk-01-e1726694325946.png","type":"image\/png"}],"author":"Julien","twitter_card":"summary_large_image","twitter_misc":{"\u00c9crit par":"Julien","Dur\u00e9e de lecture est.":"3 minutes"},"schema":{"@context":"https:\/\/schema.org","@graph":[{"@type":"Article","@id":"https:\/\/vieassociative.be\/actualites\/falsification-de-carte-didentite-fraude-informatique-phishing-incendie-accident-vol-de-cable\/#article","isPartOf":{"@id":"https:\/\/vieassociative.be\/actualites\/falsification-de-carte-didentite-fraude-informatique-phishing-incendie-accident-vol-de-cable\/"},"author":{"name":"Julien","@id":"https:\/\/vieassociative.be\/actualites\/#\/schema\/person\/b87ac4f82f9d4e7b7cec7395b679edc4"},"headline":"Falsification de carte d&rsquo;identit\u00e9, fraude informatique\/phishing, incendie, accident, vol de c\u00e2ble","datePublished":"2025-01-21T02:22:45+00:00","dateModified":"2025-01-21T02:22:45+00:00","mainEntityOfPage":{"@id":"https:\/\/vieassociative.be\/actualites\/falsification-de-carte-didentite-fraude-informatique-phishing-incendie-accident-vol-de-cable\/"},"wordCount":601,"publisher":{"@id":"https:\/\/vieassociative.be\/actualites\/#organization"},"image":{"@id":"https:\/\/vieassociative.be\/actualites\/falsification-de-carte-didentite-fraude-informatique-phishing-incendie-accident-vol-de-cable\/#primaryimage"},"thumbnailUrl":"https:\/\/vieassociative.be\/actualites\/wp-content\/uploads\/2024\/11\/Raeren-Le-conducteur-tombe-dans-un-micro-sommeil-a-midi.jpeg","keywords":["accident","c\u00e2ble","carte","didentit\u00e9","Falsification","fraude","incendie","informatiquephishing","vol"],"articleSection":["Belgique"],"inLanguage":"fr-BE"},{"@type":"WebPage","@id":"https:\/\/vieassociative.be\/actualites\/falsification-de-carte-didentite-fraude-informatique-phishing-incendie-accident-vol-de-cable\/","url":"https:\/\/vieassociative.be\/actualites\/falsification-de-carte-didentite-fraude-informatique-phishing-incendie-accident-vol-de-cable\/","name":"Falsification de carte d'identit\u00e9, fraude informatique\/phishing, incendie, accident, vol de c\u00e2ble | Vie Associative","isPartOf":{"@id":"https:\/\/vieassociative.be\/actualites\/#website"},"primaryImageOfPage":{"@id":"https:\/\/vieassociative.be\/actualites\/falsification-de-carte-didentite-fraude-informatique-phishing-incendie-accident-vol-de-cable\/#primaryimage"},"image":{"@id":"https:\/\/vieassociative.be\/actualites\/falsification-de-carte-didentite-fraude-informatique-phishing-incendie-accident-vol-de-cable\/#primaryimage"},"thumbnailUrl":"https:\/\/vieassociative.be\/actualites\/wp-content\/uploads\/2024\/11\/Raeren-Le-conducteur-tombe-dans-un-micro-sommeil-a-midi.jpeg","datePublished":"2025-01-21T02:22:45+00:00","dateModified":"2025-01-21T02:22:45+00:00","breadcrumb":{"@id":"https:\/\/vieassociative.be\/actualites\/falsification-de-carte-didentite-fraude-informatique-phishing-incendie-accident-vol-de-cable\/#breadcrumb"},"inLanguage":"fr-BE","potentialAction":[{"@type":"ReadAction","target":["https:\/\/vieassociative.be\/actualites\/falsification-de-carte-didentite-fraude-informatique-phishing-incendie-accident-vol-de-cable\/"]}]},{"@type":"ImageObject","inLanguage":"fr-BE","@id":"https:\/\/vieassociative.be\/actualites\/falsification-de-carte-didentite-fraude-informatique-phishing-incendie-accident-vol-de-cable\/#primaryimage","url":"https:\/\/vieassociative.be\/actualites\/wp-content\/uploads\/2024\/11\/Raeren-Le-conducteur-tombe-dans-un-micro-sommeil-a-midi.jpeg","contentUrl":"https:\/\/vieassociative.be\/actualites\/wp-content\/uploads\/2024\/11\/Raeren-Le-conducteur-tombe-dans-un-micro-sommeil-a-midi.jpeg","width":1200,"height":800,"caption":"Raeren : Le conducteur tombe dans un micro-sommeil \u00e0 midi"},{"@type":"BreadcrumbList","@id":"https:\/\/vieassociative.be\/actualites\/falsification-de-carte-didentite-fraude-informatique-phishing-incendie-accident-vol-de-cable\/#breadcrumb","itemListElement":[{"@type":"ListItem","position":1,"name":"Accueil","item":"https:\/\/vieassociative.be\/actualites\/"},{"@type":"ListItem","position":2,"name":"Falsification de carte d&rsquo;identit\u00e9, fraude informatique\/phishing, incendie, accident, vol de c\u00e2ble"}]},{"@type":"WebSite","@id":"https:\/\/vieassociative.be\/actualites\/#website","url":"https:\/\/vieassociative.be\/actualites\/","name":"Vie Associative","description":"","publisher":{"@id":"https:\/\/vieassociative.be\/actualites\/#organization"},"potentialAction":[{"@type":"SearchAction","target":{"@type":"EntryPoint","urlTemplate":"https:\/\/vieassociative.be\/actualites\/?s={search_term_string}"},"query-input":{"@type":"PropertyValueSpecification","valueRequired":true,"valueName":"search_term_string"}}],"inLanguage":"fr-BE"},{"@type":"Organization","@id":"https:\/\/vieassociative.be\/actualites\/#organization","name":"Vie Associative","url":"https:\/\/vieassociative.be\/actualites\/","logo":{"@type":"ImageObject","inLanguage":"fr-BE","@id":"https:\/\/vieassociative.be\/actualites\/#\/schema\/logo\/image\/","url":"https:\/\/vieassociative.be\/actualites\/wp-content\/uploads\/2024\/09\/cropped-vieassociative_favicon.ico.png","contentUrl":"https:\/\/vieassociative.be\/actualites\/wp-content\/uploads\/2024\/09\/cropped-vieassociative_favicon.ico.png","width":512,"height":512,"caption":"Vie Associative"},"image":{"@id":"https:\/\/vieassociative.be\/actualites\/#\/schema\/logo\/image\/"}},{"@type":"Person","@id":"https:\/\/vieassociative.be\/actualites\/#\/schema\/person\/b87ac4f82f9d4e7b7cec7395b679edc4","name":"Julien","image":{"@type":"ImageObject","inLanguage":"fr-BE","@id":"https:\/\/vieassociative.be\/actualites\/#\/schema\/person\/image\/","url":"https:\/\/vieassociative.be\/actualites\/wp-content\/uploads\/2024\/09\/vie-associative-1-150x150.jpg","contentUrl":"https:\/\/vieassociative.be\/actualites\/wp-content\/uploads\/2024\/09\/vie-associative-1-150x150.jpg","caption":"Julien"},"description":"Je suis Julien, r\u00e9dacteur pour Vie Associative. Passionn\u00e9 par le monde associatif depuis plus de 10 ans, j'ai \u00e0 c\u0153ur de partager des histoires inspirantes et de mettre en lumi\u00e8re les initiatives locales. Mon objectif est de sensibiliser et d'encourager l'engagement communautaire \u00e0 travers mes articles.","sameAs":["https:\/\/vieassociative.be\/"]}]}},"_links":{"self":[{"href":"https:\/\/vieassociative.be\/actualites\/wp-json\/wp\/v2\/posts\/4474"}],"collection":[{"href":"https:\/\/vieassociative.be\/actualites\/wp-json\/wp\/v2\/posts"}],"about":[{"href":"https:\/\/vieassociative.be\/actualites\/wp-json\/wp\/v2\/types\/post"}],"author":[{"embeddable":true,"href":"https:\/\/vieassociative.be\/actualites\/wp-json\/wp\/v2\/users\/1"}],"replies":[{"embeddable":true,"href":"https:\/\/vieassociative.be\/actualites\/wp-json\/wp\/v2\/comments?post=4474"}],"version-history":[{"count":0,"href":"https:\/\/vieassociative.be\/actualites\/wp-json\/wp\/v2\/posts\/4474\/revisions"}],"wp:featuredmedia":[{"embeddable":true,"href":"https:\/\/vieassociative.be\/actualites\/wp-json\/wp\/v2\/media\/1939"}],"wp:attachment":[{"href":"https:\/\/vieassociative.be\/actualites\/wp-json\/wp\/v2\/media?parent=4474"}],"wp:term":[{"taxonomy":"category","embeddable":true,"href":"https:\/\/vieassociative.be\/actualites\/wp-json\/wp\/v2\/categories?post=4474"},{"taxonomy":"post_tag","embeddable":true,"href":"https:\/\/vieassociative.be\/actualites\/wp-json\/wp\/v2\/tags?post=4474"}],"curies":[{"name":"wp","href":"https:\/\/api.w.org\/{rel}","templated":true}]}}