{"id":447,"date":"2024-09-25T08:19:14","date_gmt":"2024-09-25T06:19:14","guid":{"rendered":"https:\/\/vieassociative.be\/actualites\/benito-raman-dans-une-interview-schalke-gehort-nach-europa\/"},"modified":"2024-09-25T08:19:16","modified_gmt":"2024-09-25T06:19:16","slug":"benito-raman-dans-une-interview-schalke-gehort-nach-europa","status":"publish","type":"post","link":"https:\/\/vieassociative.be\/actualites\/benito-raman-dans-une-interview-schalke-gehort-nach-europa\/","title":{"rendered":"Benito Raman dans une interview : \u00ab\u00a0Schalke geh\u00f6rt nach Europa\u00a0\u00bb"},"content":{"rendered":"<p><\/p>\n<p class=\"font-sans font-medium\">  Benito Raman chapeau en tant que junior Profi dans le signaleur Heimat Belgien Schwierigkeiten. Dans la nouvelle saison du Klub Schalke 04, il y aura un certain nombre d&rsquo;\u00e9v\u00e9nements. Une entrevue.<\/p>\n<p><template data-module-id=\"UserActionDelayedModule\" data-ident=\"TextToSpeech\"><\/p>\n<div>\n    <!-- TextToSpeechModule --><\/p><\/div>\n<p><\/template><\/p>\n<p>Greater Respekt vient personnellement de Gegner. \u00ab Benito Raman sprinte sur tout, n&rsquo;\u00e9tait pas trois des Baumistes. C&rsquo;est une bonne chose\u00a0\u00bb, a d\u00e9clar\u00e9 l&rsquo;entra\u00eeneur Julian Nagelsmann du RB Leipzig \u00e0 propos de la prestation du FC Schalke 04 pour le match imm\u00e9diat de samedi (18h30\/Sky). C&rsquo;est une question de respect, il faut respecter le c\u0153ur du jeune de 25 ans. Pr\u00e9sentation du r\u00e9veillon du Nouvel An d&rsquo;\u00e9t\u00e9 avec une \u00e9toile \u00e0 Schalke \u2013 le voyage a commenc\u00e9 dans une ville de Belgique.<\/p>\n<div id=\"piano-reco-widget\" class=\"mb-4 block\"><\/div>\n<div id=\"paywall-container\" class=\"paywall-ld-ident shadow-outer rounded-lg overflow-hidden md:m-auto min-h-(50vh) md:min-h-(500px) w-full flex align-center text-center\"><\/div>\n<div id=\"piano-banner-kampagne\" class=\"mb-4 block\"><\/div>\n","protected":false},"excerpt":{"rendered":"<p>Benito Raman chapeau en tant que junior Profi dans le signaleur Heimat Belgien Schwierigkeiten. Dans la nouvelle saison du Klub Schalke 04, il y aura<\/p>\n","protected":false},"author":1,"featured_media":448,"comment_status":"closed","ping_status":"","sticky":false,"template":"","format":"standard","meta":{"footnotes":""},"categories":[298],"tags":[720,166,724,723,722,374,721,534,110],"class_list":["post-447","post","type-post","status-publish","format-standard","has-post-thumbnail","hentry","category-belgique","tag-benito","tag-dans","tag-europa","tag-gehort","tag-interview","tag-nach","tag-raman","tag-schalke","tag-une","generate-columns","tablet-grid-50","mobile-grid-100","grid-parent","grid-33"],"yoast_head":"<!-- This site is optimized with the Yoast SEO plugin v24.0 - https:\/\/yoast.com\/wordpress\/plugins\/seo\/ -->\n<title>Benito Raman dans une interview : &quot;Schalke geh\u00f6rt nach Europa&quot; | Vie Associative<\/title>\n<meta name=\"robots\" content=\"index, follow, max-snippet:-1, max-image-preview:large, max-video-preview:-1\" \/>\n<link rel=\"canonical\" href=\"https:\/\/vieassociative.be\/actualites\/benito-raman-dans-une-interview-schalke-gehort-nach-europa\/\" \/>\n<meta property=\"og:locale\" content=\"fr_FR\" \/>\n<meta property=\"og:type\" content=\"article\" \/>\n<meta property=\"og:title\" content=\"Benito Raman dans une interview : &quot;Schalke geh\u00f6rt nach Europa&quot; | Vie Associative\" \/>\n<meta property=\"og:description\" content=\"Benito Raman chapeau en tant que junior Profi dans le signaleur Heimat Belgien Schwierigkeiten. Dans la nouvelle saison du Klub Schalke 04, il y aura\" \/>\n<meta property=\"og:url\" content=\"https:\/\/vieassociative.be\/actualites\/benito-raman-dans-une-interview-schalke-gehort-nach-europa\/\" \/>\n<meta property=\"og:site_name\" content=\"Vie Associative\" \/>\n<meta property=\"article:published_time\" content=\"2024-09-25T06:19:14+00:00\" \/>\n<meta property=\"article:modified_time\" content=\"2024-09-25T06:19:16+00:00\" \/>\n<meta property=\"og:image\" content=\"https:\/\/vieassociative.be\/actualites\/wp-content\/uploads\/2024\/09\/1727245154_Benito-Raman-dans-une-interview-Schalke-gehort-nach-Europa.jpeg\" \/>\n\t<meta property=\"og:image:width\" content=\"1600\" \/>\n\t<meta property=\"og:image:height\" content=\"900\" \/>\n\t<meta property=\"og:image:type\" content=\"image\/jpeg\" \/>\n<meta name=\"author\" content=\"Julien\" \/>\n<meta name=\"twitter:card\" content=\"summary_large_image\" \/>\n<meta name=\"twitter:label1\" content=\"\u00c9crit par\" \/>\n\t<meta name=\"twitter:data1\" content=\"Julien\" \/>\n\t<meta name=\"twitter:label2\" content=\"Dur\u00e9e de lecture est.\" \/>\n\t<meta name=\"twitter:data2\" content=\"1 minute\" \/>\n<script type=\"application\/ld+json\" class=\"yoast-schema-graph\">{\"@context\":\"https:\/\/schema.org\",\"@graph\":[{\"@type\":\"Article\",\"@id\":\"https:\/\/vieassociative.be\/actualites\/benito-raman-dans-une-interview-schalke-gehort-nach-europa\/#article\",\"isPartOf\":{\"@id\":\"https:\/\/vieassociative.be\/actualites\/benito-raman-dans-une-interview-schalke-gehort-nach-europa\/\"},\"author\":{\"name\":\"Julien\",\"@id\":\"https:\/\/vieassociative.be\/actualites\/#\/schema\/person\/b87ac4f82f9d4e7b7cec7395b679edc4\"},\"headline\":\"Benito Raman dans une interview : \u00ab\u00a0Schalke geh\u00f6rt nach Europa\u00a0\u00bb\",\"datePublished\":\"2024-09-25T06:19:14+00:00\",\"dateModified\":\"2024-09-25T06:19:16+00:00\",\"mainEntityOfPage\":{\"@id\":\"https:\/\/vieassociative.be\/actualites\/benito-raman-dans-une-interview-schalke-gehort-nach-europa\/\"},\"wordCount\":130,\"publisher\":{\"@id\":\"https:\/\/vieassociative.be\/actualites\/#organization\"},\"image\":{\"@id\":\"https:\/\/vieassociative.be\/actualites\/benito-raman-dans-une-interview-schalke-gehort-nach-europa\/#primaryimage\"},\"thumbnailUrl\":\"https:\/\/vieassociative.be\/actualites\/wp-content\/uploads\/2024\/09\/1727245154_Benito-Raman-dans-une-interview-Schalke-gehort-nach-Europa.jpeg\",\"keywords\":[\"Benito\",\"dans\",\"Europa\",\"geh\u00f6rt\",\"interview\",\"nach\",\"Raman\",\"Schalke\",\"une\"],\"articleSection\":[\"Belgique\"],\"inLanguage\":\"fr-BE\"},{\"@type\":\"WebPage\",\"@id\":\"https:\/\/vieassociative.be\/actualites\/benito-raman-dans-une-interview-schalke-gehort-nach-europa\/\",\"url\":\"https:\/\/vieassociative.be\/actualites\/benito-raman-dans-une-interview-schalke-gehort-nach-europa\/\",\"name\":\"Benito Raman dans une interview : \\\"Schalke geh\u00f6rt nach Europa\\\" | Vie Associative\",\"isPartOf\":{\"@id\":\"https:\/\/vieassociative.be\/actualites\/#website\"},\"primaryImageOfPage\":{\"@id\":\"https:\/\/vieassociative.be\/actualites\/benito-raman-dans-une-interview-schalke-gehort-nach-europa\/#primaryimage\"},\"image\":{\"@id\":\"https:\/\/vieassociative.be\/actualites\/benito-raman-dans-une-interview-schalke-gehort-nach-europa\/#primaryimage\"},\"thumbnailUrl\":\"https:\/\/vieassociative.be\/actualites\/wp-content\/uploads\/2024\/09\/1727245154_Benito-Raman-dans-une-interview-Schalke-gehort-nach-Europa.jpeg\",\"datePublished\":\"2024-09-25T06:19:14+00:00\",\"dateModified\":\"2024-09-25T06:19:16+00:00\",\"breadcrumb\":{\"@id\":\"https:\/\/vieassociative.be\/actualites\/benito-raman-dans-une-interview-schalke-gehort-nach-europa\/#breadcrumb\"},\"inLanguage\":\"fr-BE\",\"potentialAction\":[{\"@type\":\"ReadAction\",\"target\":[\"https:\/\/vieassociative.be\/actualites\/benito-raman-dans-une-interview-schalke-gehort-nach-europa\/\"]}]},{\"@type\":\"ImageObject\",\"inLanguage\":\"fr-BE\",\"@id\":\"https:\/\/vieassociative.be\/actualites\/benito-raman-dans-une-interview-schalke-gehort-nach-europa\/#primaryimage\",\"url\":\"https:\/\/vieassociative.be\/actualites\/wp-content\/uploads\/2024\/09\/1727245154_Benito-Raman-dans-une-interview-Schalke-gehort-nach-Europa.jpeg\",\"contentUrl\":\"https:\/\/vieassociative.be\/actualites\/wp-content\/uploads\/2024\/09\/1727245154_Benito-Raman-dans-une-interview-Schalke-gehort-nach-Europa.jpeg\",\"width\":1600,\"height\":900,\"caption\":\"Benito Raman dans une interview : \\\"Schalke geh\u00f6rt nach Europa\\\"\"},{\"@type\":\"BreadcrumbList\",\"@id\":\"https:\/\/vieassociative.be\/actualites\/benito-raman-dans-une-interview-schalke-gehort-nach-europa\/#breadcrumb\",\"itemListElement\":[{\"@type\":\"ListItem\",\"position\":1,\"name\":\"Accueil\",\"item\":\"https:\/\/vieassociative.be\/actualites\/\"},{\"@type\":\"ListItem\",\"position\":2,\"name\":\"Benito Raman dans une interview : \u00ab\u00a0Schalke geh\u00f6rt nach Europa\u00a0\u00bb\"}]},{\"@type\":\"WebSite\",\"@id\":\"https:\/\/vieassociative.be\/actualites\/#website\",\"url\":\"https:\/\/vieassociative.be\/actualites\/\",\"name\":\"Vie Associative\",\"description\":\"\",\"publisher\":{\"@id\":\"https:\/\/vieassociative.be\/actualites\/#organization\"},\"potentialAction\":[{\"@type\":\"SearchAction\",\"target\":{\"@type\":\"EntryPoint\",\"urlTemplate\":\"https:\/\/vieassociative.be\/actualites\/?s={search_term_string}\"},\"query-input\":{\"@type\":\"PropertyValueSpecification\",\"valueRequired\":true,\"valueName\":\"search_term_string\"}}],\"inLanguage\":\"fr-BE\"},{\"@type\":\"Organization\",\"@id\":\"https:\/\/vieassociative.be\/actualites\/#organization\",\"name\":\"Vie Associative\",\"url\":\"https:\/\/vieassociative.be\/actualites\/\",\"logo\":{\"@type\":\"ImageObject\",\"inLanguage\":\"fr-BE\",\"@id\":\"https:\/\/vieassociative.be\/actualites\/#\/schema\/logo\/image\/\",\"url\":\"https:\/\/vieassociative.be\/actualites\/wp-content\/uploads\/2024\/09\/cropped-vieassociative_favicon.ico.png\",\"contentUrl\":\"https:\/\/vieassociative.be\/actualites\/wp-content\/uploads\/2024\/09\/cropped-vieassociative_favicon.ico.png\",\"width\":512,\"height\":512,\"caption\":\"Vie Associative\"},\"image\":{\"@id\":\"https:\/\/vieassociative.be\/actualites\/#\/schema\/logo\/image\/\"}},{\"@type\":\"Person\",\"@id\":\"https:\/\/vieassociative.be\/actualites\/#\/schema\/person\/b87ac4f82f9d4e7b7cec7395b679edc4\",\"name\":\"Julien\",\"image\":{\"@type\":\"ImageObject\",\"inLanguage\":\"fr-BE\",\"@id\":\"https:\/\/vieassociative.be\/actualites\/#\/schema\/person\/image\/\",\"url\":\"https:\/\/vieassociative.be\/actualites\/wp-content\/uploads\/2024\/09\/vie-associative-1-150x150.jpg\",\"contentUrl\":\"https:\/\/vieassociative.be\/actualites\/wp-content\/uploads\/2024\/09\/vie-associative-1-150x150.jpg\",\"caption\":\"Julien\"},\"description\":\"Je suis Julien, r\u00e9dacteur pour Vie Associative. Passionn\u00e9 par le monde associatif depuis plus de 10 ans, j'ai \u00e0 c\u0153ur de partager des histoires inspirantes et de mettre en lumi\u00e8re les initiatives locales. Mon objectif est de sensibiliser et d'encourager l'engagement communautaire \u00e0 travers mes articles.\",\"sameAs\":[\"https:\/\/vieassociative.be\/\"]}]}<\/script>\n<!-- \/ Yoast SEO plugin. -->","yoast_head_json":{"title":"Benito Raman dans une interview : \"Schalke geh\u00f6rt nach Europa\" | Vie Associative","robots":{"index":"index","follow":"follow","max-snippet":"max-snippet:-1","max-image-preview":"max-image-preview:large","max-video-preview":"max-video-preview:-1"},"canonical":"https:\/\/vieassociative.be\/actualites\/benito-raman-dans-une-interview-schalke-gehort-nach-europa\/","og_locale":"fr_FR","og_type":"article","og_title":"Benito Raman dans une interview : \"Schalke geh\u00f6rt nach Europa\" | Vie Associative","og_description":"Benito Raman chapeau en tant que junior Profi dans le signaleur Heimat Belgien Schwierigkeiten. Dans la nouvelle saison du Klub Schalke 04, il y aura","og_url":"https:\/\/vieassociative.be\/actualites\/benito-raman-dans-une-interview-schalke-gehort-nach-europa\/","og_site_name":"Vie Associative","article_published_time":"2024-09-25T06:19:14+00:00","article_modified_time":"2024-09-25T06:19:16+00:00","og_image":[{"width":1600,"height":900,"url":"https:\/\/vieassociative.be\/actualites\/wp-content\/uploads\/2024\/09\/1727245154_Benito-Raman-dans-une-interview-Schalke-gehort-nach-Europa.jpeg","type":"image\/jpeg"}],"author":"Julien","twitter_card":"summary_large_image","twitter_misc":{"\u00c9crit par":"Julien","Dur\u00e9e de lecture est.":"1 minute"},"schema":{"@context":"https:\/\/schema.org","@graph":[{"@type":"Article","@id":"https:\/\/vieassociative.be\/actualites\/benito-raman-dans-une-interview-schalke-gehort-nach-europa\/#article","isPartOf":{"@id":"https:\/\/vieassociative.be\/actualites\/benito-raman-dans-une-interview-schalke-gehort-nach-europa\/"},"author":{"name":"Julien","@id":"https:\/\/vieassociative.be\/actualites\/#\/schema\/person\/b87ac4f82f9d4e7b7cec7395b679edc4"},"headline":"Benito Raman dans une interview : \u00ab\u00a0Schalke geh\u00f6rt nach Europa\u00a0\u00bb","datePublished":"2024-09-25T06:19:14+00:00","dateModified":"2024-09-25T06:19:16+00:00","mainEntityOfPage":{"@id":"https:\/\/vieassociative.be\/actualites\/benito-raman-dans-une-interview-schalke-gehort-nach-europa\/"},"wordCount":130,"publisher":{"@id":"https:\/\/vieassociative.be\/actualites\/#organization"},"image":{"@id":"https:\/\/vieassociative.be\/actualites\/benito-raman-dans-une-interview-schalke-gehort-nach-europa\/#primaryimage"},"thumbnailUrl":"https:\/\/vieassociative.be\/actualites\/wp-content\/uploads\/2024\/09\/1727245154_Benito-Raman-dans-une-interview-Schalke-gehort-nach-Europa.jpeg","keywords":["Benito","dans","Europa","geh\u00f6rt","interview","nach","Raman","Schalke","une"],"articleSection":["Belgique"],"inLanguage":"fr-BE"},{"@type":"WebPage","@id":"https:\/\/vieassociative.be\/actualites\/benito-raman-dans-une-interview-schalke-gehort-nach-europa\/","url":"https:\/\/vieassociative.be\/actualites\/benito-raman-dans-une-interview-schalke-gehort-nach-europa\/","name":"Benito Raman dans une interview : \"Schalke geh\u00f6rt nach Europa\" | Vie Associative","isPartOf":{"@id":"https:\/\/vieassociative.be\/actualites\/#website"},"primaryImageOfPage":{"@id":"https:\/\/vieassociative.be\/actualites\/benito-raman-dans-une-interview-schalke-gehort-nach-europa\/#primaryimage"},"image":{"@id":"https:\/\/vieassociative.be\/actualites\/benito-raman-dans-une-interview-schalke-gehort-nach-europa\/#primaryimage"},"thumbnailUrl":"https:\/\/vieassociative.be\/actualites\/wp-content\/uploads\/2024\/09\/1727245154_Benito-Raman-dans-une-interview-Schalke-gehort-nach-Europa.jpeg","datePublished":"2024-09-25T06:19:14+00:00","dateModified":"2024-09-25T06:19:16+00:00","breadcrumb":{"@id":"https:\/\/vieassociative.be\/actualites\/benito-raman-dans-une-interview-schalke-gehort-nach-europa\/#breadcrumb"},"inLanguage":"fr-BE","potentialAction":[{"@type":"ReadAction","target":["https:\/\/vieassociative.be\/actualites\/benito-raman-dans-une-interview-schalke-gehort-nach-europa\/"]}]},{"@type":"ImageObject","inLanguage":"fr-BE","@id":"https:\/\/vieassociative.be\/actualites\/benito-raman-dans-une-interview-schalke-gehort-nach-europa\/#primaryimage","url":"https:\/\/vieassociative.be\/actualites\/wp-content\/uploads\/2024\/09\/1727245154_Benito-Raman-dans-une-interview-Schalke-gehort-nach-Europa.jpeg","contentUrl":"https:\/\/vieassociative.be\/actualites\/wp-content\/uploads\/2024\/09\/1727245154_Benito-Raman-dans-une-interview-Schalke-gehort-nach-Europa.jpeg","width":1600,"height":900,"caption":"Benito Raman dans une interview : \"Schalke geh\u00f6rt nach Europa\""},{"@type":"BreadcrumbList","@id":"https:\/\/vieassociative.be\/actualites\/benito-raman-dans-une-interview-schalke-gehort-nach-europa\/#breadcrumb","itemListElement":[{"@type":"ListItem","position":1,"name":"Accueil","item":"https:\/\/vieassociative.be\/actualites\/"},{"@type":"ListItem","position":2,"name":"Benito Raman dans une interview : \u00ab\u00a0Schalke geh\u00f6rt nach Europa\u00a0\u00bb"}]},{"@type":"WebSite","@id":"https:\/\/vieassociative.be\/actualites\/#website","url":"https:\/\/vieassociative.be\/actualites\/","name":"Vie Associative","description":"","publisher":{"@id":"https:\/\/vieassociative.be\/actualites\/#organization"},"potentialAction":[{"@type":"SearchAction","target":{"@type":"EntryPoint","urlTemplate":"https:\/\/vieassociative.be\/actualites\/?s={search_term_string}"},"query-input":{"@type":"PropertyValueSpecification","valueRequired":true,"valueName":"search_term_string"}}],"inLanguage":"fr-BE"},{"@type":"Organization","@id":"https:\/\/vieassociative.be\/actualites\/#organization","name":"Vie Associative","url":"https:\/\/vieassociative.be\/actualites\/","logo":{"@type":"ImageObject","inLanguage":"fr-BE","@id":"https:\/\/vieassociative.be\/actualites\/#\/schema\/logo\/image\/","url":"https:\/\/vieassociative.be\/actualites\/wp-content\/uploads\/2024\/09\/cropped-vieassociative_favicon.ico.png","contentUrl":"https:\/\/vieassociative.be\/actualites\/wp-content\/uploads\/2024\/09\/cropped-vieassociative_favicon.ico.png","width":512,"height":512,"caption":"Vie Associative"},"image":{"@id":"https:\/\/vieassociative.be\/actualites\/#\/schema\/logo\/image\/"}},{"@type":"Person","@id":"https:\/\/vieassociative.be\/actualites\/#\/schema\/person\/b87ac4f82f9d4e7b7cec7395b679edc4","name":"Julien","image":{"@type":"ImageObject","inLanguage":"fr-BE","@id":"https:\/\/vieassociative.be\/actualites\/#\/schema\/person\/image\/","url":"https:\/\/vieassociative.be\/actualites\/wp-content\/uploads\/2024\/09\/vie-associative-1-150x150.jpg","contentUrl":"https:\/\/vieassociative.be\/actualites\/wp-content\/uploads\/2024\/09\/vie-associative-1-150x150.jpg","caption":"Julien"},"description":"Je suis Julien, r\u00e9dacteur pour Vie Associative. Passionn\u00e9 par le monde associatif depuis plus de 10 ans, j'ai \u00e0 c\u0153ur de partager des histoires inspirantes et de mettre en lumi\u00e8re les initiatives locales. Mon objectif est de sensibiliser et d'encourager l'engagement communautaire \u00e0 travers mes articles.","sameAs":["https:\/\/vieassociative.be\/"]}]}},"_links":{"self":[{"href":"https:\/\/vieassociative.be\/actualites\/wp-json\/wp\/v2\/posts\/447"}],"collection":[{"href":"https:\/\/vieassociative.be\/actualites\/wp-json\/wp\/v2\/posts"}],"about":[{"href":"https:\/\/vieassociative.be\/actualites\/wp-json\/wp\/v2\/types\/post"}],"author":[{"embeddable":true,"href":"https:\/\/vieassociative.be\/actualites\/wp-json\/wp\/v2\/users\/1"}],"replies":[{"embeddable":true,"href":"https:\/\/vieassociative.be\/actualites\/wp-json\/wp\/v2\/comments?post=447"}],"version-history":[{"count":1,"href":"https:\/\/vieassociative.be\/actualites\/wp-json\/wp\/v2\/posts\/447\/revisions"}],"predecessor-version":[{"id":449,"href":"https:\/\/vieassociative.be\/actualites\/wp-json\/wp\/v2\/posts\/447\/revisions\/449"}],"wp:featuredmedia":[{"embeddable":true,"href":"https:\/\/vieassociative.be\/actualites\/wp-json\/wp\/v2\/media\/448"}],"wp:attachment":[{"href":"https:\/\/vieassociative.be\/actualites\/wp-json\/wp\/v2\/media?parent=447"}],"wp:term":[{"taxonomy":"category","embeddable":true,"href":"https:\/\/vieassociative.be\/actualites\/wp-json\/wp\/v2\/categories?post=447"},{"taxonomy":"post_tag","embeddable":true,"href":"https:\/\/vieassociative.be\/actualites\/wp-json\/wp\/v2\/tags?post=447"}],"curies":[{"name":"wp","href":"https:\/\/api.w.org\/{rel}","templated":true}]}}