{"id":4467,"date":"2025-01-20T21:17:55","date_gmt":"2025-01-20T20:17:55","guid":{"rendered":"https:\/\/vieassociative.be\/actualites\/lunch-garden-depose-le-bilan-eupen-et-41-autres-restaurants-sur-62-sont-repris\/"},"modified":"2025-01-20T21:17:55","modified_gmt":"2025-01-20T20:17:55","slug":"lunch-garden-depose-le-bilan-eupen-et-41-autres-restaurants-sur-62-sont-repris","status":"publish","type":"post","link":"https:\/\/vieassociative.be\/actualites\/lunch-garden-depose-le-bilan-eupen-et-41-autres-restaurants-sur-62-sont-repris\/","title":{"rendered":"Lunch Garden d\u00e9pose le bilan : Eupen et 41 autres restaurants (sur 62) sont repris"},"content":{"rendered":"<p><strong>La cha\u00eene de restaurants Lunch Garden a d\u00e9pos\u00e9 son bilan. La direction de l&rsquo;entreprise l&rsquo;a confirm\u00e9 lundi matin lors d&rsquo;un comit\u00e9 d&rsquo;entreprise extraordinaire au si\u00e8ge de l&rsquo;entreprise \u00e0 Evere.<\/strong><\/p>\n<p><span id=\"more-406489\"><\/span>Un candidat au rachat a \u00e9t\u00e9 trouv\u00e9 pour certains des 62 restaurants. L&rsquo;investisseur anversois CIM Capital souhaite ainsi racheter 42 succursales, dont celles d&rsquo;Eupen, comme l&rsquo;a rapport\u00e9 lundi la BRF.<\/p>\n<p>Voici la liste des restaurants concern\u00e9s par la fermeture publi\u00e9e par RTL Info : Froyennes, Inno Rue Neuve Bxl, Messancy, St-Denijs-Westrem, St-Kruis Brugge, Wilrijk, Waterloo, Auderghem, Evere, Inno Meer, Fl\u00e9malle, Libramont, W\u00e9pion , Berchem, Gand de Stere, Hasselt, Hannut, Hedegem, Arlon.<\/p>\n<p>Environ la moiti\u00e9 des collaborateurs de Lunch Garden, soit 300 sur 600 (sans compter les franchis\u00e9s), feront partie de l&rsquo;avenir de la cha\u00eene de restaurants, a annonc\u00e9 le PDG Stephan Brouwers. Il n&rsquo;y a toujours aucune certitude concernant les restaurants ind\u00e9pendants.<\/p>\n<div id=\"attachment_406498\" class=\"wp-caption alignleft\" style=\"max-width: 300px\"><img fetchpriority=\"high\" decoding=\"async\" class=\"wp-image-406498 size-medium\" src=\"https:\/\/vieassociative.be\/actualites\/wp-content\/uploads\/2025\/01\/Lunch-Garden-depose-le-bilan-Eupen-et-41-autres.jpg\" alt=\"\" width=\"300\" height=\"202\"  ><\/p>\n<p class=\"wp-caption-text\">Les emplacements des 62 succursales de la cha\u00eene de restaurants Lunch Garden, dont 42 doivent \u00eatre reprises. Source\u00a0: Jardin du d\u00e9jeuner<\/p>\n<\/div>\n<p>\u00abNous sommes dans la derni\u00e8re ligne droite pour parvenir \u00e0 un accord entre l&rsquo;investisseur et l&rsquo;administrateur de l&rsquo;insolvabilit\u00e9\u00bb, a d\u00e9clar\u00e9 Brouwers. Le PDG a pr\u00e9cis\u00e9 que l&rsquo;intention de l&rsquo;investisseur est de conserver le concept Lunch Garden et de le relancer avec les activit\u00e9s rentables.<\/p>\n<p>\u00ab\u00a0L&rsquo;investisseur est convaincu du maintien de la position unique de Lunch Garden sur le march\u00e9 belge\u00a0\u00bb, a-t-il soulign\u00e9. <\/p>\n<p>La cha\u00eene de restaurants a admis avoir eu des ann\u00e9es \u00ab difficiles \u00bb. Les fermetures forc\u00e9es pendant la pand\u00e9mie de Covid-19 ont eu \u00ab de profondes cons\u00e9quences financi\u00e8res qui se font encore sentir \u00bb. Certains sites ont pes\u00e9 sur les r\u00e9sultats de l&rsquo;ensemble de la cha\u00eene et les co\u00fbts ont augment\u00e9 en raison de l&rsquo;inflation et des co\u00fbts de main-d&rsquo;\u0153uvre \u00e9lev\u00e9s. Bien qu&rsquo;il y ait eu \u00ab\u00a0une tendance positive du chiffre d&rsquo;affaires et du b\u00e9n\u00e9fice d&rsquo;exploitation\u00a0\u00bb au cours des deux derni\u00e8res ann\u00e9es, \u00ab\u00a0cela s&rsquo;est av\u00e9r\u00e9 insuffisant pour soutenir les investissements n\u00e9cessaires\u00a0\u00bb, a ajout\u00e9 Lunch Garden.<\/p>\n<p>Selon la BRF, l&rsquo;agence Eupen Lunch Garden restera ouverte jusqu&rsquo;\u00e0 nouvel ordre. Le directeur g\u00e9n\u00e9ral Bruno Cherain a confirm\u00e9 \u00e0 la cha\u00eene que le site d&rsquo;Eupen faisait partie des 42 restaurants repris par l&rsquo;investisseur anversois CIM Capital. <\/p>\n<p>Il a d\u00e9j\u00e0 inform\u00e9 ses collaborateurs que les travaux se poursuivaient \u00e0 Eupen. Cette nouvelle a \u00e9t\u00e9 accueillie avec un grand soulagement, a d\u00e9clar\u00e9 Cherain. N\u00e9anmoins, beaucoup de choses restent incertaines, car le contrat de franchise est d\u00e9sormais nul en raison de la faillite du groupe Lunch Garden. Vous devez d&rsquo;abord convenir d&rsquo;un nouveau contrat avec l&rsquo;investisseur. (cr\u00e9er)<\/p>\n","protected":false},"excerpt":{"rendered":"<p>La cha\u00eene de restaurants Lunch Garden a d\u00e9pos\u00e9 son bilan. La direction de l&rsquo;entreprise l&rsquo;a confirm\u00e9 lundi matin lors d&rsquo;un comit\u00e9 d&rsquo;entreprise extraordinaire au si\u00e8ge<\/p>\n","protected":false},"author":1,"featured_media":4468,"comment_status":"","ping_status":"","sticky":false,"template":"","format":"standard","meta":{"footnotes":""},"categories":[298],"tags":[276,4863,4862,2329,4861,4860,4864,3733,18,33],"class_list":["post-4467","post","type-post","status-publish","format-standard","has-post-thumbnail","hentry","category-belgique","tag-autres","tag-bilan","tag-depose","tag-eupen","tag-garden","tag-lunch","tag-repris","tag-restaurants","tag-sont","tag-sur","generate-columns","tablet-grid-50","mobile-grid-100","grid-parent","grid-33"],"yoast_head":"<!-- This site is optimized with the Yoast SEO plugin v24.0 - https:\/\/yoast.com\/wordpress\/plugins\/seo\/ -->\n<title>Lunch Garden d\u00e9pose le bilan : Eupen et 41 autres restaurants (sur 62) sont repris | Vie Associative<\/title>\n<meta name=\"robots\" content=\"index, follow, max-snippet:-1, max-image-preview:large, max-video-preview:-1\" \/>\n<link rel=\"canonical\" href=\"https:\/\/vieassociative.be\/actualites\/lunch-garden-depose-le-bilan-eupen-et-41-autres-restaurants-sur-62-sont-repris\/\" \/>\n<meta property=\"og:locale\" content=\"fr_FR\" \/>\n<meta property=\"og:type\" content=\"article\" \/>\n<meta property=\"og:title\" content=\"Lunch Garden d\u00e9pose le bilan : Eupen et 41 autres restaurants (sur 62) sont repris | Vie Associative\" \/>\n<meta property=\"og:description\" content=\"La cha\u00eene de restaurants Lunch Garden a d\u00e9pos\u00e9 son bilan. La direction de l&rsquo;entreprise l&rsquo;a confirm\u00e9 lundi matin lors d&rsquo;un comit\u00e9 d&rsquo;entreprise extraordinaire au si\u00e8ge\" \/>\n<meta property=\"og:url\" content=\"https:\/\/vieassociative.be\/actualites\/lunch-garden-depose-le-bilan-eupen-et-41-autres-restaurants-sur-62-sont-repris\/\" \/>\n<meta property=\"og:site_name\" content=\"Vie Associative\" \/>\n<meta property=\"article:published_time\" content=\"2025-01-20T20:17:55+00:00\" \/>\n<meta property=\"og:image\" content=\"https:\/\/vieassociative.be\/actualites\/wp-content\/uploads\/2024\/09\/header_backgroundk-01-e1726694325946.png\" \/>\n\t<meta property=\"og:image:width\" content=\"279\" \/>\n\t<meta property=\"og:image:height\" content=\"92\" \/>\n\t<meta property=\"og:image:type\" content=\"image\/png\" \/>\n<meta name=\"author\" content=\"Julien\" \/>\n<meta name=\"twitter:card\" content=\"summary_large_image\" \/>\n<meta name=\"twitter:label1\" content=\"\u00c9crit par\" \/>\n\t<meta name=\"twitter:data1\" content=\"Julien\" \/>\n\t<meta name=\"twitter:label2\" content=\"Dur\u00e9e de lecture est.\" \/>\n\t<meta name=\"twitter:data2\" content=\"2 minutes\" \/>\n<script type=\"application\/ld+json\" class=\"yoast-schema-graph\">{\"@context\":\"https:\/\/schema.org\",\"@graph\":[{\"@type\":\"Article\",\"@id\":\"https:\/\/vieassociative.be\/actualites\/lunch-garden-depose-le-bilan-eupen-et-41-autres-restaurants-sur-62-sont-repris\/#article\",\"isPartOf\":{\"@id\":\"https:\/\/vieassociative.be\/actualites\/lunch-garden-depose-le-bilan-eupen-et-41-autres-restaurants-sur-62-sont-repris\/\"},\"author\":{\"name\":\"Julien\",\"@id\":\"https:\/\/vieassociative.be\/actualites\/#\/schema\/person\/b87ac4f82f9d4e7b7cec7395b679edc4\"},\"headline\":\"Lunch Garden d\u00e9pose le bilan : Eupen et 41 autres restaurants (sur 62) sont repris\",\"datePublished\":\"2025-01-20T20:17:55+00:00\",\"dateModified\":\"2025-01-20T20:17:55+00:00\",\"mainEntityOfPage\":{\"@id\":\"https:\/\/vieassociative.be\/actualites\/lunch-garden-depose-le-bilan-eupen-et-41-autres-restaurants-sur-62-sont-repris\/\"},\"wordCount\":480,\"publisher\":{\"@id\":\"https:\/\/vieassociative.be\/actualites\/#organization\"},\"image\":{\"@id\":\"https:\/\/vieassociative.be\/actualites\/lunch-garden-depose-le-bilan-eupen-et-41-autres-restaurants-sur-62-sont-repris\/#primaryimage\"},\"thumbnailUrl\":\"https:\/\/vieassociative.be\/actualites\/wp-content\/uploads\/2025\/01\/1737404275_Lunch-Garden-depose-le-bilan-Eupen-et-41-autres.jpg\",\"keywords\":[\"autres\",\"bilan\",\"d\u00e9pose\",\"Eupen\",\"Garden\",\"Lunch\",\"repris\",\"restaurants\",\"sont\",\"sur\"],\"articleSection\":[\"Belgique\"],\"inLanguage\":\"fr-BE\"},{\"@type\":\"WebPage\",\"@id\":\"https:\/\/vieassociative.be\/actualites\/lunch-garden-depose-le-bilan-eupen-et-41-autres-restaurants-sur-62-sont-repris\/\",\"url\":\"https:\/\/vieassociative.be\/actualites\/lunch-garden-depose-le-bilan-eupen-et-41-autres-restaurants-sur-62-sont-repris\/\",\"name\":\"Lunch Garden d\u00e9pose le bilan : Eupen et 41 autres restaurants (sur 62) sont repris | Vie Associative\",\"isPartOf\":{\"@id\":\"https:\/\/vieassociative.be\/actualites\/#website\"},\"primaryImageOfPage\":{\"@id\":\"https:\/\/vieassociative.be\/actualites\/lunch-garden-depose-le-bilan-eupen-et-41-autres-restaurants-sur-62-sont-repris\/#primaryimage\"},\"image\":{\"@id\":\"https:\/\/vieassociative.be\/actualites\/lunch-garden-depose-le-bilan-eupen-et-41-autres-restaurants-sur-62-sont-repris\/#primaryimage\"},\"thumbnailUrl\":\"https:\/\/vieassociative.be\/actualites\/wp-content\/uploads\/2025\/01\/1737404275_Lunch-Garden-depose-le-bilan-Eupen-et-41-autres.jpg\",\"datePublished\":\"2025-01-20T20:17:55+00:00\",\"dateModified\":\"2025-01-20T20:17:55+00:00\",\"breadcrumb\":{\"@id\":\"https:\/\/vieassociative.be\/actualites\/lunch-garden-depose-le-bilan-eupen-et-41-autres-restaurants-sur-62-sont-repris\/#breadcrumb\"},\"inLanguage\":\"fr-BE\",\"potentialAction\":[{\"@type\":\"ReadAction\",\"target\":[\"https:\/\/vieassociative.be\/actualites\/lunch-garden-depose-le-bilan-eupen-et-41-autres-restaurants-sur-62-sont-repris\/\"]}]},{\"@type\":\"ImageObject\",\"inLanguage\":\"fr-BE\",\"@id\":\"https:\/\/vieassociative.be\/actualites\/lunch-garden-depose-le-bilan-eupen-et-41-autres-restaurants-sur-62-sont-repris\/#primaryimage\",\"url\":\"https:\/\/vieassociative.be\/actualites\/wp-content\/uploads\/2025\/01\/1737404275_Lunch-Garden-depose-le-bilan-Eupen-et-41-autres.jpg\",\"contentUrl\":\"https:\/\/vieassociative.be\/actualites\/wp-content\/uploads\/2025\/01\/1737404275_Lunch-Garden-depose-le-bilan-Eupen-et-41-autres.jpg\",\"width\":1200,\"height\":801,\"caption\":\"Lunch Garden d\u00e9pose le bilan : Eupen et 41 autres restaurants (sur 62) sont repris\"},{\"@type\":\"BreadcrumbList\",\"@id\":\"https:\/\/vieassociative.be\/actualites\/lunch-garden-depose-le-bilan-eupen-et-41-autres-restaurants-sur-62-sont-repris\/#breadcrumb\",\"itemListElement\":[{\"@type\":\"ListItem\",\"position\":1,\"name\":\"Accueil\",\"item\":\"https:\/\/vieassociative.be\/actualites\/\"},{\"@type\":\"ListItem\",\"position\":2,\"name\":\"Lunch Garden d\u00e9pose le bilan : Eupen et 41 autres restaurants (sur 62) sont repris\"}]},{\"@type\":\"WebSite\",\"@id\":\"https:\/\/vieassociative.be\/actualites\/#website\",\"url\":\"https:\/\/vieassociative.be\/actualites\/\",\"name\":\"Vie Associative\",\"description\":\"\",\"publisher\":{\"@id\":\"https:\/\/vieassociative.be\/actualites\/#organization\"},\"potentialAction\":[{\"@type\":\"SearchAction\",\"target\":{\"@type\":\"EntryPoint\",\"urlTemplate\":\"https:\/\/vieassociative.be\/actualites\/?s={search_term_string}\"},\"query-input\":{\"@type\":\"PropertyValueSpecification\",\"valueRequired\":true,\"valueName\":\"search_term_string\"}}],\"inLanguage\":\"fr-BE\"},{\"@type\":\"Organization\",\"@id\":\"https:\/\/vieassociative.be\/actualites\/#organization\",\"name\":\"Vie Associative\",\"url\":\"https:\/\/vieassociative.be\/actualites\/\",\"logo\":{\"@type\":\"ImageObject\",\"inLanguage\":\"fr-BE\",\"@id\":\"https:\/\/vieassociative.be\/actualites\/#\/schema\/logo\/image\/\",\"url\":\"https:\/\/vieassociative.be\/actualites\/wp-content\/uploads\/2024\/09\/cropped-vieassociative_favicon.ico.png\",\"contentUrl\":\"https:\/\/vieassociative.be\/actualites\/wp-content\/uploads\/2024\/09\/cropped-vieassociative_favicon.ico.png\",\"width\":512,\"height\":512,\"caption\":\"Vie Associative\"},\"image\":{\"@id\":\"https:\/\/vieassociative.be\/actualites\/#\/schema\/logo\/image\/\"}},{\"@type\":\"Person\",\"@id\":\"https:\/\/vieassociative.be\/actualites\/#\/schema\/person\/b87ac4f82f9d4e7b7cec7395b679edc4\",\"name\":\"Julien\",\"image\":{\"@type\":\"ImageObject\",\"inLanguage\":\"fr-BE\",\"@id\":\"https:\/\/vieassociative.be\/actualites\/#\/schema\/person\/image\/\",\"url\":\"https:\/\/vieassociative.be\/actualites\/wp-content\/uploads\/2024\/09\/vie-associative-1-150x150.jpg\",\"contentUrl\":\"https:\/\/vieassociative.be\/actualites\/wp-content\/uploads\/2024\/09\/vie-associative-1-150x150.jpg\",\"caption\":\"Julien\"},\"description\":\"Je suis Julien, r\u00e9dacteur pour Vie Associative. Passionn\u00e9 par le monde associatif depuis plus de 10 ans, j'ai \u00e0 c\u0153ur de partager des histoires inspirantes et de mettre en lumi\u00e8re les initiatives locales. Mon objectif est de sensibiliser et d'encourager l'engagement communautaire \u00e0 travers mes articles.\",\"sameAs\":[\"https:\/\/vieassociative.be\/\"]}]}<\/script>\n<!-- \/ Yoast SEO plugin. -->","yoast_head_json":{"title":"Lunch Garden d\u00e9pose le bilan : Eupen et 41 autres restaurants (sur 62) sont repris | Vie Associative","robots":{"index":"index","follow":"follow","max-snippet":"max-snippet:-1","max-image-preview":"max-image-preview:large","max-video-preview":"max-video-preview:-1"},"canonical":"https:\/\/vieassociative.be\/actualites\/lunch-garden-depose-le-bilan-eupen-et-41-autres-restaurants-sur-62-sont-repris\/","og_locale":"fr_FR","og_type":"article","og_title":"Lunch Garden d\u00e9pose le bilan : Eupen et 41 autres restaurants (sur 62) sont repris | Vie Associative","og_description":"La cha\u00eene de restaurants Lunch Garden a d\u00e9pos\u00e9 son bilan. La direction de l&rsquo;entreprise l&rsquo;a confirm\u00e9 lundi matin lors d&rsquo;un comit\u00e9 d&rsquo;entreprise extraordinaire au si\u00e8ge","og_url":"https:\/\/vieassociative.be\/actualites\/lunch-garden-depose-le-bilan-eupen-et-41-autres-restaurants-sur-62-sont-repris\/","og_site_name":"Vie Associative","article_published_time":"2025-01-20T20:17:55+00:00","og_image":[{"width":279,"height":92,"url":"https:\/\/vieassociative.be\/actualites\/wp-content\/uploads\/2024\/09\/header_backgroundk-01-e1726694325946.png","type":"image\/png"}],"author":"Julien","twitter_card":"summary_large_image","twitter_misc":{"\u00c9crit par":"Julien","Dur\u00e9e de lecture est.":"2 minutes"},"schema":{"@context":"https:\/\/schema.org","@graph":[{"@type":"Article","@id":"https:\/\/vieassociative.be\/actualites\/lunch-garden-depose-le-bilan-eupen-et-41-autres-restaurants-sur-62-sont-repris\/#article","isPartOf":{"@id":"https:\/\/vieassociative.be\/actualites\/lunch-garden-depose-le-bilan-eupen-et-41-autres-restaurants-sur-62-sont-repris\/"},"author":{"name":"Julien","@id":"https:\/\/vieassociative.be\/actualites\/#\/schema\/person\/b87ac4f82f9d4e7b7cec7395b679edc4"},"headline":"Lunch Garden d\u00e9pose le bilan : Eupen et 41 autres restaurants (sur 62) sont repris","datePublished":"2025-01-20T20:17:55+00:00","dateModified":"2025-01-20T20:17:55+00:00","mainEntityOfPage":{"@id":"https:\/\/vieassociative.be\/actualites\/lunch-garden-depose-le-bilan-eupen-et-41-autres-restaurants-sur-62-sont-repris\/"},"wordCount":480,"publisher":{"@id":"https:\/\/vieassociative.be\/actualites\/#organization"},"image":{"@id":"https:\/\/vieassociative.be\/actualites\/lunch-garden-depose-le-bilan-eupen-et-41-autres-restaurants-sur-62-sont-repris\/#primaryimage"},"thumbnailUrl":"https:\/\/vieassociative.be\/actualites\/wp-content\/uploads\/2025\/01\/1737404275_Lunch-Garden-depose-le-bilan-Eupen-et-41-autres.jpg","keywords":["autres","bilan","d\u00e9pose","Eupen","Garden","Lunch","repris","restaurants","sont","sur"],"articleSection":["Belgique"],"inLanguage":"fr-BE"},{"@type":"WebPage","@id":"https:\/\/vieassociative.be\/actualites\/lunch-garden-depose-le-bilan-eupen-et-41-autres-restaurants-sur-62-sont-repris\/","url":"https:\/\/vieassociative.be\/actualites\/lunch-garden-depose-le-bilan-eupen-et-41-autres-restaurants-sur-62-sont-repris\/","name":"Lunch Garden d\u00e9pose le bilan : Eupen et 41 autres restaurants (sur 62) sont repris | Vie Associative","isPartOf":{"@id":"https:\/\/vieassociative.be\/actualites\/#website"},"primaryImageOfPage":{"@id":"https:\/\/vieassociative.be\/actualites\/lunch-garden-depose-le-bilan-eupen-et-41-autres-restaurants-sur-62-sont-repris\/#primaryimage"},"image":{"@id":"https:\/\/vieassociative.be\/actualites\/lunch-garden-depose-le-bilan-eupen-et-41-autres-restaurants-sur-62-sont-repris\/#primaryimage"},"thumbnailUrl":"https:\/\/vieassociative.be\/actualites\/wp-content\/uploads\/2025\/01\/1737404275_Lunch-Garden-depose-le-bilan-Eupen-et-41-autres.jpg","datePublished":"2025-01-20T20:17:55+00:00","dateModified":"2025-01-20T20:17:55+00:00","breadcrumb":{"@id":"https:\/\/vieassociative.be\/actualites\/lunch-garden-depose-le-bilan-eupen-et-41-autres-restaurants-sur-62-sont-repris\/#breadcrumb"},"inLanguage":"fr-BE","potentialAction":[{"@type":"ReadAction","target":["https:\/\/vieassociative.be\/actualites\/lunch-garden-depose-le-bilan-eupen-et-41-autres-restaurants-sur-62-sont-repris\/"]}]},{"@type":"ImageObject","inLanguage":"fr-BE","@id":"https:\/\/vieassociative.be\/actualites\/lunch-garden-depose-le-bilan-eupen-et-41-autres-restaurants-sur-62-sont-repris\/#primaryimage","url":"https:\/\/vieassociative.be\/actualites\/wp-content\/uploads\/2025\/01\/1737404275_Lunch-Garden-depose-le-bilan-Eupen-et-41-autres.jpg","contentUrl":"https:\/\/vieassociative.be\/actualites\/wp-content\/uploads\/2025\/01\/1737404275_Lunch-Garden-depose-le-bilan-Eupen-et-41-autres.jpg","width":1200,"height":801,"caption":"Lunch Garden d\u00e9pose le bilan : Eupen et 41 autres restaurants (sur 62) sont repris"},{"@type":"BreadcrumbList","@id":"https:\/\/vieassociative.be\/actualites\/lunch-garden-depose-le-bilan-eupen-et-41-autres-restaurants-sur-62-sont-repris\/#breadcrumb","itemListElement":[{"@type":"ListItem","position":1,"name":"Accueil","item":"https:\/\/vieassociative.be\/actualites\/"},{"@type":"ListItem","position":2,"name":"Lunch Garden d\u00e9pose le bilan : Eupen et 41 autres restaurants (sur 62) sont repris"}]},{"@type":"WebSite","@id":"https:\/\/vieassociative.be\/actualites\/#website","url":"https:\/\/vieassociative.be\/actualites\/","name":"Vie Associative","description":"","publisher":{"@id":"https:\/\/vieassociative.be\/actualites\/#organization"},"potentialAction":[{"@type":"SearchAction","target":{"@type":"EntryPoint","urlTemplate":"https:\/\/vieassociative.be\/actualites\/?s={search_term_string}"},"query-input":{"@type":"PropertyValueSpecification","valueRequired":true,"valueName":"search_term_string"}}],"inLanguage":"fr-BE"},{"@type":"Organization","@id":"https:\/\/vieassociative.be\/actualites\/#organization","name":"Vie Associative","url":"https:\/\/vieassociative.be\/actualites\/","logo":{"@type":"ImageObject","inLanguage":"fr-BE","@id":"https:\/\/vieassociative.be\/actualites\/#\/schema\/logo\/image\/","url":"https:\/\/vieassociative.be\/actualites\/wp-content\/uploads\/2024\/09\/cropped-vieassociative_favicon.ico.png","contentUrl":"https:\/\/vieassociative.be\/actualites\/wp-content\/uploads\/2024\/09\/cropped-vieassociative_favicon.ico.png","width":512,"height":512,"caption":"Vie Associative"},"image":{"@id":"https:\/\/vieassociative.be\/actualites\/#\/schema\/logo\/image\/"}},{"@type":"Person","@id":"https:\/\/vieassociative.be\/actualites\/#\/schema\/person\/b87ac4f82f9d4e7b7cec7395b679edc4","name":"Julien","image":{"@type":"ImageObject","inLanguage":"fr-BE","@id":"https:\/\/vieassociative.be\/actualites\/#\/schema\/person\/image\/","url":"https:\/\/vieassociative.be\/actualites\/wp-content\/uploads\/2024\/09\/vie-associative-1-150x150.jpg","contentUrl":"https:\/\/vieassociative.be\/actualites\/wp-content\/uploads\/2024\/09\/vie-associative-1-150x150.jpg","caption":"Julien"},"description":"Je suis Julien, r\u00e9dacteur pour Vie Associative. Passionn\u00e9 par le monde associatif depuis plus de 10 ans, j'ai \u00e0 c\u0153ur de partager des histoires inspirantes et de mettre en lumi\u00e8re les initiatives locales. Mon objectif est de sensibiliser et d'encourager l'engagement communautaire \u00e0 travers mes articles.","sameAs":["https:\/\/vieassociative.be\/"]}]}},"_links":{"self":[{"href":"https:\/\/vieassociative.be\/actualites\/wp-json\/wp\/v2\/posts\/4467"}],"collection":[{"href":"https:\/\/vieassociative.be\/actualites\/wp-json\/wp\/v2\/posts"}],"about":[{"href":"https:\/\/vieassociative.be\/actualites\/wp-json\/wp\/v2\/types\/post"}],"author":[{"embeddable":true,"href":"https:\/\/vieassociative.be\/actualites\/wp-json\/wp\/v2\/users\/1"}],"replies":[{"embeddable":true,"href":"https:\/\/vieassociative.be\/actualites\/wp-json\/wp\/v2\/comments?post=4467"}],"version-history":[{"count":0,"href":"https:\/\/vieassociative.be\/actualites\/wp-json\/wp\/v2\/posts\/4467\/revisions"}],"wp:featuredmedia":[{"embeddable":true,"href":"https:\/\/vieassociative.be\/actualites\/wp-json\/wp\/v2\/media\/4468"}],"wp:attachment":[{"href":"https:\/\/vieassociative.be\/actualites\/wp-json\/wp\/v2\/media?parent=4467"}],"wp:term":[{"taxonomy":"category","embeddable":true,"href":"https:\/\/vieassociative.be\/actualites\/wp-json\/wp\/v2\/categories?post=4467"},{"taxonomy":"post_tag","embeddable":true,"href":"https:\/\/vieassociative.be\/actualites\/wp-json\/wp\/v2\/tags?post=4467"}],"curies":[{"name":"wp","href":"https:\/\/api.w.org\/{rel}","templated":true}]}}