{"id":4461,"date":"2025-01-20T15:17:21","date_gmt":"2025-01-20T14:17:21","guid":{"rendered":"https:\/\/vieassociative.be\/actualites\/trump-veut-rendre-publics-tous-les-dossiers-sur-les-assassinats-de-john-f-kennedy-robert-kennedy-et-martin-luther-king\/"},"modified":"2025-01-20T15:17:21","modified_gmt":"2025-01-20T14:17:21","slug":"trump-veut-rendre-publics-tous-les-dossiers-sur-les-assassinats-de-john-f-kennedy-robert-kennedy-et-martin-luther-king","status":"publish","type":"post","link":"https:\/\/vieassociative.be\/actualites\/trump-veut-rendre-publics-tous-les-dossiers-sur-les-assassinats-de-john-f-kennedy-robert-kennedy-et-martin-luther-king\/","title":{"rendered":"Trump veut rendre publics tous les dossiers sur les assassinats de John F. Kennedy, Robert Kennedy et Martin Luther King"},"content":{"rendered":"<p><strong>Les th\u00e9ories du complot sur l\u2019assassinat du pr\u00e9sident de l\u2019\u00e9poque, John F. Kennedy, persistent aux \u00c9tats-Unis. La plupart des dossiers sur l\u2019affaire sont d\u00e9j\u00e0 publics \u2013 mais pas tous.<\/strong><\/p>\n<p><span id=\"more-406477\"><\/span>Dans les jours qui suivront son investiture, le pr\u00e9sident \u00e9lu des \u00c9tats-Unis, Donald Trump, envisage de divulguer des dossiers classifi\u00e9s sur l&rsquo;assassinat du pr\u00e9sident John F. Kennedy en 1963.<\/p>\n<p>\u00ab\u00a0Tout sera rendu public\u00a0\u00bb, a d\u00e9clar\u00e9 le r\u00e9publicain lors d&rsquo;un rassemblement devant des partisans enthousiastes dans la capitale, Washington. L&rsquo;homme de 78 ans a \u00e9galement promis de rendre disponibles des documents sur l&rsquo;assassinat de l&rsquo;homme politique Robert Kennedy et du militant des droits civiques Martin Luther King ainsi que sur \u00ab d&rsquo;autres sujets d&rsquo;un grand int\u00e9r\u00eat public \u00bb.<\/p>\n<div id=\"attachment_215979\" class=\"wp-caption alignleft\" style=\"max-width: 231px\"><img fetchpriority=\"high\" decoding=\"async\" class=\"wp-image-215979 size-medium\" src=\"https:\/\/vieassociative.be\/actualites\/wp-content\/uploads\/2025\/01\/Trump-veut-rendre-publics-tous-les-dossiers-sur-les-assassinats.jpeg\" alt=\"\" width=\"231\" height=\"300\"  ><\/p>\n<p class=\"wp-caption-text\">11 octobre 1961, \u00c9tats-Unis, Washington : le pr\u00e9sident am\u00e9ricain de l&rsquo;\u00e9poque, John F. Kennedy, prend la parole lors d&rsquo;une conf\u00e9rence de presse \u00e0 la Maison Blanche. Photo : UPI\/dpa<\/p>\n<\/div>\n<p>Les Archives nationales des \u00c9tats-Unis indiquent sur leur site Internet qu&rsquo;une grande partie des quelque cinq millions de documents, photos, vid\u00e9os, enregistrements audio et objets li\u00e9s \u00e0 la tentative d&rsquo;assassinat sont enti\u00e8rement accessibles depuis la fin des ann\u00e9es 1990.<\/p>\n<p>Trump avait d\u00e9j\u00e0 promis de publier les dossiers lors de son premier mandat. En 2017, certains des documents jusque-l\u00e0 gard\u00e9s secrets ont \u00e9t\u00e9 rendus publics. Mais le pr\u00e9sident Trump a alors d\u00e9cid\u00e9 &#8211; en grande partie \u00e0 la demande de la CIA et du FBI, l&rsquo;agence am\u00e9ricaine de renseignement ext\u00e9rieur &#8211; de garder certains dossiers secrets apr\u00e8s que ces autorit\u00e9s eurent exprim\u00e9 des pr\u00e9occupations en mati\u00e8re de s\u00e9curit\u00e9.<\/p>\n<p>Son successeur Joe Biden a fait publier des milliers d\u2019autres documents li\u00e9s \u00e0 l\u2019assassinat de Kennedy \u2013 mais pas tous. Selon les m\u00e9dias am\u00e9ricains, la publication la plus r\u00e9cente datant de 2023, 99 % des documents sont accessibles au public.<\/p>\n<p>Kennedy a \u00e9t\u00e9 assassin\u00e9 par plusieurs coups de feu \u00e0 Dallas le 22 novembre 1963. L&rsquo;enqu\u00eate men\u00e9e par une commission sur ce crime a abouti \u00e0 la conclusion que l&rsquo;assassin Lee Harvey Oswald &#8211; qui a ensuite \u00e9t\u00e9 lui-m\u00eame assassin\u00e9 &#8211; a agi seul. Oswald a \u00e9t\u00e9 tu\u00e9 par un propri\u00e9taire de bo\u00eete de nuit deux jours apr\u00e8s le crime.<\/p>\n<p>Un certain nombre de th\u00e9ories du complot ont persist\u00e9 au fil des ann\u00e9es, comme la th\u00e8se selon laquelle le successeur de Kennedy, Lyndon B. Johnson, en collaboration avec la CIA, aurait tir\u00e9 les ficelles de la tentative d&rsquo;assassinat ou celle selon laquelle Cuba serait impliqu\u00e9. (dpa)<\/p>\n","protected":false},"excerpt":{"rendered":"<p>Les th\u00e9ories du complot sur l\u2019assassinat du pr\u00e9sident de l\u2019\u00e9poque, John F. Kennedy, persistent aux \u00c9tats-Unis. La plupart des dossiers sur l\u2019affaire sont d\u00e9j\u00e0 publics<\/p>\n","protected":false},"author":1,"featured_media":4462,"comment_status":"","ping_status":"","sticky":false,"template":"","format":"standard","meta":{"footnotes":""},"categories":[298],"tags":[4853,4852,4854,4855,4859,14,4858,4857,4851,465,4856,33,546,2425,2635],"class_list":["post-4461","post","type-post","status-publish","format-standard","has-post-thumbnail","hentry","category-belgique","tag-assassinats","tag-dossiers","tag-john","tag-kennedy","tag-king","tag-les","tag-luther","tag-martin","tag-publics","tag-rendre","tag-robert","tag-sur","tag-tous","tag-trump","tag-veut","generate-columns","tablet-grid-50","mobile-grid-100","grid-parent","grid-33"],"yoast_head":"<!-- This site is optimized with the Yoast SEO plugin v24.0 - https:\/\/yoast.com\/wordpress\/plugins\/seo\/ -->\n<title>Trump veut rendre publics tous les dossiers sur les assassinats de John F. Kennedy, Robert Kennedy et Martin Luther King | Vie Associative<\/title>\n<meta name=\"robots\" content=\"index, follow, max-snippet:-1, max-image-preview:large, max-video-preview:-1\" \/>\n<link rel=\"canonical\" href=\"https:\/\/vieassociative.be\/actualites\/trump-veut-rendre-publics-tous-les-dossiers-sur-les-assassinats-de-john-f-kennedy-robert-kennedy-et-martin-luther-king\/\" \/>\n<meta property=\"og:locale\" content=\"fr_FR\" \/>\n<meta property=\"og:type\" content=\"article\" \/>\n<meta property=\"og:title\" content=\"Trump veut rendre publics tous les dossiers sur les assassinats de John F. Kennedy, Robert Kennedy et Martin Luther King | Vie Associative\" \/>\n<meta property=\"og:description\" content=\"Les th\u00e9ories du complot sur l\u2019assassinat du pr\u00e9sident de l\u2019\u00e9poque, John F. Kennedy, persistent aux \u00c9tats-Unis. La plupart des dossiers sur l\u2019affaire sont d\u00e9j\u00e0 publics\" \/>\n<meta property=\"og:url\" content=\"https:\/\/vieassociative.be\/actualites\/trump-veut-rendre-publics-tous-les-dossiers-sur-les-assassinats-de-john-f-kennedy-robert-kennedy-et-martin-luther-king\/\" \/>\n<meta property=\"og:site_name\" content=\"Vie Associative\" \/>\n<meta property=\"article:published_time\" content=\"2025-01-20T14:17:21+00:00\" \/>\n<meta property=\"og:image\" content=\"https:\/\/vieassociative.be\/actualites\/wp-content\/uploads\/2024\/09\/header_backgroundk-01-e1726694325946.png\" \/>\n\t<meta property=\"og:image:width\" content=\"279\" \/>\n\t<meta property=\"og:image:height\" content=\"92\" \/>\n\t<meta property=\"og:image:type\" content=\"image\/png\" \/>\n<meta name=\"author\" content=\"Julien\" \/>\n<meta name=\"twitter:card\" content=\"summary_large_image\" \/>\n<meta name=\"twitter:label1\" content=\"\u00c9crit par\" \/>\n\t<meta name=\"twitter:data1\" content=\"Julien\" \/>\n\t<meta name=\"twitter:label2\" content=\"Dur\u00e9e de lecture est.\" \/>\n\t<meta name=\"twitter:data2\" content=\"2 minutes\" \/>\n<script type=\"application\/ld+json\" class=\"yoast-schema-graph\">{\"@context\":\"https:\/\/schema.org\",\"@graph\":[{\"@type\":\"Article\",\"@id\":\"https:\/\/vieassociative.be\/actualites\/trump-veut-rendre-publics-tous-les-dossiers-sur-les-assassinats-de-john-f-kennedy-robert-kennedy-et-martin-luther-king\/#article\",\"isPartOf\":{\"@id\":\"https:\/\/vieassociative.be\/actualites\/trump-veut-rendre-publics-tous-les-dossiers-sur-les-assassinats-de-john-f-kennedy-robert-kennedy-et-martin-luther-king\/\"},\"author\":{\"name\":\"Julien\",\"@id\":\"https:\/\/vieassociative.be\/actualites\/#\/schema\/person\/b87ac4f82f9d4e7b7cec7395b679edc4\"},\"headline\":\"Trump veut rendre publics tous les dossiers sur les assassinats de John F. Kennedy, Robert Kennedy et Martin Luther King\",\"datePublished\":\"2025-01-20T14:17:21+00:00\",\"dateModified\":\"2025-01-20T14:17:21+00:00\",\"mainEntityOfPage\":{\"@id\":\"https:\/\/vieassociative.be\/actualites\/trump-veut-rendre-publics-tous-les-dossiers-sur-les-assassinats-de-john-f-kennedy-robert-kennedy-et-martin-luther-king\/\"},\"wordCount\":457,\"publisher\":{\"@id\":\"https:\/\/vieassociative.be\/actualites\/#organization\"},\"image\":{\"@id\":\"https:\/\/vieassociative.be\/actualites\/trump-veut-rendre-publics-tous-les-dossiers-sur-les-assassinats-de-john-f-kennedy-robert-kennedy-et-martin-luther-king\/#primaryimage\"},\"thumbnailUrl\":\"https:\/\/vieassociative.be\/actualites\/wp-content\/uploads\/2025\/01\/Trump-veut-rendre-publics-tous-les-dossiers-sur-les-assassinats.jpg\",\"keywords\":[\"assassinats\",\"dossiers\",\"John\",\"Kennedy\",\"King\",\"Les\",\"Luther\",\"Martin\",\"publics\",\"rendre\",\"Robert\",\"sur\",\"tous\",\"Trump\",\"veut\"],\"articleSection\":[\"Belgique\"],\"inLanguage\":\"fr-BE\"},{\"@type\":\"WebPage\",\"@id\":\"https:\/\/vieassociative.be\/actualites\/trump-veut-rendre-publics-tous-les-dossiers-sur-les-assassinats-de-john-f-kennedy-robert-kennedy-et-martin-luther-king\/\",\"url\":\"https:\/\/vieassociative.be\/actualites\/trump-veut-rendre-publics-tous-les-dossiers-sur-les-assassinats-de-john-f-kennedy-robert-kennedy-et-martin-luther-king\/\",\"name\":\"Trump veut rendre publics tous les dossiers sur les assassinats de John F. Kennedy, Robert Kennedy et Martin Luther King | Vie Associative\",\"isPartOf\":{\"@id\":\"https:\/\/vieassociative.be\/actualites\/#website\"},\"primaryImageOfPage\":{\"@id\":\"https:\/\/vieassociative.be\/actualites\/trump-veut-rendre-publics-tous-les-dossiers-sur-les-assassinats-de-john-f-kennedy-robert-kennedy-et-martin-luther-king\/#primaryimage\"},\"image\":{\"@id\":\"https:\/\/vieassociative.be\/actualites\/trump-veut-rendre-publics-tous-les-dossiers-sur-les-assassinats-de-john-f-kennedy-robert-kennedy-et-martin-luther-king\/#primaryimage\"},\"thumbnailUrl\":\"https:\/\/vieassociative.be\/actualites\/wp-content\/uploads\/2025\/01\/Trump-veut-rendre-publics-tous-les-dossiers-sur-les-assassinats.jpg\",\"datePublished\":\"2025-01-20T14:17:21+00:00\",\"dateModified\":\"2025-01-20T14:17:21+00:00\",\"breadcrumb\":{\"@id\":\"https:\/\/vieassociative.be\/actualites\/trump-veut-rendre-publics-tous-les-dossiers-sur-les-assassinats-de-john-f-kennedy-robert-kennedy-et-martin-luther-king\/#breadcrumb\"},\"inLanguage\":\"fr-BE\",\"potentialAction\":[{\"@type\":\"ReadAction\",\"target\":[\"https:\/\/vieassociative.be\/actualites\/trump-veut-rendre-publics-tous-les-dossiers-sur-les-assassinats-de-john-f-kennedy-robert-kennedy-et-martin-luther-king\/\"]}]},{\"@type\":\"ImageObject\",\"inLanguage\":\"fr-BE\",\"@id\":\"https:\/\/vieassociative.be\/actualites\/trump-veut-rendre-publics-tous-les-dossiers-sur-les-assassinats-de-john-f-kennedy-robert-kennedy-et-martin-luther-king\/#primaryimage\",\"url\":\"https:\/\/vieassociative.be\/actualites\/wp-content\/uploads\/2025\/01\/Trump-veut-rendre-publics-tous-les-dossiers-sur-les-assassinats.jpg\",\"contentUrl\":\"https:\/\/vieassociative.be\/actualites\/wp-content\/uploads\/2025\/01\/Trump-veut-rendre-publics-tous-les-dossiers-sur-les-assassinats.jpg\",\"width\":1200,\"height\":856,\"caption\":\"Trump veut rendre publics tous les dossiers sur les assassinats de John F. Kennedy, Robert Kennedy et Martin Luther King\"},{\"@type\":\"BreadcrumbList\",\"@id\":\"https:\/\/vieassociative.be\/actualites\/trump-veut-rendre-publics-tous-les-dossiers-sur-les-assassinats-de-john-f-kennedy-robert-kennedy-et-martin-luther-king\/#breadcrumb\",\"itemListElement\":[{\"@type\":\"ListItem\",\"position\":1,\"name\":\"Accueil\",\"item\":\"https:\/\/vieassociative.be\/actualites\/\"},{\"@type\":\"ListItem\",\"position\":2,\"name\":\"Trump veut rendre publics tous les dossiers sur les assassinats de John F. Kennedy, Robert Kennedy et Martin Luther King\"}]},{\"@type\":\"WebSite\",\"@id\":\"https:\/\/vieassociative.be\/actualites\/#website\",\"url\":\"https:\/\/vieassociative.be\/actualites\/\",\"name\":\"Vie Associative\",\"description\":\"\",\"publisher\":{\"@id\":\"https:\/\/vieassociative.be\/actualites\/#organization\"},\"potentialAction\":[{\"@type\":\"SearchAction\",\"target\":{\"@type\":\"EntryPoint\",\"urlTemplate\":\"https:\/\/vieassociative.be\/actualites\/?s={search_term_string}\"},\"query-input\":{\"@type\":\"PropertyValueSpecification\",\"valueRequired\":true,\"valueName\":\"search_term_string\"}}],\"inLanguage\":\"fr-BE\"},{\"@type\":\"Organization\",\"@id\":\"https:\/\/vieassociative.be\/actualites\/#organization\",\"name\":\"Vie Associative\",\"url\":\"https:\/\/vieassociative.be\/actualites\/\",\"logo\":{\"@type\":\"ImageObject\",\"inLanguage\":\"fr-BE\",\"@id\":\"https:\/\/vieassociative.be\/actualites\/#\/schema\/logo\/image\/\",\"url\":\"https:\/\/vieassociative.be\/actualites\/wp-content\/uploads\/2024\/09\/cropped-vieassociative_favicon.ico.png\",\"contentUrl\":\"https:\/\/vieassociative.be\/actualites\/wp-content\/uploads\/2024\/09\/cropped-vieassociative_favicon.ico.png\",\"width\":512,\"height\":512,\"caption\":\"Vie Associative\"},\"image\":{\"@id\":\"https:\/\/vieassociative.be\/actualites\/#\/schema\/logo\/image\/\"}},{\"@type\":\"Person\",\"@id\":\"https:\/\/vieassociative.be\/actualites\/#\/schema\/person\/b87ac4f82f9d4e7b7cec7395b679edc4\",\"name\":\"Julien\",\"image\":{\"@type\":\"ImageObject\",\"inLanguage\":\"fr-BE\",\"@id\":\"https:\/\/vieassociative.be\/actualites\/#\/schema\/person\/image\/\",\"url\":\"https:\/\/vieassociative.be\/actualites\/wp-content\/uploads\/2024\/09\/vie-associative-1-150x150.jpg\",\"contentUrl\":\"https:\/\/vieassociative.be\/actualites\/wp-content\/uploads\/2024\/09\/vie-associative-1-150x150.jpg\",\"caption\":\"Julien\"},\"description\":\"Je suis Julien, r\u00e9dacteur pour Vie Associative. Passionn\u00e9 par le monde associatif depuis plus de 10 ans, j'ai \u00e0 c\u0153ur de partager des histoires inspirantes et de mettre en lumi\u00e8re les initiatives locales. Mon objectif est de sensibiliser et d'encourager l'engagement communautaire \u00e0 travers mes articles.\",\"sameAs\":[\"https:\/\/vieassociative.be\/\"]}]}<\/script>\n<!-- \/ Yoast SEO plugin. -->","yoast_head_json":{"title":"Trump veut rendre publics tous les dossiers sur les assassinats de John F. Kennedy, Robert Kennedy et Martin Luther King | Vie Associative","robots":{"index":"index","follow":"follow","max-snippet":"max-snippet:-1","max-image-preview":"max-image-preview:large","max-video-preview":"max-video-preview:-1"},"canonical":"https:\/\/vieassociative.be\/actualites\/trump-veut-rendre-publics-tous-les-dossiers-sur-les-assassinats-de-john-f-kennedy-robert-kennedy-et-martin-luther-king\/","og_locale":"fr_FR","og_type":"article","og_title":"Trump veut rendre publics tous les dossiers sur les assassinats de John F. Kennedy, Robert Kennedy et Martin Luther King | Vie Associative","og_description":"Les th\u00e9ories du complot sur l\u2019assassinat du pr\u00e9sident de l\u2019\u00e9poque, John F. Kennedy, persistent aux \u00c9tats-Unis. La plupart des dossiers sur l\u2019affaire sont d\u00e9j\u00e0 publics","og_url":"https:\/\/vieassociative.be\/actualites\/trump-veut-rendre-publics-tous-les-dossiers-sur-les-assassinats-de-john-f-kennedy-robert-kennedy-et-martin-luther-king\/","og_site_name":"Vie Associative","article_published_time":"2025-01-20T14:17:21+00:00","og_image":[{"width":279,"height":92,"url":"https:\/\/vieassociative.be\/actualites\/wp-content\/uploads\/2024\/09\/header_backgroundk-01-e1726694325946.png","type":"image\/png"}],"author":"Julien","twitter_card":"summary_large_image","twitter_misc":{"\u00c9crit par":"Julien","Dur\u00e9e de lecture est.":"2 minutes"},"schema":{"@context":"https:\/\/schema.org","@graph":[{"@type":"Article","@id":"https:\/\/vieassociative.be\/actualites\/trump-veut-rendre-publics-tous-les-dossiers-sur-les-assassinats-de-john-f-kennedy-robert-kennedy-et-martin-luther-king\/#article","isPartOf":{"@id":"https:\/\/vieassociative.be\/actualites\/trump-veut-rendre-publics-tous-les-dossiers-sur-les-assassinats-de-john-f-kennedy-robert-kennedy-et-martin-luther-king\/"},"author":{"name":"Julien","@id":"https:\/\/vieassociative.be\/actualites\/#\/schema\/person\/b87ac4f82f9d4e7b7cec7395b679edc4"},"headline":"Trump veut rendre publics tous les dossiers sur les assassinats de John F. Kennedy, Robert Kennedy et Martin Luther King","datePublished":"2025-01-20T14:17:21+00:00","dateModified":"2025-01-20T14:17:21+00:00","mainEntityOfPage":{"@id":"https:\/\/vieassociative.be\/actualites\/trump-veut-rendre-publics-tous-les-dossiers-sur-les-assassinats-de-john-f-kennedy-robert-kennedy-et-martin-luther-king\/"},"wordCount":457,"publisher":{"@id":"https:\/\/vieassociative.be\/actualites\/#organization"},"image":{"@id":"https:\/\/vieassociative.be\/actualites\/trump-veut-rendre-publics-tous-les-dossiers-sur-les-assassinats-de-john-f-kennedy-robert-kennedy-et-martin-luther-king\/#primaryimage"},"thumbnailUrl":"https:\/\/vieassociative.be\/actualites\/wp-content\/uploads\/2025\/01\/Trump-veut-rendre-publics-tous-les-dossiers-sur-les-assassinats.jpg","keywords":["assassinats","dossiers","John","Kennedy","King","Les","Luther","Martin","publics","rendre","Robert","sur","tous","Trump","veut"],"articleSection":["Belgique"],"inLanguage":"fr-BE"},{"@type":"WebPage","@id":"https:\/\/vieassociative.be\/actualites\/trump-veut-rendre-publics-tous-les-dossiers-sur-les-assassinats-de-john-f-kennedy-robert-kennedy-et-martin-luther-king\/","url":"https:\/\/vieassociative.be\/actualites\/trump-veut-rendre-publics-tous-les-dossiers-sur-les-assassinats-de-john-f-kennedy-robert-kennedy-et-martin-luther-king\/","name":"Trump veut rendre publics tous les dossiers sur les assassinats de John F. Kennedy, Robert Kennedy et Martin Luther King | Vie Associative","isPartOf":{"@id":"https:\/\/vieassociative.be\/actualites\/#website"},"primaryImageOfPage":{"@id":"https:\/\/vieassociative.be\/actualites\/trump-veut-rendre-publics-tous-les-dossiers-sur-les-assassinats-de-john-f-kennedy-robert-kennedy-et-martin-luther-king\/#primaryimage"},"image":{"@id":"https:\/\/vieassociative.be\/actualites\/trump-veut-rendre-publics-tous-les-dossiers-sur-les-assassinats-de-john-f-kennedy-robert-kennedy-et-martin-luther-king\/#primaryimage"},"thumbnailUrl":"https:\/\/vieassociative.be\/actualites\/wp-content\/uploads\/2025\/01\/Trump-veut-rendre-publics-tous-les-dossiers-sur-les-assassinats.jpg","datePublished":"2025-01-20T14:17:21+00:00","dateModified":"2025-01-20T14:17:21+00:00","breadcrumb":{"@id":"https:\/\/vieassociative.be\/actualites\/trump-veut-rendre-publics-tous-les-dossiers-sur-les-assassinats-de-john-f-kennedy-robert-kennedy-et-martin-luther-king\/#breadcrumb"},"inLanguage":"fr-BE","potentialAction":[{"@type":"ReadAction","target":["https:\/\/vieassociative.be\/actualites\/trump-veut-rendre-publics-tous-les-dossiers-sur-les-assassinats-de-john-f-kennedy-robert-kennedy-et-martin-luther-king\/"]}]},{"@type":"ImageObject","inLanguage":"fr-BE","@id":"https:\/\/vieassociative.be\/actualites\/trump-veut-rendre-publics-tous-les-dossiers-sur-les-assassinats-de-john-f-kennedy-robert-kennedy-et-martin-luther-king\/#primaryimage","url":"https:\/\/vieassociative.be\/actualites\/wp-content\/uploads\/2025\/01\/Trump-veut-rendre-publics-tous-les-dossiers-sur-les-assassinats.jpg","contentUrl":"https:\/\/vieassociative.be\/actualites\/wp-content\/uploads\/2025\/01\/Trump-veut-rendre-publics-tous-les-dossiers-sur-les-assassinats.jpg","width":1200,"height":856,"caption":"Trump veut rendre publics tous les dossiers sur les assassinats de John F. Kennedy, Robert Kennedy et Martin Luther King"},{"@type":"BreadcrumbList","@id":"https:\/\/vieassociative.be\/actualites\/trump-veut-rendre-publics-tous-les-dossiers-sur-les-assassinats-de-john-f-kennedy-robert-kennedy-et-martin-luther-king\/#breadcrumb","itemListElement":[{"@type":"ListItem","position":1,"name":"Accueil","item":"https:\/\/vieassociative.be\/actualites\/"},{"@type":"ListItem","position":2,"name":"Trump veut rendre publics tous les dossiers sur les assassinats de John F. Kennedy, Robert Kennedy et Martin Luther King"}]},{"@type":"WebSite","@id":"https:\/\/vieassociative.be\/actualites\/#website","url":"https:\/\/vieassociative.be\/actualites\/","name":"Vie Associative","description":"","publisher":{"@id":"https:\/\/vieassociative.be\/actualites\/#organization"},"potentialAction":[{"@type":"SearchAction","target":{"@type":"EntryPoint","urlTemplate":"https:\/\/vieassociative.be\/actualites\/?s={search_term_string}"},"query-input":{"@type":"PropertyValueSpecification","valueRequired":true,"valueName":"search_term_string"}}],"inLanguage":"fr-BE"},{"@type":"Organization","@id":"https:\/\/vieassociative.be\/actualites\/#organization","name":"Vie Associative","url":"https:\/\/vieassociative.be\/actualites\/","logo":{"@type":"ImageObject","inLanguage":"fr-BE","@id":"https:\/\/vieassociative.be\/actualites\/#\/schema\/logo\/image\/","url":"https:\/\/vieassociative.be\/actualites\/wp-content\/uploads\/2024\/09\/cropped-vieassociative_favicon.ico.png","contentUrl":"https:\/\/vieassociative.be\/actualites\/wp-content\/uploads\/2024\/09\/cropped-vieassociative_favicon.ico.png","width":512,"height":512,"caption":"Vie Associative"},"image":{"@id":"https:\/\/vieassociative.be\/actualites\/#\/schema\/logo\/image\/"}},{"@type":"Person","@id":"https:\/\/vieassociative.be\/actualites\/#\/schema\/person\/b87ac4f82f9d4e7b7cec7395b679edc4","name":"Julien","image":{"@type":"ImageObject","inLanguage":"fr-BE","@id":"https:\/\/vieassociative.be\/actualites\/#\/schema\/person\/image\/","url":"https:\/\/vieassociative.be\/actualites\/wp-content\/uploads\/2024\/09\/vie-associative-1-150x150.jpg","contentUrl":"https:\/\/vieassociative.be\/actualites\/wp-content\/uploads\/2024\/09\/vie-associative-1-150x150.jpg","caption":"Julien"},"description":"Je suis Julien, r\u00e9dacteur pour Vie Associative. Passionn\u00e9 par le monde associatif depuis plus de 10 ans, j'ai \u00e0 c\u0153ur de partager des histoires inspirantes et de mettre en lumi\u00e8re les initiatives locales. Mon objectif est de sensibiliser et d'encourager l'engagement communautaire \u00e0 travers mes articles.","sameAs":["https:\/\/vieassociative.be\/"]}]}},"_links":{"self":[{"href":"https:\/\/vieassociative.be\/actualites\/wp-json\/wp\/v2\/posts\/4461"}],"collection":[{"href":"https:\/\/vieassociative.be\/actualites\/wp-json\/wp\/v2\/posts"}],"about":[{"href":"https:\/\/vieassociative.be\/actualites\/wp-json\/wp\/v2\/types\/post"}],"author":[{"embeddable":true,"href":"https:\/\/vieassociative.be\/actualites\/wp-json\/wp\/v2\/users\/1"}],"replies":[{"embeddable":true,"href":"https:\/\/vieassociative.be\/actualites\/wp-json\/wp\/v2\/comments?post=4461"}],"version-history":[{"count":0,"href":"https:\/\/vieassociative.be\/actualites\/wp-json\/wp\/v2\/posts\/4461\/revisions"}],"wp:featuredmedia":[{"embeddable":true,"href":"https:\/\/vieassociative.be\/actualites\/wp-json\/wp\/v2\/media\/4462"}],"wp:attachment":[{"href":"https:\/\/vieassociative.be\/actualites\/wp-json\/wp\/v2\/media?parent=4461"}],"wp:term":[{"taxonomy":"category","embeddable":true,"href":"https:\/\/vieassociative.be\/actualites\/wp-json\/wp\/v2\/categories?post=4461"},{"taxonomy":"post_tag","embeddable":true,"href":"https:\/\/vieassociative.be\/actualites\/wp-json\/wp\/v2\/tags?post=4461"}],"curies":[{"name":"wp","href":"https:\/\/api.w.org\/{rel}","templated":true}]}}