{"id":4448,"date":"2025-01-19T21:19:49","date_gmt":"2025-01-19T20:19:49","guid":{"rendered":"https:\/\/vieassociative.be\/actualites\/la-militante-pour-le-climat-luisa-neubauer-dans-une-robe-de-soiree-chaude-au-bal-de-la-presse-hot-hotter-dead\/"},"modified":"2025-01-19T21:19:49","modified_gmt":"2025-01-19T20:19:49","slug":"la-militante-pour-le-climat-luisa-neubauer-dans-une-robe-de-soiree-chaude-au-bal-de-la-presse-hot-hotter-dead","status":"publish","type":"post","link":"https:\/\/vieassociative.be\/actualites\/la-militante-pour-le-climat-luisa-neubauer-dans-une-robe-de-soiree-chaude-au-bal-de-la-presse-hot-hotter-dead\/","title":{"rendered":"La militante pour le climat Luisa Neubauer dans une robe de soir\u00e9e \u00ab chaude \u00bb au bal de la presse : \u00ab Hot, Hotter, Dead \u00bb"},"content":{"rendered":"<p><strong>En mati\u00e8re de climat, Luisa Neubauer sait saisir toutes les occasions pour attirer l&rsquo;attention sur ses pr\u00e9occupations les plus sinc\u00e8res. Cela a \u00e9galement \u00e9t\u00e9 le cas samedi lors du bal de la presse de Berlin.<\/strong><\/p>\n<p><span id=\"more-406428\"><\/span>La militante pour le climat y est apparue v\u00eatue d\u2019une robe noire \u00e0 \u00e9paules d\u00e9nud\u00e9es avec l\u2019inscription : \u00ab Hot, Hotter, Dead \u00bb. C\u2019\u00e9tait un appel pour le climat. Avec \u00ab Chaud, plus chaud, mort \u00bb, Neubauer a attir\u00e9 l\u2019attention sur le r\u00e9chauffement climatique.<\/p>\n<p>La jeune femme de 27 ans a \u00e9galement pr\u00e9sent\u00e9 un tatouage \u00ab 2024\u00a0: 1,6 degr\u00e9s \u00bb sur son \u00e9paule. Elle a \u00e9crit sur Instagram : \u00ab 1,6 degr\u00e9 de plus dans le monde, c&rsquo;est le bilan \u00e0 partir de 2024. Ce n&rsquo;est pas un &lsquo;probl\u00e8me climatique&rsquo;, c&rsquo;est une crise humaine. M\u00eame s\u2019il re\u00e7oit peu d\u2019attention.<\/p>\n<div id=\"attachment_406436\" class=\"wp-caption alignleft\" style=\"max-width: 300px\"><img fetchpriority=\"high\" decoding=\"async\" class=\"wp-image-406436 size-medium\" src=\"https:\/\/vieassociative.be\/actualites\/wp-content\/uploads\/2025\/01\/La-militante-pour-le-climat-Luisa-Neubauer-dans-une-robe.jpg\" alt=\"\" width=\"300\" height=\"186\"><\/p>\n<p class=\"wp-caption-text\">18 janvier 2025, Berlin : la militante climatique Luisa Neubauer est photographi\u00e9e par des photographes dans un ascenseur. Sa robe dit \u00ab\u00a0Hot Hotter Dead\u00a0\u00bb. Photo : Hannes Albert\/dpa<\/p>\n<\/div>\n","protected":false},"excerpt":{"rendered":"<p>En mati\u00e8re de climat, Luisa Neubauer sait saisir toutes les occasions pour attirer l&rsquo;attention sur ses pr\u00e9occupations les plus sinc\u00e8res. Cela a \u00e9galement \u00e9t\u00e9 le<\/p>\n","protected":false},"author":1,"featured_media":4449,"comment_status":"","ping_status":"","sticky":false,"template":"","format":"standard","meta":{"footnotes":""},"categories":[298],"tags":[4841,1439,2991,166,4845,4843,4844,4837,4836,4838,81,4842,4839,4840,110],"class_list":["post-4448","post","type-post","status-publish","format-standard","has-post-thumbnail","hentry","category-belgique","tag-bal","tag-chaude","tag-climat","tag-dans","tag-dead","tag-hot","tag-hotter","tag-luisa","tag-militante","tag-neubauer","tag-pour","tag-presse","tag-robe","tag-soiree","tag-une","generate-columns","tablet-grid-50","mobile-grid-100","grid-parent","grid-33"],"yoast_head":"<!-- This site is optimized with the Yoast SEO plugin v24.0 - https:\/\/yoast.com\/wordpress\/plugins\/seo\/ -->\n<title>La militante pour le climat Luisa Neubauer dans une robe de soir\u00e9e \u00ab chaude \u00bb au bal de la presse : \u00ab Hot, Hotter, Dead \u00bb | Vie Associative<\/title>\n<meta name=\"robots\" content=\"index, follow, max-snippet:-1, max-image-preview:large, max-video-preview:-1\" \/>\n<link rel=\"canonical\" href=\"https:\/\/vieassociative.be\/actualites\/la-militante-pour-le-climat-luisa-neubauer-dans-une-robe-de-soiree-chaude-au-bal-de-la-presse-hot-hotter-dead\/\" \/>\n<meta property=\"og:locale\" content=\"fr_FR\" \/>\n<meta property=\"og:type\" content=\"article\" \/>\n<meta property=\"og:title\" content=\"La militante pour le climat Luisa Neubauer dans une robe de soir\u00e9e \u00ab chaude \u00bb au bal de la presse : \u00ab Hot, Hotter, Dead \u00bb | Vie Associative\" \/>\n<meta property=\"og:description\" content=\"En mati\u00e8re de climat, Luisa Neubauer sait saisir toutes les occasions pour attirer l&rsquo;attention sur ses pr\u00e9occupations les plus sinc\u00e8res. Cela a \u00e9galement \u00e9t\u00e9 le\" \/>\n<meta property=\"og:url\" content=\"https:\/\/vieassociative.be\/actualites\/la-militante-pour-le-climat-luisa-neubauer-dans-une-robe-de-soiree-chaude-au-bal-de-la-presse-hot-hotter-dead\/\" \/>\n<meta property=\"og:site_name\" content=\"Vie Associative\" \/>\n<meta property=\"article:published_time\" content=\"2025-01-19T20:19:49+00:00\" \/>\n<meta property=\"og:image\" content=\"https:\/\/vieassociative.be\/actualites\/wp-content\/uploads\/2024\/09\/header_backgroundk-01-e1726694325946.png\" \/>\n\t<meta property=\"og:image:width\" content=\"279\" \/>\n\t<meta property=\"og:image:height\" content=\"92\" \/>\n\t<meta property=\"og:image:type\" content=\"image\/png\" \/>\n<meta name=\"author\" content=\"Julien\" \/>\n<meta name=\"twitter:card\" content=\"summary_large_image\" \/>\n<meta name=\"twitter:label1\" content=\"\u00c9crit par\" \/>\n\t<meta name=\"twitter:data1\" content=\"Julien\" \/>\n\t<meta name=\"twitter:label2\" content=\"Dur\u00e9e de lecture est.\" \/>\n\t<meta name=\"twitter:data2\" content=\"1 minute\" \/>\n<script type=\"application\/ld+json\" class=\"yoast-schema-graph\">{\"@context\":\"https:\/\/schema.org\",\"@graph\":[{\"@type\":\"Article\",\"@id\":\"https:\/\/vieassociative.be\/actualites\/la-militante-pour-le-climat-luisa-neubauer-dans-une-robe-de-soiree-chaude-au-bal-de-la-presse-hot-hotter-dead\/#article\",\"isPartOf\":{\"@id\":\"https:\/\/vieassociative.be\/actualites\/la-militante-pour-le-climat-luisa-neubauer-dans-une-robe-de-soiree-chaude-au-bal-de-la-presse-hot-hotter-dead\/\"},\"author\":{\"name\":\"Julien\",\"@id\":\"https:\/\/vieassociative.be\/actualites\/#\/schema\/person\/b87ac4f82f9d4e7b7cec7395b679edc4\"},\"headline\":\"La militante pour le climat Luisa Neubauer dans une robe de soir\u00e9e \u00ab chaude \u00bb au bal de la presse : \u00ab Hot, Hotter, Dead \u00bb\",\"datePublished\":\"2025-01-19T20:19:49+00:00\",\"dateModified\":\"2025-01-19T20:19:49+00:00\",\"mainEntityOfPage\":{\"@id\":\"https:\/\/vieassociative.be\/actualites\/la-militante-pour-le-climat-luisa-neubauer-dans-une-robe-de-soiree-chaude-au-bal-de-la-presse-hot-hotter-dead\/\"},\"wordCount\":188,\"publisher\":{\"@id\":\"https:\/\/vieassociative.be\/actualites\/#organization\"},\"image\":{\"@id\":\"https:\/\/vieassociative.be\/actualites\/la-militante-pour-le-climat-luisa-neubauer-dans-une-robe-de-soiree-chaude-au-bal-de-la-presse-hot-hotter-dead\/#primaryimage\"},\"thumbnailUrl\":\"https:\/\/vieassociative.be\/actualites\/wp-content\/uploads\/2025\/01\/1737317989_La-militante-pour-le-climat-Luisa-Neubauer-dans-une-robe.jpg\",\"keywords\":[\"bal\",\"chaude\",\"climat\",\"dans\",\"Dead\",\"Hot\",\"Hotter\",\"Luisa\",\"militante\",\"Neubauer\",\"pour\",\"presse\",\"robe\",\"soir\u00e9e\",\"une\"],\"articleSection\":[\"Belgique\"],\"inLanguage\":\"fr-BE\"},{\"@type\":\"WebPage\",\"@id\":\"https:\/\/vieassociative.be\/actualites\/la-militante-pour-le-climat-luisa-neubauer-dans-une-robe-de-soiree-chaude-au-bal-de-la-presse-hot-hotter-dead\/\",\"url\":\"https:\/\/vieassociative.be\/actualites\/la-militante-pour-le-climat-luisa-neubauer-dans-une-robe-de-soiree-chaude-au-bal-de-la-presse-hot-hotter-dead\/\",\"name\":\"La militante pour le climat Luisa Neubauer dans une robe de soir\u00e9e \u00ab chaude \u00bb au bal de la presse : \u00ab Hot, Hotter, Dead \u00bb | Vie Associative\",\"isPartOf\":{\"@id\":\"https:\/\/vieassociative.be\/actualites\/#website\"},\"primaryImageOfPage\":{\"@id\":\"https:\/\/vieassociative.be\/actualites\/la-militante-pour-le-climat-luisa-neubauer-dans-une-robe-de-soiree-chaude-au-bal-de-la-presse-hot-hotter-dead\/#primaryimage\"},\"image\":{\"@id\":\"https:\/\/vieassociative.be\/actualites\/la-militante-pour-le-climat-luisa-neubauer-dans-une-robe-de-soiree-chaude-au-bal-de-la-presse-hot-hotter-dead\/#primaryimage\"},\"thumbnailUrl\":\"https:\/\/vieassociative.be\/actualites\/wp-content\/uploads\/2025\/01\/1737317989_La-militante-pour-le-climat-Luisa-Neubauer-dans-une-robe.jpg\",\"datePublished\":\"2025-01-19T20:19:49+00:00\",\"dateModified\":\"2025-01-19T20:19:49+00:00\",\"breadcrumb\":{\"@id\":\"https:\/\/vieassociative.be\/actualites\/la-militante-pour-le-climat-luisa-neubauer-dans-une-robe-de-soiree-chaude-au-bal-de-la-presse-hot-hotter-dead\/#breadcrumb\"},\"inLanguage\":\"fr-BE\",\"potentialAction\":[{\"@type\":\"ReadAction\",\"target\":[\"https:\/\/vieassociative.be\/actualites\/la-militante-pour-le-climat-luisa-neubauer-dans-une-robe-de-soiree-chaude-au-bal-de-la-presse-hot-hotter-dead\/\"]}]},{\"@type\":\"ImageObject\",\"inLanguage\":\"fr-BE\",\"@id\":\"https:\/\/vieassociative.be\/actualites\/la-militante-pour-le-climat-luisa-neubauer-dans-une-robe-de-soiree-chaude-au-bal-de-la-presse-hot-hotter-dead\/#primaryimage\",\"url\":\"https:\/\/vieassociative.be\/actualites\/wp-content\/uploads\/2025\/01\/1737317989_La-militante-pour-le-climat-Luisa-Neubauer-dans-une-robe.jpg\",\"contentUrl\":\"https:\/\/vieassociative.be\/actualites\/wp-content\/uploads\/2025\/01\/1737317989_La-militante-pour-le-climat-Luisa-Neubauer-dans-une-robe.jpg\",\"width\":1200,\"height\":826,\"caption\":\"La militante pour le climat Luisa Neubauer dans une robe de soir\u00e9e \u00ab chaude \u00bb au bal de la presse : \u00ab Hot, Hotter, Dead \u00bb\"},{\"@type\":\"BreadcrumbList\",\"@id\":\"https:\/\/vieassociative.be\/actualites\/la-militante-pour-le-climat-luisa-neubauer-dans-une-robe-de-soiree-chaude-au-bal-de-la-presse-hot-hotter-dead\/#breadcrumb\",\"itemListElement\":[{\"@type\":\"ListItem\",\"position\":1,\"name\":\"Accueil\",\"item\":\"https:\/\/vieassociative.be\/actualites\/\"},{\"@type\":\"ListItem\",\"position\":2,\"name\":\"La militante pour le climat Luisa Neubauer dans une robe de soir\u00e9e \u00ab chaude \u00bb au bal de la presse : \u00ab Hot, Hotter, Dead \u00bb\"}]},{\"@type\":\"WebSite\",\"@id\":\"https:\/\/vieassociative.be\/actualites\/#website\",\"url\":\"https:\/\/vieassociative.be\/actualites\/\",\"name\":\"Vie Associative\",\"description\":\"\",\"publisher\":{\"@id\":\"https:\/\/vieassociative.be\/actualites\/#organization\"},\"potentialAction\":[{\"@type\":\"SearchAction\",\"target\":{\"@type\":\"EntryPoint\",\"urlTemplate\":\"https:\/\/vieassociative.be\/actualites\/?s={search_term_string}\"},\"query-input\":{\"@type\":\"PropertyValueSpecification\",\"valueRequired\":true,\"valueName\":\"search_term_string\"}}],\"inLanguage\":\"fr-BE\"},{\"@type\":\"Organization\",\"@id\":\"https:\/\/vieassociative.be\/actualites\/#organization\",\"name\":\"Vie Associative\",\"url\":\"https:\/\/vieassociative.be\/actualites\/\",\"logo\":{\"@type\":\"ImageObject\",\"inLanguage\":\"fr-BE\",\"@id\":\"https:\/\/vieassociative.be\/actualites\/#\/schema\/logo\/image\/\",\"url\":\"https:\/\/vieassociative.be\/actualites\/wp-content\/uploads\/2024\/09\/cropped-vieassociative_favicon.ico.png\",\"contentUrl\":\"https:\/\/vieassociative.be\/actualites\/wp-content\/uploads\/2024\/09\/cropped-vieassociative_favicon.ico.png\",\"width\":512,\"height\":512,\"caption\":\"Vie Associative\"},\"image\":{\"@id\":\"https:\/\/vieassociative.be\/actualites\/#\/schema\/logo\/image\/\"}},{\"@type\":\"Person\",\"@id\":\"https:\/\/vieassociative.be\/actualites\/#\/schema\/person\/b87ac4f82f9d4e7b7cec7395b679edc4\",\"name\":\"Julien\",\"image\":{\"@type\":\"ImageObject\",\"inLanguage\":\"fr-BE\",\"@id\":\"https:\/\/vieassociative.be\/actualites\/#\/schema\/person\/image\/\",\"url\":\"https:\/\/vieassociative.be\/actualites\/wp-content\/uploads\/2024\/09\/vie-associative-1-150x150.jpg\",\"contentUrl\":\"https:\/\/vieassociative.be\/actualites\/wp-content\/uploads\/2024\/09\/vie-associative-1-150x150.jpg\",\"caption\":\"Julien\"},\"description\":\"Je suis Julien, r\u00e9dacteur pour Vie Associative. Passionn\u00e9 par le monde associatif depuis plus de 10 ans, j'ai \u00e0 c\u0153ur de partager des histoires inspirantes et de mettre en lumi\u00e8re les initiatives locales. Mon objectif est de sensibiliser et d'encourager l'engagement communautaire \u00e0 travers mes articles.\",\"sameAs\":[\"https:\/\/vieassociative.be\/\"]}]}<\/script>\n<!-- \/ Yoast SEO plugin. -->","yoast_head_json":{"title":"La militante pour le climat Luisa Neubauer dans une robe de soir\u00e9e \u00ab chaude \u00bb au bal de la presse : \u00ab Hot, Hotter, Dead \u00bb | Vie Associative","robots":{"index":"index","follow":"follow","max-snippet":"max-snippet:-1","max-image-preview":"max-image-preview:large","max-video-preview":"max-video-preview:-1"},"canonical":"https:\/\/vieassociative.be\/actualites\/la-militante-pour-le-climat-luisa-neubauer-dans-une-robe-de-soiree-chaude-au-bal-de-la-presse-hot-hotter-dead\/","og_locale":"fr_FR","og_type":"article","og_title":"La militante pour le climat Luisa Neubauer dans une robe de soir\u00e9e \u00ab chaude \u00bb au bal de la presse : \u00ab Hot, Hotter, Dead \u00bb | Vie Associative","og_description":"En mati\u00e8re de climat, Luisa Neubauer sait saisir toutes les occasions pour attirer l&rsquo;attention sur ses pr\u00e9occupations les plus sinc\u00e8res. Cela a \u00e9galement \u00e9t\u00e9 le","og_url":"https:\/\/vieassociative.be\/actualites\/la-militante-pour-le-climat-luisa-neubauer-dans-une-robe-de-soiree-chaude-au-bal-de-la-presse-hot-hotter-dead\/","og_site_name":"Vie Associative","article_published_time":"2025-01-19T20:19:49+00:00","og_image":[{"width":279,"height":92,"url":"https:\/\/vieassociative.be\/actualites\/wp-content\/uploads\/2024\/09\/header_backgroundk-01-e1726694325946.png","type":"image\/png"}],"author":"Julien","twitter_card":"summary_large_image","twitter_misc":{"\u00c9crit par":"Julien","Dur\u00e9e de lecture est.":"1 minute"},"schema":{"@context":"https:\/\/schema.org","@graph":[{"@type":"Article","@id":"https:\/\/vieassociative.be\/actualites\/la-militante-pour-le-climat-luisa-neubauer-dans-une-robe-de-soiree-chaude-au-bal-de-la-presse-hot-hotter-dead\/#article","isPartOf":{"@id":"https:\/\/vieassociative.be\/actualites\/la-militante-pour-le-climat-luisa-neubauer-dans-une-robe-de-soiree-chaude-au-bal-de-la-presse-hot-hotter-dead\/"},"author":{"name":"Julien","@id":"https:\/\/vieassociative.be\/actualites\/#\/schema\/person\/b87ac4f82f9d4e7b7cec7395b679edc4"},"headline":"La militante pour le climat Luisa Neubauer dans une robe de soir\u00e9e \u00ab chaude \u00bb au bal de la presse : \u00ab Hot, Hotter, Dead \u00bb","datePublished":"2025-01-19T20:19:49+00:00","dateModified":"2025-01-19T20:19:49+00:00","mainEntityOfPage":{"@id":"https:\/\/vieassociative.be\/actualites\/la-militante-pour-le-climat-luisa-neubauer-dans-une-robe-de-soiree-chaude-au-bal-de-la-presse-hot-hotter-dead\/"},"wordCount":188,"publisher":{"@id":"https:\/\/vieassociative.be\/actualites\/#organization"},"image":{"@id":"https:\/\/vieassociative.be\/actualites\/la-militante-pour-le-climat-luisa-neubauer-dans-une-robe-de-soiree-chaude-au-bal-de-la-presse-hot-hotter-dead\/#primaryimage"},"thumbnailUrl":"https:\/\/vieassociative.be\/actualites\/wp-content\/uploads\/2025\/01\/1737317989_La-militante-pour-le-climat-Luisa-Neubauer-dans-une-robe.jpg","keywords":["bal","chaude","climat","dans","Dead","Hot","Hotter","Luisa","militante","Neubauer","pour","presse","robe","soir\u00e9e","une"],"articleSection":["Belgique"],"inLanguage":"fr-BE"},{"@type":"WebPage","@id":"https:\/\/vieassociative.be\/actualites\/la-militante-pour-le-climat-luisa-neubauer-dans-une-robe-de-soiree-chaude-au-bal-de-la-presse-hot-hotter-dead\/","url":"https:\/\/vieassociative.be\/actualites\/la-militante-pour-le-climat-luisa-neubauer-dans-une-robe-de-soiree-chaude-au-bal-de-la-presse-hot-hotter-dead\/","name":"La militante pour le climat Luisa Neubauer dans une robe de soir\u00e9e \u00ab chaude \u00bb au bal de la presse : \u00ab Hot, Hotter, Dead \u00bb | Vie Associative","isPartOf":{"@id":"https:\/\/vieassociative.be\/actualites\/#website"},"primaryImageOfPage":{"@id":"https:\/\/vieassociative.be\/actualites\/la-militante-pour-le-climat-luisa-neubauer-dans-une-robe-de-soiree-chaude-au-bal-de-la-presse-hot-hotter-dead\/#primaryimage"},"image":{"@id":"https:\/\/vieassociative.be\/actualites\/la-militante-pour-le-climat-luisa-neubauer-dans-une-robe-de-soiree-chaude-au-bal-de-la-presse-hot-hotter-dead\/#primaryimage"},"thumbnailUrl":"https:\/\/vieassociative.be\/actualites\/wp-content\/uploads\/2025\/01\/1737317989_La-militante-pour-le-climat-Luisa-Neubauer-dans-une-robe.jpg","datePublished":"2025-01-19T20:19:49+00:00","dateModified":"2025-01-19T20:19:49+00:00","breadcrumb":{"@id":"https:\/\/vieassociative.be\/actualites\/la-militante-pour-le-climat-luisa-neubauer-dans-une-robe-de-soiree-chaude-au-bal-de-la-presse-hot-hotter-dead\/#breadcrumb"},"inLanguage":"fr-BE","potentialAction":[{"@type":"ReadAction","target":["https:\/\/vieassociative.be\/actualites\/la-militante-pour-le-climat-luisa-neubauer-dans-une-robe-de-soiree-chaude-au-bal-de-la-presse-hot-hotter-dead\/"]}]},{"@type":"ImageObject","inLanguage":"fr-BE","@id":"https:\/\/vieassociative.be\/actualites\/la-militante-pour-le-climat-luisa-neubauer-dans-une-robe-de-soiree-chaude-au-bal-de-la-presse-hot-hotter-dead\/#primaryimage","url":"https:\/\/vieassociative.be\/actualites\/wp-content\/uploads\/2025\/01\/1737317989_La-militante-pour-le-climat-Luisa-Neubauer-dans-une-robe.jpg","contentUrl":"https:\/\/vieassociative.be\/actualites\/wp-content\/uploads\/2025\/01\/1737317989_La-militante-pour-le-climat-Luisa-Neubauer-dans-une-robe.jpg","width":1200,"height":826,"caption":"La militante pour le climat Luisa Neubauer dans une robe de soir\u00e9e \u00ab chaude \u00bb au bal de la presse : \u00ab Hot, Hotter, Dead \u00bb"},{"@type":"BreadcrumbList","@id":"https:\/\/vieassociative.be\/actualites\/la-militante-pour-le-climat-luisa-neubauer-dans-une-robe-de-soiree-chaude-au-bal-de-la-presse-hot-hotter-dead\/#breadcrumb","itemListElement":[{"@type":"ListItem","position":1,"name":"Accueil","item":"https:\/\/vieassociative.be\/actualites\/"},{"@type":"ListItem","position":2,"name":"La militante pour le climat Luisa Neubauer dans une robe de soir\u00e9e \u00ab chaude \u00bb au bal de la presse : \u00ab Hot, Hotter, Dead \u00bb"}]},{"@type":"WebSite","@id":"https:\/\/vieassociative.be\/actualites\/#website","url":"https:\/\/vieassociative.be\/actualites\/","name":"Vie Associative","description":"","publisher":{"@id":"https:\/\/vieassociative.be\/actualites\/#organization"},"potentialAction":[{"@type":"SearchAction","target":{"@type":"EntryPoint","urlTemplate":"https:\/\/vieassociative.be\/actualites\/?s={search_term_string}"},"query-input":{"@type":"PropertyValueSpecification","valueRequired":true,"valueName":"search_term_string"}}],"inLanguage":"fr-BE"},{"@type":"Organization","@id":"https:\/\/vieassociative.be\/actualites\/#organization","name":"Vie Associative","url":"https:\/\/vieassociative.be\/actualites\/","logo":{"@type":"ImageObject","inLanguage":"fr-BE","@id":"https:\/\/vieassociative.be\/actualites\/#\/schema\/logo\/image\/","url":"https:\/\/vieassociative.be\/actualites\/wp-content\/uploads\/2024\/09\/cropped-vieassociative_favicon.ico.png","contentUrl":"https:\/\/vieassociative.be\/actualites\/wp-content\/uploads\/2024\/09\/cropped-vieassociative_favicon.ico.png","width":512,"height":512,"caption":"Vie Associative"},"image":{"@id":"https:\/\/vieassociative.be\/actualites\/#\/schema\/logo\/image\/"}},{"@type":"Person","@id":"https:\/\/vieassociative.be\/actualites\/#\/schema\/person\/b87ac4f82f9d4e7b7cec7395b679edc4","name":"Julien","image":{"@type":"ImageObject","inLanguage":"fr-BE","@id":"https:\/\/vieassociative.be\/actualites\/#\/schema\/person\/image\/","url":"https:\/\/vieassociative.be\/actualites\/wp-content\/uploads\/2024\/09\/vie-associative-1-150x150.jpg","contentUrl":"https:\/\/vieassociative.be\/actualites\/wp-content\/uploads\/2024\/09\/vie-associative-1-150x150.jpg","caption":"Julien"},"description":"Je suis Julien, r\u00e9dacteur pour Vie Associative. Passionn\u00e9 par le monde associatif depuis plus de 10 ans, j'ai \u00e0 c\u0153ur de partager des histoires inspirantes et de mettre en lumi\u00e8re les initiatives locales. Mon objectif est de sensibiliser et d'encourager l'engagement communautaire \u00e0 travers mes articles.","sameAs":["https:\/\/vieassociative.be\/"]}]}},"_links":{"self":[{"href":"https:\/\/vieassociative.be\/actualites\/wp-json\/wp\/v2\/posts\/4448"}],"collection":[{"href":"https:\/\/vieassociative.be\/actualites\/wp-json\/wp\/v2\/posts"}],"about":[{"href":"https:\/\/vieassociative.be\/actualites\/wp-json\/wp\/v2\/types\/post"}],"author":[{"embeddable":true,"href":"https:\/\/vieassociative.be\/actualites\/wp-json\/wp\/v2\/users\/1"}],"replies":[{"embeddable":true,"href":"https:\/\/vieassociative.be\/actualites\/wp-json\/wp\/v2\/comments?post=4448"}],"version-history":[{"count":0,"href":"https:\/\/vieassociative.be\/actualites\/wp-json\/wp\/v2\/posts\/4448\/revisions"}],"wp:featuredmedia":[{"embeddable":true,"href":"https:\/\/vieassociative.be\/actualites\/wp-json\/wp\/v2\/media\/4449"}],"wp:attachment":[{"href":"https:\/\/vieassociative.be\/actualites\/wp-json\/wp\/v2\/media?parent=4448"}],"wp:term":[{"taxonomy":"category","embeddable":true,"href":"https:\/\/vieassociative.be\/actualites\/wp-json\/wp\/v2\/categories?post=4448"},{"taxonomy":"post_tag","embeddable":true,"href":"https:\/\/vieassociative.be\/actualites\/wp-json\/wp\/v2\/tags?post=4448"}],"curies":[{"name":"wp","href":"https:\/\/api.w.org\/{rel}","templated":true}]}}