{"id":4442,"date":"2025-01-19T14:17:59","date_gmt":"2025-01-19T13:17:59","guid":{"rendered":"https:\/\/vieassociative.be\/actualites\/mon-offre-amazon-preferee-du-jour-ledition-kindle-colorsoft-signature\/"},"modified":"2025-01-19T14:17:59","modified_gmt":"2025-01-19T13:17:59","slug":"mon-offre-amazon-preferee-du-jour-ledition-kindle-colorsoft-signature","status":"publish","type":"post","link":"https:\/\/vieassociative.be\/actualites\/mon-offre-amazon-preferee-du-jour-ledition-kindle-colorsoft-signature\/","title":{"rendered":"Mon offre Amazon pr\u00e9f\u00e9r\u00e9e du jour : l&rsquo;\u00e9dition Kindle Colorsoft Signature"},"content":{"rendered":"<div class=\"mt-4 leading-6 md:mb-8\">La premi\u00e8re liseuse couleur d&rsquo;Amazon tombe \u00e0 son prix le plus bas depuis sa r\u00e9cente sortie.<\/div>\n<p><\/p>\n<p>J&rsquo;adore les liseuses Kindle et je les utilise depuis la sortie du premier Kindle Paperwhite en 2012. Une chose que j&rsquo;attendais avec impatience depuis que j&rsquo;en ai eu une pour la premi\u00e8re fois \u00e9tait la version couleur. Il est finalement sorti en novembre avec la Kindle Colorsoft Signature Edition, en vente \u00e0 <strong>229,99\u00a0$<\/strong> (\u00e0 l\u2019origine 279,99 $), le prix le plus bas depuis sa sortie selon les outils de suivi des prix. Voici ce que vous pouvez attendre du Colorsoft.<\/p>\n<div class=\"pogoClear mb-12 mt-10 rounded-md border-2 border-gray-100 py-7 shadow-xl md:py-6\">\n<div class=\"flex flex-wrap justify-between px-7 text-black no-underline md:flex-nowrap md:px-8\">\n<div class=\"order-1 mx-auto flex flex-col justify-center md:order-2 md:ml-4 md:w-full md:grow\">\n<div class=\"block cursor-pointer text-center font-akshar text-2xl font-medium leading-7 text-brand-green duration-200 ease-in-out hover:text-brand-green-700 md:text-left md:text-xl md:leading-6\">Amazon Kindle Colorsoft Signature Edition (32 Go)\n                <\/div>\n<div class=\"mt-4 hidden md:flex md:justify-between\">\n<div class=\"self-end\">\n<div class=\"mb-0 h-11 md:flex md:flex-col md:justify-center\">\n<div class=\" font-sans leading-4 text-black\">\n<div class=\"flex flex-wrap items-center justify-center gap-x-1 md:justify-start\">\n        <span class=\"font-bold\"><\/p>\n<p>            229,99\u00a0$<br \/>\n                            <span class=\"font-medium\">chez Amazon<\/span><br \/>\n                    <\/span>\n            <\/div>\n<div class=\"flex items-center justify-center gap-x-1 font-bold md:justify-start\">\n            <span class=\"text-sm line-through\">279,99\u00a0$<\/span><br \/>\n            <span class=\"text-sm text-brand-green\">\u00c9conomisez 50,00\u00a0$<\/span>\n        <\/div>\n<\/p><\/div>\n<\/p><\/div>\n<\/p><\/div>\n<div class=\"w-44 self-end\">\n                            <button class=\"flex justify-center items-center w-full bg-brand-green text-white text-base font-sans font-medium rounded-md hover:bg-brand-green-700 hover:cursor-pointer md:text-sm h-11\"><\/p>\n<p>    Obtenez une offre<br \/>\n<\/button>\n                        <\/div>\n<\/p><\/div>\n<\/p><\/div>\n<div class=\"order-2 mt-5 h-auto w-full md:order-1 md:mt-0 md:hidden\">\n<div class=\"flex aspect-video items-center justify-center\">\n                                            <img decoding=\"async\" class=\"m-0 max-h-full max-w-full rounded-md\" src=\"https:\/\/vieassociative.be\/actualites\/wp-content\/uploads\/2025\/01\/Mon-offre-Amazon-preferee-du-jour-ledition-Kindle-Colorsoft.jpg\" alt=\"Amazon Kindle Colorsoft Signature Edition (32 Go)\" width=\"auto\" height=\"auto\" loading=\"lazy\">\n                                    <\/div>\n<\/p><\/div>\n<div class=\"order-2 ml-2 hidden w-32 shrink-0 items-center md:order-1 md:ml-0 md:flex\">\n<div class=\"flex aspect-video items-center justify-center\">\n                                            <img decoding=\"async\" class=\"m-0 max-h-full max-w-full rounded-md\" src=\"https:\/\/vieassociative.be\/actualites\/wp-content\/uploads\/2025\/01\/Mon-offre-Amazon-preferee-du-jour-ledition-Kindle-Colorsoft.jpg\" alt=\"Amazon Kindle Colorsoft Signature Edition (32 Go)\" width=\"auto\" height=\"auto\" loading=\"lazy\">\n                                    <\/div>\n<\/p><\/div>\n<div class=\"order-3 flex grow flex-wrap md:hidden md:grow-0\">\n<div class=\"mt-4 w-full\">\n                        <button class=\"flex justify-center items-center w-full bg-brand-green text-white text-base font-sans font-medium rounded-md hover:bg-brand-green-700 hover:cursor-pointer md:text-sm h-11\"><\/p>\n<p>    Obtenez une offre<br \/>\n<\/button>\n                    <\/div>\n<div class=\"mx-2 mt-4 w-full\">\n<div class=\" font-sans leading-4 text-black\">\n<div class=\"flex flex-wrap items-center justify-center gap-x-1 md:justify-start\">\n        <span class=\"font-bold\"><\/p>\n<p>            229,99\u00a0$<br \/>\n                            <span class=\"font-medium\">chez Amazon<\/span><br \/>\n                    <\/span>\n            <\/div>\n<div class=\"flex items-center justify-center gap-x-1 font-bold md:justify-start\">\n            <span class=\"text-sm line-through\">279,99\u00a0$<\/span><br \/>\n            <span class=\"text-sm text-brand-green\">\u00c9conomisez 50,00\u00a0$<\/span>\n        <\/div>\n<\/p><\/div>\n<\/p><\/div>\n<\/p><\/div>\n<\/p><\/div>\n<\/div>\n<p>La Kindle Colorsoft Signature Edition est exactement ce \u00e0 quoi elle ressemble : une liseuse Kindle color\u00e9e. Il s&rsquo;agit essentiellement du m\u00eame mat\u00e9riel et du m\u00eame design que le Kindle Paperwhite Signature Edition, avec les m\u00eames dimensions, poids et 32 \u200b\u200bGo de stockage. Il poss\u00e8de \u00e9galement les m\u00eames fonctionnalit\u00e9s, comme l&rsquo;\u00e9clairage avant \u00e0 r\u00e9glage automatique, l&rsquo;indice d&rsquo;\u00e9tanch\u00e9it\u00e9 IPX8, le chargement sans fil et un \u00e9cran de verrouillage sans publicit\u00e9 qui affiche soit la couverture du livre que vous lisez, soit des fonds d&rsquo;\u00e9cran g\u00e9n\u00e9riques. La dur\u00e9e de vie de la batterie est plus courte que celle d\u2019un Paperwhite, avec huit semaines contre 12, mais reste suffisante pour la plupart des gens.<\/p>\n<p>L&rsquo;\u00e9cran couleur E Ink de sept pouces semble \u00eatre la norme de l&rsquo;industrie avec 300 pixels par pouce (ppi) pour le contenu en noir et blanc et 150 ppi pour la couleur, selon l&rsquo;examen de PCMag. Si vous aimez lire des bandes dessin\u00e9es, c&rsquo;est l\u00e0 que brille l&rsquo;\u00e9dition Colorsoft Signature. Les couleurs ressemblent \u00e0 celles d&rsquo;un journal imprim\u00e9, et il existe une fonctionnalit\u00e9 qui fournit un gros plan de chaque bande dessin\u00e9e afin que vous puissiez profiter de l&rsquo;illustration et la lire sans avoir \u00e0 zoomer. <\/p>\n<p>Bien que l\u2019\u00e9cran ne soit pas trop lumineux (94 nits de luminosit\u00e9), il fait un bon travail pour d\u00e9vier les reflets. Le r\u00e9glage automatique de la lumi\u00e8re est utile si vous venez souvent \u00e0 l&rsquo;int\u00e9rieur et \u00e0 l&rsquo;ext\u00e9rieur. Personnellement, j\u2019aime les r\u00e9glages chauds et froids de l\u2019\u00e9clairage avant, car j\u2019aime lire le soir et ne pas stresser mes yeux avant de me coucher. <\/p>\n<p>Consid\u00e9rant qu&rsquo;il ne co\u00fbte que 29,99 $ de plus pour passer de l&rsquo;\u00e9dition Kindle Paperwhite Signature \u00e0 la version couleur, cela constitue une bonne affaire pour tous ceux qui ont besoin d&rsquo;un peu plus de couleur dans leur vie.<\/p>\n","protected":false},"excerpt":{"rendered":"<p>La premi\u00e8re liseuse couleur d&rsquo;Amazon tombe \u00e0 son prix le plus bas depuis sa r\u00e9cente sortie. J&rsquo;adore les liseuses Kindle et je les utilise depuis<\/p>\n","protected":false},"author":1,"featured_media":4443,"comment_status":"","ping_status":"","sticky":false,"template":"","format":"standard","meta":{"footnotes":""},"categories":[36],"tags":[51,4834,53,2263,4833,49,50,52,4835],"class_list":["post-4442","post","type-post","status-publish","format-standard","has-post-thumbnail","hentry","category-divertissement","tag-amazon","tag-colorsoft","tag-jour","tag-kindle","tag-ledition","tag-mon","tag-offre","tag-preferee","tag-signature","generate-columns","tablet-grid-50","mobile-grid-100","grid-parent","grid-33"],"yoast_head":"<!-- This site is optimized with the Yoast SEO plugin v24.0 - https:\/\/yoast.com\/wordpress\/plugins\/seo\/ -->\n<title>Mon offre Amazon pr\u00e9f\u00e9r\u00e9e du jour : l&#039;\u00e9dition Kindle Colorsoft Signature | Vie Associative<\/title>\n<meta name=\"robots\" content=\"index, follow, max-snippet:-1, max-image-preview:large, max-video-preview:-1\" \/>\n<link rel=\"canonical\" href=\"https:\/\/vieassociative.be\/actualites\/mon-offre-amazon-preferee-du-jour-ledition-kindle-colorsoft-signature\/\" \/>\n<meta property=\"og:locale\" content=\"fr_FR\" \/>\n<meta property=\"og:type\" content=\"article\" \/>\n<meta property=\"og:title\" content=\"Mon offre Amazon pr\u00e9f\u00e9r\u00e9e du jour : l&#039;\u00e9dition Kindle Colorsoft Signature | Vie Associative\" \/>\n<meta property=\"og:description\" content=\"La premi\u00e8re liseuse couleur d&rsquo;Amazon tombe \u00e0 son prix le plus bas depuis sa r\u00e9cente sortie. J&rsquo;adore les liseuses Kindle et je les utilise depuis\" \/>\n<meta property=\"og:url\" content=\"https:\/\/vieassociative.be\/actualites\/mon-offre-amazon-preferee-du-jour-ledition-kindle-colorsoft-signature\/\" \/>\n<meta property=\"og:site_name\" content=\"Vie Associative\" \/>\n<meta property=\"article:published_time\" content=\"2025-01-19T13:17:59+00:00\" \/>\n<meta property=\"og:image\" content=\"https:\/\/vieassociative.be\/actualites\/wp-content\/uploads\/2025\/01\/Mon-offre-Amazon-preferee-du-jour-ledition-Kindle-Colorsoft.jpg\" \/>\n<meta name=\"author\" content=\"Julien\" \/>\n<meta name=\"twitter:card\" content=\"summary_large_image\" \/>\n<meta name=\"twitter:label1\" content=\"\u00c9crit par\" \/>\n\t<meta name=\"twitter:data1\" content=\"Julien\" \/>\n\t<meta name=\"twitter:label2\" content=\"Dur\u00e9e de lecture est.\" \/>\n\t<meta name=\"twitter:data2\" content=\"2 minutes\" \/>\n<script type=\"application\/ld+json\" class=\"yoast-schema-graph\">{\"@context\":\"https:\/\/schema.org\",\"@graph\":[{\"@type\":\"Article\",\"@id\":\"https:\/\/vieassociative.be\/actualites\/mon-offre-amazon-preferee-du-jour-ledition-kindle-colorsoft-signature\/#article\",\"isPartOf\":{\"@id\":\"https:\/\/vieassociative.be\/actualites\/mon-offre-amazon-preferee-du-jour-ledition-kindle-colorsoft-signature\/\"},\"author\":{\"name\":\"Julien\",\"@id\":\"https:\/\/vieassociative.be\/actualites\/#\/schema\/person\/b87ac4f82f9d4e7b7cec7395b679edc4\"},\"headline\":\"Mon offre Amazon pr\u00e9f\u00e9r\u00e9e du jour : l&rsquo;\u00e9dition Kindle Colorsoft Signature\",\"datePublished\":\"2025-01-19T13:17:59+00:00\",\"dateModified\":\"2025-01-19T13:17:59+00:00\",\"mainEntityOfPage\":{\"@id\":\"https:\/\/vieassociative.be\/actualites\/mon-offre-amazon-preferee-du-jour-ledition-kindle-colorsoft-signature\/\"},\"wordCount\":458,\"publisher\":{\"@id\":\"https:\/\/vieassociative.be\/actualites\/#organization\"},\"image\":{\"@id\":\"https:\/\/vieassociative.be\/actualites\/mon-offre-amazon-preferee-du-jour-ledition-kindle-colorsoft-signature\/#primaryimage\"},\"thumbnailUrl\":\"https:\/\/vieassociative.be\/actualites\/wp-content\/uploads\/2025\/01\/Mon-offre-Amazon-preferee-du-jour-ledition-Kindle-Colorsoft.png\",\"keywords\":[\"Amazon\",\"Colorsoft\",\"jour\",\"Kindle\",\"l\u00e9dition\",\"Mon\",\"offre\",\"pr\u00e9f\u00e9r\u00e9e\",\"Signature\"],\"articleSection\":[\"Divertissement\"],\"inLanguage\":\"fr-BE\"},{\"@type\":\"WebPage\",\"@id\":\"https:\/\/vieassociative.be\/actualites\/mon-offre-amazon-preferee-du-jour-ledition-kindle-colorsoft-signature\/\",\"url\":\"https:\/\/vieassociative.be\/actualites\/mon-offre-amazon-preferee-du-jour-ledition-kindle-colorsoft-signature\/\",\"name\":\"Mon offre Amazon pr\u00e9f\u00e9r\u00e9e du jour : l'\u00e9dition Kindle Colorsoft Signature | Vie Associative\",\"isPartOf\":{\"@id\":\"https:\/\/vieassociative.be\/actualites\/#website\"},\"primaryImageOfPage\":{\"@id\":\"https:\/\/vieassociative.be\/actualites\/mon-offre-amazon-preferee-du-jour-ledition-kindle-colorsoft-signature\/#primaryimage\"},\"image\":{\"@id\":\"https:\/\/vieassociative.be\/actualites\/mon-offre-amazon-preferee-du-jour-ledition-kindle-colorsoft-signature\/#primaryimage\"},\"thumbnailUrl\":\"https:\/\/vieassociative.be\/actualites\/wp-content\/uploads\/2025\/01\/Mon-offre-Amazon-preferee-du-jour-ledition-Kindle-Colorsoft.png\",\"datePublished\":\"2025-01-19T13:17:59+00:00\",\"dateModified\":\"2025-01-19T13:17:59+00:00\",\"breadcrumb\":{\"@id\":\"https:\/\/vieassociative.be\/actualites\/mon-offre-amazon-preferee-du-jour-ledition-kindle-colorsoft-signature\/#breadcrumb\"},\"inLanguage\":\"fr-BE\",\"potentialAction\":[{\"@type\":\"ReadAction\",\"target\":[\"https:\/\/vieassociative.be\/actualites\/mon-offre-amazon-preferee-du-jour-ledition-kindle-colorsoft-signature\/\"]}]},{\"@type\":\"ImageObject\",\"inLanguage\":\"fr-BE\",\"@id\":\"https:\/\/vieassociative.be\/actualites\/mon-offre-amazon-preferee-du-jour-ledition-kindle-colorsoft-signature\/#primaryimage\",\"url\":\"https:\/\/vieassociative.be\/actualites\/wp-content\/uploads\/2025\/01\/Mon-offre-Amazon-preferee-du-jour-ledition-Kindle-Colorsoft.png\",\"contentUrl\":\"https:\/\/vieassociative.be\/actualites\/wp-content\/uploads\/2025\/01\/Mon-offre-Amazon-preferee-du-jour-ledition-Kindle-Colorsoft.png\",\"width\":1200,\"height\":675,\"caption\":\"Mon offre Amazon pr\u00e9f\u00e9r\u00e9e du jour : l'\u00e9dition Kindle Colorsoft Signature\"},{\"@type\":\"BreadcrumbList\",\"@id\":\"https:\/\/vieassociative.be\/actualites\/mon-offre-amazon-preferee-du-jour-ledition-kindle-colorsoft-signature\/#breadcrumb\",\"itemListElement\":[{\"@type\":\"ListItem\",\"position\":1,\"name\":\"Accueil\",\"item\":\"https:\/\/vieassociative.be\/actualites\/\"},{\"@type\":\"ListItem\",\"position\":2,\"name\":\"Mon offre Amazon pr\u00e9f\u00e9r\u00e9e du jour : l&rsquo;\u00e9dition Kindle Colorsoft Signature\"}]},{\"@type\":\"WebSite\",\"@id\":\"https:\/\/vieassociative.be\/actualites\/#website\",\"url\":\"https:\/\/vieassociative.be\/actualites\/\",\"name\":\"Vie Associative\",\"description\":\"\",\"publisher\":{\"@id\":\"https:\/\/vieassociative.be\/actualites\/#organization\"},\"potentialAction\":[{\"@type\":\"SearchAction\",\"target\":{\"@type\":\"EntryPoint\",\"urlTemplate\":\"https:\/\/vieassociative.be\/actualites\/?s={search_term_string}\"},\"query-input\":{\"@type\":\"PropertyValueSpecification\",\"valueRequired\":true,\"valueName\":\"search_term_string\"}}],\"inLanguage\":\"fr-BE\"},{\"@type\":\"Organization\",\"@id\":\"https:\/\/vieassociative.be\/actualites\/#organization\",\"name\":\"Vie Associative\",\"url\":\"https:\/\/vieassociative.be\/actualites\/\",\"logo\":{\"@type\":\"ImageObject\",\"inLanguage\":\"fr-BE\",\"@id\":\"https:\/\/vieassociative.be\/actualites\/#\/schema\/logo\/image\/\",\"url\":\"https:\/\/vieassociative.be\/actualites\/wp-content\/uploads\/2024\/09\/cropped-vieassociative_favicon.ico.png\",\"contentUrl\":\"https:\/\/vieassociative.be\/actualites\/wp-content\/uploads\/2024\/09\/cropped-vieassociative_favicon.ico.png\",\"width\":512,\"height\":512,\"caption\":\"Vie Associative\"},\"image\":{\"@id\":\"https:\/\/vieassociative.be\/actualites\/#\/schema\/logo\/image\/\"}},{\"@type\":\"Person\",\"@id\":\"https:\/\/vieassociative.be\/actualites\/#\/schema\/person\/b87ac4f82f9d4e7b7cec7395b679edc4\",\"name\":\"Julien\",\"image\":{\"@type\":\"ImageObject\",\"inLanguage\":\"fr-BE\",\"@id\":\"https:\/\/vieassociative.be\/actualites\/#\/schema\/person\/image\/\",\"url\":\"https:\/\/vieassociative.be\/actualites\/wp-content\/uploads\/2024\/09\/vie-associative-1-150x150.jpg\",\"contentUrl\":\"https:\/\/vieassociative.be\/actualites\/wp-content\/uploads\/2024\/09\/vie-associative-1-150x150.jpg\",\"caption\":\"Julien\"},\"description\":\"Je suis Julien, r\u00e9dacteur pour Vie Associative. Passionn\u00e9 par le monde associatif depuis plus de 10 ans, j'ai \u00e0 c\u0153ur de partager des histoires inspirantes et de mettre en lumi\u00e8re les initiatives locales. Mon objectif est de sensibiliser et d'encourager l'engagement communautaire \u00e0 travers mes articles.\",\"sameAs\":[\"https:\/\/vieassociative.be\/\"]}]}<\/script>\n<!-- \/ Yoast SEO plugin. -->","yoast_head_json":{"title":"Mon offre Amazon pr\u00e9f\u00e9r\u00e9e du jour : l'\u00e9dition Kindle Colorsoft Signature | Vie Associative","robots":{"index":"index","follow":"follow","max-snippet":"max-snippet:-1","max-image-preview":"max-image-preview:large","max-video-preview":"max-video-preview:-1"},"canonical":"https:\/\/vieassociative.be\/actualites\/mon-offre-amazon-preferee-du-jour-ledition-kindle-colorsoft-signature\/","og_locale":"fr_FR","og_type":"article","og_title":"Mon offre Amazon pr\u00e9f\u00e9r\u00e9e du jour : l'\u00e9dition Kindle Colorsoft Signature | Vie Associative","og_description":"La premi\u00e8re liseuse couleur d&rsquo;Amazon tombe \u00e0 son prix le plus bas depuis sa r\u00e9cente sortie. J&rsquo;adore les liseuses Kindle et je les utilise depuis","og_url":"https:\/\/vieassociative.be\/actualites\/mon-offre-amazon-preferee-du-jour-ledition-kindle-colorsoft-signature\/","og_site_name":"Vie Associative","article_published_time":"2025-01-19T13:17:59+00:00","og_image":[{"url":"https:\/\/vieassociative.be\/actualites\/wp-content\/uploads\/2025\/01\/Mon-offre-Amazon-preferee-du-jour-ledition-Kindle-Colorsoft.jpg","type":"","width":"","height":""}],"author":"Julien","twitter_card":"summary_large_image","twitter_misc":{"\u00c9crit par":"Julien","Dur\u00e9e de lecture est.":"2 minutes"},"schema":{"@context":"https:\/\/schema.org","@graph":[{"@type":"Article","@id":"https:\/\/vieassociative.be\/actualites\/mon-offre-amazon-preferee-du-jour-ledition-kindle-colorsoft-signature\/#article","isPartOf":{"@id":"https:\/\/vieassociative.be\/actualites\/mon-offre-amazon-preferee-du-jour-ledition-kindle-colorsoft-signature\/"},"author":{"name":"Julien","@id":"https:\/\/vieassociative.be\/actualites\/#\/schema\/person\/b87ac4f82f9d4e7b7cec7395b679edc4"},"headline":"Mon offre Amazon pr\u00e9f\u00e9r\u00e9e du jour : l&rsquo;\u00e9dition Kindle Colorsoft Signature","datePublished":"2025-01-19T13:17:59+00:00","dateModified":"2025-01-19T13:17:59+00:00","mainEntityOfPage":{"@id":"https:\/\/vieassociative.be\/actualites\/mon-offre-amazon-preferee-du-jour-ledition-kindle-colorsoft-signature\/"},"wordCount":458,"publisher":{"@id":"https:\/\/vieassociative.be\/actualites\/#organization"},"image":{"@id":"https:\/\/vieassociative.be\/actualites\/mon-offre-amazon-preferee-du-jour-ledition-kindle-colorsoft-signature\/#primaryimage"},"thumbnailUrl":"https:\/\/vieassociative.be\/actualites\/wp-content\/uploads\/2025\/01\/Mon-offre-Amazon-preferee-du-jour-ledition-Kindle-Colorsoft.png","keywords":["Amazon","Colorsoft","jour","Kindle","l\u00e9dition","Mon","offre","pr\u00e9f\u00e9r\u00e9e","Signature"],"articleSection":["Divertissement"],"inLanguage":"fr-BE"},{"@type":"WebPage","@id":"https:\/\/vieassociative.be\/actualites\/mon-offre-amazon-preferee-du-jour-ledition-kindle-colorsoft-signature\/","url":"https:\/\/vieassociative.be\/actualites\/mon-offre-amazon-preferee-du-jour-ledition-kindle-colorsoft-signature\/","name":"Mon offre Amazon pr\u00e9f\u00e9r\u00e9e du jour : l'\u00e9dition Kindle Colorsoft Signature | Vie Associative","isPartOf":{"@id":"https:\/\/vieassociative.be\/actualites\/#website"},"primaryImageOfPage":{"@id":"https:\/\/vieassociative.be\/actualites\/mon-offre-amazon-preferee-du-jour-ledition-kindle-colorsoft-signature\/#primaryimage"},"image":{"@id":"https:\/\/vieassociative.be\/actualites\/mon-offre-amazon-preferee-du-jour-ledition-kindle-colorsoft-signature\/#primaryimage"},"thumbnailUrl":"https:\/\/vieassociative.be\/actualites\/wp-content\/uploads\/2025\/01\/Mon-offre-Amazon-preferee-du-jour-ledition-Kindle-Colorsoft.png","datePublished":"2025-01-19T13:17:59+00:00","dateModified":"2025-01-19T13:17:59+00:00","breadcrumb":{"@id":"https:\/\/vieassociative.be\/actualites\/mon-offre-amazon-preferee-du-jour-ledition-kindle-colorsoft-signature\/#breadcrumb"},"inLanguage":"fr-BE","potentialAction":[{"@type":"ReadAction","target":["https:\/\/vieassociative.be\/actualites\/mon-offre-amazon-preferee-du-jour-ledition-kindle-colorsoft-signature\/"]}]},{"@type":"ImageObject","inLanguage":"fr-BE","@id":"https:\/\/vieassociative.be\/actualites\/mon-offre-amazon-preferee-du-jour-ledition-kindle-colorsoft-signature\/#primaryimage","url":"https:\/\/vieassociative.be\/actualites\/wp-content\/uploads\/2025\/01\/Mon-offre-Amazon-preferee-du-jour-ledition-Kindle-Colorsoft.png","contentUrl":"https:\/\/vieassociative.be\/actualites\/wp-content\/uploads\/2025\/01\/Mon-offre-Amazon-preferee-du-jour-ledition-Kindle-Colorsoft.png","width":1200,"height":675,"caption":"Mon offre Amazon pr\u00e9f\u00e9r\u00e9e du jour : l'\u00e9dition Kindle Colorsoft Signature"},{"@type":"BreadcrumbList","@id":"https:\/\/vieassociative.be\/actualites\/mon-offre-amazon-preferee-du-jour-ledition-kindle-colorsoft-signature\/#breadcrumb","itemListElement":[{"@type":"ListItem","position":1,"name":"Accueil","item":"https:\/\/vieassociative.be\/actualites\/"},{"@type":"ListItem","position":2,"name":"Mon offre Amazon pr\u00e9f\u00e9r\u00e9e du jour : l&rsquo;\u00e9dition Kindle Colorsoft Signature"}]},{"@type":"WebSite","@id":"https:\/\/vieassociative.be\/actualites\/#website","url":"https:\/\/vieassociative.be\/actualites\/","name":"Vie Associative","description":"","publisher":{"@id":"https:\/\/vieassociative.be\/actualites\/#organization"},"potentialAction":[{"@type":"SearchAction","target":{"@type":"EntryPoint","urlTemplate":"https:\/\/vieassociative.be\/actualites\/?s={search_term_string}"},"query-input":{"@type":"PropertyValueSpecification","valueRequired":true,"valueName":"search_term_string"}}],"inLanguage":"fr-BE"},{"@type":"Organization","@id":"https:\/\/vieassociative.be\/actualites\/#organization","name":"Vie Associative","url":"https:\/\/vieassociative.be\/actualites\/","logo":{"@type":"ImageObject","inLanguage":"fr-BE","@id":"https:\/\/vieassociative.be\/actualites\/#\/schema\/logo\/image\/","url":"https:\/\/vieassociative.be\/actualites\/wp-content\/uploads\/2024\/09\/cropped-vieassociative_favicon.ico.png","contentUrl":"https:\/\/vieassociative.be\/actualites\/wp-content\/uploads\/2024\/09\/cropped-vieassociative_favicon.ico.png","width":512,"height":512,"caption":"Vie Associative"},"image":{"@id":"https:\/\/vieassociative.be\/actualites\/#\/schema\/logo\/image\/"}},{"@type":"Person","@id":"https:\/\/vieassociative.be\/actualites\/#\/schema\/person\/b87ac4f82f9d4e7b7cec7395b679edc4","name":"Julien","image":{"@type":"ImageObject","inLanguage":"fr-BE","@id":"https:\/\/vieassociative.be\/actualites\/#\/schema\/person\/image\/","url":"https:\/\/vieassociative.be\/actualites\/wp-content\/uploads\/2024\/09\/vie-associative-1-150x150.jpg","contentUrl":"https:\/\/vieassociative.be\/actualites\/wp-content\/uploads\/2024\/09\/vie-associative-1-150x150.jpg","caption":"Julien"},"description":"Je suis Julien, r\u00e9dacteur pour Vie Associative. Passionn\u00e9 par le monde associatif depuis plus de 10 ans, j'ai \u00e0 c\u0153ur de partager des histoires inspirantes et de mettre en lumi\u00e8re les initiatives locales. Mon objectif est de sensibiliser et d'encourager l'engagement communautaire \u00e0 travers mes articles.","sameAs":["https:\/\/vieassociative.be\/"]}]}},"_links":{"self":[{"href":"https:\/\/vieassociative.be\/actualites\/wp-json\/wp\/v2\/posts\/4442"}],"collection":[{"href":"https:\/\/vieassociative.be\/actualites\/wp-json\/wp\/v2\/posts"}],"about":[{"href":"https:\/\/vieassociative.be\/actualites\/wp-json\/wp\/v2\/types\/post"}],"author":[{"embeddable":true,"href":"https:\/\/vieassociative.be\/actualites\/wp-json\/wp\/v2\/users\/1"}],"replies":[{"embeddable":true,"href":"https:\/\/vieassociative.be\/actualites\/wp-json\/wp\/v2\/comments?post=4442"}],"version-history":[{"count":0,"href":"https:\/\/vieassociative.be\/actualites\/wp-json\/wp\/v2\/posts\/4442\/revisions"}],"wp:featuredmedia":[{"embeddable":true,"href":"https:\/\/vieassociative.be\/actualites\/wp-json\/wp\/v2\/media\/4443"}],"wp:attachment":[{"href":"https:\/\/vieassociative.be\/actualites\/wp-json\/wp\/v2\/media?parent=4442"}],"wp:term":[{"taxonomy":"category","embeddable":true,"href":"https:\/\/vieassociative.be\/actualites\/wp-json\/wp\/v2\/categories?post=4442"},{"taxonomy":"post_tag","embeddable":true,"href":"https:\/\/vieassociative.be\/actualites\/wp-json\/wp\/v2\/tags?post=4442"}],"curies":[{"name":"wp","href":"https:\/\/api.w.org\/{rel}","templated":true}]}}