{"id":4438,"date":"2025-01-19T12:18:06","date_gmt":"2025-01-19T11:18:06","guid":{"rendered":"https:\/\/vieassociative.be\/actualites\/comment-puis-je-soutenir-mon-enfant-adulte-souffrant-dun-trouble-de-sante-mentale\/"},"modified":"2025-01-19T12:18:06","modified_gmt":"2025-01-19T11:18:06","slug":"comment-puis-je-soutenir-mon-enfant-adulte-souffrant-dun-trouble-de-sante-mentale","status":"publish","type":"post","link":"https:\/\/vieassociative.be\/actualites\/comment-puis-je-soutenir-mon-enfant-adulte-souffrant-dun-trouble-de-sante-mentale\/","title":{"rendered":"Comment puis-je soutenir mon enfant adulte souffrant d\u2019un trouble de sant\u00e9 mentale\u00a0?"},"content":{"rendered":"<div class=\"mt-4 leading-6 md:mb-8\">Si votre enfant adulte souhaite votre aide pour naviguer dans le syst\u00e8me de sant\u00e9 mentale (ou est au moins ouvert \u00e0 votre aide), c&rsquo;est une excellente premi\u00e8re \u00e9tape.<\/div>\n<p><\/p>\n<p>La sant\u00e9 mentale continue d&rsquo;\u00eatre l&rsquo;un des sujets les plus demand\u00e9s que les lecteurs me demandent d&rsquo;aborder \u00e0 la fois dans la rubrique Conseils parentaux et dans d&rsquo;autres articles plus g\u00e9n\u00e9raux. Je n&rsquo;ai donc pas \u00e9t\u00e9 surpris que lorsque j&rsquo;ai \u00e9crit en janvier sur le fait d&rsquo;\u00eatre parent d&rsquo;un enfant \u00e0 risque de d\u00e9velopper un trouble de sant\u00e9 mentale, cela ait suscit\u00e9 une autre question de lecteur sur le sujet, cette fois sur le fait d&rsquo;\u00eatre parent d&rsquo;un enfant adulte atteint d&rsquo;une maladie mentale. <\/p>\n<p>Voici cette question de l&rsquo;utilisateur Kinja Mushin\u00a0:<\/p>\n<blockquote>\n<p>Et une fois que votre enfant est devenu adulte ? Nous avions beaucoup de ressources disponibles jusqu&rsquo;\u00e0 ce que mon fils ait 18 ans ; maintenant nous ne trouvons aucune aide.<\/p>\n<\/blockquote>\n<p>Mushin,<\/p>\n<p>Je ne peux pas dire d&rsquo;apr\u00e8s votre question si la difficult\u00e9 que vous rencontrez est li\u00e9e \u00e0 votre assurance maladie sp\u00e9cifique ou aux ressources locales disponibles pour les adultes ou si c&rsquo;est \u00e0 cause du manque de contr\u00f4le que vous avez sur le traitement de sant\u00e9 mentale de votre enfant maintenant qu&rsquo;il est adulte. <\/p>\n<p>Sans plus de d\u00e9tails, je suppose que la lutte concerne davantage votre nouveau r\u00f4le dans le soutien au traitement de votre enfant adulte. Et j&rsquo;aborderai cette lutte sous deux angles diff\u00e9rents : s&rsquo;ils veulent de l&rsquo;aide (et, plus pr\u00e9cis\u00e9ment, <em>ton <\/em>aider), et s&rsquo;ils ne le font pas. <\/p>\n<div class=\"mx-auto my-6 flex max-w-3xl flex-col overflow-hidden rounded-md border border-gray-300 sm:flex-row sm:items-center\">\n<p>                <img decoding=\"async\" class=\"!mt-0 w-full rounded-md border-gray-100\" src=\"https:\/\/vieassociative.be\/actualites\/wp-content\/uploads\/2025\/01\/Comment-puis-je-soutenir-mon-enfant-adulte-souffrant-dun-trouble-de.jpg\" alt=\"Comment puis-je \u00eatre le meilleur parent d'un enfant qui pr\u00e9sente un risque de trouble de sant\u00e9 mentale\u00a0?\" width=\"245\" height=\"138\" loading=\"lazy\"><\/p>\n<div class=\"p-4\">\n<p>                Comment puis-je \u00eatre le meilleur parent d&rsquo;un enfant qui pr\u00e9sente un risque de trouble de sant\u00e9 mentale\u00a0? En savoir plus\n        <\/p><\/div>\n<\/p><\/div>\n<h3>S&rsquo;ils veulent votre aide<\/h3>\n<p>Si votre enfant adulte souhaite votre aide pour naviguer dans le syst\u00e8me de sant\u00e9 mentale (ou est au moins ouvert \u00e0 votre aide), c&rsquo;est une excellente premi\u00e8re \u00e9tape. Commencez par proposer votre aide pour certaines des recherches initiales ou des appels t\u00e9l\u00e9phoniques.<\/p>\n<p>\u00abJ&rsquo;ai beaucoup de jeunes de 18 ans dans mon cabinet et c&rsquo;est g\u00e9n\u00e9ralement l&rsquo;un des parents qui prend le premier contact avec moi\u00bb, explique Barbara Greenberg, psychologue clinicienne sp\u00e9cialis\u00e9e dans le traitement des adolescents. \u00ab\u00a0Proposez de passer le premier appel t\u00e9l\u00e9phonique et proposez de vous rendre au premier rendez-vous avec eux.\u00a0\u00bb<\/p>\n<p>Cela peut \u00eatre essentiel, dit Greenberg, car m\u00eame si un jeune de 18 ans est d\u00e9sormais l\u00e9galement adulte, il peut toujours \u00eatre intimidant de consulter un professionnel de la sant\u00e9 mentale pour la premi\u00e8re fois. Si l\u2019adolescente est particuli\u00e8rement h\u00e9sitante \u00e0 l\u2019id\u00e9e de la rencontre, elle raconte m\u00eame parfois rencontrer d\u2019abord en personne le parent. <\/p>\n<p>\u00ab Vous pouvez dire : &lsquo;Si vous le souhaitez, j&rsquo;irai d&rsquo;abord voir la personne et je vous donnerai mon avis&rsquo; \u00bb, dit-elle. \u00ab Ou vous pourriez faire quelques interviews parce que \u00e7a doit \u00eatre un bon match. C\u2019est une fa\u00e7on de contribuer au processus.<\/p>\n<p>Vous pouvez \u00e9galement proposer de les conduire \u00e0 leurs rendez-vous et de vous asseoir dans la salle d&rsquo;attente pour eux afin qu&rsquo;ils puissent ressentir votre soutien sans vous avoir \u00e0 la s\u00e9ance. Mais une fois qu&rsquo;ils sont sortis, ne soyez pas intrusif en les martelant avec un jeu de vingt questions. Ils peuvent partager ce qu\u2019ils souhaitent partager et doivent se sentir libres de garder le reste priv\u00e9.<\/p>\n<p>Et si votre enfant n&rsquo;aime pas le professionnel que vous lui avez trouv\u00e9 ? Honorez cela aussi, dit Greenberg. Ce n\u2019est pas parce que vous avez aim\u00e9 la personne ou qu\u2019elle a \u00e9t\u00e9 recommand\u00e9e qu\u2019elle convient automatiquement \u00e0 tout le monde. En fin de compte, dit-elle, vous ne pouvez pas contraindre un jeune de 18 ans \u00e0 faire ce que vous voulez qu&rsquo;il fasse ; mais toi <em>peut<\/em> marchez avec eux et soutenez leur voyage.<\/p>\n<h3>S&rsquo;ils ne veulent pas de votre aide<\/h3>\n<p>Il y a cependant de fortes chances que l&rsquo;une des raisons pour lesquelles vous ayez du mal \u00e0 aider votre enfant adulte \u00e0 traverser cette situation soit qu&rsquo;il ne veut pas de votre aide. Peut-\u00eatre qu&rsquo;ils pensent qu&rsquo;ils n&rsquo;ont pas du tout besoin d&rsquo;aide ou peut-\u00eatre que vous n&rsquo;\u00eates tout simplement pas celui sur qui ils veulent s&rsquo;appuyer. \u00c0 moins qu\u2019il n\u2019y ait des raisons de croire qu\u2019ils repr\u00e9sentent un danger imm\u00e9diat pour eux-m\u00eames ou pour quelqu\u2019un d\u2019autre, vous ne pouvez pas l\u00e9galement faire grand-chose \u00e0 ce sujet. <\/p>\n<p>Mais au-del\u00e0 des aspects juridiques, il existe encore des moyens de communiquer avec votre enfant adulte au sujet de sa sant\u00e9 mentale et de lui offrir un soutien sans devenir autoritaire ou le repousser. La conf\u00e9renci\u00e8re en sant\u00e9 mentale Victoria Maxwell, qui a refus\u00e9 le soutien de ses propres parents en mati\u00e8re de sant\u00e9 mentale lorsqu&rsquo;elle \u00e9tait jeune adulte, \u00e9crit pour Psychology Today que l&rsquo;\u00e9coute est la premi\u00e8re \u00e9tape pour soutenir votre enfant. Vous faites partie de la m\u00eame \u00e9quipe, mais apr\u00e8s toute une vie pass\u00e9e \u00e0 prendre les devants, ils doivent maintenant savoir qu&rsquo;ils sont entendus et compris (m\u00eame si vous n&rsquo;\u00eates pas d&rsquo;accord avec eux).<\/p>\n<p>Et parce que vous avez \u00e0 c\u0153ur leurs meilleurs int\u00e9r\u00eats, il peut \u00eatre important que vous reconnaissiez que vous n\u2019\u00eates peut-\u00eatre pas la meilleure personne pour les conseiller en ce moment. Maxwell dit :<\/p>\n<blockquote>\n<p>Parfois, il y a trop d&rsquo;animosit\u00e9, tellement de confiance bris\u00e9e (des deux c\u00f4t\u00e9s) que votre enfant adulte ne vous voit (pour le moment) que comme un ennemi. En raison de la nature volatile actuelle (encore temporaire) de la relation, il peut \u00eatre pr\u00e9f\u00e9rable de savoir avec qui, le cas \u00e9ch\u00e9ant, ils ont de bons contacts. Y a-t-il quelqu&rsquo;un qu&rsquo;ils \u00e9couteront\u00a0? \u00e0 qui font-ils confiance ou \u00e0 qui ils se confient ? Cette personne doit \u00eatre quelqu\u2019un qui a \u00e0 c\u0153ur son meilleur int\u00e9r\u00eat (\u00e9videmment), et non quelqu\u2019un qui lui permet ou aggrave la situation. Par exemple, pas une personne avec qui ils boivent ou qui les encourage \u00e0 croire que vous \u00eates un parent interf\u00e9rent. Un ami proche, un oncle de confiance, un ancien professeur qu\u2019ils admirent sont des options.<\/p>\n<\/blockquote>\n<p>Et puis, faites-leur savoir que vous les aimez inconditionnellement et que vous serez l\u00e0 pour eux pendant qu\u2019ils suivent le traitement de la mani\u00e8re qui leur est la plus utile. Mais en m\u00eame temps, il peut \u00eatre n\u00e9cessaire de fixer des limites : les aimer inconditionnellement, souligne Maxwell, ne signifie pas que vous devez tol\u00e9rer la violence physique ou verbale. Mais bien s\u00fbr, vous devez vous assurer qu\u2019ils sont en s\u00e9curit\u00e9\u00a0:<\/p>\n<blockquote>\n<p>Il peut s&rsquo;agir de leur donner de l&rsquo;espace, de prendre de l&rsquo;espace ou de leur dire qu&rsquo;ils doivent partir. Assurez-vous toujours qu\u2019ils sont en s\u00e9curit\u00e9 et qu\u2019ils ne risquent pas de se suicider ou de blesser quelqu\u2019un d\u2019autre. S&rsquo;ils courent un risque, il sera n\u00e9cessaire de les emmener aux urgences (ou s&rsquo;ils refusent mais sont toujours \u00e0 risque, d&rsquo;appeler l&rsquo;ambulance ou la police).<\/p>\n<\/blockquote>\n<p>Enfin, assurez-vous de prendre soin de votre propre sant\u00e9 mentale. Vous pourriez tr\u00e8s bien b\u00e9n\u00e9ficier de parler \u00e0 un professionnel ou de rejoindre vous-m\u00eame un groupe de soutien, comme le groupe de soutien familial de la National Alliance on Mental Illness. Plus il y a de soutien <em>toi<\/em> avez, plus vous pourrez \u00eatre utile \u00e0 votre enfant. <\/p>\n<hr>\n<p><em>Vous \u00eates confront\u00e9 \u00e0 un dilemme parental ? Envoyez vos questions par courrier \u00e9lectronique \u00e0 (email prot\u00e9g\u00e9) en indiquant \u00ab Avis parental \u00bb dans la ligne d&rsquo;objet, et j&rsquo;essaierai d&rsquo;y r\u00e9pondre ici.<\/em><\/p>\n<p><em>En savoir plus sur la sant\u00e9 mentale et la th\u00e9rapie en ligne du partenaire de G\/O Media<\/em><\/p>\n<p><em>Vie Associative n&rsquo;est pas impliqu\u00e9 dans la cr\u00e9ation de ces articles mais peut percevoir une commission sur les achats via son contenu :<\/em><\/p>\n<p>Les options de th\u00e9rapie en ligne les meilleures et les plus abordables<br \/>Comment fonctionne la th\u00e9rapie en ligne Talkspace &#8211; Un examen<br \/>Avis sur les th\u00e9rapies en ligne BetterHelp\u00a0: co\u00fbts, fonctionnalit\u00e9s et plus en 2022<br \/>Fournisseurs de th\u00e9rapie en ligne les mieux not\u00e9s\u00a0: co\u00fbts, avis et plus encore<\/p>\n","protected":false},"excerpt":{"rendered":"<p>Si votre enfant adulte souhaite votre aide pour naviguer dans le syst\u00e8me de sant\u00e9 mentale (ou est au moins ouvert \u00e0 votre aide), c&rsquo;est une<\/p>\n","protected":false},"author":1,"featured_media":4439,"comment_status":"","ping_status":"","sticky":false,"template":"","format":"standard","meta":{"footnotes":""},"categories":[37],"tags":[2546,44,354,295,1402,49,4831,916,3805,1874,2722],"class_list":["post-4438","post","type-post","status-publish","format-standard","has-post-thumbnail","hentry","category-famille","tag-adulte","tag-comment","tag-dun","tag-enfant","tag-mentale","tag-mon","tag-puisje","tag-sante","tag-souffrant","tag-soutenir","tag-trouble","generate-columns","tablet-grid-50","mobile-grid-100","grid-parent","grid-33"],"yoast_head":"<!-- This site is optimized with the Yoast SEO plugin v24.0 - https:\/\/yoast.com\/wordpress\/plugins\/seo\/ -->\n<title>Comment puis-je soutenir mon enfant adulte souffrant d\u2019un trouble de sant\u00e9 mentale\u00a0? | Vie Associative<\/title>\n<meta name=\"robots\" content=\"index, follow, max-snippet:-1, max-image-preview:large, max-video-preview:-1\" \/>\n<link rel=\"canonical\" href=\"https:\/\/vieassociative.be\/actualites\/comment-puis-je-soutenir-mon-enfant-adulte-souffrant-dun-trouble-de-sante-mentale\/\" \/>\n<meta property=\"og:locale\" content=\"fr_FR\" \/>\n<meta property=\"og:type\" content=\"article\" \/>\n<meta property=\"og:title\" content=\"Comment puis-je soutenir mon enfant adulte souffrant d\u2019un trouble de sant\u00e9 mentale\u00a0? | Vie Associative\" \/>\n<meta property=\"og:description\" content=\"Si votre enfant adulte souhaite votre aide pour naviguer dans le syst\u00e8me de sant\u00e9 mentale (ou est au moins ouvert \u00e0 votre aide), c&rsquo;est une\" \/>\n<meta property=\"og:url\" content=\"https:\/\/vieassociative.be\/actualites\/comment-puis-je-soutenir-mon-enfant-adulte-souffrant-dun-trouble-de-sante-mentale\/\" \/>\n<meta property=\"og:site_name\" content=\"Vie Associative\" \/>\n<meta property=\"article:published_time\" content=\"2025-01-19T11:18:06+00:00\" \/>\n<meta property=\"og:image\" content=\"https:\/\/vieassociative.be\/actualites\/wp-content\/uploads\/2025\/01\/Comment-puis-je-soutenir-mon-enfant-adulte-souffrant-dun-trouble-de.jpg\" \/>\n<meta name=\"author\" content=\"Julien\" \/>\n<meta name=\"twitter:card\" content=\"summary_large_image\" \/>\n<meta name=\"twitter:label1\" content=\"\u00c9crit par\" \/>\n\t<meta name=\"twitter:data1\" content=\"Julien\" \/>\n\t<meta name=\"twitter:label2\" content=\"Dur\u00e9e de lecture est.\" \/>\n\t<meta name=\"twitter:data2\" content=\"7 minutes\" \/>\n<script type=\"application\/ld+json\" class=\"yoast-schema-graph\">{\"@context\":\"https:\/\/schema.org\",\"@graph\":[{\"@type\":\"Article\",\"@id\":\"https:\/\/vieassociative.be\/actualites\/comment-puis-je-soutenir-mon-enfant-adulte-souffrant-dun-trouble-de-sante-mentale\/#article\",\"isPartOf\":{\"@id\":\"https:\/\/vieassociative.be\/actualites\/comment-puis-je-soutenir-mon-enfant-adulte-souffrant-dun-trouble-de-sante-mentale\/\"},\"author\":{\"name\":\"Julien\",\"@id\":\"https:\/\/vieassociative.be\/actualites\/#\/schema\/person\/b87ac4f82f9d4e7b7cec7395b679edc4\"},\"headline\":\"Comment puis-je soutenir mon enfant adulte souffrant d\u2019un trouble de sant\u00e9 mentale\u00a0?\",\"datePublished\":\"2025-01-19T11:18:06+00:00\",\"dateModified\":\"2025-01-19T11:18:06+00:00\",\"mainEntityOfPage\":{\"@id\":\"https:\/\/vieassociative.be\/actualites\/comment-puis-je-soutenir-mon-enfant-adulte-souffrant-dun-trouble-de-sante-mentale\/\"},\"wordCount\":1427,\"publisher\":{\"@id\":\"https:\/\/vieassociative.be\/actualites\/#organization\"},\"image\":{\"@id\":\"https:\/\/vieassociative.be\/actualites\/comment-puis-je-soutenir-mon-enfant-adulte-souffrant-dun-trouble-de-sante-mentale\/#primaryimage\"},\"thumbnailUrl\":\"https:\/\/vieassociative.be\/actualites\/wp-content\/uploads\/2025\/01\/1737285487_Comment-puis-je-soutenir-mon-enfant-adulte-souffrant-dun-trouble-de.jpg\",\"keywords\":[\"adulte\",\"Comment\",\"dun\",\"enfant\",\"mentale\",\"Mon\",\"puisje\",\"sant\u00e9\",\"souffrant\",\"soutenir\",\"trouble\"],\"articleSection\":[\"Famille\"],\"inLanguage\":\"fr-BE\"},{\"@type\":\"WebPage\",\"@id\":\"https:\/\/vieassociative.be\/actualites\/comment-puis-je-soutenir-mon-enfant-adulte-souffrant-dun-trouble-de-sante-mentale\/\",\"url\":\"https:\/\/vieassociative.be\/actualites\/comment-puis-je-soutenir-mon-enfant-adulte-souffrant-dun-trouble-de-sante-mentale\/\",\"name\":\"Comment puis-je soutenir mon enfant adulte souffrant d\u2019un trouble de sant\u00e9 mentale\u00a0? | Vie Associative\",\"isPartOf\":{\"@id\":\"https:\/\/vieassociative.be\/actualites\/#website\"},\"primaryImageOfPage\":{\"@id\":\"https:\/\/vieassociative.be\/actualites\/comment-puis-je-soutenir-mon-enfant-adulte-souffrant-dun-trouble-de-sante-mentale\/#primaryimage\"},\"image\":{\"@id\":\"https:\/\/vieassociative.be\/actualites\/comment-puis-je-soutenir-mon-enfant-adulte-souffrant-dun-trouble-de-sante-mentale\/#primaryimage\"},\"thumbnailUrl\":\"https:\/\/vieassociative.be\/actualites\/wp-content\/uploads\/2025\/01\/1737285487_Comment-puis-je-soutenir-mon-enfant-adulte-souffrant-dun-trouble-de.jpg\",\"datePublished\":\"2025-01-19T11:18:06+00:00\",\"dateModified\":\"2025-01-19T11:18:06+00:00\",\"breadcrumb\":{\"@id\":\"https:\/\/vieassociative.be\/actualites\/comment-puis-je-soutenir-mon-enfant-adulte-souffrant-dun-trouble-de-sante-mentale\/#breadcrumb\"},\"inLanguage\":\"fr-BE\",\"potentialAction\":[{\"@type\":\"ReadAction\",\"target\":[\"https:\/\/vieassociative.be\/actualites\/comment-puis-je-soutenir-mon-enfant-adulte-souffrant-dun-trouble-de-sante-mentale\/\"]}]},{\"@type\":\"ImageObject\",\"inLanguage\":\"fr-BE\",\"@id\":\"https:\/\/vieassociative.be\/actualites\/comment-puis-je-soutenir-mon-enfant-adulte-souffrant-dun-trouble-de-sante-mentale\/#primaryimage\",\"url\":\"https:\/\/vieassociative.be\/actualites\/wp-content\/uploads\/2025\/01\/1737285487_Comment-puis-je-soutenir-mon-enfant-adulte-souffrant-dun-trouble-de.jpg\",\"contentUrl\":\"https:\/\/vieassociative.be\/actualites\/wp-content\/uploads\/2025\/01\/1737285487_Comment-puis-je-soutenir-mon-enfant-adulte-souffrant-dun-trouble-de.jpg\",\"width\":1200,\"height\":675,\"caption\":\"Comment puis-je soutenir mon enfant adulte souffrant d\u2019un trouble de sant\u00e9 mentale\u00a0?\"},{\"@type\":\"BreadcrumbList\",\"@id\":\"https:\/\/vieassociative.be\/actualites\/comment-puis-je-soutenir-mon-enfant-adulte-souffrant-dun-trouble-de-sante-mentale\/#breadcrumb\",\"itemListElement\":[{\"@type\":\"ListItem\",\"position\":1,\"name\":\"Accueil\",\"item\":\"https:\/\/vieassociative.be\/actualites\/\"},{\"@type\":\"ListItem\",\"position\":2,\"name\":\"Comment puis-je soutenir mon enfant adulte souffrant d\u2019un trouble de sant\u00e9 mentale\u00a0?\"}]},{\"@type\":\"WebSite\",\"@id\":\"https:\/\/vieassociative.be\/actualites\/#website\",\"url\":\"https:\/\/vieassociative.be\/actualites\/\",\"name\":\"Vie Associative\",\"description\":\"\",\"publisher\":{\"@id\":\"https:\/\/vieassociative.be\/actualites\/#organization\"},\"potentialAction\":[{\"@type\":\"SearchAction\",\"target\":{\"@type\":\"EntryPoint\",\"urlTemplate\":\"https:\/\/vieassociative.be\/actualites\/?s={search_term_string}\"},\"query-input\":{\"@type\":\"PropertyValueSpecification\",\"valueRequired\":true,\"valueName\":\"search_term_string\"}}],\"inLanguage\":\"fr-BE\"},{\"@type\":\"Organization\",\"@id\":\"https:\/\/vieassociative.be\/actualites\/#organization\",\"name\":\"Vie Associative\",\"url\":\"https:\/\/vieassociative.be\/actualites\/\",\"logo\":{\"@type\":\"ImageObject\",\"inLanguage\":\"fr-BE\",\"@id\":\"https:\/\/vieassociative.be\/actualites\/#\/schema\/logo\/image\/\",\"url\":\"https:\/\/vieassociative.be\/actualites\/wp-content\/uploads\/2024\/09\/cropped-vieassociative_favicon.ico.png\",\"contentUrl\":\"https:\/\/vieassociative.be\/actualites\/wp-content\/uploads\/2024\/09\/cropped-vieassociative_favicon.ico.png\",\"width\":512,\"height\":512,\"caption\":\"Vie Associative\"},\"image\":{\"@id\":\"https:\/\/vieassociative.be\/actualites\/#\/schema\/logo\/image\/\"}},{\"@type\":\"Person\",\"@id\":\"https:\/\/vieassociative.be\/actualites\/#\/schema\/person\/b87ac4f82f9d4e7b7cec7395b679edc4\",\"name\":\"Julien\",\"image\":{\"@type\":\"ImageObject\",\"inLanguage\":\"fr-BE\",\"@id\":\"https:\/\/vieassociative.be\/actualites\/#\/schema\/person\/image\/\",\"url\":\"https:\/\/vieassociative.be\/actualites\/wp-content\/uploads\/2024\/09\/vie-associative-1-150x150.jpg\",\"contentUrl\":\"https:\/\/vieassociative.be\/actualites\/wp-content\/uploads\/2024\/09\/vie-associative-1-150x150.jpg\",\"caption\":\"Julien\"},\"description\":\"Je suis Julien, r\u00e9dacteur pour Vie Associative. Passionn\u00e9 par le monde associatif depuis plus de 10 ans, j'ai \u00e0 c\u0153ur de partager des histoires inspirantes et de mettre en lumi\u00e8re les initiatives locales. Mon objectif est de sensibiliser et d'encourager l'engagement communautaire \u00e0 travers mes articles.\",\"sameAs\":[\"https:\/\/vieassociative.be\/\"]}]}<\/script>\n<!-- \/ Yoast SEO plugin. -->","yoast_head_json":{"title":"Comment puis-je soutenir mon enfant adulte souffrant d\u2019un trouble de sant\u00e9 mentale\u00a0? | Vie Associative","robots":{"index":"index","follow":"follow","max-snippet":"max-snippet:-1","max-image-preview":"max-image-preview:large","max-video-preview":"max-video-preview:-1"},"canonical":"https:\/\/vieassociative.be\/actualites\/comment-puis-je-soutenir-mon-enfant-adulte-souffrant-dun-trouble-de-sante-mentale\/","og_locale":"fr_FR","og_type":"article","og_title":"Comment puis-je soutenir mon enfant adulte souffrant d\u2019un trouble de sant\u00e9 mentale\u00a0? | Vie Associative","og_description":"Si votre enfant adulte souhaite votre aide pour naviguer dans le syst\u00e8me de sant\u00e9 mentale (ou est au moins ouvert \u00e0 votre aide), c&rsquo;est une","og_url":"https:\/\/vieassociative.be\/actualites\/comment-puis-je-soutenir-mon-enfant-adulte-souffrant-dun-trouble-de-sante-mentale\/","og_site_name":"Vie Associative","article_published_time":"2025-01-19T11:18:06+00:00","og_image":[{"url":"https:\/\/vieassociative.be\/actualites\/wp-content\/uploads\/2025\/01\/Comment-puis-je-soutenir-mon-enfant-adulte-souffrant-dun-trouble-de.jpg","type":"","width":"","height":""}],"author":"Julien","twitter_card":"summary_large_image","twitter_misc":{"\u00c9crit par":"Julien","Dur\u00e9e de lecture est.":"7 minutes"},"schema":{"@context":"https:\/\/schema.org","@graph":[{"@type":"Article","@id":"https:\/\/vieassociative.be\/actualites\/comment-puis-je-soutenir-mon-enfant-adulte-souffrant-dun-trouble-de-sante-mentale\/#article","isPartOf":{"@id":"https:\/\/vieassociative.be\/actualites\/comment-puis-je-soutenir-mon-enfant-adulte-souffrant-dun-trouble-de-sante-mentale\/"},"author":{"name":"Julien","@id":"https:\/\/vieassociative.be\/actualites\/#\/schema\/person\/b87ac4f82f9d4e7b7cec7395b679edc4"},"headline":"Comment puis-je soutenir mon enfant adulte souffrant d\u2019un trouble de sant\u00e9 mentale\u00a0?","datePublished":"2025-01-19T11:18:06+00:00","dateModified":"2025-01-19T11:18:06+00:00","mainEntityOfPage":{"@id":"https:\/\/vieassociative.be\/actualites\/comment-puis-je-soutenir-mon-enfant-adulte-souffrant-dun-trouble-de-sante-mentale\/"},"wordCount":1427,"publisher":{"@id":"https:\/\/vieassociative.be\/actualites\/#organization"},"image":{"@id":"https:\/\/vieassociative.be\/actualites\/comment-puis-je-soutenir-mon-enfant-adulte-souffrant-dun-trouble-de-sante-mentale\/#primaryimage"},"thumbnailUrl":"https:\/\/vieassociative.be\/actualites\/wp-content\/uploads\/2025\/01\/1737285487_Comment-puis-je-soutenir-mon-enfant-adulte-souffrant-dun-trouble-de.jpg","keywords":["adulte","Comment","dun","enfant","mentale","Mon","puisje","sant\u00e9","souffrant","soutenir","trouble"],"articleSection":["Famille"],"inLanguage":"fr-BE"},{"@type":"WebPage","@id":"https:\/\/vieassociative.be\/actualites\/comment-puis-je-soutenir-mon-enfant-adulte-souffrant-dun-trouble-de-sante-mentale\/","url":"https:\/\/vieassociative.be\/actualites\/comment-puis-je-soutenir-mon-enfant-adulte-souffrant-dun-trouble-de-sante-mentale\/","name":"Comment puis-je soutenir mon enfant adulte souffrant d\u2019un trouble de sant\u00e9 mentale\u00a0? | Vie Associative","isPartOf":{"@id":"https:\/\/vieassociative.be\/actualites\/#website"},"primaryImageOfPage":{"@id":"https:\/\/vieassociative.be\/actualites\/comment-puis-je-soutenir-mon-enfant-adulte-souffrant-dun-trouble-de-sante-mentale\/#primaryimage"},"image":{"@id":"https:\/\/vieassociative.be\/actualites\/comment-puis-je-soutenir-mon-enfant-adulte-souffrant-dun-trouble-de-sante-mentale\/#primaryimage"},"thumbnailUrl":"https:\/\/vieassociative.be\/actualites\/wp-content\/uploads\/2025\/01\/1737285487_Comment-puis-je-soutenir-mon-enfant-adulte-souffrant-dun-trouble-de.jpg","datePublished":"2025-01-19T11:18:06+00:00","dateModified":"2025-01-19T11:18:06+00:00","breadcrumb":{"@id":"https:\/\/vieassociative.be\/actualites\/comment-puis-je-soutenir-mon-enfant-adulte-souffrant-dun-trouble-de-sante-mentale\/#breadcrumb"},"inLanguage":"fr-BE","potentialAction":[{"@type":"ReadAction","target":["https:\/\/vieassociative.be\/actualites\/comment-puis-je-soutenir-mon-enfant-adulte-souffrant-dun-trouble-de-sante-mentale\/"]}]},{"@type":"ImageObject","inLanguage":"fr-BE","@id":"https:\/\/vieassociative.be\/actualites\/comment-puis-je-soutenir-mon-enfant-adulte-souffrant-dun-trouble-de-sante-mentale\/#primaryimage","url":"https:\/\/vieassociative.be\/actualites\/wp-content\/uploads\/2025\/01\/1737285487_Comment-puis-je-soutenir-mon-enfant-adulte-souffrant-dun-trouble-de.jpg","contentUrl":"https:\/\/vieassociative.be\/actualites\/wp-content\/uploads\/2025\/01\/1737285487_Comment-puis-je-soutenir-mon-enfant-adulte-souffrant-dun-trouble-de.jpg","width":1200,"height":675,"caption":"Comment puis-je soutenir mon enfant adulte souffrant d\u2019un trouble de sant\u00e9 mentale\u00a0?"},{"@type":"BreadcrumbList","@id":"https:\/\/vieassociative.be\/actualites\/comment-puis-je-soutenir-mon-enfant-adulte-souffrant-dun-trouble-de-sante-mentale\/#breadcrumb","itemListElement":[{"@type":"ListItem","position":1,"name":"Accueil","item":"https:\/\/vieassociative.be\/actualites\/"},{"@type":"ListItem","position":2,"name":"Comment puis-je soutenir mon enfant adulte souffrant d\u2019un trouble de sant\u00e9 mentale\u00a0?"}]},{"@type":"WebSite","@id":"https:\/\/vieassociative.be\/actualites\/#website","url":"https:\/\/vieassociative.be\/actualites\/","name":"Vie Associative","description":"","publisher":{"@id":"https:\/\/vieassociative.be\/actualites\/#organization"},"potentialAction":[{"@type":"SearchAction","target":{"@type":"EntryPoint","urlTemplate":"https:\/\/vieassociative.be\/actualites\/?s={search_term_string}"},"query-input":{"@type":"PropertyValueSpecification","valueRequired":true,"valueName":"search_term_string"}}],"inLanguage":"fr-BE"},{"@type":"Organization","@id":"https:\/\/vieassociative.be\/actualites\/#organization","name":"Vie Associative","url":"https:\/\/vieassociative.be\/actualites\/","logo":{"@type":"ImageObject","inLanguage":"fr-BE","@id":"https:\/\/vieassociative.be\/actualites\/#\/schema\/logo\/image\/","url":"https:\/\/vieassociative.be\/actualites\/wp-content\/uploads\/2024\/09\/cropped-vieassociative_favicon.ico.png","contentUrl":"https:\/\/vieassociative.be\/actualites\/wp-content\/uploads\/2024\/09\/cropped-vieassociative_favicon.ico.png","width":512,"height":512,"caption":"Vie Associative"},"image":{"@id":"https:\/\/vieassociative.be\/actualites\/#\/schema\/logo\/image\/"}},{"@type":"Person","@id":"https:\/\/vieassociative.be\/actualites\/#\/schema\/person\/b87ac4f82f9d4e7b7cec7395b679edc4","name":"Julien","image":{"@type":"ImageObject","inLanguage":"fr-BE","@id":"https:\/\/vieassociative.be\/actualites\/#\/schema\/person\/image\/","url":"https:\/\/vieassociative.be\/actualites\/wp-content\/uploads\/2024\/09\/vie-associative-1-150x150.jpg","contentUrl":"https:\/\/vieassociative.be\/actualites\/wp-content\/uploads\/2024\/09\/vie-associative-1-150x150.jpg","caption":"Julien"},"description":"Je suis Julien, r\u00e9dacteur pour Vie Associative. Passionn\u00e9 par le monde associatif depuis plus de 10 ans, j'ai \u00e0 c\u0153ur de partager des histoires inspirantes et de mettre en lumi\u00e8re les initiatives locales. Mon objectif est de sensibiliser et d'encourager l'engagement communautaire \u00e0 travers mes articles.","sameAs":["https:\/\/vieassociative.be\/"]}]}},"_links":{"self":[{"href":"https:\/\/vieassociative.be\/actualites\/wp-json\/wp\/v2\/posts\/4438"}],"collection":[{"href":"https:\/\/vieassociative.be\/actualites\/wp-json\/wp\/v2\/posts"}],"about":[{"href":"https:\/\/vieassociative.be\/actualites\/wp-json\/wp\/v2\/types\/post"}],"author":[{"embeddable":true,"href":"https:\/\/vieassociative.be\/actualites\/wp-json\/wp\/v2\/users\/1"}],"replies":[{"embeddable":true,"href":"https:\/\/vieassociative.be\/actualites\/wp-json\/wp\/v2\/comments?post=4438"}],"version-history":[{"count":0,"href":"https:\/\/vieassociative.be\/actualites\/wp-json\/wp\/v2\/posts\/4438\/revisions"}],"wp:featuredmedia":[{"embeddable":true,"href":"https:\/\/vieassociative.be\/actualites\/wp-json\/wp\/v2\/media\/4439"}],"wp:attachment":[{"href":"https:\/\/vieassociative.be\/actualites\/wp-json\/wp\/v2\/media?parent=4438"}],"wp:term":[{"taxonomy":"category","embeddable":true,"href":"https:\/\/vieassociative.be\/actualites\/wp-json\/wp\/v2\/categories?post=4438"},{"taxonomy":"post_tag","embeddable":true,"href":"https:\/\/vieassociative.be\/actualites\/wp-json\/wp\/v2\/tags?post=4438"}],"curies":[{"name":"wp","href":"https:\/\/api.w.org\/{rel}","templated":true}]}}