{"id":4432,"date":"2025-01-19T02:18:53","date_gmt":"2025-01-19T01:18:53","guid":{"rendered":"https:\/\/vieassociative.be\/actualites\/quelle-est-la-prochaine-etape-maintenant-que-la-cour-supreme-a-confirme-linterdiction-de-tiktok\/"},"modified":"2025-01-19T02:18:53","modified_gmt":"2025-01-19T01:18:53","slug":"quelle-est-la-prochaine-etape-maintenant-que-la-cour-supreme-a-confirme-linterdiction-de-tiktok","status":"publish","type":"post","link":"https:\/\/vieassociative.be\/actualites\/quelle-est-la-prochaine-etape-maintenant-que-la-cour-supreme-a-confirme-linterdiction-de-tiktok\/","title":{"rendered":"Quelle est la prochaine \u00e9tape maintenant que la Cour supr\u00eame a confirm\u00e9 l&rsquo;interdiction de TikTok"},"content":{"rendered":"<div class=\"mt-4 leading-6 md:mb-8\">Alors que la Cour supr\u00eame a confirm\u00e9 l&rsquo;interdiction de TikTok par le Congr\u00e8s, voici ce qui pourrait \u00eatre la prochaine \u00e9tape pour l&rsquo;application tr\u00e8s contest\u00e9e.<\/div>\n<p><\/p>\n<p>Si vous avez \u00e9t\u00e9 sur TikTok ces derniers jours, vous avez sans doute vu vos cr\u00e9ateurs pr\u00e9f\u00e9r\u00e9s faire leurs adieux et vous dire o\u00f9 vous pourrez les retrouver ensuite. Avec l&rsquo;interdiction imminente du Congr\u00e8s sur l&rsquo;application de m\u00e9dias sociaux qui devrait entrer en vigueur dimanche aux \u00c9tats-Unis, il semble que les utilisateurs de la plateforme ne puissent pas faire grand-chose. Vendredi, la Cour supr\u00eame a statu\u00e9 qu&rsquo;elle maintenait l&rsquo;interdiction, citant les inqui\u00e9tudes du Congr\u00e8s concernant l&rsquo;acc\u00e8s des Chinois aux donn\u00e9es des utilisateurs am\u00e9ricains \u2013 mais cela pourrait ne pas \u00eatre la fin de l&rsquo;histoire.<\/p>\n<h2 id=\"the-supreme-court-upheld-the-tiktok-ban\">La Cour supr\u00eame a confirm\u00e9 l&rsquo;interdiction de TikTok<\/h2>\n<p>Dans un avis personnel publi\u00e9 vendredi matin, la Cour supr\u00eame a d\u00e9cid\u00e9 de maintenir l&rsquo;interdiction de TikTok qui devrait supprimer la plateforme des magasins d&rsquo;applications \u00e0 partir du dimanche 19 janvier. Cette d\u00e9cision marque le coup le plus dur jamais port\u00e9 \u00e0 l&rsquo;espoir que l&rsquo;application puisse continuer \u00e0 fonctionner. comme d&rsquo;habitude, mais bien qu&rsquo;elle ait reconnu que \u00ab TikTok offre un moyen d&rsquo;expression distinctif et \u00e9tendu \u00bb \u00e0 \u00ab plus de 170 millions d&rsquo;Am\u00e9ricains \u00bb, la Cour a finalement d\u00e9cid\u00e9 de s&rsquo;en tenir aux \u00ab pr\u00e9occupations de s\u00e9curit\u00e9 nationale bien soutenues \u00bb du Congr\u00e8s.<\/p>\n<p>Cependant, l\u2019avis offre un c\u00f4t\u00e9 positif aux utilisateurs qui fuient vers d\u2019autres applications. Tout en reconnaissant que TikTok repr\u00e9sente \u00ab de nouvelles technologies dot\u00e9es de capacit\u00e9s de transformation \u00bb, le tribunal a averti que sa d\u00e9cision devrait \u00eatre \u00ab comprise comme \u00e9tant \u00e9troitement cibl\u00e9e \u00bb, plut\u00f4t que de servir de pr\u00e9c\u00e9dent pour de futures affaires. Les juges ont \u00e9galement fait valoir que leur raisonnement est \u00ab\u00a0neutre sur le contenu\u00a0\u00bb, tentant d&rsquo;apaiser les craintes selon lesquelles la v\u00e9ritable raison derri\u00e8re l&rsquo;interdiction de TikTok pourrait \u00eatre ce que les utilisateurs voient plut\u00f4t que la mani\u00e8re dont leurs donn\u00e9es sont trait\u00e9es.<\/p>\n<h2 id=\"will-tiktok-shut-down\">TikTok va-t-il s&rsquo;arr\u00eater ?<\/h2>\n<p>Techniquement, les termes de l&rsquo;interdiction de TikTok n&rsquo;exigent pas que le site cesse ses activit\u00e9s aux \u00c9tats-Unis, mais emp\u00eachent plut\u00f4t son application d&rsquo;\u00eatre distribu\u00e9e par les magasins d&rsquo;applications. Dans cet \u00e9tat, les nouveaux utilisateurs ne pouvaient pas t\u00e9l\u00e9charger l\u2019application, alors qu\u2019elle deviendrait progressivement inutilisable pour tout le monde. Globalement, la perte de la plateforme serait donc une transition plus progressive. Cependant, des rapports indiquent que TikTok est pr\u00eat \u00e0 aller plus loin, mena\u00e7ant de fermer compl\u00e8tement ses portes comme une sorte d&rsquo;option nucl\u00e9aire pour protester contre l&rsquo;interdiction maintenant qu&rsquo;elle a \u00e9t\u00e9 confirm\u00e9e. (Il a \u00e9galement d\u00e9velopp\u00e9 son application vid\u00e9o alternative Lemon8, bien que l&rsquo;interdiction de TikTok affecterait probablement \u00e9galement cette plate-forme.)<\/p>\n<p>L\u2019id\u00e9e, semble-t-il, est de jouer au poulet avec le gouvernement. Les utilisateurs am\u00e9ricains ont d\u00e9j\u00e0 montr\u00e9 leur volont\u00e9 d&rsquo;utiliser l&rsquo;application chinoise similaire Xiaohongshu (ou RedNote) en remplacement de l&rsquo;acte de protestation TikTok, et les utilisateurs de TikTok en particulier ont rapidement supprim\u00e9 la possibilit\u00e9 de passer \u00e0 Instagram. bobines ou autres alternatives am\u00e9ricaines. En retirant compl\u00e8tement l&rsquo;application \u00e0 ces utilisateurs, TikTok pourrait \u00eatre en mesure de les inciter \u00e0 l&rsquo;action politique (ne soyez pas surpris si l&rsquo;ouverture de l&rsquo;application TikTok dimanche vous invite \u00e0 appeler vos repr\u00e9sentants).<\/p>\n<p>Essentiellement, la soci\u00e9t\u00e9 m\u00e8re de TikTok, Bytedance, ne semble apparemment pas dispos\u00e9e \u00e0 vendre \u00e0 une soci\u00e9t\u00e9 am\u00e9ricaine, ce qui est la seule mani\u00e8re dont l&rsquo;interdiction actuelle permettrait \u00e0 TikTok de continuer \u00e0 fonctionner. Vaincre la Cour supr\u00eame est une t\u00e2che difficile, mais en faisant pencher l\u2019opinion publique de son c\u00f4t\u00e9, l\u2019entreprise semble chercher \u00e0 y parvenir.<\/p>\n<p>En fait, ce projet a d\u00e9j\u00e0 connu un certain succ\u00e8s, puisque des responsables gouvernementaux cl\u00e9s des deux c\u00f4t\u00e9s ont d\u00e9j\u00e0 exprim\u00e9 leur d\u00e9sir de faire marche arri\u00e8re sur la l\u00e9gislation du Congr\u00e8s.<\/p>\n<h2 id=\"biden-leaving-enforcing-the-ban-up-to-a-tiktok-friendly-trump\">Biden laisse appliquer l&rsquo;interdiction \u00e0 un Trump favorable \u00e0 TikTok <\/h2>\n<p>Avant la d\u00e9cision de la Cour supr\u00eame, les rapports \u00e9taient partag\u00e9s quant \u00e0 savoir si Biden prendrait des mesures pour contourner l&rsquo;interdiction. Aujourd\u2019hui, la Maison Blanche a publi\u00e9 une d\u00e9claration officielle selon laquelle elle laisse la responsabilit\u00e9 de l\u2019application de l\u2019interdiction au nouveau pr\u00e9sident Donald Trump.<\/p>\n<p>\u00ab\u00a0Compte tenu du simple fait de timing\u00a0\u00bb, indique le communiqu\u00e9, reconnaissant la position inhabituelle que la mise en \u0153uvre de l&rsquo;interdiction place dans la Maison Blanche de Biden un jour avant qu&rsquo;il ne quitte ses fonctions, \u00ab\u00a0cette administration reconna\u00eet que les mesures visant \u00e0 mettre en \u0153uvre la loi doivent simplement incomber \u00e0 la prochaine administration. \u00ab\u00a0<\/p>\n<p>La d\u00e9claration a \u00e9galement r\u00e9it\u00e9r\u00e9 l&rsquo;opinion de Biden selon laquelle TikTok devrait rester disponible mais sous propri\u00e9t\u00e9 am\u00e9ricaine. Cependant, en laissant la responsabilit\u00e9 de l&rsquo;application de l&rsquo;interdiction au pr\u00e9sident Trump, cela semble donner \u00e0 la nouvelle administration toute latitude pour d\u00e9cider de la mani\u00e8re dont la loi sera r\u00e9ellement appliqu\u00e9e \u2013 il est possible (bien que peu probable) que TikTok puisse m\u00eame continuer \u00e0 \u00eatre distribu\u00e9 dimanche sans ch\u00e2timent.<\/p>\n<p>C\u2019est donc peut-\u00eatre une bonne nouvelle pour les utilisateurs de TikTok que le pr\u00e9sident Trump ait d\u00e9j\u00e0 exprim\u00e9 vocalement son opposition \u00e0 l\u2019interdiction, et les rapports indiquent qu\u2019il est pr\u00eat \u00e0 agir pour y mettre fin. Le Washington Post affirme que Trump envisage de r\u00e9diger un d\u00e9cret qui retarderait l&rsquo;application de l&rsquo;interdiction de 60 \u00e0 90 jours. M\u00eame avec la b\u00e9n\u00e9diction de Biden pour d\u00e9cider quoi faire ensuite, une mesure aussi extr\u00eame serait peut-\u00eatre le seul jeu de Trump ici, car l&rsquo;interdiction est toujours l\u00e9galement pr\u00e9vue pour entrer en vigueur un jour avant son entr\u00e9e en fonction. La position de Trump marque un changement d&rsquo;attitude similaire \u00e0 celle du pr\u00e9sident Biden : au cours de son premier mandat, Trump a sign\u00e9 un d\u00e9cret qui tentait de forcer TikTok \u00e0 arr\u00eater ses op\u00e9rations aux \u00c9tats-Unis, ce que l&rsquo;entreprise a \u00e9vit\u00e9 en s&rsquo;associant \u00e0 la soci\u00e9t\u00e9 am\u00e9ricaine Oracle pour prot\u00e9ger le r\u00e9seau. donn\u00e9es des utilisateurs am\u00e9ricains.<\/p>\n<h2 id=\"a-last-ditch-bill-to-save-tiktok-for-now\">Une facture de dernier recours pour sauver TikTok (pour l\u2019instant)<\/h2>\n<p>En r\u00e9alit\u00e9, le moyen le plus stable d\u2019obtenir l\u2019annulation de l\u2019interdiction serait que les membres du Congr\u00e8s qui ont vot\u00e9 en faveur changent d\u2019avis. Le plus grand retour en arri\u00e8re gouvernemental que nous ayons vu jusqu\u2019\u00e0 pr\u00e9sent concernant l\u2019interdiction de TikTok \u2013 ou du moins le plus important qui ne s\u2019appuie pas sur des ou\u00ef-dire et des sources anonymes \u2013 serait un nouveau projet de loi du s\u00e9nateur d\u00e9mocrate Ed Markey. Pr\u00e9sent\u00e9 cette semaine, le projet de loi de Markey aurait prolong\u00e9 le d\u00e9lai d&rsquo;interdiction de 270 jours, donnant \u00e0 TikTok plus de temps pour trouver un acheteur ou donnant aux l\u00e9gislateurs l&rsquo;occasion de r\u00e9\u00e9valuer la situation. Malheureusement, cette proposition a \u00e9t\u00e9 rapidement rejet\u00e9e par les l\u00e9gislateurs r\u00e9publicains, mais le raisonnement qui la sous-tend montre qu\u2019au moins certaines parties du Congr\u00e8s commencent \u00e0 h\u00e9siter.<\/p>\n<p>\u00ab\u00a0Dans quatre jours, TikTok deviendra sombre\u00a0\u00bb, a d\u00e9clar\u00e9 Markey lors de la pr\u00e9sentation du projet de loi. \u00ab\u00a0Mon projet de loi dit simplement que nous avons besoin de plus de temps.\u00a0\u00bb<\/p>\n<p>Dans le cadre de sa justification du projet de loi, Markey a fait valoir que TikTok \u00e9tait \u00ab au c\u0153ur de notre \u00e9conomie et de la mani\u00e8re dont nous communiquons \u00bb, arguant que les communaut\u00e9s que ses cr\u00e9ateurs et petites entreprises y ont \u00e9tablies \u00ab ne peuvent pas \u00eatre reproduites sur une autre application \u00bb.<\/p>\n<p>\u00ab\u00a0Nous avons besoin de temps pour avoir une conversation plus approfondie sur la mani\u00e8re de r\u00e9pondre aux risques pour la s\u00e9curit\u00e9 nationale caus\u00e9s par la propri\u00e9t\u00e9 de TikTok par Bytedance.\u00a0\u00bb Markey a continu\u00e9. \u00ab Il nous faut du temps pour comprendre les implications de l&rsquo;interdiction sur les cr\u00e9ateurs et les utilisateurs de TikTok. Nous avons besoin de temps pour r\u00e9fl\u00e9chir \u00e0 des id\u00e9es alternatives.<\/p>\n<p>Ce projet de loi marque \u00e9galement un changement d\u2019attitude de la part de Markey, qui s\u2019\u00e9tait initialement prononc\u00e9 contre l\u2019interdiction de la plateforme mais avait n\u00e9anmoins vot\u00e9 pour l\u2019interdiction actuelle \u2013 m\u00eame s\u2019il convient de noter que l\u2019interdiction \u00e9tait incluse dans un projet de loi pr\u00e9voyant \u00e9galement une aide \u00e0 l\u2019Ukraine et \u00e0 Isra\u00ebl. <\/p>\n<p>De son c\u00f4t\u00e9, dans un post sur X, le chef de la minorit\u00e9 s\u00e9natoriale Chuck Schumer s&rsquo;est engag\u00e9 \u00e0 continuer de \u00ab travailler pour maintenir TikTok en vie \u00bb, m\u00eame face \u00e0 l&rsquo;opposition r\u00e9publicaine.<\/p>\n<h2 id=\"support-for-the-ban-remains\">Le soutien \u00e0 l\u2019interdiction demeure<\/h2>\n<p>Alors que les politiciens des deux partis et des deux branches du gouvernement ont maintenant parl\u00e9 d&rsquo;annuler ou de retarder l&rsquo;interdiction, certains membres du gouvernement s&rsquo;en tiennent \u00e0 leur d\u00e9cision initiale.<\/p>\n<p>\u00ab\u00a0Ils avaient tout le temps du monde\u00a0\u00bb, a d\u00e9clar\u00e9 le s\u00e9nateur r\u00e9publicain Rick Scott. \u00ab\u00a0Ils ont eu l&rsquo;opportunit\u00e9 de le vendre pour s&rsquo;assurer que le gouvernement chinois ne le contr\u00f4le pas et ils ont d\u00e9cid\u00e9 de ne pas le faire.\u00a0\u00bb<\/p>\n<p>Le s\u00e9nateur r\u00e9publicain Tom Cotton, qui a men\u00e9 la bataille pour bloquer le projet de loi de Markey, a d\u00e9clar\u00e9 : \u00ab Nous n&rsquo;avons pas coup\u00e9 l&rsquo;herbe sous le pied de TikTok, et nous ne l&rsquo;avons pas interdit. Au lieu de cela, le Congr\u00e8s a simplement exig\u00e9 que l&rsquo;application ne puisse plus appartenir \u00e0 TikTok. et contr\u00f4l\u00e9 par le pire ennemi de notre nation, la Chine communiste. \u00bb<\/p>\n<p>Pour l\u2019instant, tous les regards sont tourn\u00e9s vers Trump, qui prend ses fonctions lundi. Parmi les t\u00e9l\u00e9spectateurs pleins d&rsquo;espoir, citons m\u00eame le PDG de TikTok, Shou Zi Chew, qui sera pr\u00e9sent \u00e0 l&rsquo;investiture de Trump et a d\u00e9j\u00e0 publi\u00e9 une vid\u00e9o remerciant Trump de mani\u00e8re pr\u00e9ventive \u00ab\u00a0pour son engagement \u00e0 travailler avec nous pour trouver une solution permettant de maintenir TikTok disponible aux \u00c9tats-Unis\u00a0\u00bb. Ce type de signal pourrait n\u2019\u00eatre qu\u2019un v\u0153u pieux, ou pourrait indiquer que m\u00eame si Trump ne peut pas faire grand-chose pour emp\u00eacher l\u2019interdiction d\u2019entrer en vigueur dimanche, nous pourrions voir une action rapide juste un jour plus tard. Comme Trump l&rsquo;a d\u00e9clar\u00e9 \u00e0 CNN peu de temps apr\u00e8s que la d\u00e9cision de la Cour supr\u00eame ait \u00e9t\u00e9 rendue : \u00ab\u00a0Cela d\u00e9pend en fin de compte de moi, donc vous allez voir ce que je vais faire.\u00a0\u00bb<\/p>\n<p>Mais m\u00eame si la pression juridique de la plus haute fonction du pays ne parvient pas \u00e0 faire revenir vos influenceurs pr\u00e9f\u00e9r\u00e9s, se pose aussi la question de l&rsquo;opinion publique. Selon la mani\u00e8re dont TikTok r\u00e9pond \u00e0 la d\u00e9cision de la Cour supr\u00eame, les Am\u00e9ricains pourraient avoir une r\u00e9ponse tr\u00e8s diff\u00e9rente \u00e0 l&rsquo;interdiction. Avec suffisamment de ferveur du public, il est possible que nous assistions \u00e0 davantage de tentatives de la part du Congr\u00e8s ou de la pr\u00e9sidence pour emp\u00eacher que cette saga ne soit encore termin\u00e9e. <\/p>\n<p><em>Mise \u00e0 jour \u00e0 16 h 30 HE\u00a0: mise \u00e0 jour de cet article avec une vid\u00e9o du PDG de TikTok, Shou Zi Chew.<\/em><\/p>\n<p><script async src=\"\/\/www.tiktok.com\/embed.js\"><\/script><\/p>\n","protected":false},"excerpt":{"rendered":"<p>Alors que la Cour supr\u00eame a confirm\u00e9 l&rsquo;interdiction de TikTok par le Congr\u00e8s, voici ce qui pourrait \u00eatre la prochaine \u00e9tape pour l&rsquo;application tr\u00e8s contest\u00e9e.<\/p>\n","protected":false},"author":1,"featured_media":4433,"comment_status":"","ping_status":"","sticky":false,"template":"","format":"standard","meta":{"footnotes":""},"categories":[13],"tags":[4829,2644,76,3763,4830,233,773,1411,3825,75],"class_list":["post-4432","post","type-post","status-publish","format-standard","has-post-thumbnail","hentry","category-technologie","tag-confirme","tag-cour","tag-est","tag-etape","tag-linterdiction","tag-maintenant","tag-prochaine","tag-quelle","tag-supreme","tag-tiktok","generate-columns","tablet-grid-50","mobile-grid-100","grid-parent","grid-33"],"yoast_head":"<!-- This site is optimized with the Yoast SEO plugin v24.0 - https:\/\/yoast.com\/wordpress\/plugins\/seo\/ -->\n<title>Quelle est la prochaine \u00e9tape maintenant que la Cour supr\u00eame a confirm\u00e9 l&#039;interdiction de TikTok | Vie Associative<\/title>\n<meta name=\"robots\" content=\"index, follow, max-snippet:-1, max-image-preview:large, max-video-preview:-1\" \/>\n<link rel=\"canonical\" href=\"https:\/\/vieassociative.be\/actualites\/quelle-est-la-prochaine-etape-maintenant-que-la-cour-supreme-a-confirme-linterdiction-de-tiktok\/\" \/>\n<meta property=\"og:locale\" content=\"fr_FR\" \/>\n<meta property=\"og:type\" content=\"article\" \/>\n<meta property=\"og:title\" content=\"Quelle est la prochaine \u00e9tape maintenant que la Cour supr\u00eame a confirm\u00e9 l&#039;interdiction de TikTok | Vie Associative\" \/>\n<meta property=\"og:description\" content=\"Alors que la Cour supr\u00eame a confirm\u00e9 l&rsquo;interdiction de TikTok par le Congr\u00e8s, voici ce qui pourrait \u00eatre la prochaine \u00e9tape pour l&rsquo;application tr\u00e8s contest\u00e9e.\" \/>\n<meta property=\"og:url\" content=\"https:\/\/vieassociative.be\/actualites\/quelle-est-la-prochaine-etape-maintenant-que-la-cour-supreme-a-confirme-linterdiction-de-tiktok\/\" \/>\n<meta property=\"og:site_name\" content=\"Vie Associative\" \/>\n<meta property=\"article:published_time\" content=\"2025-01-19T01:18:53+00:00\" \/>\n<meta property=\"og:image\" content=\"https:\/\/vieassociative.be\/actualites\/wp-content\/uploads\/2024\/09\/header_backgroundk-01-e1726694325946.png\" \/>\n\t<meta property=\"og:image:width\" content=\"279\" \/>\n\t<meta property=\"og:image:height\" content=\"92\" \/>\n\t<meta property=\"og:image:type\" content=\"image\/png\" \/>\n<meta name=\"author\" content=\"Julien\" \/>\n<meta name=\"twitter:card\" content=\"summary_large_image\" \/>\n<meta name=\"twitter:label1\" content=\"\u00c9crit par\" \/>\n\t<meta name=\"twitter:data1\" content=\"Julien\" \/>\n\t<meta name=\"twitter:label2\" content=\"Dur\u00e9e de lecture est.\" \/>\n\t<meta name=\"twitter:data2\" content=\"9 minutes\" \/>\n<script type=\"application\/ld+json\" class=\"yoast-schema-graph\">{\"@context\":\"https:\/\/schema.org\",\"@graph\":[{\"@type\":\"Article\",\"@id\":\"https:\/\/vieassociative.be\/actualites\/quelle-est-la-prochaine-etape-maintenant-que-la-cour-supreme-a-confirme-linterdiction-de-tiktok\/#article\",\"isPartOf\":{\"@id\":\"https:\/\/vieassociative.be\/actualites\/quelle-est-la-prochaine-etape-maintenant-que-la-cour-supreme-a-confirme-linterdiction-de-tiktok\/\"},\"author\":{\"name\":\"Julien\",\"@id\":\"https:\/\/vieassociative.be\/actualites\/#\/schema\/person\/b87ac4f82f9d4e7b7cec7395b679edc4\"},\"headline\":\"Quelle est la prochaine \u00e9tape maintenant que la Cour supr\u00eame a confirm\u00e9 l&rsquo;interdiction de TikTok\",\"datePublished\":\"2025-01-19T01:18:53+00:00\",\"dateModified\":\"2025-01-19T01:18:53+00:00\",\"mainEntityOfPage\":{\"@id\":\"https:\/\/vieassociative.be\/actualites\/quelle-est-la-prochaine-etape-maintenant-que-la-cour-supreme-a-confirme-linterdiction-de-tiktok\/\"},\"wordCount\":1967,\"publisher\":{\"@id\":\"https:\/\/vieassociative.be\/actualites\/#organization\"},\"image\":{\"@id\":\"https:\/\/vieassociative.be\/actualites\/quelle-est-la-prochaine-etape-maintenant-que-la-cour-supreme-a-confirme-linterdiction-de-tiktok\/#primaryimage\"},\"thumbnailUrl\":\"https:\/\/vieassociative.be\/actualites\/wp-content\/uploads\/2025\/01\/Quelle-est-la-prochaine-etape-maintenant-que-la-Cour-supreme.png\",\"keywords\":[\"confirm\u00e9\",\"cour\",\"est\",\"\u00e9tape\",\"linterdiction\",\"maintenant\",\"prochaine\",\"quelle\",\"supr\u00eame\",\"TikTok\"],\"articleSection\":[\"Technologie\"],\"inLanguage\":\"fr-BE\"},{\"@type\":\"WebPage\",\"@id\":\"https:\/\/vieassociative.be\/actualites\/quelle-est-la-prochaine-etape-maintenant-que-la-cour-supreme-a-confirme-linterdiction-de-tiktok\/\",\"url\":\"https:\/\/vieassociative.be\/actualites\/quelle-est-la-prochaine-etape-maintenant-que-la-cour-supreme-a-confirme-linterdiction-de-tiktok\/\",\"name\":\"Quelle est la prochaine \u00e9tape maintenant que la Cour supr\u00eame a confirm\u00e9 l'interdiction de TikTok | Vie Associative\",\"isPartOf\":{\"@id\":\"https:\/\/vieassociative.be\/actualites\/#website\"},\"primaryImageOfPage\":{\"@id\":\"https:\/\/vieassociative.be\/actualites\/quelle-est-la-prochaine-etape-maintenant-que-la-cour-supreme-a-confirme-linterdiction-de-tiktok\/#primaryimage\"},\"image\":{\"@id\":\"https:\/\/vieassociative.be\/actualites\/quelle-est-la-prochaine-etape-maintenant-que-la-cour-supreme-a-confirme-linterdiction-de-tiktok\/#primaryimage\"},\"thumbnailUrl\":\"https:\/\/vieassociative.be\/actualites\/wp-content\/uploads\/2025\/01\/Quelle-est-la-prochaine-etape-maintenant-que-la-Cour-supreme.png\",\"datePublished\":\"2025-01-19T01:18:53+00:00\",\"dateModified\":\"2025-01-19T01:18:53+00:00\",\"breadcrumb\":{\"@id\":\"https:\/\/vieassociative.be\/actualites\/quelle-est-la-prochaine-etape-maintenant-que-la-cour-supreme-a-confirme-linterdiction-de-tiktok\/#breadcrumb\"},\"inLanguage\":\"fr-BE\",\"potentialAction\":[{\"@type\":\"ReadAction\",\"target\":[\"https:\/\/vieassociative.be\/actualites\/quelle-est-la-prochaine-etape-maintenant-que-la-cour-supreme-a-confirme-linterdiction-de-tiktok\/\"]}]},{\"@type\":\"ImageObject\",\"inLanguage\":\"fr-BE\",\"@id\":\"https:\/\/vieassociative.be\/actualites\/quelle-est-la-prochaine-etape-maintenant-que-la-cour-supreme-a-confirme-linterdiction-de-tiktok\/#primaryimage\",\"url\":\"https:\/\/vieassociative.be\/actualites\/wp-content\/uploads\/2025\/01\/Quelle-est-la-prochaine-etape-maintenant-que-la-Cour-supreme.png\",\"contentUrl\":\"https:\/\/vieassociative.be\/actualites\/wp-content\/uploads\/2025\/01\/Quelle-est-la-prochaine-etape-maintenant-que-la-Cour-supreme.png\",\"width\":1200,\"height\":675,\"caption\":\"Quelle est la prochaine \u00e9tape maintenant que la Cour supr\u00eame a confirm\u00e9 l'interdiction de TikTok\"},{\"@type\":\"BreadcrumbList\",\"@id\":\"https:\/\/vieassociative.be\/actualites\/quelle-est-la-prochaine-etape-maintenant-que-la-cour-supreme-a-confirme-linterdiction-de-tiktok\/#breadcrumb\",\"itemListElement\":[{\"@type\":\"ListItem\",\"position\":1,\"name\":\"Accueil\",\"item\":\"https:\/\/vieassociative.be\/actualites\/\"},{\"@type\":\"ListItem\",\"position\":2,\"name\":\"Quelle est la prochaine \u00e9tape maintenant que la Cour supr\u00eame a confirm\u00e9 l&rsquo;interdiction de TikTok\"}]},{\"@type\":\"WebSite\",\"@id\":\"https:\/\/vieassociative.be\/actualites\/#website\",\"url\":\"https:\/\/vieassociative.be\/actualites\/\",\"name\":\"Vie Associative\",\"description\":\"\",\"publisher\":{\"@id\":\"https:\/\/vieassociative.be\/actualites\/#organization\"},\"potentialAction\":[{\"@type\":\"SearchAction\",\"target\":{\"@type\":\"EntryPoint\",\"urlTemplate\":\"https:\/\/vieassociative.be\/actualites\/?s={search_term_string}\"},\"query-input\":{\"@type\":\"PropertyValueSpecification\",\"valueRequired\":true,\"valueName\":\"search_term_string\"}}],\"inLanguage\":\"fr-BE\"},{\"@type\":\"Organization\",\"@id\":\"https:\/\/vieassociative.be\/actualites\/#organization\",\"name\":\"Vie Associative\",\"url\":\"https:\/\/vieassociative.be\/actualites\/\",\"logo\":{\"@type\":\"ImageObject\",\"inLanguage\":\"fr-BE\",\"@id\":\"https:\/\/vieassociative.be\/actualites\/#\/schema\/logo\/image\/\",\"url\":\"https:\/\/vieassociative.be\/actualites\/wp-content\/uploads\/2024\/09\/cropped-vieassociative_favicon.ico.png\",\"contentUrl\":\"https:\/\/vieassociative.be\/actualites\/wp-content\/uploads\/2024\/09\/cropped-vieassociative_favicon.ico.png\",\"width\":512,\"height\":512,\"caption\":\"Vie Associative\"},\"image\":{\"@id\":\"https:\/\/vieassociative.be\/actualites\/#\/schema\/logo\/image\/\"}},{\"@type\":\"Person\",\"@id\":\"https:\/\/vieassociative.be\/actualites\/#\/schema\/person\/b87ac4f82f9d4e7b7cec7395b679edc4\",\"name\":\"Julien\",\"image\":{\"@type\":\"ImageObject\",\"inLanguage\":\"fr-BE\",\"@id\":\"https:\/\/vieassociative.be\/actualites\/#\/schema\/person\/image\/\",\"url\":\"https:\/\/vieassociative.be\/actualites\/wp-content\/uploads\/2024\/09\/vie-associative-1-150x150.jpg\",\"contentUrl\":\"https:\/\/vieassociative.be\/actualites\/wp-content\/uploads\/2024\/09\/vie-associative-1-150x150.jpg\",\"caption\":\"Julien\"},\"description\":\"Je suis Julien, r\u00e9dacteur pour Vie Associative. Passionn\u00e9 par le monde associatif depuis plus de 10 ans, j'ai \u00e0 c\u0153ur de partager des histoires inspirantes et de mettre en lumi\u00e8re les initiatives locales. Mon objectif est de sensibiliser et d'encourager l'engagement communautaire \u00e0 travers mes articles.\",\"sameAs\":[\"https:\/\/vieassociative.be\/\"]}]}<\/script>\n<!-- \/ Yoast SEO plugin. -->","yoast_head_json":{"title":"Quelle est la prochaine \u00e9tape maintenant que la Cour supr\u00eame a confirm\u00e9 l'interdiction de TikTok | Vie Associative","robots":{"index":"index","follow":"follow","max-snippet":"max-snippet:-1","max-image-preview":"max-image-preview:large","max-video-preview":"max-video-preview:-1"},"canonical":"https:\/\/vieassociative.be\/actualites\/quelle-est-la-prochaine-etape-maintenant-que-la-cour-supreme-a-confirme-linterdiction-de-tiktok\/","og_locale":"fr_FR","og_type":"article","og_title":"Quelle est la prochaine \u00e9tape maintenant que la Cour supr\u00eame a confirm\u00e9 l'interdiction de TikTok | Vie Associative","og_description":"Alors que la Cour supr\u00eame a confirm\u00e9 l&rsquo;interdiction de TikTok par le Congr\u00e8s, voici ce qui pourrait \u00eatre la prochaine \u00e9tape pour l&rsquo;application tr\u00e8s contest\u00e9e.","og_url":"https:\/\/vieassociative.be\/actualites\/quelle-est-la-prochaine-etape-maintenant-que-la-cour-supreme-a-confirme-linterdiction-de-tiktok\/","og_site_name":"Vie Associative","article_published_time":"2025-01-19T01:18:53+00:00","og_image":[{"width":279,"height":92,"url":"https:\/\/vieassociative.be\/actualites\/wp-content\/uploads\/2024\/09\/header_backgroundk-01-e1726694325946.png","type":"image\/png"}],"author":"Julien","twitter_card":"summary_large_image","twitter_misc":{"\u00c9crit par":"Julien","Dur\u00e9e de lecture est.":"9 minutes"},"schema":{"@context":"https:\/\/schema.org","@graph":[{"@type":"Article","@id":"https:\/\/vieassociative.be\/actualites\/quelle-est-la-prochaine-etape-maintenant-que-la-cour-supreme-a-confirme-linterdiction-de-tiktok\/#article","isPartOf":{"@id":"https:\/\/vieassociative.be\/actualites\/quelle-est-la-prochaine-etape-maintenant-que-la-cour-supreme-a-confirme-linterdiction-de-tiktok\/"},"author":{"name":"Julien","@id":"https:\/\/vieassociative.be\/actualites\/#\/schema\/person\/b87ac4f82f9d4e7b7cec7395b679edc4"},"headline":"Quelle est la prochaine \u00e9tape maintenant que la Cour supr\u00eame a confirm\u00e9 l&rsquo;interdiction de TikTok","datePublished":"2025-01-19T01:18:53+00:00","dateModified":"2025-01-19T01:18:53+00:00","mainEntityOfPage":{"@id":"https:\/\/vieassociative.be\/actualites\/quelle-est-la-prochaine-etape-maintenant-que-la-cour-supreme-a-confirme-linterdiction-de-tiktok\/"},"wordCount":1967,"publisher":{"@id":"https:\/\/vieassociative.be\/actualites\/#organization"},"image":{"@id":"https:\/\/vieassociative.be\/actualites\/quelle-est-la-prochaine-etape-maintenant-que-la-cour-supreme-a-confirme-linterdiction-de-tiktok\/#primaryimage"},"thumbnailUrl":"https:\/\/vieassociative.be\/actualites\/wp-content\/uploads\/2025\/01\/Quelle-est-la-prochaine-etape-maintenant-que-la-Cour-supreme.png","keywords":["confirm\u00e9","cour","est","\u00e9tape","linterdiction","maintenant","prochaine","quelle","supr\u00eame","TikTok"],"articleSection":["Technologie"],"inLanguage":"fr-BE"},{"@type":"WebPage","@id":"https:\/\/vieassociative.be\/actualites\/quelle-est-la-prochaine-etape-maintenant-que-la-cour-supreme-a-confirme-linterdiction-de-tiktok\/","url":"https:\/\/vieassociative.be\/actualites\/quelle-est-la-prochaine-etape-maintenant-que-la-cour-supreme-a-confirme-linterdiction-de-tiktok\/","name":"Quelle est la prochaine \u00e9tape maintenant que la Cour supr\u00eame a confirm\u00e9 l'interdiction de TikTok | Vie Associative","isPartOf":{"@id":"https:\/\/vieassociative.be\/actualites\/#website"},"primaryImageOfPage":{"@id":"https:\/\/vieassociative.be\/actualites\/quelle-est-la-prochaine-etape-maintenant-que-la-cour-supreme-a-confirme-linterdiction-de-tiktok\/#primaryimage"},"image":{"@id":"https:\/\/vieassociative.be\/actualites\/quelle-est-la-prochaine-etape-maintenant-que-la-cour-supreme-a-confirme-linterdiction-de-tiktok\/#primaryimage"},"thumbnailUrl":"https:\/\/vieassociative.be\/actualites\/wp-content\/uploads\/2025\/01\/Quelle-est-la-prochaine-etape-maintenant-que-la-Cour-supreme.png","datePublished":"2025-01-19T01:18:53+00:00","dateModified":"2025-01-19T01:18:53+00:00","breadcrumb":{"@id":"https:\/\/vieassociative.be\/actualites\/quelle-est-la-prochaine-etape-maintenant-que-la-cour-supreme-a-confirme-linterdiction-de-tiktok\/#breadcrumb"},"inLanguage":"fr-BE","potentialAction":[{"@type":"ReadAction","target":["https:\/\/vieassociative.be\/actualites\/quelle-est-la-prochaine-etape-maintenant-que-la-cour-supreme-a-confirme-linterdiction-de-tiktok\/"]}]},{"@type":"ImageObject","inLanguage":"fr-BE","@id":"https:\/\/vieassociative.be\/actualites\/quelle-est-la-prochaine-etape-maintenant-que-la-cour-supreme-a-confirme-linterdiction-de-tiktok\/#primaryimage","url":"https:\/\/vieassociative.be\/actualites\/wp-content\/uploads\/2025\/01\/Quelle-est-la-prochaine-etape-maintenant-que-la-Cour-supreme.png","contentUrl":"https:\/\/vieassociative.be\/actualites\/wp-content\/uploads\/2025\/01\/Quelle-est-la-prochaine-etape-maintenant-que-la-Cour-supreme.png","width":1200,"height":675,"caption":"Quelle est la prochaine \u00e9tape maintenant que la Cour supr\u00eame a confirm\u00e9 l'interdiction de TikTok"},{"@type":"BreadcrumbList","@id":"https:\/\/vieassociative.be\/actualites\/quelle-est-la-prochaine-etape-maintenant-que-la-cour-supreme-a-confirme-linterdiction-de-tiktok\/#breadcrumb","itemListElement":[{"@type":"ListItem","position":1,"name":"Accueil","item":"https:\/\/vieassociative.be\/actualites\/"},{"@type":"ListItem","position":2,"name":"Quelle est la prochaine \u00e9tape maintenant que la Cour supr\u00eame a confirm\u00e9 l&rsquo;interdiction de TikTok"}]},{"@type":"WebSite","@id":"https:\/\/vieassociative.be\/actualites\/#website","url":"https:\/\/vieassociative.be\/actualites\/","name":"Vie Associative","description":"","publisher":{"@id":"https:\/\/vieassociative.be\/actualites\/#organization"},"potentialAction":[{"@type":"SearchAction","target":{"@type":"EntryPoint","urlTemplate":"https:\/\/vieassociative.be\/actualites\/?s={search_term_string}"},"query-input":{"@type":"PropertyValueSpecification","valueRequired":true,"valueName":"search_term_string"}}],"inLanguage":"fr-BE"},{"@type":"Organization","@id":"https:\/\/vieassociative.be\/actualites\/#organization","name":"Vie Associative","url":"https:\/\/vieassociative.be\/actualites\/","logo":{"@type":"ImageObject","inLanguage":"fr-BE","@id":"https:\/\/vieassociative.be\/actualites\/#\/schema\/logo\/image\/","url":"https:\/\/vieassociative.be\/actualites\/wp-content\/uploads\/2024\/09\/cropped-vieassociative_favicon.ico.png","contentUrl":"https:\/\/vieassociative.be\/actualites\/wp-content\/uploads\/2024\/09\/cropped-vieassociative_favicon.ico.png","width":512,"height":512,"caption":"Vie Associative"},"image":{"@id":"https:\/\/vieassociative.be\/actualites\/#\/schema\/logo\/image\/"}},{"@type":"Person","@id":"https:\/\/vieassociative.be\/actualites\/#\/schema\/person\/b87ac4f82f9d4e7b7cec7395b679edc4","name":"Julien","image":{"@type":"ImageObject","inLanguage":"fr-BE","@id":"https:\/\/vieassociative.be\/actualites\/#\/schema\/person\/image\/","url":"https:\/\/vieassociative.be\/actualites\/wp-content\/uploads\/2024\/09\/vie-associative-1-150x150.jpg","contentUrl":"https:\/\/vieassociative.be\/actualites\/wp-content\/uploads\/2024\/09\/vie-associative-1-150x150.jpg","caption":"Julien"},"description":"Je suis Julien, r\u00e9dacteur pour Vie Associative. Passionn\u00e9 par le monde associatif depuis plus de 10 ans, j'ai \u00e0 c\u0153ur de partager des histoires inspirantes et de mettre en lumi\u00e8re les initiatives locales. Mon objectif est de sensibiliser et d'encourager l'engagement communautaire \u00e0 travers mes articles.","sameAs":["https:\/\/vieassociative.be\/"]}]}},"_links":{"self":[{"href":"https:\/\/vieassociative.be\/actualites\/wp-json\/wp\/v2\/posts\/4432"}],"collection":[{"href":"https:\/\/vieassociative.be\/actualites\/wp-json\/wp\/v2\/posts"}],"about":[{"href":"https:\/\/vieassociative.be\/actualites\/wp-json\/wp\/v2\/types\/post"}],"author":[{"embeddable":true,"href":"https:\/\/vieassociative.be\/actualites\/wp-json\/wp\/v2\/users\/1"}],"replies":[{"embeddable":true,"href":"https:\/\/vieassociative.be\/actualites\/wp-json\/wp\/v2\/comments?post=4432"}],"version-history":[{"count":0,"href":"https:\/\/vieassociative.be\/actualites\/wp-json\/wp\/v2\/posts\/4432\/revisions"}],"wp:featuredmedia":[{"embeddable":true,"href":"https:\/\/vieassociative.be\/actualites\/wp-json\/wp\/v2\/media\/4433"}],"wp:attachment":[{"href":"https:\/\/vieassociative.be\/actualites\/wp-json\/wp\/v2\/media?parent=4432"}],"wp:term":[{"taxonomy":"category","embeddable":true,"href":"https:\/\/vieassociative.be\/actualites\/wp-json\/wp\/v2\/categories?post=4432"},{"taxonomy":"post_tag","embeddable":true,"href":"https:\/\/vieassociative.be\/actualites\/wp-json\/wp\/v2\/tags?post=4432"}],"curies":[{"name":"wp","href":"https:\/\/api.w.org\/{rel}","templated":true}]}}