{"id":4427,"date":"2025-01-18T21:17:25","date_gmt":"2025-01-18T20:17:25","guid":{"rendered":"https:\/\/vieassociative.be\/actualites\/las-eupen-perd-le-duel-des-relegues-contre-le-rwdm-0-1-meme-apres-le-debut-de-lannee-aucun-retournement-de-situation-en-vue\/"},"modified":"2025-01-18T21:17:25","modified_gmt":"2025-01-18T20:17:25","slug":"las-eupen-perd-le-duel-des-relegues-contre-le-rwdm-0-1-meme-apres-le-debut-de-lannee-aucun-retournement-de-situation-en-vue","status":"publish","type":"post","link":"https:\/\/vieassociative.be\/actualites\/las-eupen-perd-le-duel-des-relegues-contre-le-rwdm-0-1-meme-apres-le-debut-de-lannee-aucun-retournement-de-situation-en-vue\/","title":{"rendered":"L\u2019AS Eupen perd le duel des rel\u00e9gu\u00e9s contre le RWDM 0-1 \u2013 m\u00eame apr\u00e8s le d\u00e9but de l\u2019ann\u00e9e, aucun retournement de situation en vue"},"content":{"rendered":"<p><strong>L&rsquo;\u00e9quipe de football de deuxi\u00e8me division, l&rsquo;AS Eupen, a d\u00e9but\u00e9 la nouvelle ann\u00e9e par une d\u00e9faite. Les noirs et blancs ont perdu le duel entre les deux \u00e9quipes rel\u00e9guables de la Jupiler Pro League face au RWD Molenbeek 0-1. Eupen a fait de gros efforts, surtout en premi\u00e8re mi-temps, mais les h\u00f4tes n&rsquo;ont pas eu assez de pression et n&rsquo;ont pas r\u00e9ussi \u00e0 marquer.<\/strong><\/p>\n<p><span id=\"more-406353\"><\/span>Au repos apr\u00e8s une pause de quatre semaines ou un seul match en six semaines, mais \u00e9galement sans aucun entra\u00eenement de match, l&rsquo;AS Eupen a accueilli le pr\u00e9tendant \u00e0 la promotion, le RWD Molenbeek. L&rsquo;enjeu \u00e9tait important pour les deux \u00e9quipes. AS souhaitait absolument garder un \u0153il sur les concurrents de la s\u00e9rie aux places 3 \u00e0 6 afin de pouvoir participer \u00e0 la ronde de promotion apr\u00e8s la phase classique du championnat.<\/p>\n<div id=\"attachment_401499\" class=\"wp-caption alignleft\" style=\"max-width: 300px\"><img fetchpriority=\"high\" decoding=\"async\" class=\"wp-image-401499 size-medium\" src=\"https:\/\/vieassociative.be\/actualites\/wp-content\/uploads\/2025\/01\/LAS-Eupen-perd-le-duel-des-relegues-contre-le-RWDM.jpg\" alt=\"\" width=\"300\" height=\"200\"><\/p>\n<p class=\"wp-caption-text\">J\u00e9r\u00f4me D\u00e9om d&rsquo;Eupen. Photo de : Belga<\/p>\n<\/div>\n<p>Contre Molenbeek, l&rsquo;entra\u00eeneur de l&rsquo;AS Mersad Selimbegovic a d\u00fb se passer de Regan Charles-Cook, Teddy Alloh, Kevin M\u00f6hwald, Nathan Bitumazala, Manaf Nurudeen et Isaac Nuhu. <\/p>\n<p>Le onze de d\u00e9part \u00e9tait le suivant : Renner \u2013 Paeshuyse, Gorenc, Kennedy, Pattynama \u2013 Van Genechten, Baiye, D\u00e9om, Keita \u2013 Gedikli, Caliskan. Lors de l&rsquo;attaque des h\u00f4tes, Caliskan a eu la pr\u00e9f\u00e9rence sur Emond.<\/p>\n<p>Le terrain du stade Kehrweg \u00e9tait facile \u00e0 jouer malgr\u00e9 l&rsquo;arriv\u00e9e de l&rsquo;hiver la semaine pr\u00e9c\u00e9dente. Il ne s&rsquo;est rien pass\u00e9 dans le premier quart d&rsquo;heure. Ni Eupen ni Molenbeek n&rsquo;ont eu l&rsquo;occasion de marquer. Ce n&rsquo;est qu&rsquo;apr\u00e8s 25 minutes qu&rsquo;Abe Shuto a tent\u00e9 un tir au but pour les visiteurs, mais cela n&rsquo;a abouti \u00e0 rien. Ziani se procurait une occasion \u00e0 la 32e minute, mais \u00e9galement sans succ\u00e8s.<\/p>\n<p>Apr\u00e8s une demi-heure, le RWDM augmentait la pression et poussait Eupen de plus en plus dans sa moiti\u00e9 de terrain. N\u00e9anmoins, c&rsquo;est AS qui a eu la sc\u00e8ne la plus dangereuse jusqu&rsquo;\u00e0 pr\u00e9sent \u00e0 la 38\u00e8me minute, que Gedikli a m\u00eame termin\u00e9e avec un magnifique but, qui a \u00e9t\u00e9 refus\u00e9 car l&rsquo;attaquant d&rsquo;AS \u00e9tait juste hors-jeu lorsqu&rsquo;il a re\u00e7u le ballon.<\/p>\n<div id=\"attachment_381326\" class=\"wp-caption alignleft\" style=\"max-width: 300px\"><img decoding=\"async\" class=\"wp-image-381326 size-medium\" src=\"https:\/\/vieassociative.be\/actualites\/wp-content\/uploads\/2025\/01\/1737231445_368_LAS-Eupen-perd-le-duel-des-relegues-contre-le-RWDM.jpg\" alt=\"\" width=\"300\" height=\"200\"  ><\/p>\n<p class=\"wp-caption-text\">Yannick Ferrera, entra\u00eeneur du RWDM. Photo de : Belga<\/p>\n<\/div>\n<p>Le score restait 0-0 jusqu&rsquo;au coup de sifflet de la mi-temps. L&rsquo;\u00e9quipe d&rsquo;Eupen s&rsquo;est effectivement bien comport\u00e9e face \u00e0 l&rsquo;\u00e9quipe class\u00e9e troisi\u00e8me, mais sans avoir plus d&rsquo;une occasion de but qui aurait m\u00e9rit\u00e9 un but r\u00e9gulier. Malheureusement, Gedikli \u00e9tait hors-jeu.<\/p>\n<p>Les sc\u00e8nes de but \u00e9taient \u00e9galement rares en d\u00e9but de seconde p\u00e9riode. Apr\u00e8s une heure de jeu, RWDM a de nouveau appuy\u00e9 sur le gaz. A la 63e minute, les champions de Belgique de 1975 &#8211; il y a exactement 50 ans &#8211; prenaient l&rsquo;avantage gr\u00e2ce \u00e0 Benjdida, r\u00e9cemment remplac\u00e9 et transf\u00e9r\u00e9 du Standard de Li\u00e8ge \u00e0 Molenbeek. Renner n&rsquo;a montr\u00e9 aucune r\u00e9action \u00e0 son tir lointain dans le but de l&rsquo;AS, 0-1.<\/p>\n<p>L&rsquo;entra\u00eeneur de l&rsquo;AS Selimbegovic a r\u00e9agi. Il a fait appel \u00e0 Pantovic et Niang pour Caliskan et Keita. Il envoya plus tard Emond chercher Van Genechten. Mais il est rest\u00e9 0:1. <\/p>\n<p>L&rsquo;AS a beaucoup manqu\u00e9, notamment en seconde p\u00e9riode. Dans une semaine, les Eupeners affronteront le prochain favori dans la lutte pour l&rsquo;une des deux places de promotion directe, car alors AS affrontera le redoutable adversaire du SV Zulte Waregem avant que Lommel et le SK Lierse ne se rendent au stade Kehrweg. (cr\u00e9er)<\/p>\n","protected":false},"excerpt":{"rendered":"<p>L&rsquo;\u00e9quipe de football de deuxi\u00e8me division, l&rsquo;AS Eupen, a d\u00e9but\u00e9 la nouvelle ann\u00e9e par une d\u00e9faite. Les noirs et blancs ont perdu le duel entre<\/p>\n","protected":false},"author":1,"featured_media":4428,"comment_status":"","ping_status":"","sticky":false,"template":"","format":"standard","meta":{"footnotes":""},"categories":[298],"tags":[472,3202,796,359,29,4821,2329,396,2353,891,3021,4822,4823,4818,1376,3034],"class_list":["post-4427","post","type-post","status-publish","format-standard","has-post-thumbnail","hentry","category-belgique","tag-apres","tag-aucun","tag-contre","tag-debut","tag-des","tag-duel","tag-eupen","tag-lannee","tag-las","tag-meme","tag-perd","tag-relegues","tag-retournement","tag-rwdm","tag-situation","tag-vue","generate-columns","tablet-grid-50","mobile-grid-100","grid-parent","grid-33"],"yoast_head":"<!-- This site is optimized with the Yoast SEO plugin v24.0 - https:\/\/yoast.com\/wordpress\/plugins\/seo\/ -->\n<title>L\u2019AS Eupen perd le duel des rel\u00e9gu\u00e9s contre le RWDM 0-1 \u2013 m\u00eame apr\u00e8s le d\u00e9but de l\u2019ann\u00e9e, aucun retournement de situation en vue | Vie Associative<\/title>\n<meta name=\"robots\" content=\"index, follow, max-snippet:-1, max-image-preview:large, max-video-preview:-1\" \/>\n<link rel=\"canonical\" href=\"https:\/\/vieassociative.be\/actualites\/las-eupen-perd-le-duel-des-relegues-contre-le-rwdm-0-1-meme-apres-le-debut-de-lannee-aucun-retournement-de-situation-en-vue\/\" \/>\n<meta property=\"og:locale\" content=\"fr_FR\" \/>\n<meta property=\"og:type\" content=\"article\" \/>\n<meta property=\"og:title\" content=\"L\u2019AS Eupen perd le duel des rel\u00e9gu\u00e9s contre le RWDM 0-1 \u2013 m\u00eame apr\u00e8s le d\u00e9but de l\u2019ann\u00e9e, aucun retournement de situation en vue | Vie Associative\" \/>\n<meta property=\"og:description\" content=\"L&rsquo;\u00e9quipe de football de deuxi\u00e8me division, l&rsquo;AS Eupen, a d\u00e9but\u00e9 la nouvelle ann\u00e9e par une d\u00e9faite. Les noirs et blancs ont perdu le duel entre\" \/>\n<meta property=\"og:url\" content=\"https:\/\/vieassociative.be\/actualites\/las-eupen-perd-le-duel-des-relegues-contre-le-rwdm-0-1-meme-apres-le-debut-de-lannee-aucun-retournement-de-situation-en-vue\/\" \/>\n<meta property=\"og:site_name\" content=\"Vie Associative\" \/>\n<meta property=\"article:published_time\" content=\"2025-01-18T20:17:25+00:00\" \/>\n<meta property=\"og:image\" content=\"https:\/\/vieassociative.be\/actualites\/wp-content\/uploads\/2024\/09\/header_backgroundk-01-e1726694325946.png\" \/>\n\t<meta property=\"og:image:width\" content=\"279\" \/>\n\t<meta property=\"og:image:height\" content=\"92\" \/>\n\t<meta property=\"og:image:type\" content=\"image\/png\" \/>\n<meta name=\"author\" content=\"Julien\" \/>\n<meta name=\"twitter:card\" content=\"summary_large_image\" \/>\n<meta name=\"twitter:label1\" content=\"\u00c9crit par\" \/>\n\t<meta name=\"twitter:data1\" content=\"Julien\" \/>\n\t<meta name=\"twitter:label2\" content=\"Dur\u00e9e de lecture est.\" \/>\n\t<meta name=\"twitter:data2\" content=\"3 minutes\" \/>\n<script type=\"application\/ld+json\" class=\"yoast-schema-graph\">{\"@context\":\"https:\/\/schema.org\",\"@graph\":[{\"@type\":\"Article\",\"@id\":\"https:\/\/vieassociative.be\/actualites\/las-eupen-perd-le-duel-des-relegues-contre-le-rwdm-0-1-meme-apres-le-debut-de-lannee-aucun-retournement-de-situation-en-vue\/#article\",\"isPartOf\":{\"@id\":\"https:\/\/vieassociative.be\/actualites\/las-eupen-perd-le-duel-des-relegues-contre-le-rwdm-0-1-meme-apres-le-debut-de-lannee-aucun-retournement-de-situation-en-vue\/\"},\"author\":{\"name\":\"Julien\",\"@id\":\"https:\/\/vieassociative.be\/actualites\/#\/schema\/person\/b87ac4f82f9d4e7b7cec7395b679edc4\"},\"headline\":\"L\u2019AS Eupen perd le duel des rel\u00e9gu\u00e9s contre le RWDM 0-1 \u2013 m\u00eame apr\u00e8s le d\u00e9but de l\u2019ann\u00e9e, aucun retournement de situation en vue\",\"datePublished\":\"2025-01-18T20:17:25+00:00\",\"dateModified\":\"2025-01-18T20:17:25+00:00\",\"mainEntityOfPage\":{\"@id\":\"https:\/\/vieassociative.be\/actualites\/las-eupen-perd-le-duel-des-relegues-contre-le-rwdm-0-1-meme-apres-le-debut-de-lannee-aucun-retournement-de-situation-en-vue\/\"},\"wordCount\":638,\"publisher\":{\"@id\":\"https:\/\/vieassociative.be\/actualites\/#organization\"},\"image\":{\"@id\":\"https:\/\/vieassociative.be\/actualites\/las-eupen-perd-le-duel-des-relegues-contre-le-rwdm-0-1-meme-apres-le-debut-de-lannee-aucun-retournement-de-situation-en-vue\/#primaryimage\"},\"thumbnailUrl\":\"https:\/\/vieassociative.be\/actualites\/wp-content\/uploads\/2025\/01\/1737231445_LAS-Eupen-perd-le-duel-des-relegues-contre-le-RWDM.jpg\",\"keywords\":[\"Apr\u00e8s\",\"aucun\",\"contre\",\"D\u00e9but\",\"Des\",\"duel\",\"Eupen\",\"lann\u00e9e\",\"lAS\",\"m\u00eame\",\"perd\",\"rel\u00e9gu\u00e9s\",\"retournement\",\"RWDM\",\"situation\",\"vue\"],\"articleSection\":[\"Belgique\"],\"inLanguage\":\"fr-BE\"},{\"@type\":\"WebPage\",\"@id\":\"https:\/\/vieassociative.be\/actualites\/las-eupen-perd-le-duel-des-relegues-contre-le-rwdm-0-1-meme-apres-le-debut-de-lannee-aucun-retournement-de-situation-en-vue\/\",\"url\":\"https:\/\/vieassociative.be\/actualites\/las-eupen-perd-le-duel-des-relegues-contre-le-rwdm-0-1-meme-apres-le-debut-de-lannee-aucun-retournement-de-situation-en-vue\/\",\"name\":\"L\u2019AS Eupen perd le duel des rel\u00e9gu\u00e9s contre le RWDM 0-1 \u2013 m\u00eame apr\u00e8s le d\u00e9but de l\u2019ann\u00e9e, aucun retournement de situation en vue | Vie Associative\",\"isPartOf\":{\"@id\":\"https:\/\/vieassociative.be\/actualites\/#website\"},\"primaryImageOfPage\":{\"@id\":\"https:\/\/vieassociative.be\/actualites\/las-eupen-perd-le-duel-des-relegues-contre-le-rwdm-0-1-meme-apres-le-debut-de-lannee-aucun-retournement-de-situation-en-vue\/#primaryimage\"},\"image\":{\"@id\":\"https:\/\/vieassociative.be\/actualites\/las-eupen-perd-le-duel-des-relegues-contre-le-rwdm-0-1-meme-apres-le-debut-de-lannee-aucun-retournement-de-situation-en-vue\/#primaryimage\"},\"thumbnailUrl\":\"https:\/\/vieassociative.be\/actualites\/wp-content\/uploads\/2025\/01\/1737231445_LAS-Eupen-perd-le-duel-des-relegues-contre-le-RWDM.jpg\",\"datePublished\":\"2025-01-18T20:17:25+00:00\",\"dateModified\":\"2025-01-18T20:17:25+00:00\",\"breadcrumb\":{\"@id\":\"https:\/\/vieassociative.be\/actualites\/las-eupen-perd-le-duel-des-relegues-contre-le-rwdm-0-1-meme-apres-le-debut-de-lannee-aucun-retournement-de-situation-en-vue\/#breadcrumb\"},\"inLanguage\":\"fr-BE\",\"potentialAction\":[{\"@type\":\"ReadAction\",\"target\":[\"https:\/\/vieassociative.be\/actualites\/las-eupen-perd-le-duel-des-relegues-contre-le-rwdm-0-1-meme-apres-le-debut-de-lannee-aucun-retournement-de-situation-en-vue\/\"]}]},{\"@type\":\"ImageObject\",\"inLanguage\":\"fr-BE\",\"@id\":\"https:\/\/vieassociative.be\/actualites\/las-eupen-perd-le-duel-des-relegues-contre-le-rwdm-0-1-meme-apres-le-debut-de-lannee-aucun-retournement-de-situation-en-vue\/#primaryimage\",\"url\":\"https:\/\/vieassociative.be\/actualites\/wp-content\/uploads\/2025\/01\/1737231445_LAS-Eupen-perd-le-duel-des-relegues-contre-le-RWDM.jpg\",\"contentUrl\":\"https:\/\/vieassociative.be\/actualites\/wp-content\/uploads\/2025\/01\/1737231445_LAS-Eupen-perd-le-duel-des-relegues-contre-le-RWDM.jpg\",\"width\":1200,\"height\":801,\"caption\":\"L\u2019AS Eupen perd le duel des rel\u00e9gu\u00e9s contre le RWDM 0-1 \u2013 m\u00eame apr\u00e8s le d\u00e9but de l\u2019ann\u00e9e, aucun retournement de situation en vue\"},{\"@type\":\"BreadcrumbList\",\"@id\":\"https:\/\/vieassociative.be\/actualites\/las-eupen-perd-le-duel-des-relegues-contre-le-rwdm-0-1-meme-apres-le-debut-de-lannee-aucun-retournement-de-situation-en-vue\/#breadcrumb\",\"itemListElement\":[{\"@type\":\"ListItem\",\"position\":1,\"name\":\"Accueil\",\"item\":\"https:\/\/vieassociative.be\/actualites\/\"},{\"@type\":\"ListItem\",\"position\":2,\"name\":\"L\u2019AS Eupen perd le duel des rel\u00e9gu\u00e9s contre le RWDM 0-1 \u2013 m\u00eame apr\u00e8s le d\u00e9but de l\u2019ann\u00e9e, aucun retournement de situation en vue\"}]},{\"@type\":\"WebSite\",\"@id\":\"https:\/\/vieassociative.be\/actualites\/#website\",\"url\":\"https:\/\/vieassociative.be\/actualites\/\",\"name\":\"Vie Associative\",\"description\":\"\",\"publisher\":{\"@id\":\"https:\/\/vieassociative.be\/actualites\/#organization\"},\"potentialAction\":[{\"@type\":\"SearchAction\",\"target\":{\"@type\":\"EntryPoint\",\"urlTemplate\":\"https:\/\/vieassociative.be\/actualites\/?s={search_term_string}\"},\"query-input\":{\"@type\":\"PropertyValueSpecification\",\"valueRequired\":true,\"valueName\":\"search_term_string\"}}],\"inLanguage\":\"fr-BE\"},{\"@type\":\"Organization\",\"@id\":\"https:\/\/vieassociative.be\/actualites\/#organization\",\"name\":\"Vie Associative\",\"url\":\"https:\/\/vieassociative.be\/actualites\/\",\"logo\":{\"@type\":\"ImageObject\",\"inLanguage\":\"fr-BE\",\"@id\":\"https:\/\/vieassociative.be\/actualites\/#\/schema\/logo\/image\/\",\"url\":\"https:\/\/vieassociative.be\/actualites\/wp-content\/uploads\/2024\/09\/cropped-vieassociative_favicon.ico.png\",\"contentUrl\":\"https:\/\/vieassociative.be\/actualites\/wp-content\/uploads\/2024\/09\/cropped-vieassociative_favicon.ico.png\",\"width\":512,\"height\":512,\"caption\":\"Vie Associative\"},\"image\":{\"@id\":\"https:\/\/vieassociative.be\/actualites\/#\/schema\/logo\/image\/\"}},{\"@type\":\"Person\",\"@id\":\"https:\/\/vieassociative.be\/actualites\/#\/schema\/person\/b87ac4f82f9d4e7b7cec7395b679edc4\",\"name\":\"Julien\",\"image\":{\"@type\":\"ImageObject\",\"inLanguage\":\"fr-BE\",\"@id\":\"https:\/\/vieassociative.be\/actualites\/#\/schema\/person\/image\/\",\"url\":\"https:\/\/vieassociative.be\/actualites\/wp-content\/uploads\/2024\/09\/vie-associative-1-150x150.jpg\",\"contentUrl\":\"https:\/\/vieassociative.be\/actualites\/wp-content\/uploads\/2024\/09\/vie-associative-1-150x150.jpg\",\"caption\":\"Julien\"},\"description\":\"Je suis Julien, r\u00e9dacteur pour Vie Associative. Passionn\u00e9 par le monde associatif depuis plus de 10 ans, j'ai \u00e0 c\u0153ur de partager des histoires inspirantes et de mettre en lumi\u00e8re les initiatives locales. Mon objectif est de sensibiliser et d'encourager l'engagement communautaire \u00e0 travers mes articles.\",\"sameAs\":[\"https:\/\/vieassociative.be\/\"]}]}<\/script>\n<!-- \/ Yoast SEO plugin. -->","yoast_head_json":{"title":"L\u2019AS Eupen perd le duel des rel\u00e9gu\u00e9s contre le RWDM 0-1 \u2013 m\u00eame apr\u00e8s le d\u00e9but de l\u2019ann\u00e9e, aucun retournement de situation en vue | Vie Associative","robots":{"index":"index","follow":"follow","max-snippet":"max-snippet:-1","max-image-preview":"max-image-preview:large","max-video-preview":"max-video-preview:-1"},"canonical":"https:\/\/vieassociative.be\/actualites\/las-eupen-perd-le-duel-des-relegues-contre-le-rwdm-0-1-meme-apres-le-debut-de-lannee-aucun-retournement-de-situation-en-vue\/","og_locale":"fr_FR","og_type":"article","og_title":"L\u2019AS Eupen perd le duel des rel\u00e9gu\u00e9s contre le RWDM 0-1 \u2013 m\u00eame apr\u00e8s le d\u00e9but de l\u2019ann\u00e9e, aucun retournement de situation en vue | Vie Associative","og_description":"L&rsquo;\u00e9quipe de football de deuxi\u00e8me division, l&rsquo;AS Eupen, a d\u00e9but\u00e9 la nouvelle ann\u00e9e par une d\u00e9faite. Les noirs et blancs ont perdu le duel entre","og_url":"https:\/\/vieassociative.be\/actualites\/las-eupen-perd-le-duel-des-relegues-contre-le-rwdm-0-1-meme-apres-le-debut-de-lannee-aucun-retournement-de-situation-en-vue\/","og_site_name":"Vie Associative","article_published_time":"2025-01-18T20:17:25+00:00","og_image":[{"width":279,"height":92,"url":"https:\/\/vieassociative.be\/actualites\/wp-content\/uploads\/2024\/09\/header_backgroundk-01-e1726694325946.png","type":"image\/png"}],"author":"Julien","twitter_card":"summary_large_image","twitter_misc":{"\u00c9crit par":"Julien","Dur\u00e9e de lecture est.":"3 minutes"},"schema":{"@context":"https:\/\/schema.org","@graph":[{"@type":"Article","@id":"https:\/\/vieassociative.be\/actualites\/las-eupen-perd-le-duel-des-relegues-contre-le-rwdm-0-1-meme-apres-le-debut-de-lannee-aucun-retournement-de-situation-en-vue\/#article","isPartOf":{"@id":"https:\/\/vieassociative.be\/actualites\/las-eupen-perd-le-duel-des-relegues-contre-le-rwdm-0-1-meme-apres-le-debut-de-lannee-aucun-retournement-de-situation-en-vue\/"},"author":{"name":"Julien","@id":"https:\/\/vieassociative.be\/actualites\/#\/schema\/person\/b87ac4f82f9d4e7b7cec7395b679edc4"},"headline":"L\u2019AS Eupen perd le duel des rel\u00e9gu\u00e9s contre le RWDM 0-1 \u2013 m\u00eame apr\u00e8s le d\u00e9but de l\u2019ann\u00e9e, aucun retournement de situation en vue","datePublished":"2025-01-18T20:17:25+00:00","dateModified":"2025-01-18T20:17:25+00:00","mainEntityOfPage":{"@id":"https:\/\/vieassociative.be\/actualites\/las-eupen-perd-le-duel-des-relegues-contre-le-rwdm-0-1-meme-apres-le-debut-de-lannee-aucun-retournement-de-situation-en-vue\/"},"wordCount":638,"publisher":{"@id":"https:\/\/vieassociative.be\/actualites\/#organization"},"image":{"@id":"https:\/\/vieassociative.be\/actualites\/las-eupen-perd-le-duel-des-relegues-contre-le-rwdm-0-1-meme-apres-le-debut-de-lannee-aucun-retournement-de-situation-en-vue\/#primaryimage"},"thumbnailUrl":"https:\/\/vieassociative.be\/actualites\/wp-content\/uploads\/2025\/01\/1737231445_LAS-Eupen-perd-le-duel-des-relegues-contre-le-RWDM.jpg","keywords":["Apr\u00e8s","aucun","contre","D\u00e9but","Des","duel","Eupen","lann\u00e9e","lAS","m\u00eame","perd","rel\u00e9gu\u00e9s","retournement","RWDM","situation","vue"],"articleSection":["Belgique"],"inLanguage":"fr-BE"},{"@type":"WebPage","@id":"https:\/\/vieassociative.be\/actualites\/las-eupen-perd-le-duel-des-relegues-contre-le-rwdm-0-1-meme-apres-le-debut-de-lannee-aucun-retournement-de-situation-en-vue\/","url":"https:\/\/vieassociative.be\/actualites\/las-eupen-perd-le-duel-des-relegues-contre-le-rwdm-0-1-meme-apres-le-debut-de-lannee-aucun-retournement-de-situation-en-vue\/","name":"L\u2019AS Eupen perd le duel des rel\u00e9gu\u00e9s contre le RWDM 0-1 \u2013 m\u00eame apr\u00e8s le d\u00e9but de l\u2019ann\u00e9e, aucun retournement de situation en vue | Vie Associative","isPartOf":{"@id":"https:\/\/vieassociative.be\/actualites\/#website"},"primaryImageOfPage":{"@id":"https:\/\/vieassociative.be\/actualites\/las-eupen-perd-le-duel-des-relegues-contre-le-rwdm-0-1-meme-apres-le-debut-de-lannee-aucun-retournement-de-situation-en-vue\/#primaryimage"},"image":{"@id":"https:\/\/vieassociative.be\/actualites\/las-eupen-perd-le-duel-des-relegues-contre-le-rwdm-0-1-meme-apres-le-debut-de-lannee-aucun-retournement-de-situation-en-vue\/#primaryimage"},"thumbnailUrl":"https:\/\/vieassociative.be\/actualites\/wp-content\/uploads\/2025\/01\/1737231445_LAS-Eupen-perd-le-duel-des-relegues-contre-le-RWDM.jpg","datePublished":"2025-01-18T20:17:25+00:00","dateModified":"2025-01-18T20:17:25+00:00","breadcrumb":{"@id":"https:\/\/vieassociative.be\/actualites\/las-eupen-perd-le-duel-des-relegues-contre-le-rwdm-0-1-meme-apres-le-debut-de-lannee-aucun-retournement-de-situation-en-vue\/#breadcrumb"},"inLanguage":"fr-BE","potentialAction":[{"@type":"ReadAction","target":["https:\/\/vieassociative.be\/actualites\/las-eupen-perd-le-duel-des-relegues-contre-le-rwdm-0-1-meme-apres-le-debut-de-lannee-aucun-retournement-de-situation-en-vue\/"]}]},{"@type":"ImageObject","inLanguage":"fr-BE","@id":"https:\/\/vieassociative.be\/actualites\/las-eupen-perd-le-duel-des-relegues-contre-le-rwdm-0-1-meme-apres-le-debut-de-lannee-aucun-retournement-de-situation-en-vue\/#primaryimage","url":"https:\/\/vieassociative.be\/actualites\/wp-content\/uploads\/2025\/01\/1737231445_LAS-Eupen-perd-le-duel-des-relegues-contre-le-RWDM.jpg","contentUrl":"https:\/\/vieassociative.be\/actualites\/wp-content\/uploads\/2025\/01\/1737231445_LAS-Eupen-perd-le-duel-des-relegues-contre-le-RWDM.jpg","width":1200,"height":801,"caption":"L\u2019AS Eupen perd le duel des rel\u00e9gu\u00e9s contre le RWDM 0-1 \u2013 m\u00eame apr\u00e8s le d\u00e9but de l\u2019ann\u00e9e, aucun retournement de situation en vue"},{"@type":"BreadcrumbList","@id":"https:\/\/vieassociative.be\/actualites\/las-eupen-perd-le-duel-des-relegues-contre-le-rwdm-0-1-meme-apres-le-debut-de-lannee-aucun-retournement-de-situation-en-vue\/#breadcrumb","itemListElement":[{"@type":"ListItem","position":1,"name":"Accueil","item":"https:\/\/vieassociative.be\/actualites\/"},{"@type":"ListItem","position":2,"name":"L\u2019AS Eupen perd le duel des rel\u00e9gu\u00e9s contre le RWDM 0-1 \u2013 m\u00eame apr\u00e8s le d\u00e9but de l\u2019ann\u00e9e, aucun retournement de situation en vue"}]},{"@type":"WebSite","@id":"https:\/\/vieassociative.be\/actualites\/#website","url":"https:\/\/vieassociative.be\/actualites\/","name":"Vie Associative","description":"","publisher":{"@id":"https:\/\/vieassociative.be\/actualites\/#organization"},"potentialAction":[{"@type":"SearchAction","target":{"@type":"EntryPoint","urlTemplate":"https:\/\/vieassociative.be\/actualites\/?s={search_term_string}"},"query-input":{"@type":"PropertyValueSpecification","valueRequired":true,"valueName":"search_term_string"}}],"inLanguage":"fr-BE"},{"@type":"Organization","@id":"https:\/\/vieassociative.be\/actualites\/#organization","name":"Vie Associative","url":"https:\/\/vieassociative.be\/actualites\/","logo":{"@type":"ImageObject","inLanguage":"fr-BE","@id":"https:\/\/vieassociative.be\/actualites\/#\/schema\/logo\/image\/","url":"https:\/\/vieassociative.be\/actualites\/wp-content\/uploads\/2024\/09\/cropped-vieassociative_favicon.ico.png","contentUrl":"https:\/\/vieassociative.be\/actualites\/wp-content\/uploads\/2024\/09\/cropped-vieassociative_favicon.ico.png","width":512,"height":512,"caption":"Vie Associative"},"image":{"@id":"https:\/\/vieassociative.be\/actualites\/#\/schema\/logo\/image\/"}},{"@type":"Person","@id":"https:\/\/vieassociative.be\/actualites\/#\/schema\/person\/b87ac4f82f9d4e7b7cec7395b679edc4","name":"Julien","image":{"@type":"ImageObject","inLanguage":"fr-BE","@id":"https:\/\/vieassociative.be\/actualites\/#\/schema\/person\/image\/","url":"https:\/\/vieassociative.be\/actualites\/wp-content\/uploads\/2024\/09\/vie-associative-1-150x150.jpg","contentUrl":"https:\/\/vieassociative.be\/actualites\/wp-content\/uploads\/2024\/09\/vie-associative-1-150x150.jpg","caption":"Julien"},"description":"Je suis Julien, r\u00e9dacteur pour Vie Associative. Passionn\u00e9 par le monde associatif depuis plus de 10 ans, j'ai \u00e0 c\u0153ur de partager des histoires inspirantes et de mettre en lumi\u00e8re les initiatives locales. Mon objectif est de sensibiliser et d'encourager l'engagement communautaire \u00e0 travers mes articles.","sameAs":["https:\/\/vieassociative.be\/"]}]}},"_links":{"self":[{"href":"https:\/\/vieassociative.be\/actualites\/wp-json\/wp\/v2\/posts\/4427"}],"collection":[{"href":"https:\/\/vieassociative.be\/actualites\/wp-json\/wp\/v2\/posts"}],"about":[{"href":"https:\/\/vieassociative.be\/actualites\/wp-json\/wp\/v2\/types\/post"}],"author":[{"embeddable":true,"href":"https:\/\/vieassociative.be\/actualites\/wp-json\/wp\/v2\/users\/1"}],"replies":[{"embeddable":true,"href":"https:\/\/vieassociative.be\/actualites\/wp-json\/wp\/v2\/comments?post=4427"}],"version-history":[{"count":0,"href":"https:\/\/vieassociative.be\/actualites\/wp-json\/wp\/v2\/posts\/4427\/revisions"}],"wp:featuredmedia":[{"embeddable":true,"href":"https:\/\/vieassociative.be\/actualites\/wp-json\/wp\/v2\/media\/4428"}],"wp:attachment":[{"href":"https:\/\/vieassociative.be\/actualites\/wp-json\/wp\/v2\/media?parent=4427"}],"wp:term":[{"taxonomy":"category","embeddable":true,"href":"https:\/\/vieassociative.be\/actualites\/wp-json\/wp\/v2\/categories?post=4427"},{"taxonomy":"post_tag","embeddable":true,"href":"https:\/\/vieassociative.be\/actualites\/wp-json\/wp\/v2\/tags?post=4427"}],"curies":[{"name":"wp","href":"https:\/\/api.w.org\/{rel}","templated":true}]}}