{"id":4425,"date":"2025-01-18T20:19:25","date_gmt":"2025-01-18T19:19:25","guid":{"rendered":"https:\/\/vieassociative.be\/actualites\/les-nouveaux-apple-airpods-max-viennent-de-tomber-a-un-prix-record\/"},"modified":"2025-01-18T20:19:25","modified_gmt":"2025-01-18T19:19:25","slug":"les-nouveaux-apple-airpods-max-viennent-de-tomber-a-un-prix-record","status":"publish","type":"post","link":"https:\/\/vieassociative.be\/actualites\/les-nouveaux-apple-airpods-max-viennent-de-tomber-a-un-prix-record\/","title":{"rendered":"Les nouveaux Apple AirPods Max viennent de tomber \u00e0 un prix record"},"content":{"rendered":"<div class=\"mt-4 leading-6 md:mb-8\">Les meilleurs \u00e9couteurs pour les utilisateurs Apple b\u00e9n\u00e9ficient d\u2019une r\u00e9duction de 100 $, d\u00e9passant les prix du Prime Day et du Black Friday.<\/div>\n<p><\/p>\n<p>Les AirPods Max d&rsquo;Apple font partie des meilleurs \u00e9couteurs que l&rsquo;on puisse acheter, mais ils sont \u00e9galement parmi les plus chers, normalement \u00e0 un demi-mille. Un mod\u00e8le AirPods Max mis \u00e0 jour a \u00e9t\u00e9 publi\u00e9 en septembre, entra\u00eenant une baisse significative du prix des anciens AirPods Max, actuellement avec une r\u00e9duction de 150 $. Mais la version la plus r\u00e9cente est \u00e9galement d\u00e9sormais \u00e0 prix r\u00e9duit, jusqu&rsquo;\u00e0 <strong>449,99\u00a0$<\/strong> (\u00e0 l&rsquo;origine 549,99 $). Il s&rsquo;agit d&rsquo;un prix record, selon les outils de suivi des prix. Si vous venez des anciens AirPods Max, sachez qu&rsquo;il existe quelques diff\u00e9rences mineures mais essentielles.<\/p>\n<div class=\"shadow-b-2 mb-12 mt-10 rounded-md border-2 border-(#F0F0F0) px-6 py-2 shadow-lg md:px-12\" role=\"region\" aria-label=\"Products List\" x-data=\"{ showMore: false }\">\n<div class=\"flex w-full gap-x-5\">\n<div class=\"flex w-full flex-col flex-nowrap justify-center gap-2 text-black no-underline md:order-2 md:gap-y-6\">\n<div class=\"flex flex-col justify-between gap-y-2 md:w-full md:gap-y-1\">\n<div class=\"block font-sans text-xs font-semibold capitalize leading-3 text-gray-900 md:leading-4\">Chargement USB-C, suppression active du bruit, mode transparence, audio spatial personnalis\u00e9.<\/div>\n<div class=\"block w-fit cursor-pointer font-akshar text-lg font-medium leading-5 text-brand-green duration-200 ease-in-out hover:text-brand-green-700 md:text-xl md:leading-6\">\n<p>                            (Nouveau) Apple AirPods Max\n                        <\/p><\/div>\n<\/p><\/div>\n<div class=\"hidden md:flex md:justify-between md:gap-x-4\">\n<div class=\"w-full mb-0 md:flex md:flex-col md:justify-center font-sans leading-4 text-black\">\n<div class=\"flex flex-wrap items-center justify-center gap-x-1 md:justify-start\">\n        <span class=\"font-bold\"><\/p>\n<p>            449,99\u00a0$<br \/>\n                            <span class=\"font-medium\">chez Amazon<\/span><br \/>\n                    <\/span><br \/>\n                    <img decoding=\"async\" class=\"mt-0 h-(15px)\" src=\"https:\/\/vieassociative.be\/actualites\/wp-content\/uploads\/2025\/01\/Les-nouveaux-Apple-AirPods-Max-viennent-de-tomber-a-un.svg.svg+xml\" title=\"Amazon Premier\" alt=\"Amazon Premier\">\n            <\/div>\n<div class=\"flex items-center justify-center gap-x-1 font-bold md:justify-start\">\n            <span class=\"text-sm line-through\">549,00\u00a0$<\/span><br \/>\n            <span class=\"text-sm text-brand-green\">\u00c9conomisez 99,01\u00a0$<\/span>\n        <\/div>\n<\/p><\/div>\n<p>                            <button class=\"flex justify-center items-center w-full bg-brand-green text-white text-base font-sans font-medium rounded-md hover:bg-brand-green-700 hover:cursor-pointer md:text-sm hidden self-end h-12 max-w-(10rem) duration-200 ease-in-out hover:bg-brand-green-700 md:flex md:h-10\"><\/p>\n<p>    Obtenez une offre<br \/>\n<\/button>\n                        <\/div>\n<\/p><\/div>\n<div class=\"flex aspect-video h-(90px) shrink-0 items-center justify-center self-center md:order-1\">\n                        <img decoding=\"async\" class=\"m-0 max-h-full max-w-full rounded-md\" src=\"https:\/\/vieassociative.be\/actualites\/wp-content\/uploads\/2025\/01\/Les-nouveaux-Apple-AirPods-Max-viennent-de-tomber-a-un.jpg\" alt=\"Casque supra-auriculaire sans fil Apple AirPods Max, suppression active du bruit de niveau professionnel, mode transparence, audio spatial personnalis\u00e9, chargement USB-C, casque Bluetooth pour iPhone - Minuit\" width=\"auto\" height=\"auto\" loading=\"lazy\">\n                    <\/div>\n<\/p><\/div>\n<p>                            <button class=\"flex justify-center items-center w-full bg-brand-green text-white text-base font-sans font-medium rounded-md hover:bg-brand-green-700 hover:cursor-pointer md:text-sm w-full h-12 duration-200 ease-in-out hover:bg-brand-green-700 md:hidden md:h-10\"><\/p>\n<p>    Obtenez une offre<br \/>\n<\/button><\/p>\n<div class=\"flex flex-col items-center w-full md:hidden font-sans leading-4 text-black\">\n<div class=\"flex flex-wrap items-center justify-center gap-x-1 md:justify-start\">\n        <span class=\"font-bold\"><\/p>\n<p>            449,99\u00a0$<br \/>\n                            <span class=\"font-medium\">chez Amazon<\/span><br \/>\n                    <\/span><br \/>\n                    <img decoding=\"async\" class=\"mt-0 h-(15px)\" src=\"https:\/\/vieassociative.be\/actualites\/wp-content\/uploads\/2025\/01\/Les-nouveaux-Apple-AirPods-Max-viennent-de-tomber-a-un.svg.svg+xml\" title=\"Amazon Premier\" alt=\"Amazon Premier\">\n            <\/div>\n<div class=\"flex items-center justify-center gap-x-1 font-bold md:justify-start\">\n            <span class=\"text-sm line-through\">549,00\u00a0$<\/span><br \/>\n            <span class=\"text-sm text-brand-green\">\u00c9conomisez 99,01\u00a0$<\/span>\n        <\/div>\n<\/p><\/div>\n<div class=\"flex w-full gap-x-5\">\n<div class=\"flex w-full flex-col flex-nowrap justify-center gap-2 text-black no-underline md:order-2 md:gap-y-6\">\n<div class=\"flex flex-col justify-between gap-y-2 md:w-full md:gap-y-1\">\n<div class=\"block font-sans text-xs font-semibold capitalize leading-3 text-gray-900 md:leading-4\">Chargement \u00e9clair, suppression active du bruit, mode transparence, audio spatial personnalis\u00e9.<\/div>\n<div class=\"block w-fit cursor-pointer font-akshar text-lg font-medium leading-5 text-brand-green duration-200 ease-in-out hover:text-brand-green-700 md:text-xl md:leading-6\">\n<p>                            (Plus anciens) Apple AirPods Max\n                        <\/p><\/div>\n<\/p><\/div>\n<div class=\"hidden md:flex md:justify-between md:gap-x-4\">\n<div class=\"w-full mb-0 md:flex md:flex-col md:justify-center font-sans leading-4 text-black\">\n<div class=\"flex flex-wrap items-center justify-center gap-x-1 md:justify-start\">\n        <span class=\"font-bold\"><\/p>\n<p>            399,99\u00a0$<br \/>\n                            <span class=\"font-medium\">chez Best Buy<\/span><br \/>\n                    <\/span>\n            <\/div>\n<div class=\"flex items-center justify-center gap-x-1 font-bold md:justify-start\">\n            <span class=\"text-sm line-through\">549,99\u00a0$<\/span><br \/>\n            <span class=\"text-sm text-brand-green\">\u00c9conomisez 150,00\u00a0$<\/span>\n        <\/div>\n<\/p><\/div>\n<p>                            <button class=\"flex justify-center items-center w-full bg-brand-green text-white text-base font-sans font-medium rounded-md hover:bg-brand-green-700 hover:cursor-pointer md:text-sm hidden self-end h-12 max-w-(10rem) duration-200 ease-in-out hover:bg-brand-green-700 md:flex md:h-10\"><\/p>\n<p>    Obtenez une offre<br \/>\n<\/button>\n                        <\/div>\n<\/p><\/div>\n<div class=\"flex aspect-video h-(90px) shrink-0 items-center justify-center self-center md:order-1\">\n                        <img decoding=\"async\" class=\"m-0 max-h-full max-w-full rounded-md\" src=\"https:\/\/vieassociative.be\/actualites\/wp-content\/uploads\/2025\/01\/1737227965_375_Les-nouveaux-Apple-AirPods-Max-viennent-de-tomber-a-un.jpg\" alt=\"\u00c9couteurs supra-auriculaires sans fil Apple AirPods Max\" width=\"auto\" height=\"auto\" loading=\"lazy\">\n                    <\/div>\n<\/p><\/div>\n<p>                            <button class=\"flex justify-center items-center w-full bg-brand-green text-white text-base font-sans font-medium rounded-md hover:bg-brand-green-700 hover:cursor-pointer md:text-sm w-full h-12 duration-200 ease-in-out hover:bg-brand-green-700 md:hidden md:h-10\"><\/p>\n<p>    Obtenez une offre<br \/>\n<\/button><\/p>\n<div class=\"flex flex-col items-center w-full md:hidden font-sans leading-4 text-black\">\n<div class=\"flex flex-wrap items-center justify-center gap-x-1 md:justify-start\">\n        <span class=\"font-bold\"><\/p>\n<p>            399,99\u00a0$<br \/>\n                            <span class=\"font-medium\">chez Best Buy<\/span><br \/>\n                    <\/span>\n            <\/div>\n<div class=\"flex items-center justify-center gap-x-1 font-bold md:justify-start\">\n            <span class=\"text-sm line-through\">549,99\u00a0$<\/span><br \/>\n            <span class=\"text-sm text-brand-green\">\u00c9conomisez 150,00\u00a0$<\/span>\n        <\/div>\n<\/p><\/div>\n<\/div>\n<p>Lorsque les AirPods Max sont sortis en 2020, il n&rsquo;y avait pas autant de concurrence pour les \u00e9couteurs capables d&rsquo;obtenir une suppression active du bruit (ANC), des fonctionnalit\u00e9s de sensibilisation ambiante et de fournir \u00e9galement un son de premier ordre. De nos jours, la concurrence est rude dans toutes ces cat\u00e9gories, surtout \u00e0 ce niveau de prix. Cependant, acheter des AirPods Max est un <em>d\u00e9claration<\/em>. M\u00eame s&rsquo;ils ne portent pas le logo Apple, vous payez un prix \u00e9lev\u00e9 pour cette reconnaissance. Si c&rsquo;est ce que vous recherchez, ces \u00e9couteurs sont ce qu&rsquo;il vous faut.<\/p>\n<p>En ce qui concerne les fonctionnalit\u00e9s, les AirPods Max ne sont pas remplis \u00e0 craquer, mais les quelques-uns dont ils disposent sont de tr\u00e8s bonne qualit\u00e9, ce qui correspond \u00e0 l&rsquo;ambiance minimaliste d&rsquo;Apple. Ce sont quelques-uns des meilleurs \u00e9couteurs ANC que vous puissiez acheter (ils ne vous donnent pas cette \u00e9trange sensation de pression lorsque vous les allumez), ont une tr\u00e8s bonne conscience ambiante pour bien entendre votre environnement, ont un \u00e9galiseur adaptatif et un audio spatial, qui ajuste le audio automatiquement \u00e0 vous et \u00e0 votre environnement, et Siri mains libres, selon l'\u00a0\u00bbexcellente\u00a0\u00bb critique de PCMag. <\/p>\n<p>Certains des inconv\u00e9nients sont qu\u2019ils sont plus lourds que les \u00e9couteurs ordinaires (13,6 onces). Cela vient du choix d\u2019utiliser du m\u00e9tal pour les oreillettes. Vous ne pouvez pas non plus r\u00e9gler manuellement l&rsquo;\u00e9galiseur \u00e0 votre guise, donc si vous n&rsquo;aimez pas la signature sonore, vous n&rsquo;avez pas de chance. Enfin, l&rsquo;\u00e9tui intelligent qui l&rsquo;accompagne est bien moche et ne prot\u00e8ge pas le maillage qui repose sur votre t\u00eate (une partie d\u00e9licate du casque). Vous avez \u00e9galement besoin de cet \u00e9tui intelligent pour mettre vos \u00e9couteurs en mode \u00ab veille \u00bb afin que vos 20 heures de batterie ne soient pas \u00e9puis\u00e9es.<\/p>\n","protected":false},"excerpt":{"rendered":"<p>Les meilleurs \u00e9couteurs pour les utilisateurs Apple b\u00e9n\u00e9ficient d\u2019une r\u00e9duction de 100 $, d\u00e9passant les prix du Prime Day et du Black Friday. Les AirPods<\/p>\n","protected":false},"author":1,"featured_media":4426,"comment_status":"","ping_status":"","sticky":false,"template":"","format":"standard","meta":{"footnotes":""},"categories":[13],"tags":[15,54,14,16,2052,1399,2568,3753,1626],"class_list":["post-4425","post","type-post","status-publish","format-standard","has-post-thumbnail","hentry","category-technologie","tag-airpods","tag-apple","tag-les","tag-max","tag-nouveaux","tag-prix","tag-record","tag-tomber","tag-viennent","generate-columns","tablet-grid-50","mobile-grid-100","grid-parent","grid-33"],"yoast_head":"<!-- This site is optimized with the Yoast SEO plugin v24.0 - https:\/\/yoast.com\/wordpress\/plugins\/seo\/ -->\n<title>Les nouveaux Apple AirPods Max viennent de tomber \u00e0 un prix record | Vie Associative<\/title>\n<meta name=\"robots\" content=\"index, follow, max-snippet:-1, max-image-preview:large, max-video-preview:-1\" \/>\n<link rel=\"canonical\" href=\"https:\/\/vieassociative.be\/actualites\/les-nouveaux-apple-airpods-max-viennent-de-tomber-a-un-prix-record\/\" \/>\n<meta property=\"og:locale\" content=\"fr_FR\" \/>\n<meta property=\"og:type\" content=\"article\" \/>\n<meta property=\"og:title\" content=\"Les nouveaux Apple AirPods Max viennent de tomber \u00e0 un prix record | Vie Associative\" \/>\n<meta property=\"og:description\" content=\"Les meilleurs \u00e9couteurs pour les utilisateurs Apple b\u00e9n\u00e9ficient d\u2019une r\u00e9duction de 100 $, d\u00e9passant les prix du Prime Day et du Black Friday. Les AirPods\" \/>\n<meta property=\"og:url\" content=\"https:\/\/vieassociative.be\/actualites\/les-nouveaux-apple-airpods-max-viennent-de-tomber-a-un-prix-record\/\" \/>\n<meta property=\"og:site_name\" content=\"Vie Associative\" \/>\n<meta property=\"article:published_time\" content=\"2025-01-18T19:19:25+00:00\" \/>\n<meta property=\"og:image\" content=\"https:\/\/vieassociative.be\/actualites\/wp-content\/uploads\/2025\/01\/Les-nouveaux-Apple-AirPods-Max-viennent-de-tomber-a-un.svg.svg+xml\" \/>\n<meta name=\"author\" content=\"Julien\" \/>\n<meta name=\"twitter:card\" content=\"summary_large_image\" \/>\n<meta name=\"twitter:label1\" content=\"\u00c9crit par\" \/>\n\t<meta name=\"twitter:data1\" content=\"Julien\" \/>\n\t<meta name=\"twitter:label2\" content=\"Dur\u00e9e de lecture est.\" \/>\n\t<meta name=\"twitter:data2\" content=\"2 minutes\" \/>\n<script type=\"application\/ld+json\" class=\"yoast-schema-graph\">{\"@context\":\"https:\/\/schema.org\",\"@graph\":[{\"@type\":\"Article\",\"@id\":\"https:\/\/vieassociative.be\/actualites\/les-nouveaux-apple-airpods-max-viennent-de-tomber-a-un-prix-record\/#article\",\"isPartOf\":{\"@id\":\"https:\/\/vieassociative.be\/actualites\/les-nouveaux-apple-airpods-max-viennent-de-tomber-a-un-prix-record\/\"},\"author\":{\"name\":\"Julien\",\"@id\":\"https:\/\/vieassociative.be\/actualites\/#\/schema\/person\/b87ac4f82f9d4e7b7cec7395b679edc4\"},\"headline\":\"Les nouveaux Apple AirPods Max viennent de tomber \u00e0 un prix record\",\"datePublished\":\"2025-01-18T19:19:25+00:00\",\"dateModified\":\"2025-01-18T19:19:25+00:00\",\"mainEntityOfPage\":{\"@id\":\"https:\/\/vieassociative.be\/actualites\/les-nouveaux-apple-airpods-max-viennent-de-tomber-a-un-prix-record\/\"},\"wordCount\":507,\"publisher\":{\"@id\":\"https:\/\/vieassociative.be\/actualites\/#organization\"},\"image\":{\"@id\":\"https:\/\/vieassociative.be\/actualites\/les-nouveaux-apple-airpods-max-viennent-de-tomber-a-un-prix-record\/#primaryimage\"},\"thumbnailUrl\":\"https:\/\/vieassociative.be\/actualites\/wp-content\/uploads\/2025\/01\/Les-nouveaux-Apple-AirPods-Max-viennent-de-tomber-a-un.png\",\"keywords\":[\"AirPods\",\"Apple\",\"Les\",\"Max\",\"nouveaux\",\"prix\",\"record\",\"tomber\",\"viennent\"],\"articleSection\":[\"Technologie\"],\"inLanguage\":\"fr-BE\"},{\"@type\":\"WebPage\",\"@id\":\"https:\/\/vieassociative.be\/actualites\/les-nouveaux-apple-airpods-max-viennent-de-tomber-a-un-prix-record\/\",\"url\":\"https:\/\/vieassociative.be\/actualites\/les-nouveaux-apple-airpods-max-viennent-de-tomber-a-un-prix-record\/\",\"name\":\"Les nouveaux Apple AirPods Max viennent de tomber \u00e0 un prix record | Vie Associative\",\"isPartOf\":{\"@id\":\"https:\/\/vieassociative.be\/actualites\/#website\"},\"primaryImageOfPage\":{\"@id\":\"https:\/\/vieassociative.be\/actualites\/les-nouveaux-apple-airpods-max-viennent-de-tomber-a-un-prix-record\/#primaryimage\"},\"image\":{\"@id\":\"https:\/\/vieassociative.be\/actualites\/les-nouveaux-apple-airpods-max-viennent-de-tomber-a-un-prix-record\/#primaryimage\"},\"thumbnailUrl\":\"https:\/\/vieassociative.be\/actualites\/wp-content\/uploads\/2025\/01\/Les-nouveaux-Apple-AirPods-Max-viennent-de-tomber-a-un.png\",\"datePublished\":\"2025-01-18T19:19:25+00:00\",\"dateModified\":\"2025-01-18T19:19:25+00:00\",\"breadcrumb\":{\"@id\":\"https:\/\/vieassociative.be\/actualites\/les-nouveaux-apple-airpods-max-viennent-de-tomber-a-un-prix-record\/#breadcrumb\"},\"inLanguage\":\"fr-BE\",\"potentialAction\":[{\"@type\":\"ReadAction\",\"target\":[\"https:\/\/vieassociative.be\/actualites\/les-nouveaux-apple-airpods-max-viennent-de-tomber-a-un-prix-record\/\"]}]},{\"@type\":\"ImageObject\",\"inLanguage\":\"fr-BE\",\"@id\":\"https:\/\/vieassociative.be\/actualites\/les-nouveaux-apple-airpods-max-viennent-de-tomber-a-un-prix-record\/#primaryimage\",\"url\":\"https:\/\/vieassociative.be\/actualites\/wp-content\/uploads\/2025\/01\/Les-nouveaux-Apple-AirPods-Max-viennent-de-tomber-a-un.png\",\"contentUrl\":\"https:\/\/vieassociative.be\/actualites\/wp-content\/uploads\/2025\/01\/Les-nouveaux-Apple-AirPods-Max-viennent-de-tomber-a-un.png\",\"width\":1200,\"height\":675,\"caption\":\"Les nouveaux Apple AirPods Max viennent de tomber \u00e0 un prix record\"},{\"@type\":\"BreadcrumbList\",\"@id\":\"https:\/\/vieassociative.be\/actualites\/les-nouveaux-apple-airpods-max-viennent-de-tomber-a-un-prix-record\/#breadcrumb\",\"itemListElement\":[{\"@type\":\"ListItem\",\"position\":1,\"name\":\"Accueil\",\"item\":\"https:\/\/vieassociative.be\/actualites\/\"},{\"@type\":\"ListItem\",\"position\":2,\"name\":\"Les nouveaux Apple AirPods Max viennent de tomber \u00e0 un prix record\"}]},{\"@type\":\"WebSite\",\"@id\":\"https:\/\/vieassociative.be\/actualites\/#website\",\"url\":\"https:\/\/vieassociative.be\/actualites\/\",\"name\":\"Vie Associative\",\"description\":\"\",\"publisher\":{\"@id\":\"https:\/\/vieassociative.be\/actualites\/#organization\"},\"potentialAction\":[{\"@type\":\"SearchAction\",\"target\":{\"@type\":\"EntryPoint\",\"urlTemplate\":\"https:\/\/vieassociative.be\/actualites\/?s={search_term_string}\"},\"query-input\":{\"@type\":\"PropertyValueSpecification\",\"valueRequired\":true,\"valueName\":\"search_term_string\"}}],\"inLanguage\":\"fr-BE\"},{\"@type\":\"Organization\",\"@id\":\"https:\/\/vieassociative.be\/actualites\/#organization\",\"name\":\"Vie Associative\",\"url\":\"https:\/\/vieassociative.be\/actualites\/\",\"logo\":{\"@type\":\"ImageObject\",\"inLanguage\":\"fr-BE\",\"@id\":\"https:\/\/vieassociative.be\/actualites\/#\/schema\/logo\/image\/\",\"url\":\"https:\/\/vieassociative.be\/actualites\/wp-content\/uploads\/2024\/09\/cropped-vieassociative_favicon.ico.png\",\"contentUrl\":\"https:\/\/vieassociative.be\/actualites\/wp-content\/uploads\/2024\/09\/cropped-vieassociative_favicon.ico.png\",\"width\":512,\"height\":512,\"caption\":\"Vie Associative\"},\"image\":{\"@id\":\"https:\/\/vieassociative.be\/actualites\/#\/schema\/logo\/image\/\"}},{\"@type\":\"Person\",\"@id\":\"https:\/\/vieassociative.be\/actualites\/#\/schema\/person\/b87ac4f82f9d4e7b7cec7395b679edc4\",\"name\":\"Julien\",\"image\":{\"@type\":\"ImageObject\",\"inLanguage\":\"fr-BE\",\"@id\":\"https:\/\/vieassociative.be\/actualites\/#\/schema\/person\/image\/\",\"url\":\"https:\/\/vieassociative.be\/actualites\/wp-content\/uploads\/2024\/09\/vie-associative-1-150x150.jpg\",\"contentUrl\":\"https:\/\/vieassociative.be\/actualites\/wp-content\/uploads\/2024\/09\/vie-associative-1-150x150.jpg\",\"caption\":\"Julien\"},\"description\":\"Je suis Julien, r\u00e9dacteur pour Vie Associative. Passionn\u00e9 par le monde associatif depuis plus de 10 ans, j'ai \u00e0 c\u0153ur de partager des histoires inspirantes et de mettre en lumi\u00e8re les initiatives locales. Mon objectif est de sensibiliser et d'encourager l'engagement communautaire \u00e0 travers mes articles.\",\"sameAs\":[\"https:\/\/vieassociative.be\/\"]}]}<\/script>\n<!-- \/ Yoast SEO plugin. -->","yoast_head_json":{"title":"Les nouveaux Apple AirPods Max viennent de tomber \u00e0 un prix record | Vie Associative","robots":{"index":"index","follow":"follow","max-snippet":"max-snippet:-1","max-image-preview":"max-image-preview:large","max-video-preview":"max-video-preview:-1"},"canonical":"https:\/\/vieassociative.be\/actualites\/les-nouveaux-apple-airpods-max-viennent-de-tomber-a-un-prix-record\/","og_locale":"fr_FR","og_type":"article","og_title":"Les nouveaux Apple AirPods Max viennent de tomber \u00e0 un prix record | Vie Associative","og_description":"Les meilleurs \u00e9couteurs pour les utilisateurs Apple b\u00e9n\u00e9ficient d\u2019une r\u00e9duction de 100 $, d\u00e9passant les prix du Prime Day et du Black Friday. Les AirPods","og_url":"https:\/\/vieassociative.be\/actualites\/les-nouveaux-apple-airpods-max-viennent-de-tomber-a-un-prix-record\/","og_site_name":"Vie Associative","article_published_time":"2025-01-18T19:19:25+00:00","og_image":[{"url":"https:\/\/vieassociative.be\/actualites\/wp-content\/uploads\/2025\/01\/Les-nouveaux-Apple-AirPods-Max-viennent-de-tomber-a-un.svg.svg+xml","type":"","width":"","height":""}],"author":"Julien","twitter_card":"summary_large_image","twitter_misc":{"\u00c9crit par":"Julien","Dur\u00e9e de lecture est.":"2 minutes"},"schema":{"@context":"https:\/\/schema.org","@graph":[{"@type":"Article","@id":"https:\/\/vieassociative.be\/actualites\/les-nouveaux-apple-airpods-max-viennent-de-tomber-a-un-prix-record\/#article","isPartOf":{"@id":"https:\/\/vieassociative.be\/actualites\/les-nouveaux-apple-airpods-max-viennent-de-tomber-a-un-prix-record\/"},"author":{"name":"Julien","@id":"https:\/\/vieassociative.be\/actualites\/#\/schema\/person\/b87ac4f82f9d4e7b7cec7395b679edc4"},"headline":"Les nouveaux Apple AirPods Max viennent de tomber \u00e0 un prix record","datePublished":"2025-01-18T19:19:25+00:00","dateModified":"2025-01-18T19:19:25+00:00","mainEntityOfPage":{"@id":"https:\/\/vieassociative.be\/actualites\/les-nouveaux-apple-airpods-max-viennent-de-tomber-a-un-prix-record\/"},"wordCount":507,"publisher":{"@id":"https:\/\/vieassociative.be\/actualites\/#organization"},"image":{"@id":"https:\/\/vieassociative.be\/actualites\/les-nouveaux-apple-airpods-max-viennent-de-tomber-a-un-prix-record\/#primaryimage"},"thumbnailUrl":"https:\/\/vieassociative.be\/actualites\/wp-content\/uploads\/2025\/01\/Les-nouveaux-Apple-AirPods-Max-viennent-de-tomber-a-un.png","keywords":["AirPods","Apple","Les","Max","nouveaux","prix","record","tomber","viennent"],"articleSection":["Technologie"],"inLanguage":"fr-BE"},{"@type":"WebPage","@id":"https:\/\/vieassociative.be\/actualites\/les-nouveaux-apple-airpods-max-viennent-de-tomber-a-un-prix-record\/","url":"https:\/\/vieassociative.be\/actualites\/les-nouveaux-apple-airpods-max-viennent-de-tomber-a-un-prix-record\/","name":"Les nouveaux Apple AirPods Max viennent de tomber \u00e0 un prix record | Vie Associative","isPartOf":{"@id":"https:\/\/vieassociative.be\/actualites\/#website"},"primaryImageOfPage":{"@id":"https:\/\/vieassociative.be\/actualites\/les-nouveaux-apple-airpods-max-viennent-de-tomber-a-un-prix-record\/#primaryimage"},"image":{"@id":"https:\/\/vieassociative.be\/actualites\/les-nouveaux-apple-airpods-max-viennent-de-tomber-a-un-prix-record\/#primaryimage"},"thumbnailUrl":"https:\/\/vieassociative.be\/actualites\/wp-content\/uploads\/2025\/01\/Les-nouveaux-Apple-AirPods-Max-viennent-de-tomber-a-un.png","datePublished":"2025-01-18T19:19:25+00:00","dateModified":"2025-01-18T19:19:25+00:00","breadcrumb":{"@id":"https:\/\/vieassociative.be\/actualites\/les-nouveaux-apple-airpods-max-viennent-de-tomber-a-un-prix-record\/#breadcrumb"},"inLanguage":"fr-BE","potentialAction":[{"@type":"ReadAction","target":["https:\/\/vieassociative.be\/actualites\/les-nouveaux-apple-airpods-max-viennent-de-tomber-a-un-prix-record\/"]}]},{"@type":"ImageObject","inLanguage":"fr-BE","@id":"https:\/\/vieassociative.be\/actualites\/les-nouveaux-apple-airpods-max-viennent-de-tomber-a-un-prix-record\/#primaryimage","url":"https:\/\/vieassociative.be\/actualites\/wp-content\/uploads\/2025\/01\/Les-nouveaux-Apple-AirPods-Max-viennent-de-tomber-a-un.png","contentUrl":"https:\/\/vieassociative.be\/actualites\/wp-content\/uploads\/2025\/01\/Les-nouveaux-Apple-AirPods-Max-viennent-de-tomber-a-un.png","width":1200,"height":675,"caption":"Les nouveaux Apple AirPods Max viennent de tomber \u00e0 un prix record"},{"@type":"BreadcrumbList","@id":"https:\/\/vieassociative.be\/actualites\/les-nouveaux-apple-airpods-max-viennent-de-tomber-a-un-prix-record\/#breadcrumb","itemListElement":[{"@type":"ListItem","position":1,"name":"Accueil","item":"https:\/\/vieassociative.be\/actualites\/"},{"@type":"ListItem","position":2,"name":"Les nouveaux Apple AirPods Max viennent de tomber \u00e0 un prix record"}]},{"@type":"WebSite","@id":"https:\/\/vieassociative.be\/actualites\/#website","url":"https:\/\/vieassociative.be\/actualites\/","name":"Vie Associative","description":"","publisher":{"@id":"https:\/\/vieassociative.be\/actualites\/#organization"},"potentialAction":[{"@type":"SearchAction","target":{"@type":"EntryPoint","urlTemplate":"https:\/\/vieassociative.be\/actualites\/?s={search_term_string}"},"query-input":{"@type":"PropertyValueSpecification","valueRequired":true,"valueName":"search_term_string"}}],"inLanguage":"fr-BE"},{"@type":"Organization","@id":"https:\/\/vieassociative.be\/actualites\/#organization","name":"Vie Associative","url":"https:\/\/vieassociative.be\/actualites\/","logo":{"@type":"ImageObject","inLanguage":"fr-BE","@id":"https:\/\/vieassociative.be\/actualites\/#\/schema\/logo\/image\/","url":"https:\/\/vieassociative.be\/actualites\/wp-content\/uploads\/2024\/09\/cropped-vieassociative_favicon.ico.png","contentUrl":"https:\/\/vieassociative.be\/actualites\/wp-content\/uploads\/2024\/09\/cropped-vieassociative_favicon.ico.png","width":512,"height":512,"caption":"Vie Associative"},"image":{"@id":"https:\/\/vieassociative.be\/actualites\/#\/schema\/logo\/image\/"}},{"@type":"Person","@id":"https:\/\/vieassociative.be\/actualites\/#\/schema\/person\/b87ac4f82f9d4e7b7cec7395b679edc4","name":"Julien","image":{"@type":"ImageObject","inLanguage":"fr-BE","@id":"https:\/\/vieassociative.be\/actualites\/#\/schema\/person\/image\/","url":"https:\/\/vieassociative.be\/actualites\/wp-content\/uploads\/2024\/09\/vie-associative-1-150x150.jpg","contentUrl":"https:\/\/vieassociative.be\/actualites\/wp-content\/uploads\/2024\/09\/vie-associative-1-150x150.jpg","caption":"Julien"},"description":"Je suis Julien, r\u00e9dacteur pour Vie Associative. Passionn\u00e9 par le monde associatif depuis plus de 10 ans, j'ai \u00e0 c\u0153ur de partager des histoires inspirantes et de mettre en lumi\u00e8re les initiatives locales. Mon objectif est de sensibiliser et d'encourager l'engagement communautaire \u00e0 travers mes articles.","sameAs":["https:\/\/vieassociative.be\/"]}]}},"_links":{"self":[{"href":"https:\/\/vieassociative.be\/actualites\/wp-json\/wp\/v2\/posts\/4425"}],"collection":[{"href":"https:\/\/vieassociative.be\/actualites\/wp-json\/wp\/v2\/posts"}],"about":[{"href":"https:\/\/vieassociative.be\/actualites\/wp-json\/wp\/v2\/types\/post"}],"author":[{"embeddable":true,"href":"https:\/\/vieassociative.be\/actualites\/wp-json\/wp\/v2\/users\/1"}],"replies":[{"embeddable":true,"href":"https:\/\/vieassociative.be\/actualites\/wp-json\/wp\/v2\/comments?post=4425"}],"version-history":[{"count":0,"href":"https:\/\/vieassociative.be\/actualites\/wp-json\/wp\/v2\/posts\/4425\/revisions"}],"wp:featuredmedia":[{"embeddable":true,"href":"https:\/\/vieassociative.be\/actualites\/wp-json\/wp\/v2\/media\/4426"}],"wp:attachment":[{"href":"https:\/\/vieassociative.be\/actualites\/wp-json\/wp\/v2\/media?parent=4425"}],"wp:term":[{"taxonomy":"category","embeddable":true,"href":"https:\/\/vieassociative.be\/actualites\/wp-json\/wp\/v2\/categories?post=4425"},{"taxonomy":"post_tag","embeddable":true,"href":"https:\/\/vieassociative.be\/actualites\/wp-json\/wp\/v2\/tags?post=4425"}],"curies":[{"name":"wp","href":"https:\/\/api.w.org\/{rel}","templated":true}]}}