{"id":4418,"date":"2025-01-18T15:18:45","date_gmt":"2025-01-18T14:18:45","guid":{"rendered":"https:\/\/vieassociative.be\/actualites\/la-nouvelle-annee-ne-commence-quaujourdhui-pour-las-eupen-le-rwdm-est-invite-a-16h\/"},"modified":"2025-01-18T15:18:45","modified_gmt":"2025-01-18T14:18:45","slug":"la-nouvelle-annee-ne-commence-quaujourdhui-pour-las-eupen-le-rwdm-est-invite-a-16h","status":"publish","type":"post","link":"https:\/\/vieassociative.be\/actualites\/la-nouvelle-annee-ne-commence-quaujourdhui-pour-las-eupen-le-rwdm-est-invite-a-16h\/","title":{"rendered":"La nouvelle ann\u00e9e ne commence qu&rsquo;aujourd&rsquo;hui pour l&rsquo;AS Eupen &#8211; le RWDM est invit\u00e9 \u00e0 16h"},"content":{"rendered":"<p><strong>Repos\u00e9e apr\u00e8s une pause de quatre semaines, mais \u00e9galement sans entra\u00eenement de match n\u00e9cessaire, l&rsquo;\u00e9quipe de football de deuxi\u00e8me division de l&rsquo;AS Eupen accueille ce samedi (16h \/ en direct sur DAZN), le pr\u00e9tendant \u00e0 la promotion, le RWD Molenbeek.<\/strong><\/p>\n<p><span id=\"more-406339\"><\/span>La rencontre contre l&rsquo;\u00e9quipe rel\u00e9gu\u00e9e de la Jupiler Pro League pr\u00e9sente un grand int\u00e9r\u00eat \u00e0 plusieurs \u00e9gards. Il s&rsquo;agit d&rsquo;un match cl\u00e9 pour l&rsquo;\u00e9quipe d&rsquo;Eupen, car en fonction du r\u00e9sultat du match, il sera d\u00e9cid\u00e9 si le parcours des Noirs et des Blancs montera ou descendra au classement. En th\u00e9orie, la 6\u00e8me place et la ronde de promotion sont encore r\u00e9alisables, mais cela n\u00e9cessite une \u00e9norme am\u00e9lioration par rapport \u00e0 la premi\u00e8re moiti\u00e9 de saison.<\/p>\n<div id=\"attachment_373491\" class=\"wp-caption alignleft\" style=\"max-width: 300px\"><img fetchpriority=\"high\" decoding=\"async\" class=\"wp-image-373491 size-medium\" src=\"https:\/\/vieassociative.be\/actualites\/wp-content\/uploads\/2025\/01\/La-nouvelle-annee-ne-commence-quaujourdhui-pour-lAS-Eupen.jpg\" alt=\"\" width=\"300\" height=\"210\"><\/p>\n<p class=\"wp-caption-text\">L&rsquo;attaquant d&rsquo;Eupen Renaud Emond (2e \u00e0 partir de la droite, ici dans le match au RWDM). Eupen et Molenbeek se retrouvent \u00e0 nouveau en rel\u00e9gation. Photo de : Belga<\/p>\n<\/div>\n<p>L&rsquo;enjeu est \u00e9galement important pour les invit\u00e9s de Molenbeek aujourd&rsquo;hui. Contrairement \u00e0 l&rsquo;AS Eupen, l&rsquo;\u00e9quipe rel\u00e9gu\u00e9e fait partie des favoris dans la lutte pour la promotion directe (places 1 et 2). Le RWDM n&rsquo;est cependant que troisi\u00e8me apr\u00e8s 16 matchs, \u00e0 9 points de Zulte Waregem et 3 points de La Louvi\u00e8re. Le RWDM a remport\u00e9 le match aller \u00e0 Molenbeek 2-1 malgr\u00e9 un retard pr\u00e9coce gr\u00e2ce \u00e0 un but de Renaud Emond d\u00e8s la 1\u00e8re minute.<\/p>\n<p>Contre Molenbeek, l&rsquo;entra\u00eeneur de l&rsquo;AS Mersad Selimbegovic devra se passer de Regan Charles-Cook, Teddy Alloh, Kevin M\u00f6hwald, Nathan Bitumazala, Manaf Nurudeen et Isaac Nuhu.<\/p>\n<p>Samedi, dans une semaine, les Eupeners affronteront le prochain favori dans la lutte pour l&rsquo;une des deux places de promotion directe, car AS affrontera alors le redoutable adversaire du SV Zulte Waregem avant que Lommel et le SK Lierse ne se rendent au stade Kehrweg. (cr\u00e9er)<\/p>\n<p><em><strong>Sur le sujet, voir aussi l&rsquo;article suivant sur l&rsquo;OD :<\/strong><\/em><\/p>\n<div class=\"responsive-embed widescreen\">\n<blockquote class=\"wp-embedded-content\" data-secret=\"aZjt8KzvNa\">\n<p>L&rsquo;\u00e9ternel jeune Christian Br\u00fcls : SK Beveren 14e station dans la carri\u00e8re de footballeur d&rsquo;Ameler, 36 ans<\/p>\n<\/blockquote>\n<p><iframe loading=\"lazy\" class=\"wp-embedded-content\" sandbox=\"allow-scripts\" security=\"restricted\" style=\"position: absolute; visibility: hidden;\" title=\"\u201eDer ewig junge Christian Br\u00fcls: SK Beveren 14. Station in der Fu\u00dfballerkarriere des 36-j\u00e4hrigen Amelers\u201c \u2014 Ostbelgien Direkt\" src=\"https:\/\/ostbelgiendirekt.be\/about:blank\" data-secret=\"aZjt8KzvNa\" width=\"500\" height=\"282\" frameborder=\"0\" marginwidth=\"0\" marginheight=\"0\" scrolling=\"no\" data-rocket-lazyload=\"fitvidscompatible\" data-lazy-src=\"https:\/\/ostbelgiendirekt.be\/der-ewig-junge-christian-bruels-406055\/embed#?secret=P7LVrm34P9#?secret=aZjt8KzvNa\"><\/iframe><noscript><iframe class=\"wp-embedded-content\" sandbox=\"allow-scripts\" security=\"restricted\" style=\"position: absolute; visibility: hidden;\" title=\"\u201eDer ewig junge Christian Br\u00fcls: SK Beveren 14. Station in der Fu\u00dfballerkarriere des 36-j\u00e4hrigen Amelers\u201c \u2014 Ostbelgien Direkt\" src=\"https:\/\/ostbelgiendirekt.be\/der-ewig-junge-christian-bruels-406055\/embed#?secret=P7LVrm34P9#?secret=aZjt8KzvNa\" data-secret=\"aZjt8KzvNa\" width=\"500\" height=\"282\" frameborder=\"0\" marginwidth=\"0\" marginheight=\"0\" scrolling=\"no\"><\/iframe><\/noscript><\/p>\n<\/div>\n","protected":false},"excerpt":{"rendered":"<p>Repos\u00e9e apr\u00e8s une pause de quatre semaines, mais \u00e9galement sans entra\u00eenement de match n\u00e9cessaire, l&rsquo;\u00e9quipe de football de deuxi\u00e8me division de l&rsquo;AS Eupen accueille ce<\/p>\n","protected":false},"author":1,"featured_media":4419,"comment_status":"","ping_status":"","sticky":false,"template":"","format":"standard","meta":{"footnotes":""},"categories":[298],"tags":[2620,549,1051,76,2329,4819,2353,491,81,4817,4818],"class_list":["post-4418","post","type-post","status-publish","format-standard","has-post-thumbnail","hentry","category-belgique","tag-16h","tag-annee","tag-commence","tag-est","tag-eupen","tag-invite","tag-las","tag-nouvelle","tag-pour","tag-quaujourdhui","tag-rwdm","generate-columns","tablet-grid-50","mobile-grid-100","grid-parent","grid-33"],"yoast_head":"<!-- This site is optimized with the Yoast SEO plugin v24.0 - https:\/\/yoast.com\/wordpress\/plugins\/seo\/ -->\n<title>La nouvelle ann\u00e9e ne commence qu&#039;aujourd&#039;hui pour l&#039;AS Eupen - le RWDM est invit\u00e9 \u00e0 16h | Vie Associative<\/title>\n<meta name=\"robots\" content=\"index, follow, max-snippet:-1, max-image-preview:large, max-video-preview:-1\" \/>\n<link rel=\"canonical\" href=\"https:\/\/vieassociative.be\/actualites\/la-nouvelle-annee-ne-commence-quaujourdhui-pour-las-eupen-le-rwdm-est-invite-a-16h\/\" \/>\n<meta property=\"og:locale\" content=\"fr_FR\" \/>\n<meta property=\"og:type\" content=\"article\" \/>\n<meta property=\"og:title\" content=\"La nouvelle ann\u00e9e ne commence qu&#039;aujourd&#039;hui pour l&#039;AS Eupen - le RWDM est invit\u00e9 \u00e0 16h | Vie Associative\" \/>\n<meta property=\"og:description\" content=\"Repos\u00e9e apr\u00e8s une pause de quatre semaines, mais \u00e9galement sans entra\u00eenement de match n\u00e9cessaire, l&rsquo;\u00e9quipe de football de deuxi\u00e8me division de l&rsquo;AS Eupen accueille ce\" \/>\n<meta property=\"og:url\" content=\"https:\/\/vieassociative.be\/actualites\/la-nouvelle-annee-ne-commence-quaujourdhui-pour-las-eupen-le-rwdm-est-invite-a-16h\/\" \/>\n<meta property=\"og:site_name\" content=\"Vie Associative\" \/>\n<meta property=\"article:published_time\" content=\"2025-01-18T14:18:45+00:00\" \/>\n<meta property=\"og:image\" content=\"https:\/\/vieassociative.be\/actualites\/wp-content\/uploads\/2024\/09\/header_backgroundk-01-e1726694325946.png\" \/>\n\t<meta property=\"og:image:width\" content=\"279\" \/>\n\t<meta property=\"og:image:height\" content=\"92\" \/>\n\t<meta property=\"og:image:type\" content=\"image\/png\" \/>\n<meta name=\"author\" content=\"Julien\" \/>\n<meta name=\"twitter:card\" content=\"summary_large_image\" \/>\n<meta name=\"twitter:label1\" content=\"\u00c9crit par\" \/>\n\t<meta name=\"twitter:data1\" content=\"Julien\" \/>\n\t<meta name=\"twitter:label2\" content=\"Dur\u00e9e de lecture est.\" \/>\n\t<meta name=\"twitter:data2\" content=\"2 minutes\" \/>\n<script type=\"application\/ld+json\" class=\"yoast-schema-graph\">{\"@context\":\"https:\/\/schema.org\",\"@graph\":[{\"@type\":\"Article\",\"@id\":\"https:\/\/vieassociative.be\/actualites\/la-nouvelle-annee-ne-commence-quaujourdhui-pour-las-eupen-le-rwdm-est-invite-a-16h\/#article\",\"isPartOf\":{\"@id\":\"https:\/\/vieassociative.be\/actualites\/la-nouvelle-annee-ne-commence-quaujourdhui-pour-las-eupen-le-rwdm-est-invite-a-16h\/\"},\"author\":{\"name\":\"Julien\",\"@id\":\"https:\/\/vieassociative.be\/actualites\/#\/schema\/person\/b87ac4f82f9d4e7b7cec7395b679edc4\"},\"headline\":\"La nouvelle ann\u00e9e ne commence qu&rsquo;aujourd&rsquo;hui pour l&rsquo;AS Eupen &#8211; le RWDM est invit\u00e9 \u00e0 16h\",\"datePublished\":\"2025-01-18T14:18:45+00:00\",\"dateModified\":\"2025-01-18T14:18:45+00:00\",\"mainEntityOfPage\":{\"@id\":\"https:\/\/vieassociative.be\/actualites\/la-nouvelle-annee-ne-commence-quaujourdhui-pour-las-eupen-le-rwdm-est-invite-a-16h\/\"},\"wordCount\":372,\"publisher\":{\"@id\":\"https:\/\/vieassociative.be\/actualites\/#organization\"},\"image\":{\"@id\":\"https:\/\/vieassociative.be\/actualites\/la-nouvelle-annee-ne-commence-quaujourdhui-pour-las-eupen-le-rwdm-est-invite-a-16h\/#primaryimage\"},\"thumbnailUrl\":\"https:\/\/vieassociative.be\/actualites\/wp-content\/uploads\/2025\/01\/1737209925_La-nouvelle-annee-ne-commence-quaujourdhui-pour-lAS-Eupen.jpg\",\"keywords\":[\"16h\",\"ann\u00e9e\",\"commenc\u00e9\",\"est\",\"Eupen\",\"invit\u00e9\",\"lAS\",\"nouvelle\",\"pour\",\"quaujourdhui\",\"RWDM\"],\"articleSection\":[\"Belgique\"],\"inLanguage\":\"fr-BE\"},{\"@type\":\"WebPage\",\"@id\":\"https:\/\/vieassociative.be\/actualites\/la-nouvelle-annee-ne-commence-quaujourdhui-pour-las-eupen-le-rwdm-est-invite-a-16h\/\",\"url\":\"https:\/\/vieassociative.be\/actualites\/la-nouvelle-annee-ne-commence-quaujourdhui-pour-las-eupen-le-rwdm-est-invite-a-16h\/\",\"name\":\"La nouvelle ann\u00e9e ne commence qu'aujourd'hui pour l'AS Eupen - le RWDM est invit\u00e9 \u00e0 16h | Vie Associative\",\"isPartOf\":{\"@id\":\"https:\/\/vieassociative.be\/actualites\/#website\"},\"primaryImageOfPage\":{\"@id\":\"https:\/\/vieassociative.be\/actualites\/la-nouvelle-annee-ne-commence-quaujourdhui-pour-las-eupen-le-rwdm-est-invite-a-16h\/#primaryimage\"},\"image\":{\"@id\":\"https:\/\/vieassociative.be\/actualites\/la-nouvelle-annee-ne-commence-quaujourdhui-pour-las-eupen-le-rwdm-est-invite-a-16h\/#primaryimage\"},\"thumbnailUrl\":\"https:\/\/vieassociative.be\/actualites\/wp-content\/uploads\/2025\/01\/1737209925_La-nouvelle-annee-ne-commence-quaujourdhui-pour-lAS-Eupen.jpg\",\"datePublished\":\"2025-01-18T14:18:45+00:00\",\"dateModified\":\"2025-01-18T14:18:45+00:00\",\"breadcrumb\":{\"@id\":\"https:\/\/vieassociative.be\/actualites\/la-nouvelle-annee-ne-commence-quaujourdhui-pour-las-eupen-le-rwdm-est-invite-a-16h\/#breadcrumb\"},\"inLanguage\":\"fr-BE\",\"potentialAction\":[{\"@type\":\"ReadAction\",\"target\":[\"https:\/\/vieassociative.be\/actualites\/la-nouvelle-annee-ne-commence-quaujourdhui-pour-las-eupen-le-rwdm-est-invite-a-16h\/\"]}]},{\"@type\":\"ImageObject\",\"inLanguage\":\"fr-BE\",\"@id\":\"https:\/\/vieassociative.be\/actualites\/la-nouvelle-annee-ne-commence-quaujourdhui-pour-las-eupen-le-rwdm-est-invite-a-16h\/#primaryimage\",\"url\":\"https:\/\/vieassociative.be\/actualites\/wp-content\/uploads\/2025\/01\/1737209925_La-nouvelle-annee-ne-commence-quaujourdhui-pour-lAS-Eupen.jpg\",\"contentUrl\":\"https:\/\/vieassociative.be\/actualites\/wp-content\/uploads\/2025\/01\/1737209925_La-nouvelle-annee-ne-commence-quaujourdhui-pour-lAS-Eupen.jpg\",\"width\":1200,\"height\":800,\"caption\":\"La nouvelle ann\u00e9e ne commence qu'aujourd'hui pour l'AS Eupen - le RWDM est invit\u00e9 \u00e0 16h\"},{\"@type\":\"BreadcrumbList\",\"@id\":\"https:\/\/vieassociative.be\/actualites\/la-nouvelle-annee-ne-commence-quaujourdhui-pour-las-eupen-le-rwdm-est-invite-a-16h\/#breadcrumb\",\"itemListElement\":[{\"@type\":\"ListItem\",\"position\":1,\"name\":\"Accueil\",\"item\":\"https:\/\/vieassociative.be\/actualites\/\"},{\"@type\":\"ListItem\",\"position\":2,\"name\":\"La nouvelle ann\u00e9e ne commence qu&rsquo;aujourd&rsquo;hui pour l&rsquo;AS Eupen &#8211; le RWDM est invit\u00e9 \u00e0 16h\"}]},{\"@type\":\"WebSite\",\"@id\":\"https:\/\/vieassociative.be\/actualites\/#website\",\"url\":\"https:\/\/vieassociative.be\/actualites\/\",\"name\":\"Vie Associative\",\"description\":\"\",\"publisher\":{\"@id\":\"https:\/\/vieassociative.be\/actualites\/#organization\"},\"potentialAction\":[{\"@type\":\"SearchAction\",\"target\":{\"@type\":\"EntryPoint\",\"urlTemplate\":\"https:\/\/vieassociative.be\/actualites\/?s={search_term_string}\"},\"query-input\":{\"@type\":\"PropertyValueSpecification\",\"valueRequired\":true,\"valueName\":\"search_term_string\"}}],\"inLanguage\":\"fr-BE\"},{\"@type\":\"Organization\",\"@id\":\"https:\/\/vieassociative.be\/actualites\/#organization\",\"name\":\"Vie Associative\",\"url\":\"https:\/\/vieassociative.be\/actualites\/\",\"logo\":{\"@type\":\"ImageObject\",\"inLanguage\":\"fr-BE\",\"@id\":\"https:\/\/vieassociative.be\/actualites\/#\/schema\/logo\/image\/\",\"url\":\"https:\/\/vieassociative.be\/actualites\/wp-content\/uploads\/2024\/09\/cropped-vieassociative_favicon.ico.png\",\"contentUrl\":\"https:\/\/vieassociative.be\/actualites\/wp-content\/uploads\/2024\/09\/cropped-vieassociative_favicon.ico.png\",\"width\":512,\"height\":512,\"caption\":\"Vie Associative\"},\"image\":{\"@id\":\"https:\/\/vieassociative.be\/actualites\/#\/schema\/logo\/image\/\"}},{\"@type\":\"Person\",\"@id\":\"https:\/\/vieassociative.be\/actualites\/#\/schema\/person\/b87ac4f82f9d4e7b7cec7395b679edc4\",\"name\":\"Julien\",\"image\":{\"@type\":\"ImageObject\",\"inLanguage\":\"fr-BE\",\"@id\":\"https:\/\/vieassociative.be\/actualites\/#\/schema\/person\/image\/\",\"url\":\"https:\/\/vieassociative.be\/actualites\/wp-content\/uploads\/2024\/09\/vie-associative-1-150x150.jpg\",\"contentUrl\":\"https:\/\/vieassociative.be\/actualites\/wp-content\/uploads\/2024\/09\/vie-associative-1-150x150.jpg\",\"caption\":\"Julien\"},\"description\":\"Je suis Julien, r\u00e9dacteur pour Vie Associative. Passionn\u00e9 par le monde associatif depuis plus de 10 ans, j'ai \u00e0 c\u0153ur de partager des histoires inspirantes et de mettre en lumi\u00e8re les initiatives locales. Mon objectif est de sensibiliser et d'encourager l'engagement communautaire \u00e0 travers mes articles.\",\"sameAs\":[\"https:\/\/vieassociative.be\/\"]}]}<\/script>\n<!-- \/ Yoast SEO plugin. -->","yoast_head_json":{"title":"La nouvelle ann\u00e9e ne commence qu'aujourd'hui pour l'AS Eupen - le RWDM est invit\u00e9 \u00e0 16h | Vie Associative","robots":{"index":"index","follow":"follow","max-snippet":"max-snippet:-1","max-image-preview":"max-image-preview:large","max-video-preview":"max-video-preview:-1"},"canonical":"https:\/\/vieassociative.be\/actualites\/la-nouvelle-annee-ne-commence-quaujourdhui-pour-las-eupen-le-rwdm-est-invite-a-16h\/","og_locale":"fr_FR","og_type":"article","og_title":"La nouvelle ann\u00e9e ne commence qu'aujourd'hui pour l'AS Eupen - le RWDM est invit\u00e9 \u00e0 16h | Vie Associative","og_description":"Repos\u00e9e apr\u00e8s une pause de quatre semaines, mais \u00e9galement sans entra\u00eenement de match n\u00e9cessaire, l&rsquo;\u00e9quipe de football de deuxi\u00e8me division de l&rsquo;AS Eupen accueille ce","og_url":"https:\/\/vieassociative.be\/actualites\/la-nouvelle-annee-ne-commence-quaujourdhui-pour-las-eupen-le-rwdm-est-invite-a-16h\/","og_site_name":"Vie Associative","article_published_time":"2025-01-18T14:18:45+00:00","og_image":[{"width":279,"height":92,"url":"https:\/\/vieassociative.be\/actualites\/wp-content\/uploads\/2024\/09\/header_backgroundk-01-e1726694325946.png","type":"image\/png"}],"author":"Julien","twitter_card":"summary_large_image","twitter_misc":{"\u00c9crit par":"Julien","Dur\u00e9e de lecture est.":"2 minutes"},"schema":{"@context":"https:\/\/schema.org","@graph":[{"@type":"Article","@id":"https:\/\/vieassociative.be\/actualites\/la-nouvelle-annee-ne-commence-quaujourdhui-pour-las-eupen-le-rwdm-est-invite-a-16h\/#article","isPartOf":{"@id":"https:\/\/vieassociative.be\/actualites\/la-nouvelle-annee-ne-commence-quaujourdhui-pour-las-eupen-le-rwdm-est-invite-a-16h\/"},"author":{"name":"Julien","@id":"https:\/\/vieassociative.be\/actualites\/#\/schema\/person\/b87ac4f82f9d4e7b7cec7395b679edc4"},"headline":"La nouvelle ann\u00e9e ne commence qu&rsquo;aujourd&rsquo;hui pour l&rsquo;AS Eupen &#8211; le RWDM est invit\u00e9 \u00e0 16h","datePublished":"2025-01-18T14:18:45+00:00","dateModified":"2025-01-18T14:18:45+00:00","mainEntityOfPage":{"@id":"https:\/\/vieassociative.be\/actualites\/la-nouvelle-annee-ne-commence-quaujourdhui-pour-las-eupen-le-rwdm-est-invite-a-16h\/"},"wordCount":372,"publisher":{"@id":"https:\/\/vieassociative.be\/actualites\/#organization"},"image":{"@id":"https:\/\/vieassociative.be\/actualites\/la-nouvelle-annee-ne-commence-quaujourdhui-pour-las-eupen-le-rwdm-est-invite-a-16h\/#primaryimage"},"thumbnailUrl":"https:\/\/vieassociative.be\/actualites\/wp-content\/uploads\/2025\/01\/1737209925_La-nouvelle-annee-ne-commence-quaujourdhui-pour-lAS-Eupen.jpg","keywords":["16h","ann\u00e9e","commenc\u00e9","est","Eupen","invit\u00e9","lAS","nouvelle","pour","quaujourdhui","RWDM"],"articleSection":["Belgique"],"inLanguage":"fr-BE"},{"@type":"WebPage","@id":"https:\/\/vieassociative.be\/actualites\/la-nouvelle-annee-ne-commence-quaujourdhui-pour-las-eupen-le-rwdm-est-invite-a-16h\/","url":"https:\/\/vieassociative.be\/actualites\/la-nouvelle-annee-ne-commence-quaujourdhui-pour-las-eupen-le-rwdm-est-invite-a-16h\/","name":"La nouvelle ann\u00e9e ne commence qu'aujourd'hui pour l'AS Eupen - le RWDM est invit\u00e9 \u00e0 16h | Vie Associative","isPartOf":{"@id":"https:\/\/vieassociative.be\/actualites\/#website"},"primaryImageOfPage":{"@id":"https:\/\/vieassociative.be\/actualites\/la-nouvelle-annee-ne-commence-quaujourdhui-pour-las-eupen-le-rwdm-est-invite-a-16h\/#primaryimage"},"image":{"@id":"https:\/\/vieassociative.be\/actualites\/la-nouvelle-annee-ne-commence-quaujourdhui-pour-las-eupen-le-rwdm-est-invite-a-16h\/#primaryimage"},"thumbnailUrl":"https:\/\/vieassociative.be\/actualites\/wp-content\/uploads\/2025\/01\/1737209925_La-nouvelle-annee-ne-commence-quaujourdhui-pour-lAS-Eupen.jpg","datePublished":"2025-01-18T14:18:45+00:00","dateModified":"2025-01-18T14:18:45+00:00","breadcrumb":{"@id":"https:\/\/vieassociative.be\/actualites\/la-nouvelle-annee-ne-commence-quaujourdhui-pour-las-eupen-le-rwdm-est-invite-a-16h\/#breadcrumb"},"inLanguage":"fr-BE","potentialAction":[{"@type":"ReadAction","target":["https:\/\/vieassociative.be\/actualites\/la-nouvelle-annee-ne-commence-quaujourdhui-pour-las-eupen-le-rwdm-est-invite-a-16h\/"]}]},{"@type":"ImageObject","inLanguage":"fr-BE","@id":"https:\/\/vieassociative.be\/actualites\/la-nouvelle-annee-ne-commence-quaujourdhui-pour-las-eupen-le-rwdm-est-invite-a-16h\/#primaryimage","url":"https:\/\/vieassociative.be\/actualites\/wp-content\/uploads\/2025\/01\/1737209925_La-nouvelle-annee-ne-commence-quaujourdhui-pour-lAS-Eupen.jpg","contentUrl":"https:\/\/vieassociative.be\/actualites\/wp-content\/uploads\/2025\/01\/1737209925_La-nouvelle-annee-ne-commence-quaujourdhui-pour-lAS-Eupen.jpg","width":1200,"height":800,"caption":"La nouvelle ann\u00e9e ne commence qu'aujourd'hui pour l'AS Eupen - le RWDM est invit\u00e9 \u00e0 16h"},{"@type":"BreadcrumbList","@id":"https:\/\/vieassociative.be\/actualites\/la-nouvelle-annee-ne-commence-quaujourdhui-pour-las-eupen-le-rwdm-est-invite-a-16h\/#breadcrumb","itemListElement":[{"@type":"ListItem","position":1,"name":"Accueil","item":"https:\/\/vieassociative.be\/actualites\/"},{"@type":"ListItem","position":2,"name":"La nouvelle ann\u00e9e ne commence qu&rsquo;aujourd&rsquo;hui pour l&rsquo;AS Eupen &#8211; le RWDM est invit\u00e9 \u00e0 16h"}]},{"@type":"WebSite","@id":"https:\/\/vieassociative.be\/actualites\/#website","url":"https:\/\/vieassociative.be\/actualites\/","name":"Vie Associative","description":"","publisher":{"@id":"https:\/\/vieassociative.be\/actualites\/#organization"},"potentialAction":[{"@type":"SearchAction","target":{"@type":"EntryPoint","urlTemplate":"https:\/\/vieassociative.be\/actualites\/?s={search_term_string}"},"query-input":{"@type":"PropertyValueSpecification","valueRequired":true,"valueName":"search_term_string"}}],"inLanguage":"fr-BE"},{"@type":"Organization","@id":"https:\/\/vieassociative.be\/actualites\/#organization","name":"Vie Associative","url":"https:\/\/vieassociative.be\/actualites\/","logo":{"@type":"ImageObject","inLanguage":"fr-BE","@id":"https:\/\/vieassociative.be\/actualites\/#\/schema\/logo\/image\/","url":"https:\/\/vieassociative.be\/actualites\/wp-content\/uploads\/2024\/09\/cropped-vieassociative_favicon.ico.png","contentUrl":"https:\/\/vieassociative.be\/actualites\/wp-content\/uploads\/2024\/09\/cropped-vieassociative_favicon.ico.png","width":512,"height":512,"caption":"Vie Associative"},"image":{"@id":"https:\/\/vieassociative.be\/actualites\/#\/schema\/logo\/image\/"}},{"@type":"Person","@id":"https:\/\/vieassociative.be\/actualites\/#\/schema\/person\/b87ac4f82f9d4e7b7cec7395b679edc4","name":"Julien","image":{"@type":"ImageObject","inLanguage":"fr-BE","@id":"https:\/\/vieassociative.be\/actualites\/#\/schema\/person\/image\/","url":"https:\/\/vieassociative.be\/actualites\/wp-content\/uploads\/2024\/09\/vie-associative-1-150x150.jpg","contentUrl":"https:\/\/vieassociative.be\/actualites\/wp-content\/uploads\/2024\/09\/vie-associative-1-150x150.jpg","caption":"Julien"},"description":"Je suis Julien, r\u00e9dacteur pour Vie Associative. Passionn\u00e9 par le monde associatif depuis plus de 10 ans, j'ai \u00e0 c\u0153ur de partager des histoires inspirantes et de mettre en lumi\u00e8re les initiatives locales. Mon objectif est de sensibiliser et d'encourager l'engagement communautaire \u00e0 travers mes articles.","sameAs":["https:\/\/vieassociative.be\/"]}]}},"_links":{"self":[{"href":"https:\/\/vieassociative.be\/actualites\/wp-json\/wp\/v2\/posts\/4418"}],"collection":[{"href":"https:\/\/vieassociative.be\/actualites\/wp-json\/wp\/v2\/posts"}],"about":[{"href":"https:\/\/vieassociative.be\/actualites\/wp-json\/wp\/v2\/types\/post"}],"author":[{"embeddable":true,"href":"https:\/\/vieassociative.be\/actualites\/wp-json\/wp\/v2\/users\/1"}],"replies":[{"embeddable":true,"href":"https:\/\/vieassociative.be\/actualites\/wp-json\/wp\/v2\/comments?post=4418"}],"version-history":[{"count":0,"href":"https:\/\/vieassociative.be\/actualites\/wp-json\/wp\/v2\/posts\/4418\/revisions"}],"wp:featuredmedia":[{"embeddable":true,"href":"https:\/\/vieassociative.be\/actualites\/wp-json\/wp\/v2\/media\/4419"}],"wp:attachment":[{"href":"https:\/\/vieassociative.be\/actualites\/wp-json\/wp\/v2\/media?parent=4418"}],"wp:term":[{"taxonomy":"category","embeddable":true,"href":"https:\/\/vieassociative.be\/actualites\/wp-json\/wp\/v2\/categories?post=4418"},{"taxonomy":"post_tag","embeddable":true,"href":"https:\/\/vieassociative.be\/actualites\/wp-json\/wp\/v2\/tags?post=4418"}],"curies":[{"name":"wp","href":"https:\/\/api.w.org\/{rel}","templated":true}]}}