{"id":4414,"date":"2025-01-18T09:18:12","date_gmt":"2025-01-18T08:18:12","guid":{"rendered":"https:\/\/vieassociative.be\/actualites\/tiktok-perd-devant-la-cour-supreme-americaine\/"},"modified":"2025-01-18T09:18:12","modified_gmt":"2025-01-18T08:18:12","slug":"tiktok-perd-devant-la-cour-supreme-americaine","status":"publish","type":"post","link":"https:\/\/vieassociative.be\/actualites\/tiktok-perd-devant-la-cour-supreme-americaine\/","title":{"rendered":"Tiktok perd devant la Cour supr\u00eame am\u00e9ricaine"},"content":{"rendered":"<p><strong>Apr\u00e8s une d\u00e9faite devant le tribunal, Tiktok se dirige vers une fin aux USA \u2013 ou pas. La situation juridique est claire, mais personne \u00e0 Washington ne souhaite que l\u2019application vid\u00e9o disparaisse dimanche.<\/strong><\/p>\n<p><span id=\"more-406300\"><\/span>Tiktok a perdu devant les tribunaux la lutte contre la loi am\u00e9ricaine sur le changement de propri\u00e9taire &#8211; mais on ne sait toujours pas si l&rsquo;application vid\u00e9o fermera ses portes aux \u00c9tats-Unis \u00e0 partir de dimanche. Le pr\u00e9sident am\u00e9ricain Joe Biden souhaite laisser la mise en \u0153uvre de la loi \u00e0 son successeur Donald Trump. Trump, \u00e0 son tour, a demand\u00e9 un temps de r\u00e9flexion pour analyser la situation. Le futur conseiller \u00e0 la s\u00e9curit\u00e9 nationale, Mike Waltz, avait d\u00e9j\u00e0 promis des mesures garantissant que Tiktok resterait pour l&rsquo;instant disponible aux \u00c9tats-Unis. L&rsquo;application pr\u00e9tend compter plus de 170 millions d&rsquo;utilisateurs aux \u00c9tats-Unis.D<\/p>\n<p>La Cour supr\u00eame am\u00e9ricaine a confirm\u00e9 vendredi la loi sur la base de laquelle le groupe Bytedance, bas\u00e9 en Chine, doit se s\u00e9parer de Tiktok. Les juges ont jug\u00e9 dans le cadre d&rsquo;une proc\u00e9dure d&rsquo;urgence que cela ne violait pas la libert\u00e9 d&rsquo;expression consacr\u00e9e par la Constitution.<\/p>\n<div id=\"attachment_406305\" class=\"wp-caption alignnone\" style=\"max-width: 300px\"><img fetchpriority=\"high\" decoding=\"async\" class=\"size-medium wp-image-406305\" src=\"https:\/\/vieassociative.be\/actualites\/wp-content\/uploads\/2025\/01\/Tiktok-perd-devant-la-Cour-supreme-americaine.jpg\" alt=\"\" width=\"300\" height=\"180\"><\/p>\n<p class=\"wp-caption-text\">22 septembre 2023, Berlin : Le logo de la plateforme Tiktok s&rsquo;affiche sur un smartphone. Photo : Monika Skolimowska\/dpa<\/p>\n<\/div>\n<p>Le d\u00e9lai de 270 jours pr\u00e9vu par la loi pour les ventes expire dimanche. Th\u00e9oriquement, Tiktok devra \u00eatre supprim\u00e9 ce jour-l\u00e0 des magasins d\u2019applications am\u00e9ricains d\u2019Apple et de Google et perdre l\u2019acc\u00e8s aux infrastructures. Les entreprises am\u00e9ricaines qui fournissent des services \u00e0 Tiktok seront alors passibles de sanctions l\u00e9gales. Selon un rapport des m\u00e9dias, Tiktok a envisag\u00e9 de d\u00e9brancher lui-m\u00eame dimanche.<\/p>\n<p>Le minist\u00e8re am\u00e9ricain de la Justice a d\u00e9clar\u00e9 vendredi que la mise en \u0153uvre de la loi serait \u00ab un processus qui se d\u00e9roulerait dans le temps \u00bb. Tout cela conduit \u00e0 interpr\u00e9ter que les entreprises am\u00e9ricaines pourraient rester impunies m\u00eame si elles laissaient Tiktok rester disponible. Il n\u2019est toutefois pas clair si les d\u00e9clarations offrent suffisamment de s\u00e9curit\u00e9 juridique \u00e0 cet \u00e9gard.<\/p>\n<p><strong>\u2013 Prolongation de d\u00e9lai en fait uniquement pour les discussions commerciales :<\/strong> Entre-temps, le pr\u00e9sident am\u00e9ricain peut prolonger le d\u00e9lai de 90 jours \u2013 mais en vertu de la loi, uniquement si des n\u00e9gociations de vente prometteuses sont en cours. Bytedance et Tiktok ont \u200b\u200bjusqu\u2019\u00e0 pr\u00e9sent cat\u00e9goriquement refus\u00e9 d\u2019envisager une s\u00e9paration.<\/p>\n<div id=\"attachment_406307\" class=\"wp-caption alignnone\" style=\"max-width: 300px\"><img decoding=\"async\" class=\"size-medium wp-image-406307\" src=\"https:\/\/vieassociative.be\/actualites\/wp-content\/uploads\/2025\/01\/1737188292_435_Tiktok-perd-devant-la-Cour-supreme-americaine.jpg\" alt=\"\" width=\"300\" height=\"200\"><\/p>\n<p class=\"wp-caption-text\">ARCHIVE &#8211; 10 janvier 2025, \u00c9tats-Unis, Washington : Sarah Baus, \u00e0 gauche, de Charleston, Caroline du Sud, et Tiffany Cianci, qui se dit une \u00ab cr\u00e9atrice de contenu \u00e9ducatif \u00e0 long terme \u00bb, font une diffusion en direct sur TikTok devant le Cour supr\u00eame, \u00e0 Washington. Photo : Jacquelyn Martin\/AP\/dpa<\/p>\n<\/div>\n<p>Aux \u00c9tats-Unis, des avertissements circulent selon lesquels le gouvernement chinois pourrait acc\u00e9der aux donn\u00e9es des Am\u00e9ricains via Tiktok et influencer l&rsquo;opinion publique am\u00e9ricaine. Les entreprises rejettent les all\u00e9gations.<\/p>\n<p>Trump a annonc\u00e9 vendredi qu\u2019il prendrait sa d\u00e9cision sur Tiktok \u00ab dans un avenir pas trop lointain \u00bb. Il a \u00e9galement \u00e9voqu\u00e9 la question de Tiktok lors d&rsquo;une conversation avec le pr\u00e9sident chinois Xi Jinping vendredi. Un autre signe de l&rsquo;importance de la plateforme en sa faveur : selon les m\u00e9dias, le patron de Tiktok, Shou Chew, ainsi que les dirigeants de grandes entreprises technologiques am\u00e9ricaines, seront pr\u00e9sents lundi \u00e0 l&rsquo;investiture de Trump.<\/p>\n<p>Le patron de Tiktok a remerci\u00e9 vendredi dans une vid\u00e9o la plateforme de vouloir \u00ab travailler avec nous \u00bb pour trouver une solution pour maintenir le service disponible aux USA.<\/p>\n<p><strong>\u2013 Probl\u00e8mes de s\u00e9curit\u00e9 aux USA :<\/strong> Tiktok souligne toujours que Bytedance appartient principalement \u00e0 des investisseurs internationaux \u2013 mais en raison de son si\u00e8ge \u00e0 P\u00e9kin, la soci\u00e9t\u00e9 m\u00e8re doit \u00e9galement se conformer aux exigences des autorit\u00e9s. Le gouvernement peut \u00e9galement avoir son mot \u00e0 dire dans une vente : l&rsquo;algorithme qui s\u00e9lectionne les vid\u00e9os pour les utilisateurs a \u00e9t\u00e9 d\u00e9velopp\u00e9 en Chine. Et P\u00e9kin a interdit la distribution de tels logiciels sans autorisation sp\u00e9ciale. La Cour supr\u00eame a \u00e9voqu\u00e9 des probl\u00e8mes de s\u00e9curit\u00e9 dans sa d\u00e9cision.<\/p>\n<div id=\"attachment_406304\" class=\"wp-caption alignleft\" style=\"max-width: 300px\"><img decoding=\"async\" class=\"wp-image-406304 size-medium\" src=\"https:\/\/vieassociative.be\/actualites\/wp-content\/uploads\/2025\/01\/1737188292_609_Tiktok-perd-devant-la-Cour-supreme-americaine.jpg\" alt=\"\" width=\"300\" height=\"200\"><\/p>\n<p class=\"wp-caption-text\">18 avril 2024, Berlin : Mathias D\u00f6pfner, PDG d&rsquo;Axel Springer SE, prend la parole lors de la pr\u00e9sentation de son livre \u00ab The Freedom Trade \u00bb. Photo : Sebastian Gollnow\/dpa<\/p>\n<\/div>\n<p><strong>\u2013 Interdire Tiktok en Europe aussi ?<\/strong> Le patron d&rsquo;Axel Springer, Mathias D\u00f6pfner, appelle \u00e0 l&rsquo;interdiction de Tiktok dans l&rsquo;Union europ\u00e9enne. Le PDG du groupe de m\u00e9dias (\u00ab Bild \u00bb, \u00ab Welt \u00bb) a \u00e9crit dans un commentaire sur \u00ab bild.de \u00bb : \u00ab Maintenant, c\u2019est au tour de l\u2019UE. Interdisez Tiktok ici aussi.<\/p>\n<p>L\u2019homme de 62 ans a \u00e9galement \u00e9crit : \u00ab Tiktok est le produit de m\u00e9dias sociaux le plus intelligent de notre \u00e9poque. Plus rien n\u2019atteint les jeunes. Rien n\u2019est plus dangereux \u2013 parce que cela sert une dictature. Tiktok met en danger la s\u00e9curit\u00e9 de l\u2019Am\u00e9rique et de l\u2019Europe.<\/p>\n<p>D\u00f6pfner, qui avait d\u00e9j\u00e0 vivement critiqu\u00e9 Tiktok, a \u00e9crit dans son commentaire que l&rsquo;application vid\u00e9o \u00e9tait un instrument indirect des services secrets communistes chinois et utilisait des donn\u00e9es sur le comportement de ses utilisateurs dans le monde entier. D\u00f6pfner a \u00e9galement parl\u00e9 d\u2019un \u00ab outil de propagande pour l\u2019antis\u00e9mitisme, la d\u00e9sinformation russe et l\u2019incitation \u00e0 l\u2019extr\u00eame droite \u00bb. (dpa)<\/p>\n","protected":false},"excerpt":{"rendered":"<p>Apr\u00e8s une d\u00e9faite devant le tribunal, Tiktok se dirige vers une fin aux USA \u2013 ou pas. La situation juridique est claire, mais personne \u00e0<\/p>\n","protected":false},"author":1,"featured_media":4415,"comment_status":"","ping_status":"","sticky":false,"template":"","format":"standard","meta":{"footnotes":""},"categories":[298],"tags":[2102,2644,2381,3021,3825,75],"class_list":["post-4414","post","type-post","status-publish","format-standard","has-post-thumbnail","hentry","category-belgique","tag-americaine","tag-cour","tag-devant","tag-perd","tag-supreme","tag-tiktok","generate-columns","tablet-grid-50","mobile-grid-100","grid-parent","grid-33"],"yoast_head":"<!-- This site is optimized with the Yoast SEO plugin v24.0 - https:\/\/yoast.com\/wordpress\/plugins\/seo\/ -->\n<title>Tiktok perd devant la Cour supr\u00eame am\u00e9ricaine | Vie Associative<\/title>\n<meta name=\"robots\" content=\"index, follow, max-snippet:-1, max-image-preview:large, max-video-preview:-1\" \/>\n<link rel=\"canonical\" href=\"https:\/\/vieassociative.be\/actualites\/tiktok-perd-devant-la-cour-supreme-americaine\/\" \/>\n<meta property=\"og:locale\" content=\"fr_FR\" \/>\n<meta property=\"og:type\" content=\"article\" \/>\n<meta property=\"og:title\" content=\"Tiktok perd devant la Cour supr\u00eame am\u00e9ricaine | Vie Associative\" \/>\n<meta property=\"og:description\" content=\"Apr\u00e8s une d\u00e9faite devant le tribunal, Tiktok se dirige vers une fin aux USA \u2013 ou pas. La situation juridique est claire, mais personne \u00e0\" \/>\n<meta property=\"og:url\" content=\"https:\/\/vieassociative.be\/actualites\/tiktok-perd-devant-la-cour-supreme-americaine\/\" \/>\n<meta property=\"og:site_name\" content=\"Vie Associative\" \/>\n<meta property=\"article:published_time\" content=\"2025-01-18T08:18:12+00:00\" \/>\n<meta property=\"og:image\" content=\"https:\/\/vieassociative.be\/actualites\/wp-content\/uploads\/2024\/09\/header_backgroundk-01-e1726694325946.png\" \/>\n\t<meta property=\"og:image:width\" content=\"279\" \/>\n\t<meta property=\"og:image:height\" content=\"92\" \/>\n\t<meta property=\"og:image:type\" content=\"image\/png\" \/>\n<meta name=\"author\" content=\"Julien\" \/>\n<meta name=\"twitter:card\" content=\"summary_large_image\" \/>\n<meta name=\"twitter:label1\" content=\"\u00c9crit par\" \/>\n\t<meta name=\"twitter:data1\" content=\"Julien\" \/>\n\t<meta name=\"twitter:label2\" content=\"Dur\u00e9e de lecture est.\" \/>\n\t<meta name=\"twitter:data2\" content=\"4 minutes\" \/>\n<script type=\"application\/ld+json\" class=\"yoast-schema-graph\">{\"@context\":\"https:\/\/schema.org\",\"@graph\":[{\"@type\":\"Article\",\"@id\":\"https:\/\/vieassociative.be\/actualites\/tiktok-perd-devant-la-cour-supreme-americaine\/#article\",\"isPartOf\":{\"@id\":\"https:\/\/vieassociative.be\/actualites\/tiktok-perd-devant-la-cour-supreme-americaine\/\"},\"author\":{\"name\":\"Julien\",\"@id\":\"https:\/\/vieassociative.be\/actualites\/#\/schema\/person\/b87ac4f82f9d4e7b7cec7395b679edc4\"},\"headline\":\"Tiktok perd devant la Cour supr\u00eame am\u00e9ricaine\",\"datePublished\":\"2025-01-18T08:18:12+00:00\",\"dateModified\":\"2025-01-18T08:18:12+00:00\",\"mainEntityOfPage\":{\"@id\":\"https:\/\/vieassociative.be\/actualites\/tiktok-perd-devant-la-cour-supreme-americaine\/\"},\"wordCount\":910,\"publisher\":{\"@id\":\"https:\/\/vieassociative.be\/actualites\/#organization\"},\"image\":{\"@id\":\"https:\/\/vieassociative.be\/actualites\/tiktok-perd-devant-la-cour-supreme-americaine\/#primaryimage\"},\"thumbnailUrl\":\"https:\/\/vieassociative.be\/actualites\/wp-content\/uploads\/2025\/01\/1737188292_Tiktok-perd-devant-la-Cour-supreme-americaine.jpg\",\"keywords\":[\"am\u00e9ricaine\",\"cour\",\"devant\",\"perd\",\"supr\u00eame\",\"TikTok\"],\"articleSection\":[\"Belgique\"],\"inLanguage\":\"fr-BE\"},{\"@type\":\"WebPage\",\"@id\":\"https:\/\/vieassociative.be\/actualites\/tiktok-perd-devant-la-cour-supreme-americaine\/\",\"url\":\"https:\/\/vieassociative.be\/actualites\/tiktok-perd-devant-la-cour-supreme-americaine\/\",\"name\":\"Tiktok perd devant la Cour supr\u00eame am\u00e9ricaine | Vie Associative\",\"isPartOf\":{\"@id\":\"https:\/\/vieassociative.be\/actualites\/#website\"},\"primaryImageOfPage\":{\"@id\":\"https:\/\/vieassociative.be\/actualites\/tiktok-perd-devant-la-cour-supreme-americaine\/#primaryimage\"},\"image\":{\"@id\":\"https:\/\/vieassociative.be\/actualites\/tiktok-perd-devant-la-cour-supreme-americaine\/#primaryimage\"},\"thumbnailUrl\":\"https:\/\/vieassociative.be\/actualites\/wp-content\/uploads\/2025\/01\/1737188292_Tiktok-perd-devant-la-Cour-supreme-americaine.jpg\",\"datePublished\":\"2025-01-18T08:18:12+00:00\",\"dateModified\":\"2025-01-18T08:18:12+00:00\",\"breadcrumb\":{\"@id\":\"https:\/\/vieassociative.be\/actualites\/tiktok-perd-devant-la-cour-supreme-americaine\/#breadcrumb\"},\"inLanguage\":\"fr-BE\",\"potentialAction\":[{\"@type\":\"ReadAction\",\"target\":[\"https:\/\/vieassociative.be\/actualites\/tiktok-perd-devant-la-cour-supreme-americaine\/\"]}]},{\"@type\":\"ImageObject\",\"inLanguage\":\"fr-BE\",\"@id\":\"https:\/\/vieassociative.be\/actualites\/tiktok-perd-devant-la-cour-supreme-americaine\/#primaryimage\",\"url\":\"https:\/\/vieassociative.be\/actualites\/wp-content\/uploads\/2025\/01\/1737188292_Tiktok-perd-devant-la-Cour-supreme-americaine.jpg\",\"contentUrl\":\"https:\/\/vieassociative.be\/actualites\/wp-content\/uploads\/2025\/01\/1737188292_Tiktok-perd-devant-la-Cour-supreme-americaine.jpg\",\"width\":1200,\"height\":720,\"caption\":\"Tiktok perd devant la Cour supr\u00eame am\u00e9ricaine\"},{\"@type\":\"BreadcrumbList\",\"@id\":\"https:\/\/vieassociative.be\/actualites\/tiktok-perd-devant-la-cour-supreme-americaine\/#breadcrumb\",\"itemListElement\":[{\"@type\":\"ListItem\",\"position\":1,\"name\":\"Accueil\",\"item\":\"https:\/\/vieassociative.be\/actualites\/\"},{\"@type\":\"ListItem\",\"position\":2,\"name\":\"Tiktok perd devant la Cour supr\u00eame am\u00e9ricaine\"}]},{\"@type\":\"WebSite\",\"@id\":\"https:\/\/vieassociative.be\/actualites\/#website\",\"url\":\"https:\/\/vieassociative.be\/actualites\/\",\"name\":\"Vie Associative\",\"description\":\"\",\"publisher\":{\"@id\":\"https:\/\/vieassociative.be\/actualites\/#organization\"},\"potentialAction\":[{\"@type\":\"SearchAction\",\"target\":{\"@type\":\"EntryPoint\",\"urlTemplate\":\"https:\/\/vieassociative.be\/actualites\/?s={search_term_string}\"},\"query-input\":{\"@type\":\"PropertyValueSpecification\",\"valueRequired\":true,\"valueName\":\"search_term_string\"}}],\"inLanguage\":\"fr-BE\"},{\"@type\":\"Organization\",\"@id\":\"https:\/\/vieassociative.be\/actualites\/#organization\",\"name\":\"Vie Associative\",\"url\":\"https:\/\/vieassociative.be\/actualites\/\",\"logo\":{\"@type\":\"ImageObject\",\"inLanguage\":\"fr-BE\",\"@id\":\"https:\/\/vieassociative.be\/actualites\/#\/schema\/logo\/image\/\",\"url\":\"https:\/\/vieassociative.be\/actualites\/wp-content\/uploads\/2024\/09\/cropped-vieassociative_favicon.ico.png\",\"contentUrl\":\"https:\/\/vieassociative.be\/actualites\/wp-content\/uploads\/2024\/09\/cropped-vieassociative_favicon.ico.png\",\"width\":512,\"height\":512,\"caption\":\"Vie Associative\"},\"image\":{\"@id\":\"https:\/\/vieassociative.be\/actualites\/#\/schema\/logo\/image\/\"}},{\"@type\":\"Person\",\"@id\":\"https:\/\/vieassociative.be\/actualites\/#\/schema\/person\/b87ac4f82f9d4e7b7cec7395b679edc4\",\"name\":\"Julien\",\"image\":{\"@type\":\"ImageObject\",\"inLanguage\":\"fr-BE\",\"@id\":\"https:\/\/vieassociative.be\/actualites\/#\/schema\/person\/image\/\",\"url\":\"https:\/\/vieassociative.be\/actualites\/wp-content\/uploads\/2024\/09\/vie-associative-1-150x150.jpg\",\"contentUrl\":\"https:\/\/vieassociative.be\/actualites\/wp-content\/uploads\/2024\/09\/vie-associative-1-150x150.jpg\",\"caption\":\"Julien\"},\"description\":\"Je suis Julien, r\u00e9dacteur pour Vie Associative. Passionn\u00e9 par le monde associatif depuis plus de 10 ans, j'ai \u00e0 c\u0153ur de partager des histoires inspirantes et de mettre en lumi\u00e8re les initiatives locales. Mon objectif est de sensibiliser et d'encourager l'engagement communautaire \u00e0 travers mes articles.\",\"sameAs\":[\"https:\/\/vieassociative.be\/\"]}]}<\/script>\n<!-- \/ Yoast SEO plugin. -->","yoast_head_json":{"title":"Tiktok perd devant la Cour supr\u00eame am\u00e9ricaine | Vie Associative","robots":{"index":"index","follow":"follow","max-snippet":"max-snippet:-1","max-image-preview":"max-image-preview:large","max-video-preview":"max-video-preview:-1"},"canonical":"https:\/\/vieassociative.be\/actualites\/tiktok-perd-devant-la-cour-supreme-americaine\/","og_locale":"fr_FR","og_type":"article","og_title":"Tiktok perd devant la Cour supr\u00eame am\u00e9ricaine | Vie Associative","og_description":"Apr\u00e8s une d\u00e9faite devant le tribunal, Tiktok se dirige vers une fin aux USA \u2013 ou pas. La situation juridique est claire, mais personne \u00e0","og_url":"https:\/\/vieassociative.be\/actualites\/tiktok-perd-devant-la-cour-supreme-americaine\/","og_site_name":"Vie Associative","article_published_time":"2025-01-18T08:18:12+00:00","og_image":[{"width":279,"height":92,"url":"https:\/\/vieassociative.be\/actualites\/wp-content\/uploads\/2024\/09\/header_backgroundk-01-e1726694325946.png","type":"image\/png"}],"author":"Julien","twitter_card":"summary_large_image","twitter_misc":{"\u00c9crit par":"Julien","Dur\u00e9e de lecture est.":"4 minutes"},"schema":{"@context":"https:\/\/schema.org","@graph":[{"@type":"Article","@id":"https:\/\/vieassociative.be\/actualites\/tiktok-perd-devant-la-cour-supreme-americaine\/#article","isPartOf":{"@id":"https:\/\/vieassociative.be\/actualites\/tiktok-perd-devant-la-cour-supreme-americaine\/"},"author":{"name":"Julien","@id":"https:\/\/vieassociative.be\/actualites\/#\/schema\/person\/b87ac4f82f9d4e7b7cec7395b679edc4"},"headline":"Tiktok perd devant la Cour supr\u00eame am\u00e9ricaine","datePublished":"2025-01-18T08:18:12+00:00","dateModified":"2025-01-18T08:18:12+00:00","mainEntityOfPage":{"@id":"https:\/\/vieassociative.be\/actualites\/tiktok-perd-devant-la-cour-supreme-americaine\/"},"wordCount":910,"publisher":{"@id":"https:\/\/vieassociative.be\/actualites\/#organization"},"image":{"@id":"https:\/\/vieassociative.be\/actualites\/tiktok-perd-devant-la-cour-supreme-americaine\/#primaryimage"},"thumbnailUrl":"https:\/\/vieassociative.be\/actualites\/wp-content\/uploads\/2025\/01\/1737188292_Tiktok-perd-devant-la-Cour-supreme-americaine.jpg","keywords":["am\u00e9ricaine","cour","devant","perd","supr\u00eame","TikTok"],"articleSection":["Belgique"],"inLanguage":"fr-BE"},{"@type":"WebPage","@id":"https:\/\/vieassociative.be\/actualites\/tiktok-perd-devant-la-cour-supreme-americaine\/","url":"https:\/\/vieassociative.be\/actualites\/tiktok-perd-devant-la-cour-supreme-americaine\/","name":"Tiktok perd devant la Cour supr\u00eame am\u00e9ricaine | Vie Associative","isPartOf":{"@id":"https:\/\/vieassociative.be\/actualites\/#website"},"primaryImageOfPage":{"@id":"https:\/\/vieassociative.be\/actualites\/tiktok-perd-devant-la-cour-supreme-americaine\/#primaryimage"},"image":{"@id":"https:\/\/vieassociative.be\/actualites\/tiktok-perd-devant-la-cour-supreme-americaine\/#primaryimage"},"thumbnailUrl":"https:\/\/vieassociative.be\/actualites\/wp-content\/uploads\/2025\/01\/1737188292_Tiktok-perd-devant-la-Cour-supreme-americaine.jpg","datePublished":"2025-01-18T08:18:12+00:00","dateModified":"2025-01-18T08:18:12+00:00","breadcrumb":{"@id":"https:\/\/vieassociative.be\/actualites\/tiktok-perd-devant-la-cour-supreme-americaine\/#breadcrumb"},"inLanguage":"fr-BE","potentialAction":[{"@type":"ReadAction","target":["https:\/\/vieassociative.be\/actualites\/tiktok-perd-devant-la-cour-supreme-americaine\/"]}]},{"@type":"ImageObject","inLanguage":"fr-BE","@id":"https:\/\/vieassociative.be\/actualites\/tiktok-perd-devant-la-cour-supreme-americaine\/#primaryimage","url":"https:\/\/vieassociative.be\/actualites\/wp-content\/uploads\/2025\/01\/1737188292_Tiktok-perd-devant-la-Cour-supreme-americaine.jpg","contentUrl":"https:\/\/vieassociative.be\/actualites\/wp-content\/uploads\/2025\/01\/1737188292_Tiktok-perd-devant-la-Cour-supreme-americaine.jpg","width":1200,"height":720,"caption":"Tiktok perd devant la Cour supr\u00eame am\u00e9ricaine"},{"@type":"BreadcrumbList","@id":"https:\/\/vieassociative.be\/actualites\/tiktok-perd-devant-la-cour-supreme-americaine\/#breadcrumb","itemListElement":[{"@type":"ListItem","position":1,"name":"Accueil","item":"https:\/\/vieassociative.be\/actualites\/"},{"@type":"ListItem","position":2,"name":"Tiktok perd devant la Cour supr\u00eame am\u00e9ricaine"}]},{"@type":"WebSite","@id":"https:\/\/vieassociative.be\/actualites\/#website","url":"https:\/\/vieassociative.be\/actualites\/","name":"Vie Associative","description":"","publisher":{"@id":"https:\/\/vieassociative.be\/actualites\/#organization"},"potentialAction":[{"@type":"SearchAction","target":{"@type":"EntryPoint","urlTemplate":"https:\/\/vieassociative.be\/actualites\/?s={search_term_string}"},"query-input":{"@type":"PropertyValueSpecification","valueRequired":true,"valueName":"search_term_string"}}],"inLanguage":"fr-BE"},{"@type":"Organization","@id":"https:\/\/vieassociative.be\/actualites\/#organization","name":"Vie Associative","url":"https:\/\/vieassociative.be\/actualites\/","logo":{"@type":"ImageObject","inLanguage":"fr-BE","@id":"https:\/\/vieassociative.be\/actualites\/#\/schema\/logo\/image\/","url":"https:\/\/vieassociative.be\/actualites\/wp-content\/uploads\/2024\/09\/cropped-vieassociative_favicon.ico.png","contentUrl":"https:\/\/vieassociative.be\/actualites\/wp-content\/uploads\/2024\/09\/cropped-vieassociative_favicon.ico.png","width":512,"height":512,"caption":"Vie Associative"},"image":{"@id":"https:\/\/vieassociative.be\/actualites\/#\/schema\/logo\/image\/"}},{"@type":"Person","@id":"https:\/\/vieassociative.be\/actualites\/#\/schema\/person\/b87ac4f82f9d4e7b7cec7395b679edc4","name":"Julien","image":{"@type":"ImageObject","inLanguage":"fr-BE","@id":"https:\/\/vieassociative.be\/actualites\/#\/schema\/person\/image\/","url":"https:\/\/vieassociative.be\/actualites\/wp-content\/uploads\/2024\/09\/vie-associative-1-150x150.jpg","contentUrl":"https:\/\/vieassociative.be\/actualites\/wp-content\/uploads\/2024\/09\/vie-associative-1-150x150.jpg","caption":"Julien"},"description":"Je suis Julien, r\u00e9dacteur pour Vie Associative. Passionn\u00e9 par le monde associatif depuis plus de 10 ans, j'ai \u00e0 c\u0153ur de partager des histoires inspirantes et de mettre en lumi\u00e8re les initiatives locales. Mon objectif est de sensibiliser et d'encourager l'engagement communautaire \u00e0 travers mes articles.","sameAs":["https:\/\/vieassociative.be\/"]}]}},"_links":{"self":[{"href":"https:\/\/vieassociative.be\/actualites\/wp-json\/wp\/v2\/posts\/4414"}],"collection":[{"href":"https:\/\/vieassociative.be\/actualites\/wp-json\/wp\/v2\/posts"}],"about":[{"href":"https:\/\/vieassociative.be\/actualites\/wp-json\/wp\/v2\/types\/post"}],"author":[{"embeddable":true,"href":"https:\/\/vieassociative.be\/actualites\/wp-json\/wp\/v2\/users\/1"}],"replies":[{"embeddable":true,"href":"https:\/\/vieassociative.be\/actualites\/wp-json\/wp\/v2\/comments?post=4414"}],"version-history":[{"count":0,"href":"https:\/\/vieassociative.be\/actualites\/wp-json\/wp\/v2\/posts\/4414\/revisions"}],"wp:featuredmedia":[{"embeddable":true,"href":"https:\/\/vieassociative.be\/actualites\/wp-json\/wp\/v2\/media\/4415"}],"wp:attachment":[{"href":"https:\/\/vieassociative.be\/actualites\/wp-json\/wp\/v2\/media?parent=4414"}],"wp:term":[{"taxonomy":"category","embeddable":true,"href":"https:\/\/vieassociative.be\/actualites\/wp-json\/wp\/v2\/categories?post=4414"},{"taxonomy":"post_tag","embeddable":true,"href":"https:\/\/vieassociative.be\/actualites\/wp-json\/wp\/v2\/tags?post=4414"}],"curies":[{"name":"wp","href":"https:\/\/api.w.org\/{rel}","templated":true}]}}