{"id":4407,"date":"2025-01-18T03:35:30","date_gmt":"2025-01-18T02:35:30","guid":{"rendered":"https:\/\/vieassociative.be\/actualites\/le-borussia-dortmund-en-ebullition-apres-une-troisieme-defaite-consecutive-francfort-gagne-2-0-sans-marmoush\/"},"modified":"2025-01-18T03:35:30","modified_gmt":"2025-01-18T02:35:30","slug":"le-borussia-dortmund-en-ebullition-apres-une-troisieme-defaite-consecutive-francfort-gagne-2-0-sans-marmoush","status":"publish","type":"post","link":"https:\/\/vieassociative.be\/actualites\/le-borussia-dortmund-en-ebullition-apres-une-troisieme-defaite-consecutive-francfort-gagne-2-0-sans-marmoush\/","title":{"rendered":"Le Borussia Dortmund en \u00e9bullition apr\u00e8s une troisi\u00e8me d\u00e9faite cons\u00e9cutive \u2013 Francfort gagne 2-0 sans Marmoush"},"content":{"rendered":"<p><strong>Trois matches, z\u00e9ro point : le Borussia Dortmund et Nuri Sahin subissent une \u00e9norme pression apr\u00e8s un d\u00e9but d&rsquo;ann\u00e9e rat\u00e9. L&rsquo;Eintracht peut \u00e9galement briller sans l&rsquo;attaquant Marmoush.<\/strong><\/p>\n<p><span id=\"more-406311\"><\/span>Le Borussia Dortmund est de plus en plus en difficult\u00e9 en Bundesliga et a \u00e9galement perdu contre l&rsquo;Eintracht Francfort sans son meilleur buteur Omar Marmoush, qui \u00e9tait pr\u00eat \u00e0 changer. Le BVB, dirig\u00e9 par l&rsquo;entra\u00eeneur malade Nuri Sahin, a perdu 0-2 (0-1) contre des Hessiens en forme au d\u00e9but de la seconde moiti\u00e9 de la saison et n&rsquo;a ainsi pris aucun point lors des trois premiers matchs de comp\u00e9tition en 2025.<\/p>\n<p>Dortmund est tomb\u00e9 \u00e0 la dixi\u00e8me place du classement avec seulement 25 points. Francfort, troisi\u00e8me (36e), est aussi loin que la 16e place de rel\u00e9gation.<\/p>\n<div id=\"attachment_406315\" class=\"wp-caption alignleft\" style=\"max-width: 300px\"><img fetchpriority=\"high\" decoding=\"async\" class=\"wp-image-406315 size-medium\" src=\"https:\/\/vieassociative.be\/actualites\/wp-content\/uploads\/2025\/01\/Le-Borussia-Dortmund-en-ebullition-apres-une-troisieme-defaite-consecutive.jpg\" alt=\"\" width=\"300\" height=\"200\"><\/p>\n<p class=\"wp-caption-text\">17 janvier 2025, Hesse, Francfort-sur-le-main : l&rsquo;entra\u00eeneur de Dortmund Nuri Sahin donne des instructions tactiques. Photo : Uwe Anspach\/dpa<\/p>\n<\/div>\n<p>Le premier but devant 58 000 spectateurs a \u00e9t\u00e9 inscrit par Hugo Ekitik\u00e9 (18e minute), qui sera confront\u00e9 \u00e0 un d\u00e9fi sportif de taille avec le d\u00e9part imminent de Marmoush pour Manchester City. Oscar Hojlund a pris la d\u00e9cision dans les arr\u00eats de jeu (90+2).<\/p>\n<p><strong>\u2013 Sahin et Marmoush comme grands sujets :<\/strong> Alors que les choses deviennent de plus en plus inconfortables pour Sahin et son \u00e9quipe, qui ne compte que deux joueurs \u00e0 la mi-temps, l&rsquo;Eintracht a consolid\u00e9 ses ambitions de participation \u00e0 la Ligue des Champions. 33 points dans la premi\u00e8re moiti\u00e9 de la saison constituaient d\u00e9j\u00e0 un record &#8211; d\u00e9sormais, Dino Toppm\u00f6ller et son \u00e9quipe ont \u00e9galement r\u00e9alis\u00e9 un d\u00e9but de saison impressionnant.<\/p>\n<p>Outre l&rsquo;entra\u00eeneur de crise de Dortmund, Sahin, Marmoush \u00e9tait le sujet de la soir\u00e9e en d\u00e9but de seconde partie de saison. Peu apr\u00e8s 19 heures, l&rsquo;Eintracht a annonc\u00e9 que l&rsquo;\u00c9gyptien ne faisait pas partie de l&rsquo;\u00e9quipe en raison de son prochain transfert \u00e0 Manchester City. \u00ab Nous parlons de Manchester City. Ce n&rsquo;est pas un club normal. C&rsquo;est un grand pas pour lui, une \u00e9norme opportunit\u00e9\u00a0\u00bb, a d\u00e9clar\u00e9 le directeur sportif Markus Kr\u00f6sche de DAZN.D.<\/p>\n<p>La probabilit\u00e9 que le meilleur buteur change dans les prochains jours est \u00ab tr\u00e8s \u00e9lev\u00e9e \u00bb. Une indemnit\u00e9 de transfert pouvant atteindre 80 millions d&rsquo;euros est en discussion. Apr\u00e8s Randal Kolo Muani, Luka Jovic et S\u00e9bastien Haller, ce serait le quatri\u00e8me d\u00e9part de l&rsquo;Eintracht pour plusieurs millions de dollars en cinq ans et demi. Dans les tribunes, les supporters ne chantaient pas Marmoush disparu, mais le manager Kr\u00f6sche.<\/p>\n<div id=\"attachment_406316\" class=\"wp-caption alignleft\" style=\"max-width: 300px\"><img decoding=\"async\" class=\"wp-image-406316 size-medium\" src=\"https:\/\/vieassociative.be\/actualites\/wp-content\/uploads\/2025\/01\/1737167730_815_Le-Borussia-Dortmund-en-ebullition-apres-une-troisieme-defaite-consecutive.jpg\" alt=\"\" width=\"300\" height=\"200\"><\/p>\n<p class=\"wp-caption-text\">01\/17\/2025, Hesse, Francfort-sur-le-main: Serhou Guirassy (r) de Dortmund saute pour le ballon photo: Arne Dedert\/dpa.<\/p>\n<\/div>\n<p>Sur le plan sportif, l&rsquo;\u00e9quipe dirig\u00e9e par l&rsquo;entra\u00eeneur Toppm\u00f6ller et le joueur national belge Arthur Theate n&rsquo;a montr\u00e9 aucun signe d&rsquo;effusion de sang majeure. Apr\u00e8s environ 60 secondes, Hugo Larsson a eu l&rsquo;occasion de prendre l&rsquo;avantage, mais Gregor Kobel, sorti pr\u00e9cipitamment, a emp\u00each\u00e9 le BVB de prendre du retard. Dortmund a sembl\u00e9 \u00e9trangement r\u00e9serv\u00e9 dans de nombreuses sc\u00e8nes et a \u00e9galement commis trop d&rsquo;erreurs.<\/p>\n<p><strong>\u2013 Ekitik\u00e9 sur les traces de Marmoush :<\/strong> Un quart d&rsquo;heure plus tard apr\u00e8s la premi\u00e8re occasion, le gardien suisse du BVB n&rsquo;avait aucune chance : apr\u00e8s une passe d\u00e9cisive de Rasmus Kristensen, Ekitik\u00e9 tirait \u00e0 plat. C&rsquo;\u00e9tait le neuvi\u00e8me but de la saison du jeune Fran\u00e7ais. Seuls Harry Kane, Marmoush, Patrik Schick et Jonathan Burkardt, \u00e9galement \u00e9chang\u00e9 \u00e0 Francfort, ont connu plus de succ\u00e8s jusqu&rsquo;\u00e0 pr\u00e9sent. Aucun professionnel de l&rsquo;offensive tr\u00e8s cot\u00e9e de Dortmund ne se rapproche du record d&rsquo;Ekitik\u00e9.<\/p>\n<p>Apr\u00e8s le 2:4 embarrassant contre le nouveau promu Holstein Kiel, le BVB cherchait une compensation &#8211; mais il n&rsquo;y avait pas grand chose \u00e0 voir. \u00ab\u00a0M\u00eame avec onze joueurs malades, on ne peut pas jouer comme \u00e7a\u00a0\u00bb, avait d\u00e9clar\u00e9 avant le match Sahin, tr\u00e8s critiqu\u00e9. Serhou Guirassy (9e) a touch\u00e9 le poteau de la t\u00eate, mais le BVB n&rsquo;a pas eu plus de sc\u00e8nes de surface \u00e0 offrir en premi\u00e8re mi-temps.<\/p>\n<div id=\"attachment_406317\" class=\"wp-caption alignleft\" style=\"max-width: 300px\"><img decoding=\"async\" class=\"wp-image-406317 size-medium\" src=\"https:\/\/vieassociative.be\/actualites\/wp-content\/uploads\/2025\/01\/1737167730_580_Le-Borussia-Dortmund-en-ebullition-apres-une-troisieme-defaite-consecutive.jpg\" alt=\"\" width=\"300\" height=\"200\"><\/p>\n<p class=\"wp-caption-text\">17 janvier 2025, Hesse, Francfort-sur-le-main : Ansgar Knauff (r) de Francfort dans un duel avec Emre CAN de Dortmund. Photo : Uwe Anspach\/dpa<\/p>\n<\/div>\n<p>L&rsquo;Eintracht est compl\u00e8tement diff\u00e9rent : Ekitik\u00e9, seul, manque encore de belles occasions (29e\/34e). Cependant, l&rsquo;ancien joueur de Dortmund, Ansgar Knauff, qui s&rsquo;est rapproch\u00e9 le plus du score 2-0, a touch\u00e9 le poteau int\u00e9rieur avec un tir remarquable peu de temps apr\u00e8s le premier but. Avec un but de retard, le Borussia \u00e9tait bien servi \u00e0 la mi-temps.<\/p>\n<p>Apr\u00e8s la pause, le tableau a chang\u00e9. L&rsquo;introduction de Yan Couto pour le faible Ramy Bensebaini a eu un impact sur Dortmund. Couto lui-m\u00eame (49e), Jamie Gittens (58e) et Guirassy ont encore r\u00e9ussi des tirs corrects, mais cela n&rsquo;a pas suffi. Le Borussia n&rsquo;a pas pu corriger la faiblesse de la premi\u00e8re mi-temps. Lorsque le BVB a finalement tout lanc\u00e9, Francfort a r\u00e9pliqu\u00e9 sans piti\u00e9. Hojlund a couru seul vers Kobel et a assur\u00e9 le score final. (dpa\/cr\u00e9)<\/p>\n","protected":false},"excerpt":{"rendered":"<p>Trois matches, z\u00e9ro point : le Borussia Dortmund et Nuri Sahin subissent une \u00e9norme pression apr\u00e8s un d\u00e9but d&rsquo;ann\u00e9e rat\u00e9. L&rsquo;Eintracht peut \u00e9galement briller sans<\/p>\n","protected":false},"author":1,"featured_media":4408,"comment_status":"","ping_status":"","sticky":false,"template":"","format":"standard","meta":{"footnotes":""},"categories":[298],"tags":[472,4677,4809,2350,2475,4808,3776,2299,4810,130,3868,110],"class_list":["post-4407","post","type-post","status-publish","format-standard","has-post-thumbnail","hentry","category-belgique","tag-apres","tag-borussia","tag-consecutive","tag-defaite","tag-dortmund","tag-ebullition","tag-francfort","tag-gagne","tag-marmoush","tag-sans","tag-troisieme","tag-une","generate-columns","tablet-grid-50","mobile-grid-100","grid-parent","grid-33"],"yoast_head":"<!-- This site is optimized with the Yoast SEO plugin v24.0 - https:\/\/yoast.com\/wordpress\/plugins\/seo\/ -->\n<title>Le Borussia Dortmund en \u00e9bullition apr\u00e8s une troisi\u00e8me d\u00e9faite cons\u00e9cutive \u2013 Francfort gagne 2-0 sans Marmoush | Vie Associative<\/title>\n<meta name=\"robots\" content=\"index, follow, max-snippet:-1, max-image-preview:large, max-video-preview:-1\" \/>\n<link rel=\"canonical\" href=\"https:\/\/vieassociative.be\/actualites\/le-borussia-dortmund-en-ebullition-apres-une-troisieme-defaite-consecutive-francfort-gagne-2-0-sans-marmoush\/\" \/>\n<meta property=\"og:locale\" content=\"fr_FR\" \/>\n<meta property=\"og:type\" content=\"article\" \/>\n<meta property=\"og:title\" content=\"Le Borussia Dortmund en \u00e9bullition apr\u00e8s une troisi\u00e8me d\u00e9faite cons\u00e9cutive \u2013 Francfort gagne 2-0 sans Marmoush | Vie Associative\" \/>\n<meta property=\"og:description\" content=\"Trois matches, z\u00e9ro point : le Borussia Dortmund et Nuri Sahin subissent une \u00e9norme pression apr\u00e8s un d\u00e9but d&rsquo;ann\u00e9e rat\u00e9. L&rsquo;Eintracht peut \u00e9galement briller sans\" \/>\n<meta property=\"og:url\" content=\"https:\/\/vieassociative.be\/actualites\/le-borussia-dortmund-en-ebullition-apres-une-troisieme-defaite-consecutive-francfort-gagne-2-0-sans-marmoush\/\" \/>\n<meta property=\"og:site_name\" content=\"Vie Associative\" \/>\n<meta property=\"article:published_time\" content=\"2025-01-18T02:35:30+00:00\" \/>\n<meta property=\"og:image\" content=\"https:\/\/vieassociative.be\/actualites\/wp-content\/uploads\/2024\/09\/header_backgroundk-01-e1726694325946.png\" \/>\n\t<meta property=\"og:image:width\" content=\"279\" \/>\n\t<meta property=\"og:image:height\" content=\"92\" \/>\n\t<meta property=\"og:image:type\" content=\"image\/png\" \/>\n<meta name=\"author\" content=\"Julien\" \/>\n<meta name=\"twitter:card\" content=\"summary_large_image\" \/>\n<meta name=\"twitter:label1\" content=\"\u00c9crit par\" \/>\n\t<meta name=\"twitter:data1\" content=\"Julien\" \/>\n\t<meta name=\"twitter:label2\" content=\"Dur\u00e9e de lecture est.\" \/>\n\t<meta name=\"twitter:data2\" content=\"4 minutes\" \/>\n<script type=\"application\/ld+json\" class=\"yoast-schema-graph\">{\"@context\":\"https:\/\/schema.org\",\"@graph\":[{\"@type\":\"Article\",\"@id\":\"https:\/\/vieassociative.be\/actualites\/le-borussia-dortmund-en-ebullition-apres-une-troisieme-defaite-consecutive-francfort-gagne-2-0-sans-marmoush\/#article\",\"isPartOf\":{\"@id\":\"https:\/\/vieassociative.be\/actualites\/le-borussia-dortmund-en-ebullition-apres-une-troisieme-defaite-consecutive-francfort-gagne-2-0-sans-marmoush\/\"},\"author\":{\"name\":\"Julien\",\"@id\":\"https:\/\/vieassociative.be\/actualites\/#\/schema\/person\/b87ac4f82f9d4e7b7cec7395b679edc4\"},\"headline\":\"Le Borussia Dortmund en \u00e9bullition apr\u00e8s une troisi\u00e8me d\u00e9faite cons\u00e9cutive \u2013 Francfort gagne 2-0 sans Marmoush\",\"datePublished\":\"2025-01-18T02:35:30+00:00\",\"dateModified\":\"2025-01-18T02:35:30+00:00\",\"mainEntityOfPage\":{\"@id\":\"https:\/\/vieassociative.be\/actualites\/le-borussia-dortmund-en-ebullition-apres-une-troisieme-defaite-consecutive-francfort-gagne-2-0-sans-marmoush\/\"},\"wordCount\":881,\"publisher\":{\"@id\":\"https:\/\/vieassociative.be\/actualites\/#organization\"},\"image\":{\"@id\":\"https:\/\/vieassociative.be\/actualites\/le-borussia-dortmund-en-ebullition-apres-une-troisieme-defaite-consecutive-francfort-gagne-2-0-sans-marmoush\/#primaryimage\"},\"thumbnailUrl\":\"https:\/\/vieassociative.be\/actualites\/wp-content\/uploads\/2025\/01\/1737167730_Le-Borussia-Dortmund-en-ebullition-apres-une-troisieme-defaite-consecutive.jpg\",\"keywords\":[\"Apr\u00e8s\",\"Borussia\",\"cons\u00e9cutive\",\"D\u00e9faite\",\"Dortmund\",\"\u00e9bullition\",\"Francfort\",\"gagn\u00e9\",\"Marmoush\",\"sans\",\"troisi\u00e8me\",\"une\"],\"articleSection\":[\"Belgique\"],\"inLanguage\":\"fr-BE\"},{\"@type\":\"WebPage\",\"@id\":\"https:\/\/vieassociative.be\/actualites\/le-borussia-dortmund-en-ebullition-apres-une-troisieme-defaite-consecutive-francfort-gagne-2-0-sans-marmoush\/\",\"url\":\"https:\/\/vieassociative.be\/actualites\/le-borussia-dortmund-en-ebullition-apres-une-troisieme-defaite-consecutive-francfort-gagne-2-0-sans-marmoush\/\",\"name\":\"Le Borussia Dortmund en \u00e9bullition apr\u00e8s une troisi\u00e8me d\u00e9faite cons\u00e9cutive \u2013 Francfort gagne 2-0 sans Marmoush | Vie Associative\",\"isPartOf\":{\"@id\":\"https:\/\/vieassociative.be\/actualites\/#website\"},\"primaryImageOfPage\":{\"@id\":\"https:\/\/vieassociative.be\/actualites\/le-borussia-dortmund-en-ebullition-apres-une-troisieme-defaite-consecutive-francfort-gagne-2-0-sans-marmoush\/#primaryimage\"},\"image\":{\"@id\":\"https:\/\/vieassociative.be\/actualites\/le-borussia-dortmund-en-ebullition-apres-une-troisieme-defaite-consecutive-francfort-gagne-2-0-sans-marmoush\/#primaryimage\"},\"thumbnailUrl\":\"https:\/\/vieassociative.be\/actualites\/wp-content\/uploads\/2025\/01\/1737167730_Le-Borussia-Dortmund-en-ebullition-apres-une-troisieme-defaite-consecutive.jpg\",\"datePublished\":\"2025-01-18T02:35:30+00:00\",\"dateModified\":\"2025-01-18T02:35:30+00:00\",\"breadcrumb\":{\"@id\":\"https:\/\/vieassociative.be\/actualites\/le-borussia-dortmund-en-ebullition-apres-une-troisieme-defaite-consecutive-francfort-gagne-2-0-sans-marmoush\/#breadcrumb\"},\"inLanguage\":\"fr-BE\",\"potentialAction\":[{\"@type\":\"ReadAction\",\"target\":[\"https:\/\/vieassociative.be\/actualites\/le-borussia-dortmund-en-ebullition-apres-une-troisieme-defaite-consecutive-francfort-gagne-2-0-sans-marmoush\/\"]}]},{\"@type\":\"ImageObject\",\"inLanguage\":\"fr-BE\",\"@id\":\"https:\/\/vieassociative.be\/actualites\/le-borussia-dortmund-en-ebullition-apres-une-troisieme-defaite-consecutive-francfort-gagne-2-0-sans-marmoush\/#primaryimage\",\"url\":\"https:\/\/vieassociative.be\/actualites\/wp-content\/uploads\/2025\/01\/1737167730_Le-Borussia-Dortmund-en-ebullition-apres-une-troisieme-defaite-consecutive.jpg\",\"contentUrl\":\"https:\/\/vieassociative.be\/actualites\/wp-content\/uploads\/2025\/01\/1737167730_Le-Borussia-Dortmund-en-ebullition-apres-une-troisieme-defaite-consecutive.jpg\",\"width\":1200,\"height\":800,\"caption\":\"Le Borussia Dortmund en \u00e9bullition apr\u00e8s une troisi\u00e8me d\u00e9faite cons\u00e9cutive \u2013 Francfort gagne 2-0 sans Marmoush\"},{\"@type\":\"BreadcrumbList\",\"@id\":\"https:\/\/vieassociative.be\/actualites\/le-borussia-dortmund-en-ebullition-apres-une-troisieme-defaite-consecutive-francfort-gagne-2-0-sans-marmoush\/#breadcrumb\",\"itemListElement\":[{\"@type\":\"ListItem\",\"position\":1,\"name\":\"Accueil\",\"item\":\"https:\/\/vieassociative.be\/actualites\/\"},{\"@type\":\"ListItem\",\"position\":2,\"name\":\"Le Borussia Dortmund en \u00e9bullition apr\u00e8s une troisi\u00e8me d\u00e9faite cons\u00e9cutive \u2013 Francfort gagne 2-0 sans Marmoush\"}]},{\"@type\":\"WebSite\",\"@id\":\"https:\/\/vieassociative.be\/actualites\/#website\",\"url\":\"https:\/\/vieassociative.be\/actualites\/\",\"name\":\"Vie Associative\",\"description\":\"\",\"publisher\":{\"@id\":\"https:\/\/vieassociative.be\/actualites\/#organization\"},\"potentialAction\":[{\"@type\":\"SearchAction\",\"target\":{\"@type\":\"EntryPoint\",\"urlTemplate\":\"https:\/\/vieassociative.be\/actualites\/?s={search_term_string}\"},\"query-input\":{\"@type\":\"PropertyValueSpecification\",\"valueRequired\":true,\"valueName\":\"search_term_string\"}}],\"inLanguage\":\"fr-BE\"},{\"@type\":\"Organization\",\"@id\":\"https:\/\/vieassociative.be\/actualites\/#organization\",\"name\":\"Vie Associative\",\"url\":\"https:\/\/vieassociative.be\/actualites\/\",\"logo\":{\"@type\":\"ImageObject\",\"inLanguage\":\"fr-BE\",\"@id\":\"https:\/\/vieassociative.be\/actualites\/#\/schema\/logo\/image\/\",\"url\":\"https:\/\/vieassociative.be\/actualites\/wp-content\/uploads\/2024\/09\/cropped-vieassociative_favicon.ico.png\",\"contentUrl\":\"https:\/\/vieassociative.be\/actualites\/wp-content\/uploads\/2024\/09\/cropped-vieassociative_favicon.ico.png\",\"width\":512,\"height\":512,\"caption\":\"Vie Associative\"},\"image\":{\"@id\":\"https:\/\/vieassociative.be\/actualites\/#\/schema\/logo\/image\/\"}},{\"@type\":\"Person\",\"@id\":\"https:\/\/vieassociative.be\/actualites\/#\/schema\/person\/b87ac4f82f9d4e7b7cec7395b679edc4\",\"name\":\"Julien\",\"image\":{\"@type\":\"ImageObject\",\"inLanguage\":\"fr-BE\",\"@id\":\"https:\/\/vieassociative.be\/actualites\/#\/schema\/person\/image\/\",\"url\":\"https:\/\/vieassociative.be\/actualites\/wp-content\/uploads\/2024\/09\/vie-associative-1-150x150.jpg\",\"contentUrl\":\"https:\/\/vieassociative.be\/actualites\/wp-content\/uploads\/2024\/09\/vie-associative-1-150x150.jpg\",\"caption\":\"Julien\"},\"description\":\"Je suis Julien, r\u00e9dacteur pour Vie Associative. Passionn\u00e9 par le monde associatif depuis plus de 10 ans, j'ai \u00e0 c\u0153ur de partager des histoires inspirantes et de mettre en lumi\u00e8re les initiatives locales. Mon objectif est de sensibiliser et d'encourager l'engagement communautaire \u00e0 travers mes articles.\",\"sameAs\":[\"https:\/\/vieassociative.be\/\"]}]}<\/script>\n<!-- \/ Yoast SEO plugin. -->","yoast_head_json":{"title":"Le Borussia Dortmund en \u00e9bullition apr\u00e8s une troisi\u00e8me d\u00e9faite cons\u00e9cutive \u2013 Francfort gagne 2-0 sans Marmoush | Vie Associative","robots":{"index":"index","follow":"follow","max-snippet":"max-snippet:-1","max-image-preview":"max-image-preview:large","max-video-preview":"max-video-preview:-1"},"canonical":"https:\/\/vieassociative.be\/actualites\/le-borussia-dortmund-en-ebullition-apres-une-troisieme-defaite-consecutive-francfort-gagne-2-0-sans-marmoush\/","og_locale":"fr_FR","og_type":"article","og_title":"Le Borussia Dortmund en \u00e9bullition apr\u00e8s une troisi\u00e8me d\u00e9faite cons\u00e9cutive \u2013 Francfort gagne 2-0 sans Marmoush | Vie Associative","og_description":"Trois matches, z\u00e9ro point : le Borussia Dortmund et Nuri Sahin subissent une \u00e9norme pression apr\u00e8s un d\u00e9but d&rsquo;ann\u00e9e rat\u00e9. L&rsquo;Eintracht peut \u00e9galement briller sans","og_url":"https:\/\/vieassociative.be\/actualites\/le-borussia-dortmund-en-ebullition-apres-une-troisieme-defaite-consecutive-francfort-gagne-2-0-sans-marmoush\/","og_site_name":"Vie Associative","article_published_time":"2025-01-18T02:35:30+00:00","og_image":[{"width":279,"height":92,"url":"https:\/\/vieassociative.be\/actualites\/wp-content\/uploads\/2024\/09\/header_backgroundk-01-e1726694325946.png","type":"image\/png"}],"author":"Julien","twitter_card":"summary_large_image","twitter_misc":{"\u00c9crit par":"Julien","Dur\u00e9e de lecture est.":"4 minutes"},"schema":{"@context":"https:\/\/schema.org","@graph":[{"@type":"Article","@id":"https:\/\/vieassociative.be\/actualites\/le-borussia-dortmund-en-ebullition-apres-une-troisieme-defaite-consecutive-francfort-gagne-2-0-sans-marmoush\/#article","isPartOf":{"@id":"https:\/\/vieassociative.be\/actualites\/le-borussia-dortmund-en-ebullition-apres-une-troisieme-defaite-consecutive-francfort-gagne-2-0-sans-marmoush\/"},"author":{"name":"Julien","@id":"https:\/\/vieassociative.be\/actualites\/#\/schema\/person\/b87ac4f82f9d4e7b7cec7395b679edc4"},"headline":"Le Borussia Dortmund en \u00e9bullition apr\u00e8s une troisi\u00e8me d\u00e9faite cons\u00e9cutive \u2013 Francfort gagne 2-0 sans Marmoush","datePublished":"2025-01-18T02:35:30+00:00","dateModified":"2025-01-18T02:35:30+00:00","mainEntityOfPage":{"@id":"https:\/\/vieassociative.be\/actualites\/le-borussia-dortmund-en-ebullition-apres-une-troisieme-defaite-consecutive-francfort-gagne-2-0-sans-marmoush\/"},"wordCount":881,"publisher":{"@id":"https:\/\/vieassociative.be\/actualites\/#organization"},"image":{"@id":"https:\/\/vieassociative.be\/actualites\/le-borussia-dortmund-en-ebullition-apres-une-troisieme-defaite-consecutive-francfort-gagne-2-0-sans-marmoush\/#primaryimage"},"thumbnailUrl":"https:\/\/vieassociative.be\/actualites\/wp-content\/uploads\/2025\/01\/1737167730_Le-Borussia-Dortmund-en-ebullition-apres-une-troisieme-defaite-consecutive.jpg","keywords":["Apr\u00e8s","Borussia","cons\u00e9cutive","D\u00e9faite","Dortmund","\u00e9bullition","Francfort","gagn\u00e9","Marmoush","sans","troisi\u00e8me","une"],"articleSection":["Belgique"],"inLanguage":"fr-BE"},{"@type":"WebPage","@id":"https:\/\/vieassociative.be\/actualites\/le-borussia-dortmund-en-ebullition-apres-une-troisieme-defaite-consecutive-francfort-gagne-2-0-sans-marmoush\/","url":"https:\/\/vieassociative.be\/actualites\/le-borussia-dortmund-en-ebullition-apres-une-troisieme-defaite-consecutive-francfort-gagne-2-0-sans-marmoush\/","name":"Le Borussia Dortmund en \u00e9bullition apr\u00e8s une troisi\u00e8me d\u00e9faite cons\u00e9cutive \u2013 Francfort gagne 2-0 sans Marmoush | Vie Associative","isPartOf":{"@id":"https:\/\/vieassociative.be\/actualites\/#website"},"primaryImageOfPage":{"@id":"https:\/\/vieassociative.be\/actualites\/le-borussia-dortmund-en-ebullition-apres-une-troisieme-defaite-consecutive-francfort-gagne-2-0-sans-marmoush\/#primaryimage"},"image":{"@id":"https:\/\/vieassociative.be\/actualites\/le-borussia-dortmund-en-ebullition-apres-une-troisieme-defaite-consecutive-francfort-gagne-2-0-sans-marmoush\/#primaryimage"},"thumbnailUrl":"https:\/\/vieassociative.be\/actualites\/wp-content\/uploads\/2025\/01\/1737167730_Le-Borussia-Dortmund-en-ebullition-apres-une-troisieme-defaite-consecutive.jpg","datePublished":"2025-01-18T02:35:30+00:00","dateModified":"2025-01-18T02:35:30+00:00","breadcrumb":{"@id":"https:\/\/vieassociative.be\/actualites\/le-borussia-dortmund-en-ebullition-apres-une-troisieme-defaite-consecutive-francfort-gagne-2-0-sans-marmoush\/#breadcrumb"},"inLanguage":"fr-BE","potentialAction":[{"@type":"ReadAction","target":["https:\/\/vieassociative.be\/actualites\/le-borussia-dortmund-en-ebullition-apres-une-troisieme-defaite-consecutive-francfort-gagne-2-0-sans-marmoush\/"]}]},{"@type":"ImageObject","inLanguage":"fr-BE","@id":"https:\/\/vieassociative.be\/actualites\/le-borussia-dortmund-en-ebullition-apres-une-troisieme-defaite-consecutive-francfort-gagne-2-0-sans-marmoush\/#primaryimage","url":"https:\/\/vieassociative.be\/actualites\/wp-content\/uploads\/2025\/01\/1737167730_Le-Borussia-Dortmund-en-ebullition-apres-une-troisieme-defaite-consecutive.jpg","contentUrl":"https:\/\/vieassociative.be\/actualites\/wp-content\/uploads\/2025\/01\/1737167730_Le-Borussia-Dortmund-en-ebullition-apres-une-troisieme-defaite-consecutive.jpg","width":1200,"height":800,"caption":"Le Borussia Dortmund en \u00e9bullition apr\u00e8s une troisi\u00e8me d\u00e9faite cons\u00e9cutive \u2013 Francfort gagne 2-0 sans Marmoush"},{"@type":"BreadcrumbList","@id":"https:\/\/vieassociative.be\/actualites\/le-borussia-dortmund-en-ebullition-apres-une-troisieme-defaite-consecutive-francfort-gagne-2-0-sans-marmoush\/#breadcrumb","itemListElement":[{"@type":"ListItem","position":1,"name":"Accueil","item":"https:\/\/vieassociative.be\/actualites\/"},{"@type":"ListItem","position":2,"name":"Le Borussia Dortmund en \u00e9bullition apr\u00e8s une troisi\u00e8me d\u00e9faite cons\u00e9cutive \u2013 Francfort gagne 2-0 sans Marmoush"}]},{"@type":"WebSite","@id":"https:\/\/vieassociative.be\/actualites\/#website","url":"https:\/\/vieassociative.be\/actualites\/","name":"Vie Associative","description":"","publisher":{"@id":"https:\/\/vieassociative.be\/actualites\/#organization"},"potentialAction":[{"@type":"SearchAction","target":{"@type":"EntryPoint","urlTemplate":"https:\/\/vieassociative.be\/actualites\/?s={search_term_string}"},"query-input":{"@type":"PropertyValueSpecification","valueRequired":true,"valueName":"search_term_string"}}],"inLanguage":"fr-BE"},{"@type":"Organization","@id":"https:\/\/vieassociative.be\/actualites\/#organization","name":"Vie Associative","url":"https:\/\/vieassociative.be\/actualites\/","logo":{"@type":"ImageObject","inLanguage":"fr-BE","@id":"https:\/\/vieassociative.be\/actualites\/#\/schema\/logo\/image\/","url":"https:\/\/vieassociative.be\/actualites\/wp-content\/uploads\/2024\/09\/cropped-vieassociative_favicon.ico.png","contentUrl":"https:\/\/vieassociative.be\/actualites\/wp-content\/uploads\/2024\/09\/cropped-vieassociative_favicon.ico.png","width":512,"height":512,"caption":"Vie Associative"},"image":{"@id":"https:\/\/vieassociative.be\/actualites\/#\/schema\/logo\/image\/"}},{"@type":"Person","@id":"https:\/\/vieassociative.be\/actualites\/#\/schema\/person\/b87ac4f82f9d4e7b7cec7395b679edc4","name":"Julien","image":{"@type":"ImageObject","inLanguage":"fr-BE","@id":"https:\/\/vieassociative.be\/actualites\/#\/schema\/person\/image\/","url":"https:\/\/vieassociative.be\/actualites\/wp-content\/uploads\/2024\/09\/vie-associative-1-150x150.jpg","contentUrl":"https:\/\/vieassociative.be\/actualites\/wp-content\/uploads\/2024\/09\/vie-associative-1-150x150.jpg","caption":"Julien"},"description":"Je suis Julien, r\u00e9dacteur pour Vie Associative. Passionn\u00e9 par le monde associatif depuis plus de 10 ans, j'ai \u00e0 c\u0153ur de partager des histoires inspirantes et de mettre en lumi\u00e8re les initiatives locales. Mon objectif est de sensibiliser et d'encourager l'engagement communautaire \u00e0 travers mes articles.","sameAs":["https:\/\/vieassociative.be\/"]}]}},"_links":{"self":[{"href":"https:\/\/vieassociative.be\/actualites\/wp-json\/wp\/v2\/posts\/4407"}],"collection":[{"href":"https:\/\/vieassociative.be\/actualites\/wp-json\/wp\/v2\/posts"}],"about":[{"href":"https:\/\/vieassociative.be\/actualites\/wp-json\/wp\/v2\/types\/post"}],"author":[{"embeddable":true,"href":"https:\/\/vieassociative.be\/actualites\/wp-json\/wp\/v2\/users\/1"}],"replies":[{"embeddable":true,"href":"https:\/\/vieassociative.be\/actualites\/wp-json\/wp\/v2\/comments?post=4407"}],"version-history":[{"count":0,"href":"https:\/\/vieassociative.be\/actualites\/wp-json\/wp\/v2\/posts\/4407\/revisions"}],"wp:featuredmedia":[{"embeddable":true,"href":"https:\/\/vieassociative.be\/actualites\/wp-json\/wp\/v2\/media\/4408"}],"wp:attachment":[{"href":"https:\/\/vieassociative.be\/actualites\/wp-json\/wp\/v2\/media?parent=4407"}],"wp:term":[{"taxonomy":"category","embeddable":true,"href":"https:\/\/vieassociative.be\/actualites\/wp-json\/wp\/v2\/categories?post=4407"},{"taxonomy":"post_tag","embeddable":true,"href":"https:\/\/vieassociative.be\/actualites\/wp-json\/wp\/v2\/tags?post=4407"}],"curies":[{"name":"wp","href":"https:\/\/api.w.org\/{rel}","templated":true}]}}